{"id":318270,"date":"2026-03-06T15:34:45","date_gmt":"2026-03-06T13:34:45","guid":{"rendered":""},"modified":"2026-03-06T17:25:54","modified_gmt":"2026-03-06T15:25:54","slug":"v2c-integruje-mo-nost-tempo-od-edf","status":"publish","type":"post","link":"https:\/\/v2charge.com\/cs\/v2c-integruje-mo-nost-tempo-od-edf\/","title":{"rendered":"V2C integruje mo\u017enost Tempo od EDF"},"content":{"rendered":"<p><span style=\"font-weight: 400;\">V2C pokra\u010duje v obohacov\u00e1n\u00ed sv\u00e9ho ekosyst\u00e9mu inteligentn\u00edho nab\u00edjen\u00ed o novou funkci, kterou o\u010dek\u00e1v\u00e1 mnoho u\u017eivatel\u016f: <\/span><b>integraci tarifu Tempo od EDF do V2C Cloud<\/b><span style=\"font-weight: 400;\">.<\/span><\/p>\n<p><span style=\"font-weight: 400;\">D\u00edky t\u00e9to evoluci mohou u\u017eivatel\u00e9 vybaven\u00ed nab\u00edjec\u00ed stanic\u00ed V2C nyn\u00ed p\u0159\u00edmo integrovat tento dynamick\u00fd tarif do spr\u00e1vy nab\u00edjen\u00ed sv\u00e9ho elektrick\u00e9ho vozidla a snadn\u011bji optimalizovat svou spot\u0159ebu elekt\u0159iny doma.<\/span><\/p>\n<h1>Pochopen\u00ed tarifu Tempo od EDF<\/h1>\n<p><span style=\"font-weight: 400;\">Mo\u017enost Tempo je cenov\u00e1 nab\u00eddka, kterou nab\u00edz\u00ed EDF a kter\u00e1 vych\u00e1z\u00ed z jednoduch\u00e9ho principu: cena elekt\u0159iny se m\u011bn\u00ed podle barvy dne.<\/span><\/p>\n<p><span style=\"font-weight: 400;\">Tato tarifn\u00ed struktura se skl\u00e1d\u00e1 ze t\u0159\u00ed typ\u016f dn\u016f:<\/span><\/p>\n<ul>\n<li style=\"font-weight: 400;\" aria-level=\"1\"><b>Modr\u00fd den<\/b><span style=\"font-weight: 400;\"> : velmi v\u00fdhodn\u00fd tarif, p\u0159ibli\u017en\u011b 300 dn\u00ed v roce<\/span><span style=\"font-weight: 400;\">\n<p><\/span><\/li>\n<li style=\"font-weight: 400;\" aria-level=\"1\"><b>B\u00edl\u00fd den<\/b><span style=\"font-weight: 400;\"> : st\u0159edn\u00ed tarif, p\u0159ibli\u017en\u011b 43 dn\u00ed v roce<\/span><span style=\"font-weight: 400;\">\n<p><\/span><\/li>\n<li style=\"font-weight: 400;\" aria-level=\"1\"><b>\u010cerven\u00fd den<\/b><span style=\"font-weight: 400;\"> : vy\u0161\u0161\u00ed tarif, p\u0159ibli\u017en\u011b 22 dn\u00ed v roce<\/span><span style=\"font-weight: 400;\">\n<p><\/span><\/li>\n<\/ul>\n<p><span style=\"font-weight: 400;\">C\u00edlem tohoto syst\u00e9mu je podpo\u0159it spot\u0159ebu elekt\u0159iny, kdy\u017e je s\u00ed\u0165 m\u00e9n\u011b zat\u00ed\u017eena, a omezit ji b\u011bhem obdob\u00ed vysok\u00e9 popt\u00e1vky.<\/span><\/p>\n<p><span style=\"font-weight: 400;\">Pro majitele elektrick\u00fdch vozidel m\u016f\u017ee tato nab\u00eddka p\u0159edstavovat skute\u010dnou p\u0159\u00edle\u017eitost k optimalizaci n\u00e1klad\u016f, pokud p\u0159izp\u016fsob\u00ed \u010dasy nab\u00edjen\u00ed.<\/span><\/p>\n<h1>P\u0159\u00edm\u00e1 integrace do V2C Cloud<\/h1>\n<p><span style=\"font-weight: 400;\">S touto novou funkc\u00ed, <\/span><b>je tarif Tempo nyn\u00ed p\u0159\u00edmo integrov\u00e1n do platformy V2C Cloud<\/b><span style=\"font-weight: 400;\">.<\/span><\/p>\n<p><span style=\"font-weight: 400;\">U\u017eivatel\u00e9 tak mohou z\u00edskat informace o barv\u011b dne a integrovat tyto \u00fadaje do spr\u00e1vy nab\u00edjen\u00ed sv\u00e9ho vozidla.<\/span><\/p>\n<p><span style=\"font-weight: 400;\">Tato integrace zjednodu\u0161uje pou\u017e\u00edv\u00e1n\u00ed nab\u00eddky Tempo t\u00edm, \u017ee eliminuje pot\u0159ebu manu\u00e1ln\u011b konzultovat tarifn\u00ed kalend\u00e1\u0159. V\u0161echny informace jsou centralizov\u00e1ny v ekosyst\u00e9mu V2C.<\/span><\/p>\n<h1>Mo\u017enost optimalizace d\u00edky Eco-Charging<\/h1>\n<p><span style=\"font-weight: 400;\">Integrace tarifu Tempo d\u00e1v\u00e1 smysl, kdy\u017e je pou\u017e\u00edv\u00e1na s <\/span><b>Eco-Charging<\/b><span style=\"font-weight: 400;\">, funkc\u00ed inteligentn\u00edho nab\u00edjen\u00ed dostupnou ve V2C Cloud.<\/span><\/p>\n<p><span style=\"font-weight: 400;\">Eco-Charging analyzuje ceny elekt\u0159iny po hodin\u00e1ch, aby identifikovala nejv\u00fdhodn\u011bj\u0161\u00ed obdob\u00ed pro nab\u00edjen\u00ed vozidla.<\/span><\/p>\n<p><span style=\"font-weight: 400;\">Kombinov\u00e1n\u00edm t\u00e9to anal\u00fdzy s informacemi o tarifu Tempo mohou u\u017eivatel\u00e9 organizovat nab\u00edjen\u00ed sv\u00e9ho vozidla strategi\u010dt\u011bji, s d\u016frazem na obdob\u00ed, kdy je elekt\u0159ina nejlevn\u011bj\u0161\u00ed.<\/span><\/p>\n<h1>Inteligentn\u011bj\u0161\u00ed spr\u00e1va nab\u00edjen\u00ed doma<\/h1>\n<p><span style=\"font-weight: 400;\">S rozvojem elektrick\u00e9 mobility a vznikem st\u00e1le dynami\u010dt\u011bj\u0161\u00edch tarif\u016f elekt\u0159iny se spr\u00e1va nab\u00edjen\u00ed st\u00e1v\u00e1 d\u016fle\u017eit\u00fdm t\u00e9matem pro jednotlivce.<\/span><\/p>\n<p><span style=\"font-weight: 400;\">Integrac\u00ed tarifu Tempo od EDF do sv\u00e9ho \u0159e\u0161en\u00ed V2C pokra\u010duje ve v\u00fdvoji n\u00e1stroj\u016f, kter\u00e9 u\u017eivatel\u016fm umo\u017e\u0148uj\u00ed <\/span><b>l\u00e9pe porozum\u011bt a \u0159\u00eddit svou energetickou spot\u0159ebu<\/b><span style=\"font-weight: 400;\">, zat\u00edmco optimalizuj\u00ed n\u00e1klady spojen\u00e9 s nab\u00edjen\u00edm sv\u00e9ho vozidla.<\/span><\/p>\n<h1>Nov\u00fd krok v energetick\u00e9m ekosyst\u00e9mu V2C<\/h1>\n<p><span style=\"font-weight: 400;\">Tato integrace zapad\u00e1 do z\u00e1m\u011bru V2C nab\u00edzet st\u00e1le inteligentn\u011bj\u0161\u00ed, propojen\u00e9 a p\u0159izp\u016fsoben\u00e9 nab\u00edjen\u00ed podle v\u00fdvoje trhu s energi\u00ed.<\/span><\/p>\n<p><span style=\"font-weight: 400;\">S V2C Cloud a pokro\u010dil\u00fdmi funkcemi jako Eco-Charging maj\u00ed u\u017eivatel\u00e9 nyn\u00ed k dispozici n\u00e1stroje, kter\u00e9 jim umo\u017e\u0148uj\u00ed pln\u011b vyu\u017e\u00edvat dynamick\u00e9 tarifn\u00ed nab\u00eddky a optimalizovat sv\u00e9 nab\u00edjen\u00ed ka\u017ed\u00fd den.<\/span><\/p>\n","protected":false},"excerpt":{"rendered":"<p>V2C pokra\u010duje v obohacov\u00e1n\u00ed sv\u00e9ho ekosyst\u00e9mu inteligentn\u00edho nab\u00edjen\u00ed o novou funkci, kterou o\u010dek\u00e1v\u00e1 mnoho u\u017eivatel\u016f: integraci tarifu Tempo od EDF do V2C Cloud. D\u00edky t\u00e9to evoluci mohou u\u017eivatel\u00e9 vybaven\u00ed nab\u00edjec\u00ed stanic\u00ed V2C nyn\u00ed p\u0159\u00edmo integrovat tento dynamick\u00fd tarif do spr\u00e1vy nab\u00edjen\u00ed sv\u00e9ho elektrick\u00e9ho vozidla a snadn\u011bji optimalizovat svou spot\u0159ebu elekt\u0159iny doma. Pochopen\u00ed tarifu Tempo od &#8230; <a title=\"V2C integruje mo\u017enost Tempo od EDF\" class=\"read-more\" href=\"https:\/\/v2charge.com\/cs\/v2c-integruje-mo-nost-tempo-od-edf\/\" aria-label=\"Read more about V2C integruje mo\u017enost Tempo od EDF\">\u010c\u00edst d\u00e1l<\/a><\/p>\n","protected":false},"author":400,"featured_media":305116,"comment_status":"closed","ping_status":"closed","sticky":false,"template":"","format":"standard","meta":{"_eb_attr":"","content-type":"","_uag_custom_page_level_css":"","footnotes":""},"categories":[],"tags":[],"class_list":["post-318270","post","type-post","status-publish","format-standard","has-post-thumbnail","hentry"],"yoast_head":"<!-- This site is optimized with the Yoast SEO plugin v25.3.1 - https:\/\/yoast.com\/wordpress\/plugins\/seo\/ -->\n<title>V2C integruje mo\u017enost Tempo od EDF - V2C<\/title>\n<meta name=\"robots\" content=\"index, follow, max-snippet:-1, max-image-preview:large, max-video-preview:-1\" \/>\n<link rel=\"canonical\" href=\"https:\/\/v2charge.com\/cs\/v2c-integruje-mo-nost-tempo-od-edf\/\" \/>\n<meta property=\"og:locale\" content=\"cs_CZ\" \/>\n<meta property=\"og:type\" content=\"article\" \/>\n<meta property=\"og:title\" content=\"V2C integruje mo\u017enost Tempo od EDF - V2C\" \/>\n<meta property=\"og:description\" content=\"V2C pokra\u010duje v obohacov\u00e1n\u00ed sv\u00e9ho ekosyst\u00e9mu inteligentn\u00edho nab\u00edjen\u00ed o novou funkci, kterou o\u010dek\u00e1v\u00e1 mnoho u\u017eivatel\u016f: integraci tarifu Tempo od EDF do V2C Cloud. D\u00edky t\u00e9to evoluci mohou u\u017eivatel\u00e9 vybaven\u00ed nab\u00edjec\u00ed stanic\u00ed V2C nyn\u00ed p\u0159\u00edmo integrovat tento dynamick\u00fd tarif do spr\u00e1vy nab\u00edjen\u00ed sv\u00e9ho elektrick\u00e9ho vozidla a snadn\u011bji optimalizovat svou spot\u0159ebu elekt\u0159iny doma. Pochopen\u00ed tarifu Tempo od ... \u010c\u00edst d\u00e1l\" \/>\n<meta property=\"og:url\" content=\"https:\/\/v2charge.com\/cs\/v2c-integruje-mo-nost-tempo-od-edf\/\" \/>\n<meta property=\"og:site_name\" content=\"V2C\" \/>\n<meta property=\"article:publisher\" content=\"https:\/\/www.facebook.com\/V2C.Charge\" \/>\n<meta property=\"article:published_time\" content=\"2026-03-06T13:34:45+00:00\" \/>\n<meta property=\"article:modified_time\" content=\"2026-03-06T15:25:54+00:00\" \/>\n<meta property=\"og:image\" content=\"https:\/\/v2charge.com\/wp-content\/uploads\/2026\/03\/articulo_edf.jpg\" \/>\n\t<meta property=\"og:image:width\" content=\"960\" \/>\n\t<meta property=\"og:image:height\" content=\"560\" \/>\n\t<meta property=\"og:image:type\" content=\"image\/jpeg\" \/>\n<meta name=\"author\" content=\"V2C\" \/>\n<meta name=\"twitter:card\" content=\"summary_large_image\" \/>\n<meta name=\"twitter:creator\" content=\"@V2C_Charge\" \/>\n<meta name=\"twitter:site\" content=\"@V2C_Charge\" \/>\n<meta name=\"twitter:label1\" content=\"Napsal(a)\" \/>\n\t<meta name=\"twitter:data1\" content=\"V2C\" \/>\n\t<meta name=\"twitter:label2\" content=\"Odhadovan\u00e1 doba \u010dten\u00ed\" \/>\n\t<meta name=\"twitter:data2\" content=\"3 minuty\" \/>\n<script type=\"application\/ld+json\" class=\"yoast-schema-graph\">{\"@context\":\"https:\/\/schema.org\",\"@graph\":[{\"@type\":\"Article\",\"@id\":\"https:\/\/v2charge.com\/cs\/v2c-integruje-mo-nost-tempo-od-edf\/#article\",\"isPartOf\":{\"@id\":\"https:\/\/v2charge.com\/cs\/v2c-integruje-mo-nost-tempo-od-edf\/\"},\"author\":{\"name\":\"V2C\",\"@id\":\"https:\/\/v2charge.com\/cs\/#\/schema\/person\/d6f210a94a856acdddec347b2127fd0f\"},\"headline\":\"V2C integruje mo\u017enost Tempo od EDF\",\"datePublished\":\"2026-03-06T13:34:45+00:00\",\"dateModified\":\"2026-03-06T15:25:54+00:00\",\"mainEntityOfPage\":{\"@id\":\"https:\/\/v2charge.com\/cs\/v2c-integruje-mo-nost-tempo-od-edf\/\"},\"wordCount\":536,\"publisher\":{\"@id\":\"https:\/\/v2charge.com\/cs\/#organization\"},\"image\":{\"@id\":\"https:\/\/v2charge.com\/cs\/v2c-integruje-mo-nost-tempo-od-edf\/#primaryimage\"},\"thumbnailUrl\":\"https:\/\/v2charge.com\/wp-content\/uploads\/2026\/03\/articulo_edf.jpg\",\"inLanguage\":\"cs\"},{\"@type\":\"WebPage\",\"@id\":\"https:\/\/v2charge.com\/cs\/v2c-integruje-mo-nost-tempo-od-edf\/\",\"url\":\"https:\/\/v2charge.com\/cs\/v2c-integruje-mo-nost-tempo-od-edf\/\",\"name\":\"V2C integruje mo\u017enost Tempo od EDF - V2C\",\"isPartOf\":{\"@id\":\"https:\/\/v2charge.com\/cs\/#website\"},\"primaryImageOfPage\":{\"@id\":\"https:\/\/v2charge.com\/cs\/v2c-integruje-mo-nost-tempo-od-edf\/#primaryimage\"},\"image\":{\"@id\":\"https:\/\/v2charge.com\/cs\/v2c-integruje-mo-nost-tempo-od-edf\/#primaryimage\"},\"thumbnailUrl\":\"https:\/\/v2charge.com\/wp-content\/uploads\/2026\/03\/articulo_edf.jpg\",\"datePublished\":\"2026-03-06T13:34:45+00:00\",\"dateModified\":\"2026-03-06T15:25:54+00:00\",\"breadcrumb\":{\"@id\":\"https:\/\/v2charge.com\/cs\/v2c-integruje-mo-nost-tempo-od-edf\/#breadcrumb\"},\"inLanguage\":\"cs\",\"potentialAction\":[{\"@type\":\"ReadAction\",\"target\":[\"https:\/\/v2charge.com\/cs\/v2c-integruje-mo-nost-tempo-od-edf\/\"]}]},{\"@type\":\"ImageObject\",\"inLanguage\":\"cs\",\"@id\":\"https:\/\/v2charge.com\/cs\/v2c-integruje-mo-nost-tempo-od-edf\/#primaryimage\",\"url\":\"https:\/\/v2charge.com\/wp-content\/uploads\/2026\/03\/articulo_edf.jpg\",\"contentUrl\":\"https:\/\/v2charge.com\/wp-content\/uploads\/2026\/03\/articulo_edf.jpg\",\"width\":960,\"height\":560},{\"@type\":\"BreadcrumbList\",\"@id\":\"https:\/\/v2charge.com\/cs\/v2c-integruje-mo-nost-tempo-od-edf\/#breadcrumb\",\"itemListElement\":[{\"@type\":\"ListItem\",\"position\":1,\"name\":\"V2C\",\"item\":\"https:\/\/v2charge.com\/cs\/\"},{\"@type\":\"ListItem\",\"position\":2,\"name\":\"Actualit\u00e9s V2C\",\"item\":\"https:\/\/v2charge.com\/fr\/nouvelles-v2c\/\"},{\"@type\":\"ListItem\",\"position\":3,\"name\":\"V2C integruje mo\u017enost Tempo od EDF\"}]},{\"@type\":\"WebSite\",\"@id\":\"https:\/\/v2charge.com\/cs\/#website\",\"url\":\"https:\/\/v2charge.com\/cs\/\",\"name\":\"V2C\",\"description\":\"#CargandoElMa\u00f1ana\",\"publisher\":{\"@id\":\"https:\/\/v2charge.com\/cs\/#organization\"},\"potentialAction\":[{\"@type\":\"SearchAction\",\"target\":{\"@type\":\"EntryPoint\",\"urlTemplate\":\"https:\/\/v2charge.com\/cs\/?s={search_term_string}\"},\"query-input\":{\"@type\":\"PropertyValueSpecification\",\"valueRequired\":true,\"valueName\":\"search_term_string\"}}],\"inLanguage\":\"cs\"},{\"@type\":\"Organization\",\"@id\":\"https:\/\/v2charge.com\/cs\/#organization\",\"name\":\"V2C\",\"url\":\"https:\/\/v2charge.com\/cs\/\",\"logo\":{\"@type\":\"ImageObject\",\"inLanguage\":\"cs\",\"@id\":\"https:\/\/v2charge.com\/cs\/#\/schema\/logo\/image\/\",\"url\":\"https:\/\/v2charge.com\/wp-content\/uploads\/2024\/11\/cropped-v2c-charge-logo-menu.png\",\"contentUrl\":\"https:\/\/v2charge.com\/wp-content\/uploads\/2024\/11\/cropped-v2c-charge-logo-menu.png\",\"width\":984,\"height\":431,\"caption\":\"V2C\"},\"image\":{\"@id\":\"https:\/\/v2charge.com\/cs\/#\/schema\/logo\/image\/\"},\"sameAs\":[\"https:\/\/www.facebook.com\/V2C.Charge\",\"https:\/\/x.com\/V2C_Charge\",\"https:\/\/www.instagram.com\/v2c.charge\/\",\"https:\/\/www.youtube.com\/@V2C\",\"https:\/\/www.linkedin.com\/company\/v2c-chargers\/\"]},{\"@type\":\"Person\",\"@id\":\"https:\/\/v2charge.com\/cs\/#\/schema\/person\/d6f210a94a856acdddec347b2127fd0f\",\"name\":\"V2C\",\"image\":{\"@type\":\"ImageObject\",\"inLanguage\":\"cs\",\"@id\":\"https:\/\/v2charge.com\/cs\/#\/schema\/person\/image\/\",\"url\":\"https:\/\/secure.gravatar.com\/avatar\/a91128c4c0d2f4d63bd586301fdec6cc9aa49c885839b25d1c62700f529f267c?s=96&d=mm&r=g\",\"contentUrl\":\"https:\/\/secure.gravatar.com\/avatar\/a91128c4c0d2f4d63bd586301fdec6cc9aa49c885839b25d1c62700f529f267c?s=96&d=mm&r=g\",\"caption\":\"V2C\"}}]}<\/script>\n<!-- \/ Yoast SEO plugin. -->","yoast_head_json":{"title":"V2C integruje mo\u017enost Tempo od EDF - V2C","robots":{"index":"index","follow":"follow","max-snippet":"max-snippet:-1","max-image-preview":"max-image-preview:large","max-video-preview":"max-video-preview:-1"},"canonical":"https:\/\/v2charge.com\/cs\/v2c-integruje-mo-nost-tempo-od-edf\/","og_locale":"cs_CZ","og_type":"article","og_title":"V2C integruje mo\u017enost Tempo od EDF - V2C","og_description":"V2C pokra\u010duje v obohacov\u00e1n\u00ed sv\u00e9ho ekosyst\u00e9mu inteligentn\u00edho nab\u00edjen\u00ed o novou funkci, kterou o\u010dek\u00e1v\u00e1 mnoho u\u017eivatel\u016f: integraci tarifu Tempo od EDF do V2C Cloud. D\u00edky t\u00e9to evoluci mohou u\u017eivatel\u00e9 vybaven\u00ed nab\u00edjec\u00ed stanic\u00ed V2C nyn\u00ed p\u0159\u00edmo integrovat tento dynamick\u00fd tarif do spr\u00e1vy nab\u00edjen\u00ed sv\u00e9ho elektrick\u00e9ho vozidla a snadn\u011bji optimalizovat svou spot\u0159ebu elekt\u0159iny doma. Pochopen\u00ed tarifu Tempo od ... \u010c\u00edst d\u00e1l","og_url":"https:\/\/v2charge.com\/cs\/v2c-integruje-mo-nost-tempo-od-edf\/","og_site_name":"V2C","article_publisher":"https:\/\/www.facebook.com\/V2C.Charge","article_published_time":"2026-03-06T13:34:45+00:00","article_modified_time":"2026-03-06T15:25:54+00:00","og_image":[{"width":960,"height":560,"url":"https:\/\/v2charge.com\/wp-content\/uploads\/2026\/03\/articulo_edf.jpg","type":"image\/jpeg"}],"author":"V2C","twitter_card":"summary_large_image","twitter_creator":"@V2C_Charge","twitter_site":"@V2C_Charge","twitter_misc":{"Napsal(a)":"V2C","Odhadovan\u00e1 doba \u010dten\u00ed":"3 minuty"},"schema":{"@context":"https:\/\/schema.org","@graph":[{"@type":"Article","@id":"https:\/\/v2charge.com\/cs\/v2c-integruje-mo-nost-tempo-od-edf\/#article","isPartOf":{"@id":"https:\/\/v2charge.com\/cs\/v2c-integruje-mo-nost-tempo-od-edf\/"},"author":{"name":"V2C","@id":"https:\/\/v2charge.com\/cs\/#\/schema\/person\/d6f210a94a856acdddec347b2127fd0f"},"headline":"V2C integruje mo\u017enost Tempo od EDF","datePublished":"2026-03-06T13:34:45+00:00","dateModified":"2026-03-06T15:25:54+00:00","mainEntityOfPage":{"@id":"https:\/\/v2charge.com\/cs\/v2c-integruje-mo-nost-tempo-od-edf\/"},"wordCount":536,"publisher":{"@id":"https:\/\/v2charge.com\/cs\/#organization"},"image":{"@id":"https:\/\/v2charge.com\/cs\/v2c-integruje-mo-nost-tempo-od-edf\/#primaryimage"},"thumbnailUrl":"https:\/\/v2charge.com\/wp-content\/uploads\/2026\/03\/articulo_edf.jpg","inLanguage":"cs"},{"@type":"WebPage","@id":"https:\/\/v2charge.com\/cs\/v2c-integruje-mo-nost-tempo-od-edf\/","url":"https:\/\/v2charge.com\/cs\/v2c-integruje-mo-nost-tempo-od-edf\/","name":"V2C integruje mo\u017enost Tempo od EDF - V2C","isPartOf":{"@id":"https:\/\/v2charge.com\/cs\/#website"},"primaryImageOfPage":{"@id":"https:\/\/v2charge.com\/cs\/v2c-integruje-mo-nost-tempo-od-edf\/#primaryimage"},"image":{"@id":"https:\/\/v2charge.com\/cs\/v2c-integruje-mo-nost-tempo-od-edf\/#primaryimage"},"thumbnailUrl":"https:\/\/v2charge.com\/wp-content\/uploads\/2026\/03\/articulo_edf.jpg","datePublished":"2026-03-06T13:34:45+00:00","dateModified":"2026-03-06T15:25:54+00:00","breadcrumb":{"@id":"https:\/\/v2charge.com\/cs\/v2c-integruje-mo-nost-tempo-od-edf\/#breadcrumb"},"inLanguage":"cs","potentialAction":[{"@type":"ReadAction","target":["https:\/\/v2charge.com\/cs\/v2c-integruje-mo-nost-tempo-od-edf\/"]}]},{"@type":"ImageObject","inLanguage":"cs","@id":"https:\/\/v2charge.com\/cs\/v2c-integruje-mo-nost-tempo-od-edf\/#primaryimage","url":"https:\/\/v2charge.com\/wp-content\/uploads\/2026\/03\/articulo_edf.jpg","contentUrl":"https:\/\/v2charge.com\/wp-content\/uploads\/2026\/03\/articulo_edf.jpg","width":960,"height":560},{"@type":"BreadcrumbList","@id":"https:\/\/v2charge.com\/cs\/v2c-integruje-mo-nost-tempo-od-edf\/#breadcrumb","itemListElement":[{"@type":"ListItem","position":1,"name":"V2C","item":"https:\/\/v2charge.com\/cs\/"},{"@type":"ListItem","position":2,"name":"Actualit\u00e9s V2C","item":"https:\/\/v2charge.com\/fr\/nouvelles-v2c\/"},{"@type":"ListItem","position":3,"name":"V2C integruje mo\u017enost Tempo od EDF"}]},{"@type":"WebSite","@id":"https:\/\/v2charge.com\/cs\/#website","url":"https:\/\/v2charge.com\/cs\/","name":"V2C","description":"#CargandoElMa\u00f1ana","publisher":{"@id":"https:\/\/v2charge.com\/cs\/#organization"},"potentialAction":[{"@type":"SearchAction","target":{"@type":"EntryPoint","urlTemplate":"https:\/\/v2charge.com\/cs\/?s={search_term_string}"},"query-input":{"@type":"PropertyValueSpecification","valueRequired":true,"valueName":"search_term_string"}}],"inLanguage":"cs"},{"@type":"Organization","@id":"https:\/\/v2charge.com\/cs\/#organization","name":"V2C","url":"https:\/\/v2charge.com\/cs\/","logo":{"@type":"ImageObject","inLanguage":"cs","@id":"https:\/\/v2charge.com\/cs\/#\/schema\/logo\/image\/","url":"https:\/\/v2charge.com\/wp-content\/uploads\/2024\/11\/cropped-v2c-charge-logo-menu.png","contentUrl":"https:\/\/v2charge.com\/wp-content\/uploads\/2024\/11\/cropped-v2c-charge-logo-menu.png","width":984,"height":431,"caption":"V2C"},"image":{"@id":"https:\/\/v2charge.com\/cs\/#\/schema\/logo\/image\/"},"sameAs":["https:\/\/www.facebook.com\/V2C.Charge","https:\/\/x.com\/V2C_Charge","https:\/\/www.instagram.com\/v2c.charge\/","https:\/\/www.youtube.com\/@V2C","https:\/\/www.linkedin.com\/company\/v2c-chargers\/"]},{"@type":"Person","@id":"https:\/\/v2charge.com\/cs\/#\/schema\/person\/d6f210a94a856acdddec347b2127fd0f","name":"V2C","image":{"@type":"ImageObject","inLanguage":"cs","@id":"https:\/\/v2charge.com\/cs\/#\/schema\/person\/image\/","url":"https:\/\/secure.gravatar.com\/avatar\/a91128c4c0d2f4d63bd586301fdec6cc9aa49c885839b25d1c62700f529f267c?s=96&d=mm&r=g","contentUrl":"https:\/\/secure.gravatar.com\/avatar\/a91128c4c0d2f4d63bd586301fdec6cc9aa49c885839b25d1c62700f529f267c?s=96&d=mm&r=g","caption":"V2C"}}]}},"uagb_featured_image_src":{"full":["https:\/\/v2charge.com\/wp-content\/uploads\/2026\/03\/articulo_edf.jpg",960,560,false],"thumbnail":["https:\/\/v2charge.com\/wp-content\/uploads\/2026\/03\/articulo_edf-150x150.jpg",150,150,true],"medium":["https:\/\/v2charge.com\/wp-content\/uploads\/2026\/03\/articulo_edf-300x175.jpg",300,175,true],"medium_large":["https:\/\/v2charge.com\/wp-content\/uploads\/2026\/03\/articulo_edf-768x448.jpg",768,448,true],"large":["https:\/\/v2charge.com\/wp-content\/uploads\/2026\/03\/articulo_edf.jpg",960,560,false],"gs-tiny":["https:\/\/v2charge.com\/wp-content\/uploads\/2026\/03\/articulo_edf-50x29.jpg",50,29,true],"xl":["https:\/\/v2charge.com\/wp-content\/uploads\/2026\/03\/articulo_edf.jpg",960,560,false],"xxl":["https:\/\/v2charge.com\/wp-content\/uploads\/2026\/03\/articulo_edf.jpg",960,560,false],"xxxl":["https:\/\/v2charge.com\/wp-content\/uploads\/2026\/03\/articulo_edf.jpg",960,560,false],"xxxxl":["https:\/\/v2charge.com\/wp-content\/uploads\/2026\/03\/articulo_edf.jpg",960,560,false],"xxxxxl":["https:\/\/v2charge.com\/wp-content\/uploads\/2026\/03\/articulo_edf.jpg",960,560,false],"1536x1536":["https:\/\/v2charge.com\/wp-content\/uploads\/2026\/03\/articulo_edf.jpg",960,560,false],"2048x2048":["https:\/\/v2charge.com\/wp-content\/uploads\/2026\/03\/articulo_edf.jpg",960,560,false]},"uagb_author_info":{"display_name":"V2C","author_link":"https:\/\/v2charge.com\/cs\/author\/marketing\/"},"uagb_comment_info":0,"uagb_excerpt":"V2C pokra\u010duje v obohacov\u00e1n\u00ed sv\u00e9ho ekosyst\u00e9mu inteligentn\u00edho nab\u00edjen\u00ed o novou funkci, kterou o\u010dek\u00e1v\u00e1 mnoho u\u017eivatel\u016f: integraci tarifu Tempo od EDF do V2C Cloud. D\u00edky t\u00e9to evoluci mohou u\u017eivatel\u00e9 vybaven\u00ed nab\u00edjec\u00ed stanic\u00ed V2C nyn\u00ed p\u0159\u00edmo integrovat tento dynamick\u00fd tarif do spr\u00e1vy nab\u00edjen\u00ed sv\u00e9ho elektrick\u00e9ho vozidla a snadn\u011bji optimalizovat svou spot\u0159ebu elekt\u0159iny doma. Pochopen\u00ed tarifu Tempo od&hellip;","_links":{"self":[{"href":"https:\/\/v2charge.com\/cs\/wp-json\/wp\/v2\/posts\/318270","targetHints":{"allow":["GET"]}}],"collection":[{"href":"https:\/\/v2charge.com\/cs\/wp-json\/wp\/v2\/posts"}],"about":[{"href":"https:\/\/v2charge.com\/cs\/wp-json\/wp\/v2\/types\/post"}],"author":[{"embeddable":true,"href":"https:\/\/v2charge.com\/cs\/wp-json\/wp\/v2\/users\/400"}],"replies":[{"embeddable":true,"href":"https:\/\/v2charge.com\/cs\/wp-json\/wp\/v2\/comments?post=318270"}],"version-history":[{"count":0,"href":"https:\/\/v2charge.com\/cs\/wp-json\/wp\/v2\/posts\/318270\/revisions"}],"wp:featuredmedia":[{"embeddable":true,"href":"https:\/\/v2charge.com\/cs\/wp-json\/wp\/v2\/media\/305116"}],"wp:attachment":[{"href":"https:\/\/v2charge.com\/cs\/wp-json\/wp\/v2\/media?parent=318270"}],"wp:term":[{"taxonomy":"category","embeddable":true,"href":"https:\/\/v2charge.com\/cs\/wp-json\/wp\/v2\/categories?post=318270"},{"taxonomy":"post_tag","embeddable":true,"href":"https:\/\/v2charge.com\/cs\/wp-json\/wp\/v2\/tags?post=318270"}],"curies":[{"name":"wp","href":"https:\/\/api.w.org\/{rel}","templated":true}]}}