{"id":318276,"date":"2026-03-27T13:32:36","date_gmt":"2026-03-27T11:32:36","guid":{"rendered":""},"modified":"2026-03-27T13:51:41","modified_gmt":"2026-03-27T11:51:41","slug":"dynamicke-izeni-zat-e-pro-wallbox-co-to-je-a-pro-je-to-d-le-ite","status":"publish","type":"post","link":"https:\/\/v2charge.com\/cs\/dynamicke-izeni-zat-e-pro-wallbox-co-to-je-a-pro-je-to-d-le-ite\/","title":{"rendered":"Dynamick\u00e9 \u0159\u00edzen\u00ed z\u00e1t\u011b\u017ee pro wallbox: Co to je a pro\u010d je to d\u016fle\u017eit\u00e9"},"content":{"rendered":"<p>Typick\u00fd ve\u010der: Elektroauto je p\u0159ipojeno k wallboxu, tepeln\u00e9 \u010derpadlo vyt\u00e1p\u00ed d\u016fm, pra\u010dka b\u011b\u017e\u00ed. To, co v modern\u00ed dom\u00e1cnosti zn\u00ed jako norm\u00e1ln\u00ed stav, m\u016f\u017ee rychle dos\u00e1hnout hranic domovn\u00edho p\u0159ipojen\u00ed. V\u011bt\u0161ina n\u011bmeck\u00fdch obytn\u00fdch dom\u016f m\u00e1 domovn\u00ed p\u0159ipojen\u00ed od 15 do 25 kilowatt\u016f. Samotn\u00fd wallbox spot\u0159ebov\u00e1v\u00e1 ji\u017e 11 kW, tepeln\u00e9 \u010derpadlo dal\u0161\u00edch 4 kW. Pokud b\u011b\u017e\u00ed ob\u011b za\u0159\u00edzen\u00ed sou\u010dasn\u011b, \u010dasto je dosa\u017eeno hranice.<\/p>\n\n<p>\u0158e\u0161en\u00edm nen\u00ed drah\u00e1 expanze s\u00edt\u011b, ale inteligentn\u00ed syst\u00e9m: dynamick\u00e9 \u0159\u00edzen\u00ed z\u00e1t\u011b\u017ee.<\/p>\n\n<div class=\"wp-block-uagb-advanced-heading uagb-block-7ffeeda3\"><h2 class=\"uagb-heading-text\">Co je dynamick\u00e9 \u0159\u00edzen\u00ed z\u00e1t\u011b\u017ee?<\/h2><\/div>\n\n\n<p><\/p>\n\n\n<p>Dynamick\u00e9 \u0159\u00edzen\u00ed z\u00e1t\u011b\u017ee je automatizovan\u00fd syst\u00e9m, kter\u00fd v re\u00e1ln\u00e9m \u010dase sleduje celkovou spot\u0159ebu energie budovy a odpov\u00eddaj\u00edc\u00edm zp\u016fsobem p\u0159izp\u016fsobuje v\u00fdkon nab\u00edjen\u00ed wallboxu.<\/p>\n\n<p>J\u00e1drem je syst\u00e9m \u0159\u00edzen\u00ed energie (EMS) nebo energetick\u00fd m\u011b\u0159i\u010d, kter\u00fd je nainstalov\u00e1n na domovn\u00edm p\u0159ipojen\u00ed. M\u011b\u0159\u00ed ka\u017edou sekundu, kolik elekt\u0159iny celkov\u011b spot\u0159ebov\u00e1v\u00e1 budova. Jakmile se celkov\u00e1 spot\u0159eba bl\u00ed\u017e\u00ed maxim\u00e1ln\u00edmu p\u0159ipojovac\u00edmu v\u00fdkonu, syst\u00e9m automaticky sni\u017euje v\u00fdkon nab\u00edjen\u00ed wallboxu. Jakmile se jin\u00e9 spot\u0159ebi\u010de vypnou, syst\u00e9m op\u011bt uvoln\u00ed pln\u00fd v\u00fdkon nab\u00edjen\u00ed.<\/p>\n\n<p>V ka\u017edodenn\u00edm \u017eivot\u011b si v\u011bt\u0161ina u\u017eivatel\u016f tohoto regula\u010dn\u00edho procesu nev\u0161imne. Auto se p\u0159es noc pln\u011b nabije, d\u016fm z\u016fst\u00e1v\u00e1 tepl\u00fd a jisti\u010d se nevyp\u00edn\u00e1.<\/p>\n\n<div class=\"wp-block-uagb-advanced-heading uagb-block-c3932fe3\"><h2 class=\"uagb-heading-text\">Dynamick\u00fd vs. statick\u00fd: Rozhoduj\u00edc\u00ed rozd\u00edl<\/h2><\/div>\n\n\n<p><\/p>\n\n\n<p>U \u0159\u00edzen\u00ed z\u00e1t\u011b\u017ee existuj\u00ed dva z\u00e1sadn\u011b odli\u0161n\u00e9 p\u0159\u00edstupy.<\/p>\n\n<p><strong>Statick\u00e9 \u0159\u00edzen\u00ed zat\u00ed\u017een\u00ed<\/strong> stanov\u00ed pevn\u00fd maxim\u00e1ln\u00ed v\u00fdkon nab\u00edjen\u00ed, bez ohledu na to, kolik energie dom\u00e1cnost pr\u00e1v\u011b spot\u0159ebov\u00e1v\u00e1. Pokud je horn\u00ed hranice nastavena na 6 kW, nab\u00edj\u00ed Wallbox v\u017edy maxim\u00e1ln\u011b 6 kW, a\u0165 u\u017e v noci neb\u011b\u017e\u00ed \u017e\u00e1dn\u00e9 jin\u00e9 za\u0159\u00edzen\u00ed, nebo jsou b\u011bhem dne sou\u010dasn\u011b aktivn\u00ed spor\u00e1k a pra\u010dka. Snadno realizovateln\u00e9, ale \u010dasto neefektivn\u00ed: dostupn\u00fd potenci\u00e1l domovn\u00edho p\u0159ipojen\u00ed nen\u00ed pln\u011b vyu\u017eit. <\/p>\n\n<p><strong>Dynamick\u00e9 \u0159\u00edzen\u00ed z\u00e1t\u011b\u017ee<\/strong> neust\u00e1le p\u0159izp\u016fsobuje nab\u00edjec\u00ed v\u00fdkon skute\u010dn\u00e9 spot\u0159eb\u011b. V noci, kdy\u017e je v dom\u011b spot\u0159eba elekt\u0159iny minim\u00e1ln\u00ed, nab\u00edj\u00ed wallbox pln\u00fdm v\u00fdkonem. Kdy\u017e b\u011bhem dne b\u011b\u017e\u00ed v\u00edce za\u0159\u00edzen\u00ed sou\u010dasn\u011b, nab\u00edjec\u00ed v\u00fdkon se automaticky sni\u017euje. V\u00fdsledek: maxim\u00e1ln\u00ed rychlost nab\u00edjen\u00ed p\u0159i sou\u010dasn\u00e9m bezpe\u010dn\u00e9m provozu domovn\u00edho p\u0159ipojen\u00ed.<\/p>\n\n<div class=\"wp-block-uagb-advanced-heading uagb-block-131b4e2b\"><h2 class=\"uagb-heading-text\">Kdy je dynamick\u00e9 \u0159\u00edzen\u00ed z\u00e1t\u011b\u017ee nezbytn\u00e9?<\/h2><\/div>\n\n\n<p><\/p>\n\n\n<p>Ne ka\u017ed\u00e1 dom\u00e1cnost nutn\u011b pot\u0159ebuje dynamick\u00fd syst\u00e9m \u0159\u00edzen\u00ed z\u00e1t\u011b\u017ee. To se st\u00e1v\u00e1 obzvl\u00e1\u0161\u0165 relevantn\u00edm, kdy\u017e nastanou n\u00e1sleduj\u00edc\u00ed situace:<\/p>\n\n<p><strong>V\u00edce velk\u00fdch spot\u0159ebi\u010d\u016f v dom\u011b.<\/strong> Kdo krom\u011b wallboxu tak\u00e9 provozuje tepeln\u00e9 \u010derpadlo, pr\u016ftokov\u00fd oh\u0159\u00edva\u010d nebo jin\u00e1 energeticky n\u00e1ro\u010dn\u00e1 za\u0159\u00edzen\u00ed, rychle naraz\u00ed na limity domovn\u00edho p\u0159ipojen\u00ed p\u0159i sou\u010dasn\u00e9m provozu. Dynamick\u00e9 \u0159\u00edzen\u00ed z\u00e1t\u011b\u017ee zabra\u0148uje vyp\u00edn\u00e1n\u00ed pojistek.<\/p>\n\n<p><strong>Nab\u00edjen\u00ed n\u011bkolika elektromobil\u016f sou\u010dasn\u011b.<\/strong> Pokud je v budov\u011b nainstalov\u00e1no n\u011bkolik wallbox\u016f, dynamick\u00e9 \u0159\u00edzen\u00ed z\u00e1t\u011b\u017ee zaji\u0161\u0165uje, \u017ee je dostupn\u00fd v\u00fdkon inteligentn\u011b rozd\u011blen mezi v\u0161echny nab\u00edjec\u00ed body. V\u0161echna vozidla se nab\u00edjej\u00ed, ani\u017e by do\u0161lo k p\u0159et\u00ed\u017een\u00ed s\u00edt\u011b.<\/p>\n\n<p><strong>Kombinace s fotovoltaickou elektr\u00e1rnou.<\/strong> Kdo vyr\u00e1b\u00ed sol\u00e1rn\u00ed energii, m\u016f\u017ee kombinovat dynamick\u00e9 \u0159\u00edzen\u00ed z\u00e1t\u011b\u017ee s nab\u00edjen\u00edm p\u0159ebytku PV. Syst\u00e9m rozpozn\u00e1, kdy je k dispozici p\u0159ebyte\u010dn\u00e1 sol\u00e1rn\u00ed energie, a up\u0159ednost\u0148uje nab\u00edjen\u00ed auta t\u00edmto zp\u016fsobem. T\u00edm se maximalizuje vlastn\u00ed spot\u0159eba a n\u00e1klady na nab\u00edjen\u00ed se v\u00fdrazn\u011b sni\u017euj\u00ed.<\/p>\n\n<p><strong>V\u00edcebytov\u00e9 domy a podzemn\u00ed gar\u00e1\u017ee.<\/strong> V obytn\u00fdch komplexech je syst\u00e9m \u0159\u00edzen\u00ed z\u00e1t\u011b\u017ee \u010dasto dokonce podm\u00ednkou pro instalaci n\u011bkolika wallbox\u016f. Bez inteligentn\u00edho \u0159\u00edzen\u00ed by spole\u010dn\u00e9 domovn\u00ed p\u0159ipojen\u00ed p\u0159i sou\u010dasn\u00e9m nab\u00edjen\u00ed rychle p\u0159et\u00ed\u017eilo.<\/p>\n\n\n<p><\/p>\n\n\n\n<figure class=\"wp-block-image size-full\"><img decoding=\"async\" width=\"960\" height=\"560\" src=\"https:\/\/v2charge.com\/wp-content\/uploads\/2026\/03\/dynamisches-lastmanagement-wallbox-was-ist.jpg\" alt=\"\" class=\"wp-image-309605\" srcset=\"https:\/\/v2charge.com\/wp-content\/uploads\/2026\/03\/dynamisches-lastmanagement-wallbox-was-ist.jpg 960w, https:\/\/v2charge.com\/wp-content\/uploads\/2026\/03\/dynamisches-lastmanagement-wallbox-was-ist-300x175.jpg 300w, https:\/\/v2charge.com\/wp-content\/uploads\/2026\/03\/dynamisches-lastmanagement-wallbox-was-ist-768x448.jpg 768w, https:\/\/v2charge.com\/wp-content\/uploads\/2026\/03\/dynamisches-lastmanagement-wallbox-was-ist-50x29.jpg 50w\" sizes=\"(max-width: 960px) 100vw, 960px\" \/><\/figure>\n\n\n\n<p><\/p>\n\n\n<div class=\"wp-block-uagb-advanced-heading uagb-block-28639c07\"><h2 class=\"uagb-heading-text\">Dynamick\u00e9 \u0159\u00edzen\u00ed z\u00e1t\u011b\u017ee a PV: Optim\u00e1ln\u00ed kombinace<\/h2><\/div>\n\n\n<p><\/p>\n\n\n<p>Nejsiln\u011bj\u0161\u00ed aplikace dynamick\u00e9ho \u0159\u00edzen\u00ed z\u00e1t\u011b\u017ee vznik\u00e1 v kombinaci s fotovoltaickou elektr\u00e1rnou. Syst\u00e9m zn\u00e1 v ka\u017ed\u00e9m okam\u017eiku t\u0159i hodnoty: kolik energie pr\u00e1v\u011b vyr\u00e1b\u00ed fotovoltaick\u00e1 elektr\u00e1rna, kolik dom\u00e1cnost spot\u0159ebov\u00e1v\u00e1 a kolik z toho zb\u00fdv\u00e1 pro wallbox.<\/p>\n\n<p>Na z\u00e1klad\u011b t\u011bchto \u00fadaj\u016f v re\u00e1ln\u00e9m \u010dase \u0159\u00edd\u00ed wallbox nab\u00edjec\u00ed v\u00fdkon ka\u017edou sekundu. Pokud siln\u011b sv\u00edt\u00ed slunce a spot\u0159eba dom\u00e1cnosti je n\u00edzk\u00e1, auto se nab\u00edj\u00ed maxim\u00e1ln\u00edm v\u00fdkonem ze sol\u00e1rn\u00ed energie. Kdy\u017e se objev\u00ed mrak, wallbox sn\u00ed\u017e\u00ed nab\u00edjec\u00ed v\u00fdkon a t\u00edm se vyhne nutnosti nakupovat drahou s\u00ed\u0165ovou energii.<\/p>\n\n<p>V\u00fdsledkem jsou n\u00e1klady na nab\u00edjen\u00ed, kter\u00e9 jsou \u010d\u00e1ste\u010dn\u011b pod 2 eura na 100 kilometr\u016f, ve srovn\u00e1n\u00ed s v\u00edce ne\u017e 14 eury u benz\u00ednov\u00e9ho vozu p\u0159i aktu\u00e1ln\u00edch cen\u00e1ch paliva.<\/p>\n\n<p>V2C Trydan se p\u0159\u00edmo a bezdr\u00e1tov\u011b p\u0159ipojuje ke v\u0161em b\u011b\u017en\u00fdm st\u0159\u00edda\u010d\u016fm, v\u010detn\u011b Fronius, SMA, SolarEdge, Huawei, Kostal, GoodWe a Victron, a pln\u011b automaticky p\u0159ev\u00e1d\u00ed dynamick\u00e9 \u0159\u00edzen\u00ed z\u00e1t\u011b\u017ee prost\u0159ednictv\u00edm aplikace V2C Cloud.<\/p>\n\n<div class=\"wp-block-uagb-advanced-heading uagb-block-09b4076c\"><h2 class=\"uagb-heading-text\">Kolik stoj\u00ed dynamick\u00e9 \u0159\u00edzen\u00ed z\u00e1t\u011b\u017ee?<\/h2><\/div>\n\n\n<p><\/p>\n\n\n<p>N\u00e1klady z\u00e1vis\u00ed na tom, zda m\u00e1 wallbox ji\u017e integrovan\u00e9 \u0159\u00edzen\u00ed z\u00e1t\u011b\u017ee, nebo zda je nutn\u00e9 dodate\u010dn\u011b nainstalovat extern\u00ed \u0159e\u0161en\u00ed.<\/p>\n\n<p>Wallboxy s integrovan\u00fdm dynamick\u00fdm \u0159\u00edzen\u00edm z\u00e1t\u011b\u017ee se obvykle pohybuj\u00ed mezi 700 a 1.200 eury. K tomu se p\u0159id\u00e1vaj\u00ed n\u00e1klady na energetick\u00fd m\u011b\u0159i\u010d a instalaci odborn\u00edkem, kter\u00e9 se podle n\u00e1ro\u010dnosti pohybuj\u00ed mezi 200 a 600 eury.<\/p>\n\n<p>Ve srovn\u00e1n\u00ed s t\u00edm obvykle stoj\u00ed roz\u0161\u00ed\u0159en\u00ed domovn\u00edho p\u0159ipojen\u00ed od provozovatele s\u00edt\u011b n\u011bkolik tis\u00edc eur. Dynamick\u00e9 \u0159\u00edzen\u00ed z\u00e1t\u011b\u017ee je tedy nejen technicky smyslupln\u00e9, ale tak\u00e9 ekonomicky v\u00fdrazn\u011b atraktivn\u011bj\u0161\u00ed ne\u017e alternativn\u00ed \u0159e\u0161en\u00ed.<\/p>\n\n<div class=\"wp-block-uagb-advanced-heading uagb-block-6104b8c4\"><h2 class=\"uagb-heading-text\">\u00a714a EnWG: Ovl\u00e1dateln\u00e9 wallboxy a s\u00ed\u0165ov\u00e9 poplatky 2026<\/h2><\/div>\n\n\n<p><\/p>\n\n\n<p>Od roku 2024 plat\u00ed v N\u011bmecku povinnost registrovat regulovateln\u00e9 spot\u0159ebi\u010de, jako jsou wallboxy, u provozovatele s\u00edt\u011b. Na opl\u00e1tku obdr\u017e\u00ed provozovatel\u00e9 sn\u00ed\u017een\u00e9 poplatky za s\u00ed\u0165. \u00daspora ve v\u00fd\u0161i 110 a\u017e 190 eur ro\u010dn\u011b je podle aktu\u00e1ln\u00edch v\u00fdpo\u010dt\u016f realistick\u00e1.<\/p>\n\n<p>Wallboxy s dynamick\u00fdm \u0159\u00edzen\u00edm z\u00e1t\u011b\u017ee spl\u0148uj\u00ed tuto po\u017eadavek a jsou t\u00edm p\u00e1dem automaticky kvalifikov\u00e1ny tak\u00e9 pro sn\u00ed\u017een\u00ed s\u00ed\u0165ov\u00fdch poplatk\u016f podle \u00a714a EnWG.<\/p>\n\n<h2 class=\"wp-block-heading\">\u010casto kladen\u00e9 ot\u00e1zky<\/h2>\n\n<p><strong>Jak\u00fd je rozd\u00edl mezi dynamick\u00fdm a statick\u00fdm \u0159\u00edzen\u00edm z\u00e1t\u011b\u017ee?<\/strong> Statick\u00e9 \u0159\u00edzen\u00ed z\u00e1t\u011b\u017ee omezuje nab\u00edjec\u00ed v\u00fdkon na pevnou hodnotu, bez ohledu na aktu\u00e1ln\u00ed spot\u0159ebu dom\u00e1cnosti. Dynamick\u00e9 \u0159\u00edzen\u00ed z\u00e1t\u011b\u017ee p\u0159izp\u016fsobuje nab\u00edjec\u00ed v\u00fdkon v re\u00e1ln\u00e9m \u010dase, optim\u00e1ln\u011b vyu\u017e\u00edv\u00e1 dostupn\u00e9 kapacity a zabra\u0148uje p\u0159et\u00ed\u017een\u00ed bez pevn\u00fdch horn\u00edch limit\u016f.<\/p>\n\n<p><strong>Pot\u0159ebuji dynamick\u00e9 \u0159\u00edzen\u00ed z\u00e1t\u011b\u017ee pro jednu wallbox v rodinn\u00e9m dom\u011b?<\/strong> Nen\u00ed to nutn\u00e9, ale doporu\u010duje se, pokud v dom\u00e1cnosti funguj\u00ed dal\u0161\u00ed velk\u00e9 spot\u0159ebi\u010de, jako je tepeln\u00e1 \u010derpadlo nebo pr\u016ftokov\u00fd oh\u0159\u00edva\u010d. P\u0159i sou\u010dasn\u00e9m provozu v\u00edce velk\u00fdch spot\u0159ebi\u010d\u016f chr\u00e1n\u00ed \u0159\u00edzen\u00ed z\u00e1t\u011b\u017ee spolehliv\u011b domovn\u00ed p\u0159\u00edpojku p\u0159ed p\u0159et\u00ed\u017een\u00edm.<\/p>\n\n<p><strong>Funguje dynamick\u00e9 \u0159\u00edzen\u00ed z\u00e1t\u011b\u017ee tak\u00e9 s fotovoltaick\u00fdm syst\u00e9mem?<\/strong> Ano. Kombinace je obzvl\u00e1\u0161\u0165 efektivn\u00ed: Syst\u00e9m v re\u00e1ln\u00e9m \u010dase rozpozn\u00e1v\u00e1, kolik sol\u00e1rn\u00ed energie je k dispozici, a tuto preferen\u010dn\u011b vyu\u017e\u00edv\u00e1 k nab\u00edjen\u00ed. T\u00edm se maximalizuje vlastn\u00ed spot\u0159eba a n\u00e1klady na nab\u00edjen\u00ed se v\u00fdrazn\u011b sni\u017euj\u00ed.<\/p>\n\n<p><strong>Je mo\u017en\u00e9 dodate\u010dn\u011b nainstalovat dynamick\u00e9 \u0159\u00edzen\u00ed z\u00e1t\u011b\u017ee?<\/strong> Ano, v mnoha p\u0159\u00edpadech je dodate\u010dn\u00e1 instalace mo\u017en\u00e1. K tomu se na domovn\u00edm p\u0159ipojen\u00ed nainstaluje extern\u00ed energetick\u00fd m\u011b\u0159i\u010d, kter\u00fd poskytuje wallboxu data v re\u00e1ln\u00e9m \u010dase. P\u0159esn\u00e9 mo\u017enosti z\u00e1vis\u00ed na modelu wallboxu.<\/p>\n\n<p><strong>Je dynamick\u00e9 \u0159\u00edzen\u00ed z\u00e1t\u011b\u017ee povinn\u00e9?<\/strong> Ne nutn\u011b. V bytov\u00fdch domech a p\u0159i skupinov\u00fdch instalac\u00edch s v\u00edce wallboxy \u010dasto po\u017eaduj\u00ed provozovatel\u00e9 s\u00edt\u00ed syst\u00e9m \u0159\u00edzen\u00ed z\u00e1t\u011b\u017ee jako podm\u00ednku pro instalaci. V rodinn\u00e9m dom\u011b je to technicky doporu\u010deno, ale nen\u00ed to z\u00e1konem p\u0159edeps\u00e1no.<\/p>\n\n<h2 class=\"wp-block-heading\">Kr\u00e1tce \u0159e\u010deno<\/h2>\n\n<p>Dynamick\u00e9 \u0159\u00edzen\u00ed z\u00e1t\u011b\u017ee nen\u00ed luxusn\u00ed funkc\u00ed, ale rozumnou investic\u00ed pro ka\u017edou dom\u00e1cnost s wallboxem a dal\u0161\u00edmi velk\u00fdmi spot\u0159ebi\u010di. Chr\u00e1n\u00ed domovn\u00ed p\u0159\u00edpojku, maximalizuje vyu\u017eit\u00ed sol\u00e1rn\u00ed energie a \u010din\u00ed n\u00e1kladn\u00e9 roz\u0161\u00ed\u0159en\u00ed s\u00edt\u011b zbyte\u010dn\u00fdmi.<\/p>\n\n<p>V\u00edce o mo\u017enostech integrace V2C Trydan s dynamick\u00fdm \u0159\u00edzen\u00edm z\u00e1t\u011b\u017ee a fotovoltaickou instalac\u00ed naleznete v <a href=\"https:\/\/v2charge.com\/cs\/trydan\/\">p\u0159ehledu produkt\u016f<\/a> a v <a href=\"https:\/\/v2charge.com\/cs\/dynamicke-izeni-v-konu\/\">technick\u00e9 podpo\u0159e<\/a>.<\/p>\n\n\n<div class=\"wp-block-uagb-image uagb-block-10c4954e wp-block-uagb-image--layout-default wp-block-uagb-image--effect-static wp-block-uagb-image--align-none\"><figure class=\"wp-block-uagb-image__figure\"><a class=\"\" href=\"https:\/\/v2charge.com\/cs\/trydan\/\" target=\"\" rel=\"noopener\"><img decoding=\"async\" srcset=\"https:\/\/v2charge.com\/wp-content\/uploads\/2026\/02\/intelligenteste-wallbox-elektroautos-trydan.jpg ,https:\/\/v2charge.com\/wp-content\/uploads\/2026\/02\/intelligenteste-wallbox-elektroautos-trydan.jpg 780w, https:\/\/v2charge.com\/wp-content\/uploads\/2026\/02\/intelligenteste-wallbox-elektroautos-trydan.jpg 360w\" sizes=\"auto, (max-width: 480px) 150px\" src=\"https:\/\/v2charge.com\/wp-content\/uploads\/2026\/02\/intelligenteste-wallbox-elektroautos-trydan.jpg\" alt=\"\" class=\"uag-image-303535\" width=\"818\" height=\"818\" title=\"intelligenteste-wallbox-elektroautos-trydan\" loading=\"lazy\" role=\"img\"\/><\/a><\/figure><\/div>\n","protected":false},"excerpt":{"rendered":"<p>Typick\u00fd ve\u010der: Elektroauto je p\u0159ipojeno k wallboxu, tepeln\u00e9 \u010derpadlo vyt\u00e1p\u00ed d\u016fm, pra\u010dka b\u011b\u017e\u00ed. To, co v modern\u00ed dom\u00e1cnosti zn\u00ed jako norm\u00e1ln\u00ed stav, m\u016f\u017ee rychle dos\u00e1hnout hranic domovn\u00edho p\u0159ipojen\u00ed. V\u011bt\u0161ina n\u011bmeck\u00fdch obytn\u00fdch dom\u016f m\u00e1 domovn\u00ed p\u0159ipojen\u00ed od 15 do 25 kilowatt\u016f. Samotn\u00fd wallbox spot\u0159ebov\u00e1v\u00e1 ji\u017e 11 kW, tepeln\u00e9 \u010derpadlo dal\u0161\u00edch 4 kW. Pokud b\u011b\u017e\u00ed ob\u011b za\u0159\u00edzen\u00ed &#8230; <a title=\"Dynamick\u00e9 \u0159\u00edzen\u00ed z\u00e1t\u011b\u017ee pro wallbox: Co to je a pro\u010d je to d\u016fle\u017eit\u00e9\" class=\"read-more\" href=\"https:\/\/v2charge.com\/cs\/dynamicke-izeni-zat-e-pro-wallbox-co-to-je-a-pro-je-to-d-le-ite\/\" aria-label=\"Read more about Dynamick\u00e9 \u0159\u00edzen\u00ed z\u00e1t\u011b\u017ee pro wallbox: Co to je a pro\u010d je to d\u016fle\u017eit\u00e9\">\u010c\u00edst d\u00e1l<\/a><\/p>\n","protected":false},"author":400,"featured_media":309594,"comment_status":"closed","ping_status":"closed","sticky":false,"template":"","format":"standard","meta":{"_eb_attr":"","content-type":"","_uag_custom_page_level_css":"","footnotes":""},"categories":[],"tags":[],"class_list":["post-318276","post","type-post","status-publish","format-standard","has-post-thumbnail","hentry"],"yoast_head":"<!-- This site is optimized with the Yoast SEO plugin v25.3.1 - https:\/\/yoast.com\/wordpress\/plugins\/seo\/ -->\n<title>Dynamick\u00e9 \u0159\u00edzen\u00ed z\u00e1t\u011b\u017ee Wallbox: V\u00fdhody a n\u00e1klady 2026<\/title>\n<meta name=\"description\" content=\"Co je dynamick\u00e9 \u0159\u00edzen\u00ed z\u00e1t\u011b\u017ee u wallbox\u016f? Vysv\u011btlen\u00ed, rozd\u00edl od statick\u00e9ho, kombinace s PV a pro\u010d zabra\u0148uje p\u0159et\u00ed\u017een\u00ed v dom\u00e1cnosti.\" \/>\n<meta name=\"robots\" content=\"index, follow, max-snippet:-1, max-image-preview:large, max-video-preview:-1\" \/>\n<link rel=\"canonical\" href=\"https:\/\/v2charge.com\/cs\/dynamicke-izeni-zat-e-pro-wallbox-co-to-je-a-pro-je-to-d-le-ite\/\" \/>\n<meta property=\"og:locale\" content=\"cs_CZ\" \/>\n<meta property=\"og:type\" content=\"article\" \/>\n<meta property=\"og:title\" content=\"Dynamick\u00e9 \u0159\u00edzen\u00ed z\u00e1t\u011b\u017ee Wallbox: V\u00fdhody a n\u00e1klady 2026\" \/>\n<meta property=\"og:description\" content=\"Co je dynamick\u00e9 \u0159\u00edzen\u00ed z\u00e1t\u011b\u017ee u wallbox\u016f? Vysv\u011btlen\u00ed, rozd\u00edl od statick\u00e9ho, kombinace s PV a pro\u010d zabra\u0148uje p\u0159et\u00ed\u017een\u00ed v dom\u00e1cnosti.\" \/>\n<meta property=\"og:url\" content=\"https:\/\/v2charge.com\/cs\/dynamicke-izeni-zat-e-pro-wallbox-co-to-je-a-pro-je-to-d-le-ite\/\" \/>\n<meta property=\"og:site_name\" content=\"V2C\" \/>\n<meta property=\"article:publisher\" content=\"https:\/\/www.facebook.com\/V2C.Charge\" \/>\n<meta property=\"article:published_time\" content=\"2026-03-27T11:32:36+00:00\" \/>\n<meta property=\"article:modified_time\" content=\"2026-03-27T11:51:41+00:00\" \/>\n<meta property=\"og:image\" content=\"https:\/\/v2charge.com\/wp-content\/uploads\/2026\/03\/dynamisches-lastmanagement-wallbox.jpg\" \/>\n\t<meta property=\"og:image:width\" content=\"960\" \/>\n\t<meta property=\"og:image:height\" content=\"560\" \/>\n\t<meta property=\"og:image:type\" content=\"image\/jpeg\" \/>\n<meta name=\"author\" content=\"V2C\" \/>\n<meta name=\"twitter:card\" content=\"summary_large_image\" \/>\n<meta name=\"twitter:creator\" content=\"@V2C_Charge\" \/>\n<meta name=\"twitter:site\" content=\"@V2C_Charge\" \/>\n<meta name=\"twitter:label1\" content=\"Napsal(a)\" \/>\n\t<meta name=\"twitter:data1\" content=\"V2C\" \/>\n\t<meta name=\"twitter:label2\" content=\"Odhadovan\u00e1 doba \u010dten\u00ed\" \/>\n\t<meta name=\"twitter:data2\" content=\"6 minut\" \/>\n<script type=\"application\/ld+json\" class=\"yoast-schema-graph\">{\"@context\":\"https:\/\/schema.org\",\"@graph\":[{\"@type\":\"Article\",\"@id\":\"https:\/\/v2charge.com\/cs\/dynamicke-izeni-zat-e-pro-wallbox-co-to-je-a-pro-je-to-d-le-ite\/#article\",\"isPartOf\":{\"@id\":\"https:\/\/v2charge.com\/cs\/dynamicke-izeni-zat-e-pro-wallbox-co-to-je-a-pro-je-to-d-le-ite\/\"},\"author\":{\"name\":\"V2C\",\"@id\":\"https:\/\/v2charge.com\/cs\/#\/schema\/person\/d6f210a94a856acdddec347b2127fd0f\"},\"headline\":\"Dynamick\u00e9 \u0159\u00edzen\u00ed z\u00e1t\u011b\u017ee pro wallbox: Co to je a pro\u010d je to d\u016fle\u017eit\u00e9\",\"datePublished\":\"2026-03-27T11:32:36+00:00\",\"dateModified\":\"2026-03-27T11:51:41+00:00\",\"mainEntityOfPage\":{\"@id\":\"https:\/\/v2charge.com\/cs\/dynamicke-izeni-zat-e-pro-wallbox-co-to-je-a-pro-je-to-d-le-ite\/\"},\"wordCount\":1515,\"publisher\":{\"@id\":\"https:\/\/v2charge.com\/cs\/#organization\"},\"image\":{\"@id\":\"https:\/\/v2charge.com\/cs\/dynamicke-izeni-zat-e-pro-wallbox-co-to-je-a-pro-je-to-d-le-ite\/#primaryimage\"},\"thumbnailUrl\":\"https:\/\/v2charge.com\/wp-content\/uploads\/2026\/03\/dynamisches-lastmanagement-wallbox.jpg\",\"inLanguage\":\"cs\"},{\"@type\":\"WebPage\",\"@id\":\"https:\/\/v2charge.com\/cs\/dynamicke-izeni-zat-e-pro-wallbox-co-to-je-a-pro-je-to-d-le-ite\/\",\"url\":\"https:\/\/v2charge.com\/cs\/dynamicke-izeni-zat-e-pro-wallbox-co-to-je-a-pro-je-to-d-le-ite\/\",\"name\":\"Dynamick\u00e9 \u0159\u00edzen\u00ed z\u00e1t\u011b\u017ee Wallbox: V\u00fdhody a n\u00e1klady 2026\",\"isPartOf\":{\"@id\":\"https:\/\/v2charge.com\/cs\/#website\"},\"primaryImageOfPage\":{\"@id\":\"https:\/\/v2charge.com\/cs\/dynamicke-izeni-zat-e-pro-wallbox-co-to-je-a-pro-je-to-d-le-ite\/#primaryimage\"},\"image\":{\"@id\":\"https:\/\/v2charge.com\/cs\/dynamicke-izeni-zat-e-pro-wallbox-co-to-je-a-pro-je-to-d-le-ite\/#primaryimage\"},\"thumbnailUrl\":\"https:\/\/v2charge.com\/wp-content\/uploads\/2026\/03\/dynamisches-lastmanagement-wallbox.jpg\",\"datePublished\":\"2026-03-27T11:32:36+00:00\",\"dateModified\":\"2026-03-27T11:51:41+00:00\",\"description\":\"Co je dynamick\u00e9 \u0159\u00edzen\u00ed z\u00e1t\u011b\u017ee u wallbox\u016f? Vysv\u011btlen\u00ed, rozd\u00edl od statick\u00e9ho, kombinace s PV a pro\u010d zabra\u0148uje p\u0159et\u00ed\u017een\u00ed v dom\u00e1cnosti.\",\"breadcrumb\":{\"@id\":\"https:\/\/v2charge.com\/cs\/dynamicke-izeni-zat-e-pro-wallbox-co-to-je-a-pro-je-to-d-le-ite\/#breadcrumb\"},\"inLanguage\":\"cs\",\"potentialAction\":[{\"@type\":\"ReadAction\",\"target\":[\"https:\/\/v2charge.com\/cs\/dynamicke-izeni-zat-e-pro-wallbox-co-to-je-a-pro-je-to-d-le-ite\/\"]}]},{\"@type\":\"ImageObject\",\"inLanguage\":\"cs\",\"@id\":\"https:\/\/v2charge.com\/cs\/dynamicke-izeni-zat-e-pro-wallbox-co-to-je-a-pro-je-to-d-le-ite\/#primaryimage\",\"url\":\"https:\/\/v2charge.com\/wp-content\/uploads\/2026\/03\/dynamisches-lastmanagement-wallbox.jpg\",\"contentUrl\":\"https:\/\/v2charge.com\/wp-content\/uploads\/2026\/03\/dynamisches-lastmanagement-wallbox.jpg\",\"width\":960,\"height\":560,\"caption\":\"Was ist das dynamische Lastmanagement einer Wallbox?\"},{\"@type\":\"BreadcrumbList\",\"@id\":\"https:\/\/v2charge.com\/cs\/dynamicke-izeni-zat-e-pro-wallbox-co-to-je-a-pro-je-to-d-le-ite\/#breadcrumb\",\"itemListElement\":[{\"@type\":\"ListItem\",\"position\":1,\"name\":\"V2C\",\"item\":\"https:\/\/v2charge.com\/cs\/\"},{\"@type\":\"ListItem\",\"position\":2,\"name\":\"e-Mobility\",\"item\":\"https:\/\/v2charge.com\/cs\/e-mobility\/\"},{\"@type\":\"ListItem\",\"position\":3,\"name\":\"Dynamick\u00e9 \u0159\u00edzen\u00ed z\u00e1t\u011b\u017ee pro wallbox: Co to je a pro\u010d je to d\u016fle\u017eit\u00e9\"}]},{\"@type\":\"WebSite\",\"@id\":\"https:\/\/v2charge.com\/cs\/#website\",\"url\":\"https:\/\/v2charge.com\/cs\/\",\"name\":\"V2C\",\"description\":\"#CargandoElMa\u00f1ana\",\"publisher\":{\"@id\":\"https:\/\/v2charge.com\/cs\/#organization\"},\"potentialAction\":[{\"@type\":\"SearchAction\",\"target\":{\"@type\":\"EntryPoint\",\"urlTemplate\":\"https:\/\/v2charge.com\/cs\/?s={search_term_string}\"},\"query-input\":{\"@type\":\"PropertyValueSpecification\",\"valueRequired\":true,\"valueName\":\"search_term_string\"}}],\"inLanguage\":\"cs\"},{\"@type\":\"Organization\",\"@id\":\"https:\/\/v2charge.com\/cs\/#organization\",\"name\":\"V2C\",\"url\":\"https:\/\/v2charge.com\/cs\/\",\"logo\":{\"@type\":\"ImageObject\",\"inLanguage\":\"cs\",\"@id\":\"https:\/\/v2charge.com\/cs\/#\/schema\/logo\/image\/\",\"url\":\"https:\/\/v2charge.com\/wp-content\/uploads\/2024\/11\/cropped-v2c-charge-logo-menu.png\",\"contentUrl\":\"https:\/\/v2charge.com\/wp-content\/uploads\/2024\/11\/cropped-v2c-charge-logo-menu.png\",\"width\":984,\"height\":431,\"caption\":\"V2C\"},\"image\":{\"@id\":\"https:\/\/v2charge.com\/cs\/#\/schema\/logo\/image\/\"},\"sameAs\":[\"https:\/\/www.facebook.com\/V2C.Charge\",\"https:\/\/x.com\/V2C_Charge\",\"https:\/\/www.instagram.com\/v2c.charge\/\",\"https:\/\/www.youtube.com\/@V2C\",\"https:\/\/www.linkedin.com\/company\/v2c-chargers\/\"]},{\"@type\":\"Person\",\"@id\":\"https:\/\/v2charge.com\/cs\/#\/schema\/person\/d6f210a94a856acdddec347b2127fd0f\",\"name\":\"V2C\",\"image\":{\"@type\":\"ImageObject\",\"inLanguage\":\"cs\",\"@id\":\"https:\/\/v2charge.com\/cs\/#\/schema\/person\/image\/\",\"url\":\"https:\/\/secure.gravatar.com\/avatar\/a91128c4c0d2f4d63bd586301fdec6cc9aa49c885839b25d1c62700f529f267c?s=96&d=mm&r=g\",\"contentUrl\":\"https:\/\/secure.gravatar.com\/avatar\/a91128c4c0d2f4d63bd586301fdec6cc9aa49c885839b25d1c62700f529f267c?s=96&d=mm&r=g\",\"caption\":\"V2C\"}}]}<\/script>\n<!-- \/ Yoast SEO plugin. -->","yoast_head_json":{"title":"Dynamick\u00e9 \u0159\u00edzen\u00ed z\u00e1t\u011b\u017ee Wallbox: V\u00fdhody a n\u00e1klady 2026","description":"Co je dynamick\u00e9 \u0159\u00edzen\u00ed z\u00e1t\u011b\u017ee u wallbox\u016f? Vysv\u011btlen\u00ed, rozd\u00edl od statick\u00e9ho, kombinace s PV a pro\u010d zabra\u0148uje p\u0159et\u00ed\u017een\u00ed v dom\u00e1cnosti.","robots":{"index":"index","follow":"follow","max-snippet":"max-snippet:-1","max-image-preview":"max-image-preview:large","max-video-preview":"max-video-preview:-1"},"canonical":"https:\/\/v2charge.com\/cs\/dynamicke-izeni-zat-e-pro-wallbox-co-to-je-a-pro-je-to-d-le-ite\/","og_locale":"cs_CZ","og_type":"article","og_title":"Dynamick\u00e9 \u0159\u00edzen\u00ed z\u00e1t\u011b\u017ee Wallbox: V\u00fdhody a n\u00e1klady 2026","og_description":"Co je dynamick\u00e9 \u0159\u00edzen\u00ed z\u00e1t\u011b\u017ee u wallbox\u016f? Vysv\u011btlen\u00ed, rozd\u00edl od statick\u00e9ho, kombinace s PV a pro\u010d zabra\u0148uje p\u0159et\u00ed\u017een\u00ed v dom\u00e1cnosti.","og_url":"https:\/\/v2charge.com\/cs\/dynamicke-izeni-zat-e-pro-wallbox-co-to-je-a-pro-je-to-d-le-ite\/","og_site_name":"V2C","article_publisher":"https:\/\/www.facebook.com\/V2C.Charge","article_published_time":"2026-03-27T11:32:36+00:00","article_modified_time":"2026-03-27T11:51:41+00:00","og_image":[{"width":960,"height":560,"url":"https:\/\/v2charge.com\/wp-content\/uploads\/2026\/03\/dynamisches-lastmanagement-wallbox.jpg","type":"image\/jpeg"}],"author":"V2C","twitter_card":"summary_large_image","twitter_creator":"@V2C_Charge","twitter_site":"@V2C_Charge","twitter_misc":{"Napsal(a)":"V2C","Odhadovan\u00e1 doba \u010dten\u00ed":"6 minut"},"schema":{"@context":"https:\/\/schema.org","@graph":[{"@type":"Article","@id":"https:\/\/v2charge.com\/cs\/dynamicke-izeni-zat-e-pro-wallbox-co-to-je-a-pro-je-to-d-le-ite\/#article","isPartOf":{"@id":"https:\/\/v2charge.com\/cs\/dynamicke-izeni-zat-e-pro-wallbox-co-to-je-a-pro-je-to-d-le-ite\/"},"author":{"name":"V2C","@id":"https:\/\/v2charge.com\/cs\/#\/schema\/person\/d6f210a94a856acdddec347b2127fd0f"},"headline":"Dynamick\u00e9 \u0159\u00edzen\u00ed z\u00e1t\u011b\u017ee pro wallbox: Co to je a pro\u010d je to d\u016fle\u017eit\u00e9","datePublished":"2026-03-27T11:32:36+00:00","dateModified":"2026-03-27T11:51:41+00:00","mainEntityOfPage":{"@id":"https:\/\/v2charge.com\/cs\/dynamicke-izeni-zat-e-pro-wallbox-co-to-je-a-pro-je-to-d-le-ite\/"},"wordCount":1515,"publisher":{"@id":"https:\/\/v2charge.com\/cs\/#organization"},"image":{"@id":"https:\/\/v2charge.com\/cs\/dynamicke-izeni-zat-e-pro-wallbox-co-to-je-a-pro-je-to-d-le-ite\/#primaryimage"},"thumbnailUrl":"https:\/\/v2charge.com\/wp-content\/uploads\/2026\/03\/dynamisches-lastmanagement-wallbox.jpg","inLanguage":"cs"},{"@type":"WebPage","@id":"https:\/\/v2charge.com\/cs\/dynamicke-izeni-zat-e-pro-wallbox-co-to-je-a-pro-je-to-d-le-ite\/","url":"https:\/\/v2charge.com\/cs\/dynamicke-izeni-zat-e-pro-wallbox-co-to-je-a-pro-je-to-d-le-ite\/","name":"Dynamick\u00e9 \u0159\u00edzen\u00ed z\u00e1t\u011b\u017ee Wallbox: V\u00fdhody a n\u00e1klady 2026","isPartOf":{"@id":"https:\/\/v2charge.com\/cs\/#website"},"primaryImageOfPage":{"@id":"https:\/\/v2charge.com\/cs\/dynamicke-izeni-zat-e-pro-wallbox-co-to-je-a-pro-je-to-d-le-ite\/#primaryimage"},"image":{"@id":"https:\/\/v2charge.com\/cs\/dynamicke-izeni-zat-e-pro-wallbox-co-to-je-a-pro-je-to-d-le-ite\/#primaryimage"},"thumbnailUrl":"https:\/\/v2charge.com\/wp-content\/uploads\/2026\/03\/dynamisches-lastmanagement-wallbox.jpg","datePublished":"2026-03-27T11:32:36+00:00","dateModified":"2026-03-27T11:51:41+00:00","description":"Co je dynamick\u00e9 \u0159\u00edzen\u00ed z\u00e1t\u011b\u017ee u wallbox\u016f? Vysv\u011btlen\u00ed, rozd\u00edl od statick\u00e9ho, kombinace s PV a pro\u010d zabra\u0148uje p\u0159et\u00ed\u017een\u00ed v dom\u00e1cnosti.","breadcrumb":{"@id":"https:\/\/v2charge.com\/cs\/dynamicke-izeni-zat-e-pro-wallbox-co-to-je-a-pro-je-to-d-le-ite\/#breadcrumb"},"inLanguage":"cs","potentialAction":[{"@type":"ReadAction","target":["https:\/\/v2charge.com\/cs\/dynamicke-izeni-zat-e-pro-wallbox-co-to-je-a-pro-je-to-d-le-ite\/"]}]},{"@type":"ImageObject","inLanguage":"cs","@id":"https:\/\/v2charge.com\/cs\/dynamicke-izeni-zat-e-pro-wallbox-co-to-je-a-pro-je-to-d-le-ite\/#primaryimage","url":"https:\/\/v2charge.com\/wp-content\/uploads\/2026\/03\/dynamisches-lastmanagement-wallbox.jpg","contentUrl":"https:\/\/v2charge.com\/wp-content\/uploads\/2026\/03\/dynamisches-lastmanagement-wallbox.jpg","width":960,"height":560,"caption":"Was ist das dynamische Lastmanagement einer Wallbox?"},{"@type":"BreadcrumbList","@id":"https:\/\/v2charge.com\/cs\/dynamicke-izeni-zat-e-pro-wallbox-co-to-je-a-pro-je-to-d-le-ite\/#breadcrumb","itemListElement":[{"@type":"ListItem","position":1,"name":"V2C","item":"https:\/\/v2charge.com\/cs\/"},{"@type":"ListItem","position":2,"name":"e-Mobility","item":"https:\/\/v2charge.com\/cs\/e-mobility\/"},{"@type":"ListItem","position":3,"name":"Dynamick\u00e9 \u0159\u00edzen\u00ed z\u00e1t\u011b\u017ee pro wallbox: Co to je a pro\u010d je to d\u016fle\u017eit\u00e9"}]},{"@type":"WebSite","@id":"https:\/\/v2charge.com\/cs\/#website","url":"https:\/\/v2charge.com\/cs\/","name":"V2C","description":"#CargandoElMa\u00f1ana","publisher":{"@id":"https:\/\/v2charge.com\/cs\/#organization"},"potentialAction":[{"@type":"SearchAction","target":{"@type":"EntryPoint","urlTemplate":"https:\/\/v2charge.com\/cs\/?s={search_term_string}"},"query-input":{"@type":"PropertyValueSpecification","valueRequired":true,"valueName":"search_term_string"}}],"inLanguage":"cs"},{"@type":"Organization","@id":"https:\/\/v2charge.com\/cs\/#organization","name":"V2C","url":"https:\/\/v2charge.com\/cs\/","logo":{"@type":"ImageObject","inLanguage":"cs","@id":"https:\/\/v2charge.com\/cs\/#\/schema\/logo\/image\/","url":"https:\/\/v2charge.com\/wp-content\/uploads\/2024\/11\/cropped-v2c-charge-logo-menu.png","contentUrl":"https:\/\/v2charge.com\/wp-content\/uploads\/2024\/11\/cropped-v2c-charge-logo-menu.png","width":984,"height":431,"caption":"V2C"},"image":{"@id":"https:\/\/v2charge.com\/cs\/#\/schema\/logo\/image\/"},"sameAs":["https:\/\/www.facebook.com\/V2C.Charge","https:\/\/x.com\/V2C_Charge","https:\/\/www.instagram.com\/v2c.charge\/","https:\/\/www.youtube.com\/@V2C","https:\/\/www.linkedin.com\/company\/v2c-chargers\/"]},{"@type":"Person","@id":"https:\/\/v2charge.com\/cs\/#\/schema\/person\/d6f210a94a856acdddec347b2127fd0f","name":"V2C","image":{"@type":"ImageObject","inLanguage":"cs","@id":"https:\/\/v2charge.com\/cs\/#\/schema\/person\/image\/","url":"https:\/\/secure.gravatar.com\/avatar\/a91128c4c0d2f4d63bd586301fdec6cc9aa49c885839b25d1c62700f529f267c?s=96&d=mm&r=g","contentUrl":"https:\/\/secure.gravatar.com\/avatar\/a91128c4c0d2f4d63bd586301fdec6cc9aa49c885839b25d1c62700f529f267c?s=96&d=mm&r=g","caption":"V2C"}}]}},"uagb_featured_image_src":{"full":["https:\/\/v2charge.com\/wp-content\/uploads\/2026\/03\/dynamisches-lastmanagement-wallbox.jpg",960,560,false],"thumbnail":["https:\/\/v2charge.com\/wp-content\/uploads\/2026\/03\/dynamisches-lastmanagement-wallbox-150x150.jpg",150,150,true],"medium":["https:\/\/v2charge.com\/wp-content\/uploads\/2026\/03\/dynamisches-lastmanagement-wallbox-300x175.jpg",300,175,true],"medium_large":["https:\/\/v2charge.com\/wp-content\/uploads\/2026\/03\/dynamisches-lastmanagement-wallbox-768x448.jpg",768,448,true],"large":["https:\/\/v2charge.com\/wp-content\/uploads\/2026\/03\/dynamisches-lastmanagement-wallbox.jpg",960,560,false],"gs-tiny":["https:\/\/v2charge.com\/wp-content\/uploads\/2026\/03\/dynamisches-lastmanagement-wallbox-50x29.jpg",50,29,true],"xl":["https:\/\/v2charge.com\/wp-content\/uploads\/2026\/03\/dynamisches-lastmanagement-wallbox.jpg",960,560,false],"xxl":["https:\/\/v2charge.com\/wp-content\/uploads\/2026\/03\/dynamisches-lastmanagement-wallbox.jpg",960,560,false],"xxxl":["https:\/\/v2charge.com\/wp-content\/uploads\/2026\/03\/dynamisches-lastmanagement-wallbox.jpg",960,560,false],"xxxxl":["https:\/\/v2charge.com\/wp-content\/uploads\/2026\/03\/dynamisches-lastmanagement-wallbox.jpg",960,560,false],"xxxxxl":["https:\/\/v2charge.com\/wp-content\/uploads\/2026\/03\/dynamisches-lastmanagement-wallbox.jpg",960,560,false],"1536x1536":["https:\/\/v2charge.com\/wp-content\/uploads\/2026\/03\/dynamisches-lastmanagement-wallbox.jpg",960,560,false],"2048x2048":["https:\/\/v2charge.com\/wp-content\/uploads\/2026\/03\/dynamisches-lastmanagement-wallbox.jpg",960,560,false]},"uagb_author_info":{"display_name":"V2C","author_link":"https:\/\/v2charge.com\/cs\/author\/marketing\/"},"uagb_comment_info":0,"uagb_excerpt":"Typick\u00fd ve\u010der: Elektroauto je p\u0159ipojeno k wallboxu, tepeln\u00e9 \u010derpadlo vyt\u00e1p\u00ed d\u016fm, pra\u010dka b\u011b\u017e\u00ed. To, co v modern\u00ed dom\u00e1cnosti zn\u00ed jako norm\u00e1ln\u00ed stav, m\u016f\u017ee rychle dos\u00e1hnout hranic domovn\u00edho p\u0159ipojen\u00ed. V\u011bt\u0161ina n\u011bmeck\u00fdch obytn\u00fdch dom\u016f m\u00e1 domovn\u00ed p\u0159ipojen\u00ed od 15 do 25 kilowatt\u016f. Samotn\u00fd wallbox spot\u0159ebov\u00e1v\u00e1 ji\u017e 11 kW, tepeln\u00e9 \u010derpadlo dal\u0161\u00edch 4 kW. Pokud b\u011b\u017e\u00ed ob\u011b za\u0159\u00edzen\u00ed&hellip;","_links":{"self":[{"href":"https:\/\/v2charge.com\/cs\/wp-json\/wp\/v2\/posts\/318276","targetHints":{"allow":["GET"]}}],"collection":[{"href":"https:\/\/v2charge.com\/cs\/wp-json\/wp\/v2\/posts"}],"about":[{"href":"https:\/\/v2charge.com\/cs\/wp-json\/wp\/v2\/types\/post"}],"author":[{"embeddable":true,"href":"https:\/\/v2charge.com\/cs\/wp-json\/wp\/v2\/users\/400"}],"replies":[{"embeddable":true,"href":"https:\/\/v2charge.com\/cs\/wp-json\/wp\/v2\/comments?post=318276"}],"version-history":[{"count":0,"href":"https:\/\/v2charge.com\/cs\/wp-json\/wp\/v2\/posts\/318276\/revisions"}],"wp:featuredmedia":[{"embeddable":true,"href":"https:\/\/v2charge.com\/cs\/wp-json\/wp\/v2\/media\/309594"}],"wp:attachment":[{"href":"https:\/\/v2charge.com\/cs\/wp-json\/wp\/v2\/media?parent=318276"}],"wp:term":[{"taxonomy":"category","embeddable":true,"href":"https:\/\/v2charge.com\/cs\/wp-json\/wp\/v2\/categories?post=318276"},{"taxonomy":"post_tag","embeddable":true,"href":"https:\/\/v2charge.com\/cs\/wp-json\/wp\/v2\/tags?post=318276"}],"curies":[{"name":"wp","href":"https:\/\/api.w.org\/{rel}","templated":true}]}}