{"id":318277,"date":"2026-03-31T09:29:38","date_gmt":"2026-03-31T07:29:38","guid":{"rendered":""},"modified":"2026-04-02T16:16:41","modified_gmt":"2026-04-02T14:16:41","slug":"dienstwagen-wallbox-s-mid-m-i-em-2026-spravn-provest-vyu-tovani-s-zam-stnavatelem","status":"publish","type":"post","link":"https:\/\/v2charge.com\/cs\/dienstwagen-wallbox-s-mid-m-i-em-2026-spravn-provest-vyu-tovani-s-zam-stnavatelem\/","title":{"rendered":"Dienstwagen Wallbox s MID m\u011b\u0159i\u010dem 2026: Spr\u00e1vn\u011b prov\u00e9st vy\u00fa\u010dtov\u00e1n\u00ed s zam\u011bstnavatelem"},"content":{"rendered":"<p>Kdo nab\u00edj\u00ed elektrick\u00e9 slu\u017eebn\u00ed vozidlo nebo plug-in hybrid doma, \u010del\u00ed od 1. ledna 2026 zm\u011bn\u011bn\u00fdm po\u017eadavk\u016fm. Dosavadn\u00ed m\u011bs\u00ed\u010dn\u00ed pau\u0161\u00e1l ve v\u00fd\u0161i 30 nebo 70 eur byl zru\u0161en. M\u00edsto toho plat\u00ed: Skute\u010dn\u011b nabit\u00e9 kilowatthodiny mus\u00ed b\u00fdt p\u0159esn\u011b zaznamen\u00e1ny a prok\u00e1z\u00e1ny, ne\u017e zam\u011bstnavatel m\u016f\u017ee n\u00e1klady na elekt\u0159inu bez dan\u011b proplatit.<\/p>\n\n<p>Vlastn\u00ed doklady nejsou v\u00fdslovn\u011b povoleny. Z\u00e1kladem je <a href=\"https:\/\/www.bundesfinanzministerium.de\/Content\/DE\/Downloads\/BMF_Schreiben\/Steuerarten\/Lohnsteuer\/2025-11-11-selbst-getragenen-stromkosten.pdf?__blob=publicationFile&amp;v=3\">BMF dopis ze dne 11. listopadu 2025<\/a>.<\/p>\n\n<div class=\"wp-block-uagb-advanced-heading uagb-block-655d7969\"><h2 class=\"uagb-heading-text\">Co se od roku 2026 zm\u011bnilo<\/h2><\/div>\n\n\n<p><\/p>\n\n\n<p>Do konce roku 2025 mohli zam\u011bstnanci m\u011bs\u00ed\u010dn\u011b dost\u00e1vat pau\u0161\u00e1ln\u00ed n\u00e1hradu 70 eur bez dan\u011b, pokud u zam\u011bstnavatele nebyla k dispozici mo\u017enost nab\u00edjen\u00ed. P\u0159i existuj\u00edc\u00ed firemn\u00ed nab\u00edjec\u00ed infrastruktu\u0159e to bylo 30 eur. Bez m\u011b\u0159ic\u00edho dokladu, bez \u00fa\u010dtenek.<\/p>\n\n<p>Tato \u00faprava vypr\u0161\u00ed 31. prosince 2025. Od 1. ledna 2026 plat\u00ed dv\u011b povolen\u00e9 metody \u00fa\u010dtov\u00e1n\u00ed:<\/p>\n\n<figure class=\"wp-block-table\"><table class=\"has-fixed-layout\"><thead><tr><th>Metoda<\/th><th>Z\u00e1klad<\/th><th>D\u016fkaz<\/th><\/tr><\/thead><tbody><tr><td><strong>Skute\u010dn\u00e9 n\u00e1klady na elekt\u0159inu<\/strong><\/td><td>Individu\u00e1ln\u00ed dom\u00e1c\u00ed tarif za elekt\u0159inu v\u010detn\u011b pom\u011brn\u00e9 z\u00e1kladn\u00ed ceny<\/td><td>Faktura za elekt\u0159inu + d\u016fkaz o kWh<\/td><\/tr><tr><td><strong>Pau\u0161\u00e1ln\u00ed cena za elekt\u0159inu<\/strong><\/td><td>Pr\u016fm\u011brn\u00e1 cena podle Statistick\u00e9ho \u00fa\u0159adu (Destatis)<\/td><td>D\u016fkaz o kWh<\/td><\/tr><\/tbody><\/table><\/figure>\n\n<p>Pro rok 2026 stanovil Statistick\u00fd \u00fa\u0159ad pau\u0161\u00e1ln\u00ed hodnotu na <strong>34 cent\u016f za kilowatt hodinu<\/strong>. Zvolen\u00e1 metoda plat\u00ed jednotn\u011b pro cel\u00e9 kalend\u00e1\u0159n\u00ed rok; zm\u011bna v pr\u016fb\u011bhu roku nen\u00ed mo\u017en\u00e1.<\/p>\n\n<p>N\u00e1klady budou vr\u00e1ceny bez dan\u011b jako n\u00e1hrada v\u00fddaj\u016f podle \u00a7 3 \u010d. 50 EStG. Nab\u00edjen\u00ed u zam\u011bstnavatele z\u016fst\u00e1v\u00e1 t\u00edmto nedot\u010deno a nad\u00e1le je osvobozeno od dan\u011b podle \u00a7 3 \u010d. 46 EStG.<\/p>\n\n<div class=\"wp-block-uagb-advanced-heading uagb-block-1ddff687\"><h2 class=\"uagb-heading-text\">Pro\u010d je nyn\u00ed m\u011b\u0159i\u010d ve wallboxu rozhoduj\u00edc\u00ed<\/h2><\/div>\n\n\n<p><\/p>\n\n\n<p>Doklad o na\u010derpan\u00fdch kilowatthodin\u00e1ch je podm\u00ednkou pro ka\u017edou refundaci. BMF vy\u017eaduje samostatn\u00fd elektrom\u011br. T\u0159i varianty jsou v z\u00e1sad\u011b povoleny:<\/p>\n\n<p><strong>Stacion\u00e1rn\u00ed m\u011b\u0159i\u010d ve wallboxu<\/strong>. nejprakti\u010dt\u011bj\u0161\u00ed \u0159e\u0161en\u00ed pro dom\u00e1c\u00ed nab\u00edje\u010de. M\u011b\u0159i\u010d je pevn\u011b zabudov\u00e1n, m\u011b\u0159\u00ed nep\u0159etr\u017eit\u011b a lze jej \u010d\u00edst p\u0159es displej nebo aplikaci.<\/p>\n\n<p><strong>Separ\u00e1tn\u00ed mezi\u010d\u00edta\u010d<\/strong>. mezi rozvodnou sk\u0159\u00edn\u00ed a wallboxem nainstalovan\u00fd \u010d\u00edta\u010d. Smyslupln\u00e9, pokud wallbox s\u00e1m o sob\u011b nem\u00e1 \u010d\u00edta\u010d a m\u00e1 b\u00fdt dodate\u010dn\u011b nainstalov\u00e1n.<\/p>\n\n<p><strong>Intern\u00ed m\u011b\u0159i\u010d vozidla<\/strong>. obecn\u011b povolen, ale v praxi problematick\u00fd. Vozidlo mus\u00ed b\u00fdt schopno technicky odd\u011blit mno\u017estv\u00ed energie nabit\u00e9 na dom\u00e1c\u00ed nab\u00edjec\u00ed stanici od nab\u00edjec\u00edch proces\u016f na jin\u00fdch m\u00edstech. Tato funkce nen\u00ed spolehliv\u011b implementov\u00e1na u v\u0161ech vozidel.<\/p>\n\n\n<figure class=\"wp-block-image size-full\"><img decoding=\"async\" width=\"960\" height=\"640\" src=\"https:\/\/v2charge.com\/wp-content\/uploads\/2026\/03\/e-auto-foerderung-2026-deutschland.jpg\" alt=\"Seit Januar 2026 entfallen die Ladepauschalen f\u00fcr E-Dienstwagen\" class=\"wp-image-307231\" srcset=\"https:\/\/v2charge.com\/wp-content\/uploads\/2026\/03\/e-auto-foerderung-2026-deutschland.jpg 960w, https:\/\/v2charge.com\/wp-content\/uploads\/2026\/03\/e-auto-foerderung-2026-deutschland-300x200.jpg 300w, https:\/\/v2charge.com\/wp-content\/uploads\/2026\/03\/e-auto-foerderung-2026-deutschland-768x512.jpg 768w, https:\/\/v2charge.com\/wp-content\/uploads\/2026\/03\/e-auto-foerderung-2026-deutschland-50x33.jpg 50w\" sizes=\"(max-width: 960px) 100vw, 960px\" \/><\/figure>\n\n\n\n<p><\/p>\n\n\n<div class=\"wp-block-uagb-advanced-heading uagb-block-df291883\"><h2 class=\"uagb-heading-text\">MID m\u011b\u0159i\u010d vs. na eichrechtu zalo\u017een\u00e1 n\u00e1st\u011bnn\u00e1 nab\u00edje\u010dka: Rozd\u00edl<\/h2><\/div>\n\n\n<p><\/p>\n\n\n<p>V praxi se pravideln\u011b objevuje zmatek ohledn\u011b t\u011bchto dvou pojm\u016f. Nejsou to tot\u00e9\u017e.<\/p>\n\n<p><strong><a href=\"https:\/\/v2charge.com\/cs\/podpora-trydan-cs-1777116621\/m-i-mid\/\">MID-konformn\u00ed m\u011b\u0159i\u010d<\/a><\/strong> (Sm\u011brnice o m\u011b\u0159ic\u00edch p\u0159\u00edstroj\u00edch): M\u011b\u0159i\u010d, kter\u00fd spl\u0148uje evropskou sm\u011brnici o m\u011b\u0159ic\u00edch p\u0159\u00edstroj\u00edch. Zaru\u010duje p\u0159esnost m\u011b\u0159en\u00ed \u00b11\u20132 % a je mezin\u00e1rodn\u011b uzn\u00e1v\u00e1n pro \u00fa\u010dtov\u00e1n\u00ed na z\u00e1klad\u011b spot\u0159eby. AGME v lednu 2026 objasnila, \u017ee pevn\u011b instalovan\u00fd MID m\u011b\u0159i\u010d v jasn\u011b vymezen\u00fdch situac\u00edch 1-za-1 \u2014 v\u00fdhradn\u011b slu\u017eebn\u00ed vozidlo u t\u00e9to wallbox \u2014 sta\u010d\u00ed pro \u00fa\u010dtov\u00e1n\u00ed v\u016f\u010di zam\u011bstnavateli. Mobiln\u00ed MID m\u011b\u0159i\u010de v nab\u00edjec\u00edm kabelu jsou v\u00fdslovn\u011b zak\u00e1z\u00e1ny.<\/p>\n\n<p><strong><a href=\"https:\/\/v2charge.com\/cs\/trydan\/\">Wallbox v souladu s pr\u00e1vn\u00edmi p\u0159edpisy<\/a><\/strong>: Vy\u0161\u0161\u00ed standard, kter\u00fd p\u0159esahuje po\u017eadavky MID. Cel\u00e1 nab\u00edjec\u00ed hardware v\u010detn\u011b ukl\u00e1d\u00e1n\u00ed dat a ochrany proti manipulaci proch\u00e1z\u00ed n\u011bmeck\u00fdm postupem posuzov\u00e1n\u00ed shody (REA-6). Tento standard je nezbytn\u011b nutn\u00fd na ve\u0159ejn\u00fdch nab\u00edjec\u00edch m\u00edstech a p\u0159i \u00fa\u010dtov\u00e1n\u00ed v\u016f\u010di extern\u00edm t\u0159et\u00edm stran\u00e1m (nap\u0159. hotelov\u00fdm host\u016fm, firemn\u00edm parkovi\u0161t\u00edm s poplatky).<\/p>\n\n<p>Pro vy\u00fa\u010dtov\u00e1n\u00ed slu\u017eebn\u00edch vozidel mezi zam\u011bstnancem a zam\u011bstnavatelem nen\u00ed z\u00e1konn\u011b vy\u017eadov\u00e1na <strong>kalibrovan\u00e1 wallbox<\/strong>. Mnoho zam\u011bstnavatel\u016f ji v\u0161ak po\u017eaduje z d\u016fvod\u016f zaji\u0161t\u011bn\u00ed revizn\u00ed bezpe\u010dnosti. P\u0159ed n\u00e1kupem se proto doporu\u010duje konzultace se zam\u011bstnavatelem nebo odd\u011blen\u00edm lidsk\u00fdch zdroj\u016f.<\/p>\n\n\n<div class=\"wp-block-uagb-image uagb-block-90024bb6 wp-block-uagb-image--layout-default wp-block-uagb-image--effect-static wp-block-uagb-image--align-none\"><figure class=\"wp-block-uagb-image__figure\"><a class=\"\" href=\"https:\/\/v2charge.com\/cs\/trydan\/\" target=\"\" rel=\"noopener\"><img decoding=\"async\" srcset=\"https:\/\/v2charge.com\/wp-content\/uploads\/2026\/02\/intelligenteste-wallbox-elektroautos-trydan.jpg ,https:\/\/v2charge.com\/wp-content\/uploads\/2026\/02\/intelligenteste-wallbox-elektroautos-trydan.jpg 780w, https:\/\/v2charge.com\/wp-content\/uploads\/2026\/02\/intelligenteste-wallbox-elektroautos-trydan.jpg 360w\" sizes=\"auto, (max-width: 480px) 150px\" src=\"https:\/\/v2charge.com\/wp-content\/uploads\/2026\/02\/intelligenteste-wallbox-elektroautos-trydan.jpg\" alt=\"\" class=\"uag-image-303535\" width=\"818\" height=\"818\" title=\"intelligenteste-wallbox-elektroautos-trydan\" loading=\"lazy\" role=\"img\"\/><\/a><\/figure><\/div>\n\n\n<div class=\"wp-block-uagb-advanced-heading uagb-block-f6f2dd5c\"><h2 class=\"uagb-heading-text\">Jak\u00e9 vlastnosti wallboxu jsou relevantn\u00ed pro vy\u00fa\u010dtov\u00e1n\u00ed slu\u017eebn\u00edch vozidel<\/h2><\/div>\n\n\n<p><\/p>\n\n\n<p>Krom\u011b typu m\u011b\u0159i\u010de existuj\u00ed dal\u0161\u00ed vlastnosti, kter\u00e9 jsou relevantn\u00ed pro vy\u00fa\u010dtov\u00e1n\u00ed slu\u017eebn\u00edch vozidel:<\/p>\n\n<p><strong>Exportn\u00ed funkce pro nab\u00edjec\u00ed data.<\/strong> M\u011bs\u00ed\u010dn\u00ed vy\u00fa\u010dtov\u00e1n\u00ed s zam\u011bstnavatelem vy\u017eaduje d\u016fkaz o nahran\u00fdch kilowatthodin\u00e1ch. Wallbox s p\u0159ipojen\u00edm k aplikaci, kter\u00e1 exportuje nab\u00edjec\u00ed zpr\u00e1vy ve form\u00e1tu PDF nebo CSV, zna\u010dn\u011b usnad\u0148uje tento proces. Webov\u00fd p\u0159\u00edstup je v tomto p\u0159\u00edpad\u011b v\u00fdhodn\u011bj\u0161\u00ed ne\u017e Bluetooth p\u0159\u00edstup; u posledn\u011b jmenovan\u00e9ho mus\u00ed b\u00fdt u\u017eivatel v p\u0159\u00edm\u00e9 bl\u00edzkosti wallboxu.<\/p>\n\n<p><strong>Ochrana p\u0159\u00edstupu pomoc\u00ed RFID.<\/strong> Pokud je vedle slu\u017eebn\u00edho vozidla nab\u00edjeno tak\u00e9 soukrom\u00e9 elektrick\u00e9 auto na stejn\u00e9 wallbox, je nutn\u00e9 rozli\u0161it nab\u00edjec\u00ed procesy. Pomoc\u00ed RFID karet lze jasn\u011b p\u0159i\u0159adit, kolik kilowatt hodin n\u00e1le\u017e\u00ed slu\u017eebn\u00edmu vozu. Bez tohoto rozd\u011blen\u00ed m\u016f\u017ee b\u00fdt cel\u00e9 obdob\u00ed fakturace neplatn\u00e9.<\/p>\n\n<p><strong>11 kW nab\u00edjec\u00ed v\u00fdkon.<\/strong> T\u0159\u00edf\u00e1zov\u00e1 11-kW-wallbox je standardem pro dom\u00e1c\u00ed nab\u00edjen\u00ed a pokr\u00fdv\u00e1 v\u0161echna b\u011b\u017en\u00e1 slu\u017eebn\u00ed vozidla. P\u0159i kapacit\u011b baterie 60 kWh trv\u00e1 \u00fapln\u00e9 nabit\u00ed p\u0159ibli\u017en\u011b p\u011bt a\u017e \u0161est hodin.<\/p>\n\n<p><strong><a href=\"https:\/\/v2charge.com\/cs\/dynamicke-izeni-v-konu\/\">Dynamick\u00e9 \u0159\u00edzen\u00ed z\u00e1t\u011b\u017ee<\/a>.<\/strong> Nen\u00ed nezbytn\u00e9 pro fakturaci, ale je relevantn\u00ed pro instalaci. Pokud b\u011b\u017e\u00ed dom\u00e1c\u00ed spot\u0159ebi\u010de a wallbox sou\u010dasn\u011b, m\u016f\u017ee bez \u0159\u00edzen\u00ed z\u00e1t\u011b\u017ee doj\u00edt k vybit\u00ed jisti\u010de. Wallbox s dynamickou \u00fapravou v\u00fdkonu to automaticky zabra\u0148uje.<\/p>\n\n<p><strong><a href=\"https:\/\/v2charge.com\/cs\/wallbox-mit-pv-anlage-verbinden-so-funktioniert-intelligentes-laden-mit-solarstrom\/\">Integrace PV<\/a>.<\/strong> Kdo m\u00e1 doma sol\u00e1rn\u00ed syst\u00e9m, m\u016f\u017ee nab\u00edjet slu\u017eebn\u00ed vozidlo vyrobenou elekt\u0159inou. Od dopisu BMF plat\u00ed pro PV elekt\u0159inu b\u011b\u017en\u00e1 dom\u00e1c\u00ed tarif nebo pau\u0161\u00e1ln\u00ed cena za elekt\u0159inu; samostatn\u00e9 vy\u00fa\u010dtov\u00e1n\u00ed n\u00e1klad\u016f na sol\u00e1rn\u00ed elekt\u0159inu ji\u017e nen\u00ed nutn\u00e9.<\/p>\n\n<div class=\"wp-block-uagb-advanced-heading uagb-block-02c82c7d\"><h2 class=\"uagb-heading-text\">Jak funguje \u00fa\u010dtov\u00e1n\u00ed v praxi<\/h2><\/div>\n\n\n<p><\/p>\n\n\n<p>Po odborn\u00e9 instalaci wallboxu kvalifikovan\u00fdm elektrik\u00e1\u0159em prob\u00edh\u00e1 proces p\u0159ev\u00e1\u017en\u011b automaticky:<\/p>\n\n<p>Wallbox zaznamen\u00e1v\u00e1 ka\u017ed\u00fd proces nab\u00edjen\u00ed s \u010dasov\u00fdm raz\u00edtkem a kilowatthodinami. Na konci m\u011bs\u00edce je prost\u0159ednictv\u00edm aplikace nebo webov\u00e9ho rozhran\u00ed exportov\u00e1na zpr\u00e1va o nab\u00edjen\u00ed. Tento doklad je zasl\u00e1n spolu s aktu\u00e1ln\u00edm vy\u00fa\u010dtov\u00e1n\u00edm elekt\u0159iny zam\u011bstnavateli nebo mzdov\u00e9 \u00fa\u010dt\u00e1rn\u011b. Na z\u00e1klad\u011b prok\u00e1zan\u00fdch kWh zam\u011bstnavatel vypo\u010d\u00edt\u00e1 da\u0148ov\u011b osvobozenou n\u00e1hradu v\u00fddaj\u016f podle \u00a7 3 \u010d. 50 EStG.<\/p>\n\n<p>D\u016fle\u017eit\u00e9: Zam\u011bstnavatel\u00e9 a zam\u011bstnanci mus\u00ed na za\u010d\u00e1tku roku ur\u010dit, zda se bude \u00fa\u010dtovat podle skute\u010dn\u00fdch n\u00e1klad\u016f nebo podle pau\u0161\u00e1ln\u00ed ceny za elekt\u0159inu. Toto rozhodnut\u00ed je z\u00e1vazn\u00e9 po cel\u00e9 kalend\u00e1\u0159n\u00ed rok.<\/p>\n\n<div class=\"wp-block-uagb-advanced-heading uagb-block-e3debeeb\"><h2 class=\"uagb-heading-text\">Pen\u011b\u017en\u00ed v\u00fdhoda a pravidlo 0,25 procenta<\/h2><\/div>\n\n\n<p><\/p>\n\n\n<p>Bez ohledu na vy\u00fa\u010dtov\u00e1n\u00ed n\u00e1klad\u016f na nab\u00edjen\u00ed plat\u00ed pro zdan\u011bn\u00ed slu\u017eebn\u00edho vozidla zn\u00e1m\u00e9 pravidlo: Pro \u010dist\u011b elektrick\u00e1 vozidla s hrubou cenou do 100.000 Euro se pen\u011b\u017en\u00ed hodnota v\u00fdhody stanovuje m\u011bs\u00ed\u010dn\u011b na 0,25 procenta z hrub\u00e9 ceny. Pro plug-in hybridy plat\u00ed 0,5 procenta. N\u00e1hrada n\u00e1klad\u016f na nab\u00edjen\u00ed je od toho odd\u011blena a je pova\u017eov\u00e1na za n\u00e1hradu v\u00fddaj\u016f, nikoli za pen\u011b\u017en\u00ed hodnotu v\u00fdhody.<\/p>\n\n<div class=\"wp-block-uagb-advanced-heading uagb-block-2b3688f9\"><h2 class=\"uagb-heading-text\">\u010casto kladen\u00e9 ot\u00e1zky<\/h2><\/div>\n\n\n<p><\/p>\n\n\n<div class=\"wp-block-uagb-advanced-heading uagb-block-2d54f1be\"><h5 class=\"uagb-heading-text\">Sta\u010d\u00ed MID m\u011b\u0159i\u010d, nebo je pot\u0159eba wallbox v souladu s metrologick\u00fdm pr\u00e1vem?<\/h5><\/div>\n\n<p>Z\u00e1le\u017e\u00ed na zam\u011bstnavateli. Da\u0148ov\u00fd \u00fa\u0159ad akceptuje pevn\u011b instalovan\u00fd MID-konformn\u00ed m\u011b\u0159i\u010d v situaci 1:1. Mnoho zam\u011bstnavatel\u016f v\u0161ak z d\u016fvod\u016f revizn\u00ed bezpe\u010dnosti po\u017eaduje m\u011b\u0159i\u010de v souladu se z\u00e1konem o metrologii. Vyjasn\u011bn\u00ed p\u0159ed n\u00e1kupem \u0161et\u0159\u00ed pozd\u011bj\u0161\u00ed n\u00e1klady na p\u0159estavbu. Modely v souladu se z\u00e1konem o metrologii obvykle stoj\u00ed o 300 a\u017e 700 eur v\u00edce ne\u017e MID-Wallboxy.<\/p>\n\n<div class=\"wp-block-uagb-advanced-heading uagb-block-03dd8ac9\"><h5 class=\"uagb-heading-text\">Co se stane, pokud nen\u00ed k dispozici \u017e\u00e1dn\u00fd doklad o m\u011b\u0159en\u00ed? <\/h5><\/div>\n\n<p>Bez dokladu o nabit\u00fdch kilowatthodin\u00e1ch nen\u00ed od ledna 2026 mo\u017en\u00e9 osvobozen\u00e9 vr\u00e1cen\u00ed. Star\u00fd pau\u0161\u00e1ln\u00ed re\u017eim vypr\u0161el a nen\u00ed mo\u017en\u00e9 jej obnovit.<\/p>\n\n<div class=\"wp-block-uagb-advanced-heading uagb-block-87df0de7\"><h5 class=\"uagb-heading-text\">M\u016f\u017ee b\u00fdt slu\u017eebn\u00ed v\u016fz nab\u00edjen a \u00fa\u010dtov\u00e1n tak\u00e9 s PV elekt\u0159inou?<\/h5><\/div>\n\n<p>Ano. PV-energie se od dopisu BMF pova\u017euje za b\u011b\u017enou dom\u00e1c\u00ed energii. Prok\u00e1zan\u00e9 kWh se n\u00e1sob\u00ed individu\u00e1ln\u00ed sazbou nebo pau\u0161\u00e1ln\u00ed cenou za elekt\u0159inu; samostatn\u00e9 v\u00fdpo\u010dty n\u00e1klad\u016f na sol\u00e1rn\u00ed energii odpad\u00e1vaj\u00ed.<\/p>\n\n<div class=\"wp-block-uagb-advanced-heading uagb-block-70c11f26\"><h5 class=\"uagb-heading-text\">Co plat\u00ed, kdy\u017e se na stejn\u00e9 wallboxu nab\u00edj\u00ed tak\u00e9 soukrom\u00e9 elektrick\u00e9 auto?<\/h5><\/div>\n\n<p>Pak mus\u00ed b\u00fdt nab\u00edjec\u00ed procesy technicky odd\u011bliteln\u00e9, nap\u0159. pomoc\u00ed RFID karty. Pokud to nen\u00ed zaji\u0161t\u011bno, m\u016f\u017ee zam\u011bstnavatel odm\u00edtnout proplacen\u00ed. V tomto p\u0159\u00edpad\u011b se doporu\u010duje bu\u010f druh\u00e1 Wallbox pro soukrom\u00e9 vozidlo, nebo Wallbox s funkc\u00ed RFID pro v\u00edce u\u017eivatel\u016f.<\/p>\n\n<div class=\"wp-block-uagb-advanced-heading uagb-block-da20336c\"><h5 class=\"uagb-heading-text\">Kdo nese n\u00e1klady na instalaci wallboxu? <\/h5><\/div>\n\n<p>To z\u00e1vis\u00ed na dohod\u011b se zam\u011bstnavatelem. Mnoho spole\u010dnost\u00ed pokr\u00fdv\u00e1 n\u00e1kup a instalaci, proto\u017ee vy\u00fa\u010dtov\u00e1n\u00ed slu\u017eebn\u00edch vozidel je v z\u00e1jmu firmy. Podp\u016frn\u00e9 programy jednotliv\u00fdch kraj\u016f mohou b\u00fdt vyu\u017eity jako dopln\u011bk; \u017e\u00e1dost mus\u00ed b\u00fdt obvykle pod\u00e1na p\u0159ed n\u00e1kupem.<\/p>\n\n<div class=\"wp-block-uagb-advanced-heading uagb-block-6e2996b3\"><h5 class=\"uagb-heading-text\">Plat\u00ed nov\u00e9 na\u0159\u00edzen\u00ed tak\u00e9 pro plug-in hybridy?<\/h5><\/div>\n\n<p>Ano. Dopis BMF se vztahuje jak na \u010dist\u011b elektrick\u00e1 slu\u017eebn\u00ed vozidla, tak na plug-in hybridy.<\/p>\n\n<div class=\"wp-block-uagb-advanced-heading uagb-block-1648e764\"><h2 class=\"uagb-heading-text\">Stru\u010dn\u011b \u0159e\u010deno<\/h2><\/div>\n\n\n<p><\/p>\n\n\n<p>Nov\u00e1 povinnost vy\u00fa\u010dtov\u00e1n\u00ed znamen\u00e1 pro \u0159idi\u010de slu\u017eebn\u00edch vozidel v\u011bt\u0161\u00ed transparentnost a v mnoha p\u0159\u00edpadech tak\u00e9 vy\u0161\u0161\u00ed n\u00e1hradu ne\u017e podle star\u00fdch pau\u0161\u00e1l\u016f; zejm\u00e9na p\u0159i vysok\u00fdch j\u00edzdn\u00edch v\u00fdkonech nebo v\u00fdhodn\u00fdch cen\u00e1ch elekt\u0159iny. Podm\u00ednkou je spr\u00e1vn\u00e1 wallbox: s pevn\u011b zabudovan\u00fdm MID-konformn\u00edm m\u011b\u0159i\u010dem, exportn\u00ed funkc\u00ed pro nab\u00edjec\u00ed data a \u2014 v z\u00e1vislosti na po\u017eadavc\u00edch zam\u011bstnavatele \u2014 m\u011b\u0159en\u00edm v souladu se z\u00e1konem o metrologii.<\/p>\n\n<p>V2C Trydan podporuje integraci extern\u00edho MID m\u011b\u0159i\u010de. P\u0159ipojen\u00ed a nastaven\u00ed jsou zdokumentov\u00e1ny v <a href=\"https:\/\/v2charge.com\/cs\/podpora-trydan-cs-1777116621\/m-i-mid\/\">V2C podpo\u0159e<\/a>. Pro instalaci se doporu\u010duje certifikovan\u00fd elektroinstalat\u00e9r; <a href=\"https:\/\/v2charge.com\/cs\/najd-te-sveho-instalatera\/\">V2C instalat\u00e9ra v bl\u00edzkosti<\/a> lze naj\u00edt prost\u0159ednictv\u00edm partnersk\u00e9 s\u00edt\u011b V2C.<\/p>\n\n\n<p><\/p>\n","protected":false},"excerpt":{"rendered":"<p>Kdo nab\u00edj\u00ed elektrick\u00e9 slu\u017eebn\u00ed vozidlo nebo plug-in hybrid doma, \u010del\u00ed od 1. ledna 2026 zm\u011bn\u011bn\u00fdm po\u017eadavk\u016fm. Dosavadn\u00ed m\u011bs\u00ed\u010dn\u00ed pau\u0161\u00e1l ve v\u00fd\u0161i 30 nebo 70 eur byl zru\u0161en. M\u00edsto toho plat\u00ed: Skute\u010dn\u011b nabit\u00e9 kilowatthodiny mus\u00ed b\u00fdt p\u0159esn\u011b zaznamen\u00e1ny a prok\u00e1z\u00e1ny, ne\u017e zam\u011bstnavatel m\u016f\u017ee n\u00e1klady na elekt\u0159inu bez dan\u011b proplatit. Vlastn\u00ed doklady nejsou v\u00fdslovn\u011b povoleny. Z\u00e1kladem je &#8230; <a title=\"Dienstwagen Wallbox s MID m\u011b\u0159i\u010dem 2026: Spr\u00e1vn\u011b prov\u00e9st vy\u00fa\u010dtov\u00e1n\u00ed s zam\u011bstnavatelem\" class=\"read-more\" href=\"https:\/\/v2charge.com\/cs\/dienstwagen-wallbox-s-mid-m-i-em-2026-spravn-provest-vyu-tovani-s-zam-stnavatelem\/\" aria-label=\"Read more about Dienstwagen Wallbox s MID m\u011b\u0159i\u010dem 2026: Spr\u00e1vn\u011b prov\u00e9st vy\u00fa\u010dtov\u00e1n\u00ed s zam\u011bstnavatelem\">\u010c\u00edst d\u00e1l<\/a><\/p>\n","protected":false},"author":400,"featured_media":310878,"comment_status":"closed","ping_status":"closed","sticky":false,"template":"","format":"standard","meta":{"_eb_attr":"","content-type":"","_uag_custom_page_level_css":"","footnotes":""},"categories":[],"tags":[],"class_list":["post-318277","post","type-post","status-publish","format-standard","has-post-thumbnail","hentry"],"yoast_head":"<!-- This site is optimized with the Yoast SEO plugin v25.3.1 - https:\/\/yoast.com\/wordpress\/plugins\/seo\/ -->\n<title>Dienstwagen Wallbox s MID m\u011b\u0159i\u010dem 2026: Vy\u00fa\u010dtov\u00e1n\u00ed<\/title>\n<meta name=\"description\" content=\"Od ledna 2026 budou zru\u0161eny poplatky za nab\u00edjen\u00ed pro elektrick\u00e1 slu\u017eebn\u00ed vozidla. Kter\u00e1 wallbox s MID m\u011b\u0159i\u010dem spl\u0148uje nov\u00e9 p\u0159esn\u00e9 \u00fa\u010dtov\u00e1n\u00ed kWh, jak\u00fd je rozd\u00edl mezi MID a z\u00e1konem o m\u011b\u0159en\u00ed a na co je t\u0159eba p\u0159i v\u00fdb\u011bru db\u00e1t.\" \/>\n<meta name=\"robots\" content=\"index, follow, max-snippet:-1, max-image-preview:large, max-video-preview:-1\" \/>\n<link rel=\"canonical\" href=\"https:\/\/v2charge.com\/cs\/dienstwagen-wallbox-s-mid-m-i-em-2026-spravn-provest-vyu-tovani-s-zam-stnavatelem\/\" \/>\n<meta property=\"og:locale\" content=\"cs_CZ\" \/>\n<meta property=\"og:type\" content=\"article\" \/>\n<meta property=\"og:title\" content=\"Dienstwagen Wallbox s MID m\u011b\u0159i\u010dem 2026: Vy\u00fa\u010dtov\u00e1n\u00ed\" \/>\n<meta property=\"og:description\" content=\"Od ledna 2026 budou zru\u0161eny poplatky za nab\u00edjen\u00ed pro elektrick\u00e1 slu\u017eebn\u00ed vozidla. Kter\u00e1 wallbox s MID m\u011b\u0159i\u010dem spl\u0148uje nov\u00e9 p\u0159esn\u00e9 \u00fa\u010dtov\u00e1n\u00ed kWh, jak\u00fd je rozd\u00edl mezi MID a z\u00e1konem o m\u011b\u0159en\u00ed a na co je t\u0159eba p\u0159i v\u00fdb\u011bru db\u00e1t.\" \/>\n<meta property=\"og:url\" content=\"https:\/\/v2charge.com\/cs\/dienstwagen-wallbox-s-mid-m-i-em-2026-spravn-provest-vyu-tovani-s-zam-stnavatelem\/\" \/>\n<meta property=\"og:site_name\" content=\"V2C\" \/>\n<meta property=\"article:publisher\" content=\"https:\/\/www.facebook.com\/V2C.Charge\" \/>\n<meta property=\"article:published_time\" content=\"2026-03-31T07:29:38+00:00\" \/>\n<meta property=\"article:modified_time\" content=\"2026-04-02T14:16:41+00:00\" \/>\n<meta property=\"og:image\" content=\"https:\/\/v2charge.com\/wp-content\/uploads\/2026\/03\/dienstwagen-wallbox-MID-zahler-2026-abrechnung-arbeitgeber.jpg\" \/>\n\t<meta property=\"og:image:width\" content=\"960\" \/>\n\t<meta property=\"og:image:height\" content=\"560\" \/>\n\t<meta property=\"og:image:type\" content=\"image\/jpeg\" \/>\n<meta name=\"author\" content=\"V2C\" \/>\n<meta name=\"twitter:card\" content=\"summary_large_image\" \/>\n<meta name=\"twitter:creator\" content=\"@V2C_Charge\" \/>\n<meta name=\"twitter:site\" content=\"@V2C_Charge\" \/>\n<meta name=\"twitter:label1\" content=\"Napsal(a)\" \/>\n\t<meta name=\"twitter:data1\" content=\"V2C\" \/>\n\t<meta name=\"twitter:label2\" content=\"Odhadovan\u00e1 doba \u010dten\u00ed\" \/>\n\t<meta name=\"twitter:data2\" content=\"6 minut\" \/>\n<script type=\"application\/ld+json\" class=\"yoast-schema-graph\">{\"@context\":\"https:\/\/schema.org\",\"@graph\":[{\"@type\":\"Article\",\"@id\":\"https:\/\/v2charge.com\/cs\/dienstwagen-wallbox-s-mid-m-i-em-2026-spravn-provest-vyu-tovani-s-zam-stnavatelem\/#article\",\"isPartOf\":{\"@id\":\"https:\/\/v2charge.com\/cs\/dienstwagen-wallbox-s-mid-m-i-em-2026-spravn-provest-vyu-tovani-s-zam-stnavatelem\/\"},\"author\":{\"name\":\"V2C\",\"@id\":\"https:\/\/v2charge.com\/cs\/#\/schema\/person\/d6f210a94a856acdddec347b2127fd0f\"},\"headline\":\"Dienstwagen Wallbox s MID m\u011b\u0159i\u010dem 2026: Spr\u00e1vn\u011b prov\u00e9st vy\u00fa\u010dtov\u00e1n\u00ed s zam\u011bstnavatelem\",\"datePublished\":\"2026-03-31T07:29:38+00:00\",\"dateModified\":\"2026-04-02T14:16:41+00:00\",\"mainEntityOfPage\":{\"@id\":\"https:\/\/v2charge.com\/cs\/dienstwagen-wallbox-s-mid-m-i-em-2026-spravn-provest-vyu-tovani-s-zam-stnavatelem\/\"},\"wordCount\":1726,\"publisher\":{\"@id\":\"https:\/\/v2charge.com\/cs\/#organization\"},\"image\":{\"@id\":\"https:\/\/v2charge.com\/cs\/dienstwagen-wallbox-s-mid-m-i-em-2026-spravn-provest-vyu-tovani-s-zam-stnavatelem\/#primaryimage\"},\"thumbnailUrl\":\"https:\/\/v2charge.com\/wp-content\/uploads\/2026\/03\/dienstwagen-wallbox-MID-zahler-2026-abrechnung-arbeitgeber.jpg\",\"inLanguage\":\"cs\"},{\"@type\":\"WebPage\",\"@id\":\"https:\/\/v2charge.com\/cs\/dienstwagen-wallbox-s-mid-m-i-em-2026-spravn-provest-vyu-tovani-s-zam-stnavatelem\/\",\"url\":\"https:\/\/v2charge.com\/cs\/dienstwagen-wallbox-s-mid-m-i-em-2026-spravn-provest-vyu-tovani-s-zam-stnavatelem\/\",\"name\":\"Dienstwagen Wallbox s MID m\u011b\u0159i\u010dem 2026: Vy\u00fa\u010dtov\u00e1n\u00ed\",\"isPartOf\":{\"@id\":\"https:\/\/v2charge.com\/cs\/#website\"},\"primaryImageOfPage\":{\"@id\":\"https:\/\/v2charge.com\/cs\/dienstwagen-wallbox-s-mid-m-i-em-2026-spravn-provest-vyu-tovani-s-zam-stnavatelem\/#primaryimage\"},\"image\":{\"@id\":\"https:\/\/v2charge.com\/cs\/dienstwagen-wallbox-s-mid-m-i-em-2026-spravn-provest-vyu-tovani-s-zam-stnavatelem\/#primaryimage\"},\"thumbnailUrl\":\"https:\/\/v2charge.com\/wp-content\/uploads\/2026\/03\/dienstwagen-wallbox-MID-zahler-2026-abrechnung-arbeitgeber.jpg\",\"datePublished\":\"2026-03-31T07:29:38+00:00\",\"dateModified\":\"2026-04-02T14:16:41+00:00\",\"description\":\"Od ledna 2026 budou zru\u0161eny poplatky za nab\u00edjen\u00ed pro elektrick\u00e1 slu\u017eebn\u00ed vozidla. Kter\u00e1 wallbox s MID m\u011b\u0159i\u010dem spl\u0148uje nov\u00e9 p\u0159esn\u00e9 \u00fa\u010dtov\u00e1n\u00ed kWh, jak\u00fd je rozd\u00edl mezi MID a z\u00e1konem o m\u011b\u0159en\u00ed a na co je t\u0159eba p\u0159i v\u00fdb\u011bru db\u00e1t.\",\"breadcrumb\":{\"@id\":\"https:\/\/v2charge.com\/cs\/dienstwagen-wallbox-s-mid-m-i-em-2026-spravn-provest-vyu-tovani-s-zam-stnavatelem\/#breadcrumb\"},\"inLanguage\":\"cs\",\"potentialAction\":[{\"@type\":\"ReadAction\",\"target\":[\"https:\/\/v2charge.com\/cs\/dienstwagen-wallbox-s-mid-m-i-em-2026-spravn-provest-vyu-tovani-s-zam-stnavatelem\/\"]}]},{\"@type\":\"ImageObject\",\"inLanguage\":\"cs\",\"@id\":\"https:\/\/v2charge.com\/cs\/dienstwagen-wallbox-s-mid-m-i-em-2026-spravn-provest-vyu-tovani-s-zam-stnavatelem\/#primaryimage\",\"url\":\"https:\/\/v2charge.com\/wp-content\/uploads\/2026\/03\/dienstwagen-wallbox-MID-zahler-2026-abrechnung-arbeitgeber.jpg\",\"contentUrl\":\"https:\/\/v2charge.com\/wp-content\/uploads\/2026\/03\/dienstwagen-wallbox-MID-zahler-2026-abrechnung-arbeitgeber.jpg\",\"width\":960,\"height\":560,\"caption\":\"Welche Wallbox mit MID-Z\u00e4hler die neue kWh-genaue Abrechnung erf\u00fcllt, worin sich MID und Eichrecht unterscheiden und was bei der Auswahl zu beachten ist.\"},{\"@type\":\"BreadcrumbList\",\"@id\":\"https:\/\/v2charge.com\/cs\/dienstwagen-wallbox-s-mid-m-i-em-2026-spravn-provest-vyu-tovani-s-zam-stnavatelem\/#breadcrumb\",\"itemListElement\":[{\"@type\":\"ListItem\",\"position\":1,\"name\":\"V2C\",\"item\":\"https:\/\/v2charge.com\/cs\/\"},{\"@type\":\"ListItem\",\"position\":2,\"name\":\"e-Mobility\",\"item\":\"https:\/\/v2charge.com\/cs\/e-mobility\/\"},{\"@type\":\"ListItem\",\"position\":3,\"name\":\"Dienstwagen Wallbox s MID m\u011b\u0159i\u010dem 2026: Spr\u00e1vn\u011b prov\u00e9st vy\u00fa\u010dtov\u00e1n\u00ed s zam\u011bstnavatelem\"}]},{\"@type\":\"WebSite\",\"@id\":\"https:\/\/v2charge.com\/cs\/#website\",\"url\":\"https:\/\/v2charge.com\/cs\/\",\"name\":\"V2C\",\"description\":\"#CargandoElMa\u00f1ana\",\"publisher\":{\"@id\":\"https:\/\/v2charge.com\/cs\/#organization\"},\"potentialAction\":[{\"@type\":\"SearchAction\",\"target\":{\"@type\":\"EntryPoint\",\"urlTemplate\":\"https:\/\/v2charge.com\/cs\/?s={search_term_string}\"},\"query-input\":{\"@type\":\"PropertyValueSpecification\",\"valueRequired\":true,\"valueName\":\"search_term_string\"}}],\"inLanguage\":\"cs\"},{\"@type\":\"Organization\",\"@id\":\"https:\/\/v2charge.com\/cs\/#organization\",\"name\":\"V2C\",\"url\":\"https:\/\/v2charge.com\/cs\/\",\"logo\":{\"@type\":\"ImageObject\",\"inLanguage\":\"cs\",\"@id\":\"https:\/\/v2charge.com\/cs\/#\/schema\/logo\/image\/\",\"url\":\"https:\/\/v2charge.com\/wp-content\/uploads\/2024\/11\/cropped-v2c-charge-logo-menu.png\",\"contentUrl\":\"https:\/\/v2charge.com\/wp-content\/uploads\/2024\/11\/cropped-v2c-charge-logo-menu.png\",\"width\":984,\"height\":431,\"caption\":\"V2C\"},\"image\":{\"@id\":\"https:\/\/v2charge.com\/cs\/#\/schema\/logo\/image\/\"},\"sameAs\":[\"https:\/\/www.facebook.com\/V2C.Charge\",\"https:\/\/x.com\/V2C_Charge\",\"https:\/\/www.instagram.com\/v2c.charge\/\",\"https:\/\/www.youtube.com\/@V2C\",\"https:\/\/www.linkedin.com\/company\/v2c-chargers\/\"]},{\"@type\":\"Person\",\"@id\":\"https:\/\/v2charge.com\/cs\/#\/schema\/person\/d6f210a94a856acdddec347b2127fd0f\",\"name\":\"V2C\",\"image\":{\"@type\":\"ImageObject\",\"inLanguage\":\"cs\",\"@id\":\"https:\/\/v2charge.com\/cs\/#\/schema\/person\/image\/\",\"url\":\"https:\/\/secure.gravatar.com\/avatar\/a91128c4c0d2f4d63bd586301fdec6cc9aa49c885839b25d1c62700f529f267c?s=96&d=mm&r=g\",\"contentUrl\":\"https:\/\/secure.gravatar.com\/avatar\/a91128c4c0d2f4d63bd586301fdec6cc9aa49c885839b25d1c62700f529f267c?s=96&d=mm&r=g\",\"caption\":\"V2C\"}}]}<\/script>\n<!-- \/ Yoast SEO plugin. -->","yoast_head_json":{"title":"Dienstwagen Wallbox s MID m\u011b\u0159i\u010dem 2026: Vy\u00fa\u010dtov\u00e1n\u00ed","description":"Od ledna 2026 budou zru\u0161eny poplatky za nab\u00edjen\u00ed pro elektrick\u00e1 slu\u017eebn\u00ed vozidla. Kter\u00e1 wallbox s MID m\u011b\u0159i\u010dem spl\u0148uje nov\u00e9 p\u0159esn\u00e9 \u00fa\u010dtov\u00e1n\u00ed kWh, jak\u00fd je rozd\u00edl mezi MID a z\u00e1konem o m\u011b\u0159en\u00ed a na co je t\u0159eba p\u0159i v\u00fdb\u011bru db\u00e1t.","robots":{"index":"index","follow":"follow","max-snippet":"max-snippet:-1","max-image-preview":"max-image-preview:large","max-video-preview":"max-video-preview:-1"},"canonical":"https:\/\/v2charge.com\/cs\/dienstwagen-wallbox-s-mid-m-i-em-2026-spravn-provest-vyu-tovani-s-zam-stnavatelem\/","og_locale":"cs_CZ","og_type":"article","og_title":"Dienstwagen Wallbox s MID m\u011b\u0159i\u010dem 2026: Vy\u00fa\u010dtov\u00e1n\u00ed","og_description":"Od ledna 2026 budou zru\u0161eny poplatky za nab\u00edjen\u00ed pro elektrick\u00e1 slu\u017eebn\u00ed vozidla. Kter\u00e1 wallbox s MID m\u011b\u0159i\u010dem spl\u0148uje nov\u00e9 p\u0159esn\u00e9 \u00fa\u010dtov\u00e1n\u00ed kWh, jak\u00fd je rozd\u00edl mezi MID a z\u00e1konem o m\u011b\u0159en\u00ed a na co je t\u0159eba p\u0159i v\u00fdb\u011bru db\u00e1t.","og_url":"https:\/\/v2charge.com\/cs\/dienstwagen-wallbox-s-mid-m-i-em-2026-spravn-provest-vyu-tovani-s-zam-stnavatelem\/","og_site_name":"V2C","article_publisher":"https:\/\/www.facebook.com\/V2C.Charge","article_published_time":"2026-03-31T07:29:38+00:00","article_modified_time":"2026-04-02T14:16:41+00:00","og_image":[{"width":960,"height":560,"url":"https:\/\/v2charge.com\/wp-content\/uploads\/2026\/03\/dienstwagen-wallbox-MID-zahler-2026-abrechnung-arbeitgeber.jpg","type":"image\/jpeg"}],"author":"V2C","twitter_card":"summary_large_image","twitter_creator":"@V2C_Charge","twitter_site":"@V2C_Charge","twitter_misc":{"Napsal(a)":"V2C","Odhadovan\u00e1 doba \u010dten\u00ed":"6 minut"},"schema":{"@context":"https:\/\/schema.org","@graph":[{"@type":"Article","@id":"https:\/\/v2charge.com\/cs\/dienstwagen-wallbox-s-mid-m-i-em-2026-spravn-provest-vyu-tovani-s-zam-stnavatelem\/#article","isPartOf":{"@id":"https:\/\/v2charge.com\/cs\/dienstwagen-wallbox-s-mid-m-i-em-2026-spravn-provest-vyu-tovani-s-zam-stnavatelem\/"},"author":{"name":"V2C","@id":"https:\/\/v2charge.com\/cs\/#\/schema\/person\/d6f210a94a856acdddec347b2127fd0f"},"headline":"Dienstwagen Wallbox s MID m\u011b\u0159i\u010dem 2026: Spr\u00e1vn\u011b prov\u00e9st vy\u00fa\u010dtov\u00e1n\u00ed s zam\u011bstnavatelem","datePublished":"2026-03-31T07:29:38+00:00","dateModified":"2026-04-02T14:16:41+00:00","mainEntityOfPage":{"@id":"https:\/\/v2charge.com\/cs\/dienstwagen-wallbox-s-mid-m-i-em-2026-spravn-provest-vyu-tovani-s-zam-stnavatelem\/"},"wordCount":1726,"publisher":{"@id":"https:\/\/v2charge.com\/cs\/#organization"},"image":{"@id":"https:\/\/v2charge.com\/cs\/dienstwagen-wallbox-s-mid-m-i-em-2026-spravn-provest-vyu-tovani-s-zam-stnavatelem\/#primaryimage"},"thumbnailUrl":"https:\/\/v2charge.com\/wp-content\/uploads\/2026\/03\/dienstwagen-wallbox-MID-zahler-2026-abrechnung-arbeitgeber.jpg","inLanguage":"cs"},{"@type":"WebPage","@id":"https:\/\/v2charge.com\/cs\/dienstwagen-wallbox-s-mid-m-i-em-2026-spravn-provest-vyu-tovani-s-zam-stnavatelem\/","url":"https:\/\/v2charge.com\/cs\/dienstwagen-wallbox-s-mid-m-i-em-2026-spravn-provest-vyu-tovani-s-zam-stnavatelem\/","name":"Dienstwagen Wallbox s MID m\u011b\u0159i\u010dem 2026: Vy\u00fa\u010dtov\u00e1n\u00ed","isPartOf":{"@id":"https:\/\/v2charge.com\/cs\/#website"},"primaryImageOfPage":{"@id":"https:\/\/v2charge.com\/cs\/dienstwagen-wallbox-s-mid-m-i-em-2026-spravn-provest-vyu-tovani-s-zam-stnavatelem\/#primaryimage"},"image":{"@id":"https:\/\/v2charge.com\/cs\/dienstwagen-wallbox-s-mid-m-i-em-2026-spravn-provest-vyu-tovani-s-zam-stnavatelem\/#primaryimage"},"thumbnailUrl":"https:\/\/v2charge.com\/wp-content\/uploads\/2026\/03\/dienstwagen-wallbox-MID-zahler-2026-abrechnung-arbeitgeber.jpg","datePublished":"2026-03-31T07:29:38+00:00","dateModified":"2026-04-02T14:16:41+00:00","description":"Od ledna 2026 budou zru\u0161eny poplatky za nab\u00edjen\u00ed pro elektrick\u00e1 slu\u017eebn\u00ed vozidla. Kter\u00e1 wallbox s MID m\u011b\u0159i\u010dem spl\u0148uje nov\u00e9 p\u0159esn\u00e9 \u00fa\u010dtov\u00e1n\u00ed kWh, jak\u00fd je rozd\u00edl mezi MID a z\u00e1konem o m\u011b\u0159en\u00ed a na co je t\u0159eba p\u0159i v\u00fdb\u011bru db\u00e1t.","breadcrumb":{"@id":"https:\/\/v2charge.com\/cs\/dienstwagen-wallbox-s-mid-m-i-em-2026-spravn-provest-vyu-tovani-s-zam-stnavatelem\/#breadcrumb"},"inLanguage":"cs","potentialAction":[{"@type":"ReadAction","target":["https:\/\/v2charge.com\/cs\/dienstwagen-wallbox-s-mid-m-i-em-2026-spravn-provest-vyu-tovani-s-zam-stnavatelem\/"]}]},{"@type":"ImageObject","inLanguage":"cs","@id":"https:\/\/v2charge.com\/cs\/dienstwagen-wallbox-s-mid-m-i-em-2026-spravn-provest-vyu-tovani-s-zam-stnavatelem\/#primaryimage","url":"https:\/\/v2charge.com\/wp-content\/uploads\/2026\/03\/dienstwagen-wallbox-MID-zahler-2026-abrechnung-arbeitgeber.jpg","contentUrl":"https:\/\/v2charge.com\/wp-content\/uploads\/2026\/03\/dienstwagen-wallbox-MID-zahler-2026-abrechnung-arbeitgeber.jpg","width":960,"height":560,"caption":"Welche Wallbox mit MID-Z\u00e4hler die neue kWh-genaue Abrechnung erf\u00fcllt, worin sich MID und Eichrecht unterscheiden und was bei der Auswahl zu beachten ist."},{"@type":"BreadcrumbList","@id":"https:\/\/v2charge.com\/cs\/dienstwagen-wallbox-s-mid-m-i-em-2026-spravn-provest-vyu-tovani-s-zam-stnavatelem\/#breadcrumb","itemListElement":[{"@type":"ListItem","position":1,"name":"V2C","item":"https:\/\/v2charge.com\/cs\/"},{"@type":"ListItem","position":2,"name":"e-Mobility","item":"https:\/\/v2charge.com\/cs\/e-mobility\/"},{"@type":"ListItem","position":3,"name":"Dienstwagen Wallbox s MID m\u011b\u0159i\u010dem 2026: Spr\u00e1vn\u011b prov\u00e9st vy\u00fa\u010dtov\u00e1n\u00ed s zam\u011bstnavatelem"}]},{"@type":"WebSite","@id":"https:\/\/v2charge.com\/cs\/#website","url":"https:\/\/v2charge.com\/cs\/","name":"V2C","description":"#CargandoElMa\u00f1ana","publisher":{"@id":"https:\/\/v2charge.com\/cs\/#organization"},"potentialAction":[{"@type":"SearchAction","target":{"@type":"EntryPoint","urlTemplate":"https:\/\/v2charge.com\/cs\/?s={search_term_string}"},"query-input":{"@type":"PropertyValueSpecification","valueRequired":true,"valueName":"search_term_string"}}],"inLanguage":"cs"},{"@type":"Organization","@id":"https:\/\/v2charge.com\/cs\/#organization","name":"V2C","url":"https:\/\/v2charge.com\/cs\/","logo":{"@type":"ImageObject","inLanguage":"cs","@id":"https:\/\/v2charge.com\/cs\/#\/schema\/logo\/image\/","url":"https:\/\/v2charge.com\/wp-content\/uploads\/2024\/11\/cropped-v2c-charge-logo-menu.png","contentUrl":"https:\/\/v2charge.com\/wp-content\/uploads\/2024\/11\/cropped-v2c-charge-logo-menu.png","width":984,"height":431,"caption":"V2C"},"image":{"@id":"https:\/\/v2charge.com\/cs\/#\/schema\/logo\/image\/"},"sameAs":["https:\/\/www.facebook.com\/V2C.Charge","https:\/\/x.com\/V2C_Charge","https:\/\/www.instagram.com\/v2c.charge\/","https:\/\/www.youtube.com\/@V2C","https:\/\/www.linkedin.com\/company\/v2c-chargers\/"]},{"@type":"Person","@id":"https:\/\/v2charge.com\/cs\/#\/schema\/person\/d6f210a94a856acdddec347b2127fd0f","name":"V2C","image":{"@type":"ImageObject","inLanguage":"cs","@id":"https:\/\/v2charge.com\/cs\/#\/schema\/person\/image\/","url":"https:\/\/secure.gravatar.com\/avatar\/a91128c4c0d2f4d63bd586301fdec6cc9aa49c885839b25d1c62700f529f267c?s=96&d=mm&r=g","contentUrl":"https:\/\/secure.gravatar.com\/avatar\/a91128c4c0d2f4d63bd586301fdec6cc9aa49c885839b25d1c62700f529f267c?s=96&d=mm&r=g","caption":"V2C"}}]}},"uagb_featured_image_src":{"full":["https:\/\/v2charge.com\/wp-content\/uploads\/2026\/03\/dienstwagen-wallbox-MID-zahler-2026-abrechnung-arbeitgeber.jpg",960,560,false],"thumbnail":["https:\/\/v2charge.com\/wp-content\/uploads\/2026\/03\/dienstwagen-wallbox-MID-zahler-2026-abrechnung-arbeitgeber-150x150.jpg",150,150,true],"medium":["https:\/\/v2charge.com\/wp-content\/uploads\/2026\/03\/dienstwagen-wallbox-MID-zahler-2026-abrechnung-arbeitgeber-300x175.jpg",300,175,true],"medium_large":["https:\/\/v2charge.com\/wp-content\/uploads\/2026\/03\/dienstwagen-wallbox-MID-zahler-2026-abrechnung-arbeitgeber-768x448.jpg",768,448,true],"large":["https:\/\/v2charge.com\/wp-content\/uploads\/2026\/03\/dienstwagen-wallbox-MID-zahler-2026-abrechnung-arbeitgeber.jpg",960,560,false],"gs-tiny":["https:\/\/v2charge.com\/wp-content\/uploads\/2026\/03\/dienstwagen-wallbox-MID-zahler-2026-abrechnung-arbeitgeber-50x29.jpg",50,29,true],"xl":["https:\/\/v2charge.com\/wp-content\/uploads\/2026\/03\/dienstwagen-wallbox-MID-zahler-2026-abrechnung-arbeitgeber.jpg",960,560,false],"xxl":["https:\/\/v2charge.com\/wp-content\/uploads\/2026\/03\/dienstwagen-wallbox-MID-zahler-2026-abrechnung-arbeitgeber.jpg",960,560,false],"xxxl":["https:\/\/v2charge.com\/wp-content\/uploads\/2026\/03\/dienstwagen-wallbox-MID-zahler-2026-abrechnung-arbeitgeber.jpg",960,560,false],"xxxxl":["https:\/\/v2charge.com\/wp-content\/uploads\/2026\/03\/dienstwagen-wallbox-MID-zahler-2026-abrechnung-arbeitgeber.jpg",960,560,false],"xxxxxl":["https:\/\/v2charge.com\/wp-content\/uploads\/2026\/03\/dienstwagen-wallbox-MID-zahler-2026-abrechnung-arbeitgeber.jpg",960,560,false],"1536x1536":["https:\/\/v2charge.com\/wp-content\/uploads\/2026\/03\/dienstwagen-wallbox-MID-zahler-2026-abrechnung-arbeitgeber.jpg",960,560,false],"2048x2048":["https:\/\/v2charge.com\/wp-content\/uploads\/2026\/03\/dienstwagen-wallbox-MID-zahler-2026-abrechnung-arbeitgeber.jpg",960,560,false]},"uagb_author_info":{"display_name":"V2C","author_link":"https:\/\/v2charge.com\/cs\/author\/marketing\/"},"uagb_comment_info":0,"uagb_excerpt":"Kdo nab\u00edj\u00ed elektrick\u00e9 slu\u017eebn\u00ed vozidlo nebo plug-in hybrid doma, \u010del\u00ed od 1. ledna 2026 zm\u011bn\u011bn\u00fdm po\u017eadavk\u016fm. Dosavadn\u00ed m\u011bs\u00ed\u010dn\u00ed pau\u0161\u00e1l ve v\u00fd\u0161i 30 nebo 70 eur byl zru\u0161en. M\u00edsto toho plat\u00ed: Skute\u010dn\u011b nabit\u00e9 kilowatthodiny mus\u00ed b\u00fdt p\u0159esn\u011b zaznamen\u00e1ny a prok\u00e1z\u00e1ny, ne\u017e zam\u011bstnavatel m\u016f\u017ee n\u00e1klady na elekt\u0159inu bez dan\u011b proplatit. Vlastn\u00ed doklady nejsou v\u00fdslovn\u011b povoleny. Z\u00e1kladem je&hellip;","_links":{"self":[{"href":"https:\/\/v2charge.com\/cs\/wp-json\/wp\/v2\/posts\/318277","targetHints":{"allow":["GET"]}}],"collection":[{"href":"https:\/\/v2charge.com\/cs\/wp-json\/wp\/v2\/posts"}],"about":[{"href":"https:\/\/v2charge.com\/cs\/wp-json\/wp\/v2\/types\/post"}],"author":[{"embeddable":true,"href":"https:\/\/v2charge.com\/cs\/wp-json\/wp\/v2\/users\/400"}],"replies":[{"embeddable":true,"href":"https:\/\/v2charge.com\/cs\/wp-json\/wp\/v2\/comments?post=318277"}],"version-history":[{"count":0,"href":"https:\/\/v2charge.com\/cs\/wp-json\/wp\/v2\/posts\/318277\/revisions"}],"wp:featuredmedia":[{"embeddable":true,"href":"https:\/\/v2charge.com\/cs\/wp-json\/wp\/v2\/media\/310878"}],"wp:attachment":[{"href":"https:\/\/v2charge.com\/cs\/wp-json\/wp\/v2\/media?parent=318277"}],"wp:term":[{"taxonomy":"category","embeddable":true,"href":"https:\/\/v2charge.com\/cs\/wp-json\/wp\/v2\/categories?post=318277"},{"taxonomy":"post_tag","embeddable":true,"href":"https:\/\/v2charge.com\/cs\/wp-json\/wp\/v2\/tags?post=318277"}],"curies":[{"name":"wp","href":"https:\/\/api.w.org\/{rel}","templated":true}]}}