{"id":318278,"date":"2026-04-02T16:03:05","date_gmt":"2026-04-02T14:03:05","guid":{"rendered":""},"modified":"2026-04-02T16:05:26","modified_gmt":"2026-04-02T14:05:26","slug":"wallbox-podpora-pro-vicebytove-domy-2026-nabijeci-infrastruktura-ve-viceu-elovem-dom-a-2-000-euro-na-parkovaci-misto","status":"publish","type":"post","link":"https:\/\/v2charge.com\/cs\/wallbox-podpora-pro-vicebytove-domy-2026-nabijeci-infrastruktura-ve-viceu-elovem-dom-a-2-000-euro-na-parkovaci-misto\/","title":{"rendered":"Wallbox podpora pro v\u00edcebytov\u00e9 domy 2026: Nab\u00edjec\u00ed infrastruktura ve v\u00edce\u00fa\u010delov\u00e9m dom\u011b a\u017e 2.000 Euro na parkovac\u00ed m\u00edsto"},"content":{"rendered":"\n<p><\/p>\n\n\n<p>Kdo bydl\u00ed v bytov\u00e9m dom\u011b, pronaj\u00edm\u00e1 nebo spravuje bytov\u00e9 dru\u017estvo, m\u011bl dosud p\u0159i ot\u00e1zce nab\u00edjec\u00ed infrastruktury v\u00fdrazn\u011b t\u011b\u017e\u0161\u00ed situaci ne\u017e majitel\u00e9 rodinn\u00fdch dom\u016f. To se zm\u011bn\u00ed od 15. dubna 2026: <a href=\"https:\/\/www.bmv.de\/SharedDocs\/DE\/Pressemitteilungen\/2026\/021-schnieder-500-millionen-foerderung-ladeinfrastruktur-mehrfamilienhaeuser.html\">Feder\u00e1ln\u00ed ministerstvo dopravy (BMV)<\/a> spou\u0161t\u00ed dota\u010dn\u00ed program \u201eNab\u00edjen\u00ed v bytov\u00e9m dom\u011b&#8220;; s celkov\u00fdm objemem 500 milion\u016f eur na po\u0159\u00edzen\u00ed a v\u00fdstavbu soukrom\u00e9 nab\u00edjec\u00ed infrastruktury v existuj\u00edc\u00edch budov\u00e1ch.<\/p>\n\n<p>Program plat\u00ed podle principu \u201eKdo d\u0159\u00edv p\u0159ijde, ten d\u0159\u00edv mele&#8220;. Kdo po\u017e\u00e1d\u00e1 brzy, m\u00e1 lep\u0161\u00ed \u0161ance na schv\u00e1len\u00ed.<\/p>\n\n<h2 class=\"wp-block-heading\">Co bude podporov\u00e1no?<\/h2>\n\n<p>Podpora je sou\u010d\u00e1st\u00ed hlavn\u00edho pl\u00e1nu nab\u00edjec\u00ed infrastruktury 2030, kter\u00fd schv\u00e1lila spolkov\u00e1 vl\u00e1da v listopadu 2025. Podporov\u00e1na nen\u00ed pouze wallbox, ale celkov\u00e9 technick\u00e9 proveden\u00ed nab\u00edjec\u00ed infrastruktury:<\/p>\n\n<p><strong>Dob\u00edjec\u00ed body a wallboxy<\/strong>. Typ-2 a CCS dob\u00edjec\u00ed body s v\u00fdkonem 11 a\u017e 22 kW na parkovac\u00ed m\u00edsto. Tak\u00e9 obousm\u011brn\u00e9 wallboxy, kter\u00e9 umo\u017e\u0148uj\u00ed zp\u011btn\u00e9 dod\u00e1v\u00e1n\u00ed energie do dom\u00e1c\u00ed s\u00edt\u011b, jsou zp\u016fsobil\u00e9 pro dotace a z\u00edsk\u00e1vaj\u00ed nejvy\u0161\u0161\u00ed dotaci.<\/p>\n\n<p><strong>P\u0159edkabelov\u00e1n\u00ed<\/strong>. I kdy\u017e je\u0161t\u011b nen\u00ed nainstalov\u00e1n \u017e\u00e1dn\u00fd nab\u00edjec\u00ed bod, je p\u0159edkabelov\u00e1n\u00ed parkovac\u00edch m\u00edst samo o sob\u011b zp\u016fsobil\u00e9 pro dotaci. To umo\u017e\u0148uje postupnou elektrifikaci.<\/p>\n\n<p><strong>P\u0159ipojen\u00ed k s\u00edti a elektroinstalace<\/strong>. Nap\u00e1jec\u00ed kabely, rozvodn\u00e9 syst\u00e9my, transform\u00e1tory a v\u0161echny pot\u0159ebn\u00e9 \u00fapravy elektrick\u00fdch za\u0159\u00edzen\u00ed. Pr\u00e1v\u011b ve st\u00e1vaj\u00edc\u00edch budov\u00e1ch tvo\u0159\u00ed tento n\u00e1klad \u010dasto nejv\u011bt\u0161\u00ed pod\u00edl.<\/p>\n\n<p><strong>Stavebn\u00ed opat\u0159en\u00ed<\/strong>. Zemn\u00ed pr\u00e1ce, pr\u016frazy a dal\u0161\u00ed stavebn\u00ed p\u0159edpoklady pro instalaci.<\/p>\n\n<p>Nen\u00ed mo\u017en\u00e9 z\u00edskat dotaci na n\u00e1klady na pl\u00e1nov\u00e1n\u00ed, povolen\u00ed a provoz, stejn\u011b jako na leasingov\u00e9 nebo n\u00e1jemn\u00ed n\u00e1klady.<\/p>\n\n<h2 class=\"wp-block-heading\">Jak vysok\u00e1 je dotace?<\/h2>\n\n<figure class=\"wp-block-table\"><table class=\"has-fixed-layout\"><thead><tr><th>Opat\u0159en\u00ed<\/th><th>Podpora na parkovac\u00ed m\u00edsto<\/th><\/tr><\/thead><tbody><tr><td>P\u0159edkabelov\u00e1n\u00ed bez wallboxu<\/td><td>a\u017e 1.300 Euro<\/td><\/tr><tr><td>P\u0159edkabelov\u00e1n\u00ed s wallboxem<\/td><td>a\u017e 1.500 Euro<\/td><\/tr><tr><td>Bidirek\u010dn\u00ed nab\u00edjec\u00ed bod (V2H\/V2G)<\/td><td>a\u017e 2.000 Euro<\/td><\/tr><\/tbody><\/table><\/figure>\n\n<p>Podpora je poskytov\u00e1na jako nen\u00e1vratn\u00e1 dotace v r\u00e1mci de minimis. D\u016fle\u017eit\u00e9 je: V\u0161echny dotace, kter\u00e9 \u017eadatel obdr\u017eel v posledn\u00edch t\u0159ech da\u0148ov\u00fdch letech, se se\u010dtou a celkov\u011b nesm\u00ed p\u0159ekro\u010dit 300.000 eur.<\/p>\n\n<p><strong>Dodate\u010dn\u00e9 da\u0148ov\u00e9 \u00falevy mo\u017en\u00e9:<\/strong> Kdo v soukrom\u00fdch nemovitostech dodate\u010dn\u011b instaluje nab\u00edjec\u00ed infrastrukturu, m\u016f\u017ee si n\u00e1klady na instalaci uplatnit v da\u0148ov\u00e9m p\u0159izn\u00e1n\u00ed. Finan\u010dn\u00ed \u00fa\u0159ad poskytuje da\u0148ov\u00e9 \u00falevy na \u0159emesln\u00e9 pr\u00e1ce ve v\u00fd\u0161i 20 procent z celkov\u00e9 \u010d\u00e1stky, maxim\u00e1ln\u011b 1.200 eur. Tato mo\u017enost plat\u00ed nez\u00e1visle na st\u00e1tn\u00ed dotaci.<\/p>\n\n<h2 class=\"wp-block-heading\">Kdo m\u016f\u017ee podat \u017e\u00e1dost?<\/h2>\n\n<p>Program b\u011b\u017e\u00ed prost\u0159ednictv\u00edm t\u0159\u00ed sou\u010dasn\u00fdch v\u00fdzev k pod\u00e1n\u00ed \u017e\u00e1dosti pro r\u016fzn\u00e9 c\u00edlov\u00e9 skupiny:<\/p>\n\n<p><strong>V\u00fdzva k pod\u00e1n\u00ed \u017e\u00e1dosti 1 \u2014 Spole\u010denstv\u00ed vlastn\u00edk\u016f bytov\u00fdch jednotek (SVJ)<\/strong> SVJ a jejich \u010dlenov\u00e9 mohou podat \u017e\u00e1dost. Spr\u00e1va domu m\u016f\u017ee p\u0159evz\u00edt pod\u00e1n\u00ed \u017e\u00e1dosti, pokud m\u00e1 opr\u00e1vn\u011bn\u00ed zastupovat. Usnesen\u00ed SVJ nemus\u00ed b\u00fdt v dob\u011b pod\u00e1n\u00ed \u017e\u00e1dosti je\u0161t\u011b schv\u00e1leno. M\u016f\u017ee b\u00fdt p\u0159edlo\u017eeno a\u017e \u0161est m\u011bs\u00edc\u016f po schv\u00e1len\u00ed dotace. \u017d\u00e1dosti jsou zpracov\u00e1v\u00e1ny ihned po jejich p\u0159ijet\u00ed. Term\u00edn: 10. listopadu 2026.<\/p>\n\n<p><strong>V\u00fdzva k pod\u00e1v\u00e1n\u00ed \u017e\u00e1dost\u00ed 2 \u2014 Mal\u00e9 a st\u0159edn\u00ed podniky (MSP) a soukrom\u00ed pronaj\u00edmatel\u00e9<\/strong> Soukrom\u00ed vlastn\u00edci, kte\u0159\u00ed pronaj\u00edmaj\u00ed obytn\u00e9 prostory, a tak\u00e9 MSP s obytn\u00fdmi nemovitostmi mohou \u017e\u00e1dat p\u0159\u00edmo. I zde plat\u00ed p\u0159\u00edm\u00e9 zpracov\u00e1n\u00ed po obdr\u017een\u00ed. Term\u00edn: 10. listopadu 2026.<\/p>\n\n<p><strong>V\u00fdzva k pod\u00e1n\u00ed \u017e\u00e1dost\u00ed 3 \u2014 Spole\u010dnosti zab\u00fdvaj\u00edc\u00ed se bytovou v\u00fdstavbou a nemovitostmi<\/strong> V\u011bt\u0161\u00ed spole\u010dnosti s rozs\u00e1hlej\u0161\u00edm bytov\u00fdm portfoliem se \u00fa\u010dastn\u00ed sout\u011b\u017en\u00edho \u0159\u00edzen\u00ed. Term\u00edn: 15. \u0159\u00edjna 2026. Schv\u00e1len\u00ed prob\u011bhne po ukon\u010den\u00ed \u0159\u00edzen\u00ed.<\/p>\n\n<p>N\u00e1jemn\u00edci nemaj\u00ed pr\u00e1vo na p\u0159\u00edmou \u017e\u00e1dost. Nep\u0159\u00edmo v\u0161ak profituj\u00ed, pokud vlastn\u00edci nebo spr\u00e1vci vyu\u017eij\u00ed dotaci.<\/p>\n\n\n<div class=\"wp-block-uagb-image uagb-block-9e591bf3 wp-block-uagb-image--layout-default wp-block-uagb-image--effect-static wp-block-uagb-image--align-none\"><figure class=\"wp-block-uagb-image__figure\"><a class=\"\" href=\"https:\/\/v2charge.com\/cs\/trydan\/\" target=\"\" rel=\"noopener\"><img decoding=\"async\" srcset=\"https:\/\/v2charge.com\/wp-content\/uploads\/2026\/02\/wallbox-elektroautos-trydan-photovoltaikanlage.jpg ,https:\/\/v2charge.com\/wp-content\/uploads\/2026\/02\/wallbox-elektroautos-trydan-photovoltaikanlage.jpg 780w, https:\/\/v2charge.com\/wp-content\/uploads\/2026\/02\/wallbox-elektroautos-trydan-photovoltaikanlage.jpg 360w\" sizes=\"auto, (max-width: 480px) 150px\" src=\"https:\/\/v2charge.com\/wp-content\/uploads\/2026\/02\/wallbox-elektroautos-trydan-photovoltaikanlage.jpg\" alt=\"Wallbox F\u00f6rderung Mehrfamilienhaus 2026: Bis zu 2.000 Euro pro Stellplatz beantragen\" class=\"uag-image-300463\" width=\"818\" height=\"818\" title=\"wallbox-foerderung-mehrfamilienhaus-2026\" loading=\"lazy\" role=\"img\"\/><\/a><\/figure><\/div>\n\n\n<h2 class=\"wp-block-heading\">Jak\u00e9 podm\u00ednky plat\u00ed?<\/h2>\n\n<p>P\u0159ed pod\u00e1n\u00edm \u017e\u00e1dosti se vyplat\u00ed pe\u010dliv\u011b zkontrolovat po\u017eadavky:<\/p>\n\n<p><strong>Nejm\u00e9n\u011b 6 parkovac\u00edch m\u00edst:<\/strong> Program plat\u00ed pouze pro objekty s nejm\u00e9n\u011b \u0161esti parkovac\u00edmi m\u00edsty, kter\u00e1 je t\u0159eba elektrifikovat. Men\u0161\u00ed bytov\u00e9 domy s m\u00e9n\u011b ne\u017e \u0161esti parkovac\u00edmi m\u00edsty nejsou zp\u016fsobil\u00e9 pro dotaci.<\/p>\n\n<p><strong>Pravidlo 20 procent:<\/strong> Minim\u00e1ln\u011b 20 procent v\u0161ech dostupn\u00fdch parkovac\u00edch m\u00edst objektu mus\u00ed b\u00fdt v r\u00e1mci projektu elektrifikov\u00e1no nebo p\u0159edkabelov\u00e1no.<\/p>\n\n<p><strong>Povinnost ekologick\u00e9 energie:<\/strong> Elekt\u0159ina, kter\u00e1 bude pozd\u011bji vyu\u017eita na podporovan\u00fdch nab\u00edjec\u00edch m\u00edstech, mus\u00ed b\u00fdt prokazateln\u011b z obnoviteln\u00fdch zdroj\u016f. To lze prok\u00e1zat prost\u0159ednictv\u00edm smlouvy o ekologick\u00e9 energii nebo prost\u0159ednictv\u00edm vlastn\u00ed fotovoltaick\u00e9 elektr\u00e1rny. Kdo ji\u017e m\u00e1 <a href=\"https:\/\/v2charge.com\/cs\/p-ipojeni-wallboxu-k-pv-systemu-jak-funguje-inteligentni-nabijeni-se-solarni-energii\/\">fotovoltaickou elektr\u00e1rnu<\/a>, spl\u0148uje tuto podm\u00ednku automaticky.<\/p>\n\n<p><strong>Nejprve rozhodnut\u00ed o dotaci:<\/strong> S opat\u0159en\u00edm lze za\u010d\u00edt a\u017e pot\u00e9, co je rozhodnut\u00ed o dotaci k dispozici. Kdo zad\u00e1 zak\u00e1zky p\u0159ed schv\u00e1len\u00edm dotace, ztr\u00e1c\u00ed n\u00e1rok. Zad\u00e1n\u00ed zak\u00e1zek instala\u010dn\u00edm firm\u00e1m mus\u00ed prob\u011bhnout do dev\u00edti m\u011bs\u00edc\u016f od zah\u00e1jen\u00ed realizace.<\/p>\n\n<p><strong>Odhad n\u00e1klad\u016f:<\/strong> V dob\u011b pod\u00e1n\u00ed \u017e\u00e1dosti mus\u00ed b\u00fdt k dispozici odhad n\u00e1klad\u016f na v\u0161echna pl\u00e1novan\u00e1 opat\u0159en\u00ed.<\/p>\n\n<p><strong>V\u00fdkon nab\u00edjen\u00ed:<\/strong> Maxim\u00e1ln\u011b 22 kW na nab\u00edjec\u00ed m\u00edsto.<\/p>\n\n<p><strong>\u00da\u010delov\u00e9 vyu\u017eit\u00ed:<\/strong> Podporovan\u00e1 infrastruktura mus\u00ed b\u00fdt minim\u00e1ln\u011b t\u0159i roky provozov\u00e1na \u00fa\u010deln\u011b.<\/p>\n\n<h2 class=\"wp-block-heading\">Jak prob\u00edh\u00e1 \u017e\u00e1dost?<\/h2>\n\n<p>\u017d\u00e1dost se pod\u00e1v\u00e1 v\u00fdhradn\u011b digit\u00e1ln\u011b prost\u0159ednictv\u00edm ofici\u00e1ln\u00edho dota\u010dn\u00edho port\u00e1lu <strong><a href=\"https:\/\/www.laden-im-mehrparteienhaus.de\">laden-im-mehrparteienhaus.de<\/a><\/strong>, kter\u00fd bude spu\u0161t\u011bn od 15. dubna 2026. Nositelem projektu je PricewaterhouseCoopers na objedn\u00e1vku spolkov\u00e9ho \u00fa\u0159adu.<\/p>\n\n<p>Na platform\u011b je k dispozici tak\u00e9 QuickCheck, pomoc\u00ed kter\u00e9ho lze v n\u011bkolika kroc\u00edch ov\u011b\u0159it z\u00e1kladn\u00ed zp\u016fsobilost k dotaci.<\/p>\n\n<p>14. dubna 2026, den p\u0159ed ofici\u00e1ln\u00edm startem, nab\u00edz\u00ed<a href=\"https:\/\/www.laden-im-mehrparteienhaus.de\/faq-und-download\/\"> N\u00e1rodn\u00ed \u0159\u00edd\u00edc\u00ed st\u0159edisko pro nab\u00edjec\u00ed infrastrukturu<\/a> bezplatn\u00fd online semin\u00e1\u0159.<\/p>\n\n<h2 class=\"wp-block-heading\">Kontroln\u00ed seznam<\/h2>\n\n\n<ul class=\"wp-block-list\"><li>Po\u010det parkovac\u00edch m\u00edst: Je jich alespo\u0148 6?<\/li>\n\n<li>Ov\u011b\u0159en\u00ed pravidla 20 procent: Kolik parkovac\u00edch m\u00edst mus\u00ed b\u00fdt elektrifikov\u00e1no nebo p\u0159edkabelov\u00e1no?<\/li>\n\n<li>Zkontrolovat smlouvu o ekologick\u00e9 energii nebo zdokumentovat st\u00e1vaj\u00edc\u00ed fotovoltaickou instalaci<\/li>\n\n<li>Nechat posoudit stav st\u00e1vaj\u00edc\u00ed elekt\u0159iny odbornou elektrofirmou<\/li>\n\n<li>Z\u00edsk\u00e1n\u00ed cenov\u00fdch nab\u00eddek na wallboxy, p\u0159edkabelov\u00e1n\u00ed, p\u0159ipojen\u00ed k s\u00edti a stavebn\u00ed pr\u00e1ce<\/li>\n\n<li>U WEG: svol\u00e1n\u00ed sch\u016fze vlastn\u00edk\u016f, p\u0159ijet\u00ed usnesen\u00ed s podm\u00ednkou schv\u00e1len\u00ed dotace<\/li>\n\n<li>P\u0159ipravit dokumenty pro \u017e\u00e1dost: v\u00fdpis z katastru nemovitost\u00ed, situa\u010dn\u00ed pl\u00e1n, cenov\u00e9 nab\u00eddky<\/li>\n\n<li>\u017d\u00e1dost pod\u00e1vejte od 15. dubna 2026; Kdo d\u0159\u00edv p\u0159ijde, ten d\u0159\u00edv mele<\/li><\/ul>\n\n\n<h2 class=\"wp-block-heading\">Dynamick\u00e9 \u0159\u00edzen\u00ed z\u00e1t\u011b\u017ee, pro\u010d je nezbytn\u00e9 p\u0159i v\u00edce nab\u00edjec\u00edch m\u00edstech<\/h2>\n\n<p>V\u00edce wallbox\u016f sou\u010dasn\u011b v budov\u011b automaticky neznamen\u00e1, \u017ee v\u0161echny mohou nab\u00edjet sou\u010dasn\u011b na pln\u00fd v\u00fdkon. Bez inteligentn\u00edho \u0159\u00edzen\u00ed z\u00e1t\u011b\u017ee hroz\u00ed p\u0159et\u00ed\u017een\u00ed s\u00ed\u0165ov\u00e9ho p\u0159ipojen\u00ed.<\/p>\n\n<p><a href=\"https:\/\/v2charge.com\/cs\/dynamicke-izeni-zat-e-pro-wallbox-co-to-je-a-pro-je-to-d-le-ite\/\">Dynamick\u00e9 \u0159\u00edzen\u00ed z\u00e1t\u011b\u017ee<\/a> rozpozn\u00e1v\u00e1 v re\u00e1ln\u00e9m \u010dase, kolik energie je v budov\u011b k dispozici, a automaticky rozd\u011bluje nab\u00edjec\u00ed v\u00fdkon na v\u0161echny aktivn\u00ed nab\u00edjec\u00ed body. T\u00edm se optim\u00e1ln\u011b vyu\u017e\u00edv\u00e1 dostupn\u00e1 kapacita s\u00edt\u011b, ani\u017e by do\u0161lo k n\u00e1kladn\u00fdm zv\u00fd\u0161en\u00edm p\u0159ipojen\u00ed k s\u00edti nebo v\u00fdpadku pojistek.<\/p>\n\n<p>Kdo m\u00e1 na st\u0159e\u0161e fotovoltaickou elektr\u00e1rnu, t\u011b\u017e\u00ed z dvoj\u00ed v\u00fdhody: Dynamick\u00e9 \u0159\u00edzen\u00ed z\u00e1t\u011b\u017ee zaji\u0161\u0165uje, \u017ee sol\u00e1rn\u00ed p\u0159ebytek je up\u0159ednost\u0148ov\u00e1n pro nab\u00edjen\u00ed a z\u00e1rove\u0148 z\u016fst\u00e1v\u00e1 dom\u00e1c\u00ed instalace stabiln\u00ed. Pro bytov\u00e9 domy s v\u00edce nab\u00edjec\u00edmi m\u00edsty to nen\u00ed voliteln\u00e1 funkce, ale praktick\u00e1 z\u00e1kladn\u00ed podm\u00ednka.<\/p>\n\n<p>V2C <a href=\"https:\/\/v2charge.com\/cs\/trydan\/\">Trydan<\/a> podporuje dynamick\u00e9 \u0159\u00edzen\u00ed z\u00e1t\u011b\u017ee z v\u00fdroby a je kompatibiln\u00ed se v\u0161emi b\u011b\u017en\u00fdmi m\u011bni\u010di. Pomoc\u00ed aplikace V2C Cloud lze centr\u00e1ln\u011b ovl\u00e1dat a monitorovat v\u00edce nab\u00edjec\u00edch bod\u016f, tak\u00e9 pro spr\u00e1vce budov nebo vlastn\u00edky, kte\u0159\u00ed mus\u00ed m\u00edt p\u0159ehled o v\u00edce parkovac\u00edch m\u00edstech. Dal\u0161\u00ed informace na <a href=\"https:\/\/v2charge.com\/cs\/sta-te-se-instalaterem\/\">str\u00e1nce V2C pro instalat\u00e9ry<\/a>.<\/p>\n\n<h2 class=\"wp-block-heading\">\u010casto kladen\u00e9 ot\u00e1zky<\/h2>\n\n<p><strong>Plat\u00ed podpora tak\u00e9 pro rodinn\u00e9 domy?<\/strong> Ne. Program \u201eNab\u00edjen\u00ed v bytov\u00fdch domech&#8220; se zam\u011b\u0159uje v\u00fdhradn\u011b na budovy s minim\u00e1ln\u011b t\u0159emi uzav\u0159en\u00fdmi bytov\u00fdmi jednotkami. Pro rodinn\u00e9 domy v sou\u010dasnosti neexistuje srovnateln\u00e1 st\u00e1tn\u00ed podpora. N\u011bkter\u00e9 spolkov\u00e9 zem\u011b a obce v\u0161ak nab\u00edzej\u00ed vlastn\u00ed dotace.<\/p>\n\n<p><strong>Mus\u00ed b\u00fdt v\u0161echna parkovac\u00ed m\u00edsta okam\u017eit\u011b vybavena wallboxem?<\/strong> Ne. Je nutn\u00e9 prov\u00e9st pouze p\u0159edkabelov\u00e1n\u00ed alespo\u0148 20 procent parkovac\u00edch m\u00edst. Ne ka\u017ed\u00e9 p\u0159edkabelovan\u00e9 parkovac\u00ed m\u00edsto mus\u00ed okam\u017eit\u011b obdr\u017eet nab\u00edjec\u00ed bod, co\u017e umo\u017e\u0148uje postupnou realizaci.<\/p>\n\n<p><strong>Je mo\u017en\u00e9 kombinovat dotace s krajsk\u00fdmi dotacemi?<\/strong> V z\u00e1sad\u011b nen\u00ed kombinace s jin\u00fdmi dotacemi povolena, pokud se t\u00fdkaj\u00ed stejn\u00fdch n\u00e1klad\u016f. N\u011bkter\u00e9 krajsk\u00e9 dotace byly od vyhl\u00e1\u0161en\u00ed feder\u00e1ln\u00ed dotace pozastaveny. P\u0159esn\u00e9 podm\u00ednky by m\u011bly b\u00fdt zkontrolov\u00e1ny pro konkr\u00e9tn\u00ed kraj.<\/p>\n\n<p><strong>Co se stane, kdy\u017e se fond vy\u010derp\u00e1?<\/strong> Program funguje na principu &#8222;kdo d\u0159\u00edv p\u0159ijde, ten d\u0159\u00edv mele&#8220; a\u017e do vy\u010derp\u00e1n\u00ed 500 milion\u016f eur. Pro WEG a KMU budou \u017e\u00e1dosti zpracov\u00e1ny podle po\u0159ad\u00ed p\u0159\u00edjmu, proto se d\u016frazn\u011b doporu\u010duje v\u010dasn\u00e9 pod\u00e1n\u00ed od 15. dubna.<\/p>\n\n<p><strong>Mus\u00ed b\u00fdt rozhodnut\u00ed WEG ji\u017e p\u0159i pod\u00e1n\u00ed \u017e\u00e1dosti?<\/strong> Ne. U WEG m\u016f\u017ee b\u00fdt rozhodnut\u00ed shrom\u00e1\u017ed\u011bn\u00ed vlastn\u00edk\u016f p\u0159edlo\u017eeno a\u017e \u0161est m\u011bs\u00edc\u016f po schv\u00e1len\u00ed dotace. To v\u00fdrazn\u011b usnad\u0148uje proces.<\/p>\n\n<p><strong>Sm\u00ed se za\u010d\u00edt s instalac\u00ed, ne\u017e bude vyd\u00e1no rozhodnut\u00ed o dotaci?<\/strong> Ne. Kdo zad\u00e1 zak\u00e1zky p\u0159ed vyd\u00e1n\u00edm rozhodnut\u00ed o dotaci, ztr\u00e1c\u00ed n\u00e1rok na dotaci. A\u017e po obdr\u017een\u00ed rozhodnut\u00ed mohou b\u00fdt pov\u011b\u0159eny instala\u010dn\u00ed firmy.<\/p>\n\n<p><strong>Plat\u00ed povinnost ekologick\u00e9 energie i v p\u0159\u00edpad\u011b, \u017ee je k dispozici vlastn\u00ed fotovoltaick\u00e1 elektr\u00e1rna?<\/strong> Ano, a v tomto p\u0159\u00edpad\u011b je podm\u00ednka automaticky spln\u011bna. Kdo provozuje <a href=\"https:\/\/v2charge.com\/cs\/p-ipojeni-wallboxu-k-pv-systemu-jak-funguje-inteligentni-nabijeni-se-solarni-energii\/\">fotovoltaickou elektr\u00e1rnu<\/a>, je pova\u017eov\u00e1n za u\u017eivatele obnoviteln\u00fdch zdroj\u016f energie a nemus\u00ed prokazovat \u017e\u00e1dnou samostatnou smlouvu o ekologick\u00e9 energii.<\/p>\n\n<p><strong>Jak dlouho mus\u00ed b\u00fdt dotovan\u00e1 nab\u00edjec\u00ed infrastruktura v provozu?<\/strong> Minim\u00e1ln\u011b t\u0159i roky. B\u011bhem t\u00e9to doby nesm\u00ed b\u00fdt infrastruktura demontov\u00e1na nebo vyu\u017e\u00edv\u00e1na k jin\u00fdm \u00fa\u010del\u016fm.<\/p>\n\n<h2 class=\"wp-block-heading\">Kr\u00e1tce \u0159e\u010deno<\/h2>\n\n<p>Podpora \u201eNab\u00edjen\u00ed v bytov\u00fdch domech\u201c je dosud nejv\u011bt\u0161\u00ed st\u00e1tn\u00ed dotac\u00ed pro soukromou nab\u00edjec\u00ed infrastrukturu mimo vlastn\u00ed domov. S a\u017e 2.000 eur na parkovac\u00ed m\u00edsto, celkov\u00fdm objemem 500 milion\u016f eur a zahrnut\u00edm p\u0159edkabelov\u00e1n\u00ed, p\u0159ipojen\u00ed k s\u00edti a stavebn\u00edch opat\u0159en\u00ed se zam\u011b\u0159uje p\u0159esn\u011b tam, kde byl rozvoj dosud nejt\u011b\u017e\u0161\u00ed.<\/p>\n\n<p>Prost\u0159edky jsou omezen\u00e9 a \u0159\u00edzen\u00ed prob\u00edh\u00e1 podle principu \u201eKdo d\u0159\u00edv p\u0159ijde, ten d\u0159\u00edv mele&#8220;. Kdo se do 15. dubna 2026 p\u0159iprav\u00ed a pod\u00e1 \u017e\u00e1dost v\u010das, zajist\u00ed si nejlep\u0161\u00ed \u0161ance na \u00fapln\u00e9 schv\u00e1len\u00ed.<\/p>","protected":false},"excerpt":{"rendered":"<p>Kdo bydl\u00ed v bytov\u00e9m dom\u011b, pronaj\u00edm\u00e1 nebo spravuje bytov\u00e9 dru\u017estvo, m\u011bl dosud p\u0159i ot\u00e1zce nab\u00edjec\u00ed infrastruktury v\u00fdrazn\u011b t\u011b\u017e\u0161\u00ed situaci ne\u017e majitel\u00e9 rodinn\u00fdch dom\u016f. To se zm\u011bn\u00ed od 15. dubna 2026: Feder\u00e1ln\u00ed ministerstvo dopravy (BMV) spou\u0161t\u00ed dota\u010dn\u00ed program \u201eNab\u00edjen\u00ed v bytov\u00e9m dom\u011b&#8220;; s celkov\u00fdm objemem 500 milion\u016f eur na po\u0159\u00edzen\u00ed a v\u00fdstavbu soukrom\u00e9 nab\u00edjec\u00ed infrastruktury v &#8230; <a title=\"Wallbox podpora pro v\u00edcebytov\u00e9 domy 2026: Nab\u00edjec\u00ed infrastruktura ve v\u00edce\u00fa\u010delov\u00e9m dom\u011b a\u017e 2.000 Euro na parkovac\u00ed m\u00edsto\" class=\"read-more\" href=\"https:\/\/v2charge.com\/cs\/wallbox-podpora-pro-vicebytove-domy-2026-nabijeci-infrastruktura-ve-viceu-elovem-dom-a-2-000-euro-na-parkovaci-misto\/\" aria-label=\"Read more about Wallbox podpora pro v\u00edcebytov\u00e9 domy 2026: Nab\u00edjec\u00ed infrastruktura ve v\u00edce\u00fa\u010delov\u00e9m dom\u011b a\u017e 2.000 Euro na parkovac\u00ed m\u00edsto\">\u010c\u00edst d\u00e1l<\/a><\/p>\n","protected":false},"author":400,"featured_media":311586,"comment_status":"closed","ping_status":"closed","sticky":false,"template":"","format":"standard","meta":{"_eb_attr":"","content-type":"","_uag_custom_page_level_css":"","footnotes":""},"categories":[],"tags":[],"class_list":["post-318278","post","type-post","status-publish","format-standard","has-post-thumbnail","hentry"],"yoast_head":"<!-- This site is optimized with the Yoast SEO plugin v25.3.1 - https:\/\/yoast.com\/wordpress\/plugins\/seo\/ -->\n<title>Wallbox podpora pro bytov\u00e9 domy 2026: A\u017e 2.000 Euro<\/title>\n<meta name=\"description\" content=\"Od 15. dubna 2026 bude st\u00e1t podporovat nab\u00edjec\u00ed infrastrukturu v bytov\u00fdch domech a\u017e do v\u00fd\u0161e 2.000 eur na parkovac\u00ed m\u00edsto. WEG, pronaj\u00edmatel\u00e9 a mal\u00e9 a st\u0159edn\u00ed podniky: po\u017eadavky, v\u00fd\u0161e dotac\u00ed a jak funguje \u017e\u00e1dost.\" \/>\n<meta name=\"robots\" content=\"index, follow, max-snippet:-1, max-image-preview:large, max-video-preview:-1\" \/>\n<link rel=\"canonical\" href=\"https:\/\/v2charge.com\/cs\/wallbox-podpora-pro-vicebytove-domy-2026-nabijeci-infrastruktura-ve-viceu-elovem-dom-a-2-000-euro-na-parkovaci-misto\/\" \/>\n<meta property=\"og:locale\" content=\"cs_CZ\" \/>\n<meta property=\"og:type\" content=\"article\" \/>\n<meta property=\"og:title\" content=\"Wallbox podpora pro bytov\u00e9 domy 2026: A\u017e 2.000 Euro\" \/>\n<meta property=\"og:description\" content=\"Od 15. dubna 2026 bude st\u00e1t podporovat nab\u00edjec\u00ed infrastrukturu v bytov\u00fdch domech a\u017e do v\u00fd\u0161e 2.000 eur na parkovac\u00ed m\u00edsto. WEG, pronaj\u00edmatel\u00e9 a mal\u00e9 a st\u0159edn\u00ed podniky: po\u017eadavky, v\u00fd\u0161e dotac\u00ed a jak funguje \u017e\u00e1dost.\" \/>\n<meta property=\"og:url\" content=\"https:\/\/v2charge.com\/cs\/wallbox-podpora-pro-vicebytove-domy-2026-nabijeci-infrastruktura-ve-viceu-elovem-dom-a-2-000-euro-na-parkovaci-misto\/\" \/>\n<meta property=\"og:site_name\" content=\"V2C\" \/>\n<meta property=\"article:publisher\" content=\"https:\/\/www.facebook.com\/V2C.Charge\" \/>\n<meta property=\"article:published_time\" content=\"2026-04-02T14:03:05+00:00\" \/>\n<meta property=\"article:modified_time\" content=\"2026-04-02T14:05:26+00:00\" \/>\n<meta property=\"og:image\" content=\"https:\/\/v2charge.com\/wp-content\/uploads\/2026\/04\/wallbox-foerderung-mehrfamilienhaus.jpg\" \/>\n\t<meta property=\"og:image:width\" content=\"960\" \/>\n\t<meta property=\"og:image:height\" content=\"560\" \/>\n\t<meta property=\"og:image:type\" content=\"image\/jpeg\" \/>\n<meta name=\"author\" content=\"V2C\" \/>\n<meta name=\"twitter:card\" content=\"summary_large_image\" \/>\n<meta name=\"twitter:creator\" content=\"@V2C_Charge\" \/>\n<meta name=\"twitter:site\" content=\"@V2C_Charge\" \/>\n<meta name=\"twitter:label1\" content=\"Napsal(a)\" \/>\n\t<meta name=\"twitter:data1\" content=\"V2C\" \/>\n\t<meta name=\"twitter:label2\" content=\"Odhadovan\u00e1 doba \u010dten\u00ed\" \/>\n\t<meta name=\"twitter:data2\" content=\"7 minut\" \/>\n<script type=\"application\/ld+json\" class=\"yoast-schema-graph\">{\"@context\":\"https:\/\/schema.org\",\"@graph\":[{\"@type\":\"Article\",\"@id\":\"https:\/\/v2charge.com\/cs\/wallbox-podpora-pro-vicebytove-domy-2026-nabijeci-infrastruktura-ve-viceu-elovem-dom-a-2-000-euro-na-parkovaci-misto\/#article\",\"isPartOf\":{\"@id\":\"https:\/\/v2charge.com\/cs\/wallbox-podpora-pro-vicebytove-domy-2026-nabijeci-infrastruktura-ve-viceu-elovem-dom-a-2-000-euro-na-parkovaci-misto\/\"},\"author\":{\"name\":\"V2C\",\"@id\":\"https:\/\/v2charge.com\/cs\/#\/schema\/person\/d6f210a94a856acdddec347b2127fd0f\"},\"headline\":\"Wallbox podpora pro v\u00edcebytov\u00e9 domy 2026: Nab\u00edjec\u00ed infrastruktura ve v\u00edce\u00fa\u010delov\u00e9m dom\u011b a\u017e 2.000 Euro na parkovac\u00ed m\u00edsto\",\"datePublished\":\"2026-04-02T14:03:05+00:00\",\"dateModified\":\"2026-04-02T14:05:26+00:00\",\"mainEntityOfPage\":{\"@id\":\"https:\/\/v2charge.com\/cs\/wallbox-podpora-pro-vicebytove-domy-2026-nabijeci-infrastruktura-ve-viceu-elovem-dom-a-2-000-euro-na-parkovaci-misto\/\"},\"wordCount\":1898,\"publisher\":{\"@id\":\"https:\/\/v2charge.com\/cs\/#organization\"},\"image\":{\"@id\":\"https:\/\/v2charge.com\/cs\/wallbox-podpora-pro-vicebytove-domy-2026-nabijeci-infrastruktura-ve-viceu-elovem-dom-a-2-000-euro-na-parkovaci-misto\/#primaryimage\"},\"thumbnailUrl\":\"https:\/\/v2charge.com\/wp-content\/uploads\/2026\/04\/wallbox-foerderung-mehrfamilienhaus.jpg\",\"inLanguage\":\"cs\"},{\"@type\":\"WebPage\",\"@id\":\"https:\/\/v2charge.com\/cs\/wallbox-podpora-pro-vicebytove-domy-2026-nabijeci-infrastruktura-ve-viceu-elovem-dom-a-2-000-euro-na-parkovaci-misto\/\",\"url\":\"https:\/\/v2charge.com\/cs\/wallbox-podpora-pro-vicebytove-domy-2026-nabijeci-infrastruktura-ve-viceu-elovem-dom-a-2-000-euro-na-parkovaci-misto\/\",\"name\":\"Wallbox podpora pro bytov\u00e9 domy 2026: A\u017e 2.000 Euro\",\"isPartOf\":{\"@id\":\"https:\/\/v2charge.com\/cs\/#website\"},\"primaryImageOfPage\":{\"@id\":\"https:\/\/v2charge.com\/cs\/wallbox-podpora-pro-vicebytove-domy-2026-nabijeci-infrastruktura-ve-viceu-elovem-dom-a-2-000-euro-na-parkovaci-misto\/#primaryimage\"},\"image\":{\"@id\":\"https:\/\/v2charge.com\/cs\/wallbox-podpora-pro-vicebytove-domy-2026-nabijeci-infrastruktura-ve-viceu-elovem-dom-a-2-000-euro-na-parkovaci-misto\/#primaryimage\"},\"thumbnailUrl\":\"https:\/\/v2charge.com\/wp-content\/uploads\/2026\/04\/wallbox-foerderung-mehrfamilienhaus.jpg\",\"datePublished\":\"2026-04-02T14:03:05+00:00\",\"dateModified\":\"2026-04-02T14:05:26+00:00\",\"description\":\"Od 15. dubna 2026 bude st\u00e1t podporovat nab\u00edjec\u00ed infrastrukturu v bytov\u00fdch domech a\u017e do v\u00fd\u0161e 2.000 eur na parkovac\u00ed m\u00edsto. WEG, pronaj\u00edmatel\u00e9 a mal\u00e9 a st\u0159edn\u00ed podniky: po\u017eadavky, v\u00fd\u0161e dotac\u00ed a jak funguje \u017e\u00e1dost.\",\"breadcrumb\":{\"@id\":\"https:\/\/v2charge.com\/cs\/wallbox-podpora-pro-vicebytove-domy-2026-nabijeci-infrastruktura-ve-viceu-elovem-dom-a-2-000-euro-na-parkovaci-misto\/#breadcrumb\"},\"inLanguage\":\"cs\",\"potentialAction\":[{\"@type\":\"ReadAction\",\"target\":[\"https:\/\/v2charge.com\/cs\/wallbox-podpora-pro-vicebytove-domy-2026-nabijeci-infrastruktura-ve-viceu-elovem-dom-a-2-000-euro-na-parkovaci-misto\/\"]}]},{\"@type\":\"ImageObject\",\"inLanguage\":\"cs\",\"@id\":\"https:\/\/v2charge.com\/cs\/wallbox-podpora-pro-vicebytove-domy-2026-nabijeci-infrastruktura-ve-viceu-elovem-dom-a-2-000-euro-na-parkovaci-misto\/#primaryimage\",\"url\":\"https:\/\/v2charge.com\/wp-content\/uploads\/2026\/04\/wallbox-foerderung-mehrfamilienhaus.jpg\",\"contentUrl\":\"https:\/\/v2charge.com\/wp-content\/uploads\/2026\/04\/wallbox-foerderung-mehrfamilienhaus.jpg\",\"width\":960,\"height\":560,\"caption\":\"Ab 15. April 2026 f\u00f6rdert der Bund Ladeinfrastruktur im Mehrparteienhaus mit bis zu 2.000 Euro pro Stellplatz.\"},{\"@type\":\"BreadcrumbList\",\"@id\":\"https:\/\/v2charge.com\/cs\/wallbox-podpora-pro-vicebytove-domy-2026-nabijeci-infrastruktura-ve-viceu-elovem-dom-a-2-000-euro-na-parkovaci-misto\/#breadcrumb\",\"itemListElement\":[{\"@type\":\"ListItem\",\"position\":1,\"name\":\"V2C\",\"item\":\"https:\/\/v2charge.com\/cs\/\"},{\"@type\":\"ListItem\",\"position\":2,\"name\":\"e-Mobility\",\"item\":\"https:\/\/v2charge.com\/cs\/e-mobility\/\"},{\"@type\":\"ListItem\",\"position\":3,\"name\":\"Wallbox podpora pro v\u00edcebytov\u00e9 domy 2026: Nab\u00edjec\u00ed infrastruktura ve v\u00edce\u00fa\u010delov\u00e9m dom\u011b a\u017e 2.000 Euro na parkovac\u00ed m\u00edsto\"}]},{\"@type\":\"WebSite\",\"@id\":\"https:\/\/v2charge.com\/cs\/#website\",\"url\":\"https:\/\/v2charge.com\/cs\/\",\"name\":\"V2C\",\"description\":\"#CargandoElMa\u00f1ana\",\"publisher\":{\"@id\":\"https:\/\/v2charge.com\/cs\/#organization\"},\"potentialAction\":[{\"@type\":\"SearchAction\",\"target\":{\"@type\":\"EntryPoint\",\"urlTemplate\":\"https:\/\/v2charge.com\/cs\/?s={search_term_string}\"},\"query-input\":{\"@type\":\"PropertyValueSpecification\",\"valueRequired\":true,\"valueName\":\"search_term_string\"}}],\"inLanguage\":\"cs\"},{\"@type\":\"Organization\",\"@id\":\"https:\/\/v2charge.com\/cs\/#organization\",\"name\":\"V2C\",\"url\":\"https:\/\/v2charge.com\/cs\/\",\"logo\":{\"@type\":\"ImageObject\",\"inLanguage\":\"cs\",\"@id\":\"https:\/\/v2charge.com\/cs\/#\/schema\/logo\/image\/\",\"url\":\"https:\/\/v2charge.com\/wp-content\/uploads\/2024\/11\/cropped-v2c-charge-logo-menu.png\",\"contentUrl\":\"https:\/\/v2charge.com\/wp-content\/uploads\/2024\/11\/cropped-v2c-charge-logo-menu.png\",\"width\":984,\"height\":431,\"caption\":\"V2C\"},\"image\":{\"@id\":\"https:\/\/v2charge.com\/cs\/#\/schema\/logo\/image\/\"},\"sameAs\":[\"https:\/\/www.facebook.com\/V2C.Charge\",\"https:\/\/x.com\/V2C_Charge\",\"https:\/\/www.instagram.com\/v2c.charge\/\",\"https:\/\/www.youtube.com\/@V2C\",\"https:\/\/www.linkedin.com\/company\/v2c-chargers\/\"]},{\"@type\":\"Person\",\"@id\":\"https:\/\/v2charge.com\/cs\/#\/schema\/person\/d6f210a94a856acdddec347b2127fd0f\",\"name\":\"V2C\",\"image\":{\"@type\":\"ImageObject\",\"inLanguage\":\"cs\",\"@id\":\"https:\/\/v2charge.com\/cs\/#\/schema\/person\/image\/\",\"url\":\"https:\/\/secure.gravatar.com\/avatar\/a91128c4c0d2f4d63bd586301fdec6cc9aa49c885839b25d1c62700f529f267c?s=96&d=mm&r=g\",\"contentUrl\":\"https:\/\/secure.gravatar.com\/avatar\/a91128c4c0d2f4d63bd586301fdec6cc9aa49c885839b25d1c62700f529f267c?s=96&d=mm&r=g\",\"caption\":\"V2C\"}}]}<\/script>\n<!-- \/ Yoast SEO plugin. -->","yoast_head_json":{"title":"Wallbox podpora pro bytov\u00e9 domy 2026: A\u017e 2.000 Euro","description":"Od 15. dubna 2026 bude st\u00e1t podporovat nab\u00edjec\u00ed infrastrukturu v bytov\u00fdch domech a\u017e do v\u00fd\u0161e 2.000 eur na parkovac\u00ed m\u00edsto. WEG, pronaj\u00edmatel\u00e9 a mal\u00e9 a st\u0159edn\u00ed podniky: po\u017eadavky, v\u00fd\u0161e dotac\u00ed a jak funguje \u017e\u00e1dost.","robots":{"index":"index","follow":"follow","max-snippet":"max-snippet:-1","max-image-preview":"max-image-preview:large","max-video-preview":"max-video-preview:-1"},"canonical":"https:\/\/v2charge.com\/cs\/wallbox-podpora-pro-vicebytove-domy-2026-nabijeci-infrastruktura-ve-viceu-elovem-dom-a-2-000-euro-na-parkovaci-misto\/","og_locale":"cs_CZ","og_type":"article","og_title":"Wallbox podpora pro bytov\u00e9 domy 2026: A\u017e 2.000 Euro","og_description":"Od 15. dubna 2026 bude st\u00e1t podporovat nab\u00edjec\u00ed infrastrukturu v bytov\u00fdch domech a\u017e do v\u00fd\u0161e 2.000 eur na parkovac\u00ed m\u00edsto. WEG, pronaj\u00edmatel\u00e9 a mal\u00e9 a st\u0159edn\u00ed podniky: po\u017eadavky, v\u00fd\u0161e dotac\u00ed a jak funguje \u017e\u00e1dost.","og_url":"https:\/\/v2charge.com\/cs\/wallbox-podpora-pro-vicebytove-domy-2026-nabijeci-infrastruktura-ve-viceu-elovem-dom-a-2-000-euro-na-parkovaci-misto\/","og_site_name":"V2C","article_publisher":"https:\/\/www.facebook.com\/V2C.Charge","article_published_time":"2026-04-02T14:03:05+00:00","article_modified_time":"2026-04-02T14:05:26+00:00","og_image":[{"width":960,"height":560,"url":"https:\/\/v2charge.com\/wp-content\/uploads\/2026\/04\/wallbox-foerderung-mehrfamilienhaus.jpg","type":"image\/jpeg"}],"author":"V2C","twitter_card":"summary_large_image","twitter_creator":"@V2C_Charge","twitter_site":"@V2C_Charge","twitter_misc":{"Napsal(a)":"V2C","Odhadovan\u00e1 doba \u010dten\u00ed":"7 minut"},"schema":{"@context":"https:\/\/schema.org","@graph":[{"@type":"Article","@id":"https:\/\/v2charge.com\/cs\/wallbox-podpora-pro-vicebytove-domy-2026-nabijeci-infrastruktura-ve-viceu-elovem-dom-a-2-000-euro-na-parkovaci-misto\/#article","isPartOf":{"@id":"https:\/\/v2charge.com\/cs\/wallbox-podpora-pro-vicebytove-domy-2026-nabijeci-infrastruktura-ve-viceu-elovem-dom-a-2-000-euro-na-parkovaci-misto\/"},"author":{"name":"V2C","@id":"https:\/\/v2charge.com\/cs\/#\/schema\/person\/d6f210a94a856acdddec347b2127fd0f"},"headline":"Wallbox podpora pro v\u00edcebytov\u00e9 domy 2026: Nab\u00edjec\u00ed infrastruktura ve v\u00edce\u00fa\u010delov\u00e9m dom\u011b a\u017e 2.000 Euro na parkovac\u00ed m\u00edsto","datePublished":"2026-04-02T14:03:05+00:00","dateModified":"2026-04-02T14:05:26+00:00","mainEntityOfPage":{"@id":"https:\/\/v2charge.com\/cs\/wallbox-podpora-pro-vicebytove-domy-2026-nabijeci-infrastruktura-ve-viceu-elovem-dom-a-2-000-euro-na-parkovaci-misto\/"},"wordCount":1898,"publisher":{"@id":"https:\/\/v2charge.com\/cs\/#organization"},"image":{"@id":"https:\/\/v2charge.com\/cs\/wallbox-podpora-pro-vicebytove-domy-2026-nabijeci-infrastruktura-ve-viceu-elovem-dom-a-2-000-euro-na-parkovaci-misto\/#primaryimage"},"thumbnailUrl":"https:\/\/v2charge.com\/wp-content\/uploads\/2026\/04\/wallbox-foerderung-mehrfamilienhaus.jpg","inLanguage":"cs"},{"@type":"WebPage","@id":"https:\/\/v2charge.com\/cs\/wallbox-podpora-pro-vicebytove-domy-2026-nabijeci-infrastruktura-ve-viceu-elovem-dom-a-2-000-euro-na-parkovaci-misto\/","url":"https:\/\/v2charge.com\/cs\/wallbox-podpora-pro-vicebytove-domy-2026-nabijeci-infrastruktura-ve-viceu-elovem-dom-a-2-000-euro-na-parkovaci-misto\/","name":"Wallbox podpora pro bytov\u00e9 domy 2026: A\u017e 2.000 Euro","isPartOf":{"@id":"https:\/\/v2charge.com\/cs\/#website"},"primaryImageOfPage":{"@id":"https:\/\/v2charge.com\/cs\/wallbox-podpora-pro-vicebytove-domy-2026-nabijeci-infrastruktura-ve-viceu-elovem-dom-a-2-000-euro-na-parkovaci-misto\/#primaryimage"},"image":{"@id":"https:\/\/v2charge.com\/cs\/wallbox-podpora-pro-vicebytove-domy-2026-nabijeci-infrastruktura-ve-viceu-elovem-dom-a-2-000-euro-na-parkovaci-misto\/#primaryimage"},"thumbnailUrl":"https:\/\/v2charge.com\/wp-content\/uploads\/2026\/04\/wallbox-foerderung-mehrfamilienhaus.jpg","datePublished":"2026-04-02T14:03:05+00:00","dateModified":"2026-04-02T14:05:26+00:00","description":"Od 15. dubna 2026 bude st\u00e1t podporovat nab\u00edjec\u00ed infrastrukturu v bytov\u00fdch domech a\u017e do v\u00fd\u0161e 2.000 eur na parkovac\u00ed m\u00edsto. WEG, pronaj\u00edmatel\u00e9 a mal\u00e9 a st\u0159edn\u00ed podniky: po\u017eadavky, v\u00fd\u0161e dotac\u00ed a jak funguje \u017e\u00e1dost.","breadcrumb":{"@id":"https:\/\/v2charge.com\/cs\/wallbox-podpora-pro-vicebytove-domy-2026-nabijeci-infrastruktura-ve-viceu-elovem-dom-a-2-000-euro-na-parkovaci-misto\/#breadcrumb"},"inLanguage":"cs","potentialAction":[{"@type":"ReadAction","target":["https:\/\/v2charge.com\/cs\/wallbox-podpora-pro-vicebytove-domy-2026-nabijeci-infrastruktura-ve-viceu-elovem-dom-a-2-000-euro-na-parkovaci-misto\/"]}]},{"@type":"ImageObject","inLanguage":"cs","@id":"https:\/\/v2charge.com\/cs\/wallbox-podpora-pro-vicebytove-domy-2026-nabijeci-infrastruktura-ve-viceu-elovem-dom-a-2-000-euro-na-parkovaci-misto\/#primaryimage","url":"https:\/\/v2charge.com\/wp-content\/uploads\/2026\/04\/wallbox-foerderung-mehrfamilienhaus.jpg","contentUrl":"https:\/\/v2charge.com\/wp-content\/uploads\/2026\/04\/wallbox-foerderung-mehrfamilienhaus.jpg","width":960,"height":560,"caption":"Ab 15. April 2026 f\u00f6rdert der Bund Ladeinfrastruktur im Mehrparteienhaus mit bis zu 2.000 Euro pro Stellplatz."},{"@type":"BreadcrumbList","@id":"https:\/\/v2charge.com\/cs\/wallbox-podpora-pro-vicebytove-domy-2026-nabijeci-infrastruktura-ve-viceu-elovem-dom-a-2-000-euro-na-parkovaci-misto\/#breadcrumb","itemListElement":[{"@type":"ListItem","position":1,"name":"V2C","item":"https:\/\/v2charge.com\/cs\/"},{"@type":"ListItem","position":2,"name":"e-Mobility","item":"https:\/\/v2charge.com\/cs\/e-mobility\/"},{"@type":"ListItem","position":3,"name":"Wallbox podpora pro v\u00edcebytov\u00e9 domy 2026: Nab\u00edjec\u00ed infrastruktura ve v\u00edce\u00fa\u010delov\u00e9m dom\u011b a\u017e 2.000 Euro na parkovac\u00ed m\u00edsto"}]},{"@type":"WebSite","@id":"https:\/\/v2charge.com\/cs\/#website","url":"https:\/\/v2charge.com\/cs\/","name":"V2C","description":"#CargandoElMa\u00f1ana","publisher":{"@id":"https:\/\/v2charge.com\/cs\/#organization"},"potentialAction":[{"@type":"SearchAction","target":{"@type":"EntryPoint","urlTemplate":"https:\/\/v2charge.com\/cs\/?s={search_term_string}"},"query-input":{"@type":"PropertyValueSpecification","valueRequired":true,"valueName":"search_term_string"}}],"inLanguage":"cs"},{"@type":"Organization","@id":"https:\/\/v2charge.com\/cs\/#organization","name":"V2C","url":"https:\/\/v2charge.com\/cs\/","logo":{"@type":"ImageObject","inLanguage":"cs","@id":"https:\/\/v2charge.com\/cs\/#\/schema\/logo\/image\/","url":"https:\/\/v2charge.com\/wp-content\/uploads\/2024\/11\/cropped-v2c-charge-logo-menu.png","contentUrl":"https:\/\/v2charge.com\/wp-content\/uploads\/2024\/11\/cropped-v2c-charge-logo-menu.png","width":984,"height":431,"caption":"V2C"},"image":{"@id":"https:\/\/v2charge.com\/cs\/#\/schema\/logo\/image\/"},"sameAs":["https:\/\/www.facebook.com\/V2C.Charge","https:\/\/x.com\/V2C_Charge","https:\/\/www.instagram.com\/v2c.charge\/","https:\/\/www.youtube.com\/@V2C","https:\/\/www.linkedin.com\/company\/v2c-chargers\/"]},{"@type":"Person","@id":"https:\/\/v2charge.com\/cs\/#\/schema\/person\/d6f210a94a856acdddec347b2127fd0f","name":"V2C","image":{"@type":"ImageObject","inLanguage":"cs","@id":"https:\/\/v2charge.com\/cs\/#\/schema\/person\/image\/","url":"https:\/\/secure.gravatar.com\/avatar\/a91128c4c0d2f4d63bd586301fdec6cc9aa49c885839b25d1c62700f529f267c?s=96&d=mm&r=g","contentUrl":"https:\/\/secure.gravatar.com\/avatar\/a91128c4c0d2f4d63bd586301fdec6cc9aa49c885839b25d1c62700f529f267c?s=96&d=mm&r=g","caption":"V2C"}}]}},"uagb_featured_image_src":{"full":["https:\/\/v2charge.com\/wp-content\/uploads\/2026\/04\/wallbox-foerderung-mehrfamilienhaus.jpg",960,560,false],"thumbnail":["https:\/\/v2charge.com\/wp-content\/uploads\/2026\/04\/wallbox-foerderung-mehrfamilienhaus-150x150.jpg",150,150,true],"medium":["https:\/\/v2charge.com\/wp-content\/uploads\/2026\/04\/wallbox-foerderung-mehrfamilienhaus-300x175.jpg",300,175,true],"medium_large":["https:\/\/v2charge.com\/wp-content\/uploads\/2026\/04\/wallbox-foerderung-mehrfamilienhaus-768x448.jpg",768,448,true],"large":["https:\/\/v2charge.com\/wp-content\/uploads\/2026\/04\/wallbox-foerderung-mehrfamilienhaus.jpg",960,560,false],"gs-tiny":["https:\/\/v2charge.com\/wp-content\/uploads\/2026\/04\/wallbox-foerderung-mehrfamilienhaus-50x29.jpg",50,29,true],"xl":["https:\/\/v2charge.com\/wp-content\/uploads\/2026\/04\/wallbox-foerderung-mehrfamilienhaus.jpg",960,560,false],"xxl":["https:\/\/v2charge.com\/wp-content\/uploads\/2026\/04\/wallbox-foerderung-mehrfamilienhaus.jpg",960,560,false],"xxxl":["https:\/\/v2charge.com\/wp-content\/uploads\/2026\/04\/wallbox-foerderung-mehrfamilienhaus.jpg",960,560,false],"xxxxl":["https:\/\/v2charge.com\/wp-content\/uploads\/2026\/04\/wallbox-foerderung-mehrfamilienhaus.jpg",960,560,false],"xxxxxl":["https:\/\/v2charge.com\/wp-content\/uploads\/2026\/04\/wallbox-foerderung-mehrfamilienhaus.jpg",960,560,false],"1536x1536":["https:\/\/v2charge.com\/wp-content\/uploads\/2026\/04\/wallbox-foerderung-mehrfamilienhaus.jpg",960,560,false],"2048x2048":["https:\/\/v2charge.com\/wp-content\/uploads\/2026\/04\/wallbox-foerderung-mehrfamilienhaus.jpg",960,560,false]},"uagb_author_info":{"display_name":"V2C","author_link":"https:\/\/v2charge.com\/cs\/author\/marketing\/"},"uagb_comment_info":0,"uagb_excerpt":"Kdo bydl\u00ed v bytov\u00e9m dom\u011b, pronaj\u00edm\u00e1 nebo spravuje bytov\u00e9 dru\u017estvo, m\u011bl dosud p\u0159i ot\u00e1zce nab\u00edjec\u00ed infrastruktury v\u00fdrazn\u011b t\u011b\u017e\u0161\u00ed situaci ne\u017e majitel\u00e9 rodinn\u00fdch dom\u016f. To se zm\u011bn\u00ed od 15. dubna 2026: Feder\u00e1ln\u00ed ministerstvo dopravy (BMV) spou\u0161t\u00ed dota\u010dn\u00ed program \u201eNab\u00edjen\u00ed v bytov\u00e9m dom\u011b&#8220;; s celkov\u00fdm objemem 500 milion\u016f eur na po\u0159\u00edzen\u00ed a v\u00fdstavbu soukrom\u00e9 nab\u00edjec\u00ed infrastruktury v&hellip;","_links":{"self":[{"href":"https:\/\/v2charge.com\/cs\/wp-json\/wp\/v2\/posts\/318278","targetHints":{"allow":["GET"]}}],"collection":[{"href":"https:\/\/v2charge.com\/cs\/wp-json\/wp\/v2\/posts"}],"about":[{"href":"https:\/\/v2charge.com\/cs\/wp-json\/wp\/v2\/types\/post"}],"author":[{"embeddable":true,"href":"https:\/\/v2charge.com\/cs\/wp-json\/wp\/v2\/users\/400"}],"replies":[{"embeddable":true,"href":"https:\/\/v2charge.com\/cs\/wp-json\/wp\/v2\/comments?post=318278"}],"version-history":[{"count":0,"href":"https:\/\/v2charge.com\/cs\/wp-json\/wp\/v2\/posts\/318278\/revisions"}],"wp:featuredmedia":[{"embeddable":true,"href":"https:\/\/v2charge.com\/cs\/wp-json\/wp\/v2\/media\/311586"}],"wp:attachment":[{"href":"https:\/\/v2charge.com\/cs\/wp-json\/wp\/v2\/media?parent=318278"}],"wp:term":[{"taxonomy":"category","embeddable":true,"href":"https:\/\/v2charge.com\/cs\/wp-json\/wp\/v2\/categories?post=318278"},{"taxonomy":"post_tag","embeddable":true,"href":"https:\/\/v2charge.com\/cs\/wp-json\/wp\/v2\/tags?post=318278"}],"curies":[{"name":"wp","href":"https:\/\/api.w.org\/{rel}","templated":true}]}}