{"id":318279,"date":"2026-04-17T16:35:44","date_gmt":"2026-04-17T14:35:44","guid":{"rendered":""},"modified":"2026-04-17T16:36:06","modified_gmt":"2026-04-17T14:36:06","slug":"jak-v-kon-nabijeni-pot-ebuji-pro-sve-elektromobil","status":"publish","type":"post","link":"https:\/\/v2charge.com\/cs\/jak-v-kon-nabijeni-pot-ebuji-pro-sve-elektromobil\/","title":{"rendered":"Jak\u00fd v\u00fdkon nab\u00edjen\u00ed pot\u0159ebuji pro sv\u00e9 elektromobil?"},"content":{"rendered":"<h2 class=\"wp-block-heading\">Pro\u010d je v\u00fdkon nab\u00edjen\u00ed d\u016fle\u017eit\u011bj\u0161\u00ed ne\u017e cena wallboxu<\/h2>\n\n<p>Mnoho \u0159idi\u010d\u016f elektromobil\u016f se p\u0159i <a href=\"https:\/\/v2charge.com\/cs\/\">n\u00e1kupu wallboxu<\/a> nejprve pt\u00e1 na cenu. P\u0159itom je ot\u00e1zka <strong>spr\u00e1vn\u00e9ho nab\u00edjec\u00edho v\u00fdkonu<\/strong> v kW minim\u00e1ln\u011b stejn\u011b d\u016fle\u017eit\u00e1 a \u010dasto podce\u0148ov\u00e1na.<\/p>\n\n<p>Denn n\u00e1st\u011bnn\u00e1 nab\u00edje\u010dka s nedostate\u010dn\u00fdm v\u00fdkonem znamen\u00e1: Auto nen\u00ed r\u00e1no pln\u011b nabit\u00e9. N\u00e1st\u011bnn\u00e1 nab\u00edje\u010dka s p\u0159\u00edli\u0161 vysok\u00fdm v\u00fdkonem znamen\u00e1: byrokracie, vy\u0161\u0161\u00ed instala\u010dn\u00ed n\u00e1klady a v mnoha p\u0159\u00edpadech \u017e\u00e1dn\u00fd m\u011b\u0159iteln\u00fd \u010dasov\u00fd zisk, proto\u017ee vozidlo vy\u0161\u0161\u00ed v\u00fdkon v\u016fbec nem\u016f\u017ee p\u0159ijmout.<\/p>\n\n<p>Dobr\u00e1 zpr\u00e1va: Odpov\u011b\u010f na ot\u00e1zku \u201eJak\u00fd v\u00fdkon nab\u00edjen\u00ed pot\u0159ebuji?&#8220; lze jasn\u011b zodpov\u011bd\u011bt s n\u011bkolika z\u00e1kladn\u00edmi \u00fadaji. Tento pr\u016fvodce ukazuje, jak na to.<\/p>\n\n<h2 class=\"wp-block-heading\">AC nebo DC? Rozd\u00edl<\/h2>\n\n<p>Ne\u017e za\u010dneme hovo\u0159it o konkr\u00e9tn\u00edch kilowattech, stoj\u00ed za to se kr\u00e1tce pod\u00edvat na z\u00e1klady:<\/p>\n\n<p><strong>AC nab\u00edjen\u00ed (st\u0159\u00eddav\u00fd proud)<\/strong> je to, co se d\u011bje doma u wallboxu. Elektrick\u00fd proud z s\u00edt\u011b je st\u0159\u00eddav\u00fd, mus\u00ed b\u00fdt nejprve ve vozidle p\u0159eveden pomoc\u00ed palubn\u00edho nab\u00edje\u010de (OBC) na stejnosm\u011brn\u00fd proud, ne\u017e m\u016f\u017ee b\u00fdt ulo\u017een v baterii. Maxim\u00e1ln\u00ed AC nab\u00edjec\u00ed v\u00fdkon je tedy omezen OBC ve vozidle, nikoli wallboxem.<\/p>\n\n<p><strong>DC nab\u00edjen\u00ed (stejnosm\u011brn\u00fd proud)<\/strong> prob\u00edh\u00e1 na ve\u0159ejn\u00fdch rychlonab\u00edjec\u00edch stanic\u00edch (CCS, CHAdeMO). Zde je stejnosm\u011brn\u00fd proud p\u0159\u00edmo dod\u00e1v\u00e1n do baterie, bez obchodu p\u0159es OBC. Proto jsou zde mo\u017en\u00e9 v\u00fdkony 50 kW, 150 kW nebo dokonce 300 kW.<\/p>\n\n<p><strong>Pro dom\u00e1c\u00ed wallbox je relevantn\u00ed pouze AC nab\u00edjen\u00ed.<\/strong> A t\u00edm tak\u00e9: Co vlastn\u011b m\u016fj OBC m\u016f\u017ee zpracovat?<\/p>\n\n<h2 class=\"wp-block-heading\">Jak\u00fd v\u00fdkon nab\u00edjen\u00ed m\u016f\u017ee moje elektromobil v\u016fbec p\u0159ijmout?<\/h2>\n\n<p>To je rozhoduj\u00edc\u00ed ot\u00e1zka a t\u00fdk\u00e1 se vestav\u011bn\u00e9ho <strong>Onboard-Lader (OBC)<\/strong> ve vozidle.<\/p>\n\n<figure class=\"wp-block-table\"><table class=\"has-fixed-layout\"><thead><tr><th>Automobil (p\u0159\u00edklady)<\/th><th>Max. AC nab\u00edjec\u00ed v\u00fdkon<\/th><\/tr><\/thead><tbody><tr><td>Renault Zoe (s 22-kW mo\u017enost\u00ed)<\/td><td>22 kW<\/td><\/tr><tr><td>Mercedes EQS, EQE<\/td><td>22 kW<\/td><\/tr><tr><td>BMW iX, i4 (voliteln\u011b)<\/td><td>22 kW<\/td><\/tr><tr><td>VW ID.3, ID.4, ID.7<\/td><td>11 kW<\/td><\/tr><tr><td>Tesla Model 3 \/ Y<\/td><td>11 kW<\/td><\/tr><tr><td>Hyundai IONIQ 5 \/ 6<\/td><td>11 kW<\/td><\/tr><tr><td>BMW i3<\/td><td>11 kW<\/td><\/tr><tr><td>Fiat 500e<\/td><td>11 kW<\/td><\/tr><tr><td>Plug-in hybridy (PHEV)<\/td><td>3,6\u20137,4 kW<\/td><\/tr><tr><td>Dacia Spring<\/td><td>7,4 kW<\/td><\/tr><\/tbody><\/table><\/figure>\n\n\n<blockquote class=\"wp-block-quote is-layout-flow wp-block-quote-is-layout-flow\"><p><strong>Kde najdu AC nab\u00edjec\u00ed v\u00fdkon sv\u00e9ho auta?<\/strong> V u\u017eivatelsk\u00e9 p\u0159\u00edru\u010dce v \u010d\u00e1sti \u201etechnick\u00e9 \u00fadaje&#8220;, v menu vozidla v \u010d\u00e1sti \u201enastaven\u00ed nab\u00edjen\u00ed&#8220; nebo na ofici\u00e1ln\u00edm datov\u00e9m listu v\u00fdrobce. D\u016fle\u017eit\u00e9: N\u011bkter\u00e1 vozidla nab\u00edzej\u00ed 22 kW pouze jako placen\u00fd voliteln\u00fd bal\u00ed\u010dek, co\u017e je t\u0159eba zkontrolovat p\u0159ed koup\u00ed.<\/p><\/blockquote>\n\n\n<p><strong>Obecn\u00e9 pravidlo:<\/strong> Wallbox m\u016f\u017ee dod\u00e1vat pouze tolik energie, kolik vozidlo dok\u00e1\u017ee p\u0159ijmout. Kdo p\u0159ipoj\u00ed auto s 11-kW-OBC k 22-kW-Wallbox, nab\u00edj\u00ed rychlost\u00ed 11 kW, ne rychleji.<br><\/p>\n\n<h2 class=\"wp-block-heading\">3,7 kW \u2013 7,4 kW \u2013 11 kW \u2013 22 kW: Co se za t\u00edm skr\u00fdv\u00e1?<\/h2>\n\n<p>R\u016fzn\u00e9 \u00farovn\u011b v\u00fdkonu vznikaj\u00ed kombinac\u00ed <strong>po\u010dtu f\u00e1z\u00ed<\/strong> a <strong>proudov\u00e9 s\u00edly (Amp\u00e9ry)<\/strong>:<\/p>\n\n<figure class=\"wp-block-table\"><table class=\"has-fixed-layout\"><thead><tr><th>V\u00fdkon<\/th><th>F\u00e1ze<\/th><th>Intenzita proudu<\/th><th>Typick\u00e9 pou\u017eit\u00ed<\/th><\/tr><\/thead><tbody><tr><td>3,7 kW<\/td><td>1-f\u00e1zov\u00fd<\/td><td>16 A<\/td><td>Nab\u00edjen\u00ed v nouzi, star\u0161\u00ed vozidla<\/td><\/tr><tr><td>7,4 kW<\/td><td>1-f\u00e1zov\u00fd<\/td><td>32 A<\/td><td>Plug-in hybridy, men\u0161\u00ed elektromobily<\/td><\/tr><tr><td>11 kW<\/td><td>3-f\u00e1zov\u00fd<\/td><td>16 A<\/td><td>Standard pro v\u011bt\u0161inu elektromobil\u016f<\/td><\/tr><tr><td>22 kW<\/td><td>3-f\u00e1zov\u00fd<\/td><td>32 A<\/td><td>Vozidla s OBC 22 kW, komer\u010dn\u00ed pou\u017eit\u00ed<\/td><\/tr><\/tbody><\/table><\/figure>\n\n<p>V N\u011bmecku je <strong>domovn\u00ed p\u0159\u00edpojka t\u0159\u00edf\u00e1zov\u00e1 (st\u0159\u00eddav\u00fd proud, 400 V)<\/strong>. To znamen\u00e1: Instalace 11 kW wallboxu je ve v\u011bt\u0161in\u011b rodinn\u00fdch dom\u016f mo\u017en\u00e1 bez v\u011bt\u0161\u00edch s\u00ed\u0165ov\u00fdch prac\u00ed. U 22 kW v\u0161ak mus\u00ed b\u00fdt domovn\u00ed p\u0159\u00edpojka a pr\u016f\u0159ez kabelu (minim\u00e1ln\u011b 5 \u00d7 6 mm\u00b2) odpov\u00eddaj\u00edc\u00edm zp\u016fsobem dimenzov\u00e1ny.<\/p>\n\n<h2 class=\"wp-block-heading\">\u010casy nab\u00edjen\u00ed v porovn\u00e1n\u00ed: Jak dlouho to skute\u010dn\u011b trv\u00e1<\/h2>\n\n<p>Hrub\u00e1 orientace pro b\u011b\u017en\u00e9 velikosti bateri\u00ed, od nabit\u00ed 20 % do 80 % (doporu\u010den\u00fd ka\u017edodenn\u00ed rozsah pro baterii):<\/p>\n\n<figure class=\"wp-block-table\"><table class=\"has-fixed-layout\"><thead><tr><th>Velikost baterie<\/th><th>Wallbox 7,4 kW<\/th><th>Wallbox 11 kW<\/th><th>Wallbox 22 kW*<\/th><\/tr><\/thead><tbody><tr><td>40 kWh (nap\u0159. Renault Twingo Electric)<\/td><td>cca 3,3 h<\/td><td>cca 2,2 h<\/td><td>\u2013<\/td><\/tr><tr><td>58 kWh (nap\u0159. VW ID.3 Standard)<\/td><td>cca 4,7 h<\/td><td>cca 3,2 h<\/td><td>\u2013<\/td><\/tr><tr><td>77 kWh (nap\u0159. VW ID.4 Pro)<\/td><td>cca 6,2 h<\/td><td>cca 4,2 h<\/td><td>cca 2,1 h*<\/td><\/tr><tr><td>100 kWh (nap\u0159. Mercedes EQS)<\/td><td>cca 8,1 h<\/td><td>cca 5,5 h<\/td><td>cca 2,7 h*<\/td><\/tr><\/tbody><\/table><\/figure>\n\n<p>*pouze pokud vozidlo podporuje 22 kW<\/p>\n\n<p><strong>Co to znamen\u00e1 pro ka\u017edodenn\u00ed \u017eivot:<\/strong> Kdo si ve\u010der zapoj\u00ed sv\u00e9 elektrick\u00e9 auto a r\u00e1no ho znovu pot\u0159ebuje, obvykle m\u00e1 v\u00edce ne\u017e dostatek \u010dasu, i s 11 kW. V\u011bt\u0161ina \u0159idi\u010d\u016f denn\u011b ujede m\u00e9n\u011b ne\u017e 60 km. To odpov\u00edd\u00e1 energetick\u00e9 pot\u0159eb\u011b p\u0159ibli\u017en\u011b 12\u201315 kWh, kter\u00e1 se na 11-kW-wallboxu dobije za m\u00e9n\u011b ne\u017e 90 minut.<\/p>\n\n<h2 class=\"wp-block-heading\">Nab\u00edjec\u00ed k\u0159ivka: Pro\u010d trv\u00e1 100 % d\u00e9le ne\u017e 80 %<\/h2>\n\n<p>D\u016fle\u017eit\u00fd detail, kter\u00fd ovliv\u0148uje \u010dasy nab\u00edjen\u00ed v praxi: \u017d\u00e1dn\u00e9 elektromobil se nenab\u00edj\u00ed od 0 do 100 % konstantn\u00edm v\u00fdkonem. Vozidlo automaticky reguluje nab\u00edjec\u00ed v\u00fdkon v z\u00e1vislosti na stavu nabit\u00ed (State of Charge, SoC):<\/p>\n\n\n<ul class=\"wp-block-list\"><li>Od 0 do p\u0159ibli\u017en\u011b 80 %: pln\u00fd nebo t\u00e9m\u011b\u0159 pln\u00fd nab\u00edjec\u00ed v\u00fdkon<\/li>\n\n<li>Od 80 %: v\u00fdrazn\u00e9 omezen\u00ed, aby se \u0161et\u0159ila baterie<\/li>\n\n<li>Posledn\u00edch 10 % \u010dasto trv\u00e1 stejn\u011b dlouho jako prvn\u00edch 30 %<\/li><\/ul>\n\n\n<p>To je z\u00e1m\u011brn\u011b takto navr\u017eeno \u2013 lithium-iontov\u00e9 akumul\u00e1tory st\u00e1rnou rychleji, pokud jsou trvale nab\u00edjeny na pln\u00fd v\u00fdkon. Mnoho wallbox\u016f a vozidel lze proto nakonfigurovat tak, aby nab\u00edjen\u00ed automaticky zastavilo p\u0159i 80 %. To v\u00fdrazn\u011b prodlu\u017euje \u017eivotnost baterie.<\/p>\n\n<p>Pro ka\u017edodenn\u00ed pou\u017eit\u00ed to znamen\u00e1: Kdo nen\u00ed denn\u011b z\u00e1visl\u00fd na posledn\u00edch kilometrech, je dlouhodob\u011b na tom l\u00e9pe s limitem nab\u00edjen\u00ed na 80 %.<\/p>\n\n<h2 class=\"wp-block-heading\">Jak\u00fd v\u00fdkon wallboxu je pro koho vhodn\u00fd?<\/h2>\n\n<h3 class=\"wp-block-heading\">11 kW: Spr\u00e1vn\u00e1 volba pro v\u011bt\u0161inu soukrom\u00fdch osob<\/h3>\n\n<p>11 kW wallbox pokr\u00fdv\u00e1 pot\u0159eby velk\u00e9 v\u011bt\u0161iny \u0159idi\u010d\u016f elektromobil\u016f v N\u011bmecku zcela. Lze ji nainstalovat bez povolen\u00ed od provozovatele s\u00edt\u011b (je vy\u017eadov\u00e1no pouze p\u0159ihl\u00e1\u0161en\u00ed), je levn\u011bj\u0161\u00ed na pokl\u00e1dku kabel\u016f a \u0161et\u0159\u00ed baterii d\u00edky m\u00edrn\u011bj\u0161\u00edmu nab\u00edjen\u00ed.<\/p>\n\n<p>\u0158e\u0161en\u00ed jako <strong><a href=\"https:\/\/v2charge.com\/cs\/trydan\/\">V2C Trydan<\/a><\/strong> jsou navr\u017eena p\u0159esn\u011b pro tento p\u0159\u00edpad pou\u017eit\u00ed: dynamick\u00e9 \u0159\u00edzen\u00ed z\u00e1t\u011b\u017ee, nab\u00edjen\u00ed p\u0159ebytk\u016f z PV a jednoduch\u00e1 integrace do st\u00e1vaj\u00edc\u00edch dom\u00e1c\u00edch instalac\u00ed, s nab\u00edjec\u00edm v\u00fdkonem 11 kW, co\u017e je pro v\u011bt\u0161inu vozidel na \u010desk\u00e9m trhu zcela dostate\u010dn\u00e9.<\/p>\n\n<h3 class=\"wp-block-heading\">22 kW: Smyslupln\u00e9 v t\u011bchto p\u0159\u00edpadech<\/h3>\n\n<p>22 kW wallbox se vyplat\u00ed, pokud:<\/p>\n\n\n<ul class=\"wp-block-list\"><li>vozidlo <strong>m\u00e1 prokazateln\u011b nainstalovan\u00fd 22-kW-OBC<\/strong> (ne jako mo\u017enost, ale skute\u010dn\u011b p\u0159\u00edtomn\u00fd)<\/li>\n\n<li>den denn\u00edmi j\u00edzdn\u00edmi v\u00fdkony jsou vysok\u00e9 a doby st\u00e1n\u00ed kr\u00e1tk\u00e9 (nap\u0159. ter\u00e9nn\u00ed slu\u017eba, komer\u010dn\u00ed vyu\u017eit\u00ed)<\/li>\n\n<li><strong>v\u00edce vozidel sou\u010dasn\u011b<\/strong> s v\u00fdkonem 11 kW na 22-kW nab\u00edjec\u00ed stanici<\/li>\n\n<li>perspektivn\u011b je pl\u00e1nov\u00e1na v\u00fdm\u011bna vozidla za model kompatibiln\u00ed s 22 kW<\/li><\/ul>\n\n\n<p>Pro obchodn\u00ed z\u00e1kazn\u00edky a provozovatele vozov\u00fdch park\u016f \u2013 nap\u0159\u00edklad s <a href=\"https:\/\/v2charge.com\/cs\/trydan-pro\/\"><strong>V2C Trydan Pro<\/strong> <\/a> \u2013 mohou b\u00fdt instalace o v\u00fdkonu 22 kW smyslupln\u00e9, pokud je k dispozici p\u0159ipojen\u00ed k s\u00edti a povolen\u00ed od provozovatele s\u00edt\u011b.<\/p>\n\n<h3 class=\"wp-block-heading\">Co je to rychl\u00e9 nab\u00edjen\u00ed doma?<\/h3>\n\n<p>DC rychl\u00e9 nab\u00edjen\u00ed s v\u00fdkonem 50 kW nebo v\u00edce nen\u00ed v soukrom\u00e9 sf\u00e9\u0159e technicky a ekonomicky realizovateln\u00e9. Kdo pravideln\u011b pot\u0159ebuje rychl\u00e9 nab\u00edjen\u00ed, vyu\u017e\u00edv\u00e1 ve\u0159ejn\u00e9 CCS stanice, zat\u00edmco dom\u00e1c\u00ed wallbox z\u016fst\u00e1v\u00e1 AC nab\u00edjec\u00ed stanic\u00ed.<\/p>\n\n<h2 class=\"wp-block-heading\">\u00a714a EnWG: Co to znamen\u00e1 pro moji wallbox? <\/h2>\n\n<p>Od 1. ledna 2024 plat\u00ed v N\u011bmecku d\u016fle\u017eit\u00e9 nov\u00e9 na\u0159\u00edzen\u00ed: V\u0161echny nov\u011b instalovan\u00e9 soukrom\u00e9 wallboxy s v\u00fdkonem vy\u0161\u0161\u00edm ne\u017e 4,2 kW mus\u00ed b\u00fdt <strong>ovladateln\u00e9<\/strong>, co\u017e znamen\u00e1, \u017ee provozovatel s\u00edt\u011b m\u016f\u017ee do\u010dasn\u011b sn\u00ed\u017eit nab\u00edjec\u00ed v\u00fdkon v obdob\u00edch \u0161pi\u010dky na minim\u00e1ln\u011b 4,2 kW, ale nem\u016f\u017ee je \u00fapln\u011b vypnout.<\/p>\n\n<p>Co to konkr\u00e9tn\u011b znamen\u00e1:<\/p>\n\n\n<ul class=\"wp-block-list\"><li><strong>11 kW a 22 kW wallboxy<\/strong> mus\u00ed b\u00fdt v souladu s \u00a714a a registrov\u00e1ny u provozovatele s\u00edt\u011b<\/li>\n\n<li>U 22 kW je nav\u00edc vy\u017eadov\u00e1no <strong>povolen\u00ed<\/strong> od provozovatele s\u00edt\u011b<\/li>\n\n<li>Ovl\u00e1d\u00e1n\u00ed wallboxu je zaji\u0161t\u011bno bu\u010f samotn\u00fdm za\u0159\u00edzen\u00edm, nebo extern\u00edm \u0159\u00eddic\u00edm za\u0159\u00edzen\u00edm<\/li>\n\n<li>Na opl\u00e1tku obvykle provozovatel\u00e9 ovladateln\u00fdch wallbox\u016f z\u00edsk\u00e1vaj\u00ed <strong>sn\u00ed\u017eenou sazbu za s\u00ed\u0165ov\u00e9 poplatky<\/strong><\/li><\/ul>\n\n\n<p>Wallboxy jako V2C Trydan spl\u0148uj\u00ed tuto po\u017eadavek d\u00edky integrovan\u00e9 \u0159\u00eddic\u00ed logice a konektivit\u011b, ani\u017e by byla pot\u0159eba dal\u0161\u00ed hardware.<\/p>\n\n<h2 class=\"wp-block-heading\">Fotovoltaika a nab\u00edjen\u00ed p\u0159ebytk\u016f: Kdy\u017e je v\u00fdkon chyt\u0159e \u0159\u00edzen<\/h2>\n\n<p>Kdo m\u00e1 na st\u0159e\u0161e fotovoltaickou elektr\u00e1rnu, klade si dal\u0161\u00ed ot\u00e1zku: Jak co nejefektivn\u011bji vyu\u017e\u00edt vyrobenou sol\u00e1rn\u00ed energii k nab\u00edjen\u00ed?<\/p>\n\n<p>Zde p\u0159ich\u00e1z\u00ed na \u0159adu <strong><a href=\"https:\/\/v2charge.com\/cs\/dynamicke-izeni-v-konu\/integrace-fotovoltaiky\/\">PV-\u00fcberschussladen<\/a><\/strong>. Wallbox dynamicky reguluje v\u00fdkon nab\u00edjen\u00ed podle aktu\u00e1ln\u00edho p\u0159\u00edvodu z fotovoltaick\u00e9 elektr\u00e1rny. M\u00edsto toho, abychom p\u0159ebyte\u010dnou energii dod\u00e1vali do s\u00edt\u011b za n\u00edzkou sazbu v\u00fdkupn\u00ed ceny, proud\u00ed p\u0159\u00edmo do vozidla.<\/p>\n\n<p>To vy\u017eaduje wallbox, kter\u00e1:<\/p>\n\n\n<ol class=\"wp-block-list\"><li>m\u016f\u017ee m\u011b\u0159it aktu\u00e1ln\u00ed v\u00fdrobu PV a spot\u0159ebu domu v re\u00e1ln\u00e9m \u010dase<\/li>\n\n<li>m\u016f\u017ee plynule upravit v\u00fdkon nab\u00edjen\u00ed mezi minim\u00e1ln\u00ed nab\u00edjec\u00ed kapacitou (p\u0159ibli\u017en\u011b 1,4 kW p\u0159i jednof\u00e1zov\u00e9m provozu) a maxim\u00e1ln\u00edm v\u00fdkonem<\/li>\n\n<li>m\u016f\u017ee komunikovat s energetick\u00fdm management syst\u00e9mem nebo chytr\u00fdm m\u011b\u0159i\u010dem<\/li><\/ol>\n\n\n<p><strong>Dynamick\u00e9 \u0159\u00edzen\u00ed z\u00e1t\u011b\u017ee<\/strong> takov\u00fdch syst\u00e9m\u016f zaji\u0161\u0165uje, \u017ee dom\u00e1cnost a wallbox nep\u0159et\u011b\u017euj\u00ed jisti\u010d sou\u010dasn\u011b, i p\u0159i v\u00edce spot\u0159ebi\u010d\u00edch, jako jsou tepeln\u00e1 \u010derpadla, spor\u00e1ky a wallbox.<\/p>\n\n<h2 class=\"wp-block-heading\">\u010cast\u00e9 dotazy k v\u00fdkonu nab\u00edjen\u00ed<\/h2>\n\n<p><strong>Mohu s 22 kW wallbox nab\u00edjet auto s 11 kW OBC?<\/strong> Ano, bez probl\u00e9m\u016f. Wallbox se automaticky p\u0159izp\u016fsob\u00ed maxim\u00e1ln\u00edmu p\u0159\u00edjmu v\u00fdkonu vozidla. Nedojde k \u017e\u00e1dn\u00e9mu po\u0161kozen\u00ed, auto se jednodu\u0161e nab\u00edj\u00ed s 11 kW m\u00edsto 22 kW.<\/p>\n\n<p><strong>Pot\u0159ebuji povolen\u00ed pro 11 kW wallbox?<\/strong> Ne, sta\u010d\u00ed registrace u provozovatele s\u00edt\u011b. Povinnost povolen\u00ed plat\u00ed od 22 kW. Registraci obvykle prov\u00e1d\u00ed elektrik\u00e1\u0159.<\/p>\n\n<p><strong>Urychl\u00ed 22 kW wallbox moje auto?<\/strong> Pouze tehdy, pokud vozidlo skute\u010dn\u011b m\u016f\u017ee nab\u00edjet 22 kW AC. Jinak je \u010dasov\u00e1 \u00faspora nulov\u00e1.<\/p>\n\n<p><strong>Jak dlouho vydr\u017e\u00ed moje baterie p\u0159i pravideln\u00e9m nab\u00edjen\u00ed 11 kW?<\/strong> Pomalej\u0161\u00ed AC nab\u00edjen\u00ed je obecn\u011b \u0161etrn\u011bj\u0161\u00ed k akumul\u00e1toru ne\u017e DC rychlonab\u00edjen\u00ed. 11 kW se pova\u017euje za dob\u0159e sn\u00e1\u0161enou nab\u00edjec\u00ed v\u00fdkon pro ka\u017edodenn\u00ed provoz.<\/p>\n\n<p><strong>Mohu pozd\u011bji je\u0161t\u011b upravit v\u00fdkon sv\u00e9 wallboxy?<\/strong> Mnoho modern\u00edch wallbox\u016f lze konfigurovat pomoc\u00ed softwaru. Fyzick\u00e9 dimenzov\u00e1n\u00ed kabel\u00e1\u017ee v\u0161ak z\u016fst\u00e1v\u00e1 fixn\u00ed, kdo chce pozd\u011bji p\u0159ej\u00edt na 22 kW, mus\u00ed p\u0159\u00edpadn\u011b nechat obnovit kabel\u00e1\u017e.<\/p>\n\n<p><strong>Jak\u00fd je rozd\u00edl mezi \u201enab\u00edjec\u00edm v\u00fdkonem&#8220; a \u201enab\u00edjec\u00ed rychlost\u00ed&#8220;?<\/strong> Nab\u00edjec\u00ed v\u00fdkon v kW je teoretick\u00e1 maxim\u00e1ln\u00ed hodnota. Skute\u010dn\u00e1 nab\u00edjec\u00ed rychlost z\u00e1vis\u00ed nav\u00edc na stavu nabit\u00ed, venkovn\u00ed teplot\u011b, baterii vozidla a nab\u00edjec\u00ed k\u0159ivce.<\/p>\n\n<h2 class=\"wp-block-heading\">Z\u00e1v\u011br: Spr\u00e1vn\u00fd v\u00fdkon nab\u00edjen\u00ed nen\u00ed ot\u00e1zkou rozpo\u010dtu, ale vozidla<\/h2>\n\n<p>Kdo jezd\u00ed s elektromobilem s 11-kW-OBC a nab\u00edj\u00ed ho p\u0159es noc, nepot\u0159ebuje 22-kW-Wallbox. Kdo chce nab\u00edjet b\u011bhem dne z p\u0159ebytku z fotovoltaiky, t\u011b\u017e\u00ed v\u00edce z dynamicky \u0159\u00edzen\u00fdch syst\u00e9m\u016f ne\u017e z hol\u00e9ho v\u00fdkonu.<\/p>\n\n<p>Nejd\u016fle\u017eit\u011bj\u0161\u00ed pravidlo: <strong>Nejprve zkontrolujte technick\u00fd list vozidla, pot\u00e9 vyberte wallbox.<\/strong> Ne naopak.<\/p>\n\n<p>Kdo hled\u00e1 \u0159e\u0161en\u00ed, kter\u00e9 spojuje oboj\u00ed (spolehliv\u00fd v\u00fdkon nab\u00edjen\u00ed 11 nebo 22 kW, dynamick\u00e9 \u0159\u00edzen\u00ed z\u00e1t\u011b\u017ee a integraci PV), najde v n\u00e1st\u011bnn\u00fdch nab\u00edje\u010dk\u00e1ch, jako je V2C Trydan, osv\u011bd\u010den\u00fd v\u00fdchoz\u00ed bod pro svou vlastn\u00ed nab\u00edjec\u00ed infrastrukturu.<\/p>\n\n<p><em>Posledn\u00ed aktualizace: duben 2026<\/em><\/p>\n\n\n<div class=\"wp-block-uagb-image uagb-block-b7b7aa50 wp-block-uagb-image--layout-default wp-block-uagb-image--effect-static wp-block-uagb-image--align-none\"><figure class=\"wp-block-uagb-image__figure\"><a class=\"\" href=\"https:\/\/v2charge.com\/cs\/trydan\/\" target=\"\" rel=\"noopener\"><img decoding=\"async\" srcset=\"https:\/\/v2charge.com\/wp-content\/uploads\/2026\/02\/intelligenteste-wallbox-elektroautos-trydan.jpg ,https:\/\/v2charge.com\/wp-content\/uploads\/2026\/02\/intelligenteste-wallbox-elektroautos-trydan.jpg 780w, https:\/\/v2charge.com\/wp-content\/uploads\/2026\/02\/intelligenteste-wallbox-elektroautos-trydan.jpg 360w\" sizes=\"auto, (max-width: 480px) 150px\" src=\"https:\/\/v2charge.com\/wp-content\/uploads\/2026\/02\/intelligenteste-wallbox-elektroautos-trydan.jpg\" alt=\"\" class=\"uag-image-303535\" width=\"818\" height=\"818\" title=\"intelligenteste-wallbox-elektroautos-trydan\" loading=\"lazy\" role=\"img\"\/><\/a><\/figure><\/div>\n\n\n\n<hr class=\"wp-block-separator has-alpha-channel-opacity\"\/>\n\n\n<h3 class=\"wp-block-heading\">Souvisej\u00edc\u00ed p\u0159\u00edsp\u011bvky<\/h3>\n\n\n<ul class=\"wp-block-list\"><li><a href=\"https:\/\/v2charge.com\/cs\/wallbox-podpora-pro-vicebytove-domy-2026-nabijeci-infrastruktura-ve-viceu-elovem-dom-a-2-000-euro-na-parkovaci-misto\/\">Podpora wallbox\u016f v bytov\u00fdch domech 2026<\/a><\/li>\n\n<li><a href=\"https:\/\/v2charge.com\/cs\/dienstwagen-wallbox-s-mid-m-i-em-2026-spravn-provest-vyu-tovani-s-zam-stnavatelem\/\">Wallbox pro slu\u017eebn\u00ed vozidla s MID m\u011b\u0159i\u010dem: spr\u00e1vn\u00e9 proveden\u00ed vy\u00fa\u010dtov\u00e1n\u00ed<\/a><\/li>\n\n<li><a href=\"https:\/\/claude.ai\/chat\/875ef5cf-9510-40ad-80a7-3f362330cf2c#\">\u00a714a EnWG: Ovl\u00e1dan\u00e9 wallboxy jednodu\u0161e vysv\u011btleny<\/a><\/li><\/ul>\n\n\n\n<hr class=\"wp-block-separator has-alpha-channel-opacity\"\/>\n\n\n\n<p><\/p>\n","protected":false},"excerpt":{"rendered":"<p>Pro\u010d je v\u00fdkon nab\u00edjen\u00ed d\u016fle\u017eit\u011bj\u0161\u00ed ne\u017e cena wallboxu Mnoho \u0159idi\u010d\u016f elektromobil\u016f se p\u0159i n\u00e1kupu wallboxu nejprve pt\u00e1 na cenu. P\u0159itom je ot\u00e1zka spr\u00e1vn\u00e9ho nab\u00edjec\u00edho v\u00fdkonu v kW minim\u00e1ln\u011b stejn\u011b d\u016fle\u017eit\u00e1 a \u010dasto podce\u0148ov\u00e1na. Denn n\u00e1st\u011bnn\u00e1 nab\u00edje\u010dka s nedostate\u010dn\u00fdm v\u00fdkonem znamen\u00e1: Auto nen\u00ed r\u00e1no pln\u011b nabit\u00e9. N\u00e1st\u011bnn\u00e1 nab\u00edje\u010dka s p\u0159\u00edli\u0161 vysok\u00fdm v\u00fdkonem znamen\u00e1: byrokracie, vy\u0161\u0161\u00ed instala\u010dn\u00ed &#8230; <a title=\"Jak\u00fd v\u00fdkon nab\u00edjen\u00ed pot\u0159ebuji pro sv\u00e9 elektromobil?\" class=\"read-more\" href=\"https:\/\/v2charge.com\/cs\/jak-v-kon-nabijeni-pot-ebuji-pro-sve-elektromobil\/\" aria-label=\"Read more about Jak\u00fd v\u00fdkon nab\u00edjen\u00ed pot\u0159ebuji pro sv\u00e9 elektromobil?\">\u010c\u00edst d\u00e1l<\/a><\/p>\n","protected":false},"author":400,"featured_media":314116,"comment_status":"closed","ping_status":"closed","sticky":false,"template":"","format":"standard","meta":{"_eb_attr":"","content-type":"","_uag_custom_page_level_css":"","footnotes":""},"categories":[],"tags":[],"class_list":["post-318279","post","type-post","status-publish","format-standard","has-post-thumbnail","hentry"],"yoast_head":"<!-- This site is optimized with the Yoast SEO plugin v25.3.1 - https:\/\/yoast.com\/wordpress\/plugins\/seo\/ -->\n<title>Jak\u00fd v\u00fdkon nab\u00edjen\u00ed pot\u0159ebuji pro sv\u00e9 elektromobil? - V2C<\/title>\n<meta name=\"robots\" content=\"index, follow, max-snippet:-1, max-image-preview:large, max-video-preview:-1\" \/>\n<link rel=\"canonical\" href=\"https:\/\/v2charge.com\/cs\/jak-v-kon-nabijeni-pot-ebuji-pro-sve-elektromobil\/\" \/>\n<meta property=\"og:locale\" content=\"cs_CZ\" \/>\n<meta property=\"og:type\" content=\"article\" \/>\n<meta property=\"og:title\" content=\"Jak\u00fd v\u00fdkon nab\u00edjen\u00ed pot\u0159ebuji pro sv\u00e9 elektromobil? - V2C\" \/>\n<meta property=\"og:description\" content=\"Pro\u010d je v\u00fdkon nab\u00edjen\u00ed d\u016fle\u017eit\u011bj\u0161\u00ed ne\u017e cena wallboxu Mnoho \u0159idi\u010d\u016f elektromobil\u016f se p\u0159i n\u00e1kupu wallboxu nejprve pt\u00e1 na cenu. P\u0159itom je ot\u00e1zka spr\u00e1vn\u00e9ho nab\u00edjec\u00edho v\u00fdkonu v kW minim\u00e1ln\u011b stejn\u011b d\u016fle\u017eit\u00e1 a \u010dasto podce\u0148ov\u00e1na. Denn n\u00e1st\u011bnn\u00e1 nab\u00edje\u010dka s nedostate\u010dn\u00fdm v\u00fdkonem znamen\u00e1: Auto nen\u00ed r\u00e1no pln\u011b nabit\u00e9. N\u00e1st\u011bnn\u00e1 nab\u00edje\u010dka s p\u0159\u00edli\u0161 vysok\u00fdm v\u00fdkonem znamen\u00e1: byrokracie, vy\u0161\u0161\u00ed instala\u010dn\u00ed ... \u010c\u00edst d\u00e1l\" \/>\n<meta property=\"og:url\" content=\"https:\/\/v2charge.com\/cs\/jak-v-kon-nabijeni-pot-ebuji-pro-sve-elektromobil\/\" \/>\n<meta property=\"og:site_name\" content=\"V2C\" \/>\n<meta property=\"article:publisher\" content=\"https:\/\/www.facebook.com\/V2C.Charge\" \/>\n<meta property=\"article:published_time\" content=\"2026-04-17T14:35:44+00:00\" \/>\n<meta property=\"article:modified_time\" content=\"2026-04-17T14:36:06+00:00\" \/>\n<meta property=\"og:image\" content=\"https:\/\/v2charge.com\/wp-content\/uploads\/2026\/04\/Trydan-11-kw-v2c.jpg\" \/>\n\t<meta property=\"og:image:width\" content=\"1920\" \/>\n\t<meta property=\"og:image:height\" content=\"1080\" \/>\n\t<meta property=\"og:image:type\" content=\"image\/jpeg\" \/>\n<meta name=\"author\" content=\"V2C\" \/>\n<meta name=\"twitter:card\" content=\"summary_large_image\" \/>\n<meta name=\"twitter:creator\" content=\"@V2C_Charge\" \/>\n<meta name=\"twitter:site\" content=\"@V2C_Charge\" \/>\n<meta name=\"twitter:label1\" content=\"Napsal(a)\" \/>\n\t<meta name=\"twitter:data1\" content=\"V2C\" \/>\n\t<meta name=\"twitter:label2\" content=\"Odhadovan\u00e1 doba \u010dten\u00ed\" \/>\n\t<meta name=\"twitter:data2\" content=\"8 minut\" \/>\n<script type=\"application\/ld+json\" class=\"yoast-schema-graph\">{\"@context\":\"https:\/\/schema.org\",\"@graph\":[{\"@type\":\"Article\",\"@id\":\"https:\/\/v2charge.com\/cs\/jak-v-kon-nabijeni-pot-ebuji-pro-sve-elektromobil\/#article\",\"isPartOf\":{\"@id\":\"https:\/\/v2charge.com\/cs\/jak-v-kon-nabijeni-pot-ebuji-pro-sve-elektromobil\/\"},\"author\":{\"name\":\"V2C\",\"@id\":\"https:\/\/v2charge.com\/cs\/#\/schema\/person\/d6f210a94a856acdddec347b2127fd0f\"},\"headline\":\"Jak\u00fd v\u00fdkon nab\u00edjen\u00ed pot\u0159ebuji pro sv\u00e9 elektromobil?\",\"datePublished\":\"2026-04-17T14:35:44+00:00\",\"dateModified\":\"2026-04-17T14:36:06+00:00\",\"mainEntityOfPage\":{\"@id\":\"https:\/\/v2charge.com\/cs\/jak-v-kon-nabijeni-pot-ebuji-pro-sve-elektromobil\/\"},\"wordCount\":1985,\"publisher\":{\"@id\":\"https:\/\/v2charge.com\/cs\/#organization\"},\"image\":{\"@id\":\"https:\/\/v2charge.com\/cs\/jak-v-kon-nabijeni-pot-ebuji-pro-sve-elektromobil\/#primaryimage\"},\"thumbnailUrl\":\"https:\/\/v2charge.com\/wp-content\/uploads\/2026\/04\/Trydan-11-kw-v2c.jpg\",\"inLanguage\":\"cs\"},{\"@type\":\"WebPage\",\"@id\":\"https:\/\/v2charge.com\/cs\/jak-v-kon-nabijeni-pot-ebuji-pro-sve-elektromobil\/\",\"url\":\"https:\/\/v2charge.com\/cs\/jak-v-kon-nabijeni-pot-ebuji-pro-sve-elektromobil\/\",\"name\":\"Jak\u00fd v\u00fdkon nab\u00edjen\u00ed pot\u0159ebuji pro sv\u00e9 elektromobil? - V2C\",\"isPartOf\":{\"@id\":\"https:\/\/v2charge.com\/cs\/#website\"},\"primaryImageOfPage\":{\"@id\":\"https:\/\/v2charge.com\/cs\/jak-v-kon-nabijeni-pot-ebuji-pro-sve-elektromobil\/#primaryimage\"},\"image\":{\"@id\":\"https:\/\/v2charge.com\/cs\/jak-v-kon-nabijeni-pot-ebuji-pro-sve-elektromobil\/#primaryimage\"},\"thumbnailUrl\":\"https:\/\/v2charge.com\/wp-content\/uploads\/2026\/04\/Trydan-11-kw-v2c.jpg\",\"datePublished\":\"2026-04-17T14:35:44+00:00\",\"dateModified\":\"2026-04-17T14:36:06+00:00\",\"breadcrumb\":{\"@id\":\"https:\/\/v2charge.com\/cs\/jak-v-kon-nabijeni-pot-ebuji-pro-sve-elektromobil\/#breadcrumb\"},\"inLanguage\":\"cs\",\"potentialAction\":[{\"@type\":\"ReadAction\",\"target\":[\"https:\/\/v2charge.com\/cs\/jak-v-kon-nabijeni-pot-ebuji-pro-sve-elektromobil\/\"]}]},{\"@type\":\"ImageObject\",\"inLanguage\":\"cs\",\"@id\":\"https:\/\/v2charge.com\/cs\/jak-v-kon-nabijeni-pot-ebuji-pro-sve-elektromobil\/#primaryimage\",\"url\":\"https:\/\/v2charge.com\/wp-content\/uploads\/2026\/04\/Trydan-11-kw-v2c.jpg\",\"contentUrl\":\"https:\/\/v2charge.com\/wp-content\/uploads\/2026\/04\/Trydan-11-kw-v2c.jpg\",\"width\":1920,\"height\":1080,\"caption\":\"Welche Ladeleistung braucht mein E-Auto?\"},{\"@type\":\"BreadcrumbList\",\"@id\":\"https:\/\/v2charge.com\/cs\/jak-v-kon-nabijeni-pot-ebuji-pro-sve-elektromobil\/#breadcrumb\",\"itemListElement\":[{\"@type\":\"ListItem\",\"position\":1,\"name\":\"V2C\",\"item\":\"https:\/\/v2charge.com\/cs\/\"},{\"@type\":\"ListItem\",\"position\":2,\"name\":\"e-Mobility\",\"item\":\"https:\/\/v2charge.com\/cs\/e-mobility\/\"},{\"@type\":\"ListItem\",\"position\":3,\"name\":\"Jak\u00fd v\u00fdkon nab\u00edjen\u00ed pot\u0159ebuji pro sv\u00e9 elektromobil?\"}]},{\"@type\":\"WebSite\",\"@id\":\"https:\/\/v2charge.com\/cs\/#website\",\"url\":\"https:\/\/v2charge.com\/cs\/\",\"name\":\"V2C\",\"description\":\"#CargandoElMa\u00f1ana\",\"publisher\":{\"@id\":\"https:\/\/v2charge.com\/cs\/#organization\"},\"potentialAction\":[{\"@type\":\"SearchAction\",\"target\":{\"@type\":\"EntryPoint\",\"urlTemplate\":\"https:\/\/v2charge.com\/cs\/?s={search_term_string}\"},\"query-input\":{\"@type\":\"PropertyValueSpecification\",\"valueRequired\":true,\"valueName\":\"search_term_string\"}}],\"inLanguage\":\"cs\"},{\"@type\":\"Organization\",\"@id\":\"https:\/\/v2charge.com\/cs\/#organization\",\"name\":\"V2C\",\"url\":\"https:\/\/v2charge.com\/cs\/\",\"logo\":{\"@type\":\"ImageObject\",\"inLanguage\":\"cs\",\"@id\":\"https:\/\/v2charge.com\/cs\/#\/schema\/logo\/image\/\",\"url\":\"https:\/\/v2charge.com\/wp-content\/uploads\/2024\/11\/cropped-v2c-charge-logo-menu.png\",\"contentUrl\":\"https:\/\/v2charge.com\/wp-content\/uploads\/2024\/11\/cropped-v2c-charge-logo-menu.png\",\"width\":984,\"height\":431,\"caption\":\"V2C\"},\"image\":{\"@id\":\"https:\/\/v2charge.com\/cs\/#\/schema\/logo\/image\/\"},\"sameAs\":[\"https:\/\/www.facebook.com\/V2C.Charge\",\"https:\/\/x.com\/V2C_Charge\",\"https:\/\/www.instagram.com\/v2c.charge\/\",\"https:\/\/www.youtube.com\/@V2C\",\"https:\/\/www.linkedin.com\/company\/v2c-chargers\/\"]},{\"@type\":\"Person\",\"@id\":\"https:\/\/v2charge.com\/cs\/#\/schema\/person\/d6f210a94a856acdddec347b2127fd0f\",\"name\":\"V2C\",\"image\":{\"@type\":\"ImageObject\",\"inLanguage\":\"cs\",\"@id\":\"https:\/\/v2charge.com\/cs\/#\/schema\/person\/image\/\",\"url\":\"https:\/\/secure.gravatar.com\/avatar\/a91128c4c0d2f4d63bd586301fdec6cc9aa49c885839b25d1c62700f529f267c?s=96&d=mm&r=g\",\"contentUrl\":\"https:\/\/secure.gravatar.com\/avatar\/a91128c4c0d2f4d63bd586301fdec6cc9aa49c885839b25d1c62700f529f267c?s=96&d=mm&r=g\",\"caption\":\"V2C\"}}]}<\/script>\n<!-- \/ Yoast SEO plugin. -->","yoast_head_json":{"title":"Jak\u00fd v\u00fdkon nab\u00edjen\u00ed pot\u0159ebuji pro sv\u00e9 elektromobil? - V2C","robots":{"index":"index","follow":"follow","max-snippet":"max-snippet:-1","max-image-preview":"max-image-preview:large","max-video-preview":"max-video-preview:-1"},"canonical":"https:\/\/v2charge.com\/cs\/jak-v-kon-nabijeni-pot-ebuji-pro-sve-elektromobil\/","og_locale":"cs_CZ","og_type":"article","og_title":"Jak\u00fd v\u00fdkon nab\u00edjen\u00ed pot\u0159ebuji pro sv\u00e9 elektromobil? - V2C","og_description":"Pro\u010d je v\u00fdkon nab\u00edjen\u00ed d\u016fle\u017eit\u011bj\u0161\u00ed ne\u017e cena wallboxu Mnoho \u0159idi\u010d\u016f elektromobil\u016f se p\u0159i n\u00e1kupu wallboxu nejprve pt\u00e1 na cenu. P\u0159itom je ot\u00e1zka spr\u00e1vn\u00e9ho nab\u00edjec\u00edho v\u00fdkonu v kW minim\u00e1ln\u011b stejn\u011b d\u016fle\u017eit\u00e1 a \u010dasto podce\u0148ov\u00e1na. Denn n\u00e1st\u011bnn\u00e1 nab\u00edje\u010dka s nedostate\u010dn\u00fdm v\u00fdkonem znamen\u00e1: Auto nen\u00ed r\u00e1no pln\u011b nabit\u00e9. N\u00e1st\u011bnn\u00e1 nab\u00edje\u010dka s p\u0159\u00edli\u0161 vysok\u00fdm v\u00fdkonem znamen\u00e1: byrokracie, vy\u0161\u0161\u00ed instala\u010dn\u00ed ... \u010c\u00edst d\u00e1l","og_url":"https:\/\/v2charge.com\/cs\/jak-v-kon-nabijeni-pot-ebuji-pro-sve-elektromobil\/","og_site_name":"V2C","article_publisher":"https:\/\/www.facebook.com\/V2C.Charge","article_published_time":"2026-04-17T14:35:44+00:00","article_modified_time":"2026-04-17T14:36:06+00:00","og_image":[{"width":1920,"height":1080,"url":"https:\/\/v2charge.com\/wp-content\/uploads\/2026\/04\/Trydan-11-kw-v2c.jpg","type":"image\/jpeg"}],"author":"V2C","twitter_card":"summary_large_image","twitter_creator":"@V2C_Charge","twitter_site":"@V2C_Charge","twitter_misc":{"Napsal(a)":"V2C","Odhadovan\u00e1 doba \u010dten\u00ed":"8 minut"},"schema":{"@context":"https:\/\/schema.org","@graph":[{"@type":"Article","@id":"https:\/\/v2charge.com\/cs\/jak-v-kon-nabijeni-pot-ebuji-pro-sve-elektromobil\/#article","isPartOf":{"@id":"https:\/\/v2charge.com\/cs\/jak-v-kon-nabijeni-pot-ebuji-pro-sve-elektromobil\/"},"author":{"name":"V2C","@id":"https:\/\/v2charge.com\/cs\/#\/schema\/person\/d6f210a94a856acdddec347b2127fd0f"},"headline":"Jak\u00fd v\u00fdkon nab\u00edjen\u00ed pot\u0159ebuji pro sv\u00e9 elektromobil?","datePublished":"2026-04-17T14:35:44+00:00","dateModified":"2026-04-17T14:36:06+00:00","mainEntityOfPage":{"@id":"https:\/\/v2charge.com\/cs\/jak-v-kon-nabijeni-pot-ebuji-pro-sve-elektromobil\/"},"wordCount":1985,"publisher":{"@id":"https:\/\/v2charge.com\/cs\/#organization"},"image":{"@id":"https:\/\/v2charge.com\/cs\/jak-v-kon-nabijeni-pot-ebuji-pro-sve-elektromobil\/#primaryimage"},"thumbnailUrl":"https:\/\/v2charge.com\/wp-content\/uploads\/2026\/04\/Trydan-11-kw-v2c.jpg","inLanguage":"cs"},{"@type":"WebPage","@id":"https:\/\/v2charge.com\/cs\/jak-v-kon-nabijeni-pot-ebuji-pro-sve-elektromobil\/","url":"https:\/\/v2charge.com\/cs\/jak-v-kon-nabijeni-pot-ebuji-pro-sve-elektromobil\/","name":"Jak\u00fd v\u00fdkon nab\u00edjen\u00ed pot\u0159ebuji pro sv\u00e9 elektromobil? - V2C","isPartOf":{"@id":"https:\/\/v2charge.com\/cs\/#website"},"primaryImageOfPage":{"@id":"https:\/\/v2charge.com\/cs\/jak-v-kon-nabijeni-pot-ebuji-pro-sve-elektromobil\/#primaryimage"},"image":{"@id":"https:\/\/v2charge.com\/cs\/jak-v-kon-nabijeni-pot-ebuji-pro-sve-elektromobil\/#primaryimage"},"thumbnailUrl":"https:\/\/v2charge.com\/wp-content\/uploads\/2026\/04\/Trydan-11-kw-v2c.jpg","datePublished":"2026-04-17T14:35:44+00:00","dateModified":"2026-04-17T14:36:06+00:00","breadcrumb":{"@id":"https:\/\/v2charge.com\/cs\/jak-v-kon-nabijeni-pot-ebuji-pro-sve-elektromobil\/#breadcrumb"},"inLanguage":"cs","potentialAction":[{"@type":"ReadAction","target":["https:\/\/v2charge.com\/cs\/jak-v-kon-nabijeni-pot-ebuji-pro-sve-elektromobil\/"]}]},{"@type":"ImageObject","inLanguage":"cs","@id":"https:\/\/v2charge.com\/cs\/jak-v-kon-nabijeni-pot-ebuji-pro-sve-elektromobil\/#primaryimage","url":"https:\/\/v2charge.com\/wp-content\/uploads\/2026\/04\/Trydan-11-kw-v2c.jpg","contentUrl":"https:\/\/v2charge.com\/wp-content\/uploads\/2026\/04\/Trydan-11-kw-v2c.jpg","width":1920,"height":1080,"caption":"Welche Ladeleistung braucht mein E-Auto?"},{"@type":"BreadcrumbList","@id":"https:\/\/v2charge.com\/cs\/jak-v-kon-nabijeni-pot-ebuji-pro-sve-elektromobil\/#breadcrumb","itemListElement":[{"@type":"ListItem","position":1,"name":"V2C","item":"https:\/\/v2charge.com\/cs\/"},{"@type":"ListItem","position":2,"name":"e-Mobility","item":"https:\/\/v2charge.com\/cs\/e-mobility\/"},{"@type":"ListItem","position":3,"name":"Jak\u00fd v\u00fdkon nab\u00edjen\u00ed pot\u0159ebuji pro sv\u00e9 elektromobil?"}]},{"@type":"WebSite","@id":"https:\/\/v2charge.com\/cs\/#website","url":"https:\/\/v2charge.com\/cs\/","name":"V2C","description":"#CargandoElMa\u00f1ana","publisher":{"@id":"https:\/\/v2charge.com\/cs\/#organization"},"potentialAction":[{"@type":"SearchAction","target":{"@type":"EntryPoint","urlTemplate":"https:\/\/v2charge.com\/cs\/?s={search_term_string}"},"query-input":{"@type":"PropertyValueSpecification","valueRequired":true,"valueName":"search_term_string"}}],"inLanguage":"cs"},{"@type":"Organization","@id":"https:\/\/v2charge.com\/cs\/#organization","name":"V2C","url":"https:\/\/v2charge.com\/cs\/","logo":{"@type":"ImageObject","inLanguage":"cs","@id":"https:\/\/v2charge.com\/cs\/#\/schema\/logo\/image\/","url":"https:\/\/v2charge.com\/wp-content\/uploads\/2024\/11\/cropped-v2c-charge-logo-menu.png","contentUrl":"https:\/\/v2charge.com\/wp-content\/uploads\/2024\/11\/cropped-v2c-charge-logo-menu.png","width":984,"height":431,"caption":"V2C"},"image":{"@id":"https:\/\/v2charge.com\/cs\/#\/schema\/logo\/image\/"},"sameAs":["https:\/\/www.facebook.com\/V2C.Charge","https:\/\/x.com\/V2C_Charge","https:\/\/www.instagram.com\/v2c.charge\/","https:\/\/www.youtube.com\/@V2C","https:\/\/www.linkedin.com\/company\/v2c-chargers\/"]},{"@type":"Person","@id":"https:\/\/v2charge.com\/cs\/#\/schema\/person\/d6f210a94a856acdddec347b2127fd0f","name":"V2C","image":{"@type":"ImageObject","inLanguage":"cs","@id":"https:\/\/v2charge.com\/cs\/#\/schema\/person\/image\/","url":"https:\/\/secure.gravatar.com\/avatar\/a91128c4c0d2f4d63bd586301fdec6cc9aa49c885839b25d1c62700f529f267c?s=96&d=mm&r=g","contentUrl":"https:\/\/secure.gravatar.com\/avatar\/a91128c4c0d2f4d63bd586301fdec6cc9aa49c885839b25d1c62700f529f267c?s=96&d=mm&r=g","caption":"V2C"}}]}},"uagb_featured_image_src":{"full":["https:\/\/v2charge.com\/wp-content\/uploads\/2026\/04\/Trydan-11-kw-v2c.jpg",1920,1080,false],"thumbnail":["https:\/\/v2charge.com\/wp-content\/uploads\/2026\/04\/Trydan-11-kw-v2c-150x150.jpg",150,150,true],"medium":["https:\/\/v2charge.com\/wp-content\/uploads\/2026\/04\/Trydan-11-kw-v2c-300x169.jpg",300,169,true],"medium_large":["https:\/\/v2charge.com\/wp-content\/uploads\/2026\/04\/Trydan-11-kw-v2c-768x432.jpg",768,432,true],"large":["https:\/\/v2charge.com\/wp-content\/uploads\/2026\/04\/Trydan-11-kw-v2c-1024x576.jpg",1024,576,true],"gs-tiny":["https:\/\/v2charge.com\/wp-content\/uploads\/2026\/04\/Trydan-11-kw-v2c-50x28.jpg",50,28,true],"xl":["https:\/\/v2charge.com\/wp-content\/uploads\/2026\/04\/Trydan-11-kw-v2c-1600x900.jpg",1600,900,true],"xxl":["https:\/\/v2charge.com\/wp-content\/uploads\/2026\/04\/Trydan-11-kw-v2c.jpg",1920,1080,false],"xxxl":["https:\/\/v2charge.com\/wp-content\/uploads\/2026\/04\/Trydan-11-kw-v2c.jpg",1920,1080,false],"xxxxl":["https:\/\/v2charge.com\/wp-content\/uploads\/2026\/04\/Trydan-11-kw-v2c.jpg",1920,1080,false],"xxxxxl":["https:\/\/v2charge.com\/wp-content\/uploads\/2026\/04\/Trydan-11-kw-v2c.jpg",1920,1080,false],"1536x1536":["https:\/\/v2charge.com\/wp-content\/uploads\/2026\/04\/Trydan-11-kw-v2c-1536x864.jpg",1536,864,true],"2048x2048":["https:\/\/v2charge.com\/wp-content\/uploads\/2026\/04\/Trydan-11-kw-v2c.jpg",1920,1080,false]},"uagb_author_info":{"display_name":"V2C","author_link":"https:\/\/v2charge.com\/cs\/author\/marketing\/"},"uagb_comment_info":0,"uagb_excerpt":"Pro\u010d je v\u00fdkon nab\u00edjen\u00ed d\u016fle\u017eit\u011bj\u0161\u00ed ne\u017e cena wallboxu Mnoho \u0159idi\u010d\u016f elektromobil\u016f se p\u0159i n\u00e1kupu wallboxu nejprve pt\u00e1 na cenu. P\u0159itom je ot\u00e1zka spr\u00e1vn\u00e9ho nab\u00edjec\u00edho v\u00fdkonu v kW minim\u00e1ln\u011b stejn\u011b d\u016fle\u017eit\u00e1 a \u010dasto podce\u0148ov\u00e1na. Denn n\u00e1st\u011bnn\u00e1 nab\u00edje\u010dka s nedostate\u010dn\u00fdm v\u00fdkonem znamen\u00e1: Auto nen\u00ed r\u00e1no pln\u011b nabit\u00e9. N\u00e1st\u011bnn\u00e1 nab\u00edje\u010dka s p\u0159\u00edli\u0161 vysok\u00fdm v\u00fdkonem znamen\u00e1: byrokracie, vy\u0161\u0161\u00ed instala\u010dn\u00ed&hellip;","_links":{"self":[{"href":"https:\/\/v2charge.com\/cs\/wp-json\/wp\/v2\/posts\/318279","targetHints":{"allow":["GET"]}}],"collection":[{"href":"https:\/\/v2charge.com\/cs\/wp-json\/wp\/v2\/posts"}],"about":[{"href":"https:\/\/v2charge.com\/cs\/wp-json\/wp\/v2\/types\/post"}],"author":[{"embeddable":true,"href":"https:\/\/v2charge.com\/cs\/wp-json\/wp\/v2\/users\/400"}],"replies":[{"embeddable":true,"href":"https:\/\/v2charge.com\/cs\/wp-json\/wp\/v2\/comments?post=318279"}],"version-history":[{"count":0,"href":"https:\/\/v2charge.com\/cs\/wp-json\/wp\/v2\/posts\/318279\/revisions"}],"wp:featuredmedia":[{"embeddable":true,"href":"https:\/\/v2charge.com\/cs\/wp-json\/wp\/v2\/media\/314116"}],"wp:attachment":[{"href":"https:\/\/v2charge.com\/cs\/wp-json\/wp\/v2\/media?parent=318279"}],"wp:term":[{"taxonomy":"category","embeddable":true,"href":"https:\/\/v2charge.com\/cs\/wp-json\/wp\/v2\/categories?post=318279"},{"taxonomy":"post_tag","embeddable":true,"href":"https:\/\/v2charge.com\/cs\/wp-json\/wp\/v2\/tags?post=318279"}],"curies":[{"name":"wp","href":"https:\/\/api.w.org\/{rel}","templated":true}]}}