{"id":379755,"date":"2026-07-24T12:51:20","date_gmt":"2026-07-24T10:51:20","guid":{"rendered":"https:\/\/v2charge.com\/?p=379755"},"modified":"2026-08-26T13:48:29","modified_gmt":"2026-08-26T11:48:29","slug":"wallbox-montieren-trydan","status":"publish","type":"post","link":"https:\/\/v2charge.com\/de\/wallbox-montieren-trydan\/","title":{"rendered":"Wallbox selbst installieren: Montage in 30 Minuten erkl\u00e4rt"},"content":{"rendered":"\r\n<p class=\"wp-block-paragraph\">Wer eine Wallbox selbst installieren m\u00f6chte, st\u00f6\u00dft schnell auf eine gesetzliche Grenze: der Netzanschluss darf ausschlie\u00dflich eine eingetragene Elektrofachkraft vornehmen. Was danach folgt, geht schneller als gedacht, die physische Montage von <strong>Trydan<\/strong> dauert f\u00fcr einen Elektrofachbetrieb in der Regel unter 30 Minuten. Die Wandplatte wird befestigt, Trydan rastet ein, die Verkabelung folgt einem klaren Schema ohne propriet\u00e4res Werkzeug.<\/p>\r\n\r\n\r\n\r\n<p class=\"wp-block-paragraph\">Zeit ist f\u00fcr einen Fachbetrieb bares Geld, und ein R\u00fcckruf wegen eines vergessenen Konfigurationsschritts kostet mehr als die eigentliche Montage. Der folgende Ablauf zeigt deshalb nicht nur, was vor der Montage feststeht und wie die Verkabelung Schritt f\u00fcr Schritt abl\u00e4uft, sondern auch, welche Details in der Praxis am h\u00e4ufigsten \u00fcbersehen werden, von der Phasenwahl bis zur Z\u00e4hlerintegration. Die vollst\u00e4ndigen technischen Daten zum Produkt selbst, Ladeleistung, Geh\u00e4useschutzart und unterst\u00fctzte Anschlussarten, stehen auf der <a href=\"https:\/\/v2charge.com\/de\/trydan\/\" target=\"_blank\" rel=\"noopener noreferrer\">Trydan Produktseite<\/a> zusammengefasst.<\/p>\r\n\r\n\r\n\r\n<blockquote class=\"wp-block-quote is-layout-flow wp-block-quote-is-layout-flow\">\r\n<p class=\"wp-block-paragraph\"><strong>Das Wichtigste in K\u00fcrze<\/strong><\/p>\r\n\r\n\r\n\r\n<ul class=\"wp-block-list\">\r\n<li>Montagezeit: <strong>unter 30 Minuten<\/strong> f\u00fcr die physische Installation, kein propriet\u00e4res Werkzeug notwendig.<\/li>\r\n\r\n\r\n\r\n<li>Verkabelung <strong>ohne Neutralleiter<\/strong> in zwei- und dreiphasigen Netzen m\u00f6glich, mit dediziertem Installationsschema.<\/li>\r\n\r\n\r\n\r\n<li>MID-konformer Z\u00e4hler <strong>optional integrierbar<\/strong> f\u00fcr die korrekte Abrechnung, etwa bei Dienstwagen oder Mehrparteienh\u00e4usern.<\/li>\r\n\r\n\r\n\r\n<li>Konfiguration und Inbetriebnahme laufen anschlie\u00dfend <strong>vollst\u00e4ndig \u00fcber die App<\/strong>, ohne zweiten Vor-Ort-Termin.<\/li>\r\n\r\n\r\n\r\n<li>Ein Einliniendiagramm und die technischen Datenbl\u00e4tter zu den Schutzvorrichtungen stehen f\u00fcr die Dokumentation bereit.<\/li>\r\n<\/ul>\r\n<\/blockquote>\r\n\r\n\r\n\r\n<p class=\"wp-block-paragraph\"><\/p>\r\n\r\n\r\n\r\n<h2 class=\"wp-block-heading\">Was vor der Montage feststehen sollte<\/h2>\r\n\r\n\r\n\r\n<p class=\"wp-block-paragraph\">Vor dem ersten Handgriff steht die Pr\u00fcfung der vorhandenen Elektroinstallation: verf\u00fcgbare Absicherung, Kabelquerschnitt zwischen Z\u00e4hlerschrank und Montageort, sowie die Entscheidung zwischen einphasigem und dreiphasigem Anschluss. <strong>Trydan ist sowohl einphasig als auch dreiphasig erh\u00e4ltlich<\/strong>, die Wahl richtet sich nach der vorhandenen Hausinstallation und der gew\u00fcnschten Ladeleistung.<\/p>\r\n\r\n\r\n\r\n<p class=\"wp-block-paragraph\">Der Montageort selbst hat wenige Einschr\u00e4nkungen.<\/p>\r\n\r\n\r\n\r\n<p class=\"wp-block-paragraph\">Wand oder Standfu\u00df, innen oder au\u00dfen, mit ausreichendem Abstand zu W\u00e4rmequellen: alle drei Varianten sind vorgesehen. Eine WLAN- oder LAN-Verbindung ist f\u00fcr die sp\u00e4tere App-Konfiguration hilfreich, aber nicht zwingend f\u00fcr die physische Montage selbst. Bei Objekten mit schwachem WLAN-Signal am geplanten Montageort empfiehlt sich vorab ein kurzer Signaltest, da eine sp\u00e4tere Nachr\u00fcstung eines Repeaters einen zus\u00e4tzlichen Termin bedeuten kann, den sich sowohl Fachbetrieb als auch Endkunde sparen m\u00f6chten.<\/p>\r\n\r\n\r\n\r\n<figure class=\"wp-block-table\"><table class=\"has-fixed-layout\"><thead><tr><th>Anschlussart<\/th><th>Typische Ladeleistung<\/th><th>Wann sinnvoll<\/th><\/tr><\/thead><tbody><tr><td>Einphasig<\/td><td>bis 7,4 kW<\/td><td>Bestandsinstallation ohne Drehstromanschluss am Montageort<\/td><\/tr><tr><td>Dreiphasig<\/td><td>11 kW oder 22 kW<\/td><td>Drehstromanschluss vorhanden, h\u00f6here Ladeleistung gew\u00fcnscht<\/td><\/tr><\/tbody><\/table><\/figure>\r\n\r\n\r\n\r\n<h2 class=\"wp-block-heading\">Netzbetreiber-Anmeldung und \u00a714a EnWG<\/h2>\r\n\r\n\r\n\r\n<p class=\"wp-block-paragraph\">Ab 11 kW Anschlussleistung ist vor der Inbetriebnahme die Genehmigung des zust\u00e4ndigen Netzbetreibers einzuholen, unterhalb davon gen\u00fcgt die einfache Meldung. Zus\u00e4tzlich gilt seit Januar 2024 f\u00fcr jede Wallbox \u00fcber 4,2 kW die Registrierung als <strong>steuerbare Wallbox<\/strong> (steuerbare Verbrauchseinrichtung nach \u00a714a EnWG).<\/p>\r\n\r\n\r\n\r\n<p class=\"wp-block-paragraph\">Was Elektriker ihren Kunden zur Meldepflicht und zur Netzentgelt-Ersparnis konkret erkl\u00e4ren sollten, steht im Detail im Artikel <a href=\"https:\/\/v2charge.com\/de\/steuerbare-wallbox-14a-enwg-elektriker\/\">Steuerbare Wallbox und \u00a714a EnWG<\/a>.<\/p>\r\n\r\n\r\n\r\n<p class=\"wp-block-paragraph\">Trydan ist ab Werk \u00a714a-konform und unterst\u00fctzt sowohl den Pauschalrabatt als auch das Modell mit separatem Z\u00e4hler, ohne dass am Ger\u00e4t selbst etwas umgestellt werden muss. F\u00fcr die Kundenkommunikation reicht in der Regel der Hinweis, dass die Wallbox die Anforderung bereits automatisch erf\u00fcllt, ein Detail, das sich in Kundengespr\u00e4chen h\u00e4ufig als \u00fcberraschend positiv herausstellt.<\/p>\r\n\r\n\r\n\r\n<h2 class=\"wp-block-heading\">Was Trydan f\u00fcr Fachbetriebe unterscheidet<\/h2>\r\n\r\n\r\n\r\n<p class=\"wp-block-paragraph\">Ein wiederkehrendes Problem bei anderen Wallboxen ist die Abh\u00e4ngigkeit von einem Vor-Ort-Termin f\u00fcr jede Konfigurations\u00e4nderung, etwa wenn der Kunde nachtr\u00e4glich eine PV-Anlage installiert oder den Ladestrom-Anbieter wechselt. Bei Trydan l\u00e4sst sich jede dieser \u00c4nderungen remote \u00fcber die App vornehmen, ohne dass der Fachbetrieb erneut anfahren muss.<\/p>\r\n\r\n\r\n\r\n<p class=\"wp-block-paragraph\">Die lokale API und die native Home-Assistant-Integration erm\u00f6glichen zus\u00e4tzlich, dass technisch versierte Endkunden oder deren Elektriker eigene Automatisierungen einrichten, ohne auf eine Cloud-Verbindung angewiesen zu sein. F\u00fcr Fachbetriebe bedeutet das weniger Support-Anfragen im Nachgang und eine geringere R\u00fcckrufquote insgesamt.<\/p>\r\n\r\n\r\n\r\n<h2 class=\"wp-block-heading\">Vorbereitung mit dem Kunden vor dem Termin<\/h2>\r\n\r\n\r\n\r\n<p class=\"wp-block-paragraph\">Ein kurzes Telefonat vor dem eigentlichen Montagetermin spart in der Praxis oft mehr Zeit als jede zus\u00e4tzliche Vorbereitung vor Ort. Vier Punkte lassen sich in der Regel vorab kl\u00e4ren, ohne dass der Fachbetrieb daf\u00fcr anreisen muss.<\/p>\r\n\r\n\r\n\r\n<ul class=\"wp-block-list\">\r\n<li>Ist am geplanten Montageort ein <strong>Drehstromanschluss<\/strong> vorhanden, oder nur einphasiger Strom?<\/li>\r\n\r\n\r\n\r\n<li>Wie gro\u00df ist die Entfernung zwischen <strong>Z\u00e4hlerschrank und Montageort<\/strong>, und verl\u00e4uft die Strecke sichtbar oder unter Putz?<\/li>\r\n\r\n\r\n\r\n<li>Ist am Montageort ein <strong>WLAN-Signal<\/strong> nutzbar, oder muss ein Repeater eingeplant werden?<\/li>\r\n\r\n\r\n\r\n<li>Soll ein <strong>MID-Z\u00e4hler<\/strong> integriert werden, etwa weil ein Dienstwagen oder ein Mehrparteienhaus betroffen ist?<\/li>\r\n<\/ul>\r\n\r\n\r\n\r\n<p class=\"wp-block-paragraph\">Mit diesen vier Antworten l\u00e4sst sich der Materialbedarf meist schon vor der Anfahrt final festlegen, statt erst vor Ort festzustellen, dass ein zus\u00e4tzliches Kabelst\u00fcck oder ein Repeater fehlt.<\/p>\r\n\r\n\r\n\r\n<h2 class=\"wp-block-heading\">Montage Schritt f\u00fcr Schritt<\/h2>\r\n\r\n\r\n\r\n<p class=\"wp-block-paragraph\">Die Wandplatte wird an den vorgesehenen Bohrpunkten befestigt, anschlie\u00dfend rastet das Geh\u00e4use von Trydan ein, ohne zus\u00e4tzliche Verschraubung von au\u00dfen sichtbar zu machen. Die Kabeldurchf\u00fchrung erfolgt \u00fcber eine r\u00fcckseitige \u00d6ffnung, die sowohl Aufputz- als auch Unterputzverlegung erlaubt.<\/p>\r\n\r\n\r\n\r\n<p class=\"wp-block-paragraph\">Nach der mechanischen Befestigung folgt die elektrische Anbindung.<\/p>\r\n\r\n\r\n\r\n<figure class=\"wp-block-image size-large\"><img loading=\"lazy\" decoding=\"async\" width=\"916\" height=\"1134\" src=\"https:\/\/v2charge.com\/wp-content\/uploads\/2026\/03\/instalador-cargador-coche-electrico-trydan-installationr-v2c-official-installer.jpg\" alt=\"Elektriker im V2C Official Installer Overall montiert Trydan Wallbox an einer Wand neben einem Elektrofahrzeug\" class=\"wp-image-310977\" srcset=\"https:\/\/v2charge.com\/wp-content\/uploads\/2026\/03\/instalador-cargador-coche-electrico-trydan-installationr-v2c-official-installer.jpg 916w, https:\/\/v2charge.com\/wp-content\/uploads\/2026\/03\/instalador-cargador-coche-electrico-trydan-installationr-v2c-official-installer-242x300.jpg 242w, https:\/\/v2charge.com\/wp-content\/uploads\/2026\/03\/instalador-cargador-coche-electrico-trydan-installationr-v2c-official-installer-827x1024.jpg 827w, https:\/\/v2charge.com\/wp-content\/uploads\/2026\/03\/instalador-cargador-coche-electrico-trydan-installationr-v2c-official-installer-768x951.jpg 768w, https:\/\/v2charge.com\/wp-content\/uploads\/2026\/03\/instalador-cargador-coche-electrico-trydan-installationr-v2c-official-installer-50x62.jpg 50w\" sizes=\"auto, (max-width: 916px) 100vw, 916px\" \/><\/figure>\r\n\r\n\r\n\r\n<p class=\"wp-block-paragraph\"><\/p>\r\n\r\n\r\n\r\n<p class=\"wp-block-paragraph\">Netzanschluss, gegebenenfalls Z\u00e4hleranbindung, und bei Bedarf die Verbindung zu einem externen Stromwandler f\u00fcr dynamisches Lastmanagement. Das vollst\u00e4ndige Schema mit allen Klemmenbezeichnungen liefert das <a href=\"https:\/\/v2charge.com\/de\/support\/trydan\/installationshandbuch\/\" target=\"_blank\" rel=\"noopener noreferrer\">Trydan Installationshandbuch<\/a>, das sich vor der Montage als Referenz ausdrucken oder auf dem Tablet \u00f6ffnen l\u00e4sst.<\/p>\r\n\r\n\r\n\r\n<h2 class=\"wp-block-heading\">Verkabelung ohne Neutralleiter: was zu beachten ist<\/h2>\r\n\r\n\r\n\r\n<p class=\"wp-block-paragraph\">Viele Bestandsgeb\u00e4ude in Deutschland verf\u00fcgen \u00fcber zwei- oder dreiphasige Netze ohne durchgehenden Neutralleiter am Montageort, insbesondere in \u00e4lteren Mehrfamilienh\u00e4usern und manchen gewerblich genutzten Geb\u00e4uden. Trydan l\u00e4sst sich auch in diesem Fall regelkonform anschlie\u00dfen, mit einem eigenen Verkabelungsschema, das die fehlende Neutralleiter-Verbindung kompensiert, ohne dass zus\u00e4tzliche Leitungen nachgezogen werden m\u00fcssen. Details zum genauen Anschlussschema, den zul\u00e4ssigen Absicherungswerten und den Unterschieden zwischen zwei- und dreiphasigen Netzen liefert der Beitrag zur <a href=\"https:\/\/v2charge.com\/de\/wallbox-ohne-neutralleiter-installation\/\" target=\"_blank\" rel=\"noopener noreferrer\">Installation ohne Neutralleiter<\/a>.<\/p>\r\n\r\n\r\n\r\n<h2 class=\"wp-block-heading\">MID-Z\u00e4hler und Z\u00e4hlerintegration<\/h2>\r\n\r\n\r\n\r\n<p class=\"wp-block-paragraph\">F\u00fcr Anwendungsf\u00e4lle mit Abrechnungspflicht, etwa Dienstwagenladung oder Mehrparteienh\u00e4user, l\u00e4sst sich ein <a href=\"https:\/\/v2charge.com\/de\/support\/trydan\/mid-meter\/\" target=\"_blank\" rel=\"noopener noreferrer\">MID-konformer Z\u00e4hler<\/a> in die Installation integrieren. Alternativ verarbeitet Trydan die Daten eines bereits <a href=\"https:\/\/v2charge.com\/de\/support\/leistungssteuerung\/dynamisches-lastmanagement\/verkabelten-zahler\/\" target=\"_blank\" rel=\"noopener noreferrer\">verkabelten Z\u00e4hlers<\/a>, falls im Objekt bereits einer vorhanden ist, was besonders bei Nachr\u00fcstungen in bestehenden Z\u00e4hlerschr\u00e4nken Zeit spart.<\/p>\r\n\r\n\r\n\r\n<figure class=\"wp-block-image size-large\"><img loading=\"lazy\" decoding=\"async\" width=\"960\" height=\"532\" src=\"https:\/\/v2charge.com\/wp-content\/uploads\/2026\/07\/trydan-unboxing-simon-duemig-innenleben.jpg\" alt=\"Ge\u00f6ffnetes Geh\u00e4use der V2C Trydan Wallbox mit sichtbarer Steuerplatine und Verkabelung\" class=\"wp-image-379476\" srcset=\"https:\/\/v2charge.com\/wp-content\/uploads\/2026\/07\/trydan-unboxing-simon-duemig-innenleben.jpg 960w, https:\/\/v2charge.com\/wp-content\/uploads\/2026\/07\/trydan-unboxing-simon-duemig-innenleben-300x166.jpg 300w, https:\/\/v2charge.com\/wp-content\/uploads\/2026\/07\/trydan-unboxing-simon-duemig-innenleben-768x426.jpg 768w, https:\/\/v2charge.com\/wp-content\/uploads\/2026\/07\/trydan-unboxing-simon-duemig-innenleben-50x28.jpg 50w\" sizes=\"auto, (max-width: 960px) 100vw, 960px\" \/><\/figure>\r\n\r\n\r\n\r\n<p class=\"wp-block-paragraph\"><\/p>\r\n\r\n\r\n\r\n<p class=\"wp-block-paragraph\">Die Klemmenbelegung f\u00fcr Z\u00e4hleranbindung und Lastmanagement-Signale ist im Geh\u00e4useinneren \u00fcbersichtlich beschriftet, wie das Bild oben zeigt.<\/p>\r\n\r\n\r\n\r\n<p class=\"wp-block-paragraph\">Zus\u00e4tzliche Schutzvorrichtungen und das vollst\u00e4ndige <a href=\"https:\/\/v2charge.com\/de\/support\/trydan\/einliniendiagramm-trydan\/\" target=\"_blank\" rel=\"noopener noreferrer\">Einliniendiagramm<\/a> stehen als technische Dokumentation zum Download bereit, ebenso das Datenblatt zu den <a href=\"https:\/\/v2charge.com\/de\/support\/trydan\/elektrische-schutzvorrichtungen\/\" target=\"_blank\" rel=\"noopener noreferrer\">elektrischen Schutzvorrichtungen<\/a>. Beide Dokumente sind f\u00fcr die Dokumentation gegen\u00fcber dem Netzbetreiber oder bei einer sp\u00e4teren Abnahme relevant, und sparen im Streitfall die R\u00fcckfrage beim Hersteller.<\/p>\r\n\r\n\r\n\r\n<h2 class=\"wp-block-heading\">Nach der Montage: Inbetriebnahme per App<\/h2>\r\n\r\n\r\n\r\n<p class=\"wp-block-paragraph\">Sobald die physische Installation abgeschlossen ist, l\u00e4uft die restliche Konfiguration \u00fcber die V2C App: WLAN-Zugangsdaten, Ladeleistung, Lastmanagement-Schwellenwerte und PV-Integration lassen sich remote einstellen, ohne dass ein zweiter Vor-Ort-Termin notwendig wird. Diese Trennung zwischen physischer Montage und Feinkonfiguration ist einer der Hauptgr\u00fcnde, warum Fachbetriebe Trydan gegen\u00fcber Wallboxen bevorzugen, die eine Vor-Ort-Anwesenheit f\u00fcr jede Einstellungs\u00e4nderung verlangen.<\/p>\r\n\r\n\r\n\r\n<p class=\"wp-block-paragraph\">F\u00fcr Fachbetriebe mit mehreren Kundenanlagen steht zus\u00e4tzlich das <a href=\"https:\/\/v2charge.com\/de\/installer-panel-wallboxen-verwalten\/\">V2C Installer Panel<\/a> zur Verf\u00fcgung, eine zentrale Plattform f\u00fcr die gleichzeitige \u00dcberwachung und Verwaltung mehrerer Installationen, ohne f\u00fcr jede einzelne Anlage die App separat zu \u00f6ffnen.<\/p>\r\n\r\n\r\n\r\n<p class=\"wp-block-paragraph\">Auch bei einer St\u00f6rungsmeldung nach der Installation l\u00e4sst sich ein Gro\u00dfteil der Fehlerbilder zun\u00e4chst per Fernzugriff eingrenzen, bevor \u00fcberhaupt ein Anfahrtstermin vereinbart wird. Firmware-Version, Verbindungsstatus, letzte Ladevorg\u00e4nge und aktuelle Konfigurationswerte sind remote einsehbar, was in vielen F\u00e4llen bereits ausreicht, um zwischen einem Software- und einem tats\u00e4chlichen Hardwareproblem zu unterscheiden.<\/p>\r\n\r\n\r\n\r\n<div style=\"padding-top:0;border:1px solid #e0e0e0;border-radius:10px;padding:22px 26px;margin:28px 0;background:#f7f9fa;\">\r\n<p style=\"margin:0 0 16px;font-weight:600;font-size:15px;color:#1a1a1a;\">&#x2705; H\u00e4ufige Fehler bei der Montage<\/p>\r\n<ul style=\"margin:0;padding-left:20px;font-size:14px;color:#333;line-height:1.8;\">\r\n<li>Kabelquerschnitt zwischen Z\u00e4hlerschrank und Montageort nicht vorab gepr\u00fcft<\/li>\r\n<li>Phasenwahl (ein- oder dreiphasig) ohne R\u00fccksprache mit der vorhandenen Hausinstallation getroffen<\/li>\r\n<li>WLAN-Signal am Montageort nicht getestet, was die sp\u00e4tere App-Konfiguration erschwert<\/li>\r\n<li>Schutzvorrichtungen ohne Abgleich mit dem Einliniendiagramm dimensioniert<\/li>\r\n<li>MID-Z\u00e4hler-Bedarf erst nach Abschluss der Montage mit dem Kunden gekl\u00e4rt<\/li>\r\n<\/ul>\r\n<\/div>\r\n\r\n\r\n\r\n<h2 class=\"wp-block-heading\">Garantie und Support nach der Installation<\/h2>\r\n\r\n\r\n\r\n<p class=\"wp-block-paragraph\">Nach Abschluss der Montage bleibt der Fachbetrieb in der Regel nicht der einzige Ansprechpartner f\u00fcr technische R\u00fcckfragen. Registriert der Kunde die Wallbox \u00fcber die App, greift die Herstellergarantie automatisch, und der technische Support von V2C ist direkt \u00fcber die App sowie \u00fcber die Trydan-Support-Seite erreichbar, f\u00fcr Fragen zur Konfiguration, zu Firmware-Updates oder zu einzelnen Fehlermeldungen im Display. Das entlastet den Fachbetrieb sp\u00fcrbar, weil ein Gro\u00dfteil der R\u00fcckfragen, die nach anderen Wallbox-Installationen typischerweise beim Elektriker landen, stattdessen direkt beim Hersteller ankommt. F\u00fcr den Fachbetrieb bleibt damit vor allem die physische Installation und die grundlegende Netzanbindung als eigentliche Verantwortung \u00fcbrig, w\u00e4hrend laufende Software-Themen \u00fcber die App und den Herstellersupport abgedeckt werden.<\/p>\r\n\r\n\r\n\r\n<div class=\"wp-block-uagb-container uagb-block-79c14f54 default uagb-is-root-container\">\r\n<div class=\"wp-block-uagb-advanced-heading uagb-block-c651a69d\"><p class=\"uagb-heading-text\">Empfohlene Artikel<\/p><\/div>\r\n\r\n\r\n\r\n<div class=\"wp-block-uagb-advanced-heading uagb-block-c5dd61f3\"><p class=\"uagb-heading-text\">Bei <strong>V2C werden <a href=\"https:\/\/v2charge.com\/de\/\">Leistungsstarke Ladestation f\u00fcr Elektroautos<\/a><\/strong> in Europa entwickelt und hergestellt, und es wird \u00fcber die neuesten Entwicklungen der Elektromobilit\u00e4t informiert.<\/p><\/div>\r\n\r\n\r\n\n\t\t\t<div class=\"wp-block-uagb-post-grid uagb-post-grid  uagb-post__image-position-top uagb-post__image-enabled uagb-block-199a37f7     uagb-post__items uagb-post__columns-3 is-grid uagb-post__columns-tablet-2 uagb-post__columns-mobile-1 uagb-post__equal-height uagb-equal_height_inline-read-more-buttons\" data-total=\"23\" style=\"\">\n\n\t\t\t\t\t\t\t\t\t\t\t\t<article class=\"uagb-post__inner-wrap\">\t\t\t\t\t\t\t\t<div class='uagb-post__image'>\n\t\t\t\t\t\t\t\t\t<a href=\"https:\/\/v2charge.com\/de\/wallbox-betriebsausgabe-abschreibung-selbststaendige\/\" target=\"_blank\" rel=\"bookmark noopener noreferrer\" class='uagb-image-ratio-inherit'><img loading=\"lazy\" decoding=\"async\" width=\"960\" height=\"560\" src=\"https:\/\/v2charge.com\/wp-content\/uploads\/2026\/09\/wallbox-betriebsausgabe-homeoffice-freiberufler.jpg\" class=\"attachment-large size-large\" alt=\"Freiberufler arbeitet im Homeoffice, waehrend im Hintergrund das Elektroauto am Trydan laedt\" srcset=\"https:\/\/v2charge.com\/wp-content\/uploads\/2026\/09\/wallbox-betriebsausgabe-homeoffice-freiberufler.jpg 960w, https:\/\/v2charge.com\/wp-content\/uploads\/2026\/09\/wallbox-betriebsausgabe-homeoffice-freiberufler-300x175.jpg 300w, https:\/\/v2charge.com\/wp-content\/uploads\/2026\/09\/wallbox-betriebsausgabe-homeoffice-freiberufler-768x448.jpg 768w, https:\/\/v2charge.com\/wp-content\/uploads\/2026\/09\/wallbox-betriebsausgabe-homeoffice-freiberufler-50x29.jpg 50w\" sizes=\"auto, (max-width: 960px) 100vw, 960px\" \/>\t\t\t\t\t<\/a>\n\t\t\t\t\t\t\t<\/div>\n\t\t\t\t\t\t<p class=\"uagb-post__title uagb-post__text\">\n\t\t\t\t<a href=\"https:\/\/v2charge.com\/de\/wallbox-betriebsausgabe-abschreibung-selbststaendige\/\" target=\"_blank\" rel=\"bookmark noopener noreferrer\">Wallbox als Betriebsausgabe absetzen: Abschreibung f\u00fcr Selbstst\u00e4ndige 2026<\/a>\n\t\t\t<\/p>\n\t\t\t\t\t\t<div class='uagb-post__text uagb-post-grid-byline'>\n\t\t\t\t\t\t\t<\/div>\n\t\t\t\t\t\t<div class=\"uagb-post__text uagb-post__cta wp-block-button\">\n\t\t\t\t<a class=\"wp-block-button__link uagb-text-link\" style=\"\" href=\"https:\/\/v2charge.com\/de\/wallbox-betriebsausgabe-abschreibung-selbststaendige\/\" target=\"_blank\" rel=\"bookmark noopener noreferrer\">Mehr lesen<\/a>\n\t\t\t<\/div>\n\t\t\t\n\t\t\t\t\t\t\t\t\t<\/article>\n\t\t\t\t\t\t\t\t\t\t\t\t\t\t\t\t<article class=\"uagb-post__inner-wrap\">\t\t\t\t\t\t\t\t<div class='uagb-post__image'>\n\t\t\t\t\t\t\t\t\t<a href=\"https:\/\/v2charge.com\/de\/solaredge-wallbox-ueberschussladen\/\" target=\"_blank\" rel=\"bookmark noopener noreferrer\" class='uagb-image-ratio-inherit'><img loading=\"lazy\" decoding=\"async\" width=\"960\" height=\"560\" src=\"https:\/\/v2charge.com\/wp-content\/uploads\/2026\/09\/solaredge-wechselrichter-trydan-installation.png\" class=\"attachment-large size-large\" alt=\"V2C Trydan neben einem SolarEdge-Wechselrichter an der Wand montiert, Solaranlage im Hintergrund\" srcset=\"https:\/\/v2charge.com\/wp-content\/uploads\/2026\/09\/solaredge-wechselrichter-trydan-installation.png 960w, https:\/\/v2charge.com\/wp-content\/uploads\/2026\/09\/solaredge-wechselrichter-trydan-installation-300x175.png 300w, https:\/\/v2charge.com\/wp-content\/uploads\/2026\/09\/solaredge-wechselrichter-trydan-installation-768x448.png 768w, https:\/\/v2charge.com\/wp-content\/uploads\/2026\/09\/solaredge-wechselrichter-trydan-installation-50x29.png 50w\" sizes=\"auto, (max-width: 960px) 100vw, 960px\" \/>\t\t\t\t\t<\/a>\n\t\t\t\t\t\t\t<\/div>\n\t\t\t\t\t\t<p class=\"uagb-post__title uagb-post__text\">\n\t\t\t\t<a href=\"https:\/\/v2charge.com\/de\/solaredge-wallbox-ueberschussladen\/\" target=\"_blank\" rel=\"bookmark noopener noreferrer\">SolarEdge Wallbox: PV-\u00dcberschussladen in zwei Schritten<\/a>\n\t\t\t<\/p>\n\t\t\t\t\t\t<div class='uagb-post__text uagb-post-grid-byline'>\n\t\t\t\t\t\t\t<\/div>\n\t\t\t\t\t\t<div class=\"uagb-post__text uagb-post__cta wp-block-button\">\n\t\t\t\t<a class=\"wp-block-button__link uagb-text-link\" style=\"\" href=\"https:\/\/v2charge.com\/de\/solaredge-wallbox-ueberschussladen\/\" target=\"_blank\" rel=\"bookmark noopener noreferrer\">Mehr lesen<\/a>\n\t\t\t<\/div>\n\t\t\t\n\t\t\t\t\t\t\t\t\t<\/article>\n\t\t\t\t\t\t\t\t\t\t\t\t\t\t\t\t<article class=\"uagb-post__inner-wrap\">\t\t\t\t\t\t\t\t<div class='uagb-post__image'>\n\t\t\t\t\t\t\t\t\t<a href=\"https:\/\/v2charge.com\/de\/sungrow-wallbox-ueberschussladen\/\" target=\"_blank\" rel=\"bookmark noopener noreferrer\" class='uagb-image-ratio-inherit'><img loading=\"lazy\" decoding=\"async\" width=\"960\" height=\"560\" src=\"https:\/\/v2charge.com\/wp-content\/uploads\/2026\/09\/sungrow-wallbox-trydan-garage-laden.png\" class=\"attachment-large size-large\" alt=\"V2C Trydan neben einem Sungrow-Wechselrichter in der Garage montiert, Elektroauto wird geladen\" srcset=\"https:\/\/v2charge.com\/wp-content\/uploads\/2026\/09\/sungrow-wallbox-trydan-garage-laden.png 960w, https:\/\/v2charge.com\/wp-content\/uploads\/2026\/09\/sungrow-wallbox-trydan-garage-laden-300x175.png 300w, https:\/\/v2charge.com\/wp-content\/uploads\/2026\/09\/sungrow-wallbox-trydan-garage-laden-768x448.png 768w, https:\/\/v2charge.com\/wp-content\/uploads\/2026\/09\/sungrow-wallbox-trydan-garage-laden-50x29.png 50w\" sizes=\"auto, (max-width: 960px) 100vw, 960px\" \/>\t\t\t\t\t<\/a>\n\t\t\t\t\t\t\t<\/div>\n\t\t\t\t\t\t<p class=\"uagb-post__title uagb-post__text\">\n\t\t\t\t<a href=\"https:\/\/v2charge.com\/de\/sungrow-wallbox-ueberschussladen\/\" target=\"_blank\" rel=\"bookmark noopener noreferrer\">Sungrow Wallbox: PV-\u00dcberschussladen \u00fcber das Heimnetz<\/a>\n\t\t\t<\/p>\n\t\t\t\t\t\t<div class='uagb-post__text uagb-post-grid-byline'>\n\t\t\t\t\t\t\t<\/div>\n\t\t\t\t\t\t<div class=\"uagb-post__text uagb-post__cta wp-block-button\">\n\t\t\t\t<a class=\"wp-block-button__link uagb-text-link\" style=\"\" href=\"https:\/\/v2charge.com\/de\/sungrow-wallbox-ueberschussladen\/\" target=\"_blank\" rel=\"bookmark noopener noreferrer\">Mehr lesen<\/a>\n\t\t\t<\/div>\n\t\t\t\n\t\t\t\t\t\t\t\t\t<\/article>\n\t\t\t\t\t\t\t\t\t\t\t<\/div>\n\t\t\t<\/div>\r\n\r\n\r\n\r\n<h2 class=\"wp-block-heading\">Kurz gesagt<\/h2>\r\n\r\n\r\n\r\n<p class=\"wp-block-paragraph\">Die Montage von Trydan ist f\u00fcr einen Elektrofachbetrieb in weniger als 30 Minuten abgeschlossen, unabh\u00e4ngig davon, ob ein Neutralleiter vorhanden ist oder ein MID-Z\u00e4hler integriert werden soll. Die gesamte Feinkonfiguration l\u00e4uft anschlie\u00dfend \u00fcber die App, ohne zweiten Termin vor Ort. F\u00fcr Fachbetriebe, die regelm\u00e4\u00dfig Trydan-Installationen anbieten, lohnt sich ein Blick auf das <a href=\"https:\/\/v2charge.com\/de\/installateur-werden\/\" target=\"_blank\" rel=\"noopener noreferrer\">V2C Fachpartnerprogramm<\/a> mit exklusiven Einkaufspreisen und technischem Support. Der Themencluster f\u00fcr Fachbetriebe l\u00e4uft im Artikel <a href=\"https:\/\/v2charge.com\/de\/trydan-fuer-elektriker\/\">Trydan f\u00fcr Elektriker<\/a> zusammen.<\/p>\r\n\r\n\r\n\r\n<p class=\"wp-block-paragraph\"><\/p>\r\n\r\n\r\n\r\n<div class=\"wp-block-buttons is-content-justification-center is-layout-flex wp-container-core-buttons-is-layout-fe48e5de wp-block-buttons-is-layout-flex\">\r\n<div class=\"wp-block-button\"><a class=\"wp-block-button__link wp-element-button\" href=\"https:\/\/v2charge.com\/store\/de\/produkt\/trydan\/\" target=\"_blank\" rel=\"noreferrer noopener\">Trydan jetzt entdecken<\/a><\/div>\r\n<\/div>\r\n\r\n\r\n\r\n<p class=\"wp-block-paragraph\"><\/p>\r\n\r\n\r\n\r\n<div class=\"schema-faq wp-block-yoast-faq-block\"><div class=\"schema-faq-section\" id=\"montagezeit\"><strong class=\"schema-faq-question\"><strong>Wie lange dauert die Montage von Trydan?<\/strong><\/strong> <p class=\"schema-faq-answer\">Die physische Montage dauert f\u00fcr einen Elektrofachbetrieb in der Regel unter 30 Minuten, ohne propriet\u00e4res Werkzeug.<\/p> <\/div> <div class=\"schema-faq-section\" id=\"neutralleiter\"><strong class=\"schema-faq-question\"><strong>Braucht Trydan einen Neutralleiter?<\/strong><\/strong> <p class=\"schema-faq-answer\">Nein. Trydan l\u00e4sst sich auch in zwei- und dreiphasigen Netzen ohne Neutralleiter regelkonform anschlie\u00dfen, mit einem eigenen Verkabelungsschema.<\/p> <\/div> <div class=\"schema-faq-section\" id=\"mid-pflicht\"><strong class=\"schema-faq-question\"><strong>Ist ein MID-Z\u00e4hler bei der Trydan-Installation Pflicht?<\/strong><\/strong> <p class=\"schema-faq-answer\">Nein, ein MID-konformer Z\u00e4hler ist optional und wird vor allem f\u00fcr Abrechnungsf\u00e4lle wie Dienstwagenladung oder Mehrparteienh\u00e4user ben\u00f6tigt.<\/p> <\/div> <div class=\"schema-faq-section\" id=\"ohne-wlan\"><strong class=\"schema-faq-question\"><strong>Kann Trydan ohne WLAN montiert werden?<\/strong><\/strong> <p class=\"schema-faq-answer\">Die physische Montage ist unabh\u00e4ngig von WLAN m\u00f6glich. F\u00fcr die sp\u00e4tere Konfiguration \u00fcber die App wird jedoch eine WLAN- oder LAN-Verbindung am Montageort ben\u00f6tigt.<\/p> <\/div> <div class=\"schema-faq-section\" id=\"phasen\"><strong class=\"schema-faq-question\"><strong>Ist Trydan einphasig oder dreiphasig erh\u00e4ltlich?<\/strong><\/strong> <p class=\"schema-faq-answer\">Beides. Trydan ist sowohl in einphasiger als auch in dreiphasiger Ausf\u00fchrung erh\u00e4ltlich, die Wahl richtet sich nach der vorhandenen Hausinstallation und der gew\u00fcnschten Ladeleistung.<\/p> <\/div> <div class=\"schema-faq-section\" id=\"dokumentation\"><strong class=\"schema-faq-question\"><strong>Wo finden Elektriker das vollst\u00e4ndige Installationsschema?<\/strong><\/strong> <p class=\"schema-faq-answer\">Das vollst\u00e4ndige Schema mit allen Klemmenbezeichnungen liefert das Trydan Installationshandbuch, erg\u00e4nzt durch das Einliniendiagramm und das Datenblatt zu den elektrischen Schutzvorrichtungen.<\/p> <\/div> <div class=\"schema-faq-section\" id=\"vorort-termin\"><strong class=\"schema-faq-question\"><strong>Ist nach der Montage ein zweiter Vor-Ort-Termin notwendig?<\/strong><\/strong> <p class=\"schema-faq-answer\">In der Regel nicht. WLAN-Zugangsdaten, Ladeleistung, Lastmanagement und PV-Integration lassen sich remote \u00fcber die App einstellen.<\/p> <\/div> <div class=\"schema-faq-section\" id=\"netzbetreiber\"><strong class=\"schema-faq-question\"><strong>Ab wann braucht die Trydan-Installation eine Genehmigung des Netzbetreibers?<\/strong><\/strong> <p class=\"schema-faq-answer\">Ab 11 kW Anschlussleistung ist vor der Inbetriebnahme die Genehmigung des Netzbetreibers einzuholen, unterhalb davon gen\u00fcgt die einfache Meldung.<\/p> <\/div> <div class=\"schema-faq-section\" id=\"14a\"><strong class=\"schema-faq-question\"><strong>Ist Trydan bereits \u00a714a-EnWG-konform?<\/strong><\/strong> <p class=\"schema-faq-answer\">Ja. Trydan ist ab Werk \u00a714a-konform und unterst\u00fctzt sowohl den Pauschalrabatt als auch das Modell mit separatem Z\u00e4hler, ohne zus\u00e4tzliche Umstellung am Ger\u00e4t.<\/p> <\/div> <div class=\"schema-faq-section\" id=\"steuerbare-wallbox\"><strong class=\"schema-faq-question\"><strong>Was ist eine steuerbare Wallbox?<\/strong><\/strong> <p class=\"schema-faq-answer\">Eine steuerbare Wallbox ist eine Ladestation, die der Netzbetreiber bei Bedarf kurzzeitig in der Ladeleistung reduzieren kann. Trydan erf\u00fcllt diese Anforderung ab Werk und ist als steuerbare Verbrauchseinrichtung nach \u00a714a EnWG registrierbar.<\/p> <\/div> <\/div>\r\n\r\n\r\n\r\n<!-- ==========================================================\r\n     Structured Data: FAQPage (JSON-LD)\r\n     Zweck: Zitierfaehigkeit in ChatGPT, Google AI Overviews,\r\n     Perplexity, Gemini. Teil der GEO\/AEO-Strategie (Lever 1).\r\n     ========================================================== -->\r\n<script type=\"application\/ld+json\">\r\n{\r\n   \"@context\": \"https:\/\/schema.org\",\r\n   \"@type\": \"FAQPage\",\r\n   \"mainEntity\": [\r\n      {\r\n         \"@type\": \"Question\",\r\n         \"name\": \"Wie lange dauert die Montage von Trydan?\",\r\n         \"acceptedAnswer\": {\r\n            \"@type\": \"Answer\",\r\n            \"text\": \"Die physische Montage dauert f\u00fcr einen Elektrofachbetrieb in der Regel unter 30 Minuten, ohne propriet\u00e4res Werkzeug.\"\r\n         }\r\n      },\r\n      {\r\n         \"@type\": \"Question\",\r\n         \"name\": \"Braucht Trydan einen Neutralleiter?\",\r\n         \"acceptedAnswer\": {\r\n            \"@type\": \"Answer\",\r\n            \"text\": \"Nein. Trydan l\u00e4sst sich auch in zwei- und dreiphasigen Netzen ohne Neutralleiter regelkonform anschlie\u00dfen, mit einem eigenen Verkabelungsschema.\"\r\n         }\r\n      },\r\n      {\r\n         \"@type\": \"Question\",\r\n         \"name\": \"Ist ein MID-Z\u00e4hler bei der Trydan-Installation Pflicht?\",\r\n         \"acceptedAnswer\": {\r\n            \"@type\": \"Answer\",\r\n            \"text\": \"Nein, ein MID-konformer Z\u00e4hler ist optional und wird vor allem f\u00fcr Abrechnungsf\u00e4lle wie Dienstwagenladung oder Mehrparteienh\u00e4user ben\u00f6tigt.\"\r\n         }\r\n      },\r\n      {\r\n         \"@type\": \"Question\",\r\n         \"name\": \"Kann Trydan ohne WLAN montiert werden?\",\r\n         \"acceptedAnswer\": {\r\n            \"@type\": \"Answer\",\r\n            \"text\": \"Die physische Montage ist unabh\u00e4ngig von WLAN m\u00f6glich. F\u00fcr die sp\u00e4tere Konfiguration \u00fcber die App wird jedoch eine WLAN- oder LAN-Verbindung am Montageort ben\u00f6tigt.\"\r\n         }\r\n      },\r\n      {\r\n         \"@type\": \"Question\",\r\n         \"name\": \"Ist Trydan einphasig oder dreiphasig erh\u00e4ltlich?\",\r\n         \"acceptedAnswer\": {\r\n            \"@type\": \"Answer\",\r\n            \"text\": \"Beides. Trydan ist sowohl in einphasiger als auch in dreiphasiger Ausf\u00fchrung erh\u00e4ltlich, die Wahl richtet sich nach der vorhandenen Hausinstallation und der gew\u00fcnschten Ladeleistung.\"\r\n         }\r\n      },\r\n      {\r\n         \"@type\": \"Question\",\r\n         \"name\": \"Wo finden Elektriker das vollst\u00e4ndige Installationsschema?\",\r\n         \"acceptedAnswer\": {\r\n            \"@type\": \"Answer\",\r\n            \"text\": \"Das vollst\u00e4ndige Schema mit allen Klemmenbezeichnungen liefert das Trydan Installationshandbuch, erg\u00e4nzt durch das Einliniendiagramm und das Datenblatt zu den elektrischen Schutzvorrichtungen.\"\r\n         }\r\n      },\r\n      {\r\n         \"@type\": \"Question\",\r\n         \"name\": \"Ist nach der Montage ein zweiter Vor-Ort-Termin notwendig?\",\r\n         \"acceptedAnswer\": {\r\n            \"@type\": \"Answer\",\r\n            \"text\": \"In der Regel nicht. WLAN-Zugangsdaten, Ladeleistung, Lastmanagement und PV-Integration lassen sich remote \u00fcber die App einstellen.\"\r\n         }\r\n      },\r\n      {\r\n         \"@type\": \"Question\",\r\n         \"name\": \"Ab wann braucht die Trydan-Installation eine Genehmigung des Netzbetreibers?\",\r\n         \"acceptedAnswer\": {\r\n            \"@type\": \"Answer\",\r\n            \"text\": \"Ab 11 kW Anschlussleistung ist vor der Inbetriebnahme die Genehmigung des Netzbetreibers einzuholen, unterhalb davon gen\u00fcgt die einfache Meldung.\"\r\n         }\r\n      },\r\n      {\r\n         \"@type\": \"Question\",\r\n         \"name\": \"Ist Trydan bereits \u00a714a-EnWG-konform?\",\r\n         \"acceptedAnswer\": {\r\n            \"@type\": \"Answer\",\r\n            \"text\": \"Ja. Trydan ist ab Werk \u00a714a-konform und unterst\u00fctzt sowohl den Pauschalrabatt als auch das Modell mit separatem Z\u00e4hler, ohne zus\u00e4tzliche Umstellung am Ger\u00e4t.\"\r\n         }\r\n      },\r\n      {\r\n         \"@type\": \"Question\",\r\n         \"name\": \"Was ist eine steuerbare Wallbox?\",\r\n         \"acceptedAnswer\": {\r\n            \"@type\": \"Answer\",\r\n            \"text\": \"Eine steuerbare Wallbox ist eine Ladestation, die der Netzbetreiber bei Bedarf kurzzeitig in der Ladeleistung reduzieren kann. Trydan erf\u00fcllt diese Anforderung ab Werk und ist als steuerbare Verbrauchseinrichtung nach \u00a714a EnWG registrierbar.\"\r\n         }\r\n      }\r\n   ]\r\n}\r\n<\/script>\r\n\r\n\r\n\r\n<p class=\"wp-block-paragraph\"><\/p>\r\n","protected":false},"excerpt":{"rendered":"<p>Wer eine Wallbox selbst installieren m\u00f6chte, st\u00f6\u00dft schnell auf eine gesetzliche Grenze: der Netzanschluss darf ausschlie\u00dflich eine eingetragene Elektrofachkraft vornehmen. Was danach folgt, geht schneller als gedacht, die physische Montage von Trydan dauert f\u00fcr einen Elektrofachbetrieb in der Regel unter 30 Minuten. Die Wandplatte wird befestigt, Trydan rastet ein, die Verkabelung folgt einem klaren Schema &#8230; <a title=\"Wallbox selbst installieren: Montage in 30 Minuten erkl\u00e4rt\" class=\"read-more\" href=\"https:\/\/v2charge.com\/de\/wallbox-montieren-trydan\/\" aria-label=\"Mehr Informationen \u00fcber Wallbox selbst installieren: Montage in 30 Minuten erkl\u00e4rt\">Weiterlesen<\/a><\/p>\n","protected":false},"author":400,"featured_media":379951,"comment_status":"open","ping_status":"open","sticky":false,"template":"","format":"standard","meta":{"_eb_attr":"","content-type":"","_uag_custom_page_level_css":"","footnotes":""},"categories":[3],"tags":[],"class_list":["post-379755","post","type-post","status-publish","format-standard","has-post-thumbnail","hentry","category-e-mobility"],"yoast_head":"<!-- This site is optimized with the Yoast SEO plugin v27.9 - https:\/\/yoast.com\/product\/yoast-seo-wordpress\/ -->\n<title>Wallbox selbst installieren: in 30 Minuten montiert<\/title>\n<meta name=\"description\" content=\"Wallbox selbst installieren: Trydan montiert ein Elektrofachbetrieb in unter 30 Minuten. Ablauf, Verkabelung und was danach folgt.\" \/>\n<meta name=\"robots\" content=\"index, follow, max-snippet:-1, max-image-preview:large, max-video-preview:-1\" \/>\n<link rel=\"canonical\" href=\"https:\/\/v2charge.com\/de\/wallbox-montieren-trydan\/\" \/>\n<meta property=\"og:locale\" content=\"de_DE\" \/>\n<meta property=\"og:type\" content=\"article\" \/>\n<meta property=\"og:title\" content=\"Wallbox selbst installieren: in 30 Minuten montiert\" \/>\n<meta property=\"og:description\" content=\"Wallbox selbst installieren: Trydan montiert ein Elektrofachbetrieb in unter 30 Minuten. Ablauf, Verkabelung und was danach folgt.\" \/>\n<meta property=\"og:url\" content=\"https:\/\/v2charge.com\/de\/wallbox-montieren-trydan\/\" \/>\n<meta property=\"og:site_name\" content=\"V2C\" \/>\n<meta property=\"article:publisher\" content=\"https:\/\/www.facebook.com\/V2C.Charge\" \/>\n<meta property=\"article:published_time\" content=\"2026-07-24T10:51:20+00:00\" \/>\n<meta property=\"article:modified_time\" content=\"2026-08-26T11:48:29+00:00\" \/>\n<meta property=\"og:image\" content=\"https:\/\/v2charge.com\/wp-content\/uploads\/2026\/07\/wallbox-montieren-trydan-v2c.jpg\" \/>\n\t<meta property=\"og:image:width\" content=\"960\" \/>\n\t<meta property=\"og:image:height\" content=\"560\" \/>\n\t<meta property=\"og:image:type\" content=\"image\/jpeg\" \/>\n<meta name=\"author\" content=\"V2C\" \/>\n<meta name=\"twitter:card\" content=\"summary_large_image\" \/>\n<meta name=\"twitter:creator\" content=\"@V2C_Charge\" \/>\n<meta name=\"twitter:site\" content=\"@V2C_Charge\" \/>\n<meta name=\"twitter:label1\" content=\"Verfasst von\" \/>\n\t<meta name=\"twitter:data1\" content=\"V2C\" \/>\n\t<meta name=\"twitter:label2\" content=\"Gesch\u00e4tzte Lesezeit\" \/>\n\t<meta name=\"twitter:data2\" content=\"8\u00a0Minuten\" \/>\n<script type=\"application\/ld+json\" class=\"yoast-schema-graph\">{\"@context\":\"https:\\\/\\\/schema.org\",\"@graph\":[{\"@type\":\"Article\",\"@id\":\"https:\\\/\\\/v2charge.com\\\/de\\\/wallbox-montieren-trydan\\\/#article\",\"isPartOf\":{\"@id\":\"https:\\\/\\\/v2charge.com\\\/de\\\/wallbox-montieren-trydan\\\/\"},\"author\":{\"name\":\"V2C\",\"@id\":\"https:\\\/\\\/v2charge.com\\\/de\\\/#\\\/schema\\\/person\\\/47b01868f6351f17635b441e66044aaa\"},\"headline\":\"Wallbox selbst installieren: Montage in 30 Minuten erkl\u00e4rt\",\"datePublished\":\"2026-07-24T10:51:20+00:00\",\"dateModified\":\"2026-08-26T11:48:29+00:00\",\"mainEntityOfPage\":{\"@id\":\"https:\\\/\\\/v2charge.com\\\/de\\\/wallbox-montieren-trydan\\\/\"},\"wordCount\":1825,\"commentCount\":0,\"publisher\":{\"@id\":\"https:\\\/\\\/v2charge.com\\\/de\\\/#organization\"},\"image\":{\"@id\":\"https:\\\/\\\/v2charge.com\\\/de\\\/wallbox-montieren-trydan\\\/#primaryimage\"},\"thumbnailUrl\":\"https:\\\/\\\/v2charge.com\\\/wp-content\\\/uploads\\\/2026\\\/07\\\/wallbox-montieren-trydan-v2c.jpg\",\"articleSection\":[\"e-Mobility\"],\"inLanguage\":\"de\",\"potentialAction\":[{\"@type\":\"CommentAction\",\"name\":\"Comment\",\"target\":[\"https:\\\/\\\/v2charge.com\\\/de\\\/wallbox-montieren-trydan\\\/#respond\"]}]},{\"@type\":[\"WebPage\",\"FAQPage\"],\"@id\":\"https:\\\/\\\/v2charge.com\\\/de\\\/wallbox-montieren-trydan\\\/\",\"url\":\"https:\\\/\\\/v2charge.com\\\/de\\\/wallbox-montieren-trydan\\\/\",\"name\":\"Wallbox selbst installieren: in 30 Minuten montiert\",\"isPartOf\":{\"@id\":\"https:\\\/\\\/v2charge.com\\\/de\\\/#website\"},\"primaryImageOfPage\":{\"@id\":\"https:\\\/\\\/v2charge.com\\\/de\\\/wallbox-montieren-trydan\\\/#primaryimage\"},\"image\":{\"@id\":\"https:\\\/\\\/v2charge.com\\\/de\\\/wallbox-montieren-trydan\\\/#primaryimage\"},\"thumbnailUrl\":\"https:\\\/\\\/v2charge.com\\\/wp-content\\\/uploads\\\/2026\\\/07\\\/wallbox-montieren-trydan-v2c.jpg\",\"datePublished\":\"2026-07-24T10:51:20+00:00\",\"dateModified\":\"2026-08-26T11:48:29+00:00\",\"description\":\"Wallbox selbst installieren: Trydan montiert ein Elektrofachbetrieb in unter 30 Minuten. Ablauf, Verkabelung und was danach folgt.\",\"breadcrumb\":{\"@id\":\"https:\\\/\\\/v2charge.com\\\/de\\\/wallbox-montieren-trydan\\\/#breadcrumb\"},\"mainEntity\":[{\"@id\":\"https:\\\/\\\/v2charge.com\\\/de\\\/wallbox-montieren-trydan\\\/#montagezeit\"},{\"@id\":\"https:\\\/\\\/v2charge.com\\\/de\\\/wallbox-montieren-trydan\\\/#neutralleiter\"},{\"@id\":\"https:\\\/\\\/v2charge.com\\\/de\\\/wallbox-montieren-trydan\\\/#mid-pflicht\"},{\"@id\":\"https:\\\/\\\/v2charge.com\\\/de\\\/wallbox-montieren-trydan\\\/#ohne-wlan\"},{\"@id\":\"https:\\\/\\\/v2charge.com\\\/de\\\/wallbox-montieren-trydan\\\/#phasen\"},{\"@id\":\"https:\\\/\\\/v2charge.com\\\/de\\\/wallbox-montieren-trydan\\\/#dokumentation\"},{\"@id\":\"https:\\\/\\\/v2charge.com\\\/de\\\/wallbox-montieren-trydan\\\/#vorort-termin\"},{\"@id\":\"https:\\\/\\\/v2charge.com\\\/de\\\/wallbox-montieren-trydan\\\/#netzbetreiber\"},{\"@id\":\"https:\\\/\\\/v2charge.com\\\/de\\\/wallbox-montieren-trydan\\\/#14a\"},{\"@id\":\"https:\\\/\\\/v2charge.com\\\/de\\\/wallbox-montieren-trydan\\\/#steuerbare-wallbox\"}],\"inLanguage\":\"de\",\"potentialAction\":[{\"@type\":\"ReadAction\",\"target\":[\"https:\\\/\\\/v2charge.com\\\/de\\\/wallbox-montieren-trydan\\\/\"]}]},{\"@type\":\"ImageObject\",\"inLanguage\":\"de\",\"@id\":\"https:\\\/\\\/v2charge.com\\\/de\\\/wallbox-montieren-trydan\\\/#primaryimage\",\"url\":\"https:\\\/\\\/v2charge.com\\\/wp-content\\\/uploads\\\/2026\\\/07\\\/wallbox-montieren-trydan-v2c.jpg\",\"contentUrl\":\"https:\\\/\\\/v2charge.com\\\/wp-content\\\/uploads\\\/2026\\\/07\\\/wallbox-montieren-trydan-v2c.jpg\",\"width\":960,\"height\":560,\"caption\":\"Wallbox montieren: Wie lange dauert?\"},{\"@type\":\"BreadcrumbList\",\"@id\":\"https:\\\/\\\/v2charge.com\\\/de\\\/wallbox-montieren-trydan\\\/#breadcrumb\",\"itemListElement\":[{\"@type\":\"ListItem\",\"position\":1,\"name\":\"V2C\",\"item\":\"https:\\\/\\\/v2charge.com\\\/de\\\/\"},{\"@type\":\"ListItem\",\"position\":2,\"name\":\"e-Mobility\",\"item\":\"https:\\\/\\\/v2charge.com\\\/de\\\/e-mobility\\\/\"},{\"@type\":\"ListItem\",\"position\":3,\"name\":\"Wallbox selbst installieren: Montage in 30 Minuten erkl\u00e4rt\"}]},{\"@type\":\"WebSite\",\"@id\":\"https:\\\/\\\/v2charge.com\\\/de\\\/#website\",\"url\":\"https:\\\/\\\/v2charge.com\\\/de\\\/\",\"name\":\"V2C\",\"description\":\"#CargandoElMa\u00f1ana\",\"publisher\":{\"@id\":\"https:\\\/\\\/v2charge.com\\\/de\\\/#organization\"},\"potentialAction\":[{\"@type\":\"SearchAction\",\"target\":{\"@type\":\"EntryPoint\",\"urlTemplate\":\"https:\\\/\\\/v2charge.com\\\/de\\\/?s={search_term_string}\"},\"query-input\":{\"@type\":\"PropertyValueSpecification\",\"valueRequired\":true,\"valueName\":\"search_term_string\"}}],\"inLanguage\":\"de\"},{\"@type\":\"Organization\",\"@id\":\"https:\\\/\\\/v2charge.com\\\/de\\\/#organization\",\"name\":\"V2C\",\"url\":\"https:\\\/\\\/v2charge.com\\\/de\\\/\",\"logo\":{\"@type\":\"ImageObject\",\"inLanguage\":\"de\",\"@id\":\"https:\\\/\\\/v2charge.com\\\/de\\\/#\\\/schema\\\/logo\\\/image\\\/\",\"url\":\"https:\\\/\\\/v2charge.com\\\/wp-content\\\/uploads\\\/2024\\\/11\\\/cropped-v2c-charge-logo-menu.png\",\"contentUrl\":\"https:\\\/\\\/v2charge.com\\\/wp-content\\\/uploads\\\/2024\\\/11\\\/cropped-v2c-charge-logo-menu.png\",\"width\":984,\"height\":431,\"caption\":\"V2C\"},\"image\":{\"@id\":\"https:\\\/\\\/v2charge.com\\\/de\\\/#\\\/schema\\\/logo\\\/image\\\/\"},\"sameAs\":[\"https:\\\/\\\/www.facebook.com\\\/V2C.Charge\",\"https:\\\/\\\/x.com\\\/V2C_Charge\",\"https:\\\/\\\/www.instagram.com\\\/v2c.charge\\\/\",\"https:\\\/\\\/www.youtube.com\\\/@V2C\",\"https:\\\/\\\/www.linkedin.com\\\/company\\\/v2c-chargers\\\/\"],\"contactPoint\":[{\"@type\":\"ContactPoint\",\"contactType\":\"customer support\",\"telephone\":\"+493046690579\",\"email\":\"info@v2charge.com\",\"availableLanguage\":[\"Spanish\",\"English\",\"Portuguese\",\"French\"]},{\"@type\":\"ContactPoint\",\"contactType\":\"sales\",\"telephone\":\"+493046690579\",\"email\":\"info@v2charge.com\",\"availableLanguage\":[\"Spanish\",\"English\"]}]},{\"@type\":\"Person\",\"@id\":\"https:\\\/\\\/v2charge.com\\\/de\\\/#\\\/schema\\\/person\\\/47b01868f6351f17635b441e66044aaa\",\"name\":\"V2C\",\"image\":{\"@type\":\"ImageObject\",\"inLanguage\":\"de\",\"@id\":\"https:\\\/\\\/secure.gravatar.com\\\/avatar\\\/a91128c4c0d2f4d63bd586301fdec6cc9aa49c885839b25d1c62700f529f267c?s=96&d=mm&r=g\",\"url\":\"https:\\\/\\\/secure.gravatar.com\\\/avatar\\\/a91128c4c0d2f4d63bd586301fdec6cc9aa49c885839b25d1c62700f529f267c?s=96&d=mm&r=g\",\"contentUrl\":\"https:\\\/\\\/secure.gravatar.com\\\/avatar\\\/a91128c4c0d2f4d63bd586301fdec6cc9aa49c885839b25d1c62700f529f267c?s=96&d=mm&r=g\",\"caption\":\"V2C\"}},{\"@type\":\"Question\",\"@id\":\"https:\\\/\\\/v2charge.com\\\/de\\\/wallbox-montieren-trydan\\\/#montagezeit\",\"position\":1,\"url\":\"https:\\\/\\\/v2charge.com\\\/de\\\/wallbox-montieren-trydan\\\/#montagezeit\",\"name\":\"u003cstrongu003eWie lange dauert die Montage von Trydan?u003c\\\/strongu003e\",\"answerCount\":1,\"acceptedAnswer\":{\"@type\":\"Answer\",\"text\":\"Die physische Montage dauert f\u00fcr einen Elektrofachbetrieb in der Regel unter 30 Minuten, ohne propriet\u00e4res Werkzeug.\",\"inLanguage\":\"de\"},\"inLanguage\":\"de\"},{\"@type\":\"Question\",\"@id\":\"https:\\\/\\\/v2charge.com\\\/de\\\/wallbox-montieren-trydan\\\/#neutralleiter\",\"position\":2,\"url\":\"https:\\\/\\\/v2charge.com\\\/de\\\/wallbox-montieren-trydan\\\/#neutralleiter\",\"name\":\"u003cstrongu003eBraucht Trydan einen Neutralleiter?u003c\\\/strongu003e\",\"answerCount\":1,\"acceptedAnswer\":{\"@type\":\"Answer\",\"text\":\"Nein. Trydan l\u00e4sst sich auch in zwei- und dreiphasigen Netzen ohne Neutralleiter regelkonform anschlie\u00dfen, mit einem eigenen Verkabelungsschema.\",\"inLanguage\":\"de\"},\"inLanguage\":\"de\"},{\"@type\":\"Question\",\"@id\":\"https:\\\/\\\/v2charge.com\\\/de\\\/wallbox-montieren-trydan\\\/#mid-pflicht\",\"position\":3,\"url\":\"https:\\\/\\\/v2charge.com\\\/de\\\/wallbox-montieren-trydan\\\/#mid-pflicht\",\"name\":\"u003cstrongu003eIst ein MID-Z\u00e4hler bei der Trydan-Installation Pflicht?u003c\\\/strongu003e\",\"answerCount\":1,\"acceptedAnswer\":{\"@type\":\"Answer\",\"text\":\"Nein, ein MID-konformer Z\u00e4hler ist optional und wird vor allem f\u00fcr Abrechnungsf\u00e4lle wie Dienstwagenladung oder Mehrparteienh\u00e4user ben\u00f6tigt.\",\"inLanguage\":\"de\"},\"inLanguage\":\"de\"},{\"@type\":\"Question\",\"@id\":\"https:\\\/\\\/v2charge.com\\\/de\\\/wallbox-montieren-trydan\\\/#ohne-wlan\",\"position\":4,\"url\":\"https:\\\/\\\/v2charge.com\\\/de\\\/wallbox-montieren-trydan\\\/#ohne-wlan\",\"name\":\"u003cstrongu003eKann Trydan ohne WLAN montiert werden?u003c\\\/strongu003e\",\"answerCount\":1,\"acceptedAnswer\":{\"@type\":\"Answer\",\"text\":\"Die physische Montage ist unabh\u00e4ngig von WLAN m\u00f6glich. F\u00fcr die sp\u00e4tere Konfiguration \u00fcber die App wird jedoch eine WLAN- oder LAN-Verbindung am Montageort ben\u00f6tigt.\",\"inLanguage\":\"de\"},\"inLanguage\":\"de\"},{\"@type\":\"Question\",\"@id\":\"https:\\\/\\\/v2charge.com\\\/de\\\/wallbox-montieren-trydan\\\/#phasen\",\"position\":5,\"url\":\"https:\\\/\\\/v2charge.com\\\/de\\\/wallbox-montieren-trydan\\\/#phasen\",\"name\":\"u003cstrongu003eIst Trydan einphasig oder dreiphasig erh\u00e4ltlich?u003c\\\/strongu003e\",\"answerCount\":1,\"acceptedAnswer\":{\"@type\":\"Answer\",\"text\":\"Beides. Trydan ist sowohl in einphasiger als auch in dreiphasiger Ausf\u00fchrung erh\u00e4ltlich, die Wahl richtet sich nach der vorhandenen Hausinstallation und der gew\u00fcnschten Ladeleistung.\",\"inLanguage\":\"de\"},\"inLanguage\":\"de\"},{\"@type\":\"Question\",\"@id\":\"https:\\\/\\\/v2charge.com\\\/de\\\/wallbox-montieren-trydan\\\/#dokumentation\",\"position\":6,\"url\":\"https:\\\/\\\/v2charge.com\\\/de\\\/wallbox-montieren-trydan\\\/#dokumentation\",\"name\":\"u003cstrongu003eWo finden Elektriker das vollst\u00e4ndige Installationsschema?u003c\\\/strongu003e\",\"answerCount\":1,\"acceptedAnswer\":{\"@type\":\"Answer\",\"text\":\"Das vollst\u00e4ndige Schema mit allen Klemmenbezeichnungen liefert das Trydan Installationshandbuch, erg\u00e4nzt durch das Einliniendiagramm und das Datenblatt zu den elektrischen Schutzvorrichtungen.\",\"inLanguage\":\"de\"},\"inLanguage\":\"de\"},{\"@type\":\"Question\",\"@id\":\"https:\\\/\\\/v2charge.com\\\/de\\\/wallbox-montieren-trydan\\\/#vorort-termin\",\"position\":7,\"url\":\"https:\\\/\\\/v2charge.com\\\/de\\\/wallbox-montieren-trydan\\\/#vorort-termin\",\"name\":\"u003cstrongu003eIst nach der Montage ein zweiter Vor-Ort-Termin notwendig?u003c\\\/strongu003e\",\"answerCount\":1,\"acceptedAnswer\":{\"@type\":\"Answer\",\"text\":\"In der Regel nicht. WLAN-Zugangsdaten, Ladeleistung, Lastmanagement und PV-Integration lassen sich remote \u00fcber die App einstellen.\",\"inLanguage\":\"de\"},\"inLanguage\":\"de\"},{\"@type\":\"Question\",\"@id\":\"https:\\\/\\\/v2charge.com\\\/de\\\/wallbox-montieren-trydan\\\/#netzbetreiber\",\"position\":8,\"url\":\"https:\\\/\\\/v2charge.com\\\/de\\\/wallbox-montieren-trydan\\\/#netzbetreiber\",\"name\":\"u003cstrongu003eAb wann braucht die Trydan-Installation eine Genehmigung des Netzbetreibers?u003c\\\/strongu003e\",\"answerCount\":1,\"acceptedAnswer\":{\"@type\":\"Answer\",\"text\":\"Ab 11 kW Anschlussleistung ist vor der Inbetriebnahme die Genehmigung des Netzbetreibers einzuholen, unterhalb davon gen\u00fcgt die einfache Meldung.\",\"inLanguage\":\"de\"},\"inLanguage\":\"de\"},{\"@type\":\"Question\",\"@id\":\"https:\\\/\\\/v2charge.com\\\/de\\\/wallbox-montieren-trydan\\\/#14a\",\"position\":9,\"url\":\"https:\\\/\\\/v2charge.com\\\/de\\\/wallbox-montieren-trydan\\\/#14a\",\"name\":\"u003cstrongu003eIst Trydan bereits \u00a714a-EnWG-konform?u003c\\\/strongu003e\",\"answerCount\":1,\"acceptedAnswer\":{\"@type\":\"Answer\",\"text\":\"Ja. Trydan ist ab Werk \u00a714a-konform und unterst\u00fctzt sowohl den Pauschalrabatt als auch das Modell mit separatem Z\u00e4hler, ohne zus\u00e4tzliche Umstellung am Ger\u00e4t.\",\"inLanguage\":\"de\"},\"inLanguage\":\"de\"},{\"@type\":\"Question\",\"@id\":\"https:\\\/\\\/v2charge.com\\\/de\\\/wallbox-montieren-trydan\\\/#steuerbare-wallbox\",\"position\":10,\"url\":\"https:\\\/\\\/v2charge.com\\\/de\\\/wallbox-montieren-trydan\\\/#steuerbare-wallbox\",\"name\":\"u003cstrongu003eWas ist eine steuerbare Wallbox?u003c\\\/strongu003e\",\"answerCount\":1,\"acceptedAnswer\":{\"@type\":\"Answer\",\"text\":\"Eine steuerbare Wallbox ist eine Ladestation, die der Netzbetreiber bei Bedarf kurzzeitig in der Ladeleistung reduzieren kann. Trydan erf\u00fcllt diese Anforderung ab Werk und ist als steuerbare Verbrauchseinrichtung nach \u00a714a EnWG registrierbar.\",\"inLanguage\":\"de\"},\"inLanguage\":\"de\"}]}<\/script>\n<!-- \/ Yoast SEO plugin. -->","yoast_head_json":{"title":"Wallbox selbst installieren: in 30 Minuten montiert","description":"Wallbox selbst installieren: Trydan montiert ein Elektrofachbetrieb in unter 30 Minuten. Ablauf, Verkabelung und was danach folgt.","robots":{"index":"index","follow":"follow","max-snippet":"max-snippet:-1","max-image-preview":"max-image-preview:large","max-video-preview":"max-video-preview:-1"},"canonical":"https:\/\/v2charge.com\/de\/wallbox-montieren-trydan\/","og_locale":"de_DE","og_type":"article","og_title":"Wallbox selbst installieren: in 30 Minuten montiert","og_description":"Wallbox selbst installieren: Trydan montiert ein Elektrofachbetrieb in unter 30 Minuten. Ablauf, Verkabelung und was danach folgt.","og_url":"https:\/\/v2charge.com\/de\/wallbox-montieren-trydan\/","og_site_name":"V2C","article_publisher":"https:\/\/www.facebook.com\/V2C.Charge","article_published_time":"2026-07-24T10:51:20+00:00","article_modified_time":"2026-08-26T11:48:29+00:00","og_image":[{"width":960,"height":560,"url":"https:\/\/v2charge.com\/wp-content\/uploads\/2026\/07\/wallbox-montieren-trydan-v2c.jpg","type":"image\/jpeg"}],"author":"V2C","twitter_card":"summary_large_image","twitter_creator":"@V2C_Charge","twitter_site":"@V2C_Charge","twitter_misc":{"Verfasst von":"V2C","Gesch\u00e4tzte Lesezeit":"8\u00a0Minuten"},"schema":{"@context":"https:\/\/schema.org","@graph":[{"@type":"Article","@id":"https:\/\/v2charge.com\/de\/wallbox-montieren-trydan\/#article","isPartOf":{"@id":"https:\/\/v2charge.com\/de\/wallbox-montieren-trydan\/"},"author":{"name":"V2C","@id":"https:\/\/v2charge.com\/de\/#\/schema\/person\/47b01868f6351f17635b441e66044aaa"},"headline":"Wallbox selbst installieren: Montage in 30 Minuten erkl\u00e4rt","datePublished":"2026-07-24T10:51:20+00:00","dateModified":"2026-08-26T11:48:29+00:00","mainEntityOfPage":{"@id":"https:\/\/v2charge.com\/de\/wallbox-montieren-trydan\/"},"wordCount":1825,"commentCount":0,"publisher":{"@id":"https:\/\/v2charge.com\/de\/#organization"},"image":{"@id":"https:\/\/v2charge.com\/de\/wallbox-montieren-trydan\/#primaryimage"},"thumbnailUrl":"https:\/\/v2charge.com\/wp-content\/uploads\/2026\/07\/wallbox-montieren-trydan-v2c.jpg","articleSection":["e-Mobility"],"inLanguage":"de","potentialAction":[{"@type":"CommentAction","name":"Comment","target":["https:\/\/v2charge.com\/de\/wallbox-montieren-trydan\/#respond"]}]},{"@type":["WebPage","FAQPage"],"@id":"https:\/\/v2charge.com\/de\/wallbox-montieren-trydan\/","url":"https:\/\/v2charge.com\/de\/wallbox-montieren-trydan\/","name":"Wallbox selbst installieren: in 30 Minuten montiert","isPartOf":{"@id":"https:\/\/v2charge.com\/de\/#website"},"primaryImageOfPage":{"@id":"https:\/\/v2charge.com\/de\/wallbox-montieren-trydan\/#primaryimage"},"image":{"@id":"https:\/\/v2charge.com\/de\/wallbox-montieren-trydan\/#primaryimage"},"thumbnailUrl":"https:\/\/v2charge.com\/wp-content\/uploads\/2026\/07\/wallbox-montieren-trydan-v2c.jpg","datePublished":"2026-07-24T10:51:20+00:00","dateModified":"2026-08-26T11:48:29+00:00","description":"Wallbox selbst installieren: Trydan montiert ein Elektrofachbetrieb in unter 30 Minuten. Ablauf, Verkabelung und was danach folgt.","breadcrumb":{"@id":"https:\/\/v2charge.com\/de\/wallbox-montieren-trydan\/#breadcrumb"},"mainEntity":[{"@id":"https:\/\/v2charge.com\/de\/wallbox-montieren-trydan\/#montagezeit"},{"@id":"https:\/\/v2charge.com\/de\/wallbox-montieren-trydan\/#neutralleiter"},{"@id":"https:\/\/v2charge.com\/de\/wallbox-montieren-trydan\/#mid-pflicht"},{"@id":"https:\/\/v2charge.com\/de\/wallbox-montieren-trydan\/#ohne-wlan"},{"@id":"https:\/\/v2charge.com\/de\/wallbox-montieren-trydan\/#phasen"},{"@id":"https:\/\/v2charge.com\/de\/wallbox-montieren-trydan\/#dokumentation"},{"@id":"https:\/\/v2charge.com\/de\/wallbox-montieren-trydan\/#vorort-termin"},{"@id":"https:\/\/v2charge.com\/de\/wallbox-montieren-trydan\/#netzbetreiber"},{"@id":"https:\/\/v2charge.com\/de\/wallbox-montieren-trydan\/#14a"},{"@id":"https:\/\/v2charge.com\/de\/wallbox-montieren-trydan\/#steuerbare-wallbox"}],"inLanguage":"de","potentialAction":[{"@type":"ReadAction","target":["https:\/\/v2charge.com\/de\/wallbox-montieren-trydan\/"]}]},{"@type":"ImageObject","inLanguage":"de","@id":"https:\/\/v2charge.com\/de\/wallbox-montieren-trydan\/#primaryimage","url":"https:\/\/v2charge.com\/wp-content\/uploads\/2026\/07\/wallbox-montieren-trydan-v2c.jpg","contentUrl":"https:\/\/v2charge.com\/wp-content\/uploads\/2026\/07\/wallbox-montieren-trydan-v2c.jpg","width":960,"height":560,"caption":"Wallbox montieren: Wie lange dauert?"},{"@type":"BreadcrumbList","@id":"https:\/\/v2charge.com\/de\/wallbox-montieren-trydan\/#breadcrumb","itemListElement":[{"@type":"ListItem","position":1,"name":"V2C","item":"https:\/\/v2charge.com\/de\/"},{"@type":"ListItem","position":2,"name":"e-Mobility","item":"https:\/\/v2charge.com\/de\/e-mobility\/"},{"@type":"ListItem","position":3,"name":"Wallbox selbst installieren: Montage in 30 Minuten erkl\u00e4rt"}]},{"@type":"WebSite","@id":"https:\/\/v2charge.com\/de\/#website","url":"https:\/\/v2charge.com\/de\/","name":"V2C","description":"#CargandoElMa\u00f1ana","publisher":{"@id":"https:\/\/v2charge.com\/de\/#organization"},"potentialAction":[{"@type":"SearchAction","target":{"@type":"EntryPoint","urlTemplate":"https:\/\/v2charge.com\/de\/?s={search_term_string}"},"query-input":{"@type":"PropertyValueSpecification","valueRequired":true,"valueName":"search_term_string"}}],"inLanguage":"de"},{"@type":"Organization","@id":"https:\/\/v2charge.com\/de\/#organization","name":"V2C","url":"https:\/\/v2charge.com\/de\/","logo":{"@type":"ImageObject","inLanguage":"de","@id":"https:\/\/v2charge.com\/de\/#\/schema\/logo\/image\/","url":"https:\/\/v2charge.com\/wp-content\/uploads\/2024\/11\/cropped-v2c-charge-logo-menu.png","contentUrl":"https:\/\/v2charge.com\/wp-content\/uploads\/2024\/11\/cropped-v2c-charge-logo-menu.png","width":984,"height":431,"caption":"V2C"},"image":{"@id":"https:\/\/v2charge.com\/de\/#\/schema\/logo\/image\/"},"sameAs":["https:\/\/www.facebook.com\/V2C.Charge","https:\/\/x.com\/V2C_Charge","https:\/\/www.instagram.com\/v2c.charge\/","https:\/\/www.youtube.com\/@V2C","https:\/\/www.linkedin.com\/company\/v2c-chargers\/"],"contactPoint":[{"@type":"ContactPoint","contactType":"customer support","telephone":"+493046690579","email":"info@v2charge.com","availableLanguage":["Spanish","English","Portuguese","French"]},{"@type":"ContactPoint","contactType":"sales","telephone":"+493046690579","email":"info@v2charge.com","availableLanguage":["Spanish","English"]}]},{"@type":"Person","@id":"https:\/\/v2charge.com\/de\/#\/schema\/person\/47b01868f6351f17635b441e66044aaa","name":"V2C","image":{"@type":"ImageObject","inLanguage":"de","@id":"https:\/\/secure.gravatar.com\/avatar\/a91128c4c0d2f4d63bd586301fdec6cc9aa49c885839b25d1c62700f529f267c?s=96&d=mm&r=g","url":"https:\/\/secure.gravatar.com\/avatar\/a91128c4c0d2f4d63bd586301fdec6cc9aa49c885839b25d1c62700f529f267c?s=96&d=mm&r=g","contentUrl":"https:\/\/secure.gravatar.com\/avatar\/a91128c4c0d2f4d63bd586301fdec6cc9aa49c885839b25d1c62700f529f267c?s=96&d=mm&r=g","caption":"V2C"}},{"@type":"Question","@id":"https:\/\/v2charge.com\/de\/wallbox-montieren-trydan\/#montagezeit","position":1,"url":"https:\/\/v2charge.com\/de\/wallbox-montieren-trydan\/#montagezeit","name":"u003cstrongu003eWie lange dauert die Montage von Trydan?u003c\/strongu003e","answerCount":1,"acceptedAnswer":{"@type":"Answer","text":"Die physische Montage dauert f\u00fcr einen Elektrofachbetrieb in der Regel unter 30 Minuten, ohne propriet\u00e4res Werkzeug.","inLanguage":"de"},"inLanguage":"de"},{"@type":"Question","@id":"https:\/\/v2charge.com\/de\/wallbox-montieren-trydan\/#neutralleiter","position":2,"url":"https:\/\/v2charge.com\/de\/wallbox-montieren-trydan\/#neutralleiter","name":"u003cstrongu003eBraucht Trydan einen Neutralleiter?u003c\/strongu003e","answerCount":1,"acceptedAnswer":{"@type":"Answer","text":"Nein. Trydan l\u00e4sst sich auch in zwei- und dreiphasigen Netzen ohne Neutralleiter regelkonform anschlie\u00dfen, mit einem eigenen Verkabelungsschema.","inLanguage":"de"},"inLanguage":"de"},{"@type":"Question","@id":"https:\/\/v2charge.com\/de\/wallbox-montieren-trydan\/#mid-pflicht","position":3,"url":"https:\/\/v2charge.com\/de\/wallbox-montieren-trydan\/#mid-pflicht","name":"u003cstrongu003eIst ein MID-Z\u00e4hler bei der Trydan-Installation Pflicht?u003c\/strongu003e","answerCount":1,"acceptedAnswer":{"@type":"Answer","text":"Nein, ein MID-konformer Z\u00e4hler ist optional und wird vor allem f\u00fcr Abrechnungsf\u00e4lle wie Dienstwagenladung oder Mehrparteienh\u00e4user ben\u00f6tigt.","inLanguage":"de"},"inLanguage":"de"},{"@type":"Question","@id":"https:\/\/v2charge.com\/de\/wallbox-montieren-trydan\/#ohne-wlan","position":4,"url":"https:\/\/v2charge.com\/de\/wallbox-montieren-trydan\/#ohne-wlan","name":"u003cstrongu003eKann Trydan ohne WLAN montiert werden?u003c\/strongu003e","answerCount":1,"acceptedAnswer":{"@type":"Answer","text":"Die physische Montage ist unabh\u00e4ngig von WLAN m\u00f6glich. F\u00fcr die sp\u00e4tere Konfiguration \u00fcber die App wird jedoch eine WLAN- oder LAN-Verbindung am Montageort ben\u00f6tigt.","inLanguage":"de"},"inLanguage":"de"},{"@type":"Question","@id":"https:\/\/v2charge.com\/de\/wallbox-montieren-trydan\/#phasen","position":5,"url":"https:\/\/v2charge.com\/de\/wallbox-montieren-trydan\/#phasen","name":"u003cstrongu003eIst Trydan einphasig oder dreiphasig erh\u00e4ltlich?u003c\/strongu003e","answerCount":1,"acceptedAnswer":{"@type":"Answer","text":"Beides. Trydan ist sowohl in einphasiger als auch in dreiphasiger Ausf\u00fchrung erh\u00e4ltlich, die Wahl richtet sich nach der vorhandenen Hausinstallation und der gew\u00fcnschten Ladeleistung.","inLanguage":"de"},"inLanguage":"de"},{"@type":"Question","@id":"https:\/\/v2charge.com\/de\/wallbox-montieren-trydan\/#dokumentation","position":6,"url":"https:\/\/v2charge.com\/de\/wallbox-montieren-trydan\/#dokumentation","name":"u003cstrongu003eWo finden Elektriker das vollst\u00e4ndige Installationsschema?u003c\/strongu003e","answerCount":1,"acceptedAnswer":{"@type":"Answer","text":"Das vollst\u00e4ndige Schema mit allen Klemmenbezeichnungen liefert das Trydan Installationshandbuch, erg\u00e4nzt durch das Einliniendiagramm und das Datenblatt zu den elektrischen Schutzvorrichtungen.","inLanguage":"de"},"inLanguage":"de"},{"@type":"Question","@id":"https:\/\/v2charge.com\/de\/wallbox-montieren-trydan\/#vorort-termin","position":7,"url":"https:\/\/v2charge.com\/de\/wallbox-montieren-trydan\/#vorort-termin","name":"u003cstrongu003eIst nach der Montage ein zweiter Vor-Ort-Termin notwendig?u003c\/strongu003e","answerCount":1,"acceptedAnswer":{"@type":"Answer","text":"In der Regel nicht. WLAN-Zugangsdaten, Ladeleistung, Lastmanagement und PV-Integration lassen sich remote \u00fcber die App einstellen.","inLanguage":"de"},"inLanguage":"de"},{"@type":"Question","@id":"https:\/\/v2charge.com\/de\/wallbox-montieren-trydan\/#netzbetreiber","position":8,"url":"https:\/\/v2charge.com\/de\/wallbox-montieren-trydan\/#netzbetreiber","name":"u003cstrongu003eAb wann braucht die Trydan-Installation eine Genehmigung des Netzbetreibers?u003c\/strongu003e","answerCount":1,"acceptedAnswer":{"@type":"Answer","text":"Ab 11 kW Anschlussleistung ist vor der Inbetriebnahme die Genehmigung des Netzbetreibers einzuholen, unterhalb davon gen\u00fcgt die einfache Meldung.","inLanguage":"de"},"inLanguage":"de"},{"@type":"Question","@id":"https:\/\/v2charge.com\/de\/wallbox-montieren-trydan\/#14a","position":9,"url":"https:\/\/v2charge.com\/de\/wallbox-montieren-trydan\/#14a","name":"u003cstrongu003eIst Trydan bereits \u00a714a-EnWG-konform?u003c\/strongu003e","answerCount":1,"acceptedAnswer":{"@type":"Answer","text":"Ja. Trydan ist ab Werk \u00a714a-konform und unterst\u00fctzt sowohl den Pauschalrabatt als auch das Modell mit separatem Z\u00e4hler, ohne zus\u00e4tzliche Umstellung am Ger\u00e4t.","inLanguage":"de"},"inLanguage":"de"},{"@type":"Question","@id":"https:\/\/v2charge.com\/de\/wallbox-montieren-trydan\/#steuerbare-wallbox","position":10,"url":"https:\/\/v2charge.com\/de\/wallbox-montieren-trydan\/#steuerbare-wallbox","name":"u003cstrongu003eWas ist eine steuerbare Wallbox?u003c\/strongu003e","answerCount":1,"acceptedAnswer":{"@type":"Answer","text":"Eine steuerbare Wallbox ist eine Ladestation, die der Netzbetreiber bei Bedarf kurzzeitig in der Ladeleistung reduzieren kann. Trydan erf\u00fcllt diese Anforderung ab Werk und ist als steuerbare Verbrauchseinrichtung nach \u00a714a EnWG registrierbar.","inLanguage":"de"},"inLanguage":"de"}]}},"uagb_featured_image_src":{"full":["https:\/\/v2charge.com\/wp-content\/uploads\/2026\/07\/wallbox-montieren-trydan-v2c.jpg",960,560,false],"thumbnail":["https:\/\/v2charge.com\/wp-content\/uploads\/2026\/07\/wallbox-montieren-trydan-v2c-150x150.jpg",150,150,true],"medium":["https:\/\/v2charge.com\/wp-content\/uploads\/2026\/07\/wallbox-montieren-trydan-v2c-300x175.jpg",300,175,true],"medium_large":["https:\/\/v2charge.com\/wp-content\/uploads\/2026\/07\/wallbox-montieren-trydan-v2c-768x448.jpg",768,448,true],"large":["https:\/\/v2charge.com\/wp-content\/uploads\/2026\/07\/wallbox-montieren-trydan-v2c.jpg",960,560,false],"gs-tiny":["https:\/\/v2charge.com\/wp-content\/uploads\/2026\/07\/wallbox-montieren-trydan-v2c-50x29.jpg",50,29,true],"xl":["https:\/\/v2charge.com\/wp-content\/uploads\/2026\/07\/wallbox-montieren-trydan-v2c.jpg",960,560,false],"xxl":["https:\/\/v2charge.com\/wp-content\/uploads\/2026\/07\/wallbox-montieren-trydan-v2c.jpg",960,560,false],"xxxl":["https:\/\/v2charge.com\/wp-content\/uploads\/2026\/07\/wallbox-montieren-trydan-v2c.jpg",960,560,false],"xxxxl":["https:\/\/v2charge.com\/wp-content\/uploads\/2026\/07\/wallbox-montieren-trydan-v2c.jpg",960,560,false],"xxxxxl":["https:\/\/v2charge.com\/wp-content\/uploads\/2026\/07\/wallbox-montieren-trydan-v2c.jpg",960,560,false],"1536x1536":["https:\/\/v2charge.com\/wp-content\/uploads\/2026\/07\/wallbox-montieren-trydan-v2c.jpg",960,560,false],"2048x2048":["https:\/\/v2charge.com\/wp-content\/uploads\/2026\/07\/wallbox-montieren-trydan-v2c.jpg",960,560,false]},"uagb_author_info":{"display_name":"V2C","author_link":"https:\/\/v2charge.com\/de\/author\/marketing\/"},"uagb_comment_info":0,"uagb_excerpt":"Wer eine Wallbox selbst installieren m\u00f6chte, st\u00f6\u00dft schnell auf eine gesetzliche Grenze: der Netzanschluss darf ausschlie\u00dflich eine eingetragene Elektrofachkraft vornehmen. Was danach folgt, geht schneller als gedacht, die physische Montage von Trydan dauert f\u00fcr einen Elektrofachbetrieb in der Regel unter 30 Minuten. Die Wandplatte wird befestigt, Trydan rastet ein, die Verkabelung folgt einem klaren Schema&hellip;","_links":{"self":[{"href":"https:\/\/v2charge.com\/de\/wp-json\/wp\/v2\/posts\/379755","targetHints":{"allow":["GET"]}}],"collection":[{"href":"https:\/\/v2charge.com\/de\/wp-json\/wp\/v2\/posts"}],"about":[{"href":"https:\/\/v2charge.com\/de\/wp-json\/wp\/v2\/types\/post"}],"author":[{"embeddable":true,"href":"https:\/\/v2charge.com\/de\/wp-json\/wp\/v2\/users\/400"}],"replies":[{"embeddable":true,"href":"https:\/\/v2charge.com\/de\/wp-json\/wp\/v2\/comments?post=379755"}],"version-history":[{"count":5,"href":"https:\/\/v2charge.com\/de\/wp-json\/wp\/v2\/posts\/379755\/revisions"}],"predecessor-version":[{"id":402899,"href":"https:\/\/v2charge.com\/de\/wp-json\/wp\/v2\/posts\/379755\/revisions\/402899"}],"wp:featuredmedia":[{"embeddable":true,"href":"https:\/\/v2charge.com\/de\/wp-json\/wp\/v2\/media\/379951"}],"wp:attachment":[{"href":"https:\/\/v2charge.com\/de\/wp-json\/wp\/v2\/media?parent=379755"}],"wp:term":[{"taxonomy":"category","embeddable":true,"href":"https:\/\/v2charge.com\/de\/wp-json\/wp\/v2\/categories?post=379755"},{"taxonomy":"post_tag","embeddable":true,"href":"https:\/\/v2charge.com\/de\/wp-json\/wp\/v2\/tags?post=379755"}],"curies":[{"name":"wp","href":"https:\/\/api.w.org\/{rel}","templated":true}]}}