{"id":403743,"date":"2026-08-28T10:34:14","date_gmt":"2026-08-28T08:34:14","guid":{"rendered":"https:\/\/v2charge.com\/?p=403743"},"modified":"2026-08-28T11:09:35","modified_gmt":"2026-08-28T09:09:35","slug":"wallbox-foerderung-bundesland-2026","status":"publish","type":"post","link":"https:\/\/v2charge.com\/de\/wallbox-foerderung-bundesland-2026\/","title":{"rendered":"Wallbox F\u00f6rderung nach Bundesland 2026: NRW, Bayern, BW und mehr"},"content":{"rendered":"\n<p class=\"wp-block-paragraph\">Wer 2026 eine Wallbox kauft und nach staatlicher F\u00f6rderung sucht, st\u00f6\u00dft schnell auf ein Problem: Die Landesprogramme, die es noch vor kurzem gab, sind inzwischen <strong>fast alle ausgelaufen oder pausiert<\/strong>. Was auf Bundesebene \u00fcbrig bleibt, wurde bereits im Artikel <a href=\"https:\/\/v2charge.com\/de\/wallbox-foerderung\/\">Wallbox F\u00f6rderung 2026<\/a> im Detail erkl\u00e4rt. Dieser Beitrag geht einen Schritt weiter und beantwortet die Frage, die sich je nach Bundesland unterschiedlich stellt: Gibt es in meinem Bundesland noch etwas, das die Anschaffung wirklich g\u00fcnstiger macht?<\/p>\n\n\n\n<p class=\"wp-block-paragraph\">Die kurze Antwort: <strong>Kein gro\u00dfes Bundesland hat 2026 noch ein eigenst\u00e4ndiges, aktiv laufendes F\u00f6rderprogramm f\u00fcr private Wallboxen.<\/strong> Auch NRW pausierte sein Programm progres.nrw f\u00fcr Ladeinfrastruktur, seit der Bund am 15. April 2026 sein eigenes F\u00f6rderprogramm f\u00fcr Mehrfamilienh\u00e4user gestartet hat. Bayern und Baden-W\u00fcrttemberg haben ihre Landesprogramme ebenfalls eingestellt, Hessen und Niedersachsen hatten nie eines. Was bleibt, sind bundesweite Mechanismen und kommunale Zusch\u00fcsse.<\/p>\n\n\n\n<blockquote class=\"wp-block-quote is-layout-flow wp-block-quote-is-layout-flow\">\n<p class=\"wp-block-paragraph\"><strong>Das Wichtigste in K\u00fcrze<\/strong><\/p>\n\n\n\n<ul class=\"wp-block-list\">\n<li>Kein gro\u00dfes Bundesland hat 2026 noch ein eigenst\u00e4ndiges, aktiv laufendes F\u00f6rderprogramm f\u00fcr private Wallboxen.<\/li>\n\n\n\n<li><strong>NRW<\/strong> pausierte progres.nrw f\u00fcr Ladeinfrastruktur seit dem 15. April 2026, als das Bundesprogramm f\u00fcr Mehrfamilienh\u00e4user startete und dieselben F\u00f6rdergegenst\u00e4nde \u00fcbernahm.<\/li>\n\n\n\n<li><strong>Bayern<\/strong> (Klimaneutrale Antriebe, ausgelaufen 2.7.2025) und <strong>Baden-W\u00fcrttemberg<\/strong> (Charge@BW, ausgelaufen 6.5.2026) hatten Programme, die inzwischen beendet sind.<\/li>\n\n\n\n<li><strong>Hessen<\/strong> und <strong>Niedersachsen<\/strong> hatten nie ein eigenes fl\u00e4chendeckendes Landesprogramm.<\/li>\n\n\n\n<li>In allen Bundesl\u00e4ndern lohnt sich zus\u00e4tzlich der Blick auf kommunale Zusch\u00fcsse und Angebote lokaler Stadtwerke.<\/li>\n<\/ul>\n<\/blockquote>\n\n\n\n<p class=\"wp-block-paragraph\"><\/p>\n\n\n\n<div class=\"wp-block-buttons is-content-justification-center is-layout-flex wp-container-core-buttons-is-layout-fe48e5de wp-block-buttons-is-layout-flex\" style=\"padding-top:0\">\n<div class=\"wp-block-button\"><a class=\"wp-block-button__link wp-element-button\" href=\"https:\/\/v2charge.com\/store\/de\/produkt\/trydan\/\" style=\"background-color:#000000;color:#ffffff;border-radius:30px;padding:14px 32px;font-weight:600;text-decoration:none;display:inline-block\" target=\"_blank\" rel=\"noreferrer noopener\">Trydan jetzt entdecken<\/a><\/div>\n<\/div>\n\n\n\n<p class=\"wp-block-paragraph\"><\/p>\n\n\n\n<h2 class=\"wp-block-heading\">Nordrhein-Westfalen: progres.nrw pausiert seit April 2026<\/h2>\n\n\n\n<p class=\"wp-block-paragraph\"><strong>progres.nrw<\/strong> war bis vor kurzem das letzte verbliebene Landesprogramm f\u00fcr private Ladeinfrastruktur in Deutschland, mit bis zu <strong>1.500 Euro<\/strong> pro Ladepunkt f\u00fcr Wohnungseigent\u00fcmergemeinschaften (WEG), Vermieter und in bestimmten F\u00e4llen Mieter. Seit dem <strong>15. April 2026<\/strong> k\u00f6nnen f\u00fcr diesen F\u00f6rdergegenstand jedoch keine neuen Antr\u00e4ge mehr gestellt werden: Mit dem Start des neuen Bundesprogramms f\u00fcr Ladeinfrastruktur an Mehrfamilienh\u00e4usern pausiert das Land NRW seine eigene F\u00f6rderung f\u00fcr dieselben F\u00e4lle, wie die zust\u00e4ndige <strong>Bezirksregierung Arnsberg<\/strong> offiziell mitgeteilt hat.<\/p>\n\n\n\n<p class=\"wp-block-paragraph\">F\u00fcr WEG, Vermieter und Mieter in NRW bedeutet das konkret: <strong>Statt progres.nrw zu beantragen, greift jetzt direkt das<\/strong> <a href=\"https:\/\/v2charge.com\/de\/wallbox-foerderung-mehrfamilienhaus-2026\/\">Bundesprogramm f\u00fcr Ladeinfrastruktur in Mehrfamilienh\u00e4usern<\/a>, das bundesweit einheitlich gilt und damit auch au\u00dferhalb von NRW zur Verf\u00fcgung steht. Der Wechsel ist inhaltlich also weniger ein Verlust als eine Verlagerung: Dieselben F\u00e4lle werden weiterhin gef\u00f6rdert, nur \u00fcber eine andere Stelle und mit bundesweit einheitlichen Bedingungen statt eines separaten Landesverfahrens.<\/p>\n\n\n\n<p class=\"wp-block-paragraph\">F\u00fcr Elektrofachbetriebe, die in NRW installieren, bedeutet das trotzdem <strong>eine Umstellung im Beratungsgespr\u00e4ch<\/strong>: Viele WEG-Verwaltungen kennen noch progres.nrw, aber nicht, dass der Antrag inzwischen \u00fcber das Bundesprogramm l\u00e4uft. In Kombination mit <a href=\"https:\/\/v2charge.com\/de\/trydan\/\">Trydan<\/a> und dem bereits vorhandenen dynamischen Lastmanagement l\u00e4sst sich ein F\u00f6rderantrag zudem leichter begr\u00fcnden, da die Ladeleistung nachweislich netzschonend geregelt wird. Grunds\u00e4tzlich gilt bei dieser Art von F\u00f6rderung dieselbe Regel wie zuvor bei progres.nrw: Der Antrag muss vor Beginn der Ma\u00dfnahme gestellt werden, ein bereits beauftragter oder begonnener Einbau schlie\u00dft die F\u00f6rderung in der Regel nachtr\u00e4glich aus.<\/p>\n\n\n\n<h2 class=\"wp-block-heading\">Bayern: Landesprogramm ausgelaufen, diese Alternativen bleiben<\/h2>\n\n\n\n<p class=\"wp-block-paragraph\">Das bayerische F\u00f6rderprogramm <strong>&#8222;Klimaneutrale Antriebe&#8220;<\/strong> ist seit dem <strong>2. Juli 2025<\/strong> ausgelaufen. Ein direktes Nachfolgeprogramm f\u00fcr private Wallboxen gibt es aktuell nicht.<\/p>\n\n\n\n<p class=\"wp-block-paragraph\">Wer trotzdem sparen m\u00f6chte, findet in Bayern vereinzelt kommunale Zusch\u00fcsse: <strong>Dachau<\/strong> zahlt bis zu 125 Euro, <strong>F\u00fcrth<\/strong> bis zu 200 Euro, und die Gemeinde <strong>Gr\u00fcnwald<\/strong> f\u00f6rdert ebenfalls lokal. Auch Energieversorger springen teils ein, etwa <strong>N-ERGIE N\u00fcrnberg<\/strong> mit bis zu 250 Euro (150 Euro pauschal, plus 100 Euro bei Installation durch einen N-ERGIE-Partnerbetrieb). Diese Angebote \u00e4ndern sich h\u00e4ufiger als Landesprogramme, ein kurzer Anruf bei der Gemeinde oder dem \u00f6rtlichen Stadtwerk vor dem Kauf lohnt sich.<\/p>\n\n\n\n<p class=\"wp-block-paragraph\">Diese kommunalen Zusch\u00fcsse sind <strong>in der Regel deutlich kleiner<\/strong> als das, was fr\u00fchere Landesprogramme boten, und meist nicht bayernweit einheitlich, sondern von Gemeinde zu Gemeinde verschieden. Wer in einer gr\u00f6\u00dferen Stadt wohnt, hat tendenziell bessere Chancen auf ein aktives Programm als in einer kleineren Gemeinde, einfach weil gr\u00f6\u00dfere Kommunen eher ein eigenes Klimaschutzbudget f\u00fcr solche Zusch\u00fcsse eingeplant haben.<\/p>\n\n\n\n<h2 class=\"wp-block-heading\">Baden-W\u00fcrttemberg: Charge@BW beendet, was jetzt z\u00e4hlt<\/h2>\n\n\n\n<p class=\"wp-block-paragraph\"><strong>Charge@BW<\/strong>, das Landesprogramm f\u00fcr private Ladeinfrastruktur in Baden-W\u00fcrttemberg, endete am <strong>6. Mai 2026<\/strong>. Neue private Wallbox-Projekte k\u00f6nnen mit diesem Programm nicht mehr geplant werden.<\/p>\n\n\n\n<p class=\"wp-block-paragraph\">F\u00fcr Einfamilienh\u00e4user bleibt in Baden-W\u00fcrttemberg aktuell <strong>nur der Blick auf kommunale Programme und Stadtwerke-Aktionen<\/strong>. F\u00fcr Mehrfamilienh\u00e4user mit mindestens drei Wohneinheiten und sechs zu elektrifizierenden Stellpl\u00e4tzen greift stattdessen das <a href=\"https:\/\/v2charge.com\/de\/wallbox-foerderung-mehrfamilienhaus-2026\/\">Bundesprogramm f\u00fcr Ladeinfrastruktur in Mehrfamilienh\u00e4usern<\/a>, unabh\u00e4ngig vom Bundesland.<\/p>\n\n\n\n<p class=\"wp-block-paragraph\">Wer w\u00e4hrend der Laufzeit von Charge@BW bereits eine Zusage erhalten, aber die Wallbox noch nicht installiert hat, sollte die Bewilligungsbedingungen genau pr\u00fcfen: Viele Landesprogramme setzen eine <strong>Frist zwischen Zusage und tats\u00e4chlichem Einbau<\/strong>, nach deren Ablauf die F\u00f6rderung verf\u00e4llt.<\/p>\n\n\n\n<h2 class=\"wp-block-heading\">Wallbox-F\u00f6rderung nach Bundesland im \u00dcberblick<\/h2>\n\n\n\n<figure class=\"wp-block-table\"><table class=\"has-fixed-layout\"><thead><tr><th>Bundesland<\/th><th>Landesprogramm<\/th><th>H\u00f6he<\/th><th>Zielgruppe<\/th><\/tr><\/thead><tbody><tr><td>Nordrhein-Westfalen<\/td><td>progres.nrw (pausiert seit 15.4.2026)<\/td><td>jetzt Bundesprogramm MFH<\/td><td>WEG, Vermieter, Mieter<\/td><\/tr><tr><td>Bayern<\/td><td>Klimaneutrale Antriebe (ausgelaufen 7\/2025)<\/td><td>kein Landesprogramm mehr<\/td><td>kommunal variabel<\/td><\/tr><tr><td>Baden-W\u00fcrttemberg<\/td><td>Charge@BW (ausgelaufen 5\/2026)<\/td><td>kein Landesprogramm mehr<\/td><td>kommunal variabel<\/td><\/tr><tr><td>Hessen<\/td><td>kein eigenes Programm<\/td><td>nur Bundesmechanismen<\/td><td>alle Halter<\/td><\/tr><tr><td>Niedersachsen<\/td><td>kein eigenes Programm<\/td><td>nur Bundesmechanismen<\/td><td>alle Halter<\/td><\/tr><\/tbody><\/table><\/figure>\n\n\n\n<p class=\"wp-block-paragraph\">Die Tabelle zeigt den Stand von 2026: <strong>Von den f\u00fcnf gr\u00f6\u00dften Bundesl\u00e4ndern hat inzwischen keines mehr ein eigenst\u00e4ndig laufendes F\u00f6rderprogramm<\/strong> f\u00fcr private Wallboxen. F\u00fcr alle f\u00fcnf bleibt entweder der Weg \u00fcber kommunale Zusch\u00fcsse oder die bundesweiten Mechanismen, die unabh\u00e4ngig vom Wohnort greifen.<\/p>\n\n\n\n<p class=\"wp-block-paragraph\">Diese \u00dcbersicht deckt <strong>die f\u00fcnf bev\u00f6lkerungsreichsten Bundesl\u00e4nder<\/strong> ab, in denen die meisten Suchanfragen zur Wallbox-F\u00f6rderung entstehen. F\u00fcr die \u00fcbrigen Bundesl\u00e4nder empfiehlt sich derselbe Ansatz wie hier beschrieben: zuerst bei der eigenen Gemeinde und dem \u00f6rtlichen Energieversorger nachfragen, statt von einem fl\u00e4chendeckenden Landesprogramm auszugehen, das es je nach Bundesland m\u00f6glicherweise nicht oder nicht mehr gibt.<\/p>\n\n\n\n<div class=\"wp-block-uagb-container uagb-block-36d7f742 default uagb-is-root-container\">\n<div class=\"wp-block-uagb-advanced-heading uagb-block-6fa2ca99\"><p class=\"uagb-heading-text\">Empfohlene Artikel<\/p><\/div>\n\n\n\n<div class=\"wp-block-uagb-advanced-heading uagb-block-c124b4c6\"><p class=\"uagb-heading-text\">Bei <strong>V2C werden <a href=\"https:\/\/v2charge.com\/de\/\">Leistungsstarke Ladestation f\u00fcr Elektroautos<\/a><\/strong> in Europa entwickelt und hergestellt, und es wird \u00fcber die neuesten Entwicklungen der Elektromobilit\u00e4t informiert.<\/p><\/div>\n\n\n\n\t\t\t<div class=\"wp-block-uagb-post-grid uagb-post-grid  uagb-post__image-position-top uagb-post__image-enabled uagb-block-9da0e046     uagb-post__items uagb-post__columns-3 is-grid uagb-post__columns-tablet-2 uagb-post__columns-mobile-1 uagb-post__equal-height uagb-equal_height_inline-read-more-buttons\" data-total=\"22\" style=\"\">\n\n\t\t\t\t\t\t\t\t\t\t\t\t<article class=\"uagb-post__inner-wrap\">\t\t\t\t\t\t\t\t<div class='uagb-post__image'>\n\t\t\t\t\t\t\t\t\t<a href=\"https:\/\/v2charge.com\/de\/wallbox-abrechnungssystem-firmenwagenflotte\/\" target=\"_blank\" rel=\"bookmark noopener noreferrer\" class='uagb-image-ratio-inherit'><img loading=\"lazy\" decoding=\"async\" width=\"960\" height=\"560\" src=\"https:\/\/v2charge.com\/wp-content\/uploads\/2026\/08\/trydan-wallbox-firmenwagenflotte-laden-1.jpg\" class=\"attachment-large size-large\" alt=\"Trydan Wallbox von V2C l\u00e4dt ein Elektroauto in der Einfahrt eines modernen Hauses\" srcset=\"https:\/\/v2charge.com\/wp-content\/uploads\/2026\/08\/trydan-wallbox-firmenwagenflotte-laden-1.jpg 960w, https:\/\/v2charge.com\/wp-content\/uploads\/2026\/08\/trydan-wallbox-firmenwagenflotte-laden-1-300x175.jpg 300w, https:\/\/v2charge.com\/wp-content\/uploads\/2026\/08\/trydan-wallbox-firmenwagenflotte-laden-1-768x448.jpg 768w, https:\/\/v2charge.com\/wp-content\/uploads\/2026\/08\/trydan-wallbox-firmenwagenflotte-laden-1-50x29.jpg 50w\" sizes=\"auto, (max-width: 960px) 100vw, 960px\" \/>\t\t\t\t\t<\/a>\n\t\t\t\t\t\t\t<\/div>\n\t\t\t\t\t\t<p class=\"uagb-post__title uagb-post__text\">\n\t\t\t\t<a href=\"https:\/\/v2charge.com\/de\/wallbox-abrechnungssystem-firmenwagenflotte\/\" target=\"_blank\" rel=\"bookmark noopener noreferrer\">Wallbox mit Abrechnungssystem f\u00fcr Firmenwagenflotten 2026<\/a>\n\t\t\t<\/p>\n\t\t\t\t\t\t<div class='uagb-post__text uagb-post-grid-byline'>\n\t\t\t\t\t\t\t<\/div>\n\t\t\t\t\t\t<div class=\"uagb-post__text uagb-post__cta wp-block-button\">\n\t\t\t\t<a class=\"wp-block-button__link uagb-text-link\" style=\"\" href=\"https:\/\/v2charge.com\/de\/wallbox-abrechnungssystem-firmenwagenflotte\/\" target=\"_blank\" rel=\"bookmark noopener noreferrer\">Mehr lesen<\/a>\n\t\t\t<\/div>\n\t\t\t\n\t\t\t\t\t\t\t\t\t<\/article>\n\t\t\t\t\t\t\t\t\t\t\t\t\t\t\t\t<article class=\"uagb-post__inner-wrap\">\t\t\t\t\t\t\t\t<div class='uagb-post__image'>\n\t\t\t\t\t\t\t\t\t<a href=\"https:\/\/v2charge.com\/de\/geig-ladeinfrastruktur-pflicht-neubau\/\" target=\"_blank\" rel=\"bookmark noopener noreferrer\" class='uagb-image-ratio-inherit'><img loading=\"lazy\" decoding=\"async\" width=\"1024\" height=\"598\" src=\"https:\/\/v2charge.com\/wp-content\/uploads\/2026\/08\/trydan-wallbox-elektriker-neubau-pv-installation-1024x598.png\" class=\"attachment-large size-large\" alt=\"Elektriker steht neben einer montierten V2C Trydan Wallbox an einem Neubau mit Photovoltaikanlage\" srcset=\"https:\/\/v2charge.com\/wp-content\/uploads\/2026\/08\/trydan-wallbox-elektriker-neubau-pv-installation-1024x598.png 1024w, https:\/\/v2charge.com\/wp-content\/uploads\/2026\/08\/trydan-wallbox-elektriker-neubau-pv-installation-300x175.png 300w, https:\/\/v2charge.com\/wp-content\/uploads\/2026\/08\/trydan-wallbox-elektriker-neubau-pv-installation-768x448.png 768w, https:\/\/v2charge.com\/wp-content\/uploads\/2026\/08\/trydan-wallbox-elektriker-neubau-pv-installation-50x29.png 50w, https:\/\/v2charge.com\/wp-content\/uploads\/2026\/08\/trydan-wallbox-elektriker-neubau-pv-installation-1600x934.png 1600w, https:\/\/v2charge.com\/wp-content\/uploads\/2026\/08\/trydan-wallbox-elektriker-neubau-pv-installation-1536x897.png 1536w, https:\/\/v2charge.com\/wp-content\/uploads\/2026\/08\/trydan-wallbox-elektriker-neubau-pv-installation.png 1641w\" sizes=\"auto, (max-width: 1024px) 100vw, 1024px\" \/>\t\t\t\t\t<\/a>\n\t\t\t\t\t\t\t<\/div>\n\t\t\t\t\t\t<p class=\"uagb-post__title uagb-post__text\">\n\t\t\t\t<a href=\"https:\/\/v2charge.com\/de\/geig-ladeinfrastruktur-pflicht-neubau\/\" target=\"_blank\" rel=\"bookmark noopener noreferrer\">Geb\u00e4ude-Elektromobilit\u00e4tsinfrastruktur-Gesetz (GEIG): Ladeinfrastruktur-Pflicht bei Neubau<\/a>\n\t\t\t<\/p>\n\t\t\t\t\t\t<div class='uagb-post__text uagb-post-grid-byline'>\n\t\t\t\t\t\t\t<\/div>\n\t\t\t\t\t\t<div class=\"uagb-post__text uagb-post__cta wp-block-button\">\n\t\t\t\t<a class=\"wp-block-button__link uagb-text-link\" style=\"\" href=\"https:\/\/v2charge.com\/de\/geig-ladeinfrastruktur-pflicht-neubau\/\" target=\"_blank\" rel=\"bookmark noopener noreferrer\">Mehr lesen<\/a>\n\t\t\t<\/div>\n\t\t\t\n\t\t\t\t\t\t\t\t\t<\/article>\n\t\t\t\t\t\t\t\t\t\t\t\t\t\t\t\t<article class=\"uagb-post__inner-wrap\">\t\t\t\t\t\t\t\t<div class='uagb-post__image'>\n\t\t\t\t\t\t\t\t\t<a href=\"https:\/\/v2charge.com\/de\/trydan-fuer-elektriker\/\" target=\"_blank\" rel=\"bookmark noopener noreferrer\" class='uagb-image-ratio-inherit'><img loading=\"lazy\" decoding=\"async\" width=\"960\" height=\"560\" src=\"https:\/\/v2charge.com\/wp-content\/uploads\/2026\/07\/smart-home-wallbox-v2c.jpg\" class=\"attachment-large size-large\" alt=\"Mann konfiguriert die V2C Trydan Wallbox \u00fcber die App vor seinem Haus\" srcset=\"https:\/\/v2charge.com\/wp-content\/uploads\/2026\/07\/smart-home-wallbox-v2c.jpg 960w, https:\/\/v2charge.com\/wp-content\/uploads\/2026\/07\/smart-home-wallbox-v2c-300x175.jpg 300w, https:\/\/v2charge.com\/wp-content\/uploads\/2026\/07\/smart-home-wallbox-v2c-768x448.jpg 768w, https:\/\/v2charge.com\/wp-content\/uploads\/2026\/07\/smart-home-wallbox-v2c-50x29.jpg 50w\" sizes=\"auto, (max-width: 960px) 100vw, 960px\" \/>\t\t\t\t\t<\/a>\n\t\t\t\t\t\t\t<\/div>\n\t\t\t\t\t\t<p class=\"uagb-post__title uagb-post__text\">\n\t\t\t\t<a href=\"https:\/\/v2charge.com\/de\/trydan-fuer-elektriker\/\" target=\"_blank\" rel=\"bookmark noopener noreferrer\">Trydan f\u00fcr Elektriker 2026: Die Wallbox f\u00fcr den professionellen Einsatz<\/a>\n\t\t\t<\/p>\n\t\t\t\t\t\t<div class='uagb-post__text uagb-post-grid-byline'>\n\t\t\t\t\t\t\t<\/div>\n\t\t\t\t\t\t<div class=\"uagb-post__text uagb-post__cta wp-block-button\">\n\t\t\t\t<a class=\"wp-block-button__link uagb-text-link\" style=\"\" href=\"https:\/\/v2charge.com\/de\/trydan-fuer-elektriker\/\" target=\"_blank\" rel=\"bookmark noopener noreferrer\">Mehr lesen<\/a>\n\t\t\t<\/div>\n\t\t\t\n\t\t\t\t\t\t\t\t\t<\/article>\n\t\t\t\t\t\t\t\t\t\t\t<\/div>\n\t\t\t<\/div>\n\n\n\n<h2 class=\"wp-block-heading\">Hessen: kein eigenes F\u00f6rderprogramm<\/h2>\n\n\n\n<p class=\"wp-block-paragraph\">Hessen hatte nie ein fl\u00e4chendeckendes Landesprogramm f\u00fcr private Wallboxen. Wer dort baut, profitiert von den bundesweiten Mechanismen: <strong>\u00a714a EnWG<\/strong> (110 bis 190 Euro Netzentgeltrabatt pro Jahr f\u00fcr steuerbare Wallboxen), der <strong>THG-Quote<\/strong> (270 bis 350 Euro pro Jahr f\u00fcr E-Auto-Halter) und <strong>\u00a735a EStG<\/strong> (bis zu 1.200 Euro einmalig f\u00fcr Handwerkerleistungen). Alle drei sind im <a href=\"https:\/\/v2charge.com\/de\/wallbox-foerderung\/\">Wallbox-F\u00f6rderungs-Ratgeber<\/a> im Detail erkl\u00e4rt.<\/p>\n\n\n\n<h2 class=\"wp-block-heading\">Niedersachsen: kein eigenes F\u00f6rderprogramm<\/h2>\n\n\n\n<p class=\"wp-block-paragraph\">In Niedersachsen ist das Bild \u00e4hnlich: <strong>kein aktives Landesprogramm<\/strong>, daf\u00fcr vereinzelte Zusch\u00fcsse einzelner Landkreise und Stadtwerke, besonders im Gro\u00dfraum Hannover und Braunschweig. Wer sicher gehen m\u00f6chte, fragt direkt beim \u00f6rtlichen Energieversorger nach, ob es gerade eine Aktion gibt, diese Programme sind selten langfristig angek\u00fcndigt.<\/p>\n\n\n\n<p class=\"wp-block-paragraph\">F\u00fcr beide Bundesl\u00e4nder gilt: Wer ohnehin plant, eine Wallbox mit einer Photovoltaikanlage zu koppeln, <strong>profitiert unabh\u00e4ngig von einer Landesf\u00f6rderung<\/strong> von den Stromkosten, die durch selbst erzeugten Solarstrom eingespart werden. Diese Ersparnis ist zwar keine klassische F\u00f6rderung, wirkt sich \u00fcber die Nutzungsdauer der Wallbox aber oft st\u00e4rker auf die Gesamtkosten aus als ein einmaliger Zuschuss von wenigen hundert Euro.<\/p>\n\n\n\n<h2 class=\"wp-block-heading\">Warum Bundesl\u00e4nder ihre Wallbox-F\u00f6rderung einstellen<\/h2>\n\n\n\n<p class=\"wp-block-paragraph\"><strong>Der R\u00fcckzug der L\u00e4nder aus der direkten Wallbox-F\u00f6rderung folgt einem erkennbaren Muster<\/strong>: Die Programme waren urspr\u00fcnglich als Anschubfinanzierung gedacht, um die Anfangsinvestition in einer Marktphase zu senken, in der Ladeinfrastruktur noch selten war. Mit sinkenden Wallbox-Preisen und einem inzwischen etablierten Markt sehen mehrere Landesregierungen den Bedarf f\u00fcr eine fl\u00e4chendeckende F\u00f6rderung als geringer an als noch vor zwei oder drei Jahren, und verlagern das verf\u00fcgbare Budget stattdessen auf \u00f6ffentliche Ladeinfrastruktur oder Mehrfamilienh\u00e4user, wo der Investitionsbedarf pro Haushalt h\u00f6her bleibt.<\/p>\n\n\n\n<p class=\"wp-block-paragraph\">F\u00fcr die Kaufentscheidung bedeutet das in der Praxis: Wer 2026 eine Wallbox kauft, sollte <strong>den Preis der Anlage selbst st\u00e4rker gewichten<\/strong> als eine m\u00f6gliche F\u00f6rderung, die es in den meisten Bundesl\u00e4ndern ohnehin nicht mehr gibt. Funktionen wie automatisches PV-\u00dcberschussladen oder dynamisches Lastmanagement, die laufende Stromkosten senken, wirken sich \u00fcber die Nutzungsdauer der Wallbox verl\u00e4sslicher aus als ein einmaliger Zuschuss, den es je nach Wohnort vielleicht gar nicht gibt.<\/p>\n\n\n\n<style>\n.v2c-bundesland-map{max-width:100%;margin:32px 0;font-family:inherit;}\n.v2c-bundesland-map .grid{display:flex;flex-wrap:wrap;gap:14px;justify-content:center;}\n.v2c-bundesland-map .state{flex:1 1 140px;max-width:180px;border-radius:14px;padding:18px 16px;text-align:center;position:relative;overflow:hidden;}\n.v2c-bundesland-map .state.active{background:#111827;color:#ffffff;}\n.v2c-bundesland-map .state.inactive{background:#f7f9fa;border:1px solid #e0e0e0;color:#333;}\n.v2c-bundesland-map .state .dot{width:10px;height:10px;border-radius:50%;display:inline-block;margin-bottom:8px;}\n.v2c-bundesland-map .state.active .dot{background:#f59e0b;animation:v2cBLpulse 1.8s ease-in-out infinite;}\n.v2c-bundesland-map .state.inactive .dot{background:#c4c4c4;}\n.v2c-bundesland-map .state .name{font-weight:700;font-size:clamp(13px,3vw,15px);display:block;margin-bottom:4px;}\n.v2c-bundesland-map .state .status{font-size:clamp(11px,2.6vw,12px);opacity:0.85;}\n@keyframes v2cBLpulse{0%,100%{box-shadow:0 0 0 0 rgba(34,197,94,.6);}50%{box-shadow:0 0 0 6px rgba(34,197,94,0);}}\n@media (max-width:480px){.v2c-bundesland-map .state{flex:1 1 100%;max-width:100%;}}\n<\/style>\n<div class=\"v2c-bundesland-map\">\n<div class=\"grid\">\n<div class=\"state active\"><span class=\"dot\"><\/span><span class=\"name\">NRW<\/span><span class=\"status\">progres.nrw pausiert<\/span><\/div>\n<div class=\"state inactive\"><span class=\"dot\"><\/span><span class=\"name\">Bayern<\/span><span class=\"status\">ausgelaufen 7\/2025<\/span><\/div>\n<div class=\"state inactive\"><span class=\"dot\"><\/span><span class=\"name\">Baden-W\u00fcrttemberg<\/span><span class=\"status\">ausgelaufen 5\/2026<\/span><\/div>\n<div class=\"state inactive\"><span class=\"dot\"><\/span><span class=\"name\">Hessen<\/span><span class=\"status\">nie eigenes Programm<\/span><\/div>\n<div class=\"state inactive\"><span class=\"dot\"><\/span><span class=\"name\">Niedersachsen<\/span><span class=\"status\">nie eigenes Programm<\/span><\/div>\n<\/div>\n<\/div>\n\n\n\n<h2 class=\"wp-block-heading\">Checkliste: F\u00f6rderung vor dem Wallbox-Kauf pr\u00fcfen<\/h2>\n\n\n\n<div style=\"border:1px solid #e0e0e0;border-radius:10px;padding:22px 26px;margin:28px 0;background:#f7f9fa;\">\n<p style=\"margin:0 0 16px;font-weight:600;font-size:15px;color:#1a1a1a;\">&#x2705; So finden Sie heraus, was in Ihrem Bundesland gilt<\/p>\n<ul style=\"margin:0;padding-left:20px;font-size:14px;color:#333;line-height:1.8;\">\n<li>Direkt bei der Gemeinde oder Stadtverwaltung nach kommunalen Zusch\u00fcssen fragen<\/li>\n<li>Den \u00f6rtlichen Stromanbieter\/Stadtwerk nach aktuellen Aktionen fragen<\/li>\n<li>Bei Mehrfamilienh\u00e4usern das Bundesprogramm pr\u00fcfen, unabh\u00e4ngig vom Bundesland<\/li>\n<li>Die bundesweiten Mechanismen \u00a714a EnWG, THG-Quote und \u00a735a EStG nicht vergessen<\/li>\n<li>In NRW bei Mehrfamilienh\u00e4usern direkt das Bundesprogramm MFH statt des pausierten progres.nrw pr\u00fcfen<\/li>\n<\/ul>\n<\/div>\n\n\n\n<h2 class=\"wp-block-heading\">FAQs<\/h2>\n\n\n\n<div class=\"schema-faq wp-block-yoast-faq-block\"><div class=\"schema-faq-section\" id=\"welches-bundesland-foerdert\"><strong class=\"schema-faq-question\"><strong>Welches Bundesland f\u00f6rdert Wallboxen 2026 noch?<\/strong><\/strong> <p class=\"schema-faq-answer\">Kein gro\u00dfes Bundesland hat 2026 noch ein eigenst\u00e4ndig laufendes F\u00f6rderprogramm f\u00fcr private Wallboxen. Auch NRW pausierte progres.nrw f\u00fcr Ladeinfrastruktur seit dem 15. April 2026, seit das Bundesprogramm f\u00fcr Mehrfamilienh\u00e4user dieselben F\u00e4lle \u00fcbernommen hat.<\/p> <\/div> <div class=\"schema-faq-section\" id=\"bayern-foerderung-2026\"><strong class=\"schema-faq-question\"><strong>Gibt es in Bayern noch eine Wallbox-F\u00f6rderung 2026?<\/strong><\/strong> <p class=\"schema-faq-answer\">Das bayerische Landesprogramm &#8222;Klimaneutrale Antriebe&#8220; ist seit dem 2. Juli 2025 ausgelaufen. Vereinzelte kommunale Zusch\u00fcsse und Angebote von Energieversorgern wie N-ERGIE bestehen weiterhin.<\/p> <\/div> <div class=\"schema-faq-section\" id=\"charge-bw-ende\"><strong class=\"schema-faq-question\"><strong>Ist Charge@BW noch verf\u00fcgbar?<\/strong><\/strong> <p class=\"schema-faq-answer\">Nein. Das baden-w\u00fcrttembergische Programm Charge@BW endete am 6. Mai 2026. Neue private Wallbox-Projekte k\u00f6nnen damit nicht mehr geplant werden.<\/p> <\/div> <div class=\"schema-faq-section\" id=\"hessen-niedersachsen-foerderung\"><strong class=\"schema-faq-question\"><strong>Gibt es in Hessen oder Niedersachsen eine Landesf\u00f6rderung?<\/strong><\/strong> <p class=\"schema-faq-answer\">Nein, beide Bundesl\u00e4nder hatten nie ein fl\u00e4chendeckendes eigenes Landesprogramm f\u00fcr private Wallboxen. Es gelten die bundesweiten Mechanismen sowie vereinzelte kommunale Zusch\u00fcsse.<\/p> <\/div> <div class=\"schema-faq-section\" id=\"progres-nrw-status\"><strong class=\"schema-faq-question\"><strong>Ist progres.nrw f\u00fcr Ladeinfrastruktur noch verf\u00fcgbar?<\/strong><\/strong> <p class=\"schema-faq-answer\">Nein, seit dem 15. April 2026 k\u00f6nnen f\u00fcr diesen F\u00f6rdergegenstand keine neuen Antr\u00e4ge mehr \u00fcber progres.nrw gestellt werden. Stattdessen greift das bundesweit einheitliche Bundesprogramm f\u00fcr Ladeinfrastruktur in Mehrfamilienh\u00e4usern, das dieselben F\u00e4lle \u00fcbernommen hat.<\/p> <\/div><\/div>\n\n\n\n<!-- ==========================================================\n     Structured Data: FAQPage (JSON-LD)\n     Zweck: Zitierfaehigkeit in ChatGPT, Google AI Overviews,\n     Perplexity, Gemini. Teil der GEO\/AEO-Strategie (Lever 1).\n     ========================================================== -->\n<script type=\"application\/ld+json\">\n{\n   \"@context\": \"https:\/\/schema.org\",\n   \"@type\": \"FAQPage\",\n   \"mainEntity\": [\n      {\n         \"@type\": \"Question\",\n         \"name\": \"Welches Bundesland f\u00f6rdert Wallboxen 2026 noch?\",\n         \"acceptedAnswer\": {\n            \"@type\": \"Answer\",\n            \"text\": \"Kein gro\u00dfes Bundesland hat 2026 noch ein eigenst\u00e4ndig laufendes F\u00f6rderprogramm f\u00fcr private Wallboxen. Auch NRW pausierte progres.nrw f\u00fcr Ladeinfrastruktur seit dem 15. April 2026, seit das Bundesprogramm f\u00fcr Mehrfamilienh\u00e4user dieselben F\u00e4lle \u00fcbernommen hat.\"\n         }\n      },\n      {\n         \"@type\": \"Question\",\n         \"name\": \"Gibt es in Bayern noch eine Wallbox-F\u00f6rderung 2026?\",\n         \"acceptedAnswer\": {\n            \"@type\": \"Answer\",\n            \"text\": \"Das bayerische Landesprogramm \"Klimaneutrale Antriebe\" ist seit dem 2. Juli 2025 ausgelaufen. Vereinzelte kommunale Zusch\u00fcsse und Angebote von Energieversorgern wie N-ERGIE bestehen weiterhin.\"\n         }\n      },\n      {\n         \"@type\": \"Question\",\n         \"name\": \"Ist Charge@BW noch verf\u00fcgbar?\",\n         \"acceptedAnswer\": {\n            \"@type\": \"Answer\",\n            \"text\": \"Nein. Das baden-w\u00fcrttembergische Programm Charge@BW endete am 6. Mai 2026. Neue private Wallbox-Projekte k\u00f6nnen damit nicht mehr geplant werden.\"\n         }\n      },\n      {\n         \"@type\": \"Question\",\n         \"name\": \"Gibt es in Hessen oder Niedersachsen eine Landesf\u00f6rderung?\",\n         \"acceptedAnswer\": {\n            \"@type\": \"Answer\",\n            \"text\": \"Nein, beide Bundesl\u00e4nder hatten nie ein fl\u00e4chendeckendes eigenes Landesprogramm f\u00fcr private Wallboxen. Es gelten die bundesweiten Mechanismen sowie vereinzelte kommunale Zusch\u00fcsse.\"\n         }\n      },\n      {\n         \"@type\": \"Question\",\n         \"name\": \"Ist progres.nrw f\u00fcr Ladeinfrastruktur noch verf\u00fcgbar?\",\n         \"acceptedAnswer\": {\n            \"@type\": \"Answer\",\n            \"text\": \"Nein, seit dem 15. April 2026 k\u00f6nnen f\u00fcr diesen F\u00f6rdergegenstand keine neuen Antr\u00e4ge mehr \u00fcber progres.nrw gestellt werden. Stattdessen greift das bundesweit einheitliche Bundesprogramm f\u00fcr Ladeinfrastruktur in Mehrfamilienh\u00e4usern, das dieselben F\u00e4lle \u00fcbernommen hat.\"\n         }\n      }\n   ]\n}\n<\/script>\n\n\n\n<h2 class=\"wp-block-heading\">Kurz gesagt<\/h2>\n\n\n\n<p class=\"wp-block-paragraph\">Wer 2026 auf eine Landesf\u00f6rderung f\u00fcr die Wallbox hofft, <strong>wird in keinem der f\u00fcnf gro\u00dfen Bundesl\u00e4nder mehr f\u00fcndig<\/strong>, selbst das letzte verbliebene Programm in NRW wurde zugunsten des neuen Bundesprogramms pausiert. Was z\u00e4hlt, sind die bundesweiten Mechanismen und der genaue Blick auf kommunale Zusch\u00fcsse oder Aktionen des \u00f6rtlichen Energieversorgers, die sich lohnen k\u00f6nnen, aber selten lange im Voraus angek\u00fcndigt werden.<\/p>\n","protected":false},"excerpt":{"rendered":"<p>Wer 2026 eine Wallbox kauft und nach staatlicher F\u00f6rderung sucht, st\u00f6\u00dft schnell auf ein Problem: Die Landesprogramme, die es noch vor kurzem gab, sind inzwischen fast alle ausgelaufen oder pausiert. Was auf Bundesebene \u00fcbrig bleibt, wurde bereits im Artikel Wallbox F\u00f6rderung 2026 im Detail erkl\u00e4rt. Dieser Beitrag geht einen Schritt weiter und beantwortet die Frage, &#8230; <a title=\"Wallbox F\u00f6rderung nach Bundesland 2026: NRW, Bayern, BW und mehr\" class=\"read-more\" href=\"https:\/\/v2charge.com\/de\/wallbox-foerderung-bundesland-2026\/\" aria-label=\"Mehr Informationen \u00fcber Wallbox F\u00f6rderung nach Bundesland 2026: NRW, Bayern, BW und mehr\">Weiterlesen<\/a><\/p>\n","protected":false},"author":400,"featured_media":403744,"comment_status":"open","ping_status":"open","sticky":false,"template":"","format":"standard","meta":{"_eb_attr":"","content-type":"","_uag_custom_page_level_css":"","footnotes":""},"categories":[3],"tags":[],"class_list":["post-403743","post","type-post","status-publish","format-standard","has-post-thumbnail","hentry","category-e-mobility"],"yoast_head":"<!-- This site is optimized with the Yoast SEO plugin v27.9 - https:\/\/yoast.com\/product\/yoast-seo-wordpress\/ -->\n<title>Wallbox F\u00f6rderung nach Bundesland 2026<\/title>\n<meta name=\"description\" content=\"Wallbox F\u00f6rderung nach Bundesland gesucht? NRW, Bayern, Baden-W\u00fcrttemberg, Hessen und Niedersachsen: was 2026 wirklich noch gilt, jetzt ohne eigenes Landesprogramm.\" \/>\n<meta name=\"robots\" content=\"index, follow, max-snippet:-1, max-image-preview:large, max-video-preview:-1\" \/>\n<link rel=\"canonical\" href=\"https:\/\/v2charge.com\/de\/wallbox-foerderung-bundesland-2026\/\" \/>\n<meta property=\"og:locale\" content=\"de_DE\" \/>\n<meta property=\"og:type\" content=\"article\" \/>\n<meta property=\"og:title\" content=\"Wallbox F\u00f6rderung nach Bundesland 2026\" \/>\n<meta property=\"og:description\" content=\"Wallbox F\u00f6rderung nach Bundesland gesucht? NRW, Bayern, Baden-W\u00fcrttemberg, Hessen und Niedersachsen: was 2026 wirklich noch gilt, jetzt ohne eigenes Landesprogramm.\" \/>\n<meta property=\"og:url\" content=\"https:\/\/v2charge.com\/de\/wallbox-foerderung-bundesland-2026\/\" \/>\n<meta property=\"og:site_name\" content=\"V2C\" \/>\n<meta property=\"article:publisher\" content=\"https:\/\/www.facebook.com\/V2C.Charge\" \/>\n<meta property=\"article:published_time\" content=\"2026-08-28T08:34:14+00:00\" \/>\n<meta property=\"article:modified_time\" content=\"2026-08-28T09:09:35+00:00\" \/>\n<meta property=\"og:image\" content=\"https:\/\/v2charge.com\/wp-content\/uploads\/2026\/08\/wallbox-foerderung-bundesland-nrw-trydan.jpg\" \/>\n\t<meta property=\"og:image:width\" content=\"960\" \/>\n\t<meta property=\"og:image:height\" content=\"560\" \/>\n\t<meta property=\"og:image:type\" content=\"image\/jpeg\" \/>\n<meta name=\"author\" content=\"V2C\" \/>\n<meta name=\"twitter:card\" content=\"summary_large_image\" \/>\n<meta name=\"twitter:creator\" content=\"@V2C_Charge\" \/>\n<meta name=\"twitter:site\" content=\"@V2C_Charge\" \/>\n<meta name=\"twitter:label1\" content=\"Verfasst von\" \/>\n\t<meta name=\"twitter:data1\" content=\"V2C\" \/>\n\t<meta name=\"twitter:label2\" content=\"Gesch\u00e4tzte Lesezeit\" \/>\n\t<meta name=\"twitter:data2\" content=\"8\u00a0Minuten\" \/>\n<script type=\"application\/ld+json\" class=\"yoast-schema-graph\">{\"@context\":\"https:\\\/\\\/schema.org\",\"@graph\":[{\"@type\":\"Article\",\"@id\":\"https:\\\/\\\/v2charge.com\\\/de\\\/wallbox-foerderung-bundesland-2026\\\/#article\",\"isPartOf\":{\"@id\":\"https:\\\/\\\/v2charge.com\\\/de\\\/wallbox-foerderung-bundesland-2026\\\/\"},\"author\":{\"name\":\"V2C\",\"@id\":\"https:\\\/\\\/v2charge.com\\\/de\\\/#\\\/schema\\\/person\\\/47b01868f6351f17635b441e66044aaa\"},\"headline\":\"Wallbox F\u00f6rderung nach Bundesland 2026: NRW, Bayern, BW und mehr\",\"datePublished\":\"2026-08-28T08:34:14+00:00\",\"dateModified\":\"2026-08-28T09:09:35+00:00\",\"mainEntityOfPage\":{\"@id\":\"https:\\\/\\\/v2charge.com\\\/de\\\/wallbox-foerderung-bundesland-2026\\\/\"},\"wordCount\":1705,\"commentCount\":0,\"publisher\":{\"@id\":\"https:\\\/\\\/v2charge.com\\\/de\\\/#organization\"},\"image\":{\"@id\":\"https:\\\/\\\/v2charge.com\\\/de\\\/wallbox-foerderung-bundesland-2026\\\/#primaryimage\"},\"thumbnailUrl\":\"https:\\\/\\\/v2charge.com\\\/wp-content\\\/uploads\\\/2026\\\/08\\\/wallbox-foerderung-bundesland-nrw-trydan.jpg\",\"articleSection\":[\"e-Mobility\"],\"inLanguage\":\"de\",\"potentialAction\":[{\"@type\":\"CommentAction\",\"name\":\"Comment\",\"target\":[\"https:\\\/\\\/v2charge.com\\\/de\\\/wallbox-foerderung-bundesland-2026\\\/#respond\"]}]},{\"@type\":[\"WebPage\",\"FAQPage\"],\"@id\":\"https:\\\/\\\/v2charge.com\\\/de\\\/wallbox-foerderung-bundesland-2026\\\/\",\"url\":\"https:\\\/\\\/v2charge.com\\\/de\\\/wallbox-foerderung-bundesland-2026\\\/\",\"name\":\"Wallbox F\u00f6rderung nach Bundesland 2026\",\"isPartOf\":{\"@id\":\"https:\\\/\\\/v2charge.com\\\/de\\\/#website\"},\"primaryImageOfPage\":{\"@id\":\"https:\\\/\\\/v2charge.com\\\/de\\\/wallbox-foerderung-bundesland-2026\\\/#primaryimage\"},\"image\":{\"@id\":\"https:\\\/\\\/v2charge.com\\\/de\\\/wallbox-foerderung-bundesland-2026\\\/#primaryimage\"},\"thumbnailUrl\":\"https:\\\/\\\/v2charge.com\\\/wp-content\\\/uploads\\\/2026\\\/08\\\/wallbox-foerderung-bundesland-nrw-trydan.jpg\",\"datePublished\":\"2026-08-28T08:34:14+00:00\",\"dateModified\":\"2026-08-28T09:09:35+00:00\",\"description\":\"Wallbox F\u00f6rderung nach Bundesland gesucht? NRW, Bayern, Baden-W\u00fcrttemberg, Hessen und Niedersachsen: was 2026 wirklich noch gilt, jetzt ohne eigenes Landesprogramm.\",\"breadcrumb\":{\"@id\":\"https:\\\/\\\/v2charge.com\\\/de\\\/wallbox-foerderung-bundesland-2026\\\/#breadcrumb\"},\"inLanguage\":\"de\",\"potentialAction\":[{\"@type\":\"ReadAction\",\"target\":[\"https:\\\/\\\/v2charge.com\\\/de\\\/wallbox-foerderung-bundesland-2026\\\/\"]}]},{\"@type\":\"ImageObject\",\"inLanguage\":\"de\",\"@id\":\"https:\\\/\\\/v2charge.com\\\/de\\\/wallbox-foerderung-bundesland-2026\\\/#primaryimage\",\"url\":\"https:\\\/\\\/v2charge.com\\\/wp-content\\\/uploads\\\/2026\\\/08\\\/wallbox-foerderung-bundesland-nrw-trydan.jpg\",\"contentUrl\":\"https:\\\/\\\/v2charge.com\\\/wp-content\\\/uploads\\\/2026\\\/08\\\/wallbox-foerderung-bundesland-nrw-trydan.jpg\",\"width\":960,\"height\":560,\"caption\":\"Trydan Wallbox von V2C mit Deutschlandkarte, Nordrhein-Westfalen hervorgehoben, Wallbox F\u00f6rderung nach Bundesland 2026\"},{\"@type\":\"BreadcrumbList\",\"@id\":\"https:\\\/\\\/v2charge.com\\\/de\\\/wallbox-foerderung-bundesland-2026\\\/#breadcrumb\",\"itemListElement\":[{\"@type\":\"ListItem\",\"position\":1,\"name\":\"V2C\",\"item\":\"https:\\\/\\\/v2charge.com\\\/de\\\/\"},{\"@type\":\"ListItem\",\"position\":2,\"name\":\"e-Mobility\",\"item\":\"https:\\\/\\\/v2charge.com\\\/de\\\/e-mobility\\\/\"},{\"@type\":\"ListItem\",\"position\":3,\"name\":\"Wallbox F\u00f6rderung nach Bundesland 2026: NRW, Bayern, BW und mehr\"}]},{\"@type\":\"WebSite\",\"@id\":\"https:\\\/\\\/v2charge.com\\\/de\\\/#website\",\"url\":\"https:\\\/\\\/v2charge.com\\\/de\\\/\",\"name\":\"V2C\",\"description\":\"#CargandoElMa\u00f1ana\",\"publisher\":{\"@id\":\"https:\\\/\\\/v2charge.com\\\/de\\\/#organization\"},\"potentialAction\":[{\"@type\":\"SearchAction\",\"target\":{\"@type\":\"EntryPoint\",\"urlTemplate\":\"https:\\\/\\\/v2charge.com\\\/de\\\/?s={search_term_string}\"},\"query-input\":{\"@type\":\"PropertyValueSpecification\",\"valueRequired\":true,\"valueName\":\"search_term_string\"}}],\"inLanguage\":\"de\"},{\"@type\":\"Organization\",\"@id\":\"https:\\\/\\\/v2charge.com\\\/de\\\/#organization\",\"name\":\"V2C\",\"url\":\"https:\\\/\\\/v2charge.com\\\/de\\\/\",\"logo\":{\"@type\":\"ImageObject\",\"inLanguage\":\"de\",\"@id\":\"https:\\\/\\\/v2charge.com\\\/de\\\/#\\\/schema\\\/logo\\\/image\\\/\",\"url\":\"https:\\\/\\\/v2charge.com\\\/wp-content\\\/uploads\\\/2024\\\/11\\\/cropped-v2c-charge-logo-menu.png\",\"contentUrl\":\"https:\\\/\\\/v2charge.com\\\/wp-content\\\/uploads\\\/2024\\\/11\\\/cropped-v2c-charge-logo-menu.png\",\"width\":984,\"height\":431,\"caption\":\"V2C\"},\"image\":{\"@id\":\"https:\\\/\\\/v2charge.com\\\/de\\\/#\\\/schema\\\/logo\\\/image\\\/\"},\"sameAs\":[\"https:\\\/\\\/www.facebook.com\\\/V2C.Charge\",\"https:\\\/\\\/x.com\\\/V2C_Charge\",\"https:\\\/\\\/www.instagram.com\\\/v2c.charge\\\/\",\"https:\\\/\\\/www.youtube.com\\\/@V2C\",\"https:\\\/\\\/www.linkedin.com\\\/company\\\/v2c-chargers\\\/\"],\"contactPoint\":[{\"@type\":\"ContactPoint\",\"contactType\":\"customer support\",\"telephone\":\"+493046690579\",\"email\":\"info@v2charge.com\",\"availableLanguage\":[\"Spanish\",\"English\",\"Portuguese\",\"French\"]},{\"@type\":\"ContactPoint\",\"contactType\":\"sales\",\"telephone\":\"+493046690579\",\"email\":\"info@v2charge.com\",\"availableLanguage\":[\"Spanish\",\"English\"]}]},{\"@type\":\"Person\",\"@id\":\"https:\\\/\\\/v2charge.com\\\/de\\\/#\\\/schema\\\/person\\\/47b01868f6351f17635b441e66044aaa\",\"name\":\"V2C\",\"image\":{\"@type\":\"ImageObject\",\"inLanguage\":\"de\",\"@id\":\"https:\\\/\\\/secure.gravatar.com\\\/avatar\\\/a91128c4c0d2f4d63bd586301fdec6cc9aa49c885839b25d1c62700f529f267c?s=96&d=mm&r=g\",\"url\":\"https:\\\/\\\/secure.gravatar.com\\\/avatar\\\/a91128c4c0d2f4d63bd586301fdec6cc9aa49c885839b25d1c62700f529f267c?s=96&d=mm&r=g\",\"contentUrl\":\"https:\\\/\\\/secure.gravatar.com\\\/avatar\\\/a91128c4c0d2f4d63bd586301fdec6cc9aa49c885839b25d1c62700f529f267c?s=96&d=mm&r=g\",\"caption\":\"V2C\"}}]}<\/script>\n<!-- \/ Yoast SEO plugin. -->","yoast_head_json":{"title":"Wallbox F\u00f6rderung nach Bundesland 2026","description":"Wallbox F\u00f6rderung nach Bundesland gesucht? NRW, Bayern, Baden-W\u00fcrttemberg, Hessen und Niedersachsen: was 2026 wirklich noch gilt, jetzt ohne eigenes Landesprogramm.","robots":{"index":"index","follow":"follow","max-snippet":"max-snippet:-1","max-image-preview":"max-image-preview:large","max-video-preview":"max-video-preview:-1"},"canonical":"https:\/\/v2charge.com\/de\/wallbox-foerderung-bundesland-2026\/","og_locale":"de_DE","og_type":"article","og_title":"Wallbox F\u00f6rderung nach Bundesland 2026","og_description":"Wallbox F\u00f6rderung nach Bundesland gesucht? NRW, Bayern, Baden-W\u00fcrttemberg, Hessen und Niedersachsen: was 2026 wirklich noch gilt, jetzt ohne eigenes Landesprogramm.","og_url":"https:\/\/v2charge.com\/de\/wallbox-foerderung-bundesland-2026\/","og_site_name":"V2C","article_publisher":"https:\/\/www.facebook.com\/V2C.Charge","article_published_time":"2026-08-28T08:34:14+00:00","article_modified_time":"2026-08-28T09:09:35+00:00","og_image":[{"width":960,"height":560,"url":"https:\/\/v2charge.com\/wp-content\/uploads\/2026\/08\/wallbox-foerderung-bundesland-nrw-trydan.jpg","type":"image\/jpeg"}],"author":"V2C","twitter_card":"summary_large_image","twitter_creator":"@V2C_Charge","twitter_site":"@V2C_Charge","twitter_misc":{"Verfasst von":"V2C","Gesch\u00e4tzte Lesezeit":"8\u00a0Minuten"},"schema":{"@context":"https:\/\/schema.org","@graph":[{"@type":"Article","@id":"https:\/\/v2charge.com\/de\/wallbox-foerderung-bundesland-2026\/#article","isPartOf":{"@id":"https:\/\/v2charge.com\/de\/wallbox-foerderung-bundesland-2026\/"},"author":{"name":"V2C","@id":"https:\/\/v2charge.com\/de\/#\/schema\/person\/47b01868f6351f17635b441e66044aaa"},"headline":"Wallbox F\u00f6rderung nach Bundesland 2026: NRW, Bayern, BW und mehr","datePublished":"2026-08-28T08:34:14+00:00","dateModified":"2026-08-28T09:09:35+00:00","mainEntityOfPage":{"@id":"https:\/\/v2charge.com\/de\/wallbox-foerderung-bundesland-2026\/"},"wordCount":1705,"commentCount":0,"publisher":{"@id":"https:\/\/v2charge.com\/de\/#organization"},"image":{"@id":"https:\/\/v2charge.com\/de\/wallbox-foerderung-bundesland-2026\/#primaryimage"},"thumbnailUrl":"https:\/\/v2charge.com\/wp-content\/uploads\/2026\/08\/wallbox-foerderung-bundesland-nrw-trydan.jpg","articleSection":["e-Mobility"],"inLanguage":"de","potentialAction":[{"@type":"CommentAction","name":"Comment","target":["https:\/\/v2charge.com\/de\/wallbox-foerderung-bundesland-2026\/#respond"]}]},{"@type":["WebPage","FAQPage"],"@id":"https:\/\/v2charge.com\/de\/wallbox-foerderung-bundesland-2026\/","url":"https:\/\/v2charge.com\/de\/wallbox-foerderung-bundesland-2026\/","name":"Wallbox F\u00f6rderung nach Bundesland 2026","isPartOf":{"@id":"https:\/\/v2charge.com\/de\/#website"},"primaryImageOfPage":{"@id":"https:\/\/v2charge.com\/de\/wallbox-foerderung-bundesland-2026\/#primaryimage"},"image":{"@id":"https:\/\/v2charge.com\/de\/wallbox-foerderung-bundesland-2026\/#primaryimage"},"thumbnailUrl":"https:\/\/v2charge.com\/wp-content\/uploads\/2026\/08\/wallbox-foerderung-bundesland-nrw-trydan.jpg","datePublished":"2026-08-28T08:34:14+00:00","dateModified":"2026-08-28T09:09:35+00:00","description":"Wallbox F\u00f6rderung nach Bundesland gesucht? NRW, Bayern, Baden-W\u00fcrttemberg, Hessen und Niedersachsen: was 2026 wirklich noch gilt, jetzt ohne eigenes Landesprogramm.","breadcrumb":{"@id":"https:\/\/v2charge.com\/de\/wallbox-foerderung-bundesland-2026\/#breadcrumb"},"inLanguage":"de","potentialAction":[{"@type":"ReadAction","target":["https:\/\/v2charge.com\/de\/wallbox-foerderung-bundesland-2026\/"]}]},{"@type":"ImageObject","inLanguage":"de","@id":"https:\/\/v2charge.com\/de\/wallbox-foerderung-bundesland-2026\/#primaryimage","url":"https:\/\/v2charge.com\/wp-content\/uploads\/2026\/08\/wallbox-foerderung-bundesland-nrw-trydan.jpg","contentUrl":"https:\/\/v2charge.com\/wp-content\/uploads\/2026\/08\/wallbox-foerderung-bundesland-nrw-trydan.jpg","width":960,"height":560,"caption":"Trydan Wallbox von V2C mit Deutschlandkarte, Nordrhein-Westfalen hervorgehoben, Wallbox F\u00f6rderung nach Bundesland 2026"},{"@type":"BreadcrumbList","@id":"https:\/\/v2charge.com\/de\/wallbox-foerderung-bundesland-2026\/#breadcrumb","itemListElement":[{"@type":"ListItem","position":1,"name":"V2C","item":"https:\/\/v2charge.com\/de\/"},{"@type":"ListItem","position":2,"name":"e-Mobility","item":"https:\/\/v2charge.com\/de\/e-mobility\/"},{"@type":"ListItem","position":3,"name":"Wallbox F\u00f6rderung nach Bundesland 2026: NRW, Bayern, BW und mehr"}]},{"@type":"WebSite","@id":"https:\/\/v2charge.com\/de\/#website","url":"https:\/\/v2charge.com\/de\/","name":"V2C","description":"#CargandoElMa\u00f1ana","publisher":{"@id":"https:\/\/v2charge.com\/de\/#organization"},"potentialAction":[{"@type":"SearchAction","target":{"@type":"EntryPoint","urlTemplate":"https:\/\/v2charge.com\/de\/?s={search_term_string}"},"query-input":{"@type":"PropertyValueSpecification","valueRequired":true,"valueName":"search_term_string"}}],"inLanguage":"de"},{"@type":"Organization","@id":"https:\/\/v2charge.com\/de\/#organization","name":"V2C","url":"https:\/\/v2charge.com\/de\/","logo":{"@type":"ImageObject","inLanguage":"de","@id":"https:\/\/v2charge.com\/de\/#\/schema\/logo\/image\/","url":"https:\/\/v2charge.com\/wp-content\/uploads\/2024\/11\/cropped-v2c-charge-logo-menu.png","contentUrl":"https:\/\/v2charge.com\/wp-content\/uploads\/2024\/11\/cropped-v2c-charge-logo-menu.png","width":984,"height":431,"caption":"V2C"},"image":{"@id":"https:\/\/v2charge.com\/de\/#\/schema\/logo\/image\/"},"sameAs":["https:\/\/www.facebook.com\/V2C.Charge","https:\/\/x.com\/V2C_Charge","https:\/\/www.instagram.com\/v2c.charge\/","https:\/\/www.youtube.com\/@V2C","https:\/\/www.linkedin.com\/company\/v2c-chargers\/"],"contactPoint":[{"@type":"ContactPoint","contactType":"customer support","telephone":"+493046690579","email":"info@v2charge.com","availableLanguage":["Spanish","English","Portuguese","French"]},{"@type":"ContactPoint","contactType":"sales","telephone":"+493046690579","email":"info@v2charge.com","availableLanguage":["Spanish","English"]}]},{"@type":"Person","@id":"https:\/\/v2charge.com\/de\/#\/schema\/person\/47b01868f6351f17635b441e66044aaa","name":"V2C","image":{"@type":"ImageObject","inLanguage":"de","@id":"https:\/\/secure.gravatar.com\/avatar\/a91128c4c0d2f4d63bd586301fdec6cc9aa49c885839b25d1c62700f529f267c?s=96&d=mm&r=g","url":"https:\/\/secure.gravatar.com\/avatar\/a91128c4c0d2f4d63bd586301fdec6cc9aa49c885839b25d1c62700f529f267c?s=96&d=mm&r=g","contentUrl":"https:\/\/secure.gravatar.com\/avatar\/a91128c4c0d2f4d63bd586301fdec6cc9aa49c885839b25d1c62700f529f267c?s=96&d=mm&r=g","caption":"V2C"}}]}},"uagb_featured_image_src":{"full":["https:\/\/v2charge.com\/wp-content\/uploads\/2026\/08\/wallbox-foerderung-bundesland-nrw-trydan.jpg",960,560,false],"thumbnail":["https:\/\/v2charge.com\/wp-content\/uploads\/2026\/08\/wallbox-foerderung-bundesland-nrw-trydan-150x150.jpg",150,150,true],"medium":["https:\/\/v2charge.com\/wp-content\/uploads\/2026\/08\/wallbox-foerderung-bundesland-nrw-trydan-300x175.jpg",300,175,true],"medium_large":["https:\/\/v2charge.com\/wp-content\/uploads\/2026\/08\/wallbox-foerderung-bundesland-nrw-trydan-768x448.jpg",768,448,true],"large":["https:\/\/v2charge.com\/wp-content\/uploads\/2026\/08\/wallbox-foerderung-bundesland-nrw-trydan.jpg",960,560,false],"gs-tiny":["https:\/\/v2charge.com\/wp-content\/uploads\/2026\/08\/wallbox-foerderung-bundesland-nrw-trydan-50x29.jpg",50,29,true],"xl":["https:\/\/v2charge.com\/wp-content\/uploads\/2026\/08\/wallbox-foerderung-bundesland-nrw-trydan.jpg",960,560,false],"xxl":["https:\/\/v2charge.com\/wp-content\/uploads\/2026\/08\/wallbox-foerderung-bundesland-nrw-trydan.jpg",960,560,false],"xxxl":["https:\/\/v2charge.com\/wp-content\/uploads\/2026\/08\/wallbox-foerderung-bundesland-nrw-trydan.jpg",960,560,false],"xxxxl":["https:\/\/v2charge.com\/wp-content\/uploads\/2026\/08\/wallbox-foerderung-bundesland-nrw-trydan.jpg",960,560,false],"xxxxxl":["https:\/\/v2charge.com\/wp-content\/uploads\/2026\/08\/wallbox-foerderung-bundesland-nrw-trydan.jpg",960,560,false],"1536x1536":["https:\/\/v2charge.com\/wp-content\/uploads\/2026\/08\/wallbox-foerderung-bundesland-nrw-trydan.jpg",960,560,false],"2048x2048":["https:\/\/v2charge.com\/wp-content\/uploads\/2026\/08\/wallbox-foerderung-bundesland-nrw-trydan.jpg",960,560,false]},"uagb_author_info":{"display_name":"V2C","author_link":"https:\/\/v2charge.com\/de\/author\/marketing\/"},"uagb_comment_info":0,"uagb_excerpt":"Wer 2026 eine Wallbox kauft und nach staatlicher F\u00f6rderung sucht, st\u00f6\u00dft schnell auf ein Problem: Die Landesprogramme, die es noch vor kurzem gab, sind inzwischen fast alle ausgelaufen oder pausiert. Was auf Bundesebene \u00fcbrig bleibt, wurde bereits im Artikel Wallbox F\u00f6rderung 2026 im Detail erkl\u00e4rt. Dieser Beitrag geht einen Schritt weiter und beantwortet die Frage,&hellip;","_links":{"self":[{"href":"https:\/\/v2charge.com\/de\/wp-json\/wp\/v2\/posts\/403743","targetHints":{"allow":["GET"]}}],"collection":[{"href":"https:\/\/v2charge.com\/de\/wp-json\/wp\/v2\/posts"}],"about":[{"href":"https:\/\/v2charge.com\/de\/wp-json\/wp\/v2\/types\/post"}],"author":[{"embeddable":true,"href":"https:\/\/v2charge.com\/de\/wp-json\/wp\/v2\/users\/400"}],"replies":[{"embeddable":true,"href":"https:\/\/v2charge.com\/de\/wp-json\/wp\/v2\/comments?post=403743"}],"version-history":[{"count":3,"href":"https:\/\/v2charge.com\/de\/wp-json\/wp\/v2\/posts\/403743\/revisions"}],"predecessor-version":[{"id":403774,"href":"https:\/\/v2charge.com\/de\/wp-json\/wp\/v2\/posts\/403743\/revisions\/403774"}],"wp:featuredmedia":[{"embeddable":true,"href":"https:\/\/v2charge.com\/de\/wp-json\/wp\/v2\/media\/403744"}],"wp:attachment":[{"href":"https:\/\/v2charge.com\/de\/wp-json\/wp\/v2\/media?parent=403743"}],"wp:term":[{"taxonomy":"category","embeddable":true,"href":"https:\/\/v2charge.com\/de\/wp-json\/wp\/v2\/categories?post=403743"},{"taxonomy":"post_tag","embeddable":true,"href":"https:\/\/v2charge.com\/de\/wp-json\/wp\/v2\/tags?post=403743"}],"curies":[{"name":"wp","href":"https:\/\/api.w.org\/{rel}","templated":true}]}}