{"id":405089,"date":"2026-09-04T15:53:07","date_gmt":"2026-09-04T13:53:07","guid":{"rendered":"https:\/\/v2charge.com\/?p=405089"},"modified":"2026-09-04T15:53:07","modified_gmt":"2026-09-04T13:53:07","slug":"wallbox-betriebsausgabe-abschreibung-selbststaendige","status":"publish","type":"post","link":"https:\/\/v2charge.com\/de\/wallbox-betriebsausgabe-abschreibung-selbststaendige\/","title":{"rendered":"Wallbox als Betriebsausgabe absetzen: Abschreibung f\u00fcr Selbstst\u00e4ndige 2026"},"content":{"rendered":"\n<blockquote class=\"wp-block-quote is-layout-flow wp-block-quote-is-layout-flow\">\n<p class=\"wp-block-paragraph\"><strong>Das Wichtigste in K\u00fcrze<\/strong><\/p>\n\n\n\n<ul class=\"wp-block-list\">\n<li>Bis <strong>800 Euro netto<\/strong> l\u00e4sst sich eine Wallbox im Jahr der Anschaffung sofort absetzen (GWG).<\/li>\n\n\n\n<li>Dar\u00fcber gilt die amtliche AfA-Tabelle: <strong>10 Jahre lineare Abschreibung<\/strong>, 10 Prozent pro Jahr.<\/li>\n\n\n\n<li>Alternativ bei Anschaffung bis Ende 2027: <strong>degressive AfA mit bis zu 30 Prozent<\/strong> im ersten Jahr.<\/li>\n\n\n\n<li>Bemessungsgrundlage ist der <strong>Nettobetrag nach Abzug der F\u00f6rderung<\/strong>, nicht der Kaufpreis.<\/li>\n\n\n\n<li>Vorsteuerabzug nur, wenn die betriebliche Nutzung nachweisbar ist, \u00fcblicherweise \u00fcber einen separaten Z\u00e4hler.<\/li>\n<\/ul>\n<\/blockquote>\n\n\n\n<p class=\"wp-block-paragraph\"><\/p>\n\n\n\n<div class=\"wp-block-buttons is-content-justification-center is-layout-flex wp-container-core-buttons-is-layout-fe48e5de wp-block-buttons-is-layout-flex\" style=\"padding-top:0\">\n<div class=\"wp-block-button\"><a class=\"wp-block-button__link wp-element-button\" href=\"https:\/\/v2charge.com\/de\/trydan\/\" style=\"background-color:#000000;color:#ffffff;border-radius:30px;padding:14px 32px;font-weight:600;text-decoration:none;display:inline-block\" target=\"_blank\" rel=\"noreferrer noopener\">Trydan jetzt entdecken<\/a><\/div>\n<\/div>\n\n\n\n<p class=\"wp-block-paragraph\"><\/p>\n\n\n\n<p class=\"wp-block-paragraph\">Wer eine Wallbox betrieblich nutzt, kann sie nicht wie eine private Anschaffung behandeln. <strong>Bis zu einer Grenze von 800 Euro netto z\u00e4hlt sie als geringwertiges Wirtschaftsgut (GWG)<\/strong> und l\u00e4sst sich im Jahr der Zahlung vollst\u00e4ndig absetzen. Dar\u00fcber greift die amtliche AfA-Tabelle des Bundesministeriums der Finanzen mit einer Nutzungsdauer von 10 Jahren. In der Praxis liegt eine professionelle Wallbox mit Installation fast immer \u00fcber dieser Grenze, die GWG-Regel bleibt eher die Ausnahme als der Normalfall.<\/p>\n\n\n\n<h2 class=\"wp-block-heading\">Wann l\u00e4sst sich eine Wallbox sofort absetzen und wann \u00fcber mehrere Jahre?<\/h2>\n\n\n\n<p class=\"wp-block-paragraph\">Die Unterscheidung entscheidet, ob die Kosten das Betriebsergebnis in einem einzigen Jahr oder \u00fcber zehn Jahre verteilt mindern. <strong>Ma\u00dfgeblich ist der Nettobetrag<\/strong>, nicht der Bruttopreis auf der Rechnung. Eine reine Wallbox ohne Installation kann unter 800 Euro netto bleiben, sobald aber ein Elektrofachbetrieb die Montage \u00fcbernimmt, addieren sich Arbeitszeit, Material und oft eine Verst\u00e4rkung des Stromanschlusses hinzu.<\/p>\n\n\n\n<p class=\"wp-block-paragraph\">Nach <strong>\u00a7 255 Abs. 1 HGB<\/strong> z\u00e4hlen zu den aktivierungspflichtigen Anschaffungskosten nicht nur der Kaufpreis der Wallbox, sondern auch die Montage- und Installationskosten sowie eine notwendige Verst\u00e4rkung des Stromanschlusses, wie eine <a href=\"https:\/\/onlinebilanz.de\/abschreibung-ladestation-elektroauto\/\" target=\"_blank\" rel=\"noopener noreferrer\">Fachanalyse zur Abschreibung von Ladestationen<\/a> im Detail auflistet. Diese Posten zusammengerechnet \u00fcbersteigen die 800-Euro-Grenze in den meisten F\u00e4llen deutlich, deshalb ist die zehnj\u00e4hrige Abschreibung die realistischere Erwartung.<\/p>\n\n\n\n<h2 class=\"wp-block-heading\">Wie lange wird eine Wallbox steuerlich abgeschrieben?<\/h2>\n\n\n\n<p class=\"wp-block-paragraph\">Die amtliche AfA-Tabelle stuft eine Ladestation als <strong>selbstst\u00e4ndiges bewegliches Wirtschaftsgut<\/strong> ein, mit einer betriebsgew\u00f6hnlichen Nutzungsdauer von 10 Jahren. Das ergibt eine lineare Abschreibung von 10 Prozent der Anschaffungskosten pro Jahr, gem\u00e4\u00df \u00a7 7 Abs. 1 EStG. Wird die Wallbox dagegen fest in die Geb\u00e4udeinstallation integriert und gilt als unselbstst\u00e4ndiger Geb\u00e4udebestandteil, verl\u00e4ngert sich die Nutzungsdauer auf 33 bis 50 Jahre, ein Unterschied, der sich im Einzelfall lohnt zu pr\u00fcfen.<\/p>\n\n\n\n<p class=\"wp-block-paragraph\">Diese <strong>Einordnung entscheidet<\/strong> also nicht nur \u00fcber die H\u00f6he der j\u00e4hrlichen Abschreibung, sondern auch dar\u00fcber, wie lange sich die Investition steuerlich \u00fcberhaupt bemerkbar macht.<\/p>\n\n\n\n<figure class=\"wp-block-table\"><table class=\"has-fixed-layout\"><thead><tr><th>Anschaffungskosten netto<\/th><th>Nutzungsdauer<\/th><th>J\u00e4hrliche AfA<\/th><th>\u00dcber die Laufzeit<\/th><\/tr><\/thead><tbody><tr><td>2.400 Euro<\/td><td>10 Jahre<\/td><td>240 Euro (10%)<\/td><td>2.400 Euro<\/td><\/tr><tr><td>3.800 Euro<\/td><td>10 Jahre<\/td><td>380 Euro (10%)<\/td><td>3.800 Euro<\/td><\/tr><tr><td>750 Euro (GWG)<\/td><td>Sofort<\/td><td>750 Euro im Kaufjahr<\/td><td>750 Euro<\/td><\/tr><\/tbody><\/table><\/figure>\n\n\n\n<div class=\"v2c-afa-timeline\" style=\"max-width:100%;margin:28px 0;background:#111111;border-radius:16px;padding:28px 24px;\">\n  <p style=\"color:#ffffff;font-weight:600;font-size:15px;margin:0 0 6px;\">Lineare Abschreibung \u00fcber 10 Jahre<\/p>\n  <p style=\"color:#a3a3a3;font-size:13px;margin:0 0 20px;\">Beispiel: 2.400 Euro Anschaffungskosten netto, 240 Euro Abschreibung pro Jahr<\/p>\n  <div style=\"display:flex;flex-wrap:wrap;gap:6px;\">\n    <div class=\"v2c-afa-seg v2c-afa-active\" style=\"flex:1 1 8%;min-width:24px;height:44px;border-radius:6px;background:#3ddc84;display:flex;align-items:center;justify-content:center;color:#111;font-size:11px;font-weight:700;\">1<\/div>\n    <div style=\"flex:1 1 8%;min-width:24px;height:44px;border-radius:6px;background:#2a2a2a;display:flex;align-items:center;justify-content:center;color:#777;font-size:11px;\">2<\/div>\n    <div style=\"flex:1 1 8%;min-width:24px;height:44px;border-radius:6px;background:#2a2a2a;display:flex;align-items:center;justify-content:center;color:#777;font-size:11px;\">3<\/div>\n    <div style=\"flex:1 1 8%;min-width:24px;height:44px;border-radius:6px;background:#2a2a2a;display:flex;align-items:center;justify-content:center;color:#777;font-size:11px;\">4<\/div>\n    <div style=\"flex:1 1 8%;min-width:24px;height:44px;border-radius:6px;background:#2a2a2a;display:flex;align-items:center;justify-content:center;color:#777;font-size:11px;\">5<\/div>\n    <div style=\"flex:1 1 8%;min-width:24px;height:44px;border-radius:6px;background:#2a2a2a;display:flex;align-items:center;justify-content:center;color:#777;font-size:11px;\">6<\/div>\n    <div style=\"flex:1 1 8%;min-width:24px;height:44px;border-radius:6px;background:#2a2a2a;display:flex;align-items:center;justify-content:center;color:#777;font-size:11px;\">7<\/div>\n    <div style=\"flex:1 1 8%;min-width:24px;height:44px;border-radius:6px;background:#2a2a2a;display:flex;align-items:center;justify-content:center;color:#777;font-size:11px;\">8<\/div>\n    <div style=\"flex:1 1 8%;min-width:24px;height:44px;border-radius:6px;background:#2a2a2a;display:flex;align-items:center;justify-content:center;color:#777;font-size:11px;\">9<\/div>\n    <div style=\"flex:1 1 8%;min-width:24px;height:44px;border-radius:6px;background:#2a2a2a;display:flex;align-items:center;justify-content:center;color:#777;font-size:11px;\">10<\/div>\n  <\/div>\n  <p style=\"color:#3ddc84;font-size:13px;margin:16px 0 0;font-weight:600;\">Jahr 1 von 10: 240 Euro als Betriebsausgabe<\/p>\n  <style>\n    .v2c-afa-active{animation:v2cAfaPulse 2.2s ease-in-out infinite;}\n    @keyframes v2cAfaPulse{0%,100%{box-shadow:0 0 0 0 rgba(61,220,132,.55);}50%{box-shadow:0 0 0 8px rgba(61,220,132,0);}}\n    @media (max-width:480px){.v2c-afa-timeline > div[style*=\"display:flex\"]{gap:4px;}}\n  <\/style>\n<\/div>\n\n\n\n<p class=\"wp-block-paragraph\"><\/p>\n\n\n\n<p class=\"wp-block-paragraph\">Wer schneller entlasten will, hat seit dem Investitionssofortprogramm eine zweite Option: die <strong>degressive Abschreibung<\/strong>. F\u00fcr bewegliche Wirtschaftsg\u00fcter, angeschafft zwischen dem 1. Juli 2025 und dem 31. Dezember 2027, ist statt der linearen AfA ein degressiver Satz von bis zum Dreifachen der linearen Rate m\u00f6glich, gedeckelt auf 30 Prozent im ersten Jahr. Bei 2.400 Euro netto w\u00e4ren das 720 Euro schon im Anschaffungsjahr statt 240 Euro, mit fallenden Betr\u00e4gen in den Folgejahren. Ob linear oder degressiv g\u00fcnstiger ist, h\u00e4ngt vom erwarteten Gewinn in den einzelnen Jahren ab, ein Wechsel zur\u00fcck zur linearen Methode ist sp\u00e4ter m\u00f6glich, umgekehrt nicht.<\/p>\n\n\n\n<h2 class=\"wp-block-heading\">Welcher Betrag z\u00e4hlt, wenn eine F\u00f6rderung geflossen ist?<\/h2>\n\n\n\n<p class=\"wp-block-paragraph\">Wurde eine <a href=\"https:\/\/v2charge.com\/de\/kfw-foerderung-wallbox-2026\/\" target=\"_blank\" rel=\"noopener noreferrer\">KfW-F\u00f6rderung<\/a> oder ein anderer Zuschuss in Anspruch genommen, mindert dieser zuerst die Bemessungsgrundlage. <strong>Erst der verbleibende Betrag, Investitionskosten abz\u00fcglich F\u00f6rderung, ist \u00fcberhaupt ansatzf\u00e4hig.<\/strong> Eine <a href=\"https:\/\/v2charge.com\/de\/wallbox-foerderung\/\" target=\"_blank\" rel=\"noopener noreferrer\">\u00dcbersicht der aktuellen F\u00f6rderprogramme<\/a> lohnt sich deshalb vor der Steuererkl\u00e4rung, nicht erst danach, weil der F\u00f6rderbetrag direkt in die Rechnung einflie\u00dft.<\/p>\n\n\n\n<p class=\"wp-block-paragraph\">Dabei spielt es keine Rolle, ob die Wallbox ausschlie\u00dflich mit Netzstrom versorgt wird oder zus\u00e4tzlich an eine eigene Photovoltaikanlage angeschlossen ist. F\u00fcr die steuerliche Behandlung der Wallbox selbst \u00e4ndert die <strong>Stromquelle nichts an Abschreibung oder Vorsteuerabzug<\/strong>.<\/p>\n\n\n\n<h2 class=\"wp-block-heading\">Was passiert, wenn die Wallbox erst privat gekauft und sp\u00e4ter eingelegt wird?<\/h2>\n\n\n\n<p class=\"wp-block-paragraph\">Wer eine Wallbox zun\u00e4chst privat kauft und erst sp\u00e4ter als Betriebsverm\u00f6gen behandeln will, verkompliziert die Sache unn\u00f6tig. Eine <strong>nachtr\u00e4gliche Einlage<\/strong> ist grunds\u00e4tzlich m\u00f6glich, verlangt aber eine eigene Bewertung zum Einlagezeitpunkt, meist zum niedrigeren Teilwert statt zu den urspr\u00fcnglichen Anschaffungskosten. Das mindert die Bemessungsgrundlage f\u00fcr die Abschreibung gegen\u00fcber einem direkten betrieblichen Kauf, oft sp\u00fcrbar. Wer von Anfang an wei\u00df, dass die Wallbox \u00fcberwiegend gesch\u00e4ftlich genutzt wird, spart sich diesen Umweg, indem sie oder er die Rechnung direkt auf das Unternehmen ausstellen l\u00e4sst.<\/p>\n\n\n\n<h2 class=\"wp-block-heading\">Wie wird private von gesch\u00e4ftlicher Nutzung getrennt?<\/h2>\n\n\n\n<p class=\"wp-block-paragraph\">Wird die Wallbox auch privat genutzt, etwa weil das Fahrzeug abends zu Hause und nicht ausschlie\u00dflich am Betriebssitz l\u00e4dt, verlangt das Finanzamt eine nachvollziehbare Trennung der Ladevorg\u00e4nge. Ohne <strong>dokumentierte Aufteilung zwischen privatem und gesch\u00e4ftlichem Verbrauch<\/strong> wird der Betriebsausgabenabzug schnell angezweifelt, unabh\u00e4ngig davon, wie plausibel die private Nutzung tats\u00e4chlich war.<\/p>\n\n\n\n<p class=\"wp-block-paragraph\">Reine Sch\u00e4tzungen reichen daf\u00fcr nicht.<\/p>\n\n\n\n<figure class=\"wp-block-image size-large\"><img loading=\"lazy\" decoding=\"async\" width=\"960\" height=\"560\" src=\"https:\/\/v2charge.com\/wp-content\/uploads\/2026\/03\/trydan-wallbox.jpg\" alt=\"Wallbox mit MID-konformem Z\u00e4hler zur Trennung von privatem und gesch\u00e4ftlichem Ladeverbrauch f\u00fcr die Steuer\" class=\"wp-image-308942\" srcset=\"https:\/\/v2charge.com\/wp-content\/uploads\/2026\/03\/trydan-wallbox.jpg 960w, https:\/\/v2charge.com\/wp-content\/uploads\/2026\/03\/trydan-wallbox-300x175.jpg 300w, https:\/\/v2charge.com\/wp-content\/uploads\/2026\/03\/trydan-wallbox-768x448.jpg 768w, https:\/\/v2charge.com\/wp-content\/uploads\/2026\/03\/trydan-wallbox-50x29.jpg 50w\" sizes=\"auto, (max-width: 960px) 100vw, 960px\" \/><\/figure>\n\n\n\n<p class=\"wp-block-paragraph\"><\/p>\n\n\n\n<p class=\"wp-block-paragraph\">Ein fest verbauter, <strong>MID-konformer Z\u00e4hler<\/strong> ist der praktische Weg, diesen Nachweis zu f\u00fchren, weil er den Verbrauch kWh-genau protokolliert statt ihn zu sch\u00e4tzen. MID ist dabei nicht dasselbe wie Eichrecht, ein feiner, aber wichtiger Unterschied bei der Wahl der Wallbox, ausf\u00fchrlich erkl\u00e4rt im <a href=\"https:\/\/v2charge.com\/de\/dienstwagen-wallbox-mid-zaehler-abrechnung\/\" target=\"_blank\" rel=\"noopener noreferrer\">Artikel zur Dienstwagen-Abrechnung mit MID-Z\u00e4hler<\/a>. F\u00fcr die reine Trennung von privatem und betrieblichem Verbrauch reicht die MID-Konformit\u00e4t in der Regel aus, eine volle Eichrechtskonformit\u00e4t wird erst n\u00f6tig, sobald der Strom einem Dritten, etwa einem Mitarbeiter oder Mieter, in Rechnung gestellt wird.<\/p>\n\n\n\n<div class=\"wp-block-uagb-container uagb-block-77946395 default uagb-is-root-container\">\n<div class=\"wp-block-uagb-advanced-heading uagb-block-c84df59f\"><p class=\"uagb-heading-text\">Empfohlene Artikel<\/p><\/div>\n\n\n\n<div class=\"wp-block-uagb-advanced-heading uagb-block-48c92cba\"><p class=\"uagb-heading-text\">Bei <strong>V2C werden <a href=\"https:\/\/v2charge.com\/de\/\">Leistungsstarke Ladestation f\u00fcr Elektroautos<\/a><\/strong> in Europa entwickelt und hergestellt, und es wird \u00fcber die neuesten Entwicklungen der Elektromobilit\u00e4t informiert.<\/p><\/div>\n\n\n\n\t\t\t<div class=\"wp-block-uagb-post-grid uagb-post-grid  uagb-post__image-position-top uagb-post__image-enabled uagb-block-58c39bd5     uagb-post__items uagb-post__columns-3 is-grid uagb-post__columns-tablet-2 uagb-post__columns-mobile-1 uagb-post__equal-height uagb-equal_height_inline-read-more-buttons\" data-total=\"23\" style=\"\">\n\n\t\t\t\t\t\t\t\t\t\t\t\t<article class=\"uagb-post__inner-wrap\">\t\t\t\t\t\t\t\t<div class='uagb-post__image'>\n\t\t\t\t\t\t\t\t\t<a href=\"https:\/\/v2charge.com\/de\/solaredge-wallbox-ueberschussladen\/\" target=\"_blank\" rel=\"bookmark noopener noreferrer\" class='uagb-image-ratio-inherit'><img loading=\"lazy\" decoding=\"async\" width=\"960\" height=\"560\" src=\"https:\/\/v2charge.com\/wp-content\/uploads\/2026\/09\/solaredge-wechselrichter-trydan-installation.png\" class=\"attachment-large size-large\" alt=\"V2C Trydan neben einem SolarEdge-Wechselrichter an der Wand montiert, Solaranlage im Hintergrund\" srcset=\"https:\/\/v2charge.com\/wp-content\/uploads\/2026\/09\/solaredge-wechselrichter-trydan-installation.png 960w, https:\/\/v2charge.com\/wp-content\/uploads\/2026\/09\/solaredge-wechselrichter-trydan-installation-300x175.png 300w, https:\/\/v2charge.com\/wp-content\/uploads\/2026\/09\/solaredge-wechselrichter-trydan-installation-768x448.png 768w, https:\/\/v2charge.com\/wp-content\/uploads\/2026\/09\/solaredge-wechselrichter-trydan-installation-50x29.png 50w\" sizes=\"auto, (max-width: 960px) 100vw, 960px\" \/>\t\t\t\t\t<\/a>\n\t\t\t\t\t\t\t<\/div>\n\t\t\t\t\t\t<p class=\"uagb-post__title uagb-post__text\">\n\t\t\t\t<a href=\"https:\/\/v2charge.com\/de\/solaredge-wallbox-ueberschussladen\/\" target=\"_blank\" rel=\"bookmark noopener noreferrer\">SolarEdge Wallbox: PV-\u00dcberschussladen in zwei Schritten<\/a>\n\t\t\t<\/p>\n\t\t\t\t\t\t<div class='uagb-post__text uagb-post-grid-byline'>\n\t\t\t\t\t\t\t<\/div>\n\t\t\t\t\t\t<div class=\"uagb-post__text uagb-post__cta wp-block-button\">\n\t\t\t\t<a class=\"wp-block-button__link uagb-text-link\" style=\"\" href=\"https:\/\/v2charge.com\/de\/solaredge-wallbox-ueberschussladen\/\" target=\"_blank\" rel=\"bookmark noopener noreferrer\">Mehr lesen<\/a>\n\t\t\t<\/div>\n\t\t\t\n\t\t\t\t\t\t\t\t\t<\/article>\n\t\t\t\t\t\t\t\t\t\t\t\t\t\t\t\t<article class=\"uagb-post__inner-wrap\">\t\t\t\t\t\t\t\t<div class='uagb-post__image'>\n\t\t\t\t\t\t\t\t\t<a href=\"https:\/\/v2charge.com\/de\/sungrow-wallbox-ueberschussladen\/\" target=\"_blank\" rel=\"bookmark noopener noreferrer\" class='uagb-image-ratio-inherit'><img loading=\"lazy\" decoding=\"async\" width=\"960\" height=\"560\" src=\"https:\/\/v2charge.com\/wp-content\/uploads\/2026\/09\/sungrow-wallbox-trydan-garage-laden.png\" class=\"attachment-large size-large\" alt=\"V2C Trydan neben einem Sungrow-Wechselrichter in der Garage montiert, Elektroauto wird geladen\" srcset=\"https:\/\/v2charge.com\/wp-content\/uploads\/2026\/09\/sungrow-wallbox-trydan-garage-laden.png 960w, https:\/\/v2charge.com\/wp-content\/uploads\/2026\/09\/sungrow-wallbox-trydan-garage-laden-300x175.png 300w, https:\/\/v2charge.com\/wp-content\/uploads\/2026\/09\/sungrow-wallbox-trydan-garage-laden-768x448.png 768w, https:\/\/v2charge.com\/wp-content\/uploads\/2026\/09\/sungrow-wallbox-trydan-garage-laden-50x29.png 50w\" sizes=\"auto, (max-width: 960px) 100vw, 960px\" \/>\t\t\t\t\t<\/a>\n\t\t\t\t\t\t\t<\/div>\n\t\t\t\t\t\t<p class=\"uagb-post__title uagb-post__text\">\n\t\t\t\t<a href=\"https:\/\/v2charge.com\/de\/sungrow-wallbox-ueberschussladen\/\" target=\"_blank\" rel=\"bookmark noopener noreferrer\">Sungrow Wallbox: PV-\u00dcberschussladen \u00fcber das Heimnetz<\/a>\n\t\t\t<\/p>\n\t\t\t\t\t\t<div class='uagb-post__text uagb-post-grid-byline'>\n\t\t\t\t\t\t\t<\/div>\n\t\t\t\t\t\t<div class=\"uagb-post__text uagb-post__cta wp-block-button\">\n\t\t\t\t<a class=\"wp-block-button__link uagb-text-link\" style=\"\" href=\"https:\/\/v2charge.com\/de\/sungrow-wallbox-ueberschussladen\/\" target=\"_blank\" rel=\"bookmark noopener noreferrer\">Mehr lesen<\/a>\n\t\t\t<\/div>\n\t\t\t\n\t\t\t\t\t\t\t\t\t<\/article>\n\t\t\t\t\t\t\t\t\t\t\t\t\t\t\t\t<article class=\"uagb-post__inner-wrap\">\t\t\t\t\t\t\t\t<div class='uagb-post__image'>\n\t\t\t\t\t\t\t\t\t<a href=\"https:\/\/v2charge.com\/de\/wallbox-foerderung-bundesland-2026\/\" target=\"_blank\" rel=\"bookmark noopener noreferrer\" class='uagb-image-ratio-inherit'><img loading=\"lazy\" decoding=\"async\" width=\"960\" height=\"560\" src=\"https:\/\/v2charge.com\/wp-content\/uploads\/2026\/08\/wallbox-foerderung-bundesland-nrw-trydan.jpg\" class=\"attachment-large size-large\" alt=\"Trydan Wallbox von V2C mit Deutschlandkarte, Nordrhein-Westfalen hervorgehoben, Wallbox F\u00f6rderung nach Bundesland 2026\" srcset=\"https:\/\/v2charge.com\/wp-content\/uploads\/2026\/08\/wallbox-foerderung-bundesland-nrw-trydan.jpg 960w, https:\/\/v2charge.com\/wp-content\/uploads\/2026\/08\/wallbox-foerderung-bundesland-nrw-trydan-300x175.jpg 300w, https:\/\/v2charge.com\/wp-content\/uploads\/2026\/08\/wallbox-foerderung-bundesland-nrw-trydan-768x448.jpg 768w, https:\/\/v2charge.com\/wp-content\/uploads\/2026\/08\/wallbox-foerderung-bundesland-nrw-trydan-50x29.jpg 50w\" sizes=\"auto, (max-width: 960px) 100vw, 960px\" \/>\t\t\t\t\t<\/a>\n\t\t\t\t\t\t\t<\/div>\n\t\t\t\t\t\t<p class=\"uagb-post__title uagb-post__text\">\n\t\t\t\t<a href=\"https:\/\/v2charge.com\/de\/wallbox-foerderung-bundesland-2026\/\" target=\"_blank\" rel=\"bookmark noopener noreferrer\">Wallbox F\u00f6rderung nach Bundesland 2026: NRW, Bayern, BW und mehr<\/a>\n\t\t\t<\/p>\n\t\t\t\t\t\t<div class='uagb-post__text uagb-post-grid-byline'>\n\t\t\t\t\t\t\t<\/div>\n\t\t\t\t\t\t<div class=\"uagb-post__text uagb-post__cta wp-block-button\">\n\t\t\t\t<a class=\"wp-block-button__link uagb-text-link\" style=\"\" href=\"https:\/\/v2charge.com\/de\/wallbox-foerderung-bundesland-2026\/\" target=\"_blank\" rel=\"bookmark noopener noreferrer\">Mehr lesen<\/a>\n\t\t\t<\/div>\n\t\t\t\n\t\t\t\t\t\t\t\t\t<\/article>\n\t\t\t\t\t\t\t\t\t\t\t<\/div>\n\t\t\t<\/div>\n\n\n\n<h2 class=\"wp-block-heading\">Wie hoch ist die tats\u00e4chliche Steuerersparnis?<\/h2>\n\n\n\n<p class=\"wp-block-paragraph\">Ein Zahlenbeispiel macht den Effekt greifbar. Eine Freiberuflerin schafft eine Wallbox mit Installation f\u00fcr 2.400 Euro netto an, nach Abzug einer F\u00f6rderung von 300 Euro bleiben 2.100 Euro als Bemessungsgrundlage. Bei einer Nutzungsdauer von 10 Jahren ergibt das eine j\u00e4hrliche AfA von 210 Euro. <strong>Bei einem pers\u00f6nlichen Grenzsteuersatz von 30 Prozent mindert das die Steuerlast um rund 63 Euro pro Jahr<\/strong>, \u00fcber die gesamte Laufzeit von 10 Jahren also um etwa 630 Euro, zus\u00e4tzlich zur bereits erhaltenen F\u00f6rderung. Wird zus\u00e4tzlich der Investitionsabzugsbetrag genutzt, verschiebt sich ein gro\u00dfer Teil dieser Ersparnis vor, statt sich \u00fcber ein Jahrzehnt zu verteilen, was bei knapper Liquidit\u00e4t im Gr\u00fcndungsjahr sp\u00fcrbar sein kann.<\/p>\n\n\n\n<p class=\"wp-block-paragraph\">Die Rechnung \u00e4ndert sich, sobald die Vorsteuer dazukommt. Bei voller betrieblicher Nutzung kommen zu den 630 Euro AfA-Ersparnis noch einmal bis zu 19 Prozent der Nettokosten als Vorsteuererstattung, im Beispiel <strong>rund 399 Euro<\/strong>, die sich direkt und nicht erst \u00fcber zehn Jahre auszahlen.<\/p>\n\n\n\n<h2 class=\"wp-block-heading\">Wann l\u00e4sst sich die Vorsteuer zur\u00fcckholen?<\/h2>\n\n\n\n<p class=\"wp-block-paragraph\">Bei einer <strong>zu 100 Prozent betrieblichen Nutzung<\/strong> l\u00e4sst sich die volle Vorsteuer von 19 Prozent auf Kauf und Installation zur\u00fcckholen. Bei gemischter Nutzung ist nur ein anteiliger Abzug m\u00f6glich, wieder auf Basis der dokumentierten Aufteilung. Wer die Kleinunternehmerregelung nach \u00a7 19 UStG anwendet, kann grunds\u00e4tzlich keine Vorsteuer geltend machen, unabh\u00e4ngig vom Nutzungsanteil. Das relativiert die Steuerersparnis f\u00fcr kleinere Betriebe sp\u00fcrbar, weshalb sich ein Wechsel zur Regelbesteuerung vor einer gr\u00f6\u00dferen Investition wie einer Wallbox durchaus lohnen kann.<\/p>\n\n\n\n<h2 class=\"wp-block-heading\">Welche Sonderabschreibung gilt f\u00fcr kleine Unternehmen?<\/h2>\n\n\n\n<p class=\"wp-block-paragraph\">Kleinere und mittlere Unternehmen k\u00f6nnen zus\u00e4tzlich vom <strong>Investitionsabzugsbetrag nach \u00a7 7g EStG<\/strong> profitieren: bis zu 50 Prozent der geplanten Anschaffungskosten lassen sich schon vor dem Kauf gewinnmindernd abziehen, erg\u00e4nzt um eine Sonderabschreibung von 20 Prozent nach der Anschaffung. Kombiniert mit der regul\u00e4ren linearen AfA verschiebt das einen erheblichen Teil der Steuerlast in die ersten Jahre, statt sie \u00fcber die gesamte Nutzungsdauer zu strecken. Voraussetzung sind bestimmte Gr\u00f6\u00dfengrenzen beim Betriebsverm\u00f6gen beziehungsweise Gewinn, die je nach Rechtsform unterschiedlich berechnet werden.<\/p>\n\n\n\n<h2 class=\"wp-block-heading\">Was ist rechtlich noch nicht abschlie\u00dfend gekl\u00e4rt?<\/h2>\n\n\n\n<p class=\"wp-block-paragraph\">Die steuerliche Behandlung einer privat genutzten Wallbox bei betrieblicher Randnutzung ist in Teilen <strong>noch keine gefestigte Rechtslage<\/strong>, insbesondere bei der Frage, ab welchem Nutzungsanteil das Finanzamt eine Aufteilung \u00fcberhaupt akzeptiert. In Grenzf\u00e4llen, etwa bei einem h\u00e4uslichen Arbeitszimmer mit gemischter Nutzung, lohnt sich eine kurze Abstimmung mit der eigenen Steuerberatung vor der Anschaffung, nicht erst bei der Steuererkl\u00e4rung, wie auch eine <a href=\"https:\/\/reibold-guthier.de\/steuer-news\/die-wallbox-in-der-einkommensteuer\" target=\"_blank\" rel=\"noopener noreferrer\">Einordnung einer Steuerkanzlei<\/a> zur Wallbox in der Einkommensteuer empfiehlt. Das gilt besonders, wenn das Arbeitszimmer selbst schon Gegenstand einer eigenen steuerlichen Pr\u00fcfung ist, weil sich beide Fragen dann gegenseitig beeinflussen.<\/p>\n\n\n\n<p class=\"wp-block-paragraph\">Eine pauschale Antwort gibt es hier nicht.<\/p>\n\n\n\n<h2 class=\"wp-block-heading\">F\u00fcr wen lohnt sich der Abzug: Freiberufler, Kleinunternehmer oder GmbH?<\/h2>\n\n\n\n<p class=\"wp-block-paragraph\"><strong>Freiberufler und Einzelunternehmer<\/strong> mit regelm\u00e4\u00dfiger gesch\u00e4ftlicher Fahrleistung profitieren am direktesten, weil die Abschreibung unmittelbar den eigenen Gewinn mindert. Bei einer GmbH l\u00e4uft die Wallbox \u00fcber das Betriebsverm\u00f6gen der Gesellschaft, mit denselben AfA-Regeln, aber ohne die pers\u00f6nliche Steuerersparnis, die ein Einzelunternehmer direkt sp\u00fcrt. Kleinunternehmer nach \u00a7 19 UStG haben zwar Anspruch auf die regul\u00e4re Abschreibung, aber keinen Vorsteuerabzug, ein Unterschied, der bei der Kalkulation der tats\u00e4chlichen Ersparnis oft \u00fcbersehen wird.<\/p>\n\n\n\n<p class=\"wp-block-paragraph\">Wer parallel einen Dienstwagen \u00fcber den Arbeitgeber abrechnet, findet die passende Perspektive im <a href=\"https:\/\/v2charge.com\/de\/wallbox-arbeitgeberzuschuss-2026\/\" target=\"_blank\" rel=\"noopener noreferrer\">Artikel zum Arbeitgeberzuschuss<\/a>, dort geht es um die <strong>umgekehrte Konstellation<\/strong>: der Arbeitgeber zahlt, nicht das eigene Unternehmen. Und wer mehrere Firmenwagen \u00fcber eine eigene Flotte abrechnet, findet die dazugeh\u00f6rige Struktur im <a href=\"https:\/\/v2charge.com\/de\/wallbox-abrechnungssystem-firmenwagenflotte\/\" target=\"_blank\" rel=\"noopener noreferrer\">Artikel zum Abrechnungssystem f\u00fcr Firmenwagenflotten<\/a>.<\/p>\n\n\n\n<p class=\"wp-block-paragraph\">Ein <strong>eigener Fall sind vermietete Wohnungen<\/strong>: Wer eine Wallbox in einer vermieteten Immobilie installiert, setzt die Kosten nicht als Betriebsausgabe, sondern als Werbungskosten bei den Eink\u00fcnften aus Vermietung und Verpachtung an, mit denselben AfA-S\u00e4tzen. Nach <a href=\"https:\/\/www.haufe.de\/id\/beitrag\/photovoltaik-steuerpflichtige-anlagen-564-wallbox-HI13604573.html\" target=\"_blank\" rel=\"noopener noreferrer\">Einsch\u00e4tzung von Haufe<\/a> ist auch hier <strong>nicht abschlie\u00dfend gekl\u00e4rt<\/strong>, ob die Wallbox als eigenst\u00e4ndiges Wirtschaftsgut oder als Teil der Geb\u00e4udeinstallation gilt, besonders wenn sie zusammen mit einer Photovoltaikanlage installiert wird.<\/p>\n\n\n\n<h2 class=\"wp-block-heading\">Kurz gesagt<\/h2>\n\n\n\n<p class=\"wp-block-paragraph\">Bis 800 Euro netto sofort absetzen, dar\u00fcber 10 Jahre lineare Abschreibung, und immer auf Basis des Nettobetrags nach F\u00f6rderung. <strong>Die private Mitnutzung sauber zu dokumentieren<\/strong> entscheidet am Ende dar\u00fcber, ob das Finanzamt den Abzug ohne R\u00fcckfragen akzeptiert.<\/p>\n\n\n\n<h2 class=\"wp-block-heading\">FAQs<\/h2>\n\n\n\n<div class=\"schema-faq wp-block-yoast-faq-block\"><div class=\"schema-faq-section\" id=\"faq-wba-001\"><strong class=\"schema-faq-question\"><strong>Kann man eine Wallbox von der Steuer absetzen?<\/strong><\/strong> <p class=\"schema-faq-answer\">Ja, sofern sie betrieblich genutzt wird. Bis 800 Euro netto sofort als geringwertiges Wirtschaftsgut, dar\u00fcber \u00fcber 10 Jahre linear oder, bei Anschaffung zwischen Juli 2025 und Ende 2027, wahlweise degressiv mit bis zu 30 Prozent im ersten Jahr.<\/p> <\/div> <div class=\"schema-faq-section\" id=\"faq-wba-002\"><strong class=\"schema-faq-question\"><strong>Ab wann muss eine Wallbox \u00fcber mehrere Jahre abgeschrieben werden?<\/strong><\/strong> <p class=\"schema-faq-answer\">Sobald die Anschaffungskosten netto, also Kaufpreis plus Installation und notwendige Verst\u00e4rkung des Stromanschlusses, 800 Euro \u00fcbersteigen, greift die mehrj\u00e4hrige Abschreibung statt der Sofortabsetzung als geringwertiges Wirtschaftsgut.<\/p> <\/div> <div class=\"schema-faq-section\" id=\"faq-wba-003\"><strong class=\"schema-faq-question\"><strong>Kann ich die Wallbox degressiv statt linear abschreiben?<\/strong><\/strong> <p class=\"schema-faq-answer\">Bei Anschaffung zwischen dem 1. Juli 2025 und dem 31. Dezember 2027, ja: bis zum Dreifachen der linearen AfA, gedeckelt auf 30 Prozent im ersten Jahr. Ein sp\u00e4terer Wechsel zur linearen Methode ist m\u00f6glich, umgekehrt nicht.<\/p> <\/div> <div class=\"schema-faq-section\" id=\"faq-wba-004\"><strong class=\"schema-faq-question\"><strong>Z\u00e4hlt die Installation zu den Anschaffungskosten der Wallbox?<\/strong><\/strong> <p class=\"schema-faq-answer\">Ja. Nach \u00a7 255 Abs. 1 HGB geh\u00f6ren Montage- und Installationskosten durch einen Elektrofachbetrieb sowie eine notwendige Verst\u00e4rkung des Stromanschlusses zu den aktivierungspflichtigen Anschaffungskosten, nicht nur der reine Kaufpreis der Wallbox.<\/p> <\/div> <div class=\"schema-faq-section\" id=\"faq-wba-005\"><strong class=\"schema-faq-question\"><strong>Kann ich die Vorsteuer auf die Wallbox zur\u00fcckholen?<\/strong><\/strong> <p class=\"schema-faq-answer\">Bei ausschlie\u00dflich betrieblicher Nutzung l\u00e4sst sich die volle Vorsteuer von 19 Prozent geltend machen. Bei gemischter Nutzung nur anteilig, und bei Anwendung der Kleinunternehmerregelung nach \u00a7 19 UStG gar nicht.<\/p> <\/div> <div class=\"schema-faq-section\" id=\"faq-wba-006\"><strong class=\"schema-faq-question\"><strong>Wie trenne ich privaten und gesch\u00e4ftlichen Ladeverbrauch f\u00fcr das Finanzamt?<\/strong><\/strong> <p class=\"schema-faq-answer\">\u00dcber einen fest verbauten, MID-konformen Z\u00e4hler, der den Verbrauch kWh-genau protokolliert. Ohne dokumentierte Aufteilung wird der Betriebsausgabenabzug bei gemischter Nutzung h\u00e4ufig angezweifelt.<\/p> <\/div> <div class=\"schema-faq-section\" id=\"faq-wba-007\"><strong class=\"schema-faq-question\"><strong>Gilt die Abschreibung auch f\u00fcr eine Wallbox in einer vermieteten Wohnung?<\/strong><\/strong> <p class=\"schema-faq-answer\">Dort l\u00e4uft sie \u00fcber Werbungskosten bei Vermietung und Verpachtung statt \u00fcber Betriebsausgaben, mit denselben AfA-S\u00e4tzen. Ob die Wallbox dabei als eigenst\u00e4ndiges Wirtschaftsgut oder als Teil der Geb\u00e4udeinstallation gilt, ist rechtlich nicht abschlie\u00dfend gekl\u00e4rt.<\/p> <\/div> <div class=\"schema-faq-section\" id=\"faq-wba-008\"><strong class=\"schema-faq-question\"><strong>\u00c4ndert eine eigene Photovoltaikanlage etwas an der steuerlichen Behandlung?<\/strong><\/strong> <p class=\"schema-faq-answer\">Nein. Ob die Wallbox mit Netzstrom oder mit selbst erzeugtem Solarstrom versorgt wird, ist f\u00fcr Abschreibung und Vorsteuerabzug der Wallbox selbst unerheblich.<\/p> <\/div> <div class=\"schema-faq-section\" id=\"faq-wba-009\"><strong class=\"schema-faq-question\"><strong>Was ist der Investitionsabzugsbetrag nach \u00a7 7g EStG?<\/strong><\/strong> <p class=\"schema-faq-answer\">Ein Instrument f\u00fcr kleine und mittlere Unternehmen, das bis zu 50 Prozent der geplanten Anschaffungskosten schon vor dem Kauf gewinnmindernd abzieht, erg\u00e4nzt um eine Sonderabschreibung von 20 Prozent nach der Anschaffung.<\/p> <\/div><\/div>\n\n\n\n<!-- ==========================================================\n     Structured Data: FAQPage (JSON-LD)\n     Zweck: Zitierfaehigkeit in ChatGPT, Google AI Overviews,\n     Perplexity, Gemini. Teil der GEO\/AEO-Strategie (Lever 1).\n     ========================================================== -->\n<script type=\"application\/ld+json\">\n{\n   \"@context\": \"https:\/\/schema.org\",\n   \"@type\": \"FAQPage\",\n   \"mainEntity\": [\n      {\n         \"@type\": \"Question\",\n         \"name\": \"Kann man eine Wallbox von der Steuer absetzen?\",\n         \"acceptedAnswer\": {\n            \"@type\": \"Answer\",\n            \"text\": \"Ja, sofern sie betrieblich genutzt wird. Bis 800 Euro netto sofort als geringwertiges Wirtschaftsgut, dar\u00fcber \u00fcber 10 Jahre linear oder, bei Anschaffung zwischen Juli 2025 und Ende 2027, wahlweise degressiv mit bis zu 30 Prozent im ersten Jahr.\"\n         }\n      },\n      {\n         \"@type\": \"Question\",\n         \"name\": \"Ab wann muss eine Wallbox \u00fcber mehrere Jahre abgeschrieben werden?\",\n         \"acceptedAnswer\": {\n            \"@type\": \"Answer\",\n            \"text\": \"Sobald die Anschaffungskosten netto, also Kaufpreis plus Installation und notwendige Verst\u00e4rkung des Stromanschlusses, 800 Euro \u00fcbersteigen, greift die mehrj\u00e4hrige Abschreibung statt der Sofortabsetzung als geringwertiges Wirtschaftsgut.\"\n         }\n      },\n      {\n         \"@type\": \"Question\",\n         \"name\": \"Kann ich die Wallbox degressiv statt linear abschreiben?\",\n         \"acceptedAnswer\": {\n            \"@type\": \"Answer\",\n            \"text\": \"Bei Anschaffung zwischen dem 1. Juli 2025 und dem 31. Dezember 2027, ja: bis zum Dreifachen der linearen AfA, gedeckelt auf 30 Prozent im ersten Jahr. Ein sp\u00e4terer Wechsel zur linearen Methode ist m\u00f6glich, umgekehrt nicht.\"\n         }\n      },\n      {\n         \"@type\": \"Question\",\n         \"name\": \"Z\u00e4hlt die Installation zu den Anschaffungskosten der Wallbox?\",\n         \"acceptedAnswer\": {\n            \"@type\": \"Answer\",\n            \"text\": \"Ja. Nach \u00a7 255 Abs. 1 HGB geh\u00f6ren Montage- und Installationskosten durch einen Elektrofachbetrieb sowie eine notwendige Verst\u00e4rkung des Stromanschlusses zu den aktivierungspflichtigen Anschaffungskosten, nicht nur der reine Kaufpreis der Wallbox.\"\n         }\n      },\n      {\n         \"@type\": \"Question\",\n         \"name\": \"Kann ich die Vorsteuer auf die Wallbox zur\u00fcckholen?\",\n         \"acceptedAnswer\": {\n            \"@type\": \"Answer\",\n            \"text\": \"Bei ausschlie\u00dflich betrieblicher Nutzung l\u00e4sst sich die volle Vorsteuer von 19 Prozent geltend machen. Bei gemischter Nutzung nur anteilig, und bei Anwendung der Kleinunternehmerregelung nach \u00a7 19 UStG gar nicht.\"\n         }\n      },\n      {\n         \"@type\": \"Question\",\n         \"name\": \"Wie trenne ich privaten und gesch\u00e4ftlichen Ladeverbrauch f\u00fcr das Finanzamt?\",\n         \"acceptedAnswer\": {\n            \"@type\": \"Answer\",\n            \"text\": \"\u00dcber einen fest verbauten, MID-konformen Z\u00e4hler, der den Verbrauch kWh-genau protokolliert. Ohne dokumentierte Aufteilung wird der Betriebsausgabenabzug bei gemischter Nutzung h\u00e4ufig angezweifelt.\"\n         }\n      },\n      {\n         \"@type\": \"Question\",\n         \"name\": \"Gilt die Abschreibung auch f\u00fcr eine Wallbox in einer vermieteten Wohnung?\",\n         \"acceptedAnswer\": {\n            \"@type\": \"Answer\",\n            \"text\": \"Dort l\u00e4uft sie \u00fcber Werbungskosten bei Vermietung und Verpachtung statt \u00fcber Betriebsausgaben, mit denselben AfA-S\u00e4tzen. Ob die Wallbox dabei als eigenst\u00e4ndiges Wirtschaftsgut oder als Teil der Geb\u00e4udeinstallation gilt, ist rechtlich nicht abschlie\u00dfend gekl\u00e4rt.\"\n         }\n      },\n      {\n         \"@type\": \"Question\",\n         \"name\": \"\u00c4ndert eine eigene Photovoltaikanlage etwas an der steuerlichen Behandlung?\",\n         \"acceptedAnswer\": {\n            \"@type\": \"Answer\",\n            \"text\": \"Nein. Ob die Wallbox mit Netzstrom oder mit selbst erzeugtem Solarstrom versorgt wird, ist f\u00fcr Abschreibung und Vorsteuerabzug der Wallbox selbst unerheblich.\"\n         }\n      },\n      {\n         \"@type\": \"Question\",\n         \"name\": \"Was ist der Investitionsabzugsbetrag nach \u00a7 7g EStG?\",\n         \"acceptedAnswer\": {\n            \"@type\": \"Answer\",\n            \"text\": \"Ein Instrument f\u00fcr kleine und mittlere Unternehmen, das bis zu 50 Prozent der geplanten Anschaffungskosten schon vor dem Kauf gewinnmindernd abzieht, erg\u00e4nzt um eine Sonderabschreibung von 20 Prozent nach der Anschaffung.\"\n         }\n      }\n   ]\n}\n<\/script>\n","protected":false},"excerpt":{"rendered":"<p>Wer eine Wallbox betrieblich nutzt, kann sie nicht wie eine private Anschaffung behandeln. Bis zu einer Grenze von 800 Euro netto z\u00e4hlt sie als geringwertiges Wirtschaftsgut (GWG) und l\u00e4sst sich im Jahr der Zahlung vollst\u00e4ndig absetzen. Dar\u00fcber greift die amtliche AfA-Tabelle des Bundesministeriums der Finanzen mit einer Nutzungsdauer von 10 Jahren. In der Praxis liegt &#8230; <a title=\"Wallbox als Betriebsausgabe absetzen: Abschreibung f\u00fcr Selbstst\u00e4ndige 2026\" class=\"read-more\" href=\"https:\/\/v2charge.com\/de\/wallbox-betriebsausgabe-abschreibung-selbststaendige\/\" aria-label=\"Mehr Informationen \u00fcber Wallbox als Betriebsausgabe absetzen: Abschreibung f\u00fcr Selbstst\u00e4ndige 2026\">Weiterlesen<\/a><\/p>\n","protected":false},"author":400,"featured_media":405105,"comment_status":"open","ping_status":"open","sticky":false,"template":"","format":"standard","meta":{"_eb_attr":"","content-type":"","_uag_custom_page_level_css":"","footnotes":""},"categories":[3],"tags":[],"class_list":["post-405089","post","type-post","status-publish","format-standard","has-post-thumbnail","hentry","category-e-mobility"],"yoast_head":"<!-- This site is optimized with the Yoast SEO plugin v27.9 - https:\/\/yoast.com\/product\/yoast-seo-wordpress\/ -->\n<title>Wallbox als Betriebsausgabe absetzen: Abschreibung f\u00fcr Selbstst\u00e4ndige 2026<\/title>\n<meta name=\"description\" content=\"Wallbox als Betriebsausgabe absetzen: GWG-Grenze 800 Euro, 10 Jahre AfA, Vorsteuerabzug und Trennung von privater Nutzung f\u00fcr Selbstst\u00e4ndige 2026.\" \/>\n<meta name=\"robots\" content=\"index, follow, max-snippet:-1, max-image-preview:large, max-video-preview:-1\" \/>\n<link rel=\"canonical\" href=\"https:\/\/v2charge.com\/de\/wallbox-betriebsausgabe-abschreibung-selbststaendige\/\" \/>\n<meta property=\"og:locale\" content=\"de_DE\" \/>\n<meta property=\"og:type\" content=\"article\" \/>\n<meta property=\"og:title\" content=\"Wallbox als Betriebsausgabe absetzen: Abschreibung f\u00fcr Selbstst\u00e4ndige 2026\" \/>\n<meta property=\"og:description\" content=\"Wallbox als Betriebsausgabe absetzen: GWG-Grenze 800 Euro, 10 Jahre AfA, Vorsteuerabzug und Trennung von privater Nutzung f\u00fcr Selbstst\u00e4ndige 2026.\" \/>\n<meta property=\"og:url\" content=\"https:\/\/v2charge.com\/de\/wallbox-betriebsausgabe-abschreibung-selbststaendige\/\" \/>\n<meta property=\"og:site_name\" content=\"V2C\" \/>\n<meta property=\"article:publisher\" content=\"https:\/\/www.facebook.com\/V2C.Charge\" \/>\n<meta property=\"article:published_time\" content=\"2026-09-04T13:53:07+00:00\" \/>\n<meta property=\"og:image\" content=\"https:\/\/v2charge.com\/wp-content\/uploads\/2026\/09\/wallbox-betriebsausgabe-homeoffice-freiberufler.jpg\" \/>\n\t<meta property=\"og:image:width\" content=\"960\" \/>\n\t<meta property=\"og:image:height\" content=\"560\" \/>\n\t<meta property=\"og:image:type\" content=\"image\/jpeg\" \/>\n<meta name=\"author\" content=\"V2C\" \/>\n<meta name=\"twitter:card\" content=\"summary_large_image\" \/>\n<meta name=\"twitter:creator\" content=\"@V2C_Charge\" \/>\n<meta name=\"twitter:site\" content=\"@V2C_Charge\" \/>\n<meta name=\"twitter:label1\" content=\"Verfasst von\" \/>\n\t<meta name=\"twitter:data1\" content=\"V2C\" \/>\n\t<meta name=\"twitter:label2\" content=\"Gesch\u00e4tzte Lesezeit\" \/>\n\t<meta name=\"twitter:data2\" content=\"10\u00a0Minuten\" \/>\n<script type=\"application\/ld+json\" class=\"yoast-schema-graph\">{\"@context\":\"https:\\\/\\\/schema.org\",\"@graph\":[{\"@type\":\"Article\",\"@id\":\"https:\\\/\\\/v2charge.com\\\/de\\\/wallbox-betriebsausgabe-abschreibung-selbststaendige\\\/#article\",\"isPartOf\":{\"@id\":\"https:\\\/\\\/v2charge.com\\\/de\\\/wallbox-betriebsausgabe-abschreibung-selbststaendige\\\/\"},\"author\":{\"name\":\"V2C\",\"@id\":\"https:\\\/\\\/v2charge.com\\\/de\\\/#\\\/schema\\\/person\\\/47b01868f6351f17635b441e66044aaa\"},\"headline\":\"Wallbox als Betriebsausgabe absetzen: Abschreibung f\u00fcr Selbstst\u00e4ndige 2026\",\"datePublished\":\"2026-09-04T13:53:07+00:00\",\"mainEntityOfPage\":{\"@id\":\"https:\\\/\\\/v2charge.com\\\/de\\\/wallbox-betriebsausgabe-abschreibung-selbststaendige\\\/\"},\"wordCount\":1981,\"commentCount\":0,\"publisher\":{\"@id\":\"https:\\\/\\\/v2charge.com\\\/de\\\/#organization\"},\"image\":{\"@id\":\"https:\\\/\\\/v2charge.com\\\/de\\\/wallbox-betriebsausgabe-abschreibung-selbststaendige\\\/#primaryimage\"},\"thumbnailUrl\":\"https:\\\/\\\/v2charge.com\\\/wp-content\\\/uploads\\\/2026\\\/09\\\/wallbox-betriebsausgabe-homeoffice-freiberufler.jpg\",\"articleSection\":[\"e-Mobility\"],\"inLanguage\":\"de\",\"potentialAction\":[{\"@type\":\"CommentAction\",\"name\":\"Comment\",\"target\":[\"https:\\\/\\\/v2charge.com\\\/de\\\/wallbox-betriebsausgabe-abschreibung-selbststaendige\\\/#respond\"]}]},{\"@type\":[\"WebPage\",\"FAQPage\"],\"@id\":\"https:\\\/\\\/v2charge.com\\\/de\\\/wallbox-betriebsausgabe-abschreibung-selbststaendige\\\/\",\"url\":\"https:\\\/\\\/v2charge.com\\\/de\\\/wallbox-betriebsausgabe-abschreibung-selbststaendige\\\/\",\"name\":\"Wallbox als Betriebsausgabe absetzen: Abschreibung f\u00fcr Selbstst\u00e4ndige 2026\",\"isPartOf\":{\"@id\":\"https:\\\/\\\/v2charge.com\\\/de\\\/#website\"},\"primaryImageOfPage\":{\"@id\":\"https:\\\/\\\/v2charge.com\\\/de\\\/wallbox-betriebsausgabe-abschreibung-selbststaendige\\\/#primaryimage\"},\"image\":{\"@id\":\"https:\\\/\\\/v2charge.com\\\/de\\\/wallbox-betriebsausgabe-abschreibung-selbststaendige\\\/#primaryimage\"},\"thumbnailUrl\":\"https:\\\/\\\/v2charge.com\\\/wp-content\\\/uploads\\\/2026\\\/09\\\/wallbox-betriebsausgabe-homeoffice-freiberufler.jpg\",\"datePublished\":\"2026-09-04T13:53:07+00:00\",\"description\":\"Wallbox als Betriebsausgabe absetzen: GWG-Grenze 800 Euro, 10 Jahre AfA, Vorsteuerabzug und Trennung von privater Nutzung f\u00fcr Selbstst\u00e4ndige 2026.\",\"breadcrumb\":{\"@id\":\"https:\\\/\\\/v2charge.com\\\/de\\\/wallbox-betriebsausgabe-abschreibung-selbststaendige\\\/#breadcrumb\"},\"mainEntity\":[{\"@id\":\"https:\\\/\\\/v2charge.com\\\/de\\\/wallbox-betriebsausgabe-abschreibung-selbststaendige\\\/#faq-wba-001\"},{\"@id\":\"https:\\\/\\\/v2charge.com\\\/de\\\/wallbox-betriebsausgabe-abschreibung-selbststaendige\\\/#faq-wba-002\"},{\"@id\":\"https:\\\/\\\/v2charge.com\\\/de\\\/wallbox-betriebsausgabe-abschreibung-selbststaendige\\\/#faq-wba-003\"},{\"@id\":\"https:\\\/\\\/v2charge.com\\\/de\\\/wallbox-betriebsausgabe-abschreibung-selbststaendige\\\/#faq-wba-004\"},{\"@id\":\"https:\\\/\\\/v2charge.com\\\/de\\\/wallbox-betriebsausgabe-abschreibung-selbststaendige\\\/#faq-wba-005\"},{\"@id\":\"https:\\\/\\\/v2charge.com\\\/de\\\/wallbox-betriebsausgabe-abschreibung-selbststaendige\\\/#faq-wba-006\"},{\"@id\":\"https:\\\/\\\/v2charge.com\\\/de\\\/wallbox-betriebsausgabe-abschreibung-selbststaendige\\\/#faq-wba-007\"},{\"@id\":\"https:\\\/\\\/v2charge.com\\\/de\\\/wallbox-betriebsausgabe-abschreibung-selbststaendige\\\/#faq-wba-008\"},{\"@id\":\"https:\\\/\\\/v2charge.com\\\/de\\\/wallbox-betriebsausgabe-abschreibung-selbststaendige\\\/#faq-wba-009\"}],\"inLanguage\":\"de\",\"potentialAction\":[{\"@type\":\"ReadAction\",\"target\":[\"https:\\\/\\\/v2charge.com\\\/de\\\/wallbox-betriebsausgabe-abschreibung-selbststaendige\\\/\"]}]},{\"@type\":\"ImageObject\",\"inLanguage\":\"de\",\"@id\":\"https:\\\/\\\/v2charge.com\\\/de\\\/wallbox-betriebsausgabe-abschreibung-selbststaendige\\\/#primaryimage\",\"url\":\"https:\\\/\\\/v2charge.com\\\/wp-content\\\/uploads\\\/2026\\\/09\\\/wallbox-betriebsausgabe-homeoffice-freiberufler.jpg\",\"contentUrl\":\"https:\\\/\\\/v2charge.com\\\/wp-content\\\/uploads\\\/2026\\\/09\\\/wallbox-betriebsausgabe-homeoffice-freiberufler.jpg\",\"width\":960,\"height\":560,\"caption\":\"Freiberufler arbeitet im Homeoffice, waehrend im Hintergrund das Elektroauto am Trydan laedt\"},{\"@type\":\"BreadcrumbList\",\"@id\":\"https:\\\/\\\/v2charge.com\\\/de\\\/wallbox-betriebsausgabe-abschreibung-selbststaendige\\\/#breadcrumb\",\"itemListElement\":[{\"@type\":\"ListItem\",\"position\":1,\"name\":\"V2C\",\"item\":\"https:\\\/\\\/v2charge.com\\\/de\\\/\"},{\"@type\":\"ListItem\",\"position\":2,\"name\":\"e-Mobility\",\"item\":\"https:\\\/\\\/v2charge.com\\\/de\\\/e-mobility\\\/\"},{\"@type\":\"ListItem\",\"position\":3,\"name\":\"Wallbox als Betriebsausgabe absetzen: Abschreibung f\u00fcr Selbstst\u00e4ndige 2026\"}]},{\"@type\":\"WebSite\",\"@id\":\"https:\\\/\\\/v2charge.com\\\/de\\\/#website\",\"url\":\"https:\\\/\\\/v2charge.com\\\/de\\\/\",\"name\":\"V2C\",\"description\":\"#CargandoElMa\u00f1ana\",\"publisher\":{\"@id\":\"https:\\\/\\\/v2charge.com\\\/de\\\/#organization\"},\"potentialAction\":[{\"@type\":\"SearchAction\",\"target\":{\"@type\":\"EntryPoint\",\"urlTemplate\":\"https:\\\/\\\/v2charge.com\\\/de\\\/?s={search_term_string}\"},\"query-input\":{\"@type\":\"PropertyValueSpecification\",\"valueRequired\":true,\"valueName\":\"search_term_string\"}}],\"inLanguage\":\"de\"},{\"@type\":\"Organization\",\"@id\":\"https:\\\/\\\/v2charge.com\\\/de\\\/#organization\",\"name\":\"V2C\",\"url\":\"https:\\\/\\\/v2charge.com\\\/de\\\/\",\"logo\":{\"@type\":\"ImageObject\",\"inLanguage\":\"de\",\"@id\":\"https:\\\/\\\/v2charge.com\\\/de\\\/#\\\/schema\\\/logo\\\/image\\\/\",\"url\":\"https:\\\/\\\/v2charge.com\\\/wp-content\\\/uploads\\\/2024\\\/11\\\/cropped-v2c-charge-logo-menu.png\",\"contentUrl\":\"https:\\\/\\\/v2charge.com\\\/wp-content\\\/uploads\\\/2024\\\/11\\\/cropped-v2c-charge-logo-menu.png\",\"width\":984,\"height\":431,\"caption\":\"V2C\"},\"image\":{\"@id\":\"https:\\\/\\\/v2charge.com\\\/de\\\/#\\\/schema\\\/logo\\\/image\\\/\"},\"sameAs\":[\"https:\\\/\\\/www.facebook.com\\\/V2C.Charge\",\"https:\\\/\\\/x.com\\\/V2C_Charge\",\"https:\\\/\\\/www.instagram.com\\\/v2c.charge\\\/\",\"https:\\\/\\\/www.youtube.com\\\/@V2C\",\"https:\\\/\\\/www.linkedin.com\\\/company\\\/v2c-chargers\\\/\"],\"contactPoint\":[{\"@type\":\"ContactPoint\",\"contactType\":\"customer support\",\"telephone\":\"+493046690579\",\"email\":\"info@v2charge.com\",\"availableLanguage\":[\"Spanish\",\"English\",\"Portuguese\",\"French\"]},{\"@type\":\"ContactPoint\",\"contactType\":\"sales\",\"telephone\":\"+493046690579\",\"email\":\"info@v2charge.com\",\"availableLanguage\":[\"Spanish\",\"English\"]}]},{\"@type\":\"Person\",\"@id\":\"https:\\\/\\\/v2charge.com\\\/de\\\/#\\\/schema\\\/person\\\/47b01868f6351f17635b441e66044aaa\",\"name\":\"V2C\",\"image\":{\"@type\":\"ImageObject\",\"inLanguage\":\"de\",\"@id\":\"https:\\\/\\\/secure.gravatar.com\\\/avatar\\\/a91128c4c0d2f4d63bd586301fdec6cc9aa49c885839b25d1c62700f529f267c?s=96&d=mm&r=g\",\"url\":\"https:\\\/\\\/secure.gravatar.com\\\/avatar\\\/a91128c4c0d2f4d63bd586301fdec6cc9aa49c885839b25d1c62700f529f267c?s=96&d=mm&r=g\",\"contentUrl\":\"https:\\\/\\\/secure.gravatar.com\\\/avatar\\\/a91128c4c0d2f4d63bd586301fdec6cc9aa49c885839b25d1c62700f529f267c?s=96&d=mm&r=g\",\"caption\":\"V2C\"}},{\"@type\":\"Question\",\"@id\":\"https:\\\/\\\/v2charge.com\\\/de\\\/wallbox-betriebsausgabe-abschreibung-selbststaendige\\\/#faq-wba-001\",\"position\":1,\"url\":\"https:\\\/\\\/v2charge.com\\\/de\\\/wallbox-betriebsausgabe-abschreibung-selbststaendige\\\/#faq-wba-001\",\"name\":\"Kann man eine Wallbox von der Steuer absetzen?\",\"answerCount\":1,\"acceptedAnswer\":{\"@type\":\"Answer\",\"text\":\"Ja, sofern sie betrieblich genutzt wird. Bis 800 Euro netto sofort als geringwertiges Wirtschaftsgut, dar\u00fcber \u00fcber 10 Jahre linear oder, bei Anschaffung zwischen Juli 2025 und Ende 2027, wahlweise degressiv mit bis zu 30 Prozent im ersten Jahr.\",\"inLanguage\":\"de\"},\"inLanguage\":\"de\"},{\"@type\":\"Question\",\"@id\":\"https:\\\/\\\/v2charge.com\\\/de\\\/wallbox-betriebsausgabe-abschreibung-selbststaendige\\\/#faq-wba-002\",\"position\":2,\"url\":\"https:\\\/\\\/v2charge.com\\\/de\\\/wallbox-betriebsausgabe-abschreibung-selbststaendige\\\/#faq-wba-002\",\"name\":\"Ab wann muss eine Wallbox \u00fcber mehrere Jahre abgeschrieben werden?\",\"answerCount\":1,\"acceptedAnswer\":{\"@type\":\"Answer\",\"text\":\"Sobald die Anschaffungskosten netto, also Kaufpreis plus Installation und notwendige Verst\u00e4rkung des Stromanschlusses, 800 Euro \u00fcbersteigen, greift die mehrj\u00e4hrige Abschreibung statt der Sofortabsetzung als geringwertiges Wirtschaftsgut.\",\"inLanguage\":\"de\"},\"inLanguage\":\"de\"},{\"@type\":\"Question\",\"@id\":\"https:\\\/\\\/v2charge.com\\\/de\\\/wallbox-betriebsausgabe-abschreibung-selbststaendige\\\/#faq-wba-003\",\"position\":3,\"url\":\"https:\\\/\\\/v2charge.com\\\/de\\\/wallbox-betriebsausgabe-abschreibung-selbststaendige\\\/#faq-wba-003\",\"name\":\"Kann ich die Wallbox degressiv statt linear abschreiben?\",\"answerCount\":1,\"acceptedAnswer\":{\"@type\":\"Answer\",\"text\":\"Bei Anschaffung zwischen dem 1. Juli 2025 und dem 31. Dezember 2027, ja: bis zum Dreifachen der linearen AfA, gedeckelt auf 30 Prozent im ersten Jahr. Ein sp\u00e4terer Wechsel zur linearen Methode ist m\u00f6glich, umgekehrt nicht.\",\"inLanguage\":\"de\"},\"inLanguage\":\"de\"},{\"@type\":\"Question\",\"@id\":\"https:\\\/\\\/v2charge.com\\\/de\\\/wallbox-betriebsausgabe-abschreibung-selbststaendige\\\/#faq-wba-004\",\"position\":4,\"url\":\"https:\\\/\\\/v2charge.com\\\/de\\\/wallbox-betriebsausgabe-abschreibung-selbststaendige\\\/#faq-wba-004\",\"name\":\"Z\u00e4hlt die Installation zu den Anschaffungskosten der Wallbox?\",\"answerCount\":1,\"acceptedAnswer\":{\"@type\":\"Answer\",\"text\":\"Ja. Nach \u00a7 255 Abs. 1 HGB geh\u00f6ren Montage- und Installationskosten durch einen Elektrofachbetrieb sowie eine notwendige Verst\u00e4rkung des Stromanschlusses zu den aktivierungspflichtigen Anschaffungskosten, nicht nur der reine Kaufpreis der Wallbox.\",\"inLanguage\":\"de\"},\"inLanguage\":\"de\"},{\"@type\":\"Question\",\"@id\":\"https:\\\/\\\/v2charge.com\\\/de\\\/wallbox-betriebsausgabe-abschreibung-selbststaendige\\\/#faq-wba-005\",\"position\":5,\"url\":\"https:\\\/\\\/v2charge.com\\\/de\\\/wallbox-betriebsausgabe-abschreibung-selbststaendige\\\/#faq-wba-005\",\"name\":\"Kann ich die Vorsteuer auf die Wallbox zur\u00fcckholen?\",\"answerCount\":1,\"acceptedAnswer\":{\"@type\":\"Answer\",\"text\":\"Bei ausschlie\u00dflich betrieblicher Nutzung l\u00e4sst sich die volle Vorsteuer von 19 Prozent geltend machen. Bei gemischter Nutzung nur anteilig, und bei Anwendung der Kleinunternehmerregelung nach \u00a7 19 UStG gar nicht.\",\"inLanguage\":\"de\"},\"inLanguage\":\"de\"},{\"@type\":\"Question\",\"@id\":\"https:\\\/\\\/v2charge.com\\\/de\\\/wallbox-betriebsausgabe-abschreibung-selbststaendige\\\/#faq-wba-006\",\"position\":6,\"url\":\"https:\\\/\\\/v2charge.com\\\/de\\\/wallbox-betriebsausgabe-abschreibung-selbststaendige\\\/#faq-wba-006\",\"name\":\"Wie trenne ich privaten und gesch\u00e4ftlichen Ladeverbrauch f\u00fcr das Finanzamt?\",\"answerCount\":1,\"acceptedAnswer\":{\"@type\":\"Answer\",\"text\":\"\u00dcber einen fest verbauten, MID-konformen Z\u00e4hler, der den Verbrauch kWh-genau protokolliert. Ohne dokumentierte Aufteilung wird der Betriebsausgabenabzug bei gemischter Nutzung h\u00e4ufig angezweifelt.\",\"inLanguage\":\"de\"},\"inLanguage\":\"de\"},{\"@type\":\"Question\",\"@id\":\"https:\\\/\\\/v2charge.com\\\/de\\\/wallbox-betriebsausgabe-abschreibung-selbststaendige\\\/#faq-wba-007\",\"position\":7,\"url\":\"https:\\\/\\\/v2charge.com\\\/de\\\/wallbox-betriebsausgabe-abschreibung-selbststaendige\\\/#faq-wba-007\",\"name\":\"Gilt die Abschreibung auch f\u00fcr eine Wallbox in einer vermieteten Wohnung?\",\"answerCount\":1,\"acceptedAnswer\":{\"@type\":\"Answer\",\"text\":\"Dort l\u00e4uft sie \u00fcber Werbungskosten bei Vermietung und Verpachtung statt \u00fcber Betriebsausgaben, mit denselben AfA-S\u00e4tzen. Ob die Wallbox dabei als eigenst\u00e4ndiges Wirtschaftsgut oder als Teil der Geb\u00e4udeinstallation gilt, ist rechtlich nicht abschlie\u00dfend gekl\u00e4rt.\",\"inLanguage\":\"de\"},\"inLanguage\":\"de\"},{\"@type\":\"Question\",\"@id\":\"https:\\\/\\\/v2charge.com\\\/de\\\/wallbox-betriebsausgabe-abschreibung-selbststaendige\\\/#faq-wba-008\",\"position\":8,\"url\":\"https:\\\/\\\/v2charge.com\\\/de\\\/wallbox-betriebsausgabe-abschreibung-selbststaendige\\\/#faq-wba-008\",\"name\":\"\u00c4ndert eine eigene Photovoltaikanlage etwas an der steuerlichen Behandlung?\",\"answerCount\":1,\"acceptedAnswer\":{\"@type\":\"Answer\",\"text\":\"Nein. Ob die Wallbox mit Netzstrom oder mit selbst erzeugtem Solarstrom versorgt wird, ist f\u00fcr Abschreibung und Vorsteuerabzug der Wallbox selbst unerheblich.\",\"inLanguage\":\"de\"},\"inLanguage\":\"de\"},{\"@type\":\"Question\",\"@id\":\"https:\\\/\\\/v2charge.com\\\/de\\\/wallbox-betriebsausgabe-abschreibung-selbststaendige\\\/#faq-wba-009\",\"position\":9,\"url\":\"https:\\\/\\\/v2charge.com\\\/de\\\/wallbox-betriebsausgabe-abschreibung-selbststaendige\\\/#faq-wba-009\",\"name\":\"Was ist der Investitionsabzugsbetrag nach \u00a7 7g EStG?\",\"answerCount\":1,\"acceptedAnswer\":{\"@type\":\"Answer\",\"text\":\"Ein Instrument f\u00fcr kleine und mittlere Unternehmen, das bis zu 50 Prozent der geplanten Anschaffungskosten schon vor dem Kauf gewinnmindernd abzieht, erg\u00e4nzt um eine Sonderabschreibung von 20 Prozent nach der Anschaffung.\",\"inLanguage\":\"de\"},\"inLanguage\":\"de\"}]}<\/script>\n<!-- \/ Yoast SEO plugin. -->","yoast_head_json":{"title":"Wallbox als Betriebsausgabe absetzen: Abschreibung f\u00fcr Selbstst\u00e4ndige 2026","description":"Wallbox als Betriebsausgabe absetzen: GWG-Grenze 800 Euro, 10 Jahre AfA, Vorsteuerabzug und Trennung von privater Nutzung f\u00fcr Selbstst\u00e4ndige 2026.","robots":{"index":"index","follow":"follow","max-snippet":"max-snippet:-1","max-image-preview":"max-image-preview:large","max-video-preview":"max-video-preview:-1"},"canonical":"https:\/\/v2charge.com\/de\/wallbox-betriebsausgabe-abschreibung-selbststaendige\/","og_locale":"de_DE","og_type":"article","og_title":"Wallbox als Betriebsausgabe absetzen: Abschreibung f\u00fcr Selbstst\u00e4ndige 2026","og_description":"Wallbox als Betriebsausgabe absetzen: GWG-Grenze 800 Euro, 10 Jahre AfA, Vorsteuerabzug und Trennung von privater Nutzung f\u00fcr Selbstst\u00e4ndige 2026.","og_url":"https:\/\/v2charge.com\/de\/wallbox-betriebsausgabe-abschreibung-selbststaendige\/","og_site_name":"V2C","article_publisher":"https:\/\/www.facebook.com\/V2C.Charge","article_published_time":"2026-09-04T13:53:07+00:00","og_image":[{"width":960,"height":560,"url":"https:\/\/v2charge.com\/wp-content\/uploads\/2026\/09\/wallbox-betriebsausgabe-homeoffice-freiberufler.jpg","type":"image\/jpeg"}],"author":"V2C","twitter_card":"summary_large_image","twitter_creator":"@V2C_Charge","twitter_site":"@V2C_Charge","twitter_misc":{"Verfasst von":"V2C","Gesch\u00e4tzte Lesezeit":"10\u00a0Minuten"},"schema":{"@context":"https:\/\/schema.org","@graph":[{"@type":"Article","@id":"https:\/\/v2charge.com\/de\/wallbox-betriebsausgabe-abschreibung-selbststaendige\/#article","isPartOf":{"@id":"https:\/\/v2charge.com\/de\/wallbox-betriebsausgabe-abschreibung-selbststaendige\/"},"author":{"name":"V2C","@id":"https:\/\/v2charge.com\/de\/#\/schema\/person\/47b01868f6351f17635b441e66044aaa"},"headline":"Wallbox als Betriebsausgabe absetzen: Abschreibung f\u00fcr Selbstst\u00e4ndige 2026","datePublished":"2026-09-04T13:53:07+00:00","mainEntityOfPage":{"@id":"https:\/\/v2charge.com\/de\/wallbox-betriebsausgabe-abschreibung-selbststaendige\/"},"wordCount":1981,"commentCount":0,"publisher":{"@id":"https:\/\/v2charge.com\/de\/#organization"},"image":{"@id":"https:\/\/v2charge.com\/de\/wallbox-betriebsausgabe-abschreibung-selbststaendige\/#primaryimage"},"thumbnailUrl":"https:\/\/v2charge.com\/wp-content\/uploads\/2026\/09\/wallbox-betriebsausgabe-homeoffice-freiberufler.jpg","articleSection":["e-Mobility"],"inLanguage":"de","potentialAction":[{"@type":"CommentAction","name":"Comment","target":["https:\/\/v2charge.com\/de\/wallbox-betriebsausgabe-abschreibung-selbststaendige\/#respond"]}]},{"@type":["WebPage","FAQPage"],"@id":"https:\/\/v2charge.com\/de\/wallbox-betriebsausgabe-abschreibung-selbststaendige\/","url":"https:\/\/v2charge.com\/de\/wallbox-betriebsausgabe-abschreibung-selbststaendige\/","name":"Wallbox als Betriebsausgabe absetzen: Abschreibung f\u00fcr Selbstst\u00e4ndige 2026","isPartOf":{"@id":"https:\/\/v2charge.com\/de\/#website"},"primaryImageOfPage":{"@id":"https:\/\/v2charge.com\/de\/wallbox-betriebsausgabe-abschreibung-selbststaendige\/#primaryimage"},"image":{"@id":"https:\/\/v2charge.com\/de\/wallbox-betriebsausgabe-abschreibung-selbststaendige\/#primaryimage"},"thumbnailUrl":"https:\/\/v2charge.com\/wp-content\/uploads\/2026\/09\/wallbox-betriebsausgabe-homeoffice-freiberufler.jpg","datePublished":"2026-09-04T13:53:07+00:00","description":"Wallbox als Betriebsausgabe absetzen: GWG-Grenze 800 Euro, 10 Jahre AfA, Vorsteuerabzug und Trennung von privater Nutzung f\u00fcr Selbstst\u00e4ndige 2026.","breadcrumb":{"@id":"https:\/\/v2charge.com\/de\/wallbox-betriebsausgabe-abschreibung-selbststaendige\/#breadcrumb"},"mainEntity":[{"@id":"https:\/\/v2charge.com\/de\/wallbox-betriebsausgabe-abschreibung-selbststaendige\/#faq-wba-001"},{"@id":"https:\/\/v2charge.com\/de\/wallbox-betriebsausgabe-abschreibung-selbststaendige\/#faq-wba-002"},{"@id":"https:\/\/v2charge.com\/de\/wallbox-betriebsausgabe-abschreibung-selbststaendige\/#faq-wba-003"},{"@id":"https:\/\/v2charge.com\/de\/wallbox-betriebsausgabe-abschreibung-selbststaendige\/#faq-wba-004"},{"@id":"https:\/\/v2charge.com\/de\/wallbox-betriebsausgabe-abschreibung-selbststaendige\/#faq-wba-005"},{"@id":"https:\/\/v2charge.com\/de\/wallbox-betriebsausgabe-abschreibung-selbststaendige\/#faq-wba-006"},{"@id":"https:\/\/v2charge.com\/de\/wallbox-betriebsausgabe-abschreibung-selbststaendige\/#faq-wba-007"},{"@id":"https:\/\/v2charge.com\/de\/wallbox-betriebsausgabe-abschreibung-selbststaendige\/#faq-wba-008"},{"@id":"https:\/\/v2charge.com\/de\/wallbox-betriebsausgabe-abschreibung-selbststaendige\/#faq-wba-009"}],"inLanguage":"de","potentialAction":[{"@type":"ReadAction","target":["https:\/\/v2charge.com\/de\/wallbox-betriebsausgabe-abschreibung-selbststaendige\/"]}]},{"@type":"ImageObject","inLanguage":"de","@id":"https:\/\/v2charge.com\/de\/wallbox-betriebsausgabe-abschreibung-selbststaendige\/#primaryimage","url":"https:\/\/v2charge.com\/wp-content\/uploads\/2026\/09\/wallbox-betriebsausgabe-homeoffice-freiberufler.jpg","contentUrl":"https:\/\/v2charge.com\/wp-content\/uploads\/2026\/09\/wallbox-betriebsausgabe-homeoffice-freiberufler.jpg","width":960,"height":560,"caption":"Freiberufler arbeitet im Homeoffice, waehrend im Hintergrund das Elektroauto am Trydan laedt"},{"@type":"BreadcrumbList","@id":"https:\/\/v2charge.com\/de\/wallbox-betriebsausgabe-abschreibung-selbststaendige\/#breadcrumb","itemListElement":[{"@type":"ListItem","position":1,"name":"V2C","item":"https:\/\/v2charge.com\/de\/"},{"@type":"ListItem","position":2,"name":"e-Mobility","item":"https:\/\/v2charge.com\/de\/e-mobility\/"},{"@type":"ListItem","position":3,"name":"Wallbox als Betriebsausgabe absetzen: Abschreibung f\u00fcr Selbstst\u00e4ndige 2026"}]},{"@type":"WebSite","@id":"https:\/\/v2charge.com\/de\/#website","url":"https:\/\/v2charge.com\/de\/","name":"V2C","description":"#CargandoElMa\u00f1ana","publisher":{"@id":"https:\/\/v2charge.com\/de\/#organization"},"potentialAction":[{"@type":"SearchAction","target":{"@type":"EntryPoint","urlTemplate":"https:\/\/v2charge.com\/de\/?s={search_term_string}"},"query-input":{"@type":"PropertyValueSpecification","valueRequired":true,"valueName":"search_term_string"}}],"inLanguage":"de"},{"@type":"Organization","@id":"https:\/\/v2charge.com\/de\/#organization","name":"V2C","url":"https:\/\/v2charge.com\/de\/","logo":{"@type":"ImageObject","inLanguage":"de","@id":"https:\/\/v2charge.com\/de\/#\/schema\/logo\/image\/","url":"https:\/\/v2charge.com\/wp-content\/uploads\/2024\/11\/cropped-v2c-charge-logo-menu.png","contentUrl":"https:\/\/v2charge.com\/wp-content\/uploads\/2024\/11\/cropped-v2c-charge-logo-menu.png","width":984,"height":431,"caption":"V2C"},"image":{"@id":"https:\/\/v2charge.com\/de\/#\/schema\/logo\/image\/"},"sameAs":["https:\/\/www.facebook.com\/V2C.Charge","https:\/\/x.com\/V2C_Charge","https:\/\/www.instagram.com\/v2c.charge\/","https:\/\/www.youtube.com\/@V2C","https:\/\/www.linkedin.com\/company\/v2c-chargers\/"],"contactPoint":[{"@type":"ContactPoint","contactType":"customer support","telephone":"+493046690579","email":"info@v2charge.com","availableLanguage":["Spanish","English","Portuguese","French"]},{"@type":"ContactPoint","contactType":"sales","telephone":"+493046690579","email":"info@v2charge.com","availableLanguage":["Spanish","English"]}]},{"@type":"Person","@id":"https:\/\/v2charge.com\/de\/#\/schema\/person\/47b01868f6351f17635b441e66044aaa","name":"V2C","image":{"@type":"ImageObject","inLanguage":"de","@id":"https:\/\/secure.gravatar.com\/avatar\/a91128c4c0d2f4d63bd586301fdec6cc9aa49c885839b25d1c62700f529f267c?s=96&d=mm&r=g","url":"https:\/\/secure.gravatar.com\/avatar\/a91128c4c0d2f4d63bd586301fdec6cc9aa49c885839b25d1c62700f529f267c?s=96&d=mm&r=g","contentUrl":"https:\/\/secure.gravatar.com\/avatar\/a91128c4c0d2f4d63bd586301fdec6cc9aa49c885839b25d1c62700f529f267c?s=96&d=mm&r=g","caption":"V2C"}},{"@type":"Question","@id":"https:\/\/v2charge.com\/de\/wallbox-betriebsausgabe-abschreibung-selbststaendige\/#faq-wba-001","position":1,"url":"https:\/\/v2charge.com\/de\/wallbox-betriebsausgabe-abschreibung-selbststaendige\/#faq-wba-001","name":"Kann man eine Wallbox von der Steuer absetzen?","answerCount":1,"acceptedAnswer":{"@type":"Answer","text":"Ja, sofern sie betrieblich genutzt wird. Bis 800 Euro netto sofort als geringwertiges Wirtschaftsgut, dar\u00fcber \u00fcber 10 Jahre linear oder, bei Anschaffung zwischen Juli 2025 und Ende 2027, wahlweise degressiv mit bis zu 30 Prozent im ersten Jahr.","inLanguage":"de"},"inLanguage":"de"},{"@type":"Question","@id":"https:\/\/v2charge.com\/de\/wallbox-betriebsausgabe-abschreibung-selbststaendige\/#faq-wba-002","position":2,"url":"https:\/\/v2charge.com\/de\/wallbox-betriebsausgabe-abschreibung-selbststaendige\/#faq-wba-002","name":"Ab wann muss eine Wallbox \u00fcber mehrere Jahre abgeschrieben werden?","answerCount":1,"acceptedAnswer":{"@type":"Answer","text":"Sobald die Anschaffungskosten netto, also Kaufpreis plus Installation und notwendige Verst\u00e4rkung des Stromanschlusses, 800 Euro \u00fcbersteigen, greift die mehrj\u00e4hrige Abschreibung statt der Sofortabsetzung als geringwertiges Wirtschaftsgut.","inLanguage":"de"},"inLanguage":"de"},{"@type":"Question","@id":"https:\/\/v2charge.com\/de\/wallbox-betriebsausgabe-abschreibung-selbststaendige\/#faq-wba-003","position":3,"url":"https:\/\/v2charge.com\/de\/wallbox-betriebsausgabe-abschreibung-selbststaendige\/#faq-wba-003","name":"Kann ich die Wallbox degressiv statt linear abschreiben?","answerCount":1,"acceptedAnswer":{"@type":"Answer","text":"Bei Anschaffung zwischen dem 1. Juli 2025 und dem 31. Dezember 2027, ja: bis zum Dreifachen der linearen AfA, gedeckelt auf 30 Prozent im ersten Jahr. Ein sp\u00e4terer Wechsel zur linearen Methode ist m\u00f6glich, umgekehrt nicht.","inLanguage":"de"},"inLanguage":"de"},{"@type":"Question","@id":"https:\/\/v2charge.com\/de\/wallbox-betriebsausgabe-abschreibung-selbststaendige\/#faq-wba-004","position":4,"url":"https:\/\/v2charge.com\/de\/wallbox-betriebsausgabe-abschreibung-selbststaendige\/#faq-wba-004","name":"Z\u00e4hlt die Installation zu den Anschaffungskosten der Wallbox?","answerCount":1,"acceptedAnswer":{"@type":"Answer","text":"Ja. Nach \u00a7 255 Abs. 1 HGB geh\u00f6ren Montage- und Installationskosten durch einen Elektrofachbetrieb sowie eine notwendige Verst\u00e4rkung des Stromanschlusses zu den aktivierungspflichtigen Anschaffungskosten, nicht nur der reine Kaufpreis der Wallbox.","inLanguage":"de"},"inLanguage":"de"},{"@type":"Question","@id":"https:\/\/v2charge.com\/de\/wallbox-betriebsausgabe-abschreibung-selbststaendige\/#faq-wba-005","position":5,"url":"https:\/\/v2charge.com\/de\/wallbox-betriebsausgabe-abschreibung-selbststaendige\/#faq-wba-005","name":"Kann ich die Vorsteuer auf die Wallbox zur\u00fcckholen?","answerCount":1,"acceptedAnswer":{"@type":"Answer","text":"Bei ausschlie\u00dflich betrieblicher Nutzung l\u00e4sst sich die volle Vorsteuer von 19 Prozent geltend machen. Bei gemischter Nutzung nur anteilig, und bei Anwendung der Kleinunternehmerregelung nach \u00a7 19 UStG gar nicht.","inLanguage":"de"},"inLanguage":"de"},{"@type":"Question","@id":"https:\/\/v2charge.com\/de\/wallbox-betriebsausgabe-abschreibung-selbststaendige\/#faq-wba-006","position":6,"url":"https:\/\/v2charge.com\/de\/wallbox-betriebsausgabe-abschreibung-selbststaendige\/#faq-wba-006","name":"Wie trenne ich privaten und gesch\u00e4ftlichen Ladeverbrauch f\u00fcr das Finanzamt?","answerCount":1,"acceptedAnswer":{"@type":"Answer","text":"\u00dcber einen fest verbauten, MID-konformen Z\u00e4hler, der den Verbrauch kWh-genau protokolliert. Ohne dokumentierte Aufteilung wird der Betriebsausgabenabzug bei gemischter Nutzung h\u00e4ufig angezweifelt.","inLanguage":"de"},"inLanguage":"de"},{"@type":"Question","@id":"https:\/\/v2charge.com\/de\/wallbox-betriebsausgabe-abschreibung-selbststaendige\/#faq-wba-007","position":7,"url":"https:\/\/v2charge.com\/de\/wallbox-betriebsausgabe-abschreibung-selbststaendige\/#faq-wba-007","name":"Gilt die Abschreibung auch f\u00fcr eine Wallbox in einer vermieteten Wohnung?","answerCount":1,"acceptedAnswer":{"@type":"Answer","text":"Dort l\u00e4uft sie \u00fcber Werbungskosten bei Vermietung und Verpachtung statt \u00fcber Betriebsausgaben, mit denselben AfA-S\u00e4tzen. Ob die Wallbox dabei als eigenst\u00e4ndiges Wirtschaftsgut oder als Teil der Geb\u00e4udeinstallation gilt, ist rechtlich nicht abschlie\u00dfend gekl\u00e4rt.","inLanguage":"de"},"inLanguage":"de"},{"@type":"Question","@id":"https:\/\/v2charge.com\/de\/wallbox-betriebsausgabe-abschreibung-selbststaendige\/#faq-wba-008","position":8,"url":"https:\/\/v2charge.com\/de\/wallbox-betriebsausgabe-abschreibung-selbststaendige\/#faq-wba-008","name":"\u00c4ndert eine eigene Photovoltaikanlage etwas an der steuerlichen Behandlung?","answerCount":1,"acceptedAnswer":{"@type":"Answer","text":"Nein. Ob die Wallbox mit Netzstrom oder mit selbst erzeugtem Solarstrom versorgt wird, ist f\u00fcr Abschreibung und Vorsteuerabzug der Wallbox selbst unerheblich.","inLanguage":"de"},"inLanguage":"de"},{"@type":"Question","@id":"https:\/\/v2charge.com\/de\/wallbox-betriebsausgabe-abschreibung-selbststaendige\/#faq-wba-009","position":9,"url":"https:\/\/v2charge.com\/de\/wallbox-betriebsausgabe-abschreibung-selbststaendige\/#faq-wba-009","name":"Was ist der Investitionsabzugsbetrag nach \u00a7 7g EStG?","answerCount":1,"acceptedAnswer":{"@type":"Answer","text":"Ein Instrument f\u00fcr kleine und mittlere Unternehmen, das bis zu 50 Prozent der geplanten Anschaffungskosten schon vor dem Kauf gewinnmindernd abzieht, erg\u00e4nzt um eine Sonderabschreibung von 20 Prozent nach der Anschaffung.","inLanguage":"de"},"inLanguage":"de"}]}},"uagb_featured_image_src":{"full":["https:\/\/v2charge.com\/wp-content\/uploads\/2026\/09\/wallbox-betriebsausgabe-homeoffice-freiberufler.jpg",960,560,false],"thumbnail":["https:\/\/v2charge.com\/wp-content\/uploads\/2026\/09\/wallbox-betriebsausgabe-homeoffice-freiberufler-150x150.jpg",150,150,true],"medium":["https:\/\/v2charge.com\/wp-content\/uploads\/2026\/09\/wallbox-betriebsausgabe-homeoffice-freiberufler-300x175.jpg",300,175,true],"medium_large":["https:\/\/v2charge.com\/wp-content\/uploads\/2026\/09\/wallbox-betriebsausgabe-homeoffice-freiberufler-768x448.jpg",768,448,true],"large":["https:\/\/v2charge.com\/wp-content\/uploads\/2026\/09\/wallbox-betriebsausgabe-homeoffice-freiberufler.jpg",960,560,false],"gs-tiny":["https:\/\/v2charge.com\/wp-content\/uploads\/2026\/09\/wallbox-betriebsausgabe-homeoffice-freiberufler-50x29.jpg",50,29,true],"xl":["https:\/\/v2charge.com\/wp-content\/uploads\/2026\/09\/wallbox-betriebsausgabe-homeoffice-freiberufler.jpg",960,560,false],"xxl":["https:\/\/v2charge.com\/wp-content\/uploads\/2026\/09\/wallbox-betriebsausgabe-homeoffice-freiberufler.jpg",960,560,false],"xxxl":["https:\/\/v2charge.com\/wp-content\/uploads\/2026\/09\/wallbox-betriebsausgabe-homeoffice-freiberufler.jpg",960,560,false],"xxxxl":["https:\/\/v2charge.com\/wp-content\/uploads\/2026\/09\/wallbox-betriebsausgabe-homeoffice-freiberufler.jpg",960,560,false],"xxxxxl":["https:\/\/v2charge.com\/wp-content\/uploads\/2026\/09\/wallbox-betriebsausgabe-homeoffice-freiberufler.jpg",960,560,false],"1536x1536":["https:\/\/v2charge.com\/wp-content\/uploads\/2026\/09\/wallbox-betriebsausgabe-homeoffice-freiberufler.jpg",960,560,false],"2048x2048":["https:\/\/v2charge.com\/wp-content\/uploads\/2026\/09\/wallbox-betriebsausgabe-homeoffice-freiberufler.jpg",960,560,false]},"uagb_author_info":{"display_name":"V2C","author_link":"https:\/\/v2charge.com\/de\/author\/marketing\/"},"uagb_comment_info":0,"uagb_excerpt":"Wer eine Wallbox betrieblich nutzt, kann sie nicht wie eine private Anschaffung behandeln. Bis zu einer Grenze von 800 Euro netto z\u00e4hlt sie als geringwertiges Wirtschaftsgut (GWG) und l\u00e4sst sich im Jahr der Zahlung vollst\u00e4ndig absetzen. Dar\u00fcber greift die amtliche AfA-Tabelle des Bundesministeriums der Finanzen mit einer Nutzungsdauer von 10 Jahren. In der Praxis liegt&hellip;","_links":{"self":[{"href":"https:\/\/v2charge.com\/de\/wp-json\/wp\/v2\/posts\/405089","targetHints":{"allow":["GET"]}}],"collection":[{"href":"https:\/\/v2charge.com\/de\/wp-json\/wp\/v2\/posts"}],"about":[{"href":"https:\/\/v2charge.com\/de\/wp-json\/wp\/v2\/types\/post"}],"author":[{"embeddable":true,"href":"https:\/\/v2charge.com\/de\/wp-json\/wp\/v2\/users\/400"}],"replies":[{"embeddable":true,"href":"https:\/\/v2charge.com\/de\/wp-json\/wp\/v2\/comments?post=405089"}],"version-history":[{"count":2,"href":"https:\/\/v2charge.com\/de\/wp-json\/wp\/v2\/posts\/405089\/revisions"}],"predecessor-version":[{"id":405103,"href":"https:\/\/v2charge.com\/de\/wp-json\/wp\/v2\/posts\/405089\/revisions\/405103"}],"wp:featuredmedia":[{"embeddable":true,"href":"https:\/\/v2charge.com\/de\/wp-json\/wp\/v2\/media\/405105"}],"wp:attachment":[{"href":"https:\/\/v2charge.com\/de\/wp-json\/wp\/v2\/media?parent=405089"}],"wp:term":[{"taxonomy":"category","embeddable":true,"href":"https:\/\/v2charge.com\/de\/wp-json\/wp\/v2\/categories?post=405089"},{"taxonomy":"post_tag","embeddable":true,"href":"https:\/\/v2charge.com\/de\/wp-json\/wp\/v2\/tags?post=405089"}],"curies":[{"name":"wp","href":"https:\/\/api.w.org\/{rel}","templated":true}]}}