{"id":10055,"date":"2018-07-17T11:01:49","date_gmt":"2018-07-17T11:01:49","guid":{"rendered":"https:\/\/www.wallboxok.com\/?p=10055"},"modified":"2024-05-13T09:43:52","modified_gmt":"2024-05-13T07:43:52","slug":"autonomia-del-volkswagen-e-golf-electrico","status":"publish","type":"post","link":"https:\/\/v2charge.com\/es\/autonomia-del-volkswagen-e-golf-electrico\/","title":{"rendered":"Autonom\u00eda y Precio de Volkswagen E-Golf el\u00e9ctrico. Descubre todas las caracter\u00edsticas."},"content":{"rendered":"<p>La autonom\u00eda de los coches el\u00e9ctricos ya no son una barrera para su compra. Los desplazamientos que la mayor\u00eda de los usuarios realizan diariamente pueden llevarse a cabo con un coche el\u00e9ctrico sin preocuparse de la autonom\u00eda. La mejora de la autonom\u00eda de los coches el\u00e9ctricos ha hecho que se incrementen las ventas entre los usuarios particulares y que se incrementen las flotas el\u00e9ctricas en las empresas, recordad que son cada vez mayores las ventas de <a href=\"https:\/\/www.v2charge.com\/es\/la-mayor-autonomia-del-mercado-de-las-furgonetas-electrica-para-tu-empresa\/\">furgonetas el\u00e9ctricas<\/a>.<\/p>\n<h2>\u00bfCu\u00e1l es la autonom\u00eda de un Volkswagen E-Golf el\u00e9ctrico?<\/h2>\n<p>La bater\u00eda del E-GOLF tiene una capacidad de 35.8 kWh., lo que supone una autonom\u00eda de 200 km. de conducci\u00f3n real. Este dato demuestra c\u00f3mo los fabricantes han logrado ampliar las distancias que estos veh\u00edculos pueden recorrer con una sola carga, lo que los hace m\u00e1s pr\u00e1cticos y convenientes para el uso diario.<\/p>\n<h2>\u00bfCu\u00e1l es el coste de Recarga\u00a0 de un Volkswagen E-Golf el\u00e9ctrico?<\/h2>\n<p>El precio aproximado de recargar un E-GOLF depender\u00e1 siempre de la tarifa contratada en tu vivienda; no obstante, aproximando, el coste ser\u00eda de 1.20 \u20ac en una tarifa est\u00e1ndar (0,13 \u20ac\/KW) y de 0.60 \u20ac en una tarifa nocturna (0.06\u20ac\/kW). Estos costes son significativamente m\u00e1s bajos en comparaci\u00f3n con el combustible tradicional, lo que contribuye a hacer m\u00e1s atractiva la transici\u00f3n hacia la movilidad el\u00e9ctrica.<\/p>\n<p><a href=\"https:\/\/v2charge.com\/es\/trydan\/\"><img decoding=\"async\" class=\"alignnone size-full wp-image-151502\" src=\"https:\/\/v2charge.com\/wp-content\/uploads\/2024\/05\/descubre-trydan-cargador-coches-electricos.jpg\" alt=\"\" width=\"818\" height=\"248\" srcset=\"https:\/\/v2charge.com\/wp-content\/uploads\/2024\/05\/descubre-trydan-cargador-coches-electricos.jpg 818w, https:\/\/v2charge.com\/wp-content\/uploads\/2024\/05\/descubre-trydan-cargador-coches-electricos-300x91.jpg 300w, https:\/\/v2charge.com\/wp-content\/uploads\/2024\/05\/descubre-trydan-cargador-coches-electricos-768x233.jpg 768w\" sizes=\"(max-width: 818px) 100vw, 818px\" \/><\/a><\/p>\n<h2>\u00bfCu\u00e1l es el coste de Recarga\u00a0 de un Volkswagen E-Golf el\u00e9ctrico?<\/h2>\n<p><strong>El precio de venta al p\u00fablico del Volkswagen e-Golf oscila entre 32.989 \u20ac y 32.989 \u20ac.<\/strong><\/p>\n<p>El Volkswagen e-Golf se encuentra dentro de un rango de precios accesible para aquellos que buscan ingresar al mundo de la movilidad el\u00e9ctrica. Con un precio de venta al p\u00fablico que var\u00eda entre 32.989 \u20ac y 32.989 \u20ac, este veh\u00edculo ofrece una opci\u00f3n atractiva para aquellos que desean disfrutar de los beneficios de un coche el\u00e9ctrico sin comprometer su presupuesto.<\/p>\n<p>Su precio competitivo, junto con su autonom\u00eda mejorada y su rendimiento eficiente, lo convierten en una opci\u00f3n a considerar para quienes buscan una alternativa sostenible y pr\u00e1ctica para sus desplazamientos diarios. En contraste, el Volkswagen Golf 2024, en su versi\u00f3n convencional, presenta precios que parten desde los 27.845 \u20ac para la versi\u00f3n 1.5 TSI 115 y alcanzan los 32.215 \u20ac para la versi\u00f3n 1.5 eTSI 115 Life DSG, brindando as\u00ed una gama de opciones para distintos presupuestos y necesidades de conducci\u00f3n.<\/p>\n<p><a href=\"https:\/\/v2charge.com\/es\/trydan\/\"><img decoding=\"async\" class=\"alignnone size-full wp-image-151492\" src=\"https:\/\/v2charge.com\/wp-content\/uploads\/2024\/05\/descubre-trydan-cargador-coche-electrico.jpg\" alt=\"\" width=\"818\" height=\"248\" srcset=\"https:\/\/v2charge.com\/wp-content\/uploads\/2024\/05\/descubre-trydan-cargador-coche-electrico.jpg 818w, https:\/\/v2charge.com\/wp-content\/uploads\/2024\/05\/descubre-trydan-cargador-coche-electrico-300x91.jpg 300w, https:\/\/v2charge.com\/wp-content\/uploads\/2024\/05\/descubre-trydan-cargador-coche-electrico-768x233.jpg 768w\" sizes=\"(max-width: 818px) 100vw, 818px\" \/><\/a><\/p>\n<h2>\u00bfCu\u00e1l es el tiempo de carga de un coche el\u00e9ctrico modelo Volkswagen E-Golf el\u00e9ctrico?<\/h2>\n<p><strong>La bater\u00eda de 35.8 kWh del Volkswagen E-GOLF se carga en 13 h. en un punto de recarga de tipo 2 y en unas 4 horas en un punto de recarga de modo 3.<\/strong><\/p>\n<p>El tiempo de carga es otro aspecto importante a considerar. Con una bater\u00eda de 35.8 kWh, el E-Golf puede tardar alrededor de 13 horas en cargarse completamente en un punto de recarga de tipo 2, mientras que en un punto de recarga de modo 3 este tiempo se reduce a unas 4 horas. Estos tiempos de carga pueden variar ligeramente dependiendo de las condiciones espec\u00edficas de la red el\u00e9ctrica y del cargador utilizado.<\/p>\n<h4 id=\"ui-id-1\" tabindex=\"0\" role=\"tab\" aria-controls=\"ui-id-2\" aria-selected=\"true\" aria-expanded=\"true\">\u00bfQu\u00e9 conector de Recarga necesita un Volkswagen E-Golf el\u00e9ctrico?<\/h4>\n<div id=\"ui-id-2\" role=\"tabpanel\" aria-labelledby=\"ui-id-1\" aria-hidden=\"false\">\n<div id=\"wpv-column-712396911cf37cddecdf7c1ecd56851b\">\n<p>En cuanto al conector de recarga, el E-Golf est\u00e1 equipado con un conector de Tipo 2 (Mennekes \u2013 IEC 62196 \u2013 Camaleon), lo que lo hace compatible con una amplia gama de puntos de recarga disponibles en el mercado.<\/p>\n<\/div>\n<\/div>\n<p>\u00bfD\u00f3nde se puede comprar un cargador para coche el\u00e9ctrico? Informaci\u00f3n de<a href=\"https:\/\/www.v2charge.com\/es\/golf-volkswagen-electrico-puntos-recarga\/\">\u00a0puntos de recarga para e-golf<\/a>.<br \/>\nSi est\u00e1s buscando un coche batarato te recomendamos nuestra gu\u00eda de los\u00a0<a href=\"https:\/\/v2charge.com\/es\/coches-electricos-mas-baratos-2024\/\">Los 10 coches el\u00e9ctricos m\u00e1s baratos de 2024<\/a>.<\/p>\n<p><a href=\"https:\/\/v2charge.com\/es\/trydan\/\"><img decoding=\"async\" class=\"alignnone size-full wp-image-151482\" src=\"https:\/\/v2charge.com\/wp-content\/uploads\/2024\/05\/descubre-trydan-cargador-coches-inteligente.jpg\" alt=\"\" width=\"818\" height=\"248\" srcset=\"https:\/\/v2charge.com\/wp-content\/uploads\/2024\/05\/descubre-trydan-cargador-coches-inteligente.jpg 818w, https:\/\/v2charge.com\/wp-content\/uploads\/2024\/05\/descubre-trydan-cargador-coches-inteligente-300x91.jpg 300w, https:\/\/v2charge.com\/wp-content\/uploads\/2024\/05\/descubre-trydan-cargador-coches-inteligente-768x233.jpg 768w\" sizes=\"(max-width: 818px) 100vw, 818px\" \/><\/a><\/p>\n","protected":false},"excerpt":{"rendered":"<p>La autonom\u00eda de los coches el\u00e9ctricos ya no son una barrera para su compra. Los desplazamientos que la mayor\u00eda de los usuarios realizan diariamente pueden llevarse a cabo con un coche el\u00e9ctrico sin preocuparse de la autonom\u00eda. La mejora de la autonom\u00eda de los coches el\u00e9ctricos ha hecho que se incrementen las ventas entre los &#8230; <a title=\"Autonom\u00eda y Precio de Volkswagen E-Golf el\u00e9ctrico. Descubre todas las caracter\u00edsticas.\" class=\"read-more\" href=\"https:\/\/v2charge.com\/es\/autonomia-del-volkswagen-e-golf-electrico\/\" aria-label=\"Leer m\u00e1s sobre Autonom\u00eda y Precio de Volkswagen E-Golf el\u00e9ctrico. Descubre todas las caracter\u00edsticas.\">Leer m\u00e1s<\/a><\/p>\n","protected":false},"author":1,"featured_media":63675,"comment_status":"open","ping_status":"closed","sticky":false,"template":"","format":"standard","meta":{"_eb_attr":"","content-type":"","_uag_custom_page_level_css":"","footnotes":""},"categories":[6,157],"tags":[],"class_list":["post-10055","post","type-post","status-publish","format-standard","has-post-thumbnail","hentry","category-e-mobility","category-modelos-coches"],"yoast_head":"<!-- This site is optimized with the Yoast SEO plugin v25.3.1 - https:\/\/yoast.com\/wordpress\/plugins\/seo\/ -->\n<title>Autonom\u00eda y Precio Volkswagen e-Golf El\u00e9ctrico | V2C<\/title>\n<meta name=\"description\" content=\"Descubre la autonom\u00eda y precio de VOLKSWAGEN E-GOLF EL\u00c9CTRICO. C\u00f3mo cargar el Volkswagen E-Golf El\u00e9ctrico.\" \/>\n<meta name=\"robots\" content=\"index, follow, max-snippet:-1, max-image-preview:large, max-video-preview:-1\" \/>\n<link rel=\"canonical\" href=\"https:\/\/v2charge.com\/es\/autonomia-del-volkswagen-e-golf-electrico\/\" \/>\n<meta property=\"og:locale\" content=\"es_ES\" \/>\n<meta property=\"og:type\" content=\"article\" \/>\n<meta property=\"og:title\" content=\"Autonom\u00eda y Precio Volkswagen e-Golf El\u00e9ctrico | V2C\" \/>\n<meta property=\"og:description\" content=\"Descubre la autonom\u00eda y precio de VOLKSWAGEN E-GOLF EL\u00c9CTRICO. C\u00f3mo cargar el Volkswagen E-Golf El\u00e9ctrico.\" \/>\n<meta property=\"og:url\" content=\"https:\/\/v2charge.com\/es\/autonomia-del-volkswagen-e-golf-electrico\/\" \/>\n<meta property=\"og:site_name\" content=\"V2C\" \/>\n<meta property=\"article:publisher\" content=\"https:\/\/www.facebook.com\/V2C.Charge\" \/>\n<meta property=\"article:published_time\" content=\"2018-07-17T11:01:49+00:00\" \/>\n<meta property=\"article:modified_time\" content=\"2024-05-13T07:43:52+00:00\" \/>\n<meta property=\"og:image\" content=\"https:\/\/v2charge.com\/wp-content\/uploads\/2018\/07\/golf-electrico-recarga-coche-electrico-1.jpg\" \/>\n\t<meta property=\"og:image:width\" content=\"685\" \/>\n\t<meta property=\"og:image:height\" content=\"500\" \/>\n\t<meta property=\"og:image:type\" content=\"image\/jpeg\" \/>\n<meta name=\"author\" content=\"V2C\" \/>\n<meta name=\"twitter:card\" content=\"summary_large_image\" \/>\n<meta name=\"twitter:creator\" content=\"@V2C_Charge\" \/>\n<meta name=\"twitter:site\" content=\"@V2C_Charge\" \/>\n<meta name=\"twitter:label1\" content=\"Escrito por\" \/>\n\t<meta name=\"twitter:data1\" content=\"V2C\" \/>\n\t<meta name=\"twitter:label2\" content=\"Tiempo de lectura\" \/>\n\t<meta name=\"twitter:data2\" content=\"4 minutos\" \/>\n<script type=\"application\/ld+json\" class=\"yoast-schema-graph\">{\"@context\":\"https:\/\/schema.org\",\"@graph\":[{\"@type\":\"Article\",\"@id\":\"https:\/\/v2charge.com\/es\/autonomia-del-volkswagen-e-golf-electrico\/#article\",\"isPartOf\":{\"@id\":\"https:\/\/v2charge.com\/es\/autonomia-del-volkswagen-e-golf-electrico\/\"},\"author\":{\"name\":\"V2C\",\"@id\":\"https:\/\/v2charge.com\/es\/#\/schema\/person\/f29e67a85380accce2b8b9139c993f42\"},\"headline\":\"Autonom\u00eda y Precio de Volkswagen E-Golf el\u00e9ctrico. Descubre todas las caracter\u00edsticas.\",\"datePublished\":\"2018-07-17T11:01:49+00:00\",\"dateModified\":\"2024-05-13T07:43:52+00:00\",\"mainEntityOfPage\":{\"@id\":\"https:\/\/v2charge.com\/es\/autonomia-del-volkswagen-e-golf-electrico\/\"},\"wordCount\":622,\"commentCount\":0,\"publisher\":{\"@id\":\"https:\/\/v2charge.com\/es\/#organization\"},\"image\":{\"@id\":\"https:\/\/v2charge.com\/es\/autonomia-del-volkswagen-e-golf-electrico\/#primaryimage\"},\"thumbnailUrl\":\"https:\/\/v2charge.com\/wp-content\/uploads\/2018\/07\/golf-electrico-recarga-coche-electrico-1.jpg\",\"articleSection\":[\"e-mobility\",\"Modelos de coches\"],\"inLanguage\":\"es\",\"potentialAction\":[{\"@type\":\"CommentAction\",\"name\":\"Comment\",\"target\":[\"https:\/\/v2charge.com\/es\/autonomia-del-volkswagen-e-golf-electrico\/#respond\"]}]},{\"@type\":\"WebPage\",\"@id\":\"https:\/\/v2charge.com\/es\/autonomia-del-volkswagen-e-golf-electrico\/\",\"url\":\"https:\/\/v2charge.com\/es\/autonomia-del-volkswagen-e-golf-electrico\/\",\"name\":\"Autonom\u00eda y Precio Volkswagen e-Golf El\u00e9ctrico | V2C\",\"isPartOf\":{\"@id\":\"https:\/\/v2charge.com\/es\/#website\"},\"primaryImageOfPage\":{\"@id\":\"https:\/\/v2charge.com\/es\/autonomia-del-volkswagen-e-golf-electrico\/#primaryimage\"},\"image\":{\"@id\":\"https:\/\/v2charge.com\/es\/autonomia-del-volkswagen-e-golf-electrico\/#primaryimage\"},\"thumbnailUrl\":\"https:\/\/v2charge.com\/wp-content\/uploads\/2018\/07\/golf-electrico-recarga-coche-electrico-1.jpg\",\"datePublished\":\"2018-07-17T11:01:49+00:00\",\"dateModified\":\"2024-05-13T07:43:52+00:00\",\"description\":\"Descubre la autonom\u00eda y precio de VOLKSWAGEN E-GOLF EL\u00c9CTRICO. C\u00f3mo cargar el Volkswagen E-Golf El\u00e9ctrico.\",\"breadcrumb\":{\"@id\":\"https:\/\/v2charge.com\/es\/autonomia-del-volkswagen-e-golf-electrico\/#breadcrumb\"},\"inLanguage\":\"es\",\"potentialAction\":[{\"@type\":\"ReadAction\",\"target\":[\"https:\/\/v2charge.com\/es\/autonomia-del-volkswagen-e-golf-electrico\/\"]}]},{\"@type\":\"ImageObject\",\"inLanguage\":\"es\",\"@id\":\"https:\/\/v2charge.com\/es\/autonomia-del-volkswagen-e-golf-electrico\/#primaryimage\",\"url\":\"https:\/\/v2charge.com\/wp-content\/uploads\/2018\/07\/golf-electrico-recarga-coche-electrico-1.jpg\",\"contentUrl\":\"https:\/\/v2charge.com\/wp-content\/uploads\/2018\/07\/golf-electrico-recarga-coche-electrico-1.jpg\",\"width\":685,\"height\":500},{\"@type\":\"BreadcrumbList\",\"@id\":\"https:\/\/v2charge.com\/es\/autonomia-del-volkswagen-e-golf-electrico\/#breadcrumb\",\"itemListElement\":[{\"@type\":\"ListItem\",\"position\":1,\"name\":\"V2C\",\"item\":\"https:\/\/v2charge.com\/es\/\"},{\"@type\":\"ListItem\",\"position\":2,\"name\":\"Modelos de coches el\u00e9ctricos\",\"item\":\"https:\/\/v2charge.com\/es\/e-mobility\/\"},{\"@type\":\"ListItem\",\"position\":3,\"name\":\"Autonom\u00eda y Precio de Volkswagen E-Golf el\u00e9ctrico. Descubre todas las caracter\u00edsticas.\"}]},{\"@type\":\"WebSite\",\"@id\":\"https:\/\/v2charge.com\/es\/#website\",\"url\":\"https:\/\/v2charge.com\/es\/\",\"name\":\"V2C\",\"description\":\"#CargandoElMa\u00f1ana\",\"publisher\":{\"@id\":\"https:\/\/v2charge.com\/es\/#organization\"},\"potentialAction\":[{\"@type\":\"SearchAction\",\"target\":{\"@type\":\"EntryPoint\",\"urlTemplate\":\"https:\/\/v2charge.com\/es\/?s={search_term_string}\"},\"query-input\":{\"@type\":\"PropertyValueSpecification\",\"valueRequired\":true,\"valueName\":\"search_term_string\"}}],\"inLanguage\":\"es\"},{\"@type\":\"Organization\",\"@id\":\"https:\/\/v2charge.com\/es\/#organization\",\"name\":\"V2C\",\"url\":\"https:\/\/v2charge.com\/es\/\",\"logo\":{\"@type\":\"ImageObject\",\"inLanguage\":\"es\",\"@id\":\"https:\/\/v2charge.com\/es\/#\/schema\/logo\/image\/\",\"url\":\"https:\/\/v2charge.com\/wp-content\/uploads\/2024\/11\/cropped-v2c-charge-logo-menu.png\",\"contentUrl\":\"https:\/\/v2charge.com\/wp-content\/uploads\/2024\/11\/cropped-v2c-charge-logo-menu.png\",\"width\":984,\"height\":431,\"caption\":\"V2C\"},\"image\":{\"@id\":\"https:\/\/v2charge.com\/es\/#\/schema\/logo\/image\/\"},\"sameAs\":[\"https:\/\/www.facebook.com\/V2C.Charge\",\"https:\/\/x.com\/V2C_Charge\",\"https:\/\/www.instagram.com\/v2c.charge\/\",\"https:\/\/www.youtube.com\/@V2C\",\"https:\/\/www.linkedin.com\/company\/v2c-chargers\/\"]},{\"@type\":\"Person\",\"@id\":\"https:\/\/v2charge.com\/es\/#\/schema\/person\/f29e67a85380accce2b8b9139c993f42\",\"name\":\"V2C\",\"image\":{\"@type\":\"ImageObject\",\"inLanguage\":\"es\",\"@id\":\"https:\/\/v2charge.com\/es\/#\/schema\/person\/image\/\",\"url\":\"https:\/\/secure.gravatar.com\/avatar\/6b569efe71f377f865d3c6d7d046c620e6ecf71400555f6ac3a8d31ade20562b?s=96&d=mm&r=g\",\"contentUrl\":\"https:\/\/secure.gravatar.com\/avatar\/6b569efe71f377f865d3c6d7d046c620e6ecf71400555f6ac3a8d31ade20562b?s=96&d=mm&r=g\",\"caption\":\"V2C\"}}]}<\/script>\n<!-- \/ Yoast SEO plugin. -->","yoast_head_json":{"title":"Autonom\u00eda y Precio Volkswagen e-Golf El\u00e9ctrico | V2C","description":"Descubre la autonom\u00eda y precio de VOLKSWAGEN E-GOLF EL\u00c9CTRICO. C\u00f3mo cargar el Volkswagen E-Golf El\u00e9ctrico.","robots":{"index":"index","follow":"follow","max-snippet":"max-snippet:-1","max-image-preview":"max-image-preview:large","max-video-preview":"max-video-preview:-1"},"canonical":"https:\/\/v2charge.com\/es\/autonomia-del-volkswagen-e-golf-electrico\/","og_locale":"es_ES","og_type":"article","og_title":"Autonom\u00eda y Precio Volkswagen e-Golf El\u00e9ctrico | V2C","og_description":"Descubre la autonom\u00eda y precio de VOLKSWAGEN E-GOLF EL\u00c9CTRICO. C\u00f3mo cargar el Volkswagen E-Golf El\u00e9ctrico.","og_url":"https:\/\/v2charge.com\/es\/autonomia-del-volkswagen-e-golf-electrico\/","og_site_name":"V2C","article_publisher":"https:\/\/www.facebook.com\/V2C.Charge","article_published_time":"2018-07-17T11:01:49+00:00","article_modified_time":"2024-05-13T07:43:52+00:00","og_image":[{"width":685,"height":500,"url":"https:\/\/v2charge.com\/wp-content\/uploads\/2018\/07\/golf-electrico-recarga-coche-electrico-1.jpg","type":"image\/jpeg"}],"author":"V2C","twitter_card":"summary_large_image","twitter_creator":"@V2C_Charge","twitter_site":"@V2C_Charge","twitter_misc":{"Escrito por":"V2C","Tiempo de lectura":"4 minutos"},"schema":{"@context":"https:\/\/schema.org","@graph":[{"@type":"Article","@id":"https:\/\/v2charge.com\/es\/autonomia-del-volkswagen-e-golf-electrico\/#article","isPartOf":{"@id":"https:\/\/v2charge.com\/es\/autonomia-del-volkswagen-e-golf-electrico\/"},"author":{"name":"V2C","@id":"https:\/\/v2charge.com\/es\/#\/schema\/person\/f29e67a85380accce2b8b9139c993f42"},"headline":"Autonom\u00eda y Precio de Volkswagen E-Golf el\u00e9ctrico. Descubre todas las caracter\u00edsticas.","datePublished":"2018-07-17T11:01:49+00:00","dateModified":"2024-05-13T07:43:52+00:00","mainEntityOfPage":{"@id":"https:\/\/v2charge.com\/es\/autonomia-del-volkswagen-e-golf-electrico\/"},"wordCount":622,"commentCount":0,"publisher":{"@id":"https:\/\/v2charge.com\/es\/#organization"},"image":{"@id":"https:\/\/v2charge.com\/es\/autonomia-del-volkswagen-e-golf-electrico\/#primaryimage"},"thumbnailUrl":"https:\/\/v2charge.com\/wp-content\/uploads\/2018\/07\/golf-electrico-recarga-coche-electrico-1.jpg","articleSection":["e-mobility","Modelos de coches"],"inLanguage":"es","potentialAction":[{"@type":"CommentAction","name":"Comment","target":["https:\/\/v2charge.com\/es\/autonomia-del-volkswagen-e-golf-electrico\/#respond"]}]},{"@type":"WebPage","@id":"https:\/\/v2charge.com\/es\/autonomia-del-volkswagen-e-golf-electrico\/","url":"https:\/\/v2charge.com\/es\/autonomia-del-volkswagen-e-golf-electrico\/","name":"Autonom\u00eda y Precio Volkswagen e-Golf El\u00e9ctrico | V2C","isPartOf":{"@id":"https:\/\/v2charge.com\/es\/#website"},"primaryImageOfPage":{"@id":"https:\/\/v2charge.com\/es\/autonomia-del-volkswagen-e-golf-electrico\/#primaryimage"},"image":{"@id":"https:\/\/v2charge.com\/es\/autonomia-del-volkswagen-e-golf-electrico\/#primaryimage"},"thumbnailUrl":"https:\/\/v2charge.com\/wp-content\/uploads\/2018\/07\/golf-electrico-recarga-coche-electrico-1.jpg","datePublished":"2018-07-17T11:01:49+00:00","dateModified":"2024-05-13T07:43:52+00:00","description":"Descubre la autonom\u00eda y precio de VOLKSWAGEN E-GOLF EL\u00c9CTRICO. C\u00f3mo cargar el Volkswagen E-Golf El\u00e9ctrico.","breadcrumb":{"@id":"https:\/\/v2charge.com\/es\/autonomia-del-volkswagen-e-golf-electrico\/#breadcrumb"},"inLanguage":"es","potentialAction":[{"@type":"ReadAction","target":["https:\/\/v2charge.com\/es\/autonomia-del-volkswagen-e-golf-electrico\/"]}]},{"@type":"ImageObject","inLanguage":"es","@id":"https:\/\/v2charge.com\/es\/autonomia-del-volkswagen-e-golf-electrico\/#primaryimage","url":"https:\/\/v2charge.com\/wp-content\/uploads\/2018\/07\/golf-electrico-recarga-coche-electrico-1.jpg","contentUrl":"https:\/\/v2charge.com\/wp-content\/uploads\/2018\/07\/golf-electrico-recarga-coche-electrico-1.jpg","width":685,"height":500},{"@type":"BreadcrumbList","@id":"https:\/\/v2charge.com\/es\/autonomia-del-volkswagen-e-golf-electrico\/#breadcrumb","itemListElement":[{"@type":"ListItem","position":1,"name":"V2C","item":"https:\/\/v2charge.com\/es\/"},{"@type":"ListItem","position":2,"name":"Modelos de coches el\u00e9ctricos","item":"https:\/\/v2charge.com\/es\/e-mobility\/"},{"@type":"ListItem","position":3,"name":"Autonom\u00eda y Precio de Volkswagen E-Golf el\u00e9ctrico. Descubre todas las caracter\u00edsticas."}]},{"@type":"WebSite","@id":"https:\/\/v2charge.com\/es\/#website","url":"https:\/\/v2charge.com\/es\/","name":"V2C","description":"#CargandoElMa\u00f1ana","publisher":{"@id":"https:\/\/v2charge.com\/es\/#organization"},"potentialAction":[{"@type":"SearchAction","target":{"@type":"EntryPoint","urlTemplate":"https:\/\/v2charge.com\/es\/?s={search_term_string}"},"query-input":{"@type":"PropertyValueSpecification","valueRequired":true,"valueName":"search_term_string"}}],"inLanguage":"es"},{"@type":"Organization","@id":"https:\/\/v2charge.com\/es\/#organization","name":"V2C","url":"https:\/\/v2charge.com\/es\/","logo":{"@type":"ImageObject","inLanguage":"es","@id":"https:\/\/v2charge.com\/es\/#\/schema\/logo\/image\/","url":"https:\/\/v2charge.com\/wp-content\/uploads\/2024\/11\/cropped-v2c-charge-logo-menu.png","contentUrl":"https:\/\/v2charge.com\/wp-content\/uploads\/2024\/11\/cropped-v2c-charge-logo-menu.png","width":984,"height":431,"caption":"V2C"},"image":{"@id":"https:\/\/v2charge.com\/es\/#\/schema\/logo\/image\/"},"sameAs":["https:\/\/www.facebook.com\/V2C.Charge","https:\/\/x.com\/V2C_Charge","https:\/\/www.instagram.com\/v2c.charge\/","https:\/\/www.youtube.com\/@V2C","https:\/\/www.linkedin.com\/company\/v2c-chargers\/"]},{"@type":"Person","@id":"https:\/\/v2charge.com\/es\/#\/schema\/person\/f29e67a85380accce2b8b9139c993f42","name":"V2C","image":{"@type":"ImageObject","inLanguage":"es","@id":"https:\/\/v2charge.com\/es\/#\/schema\/person\/image\/","url":"https:\/\/secure.gravatar.com\/avatar\/6b569efe71f377f865d3c6d7d046c620e6ecf71400555f6ac3a8d31ade20562b?s=96&d=mm&r=g","contentUrl":"https:\/\/secure.gravatar.com\/avatar\/6b569efe71f377f865d3c6d7d046c620e6ecf71400555f6ac3a8d31ade20562b?s=96&d=mm&r=g","caption":"V2C"}}]}},"uagb_featured_image_src":{"full":["https:\/\/v2charge.com\/wp-content\/uploads\/2018\/07\/golf-electrico-recarga-coche-electrico-1.jpg",685,500,false],"thumbnail":["https:\/\/v2charge.com\/wp-content\/uploads\/2018\/07\/golf-electrico-recarga-coche-electrico-1-150x150.jpg",150,150,true],"medium":["https:\/\/v2charge.com\/wp-content\/uploads\/2018\/07\/golf-electrico-recarga-coche-electrico-1-300x219.jpg",300,219,true],"medium_large":["https:\/\/v2charge.com\/wp-content\/uploads\/2018\/07\/golf-electrico-recarga-coche-electrico-1.jpg",685,500,false],"large":["https:\/\/v2charge.com\/wp-content\/uploads\/2018\/07\/golf-electrico-recarga-coche-electrico-1.jpg",685,500,false],"gs-tiny":["https:\/\/v2charge.com\/wp-content\/uploads\/2018\/07\/golf-electrico-recarga-coche-electrico-1.jpg",50,36,false],"xl":["https:\/\/v2charge.com\/wp-content\/uploads\/2018\/07\/golf-electrico-recarga-coche-electrico-1.jpg",685,500,false],"xxl":["https:\/\/v2charge.com\/wp-content\/uploads\/2018\/07\/golf-electrico-recarga-coche-electrico-1.jpg",685,500,false],"xxxl":["https:\/\/v2charge.com\/wp-content\/uploads\/2018\/07\/golf-electrico-recarga-coche-electrico-1.jpg",685,500,false],"xxxxl":["https:\/\/v2charge.com\/wp-content\/uploads\/2018\/07\/golf-electrico-recarga-coche-electrico-1.jpg",685,500,false],"xxxxxl":["https:\/\/v2charge.com\/wp-content\/uploads\/2018\/07\/golf-electrico-recarga-coche-electrico-1.jpg",685,500,false],"1536x1536":["https:\/\/v2charge.com\/wp-content\/uploads\/2018\/07\/golf-electrico-recarga-coche-electrico-1.jpg",685,500,false],"2048x2048":["https:\/\/v2charge.com\/wp-content\/uploads\/2018\/07\/golf-electrico-recarga-coche-electrico-1.jpg",685,500,false]},"uagb_author_info":{"display_name":"V2C","author_link":"https:\/\/v2charge.com\/es\/author\/root_k4eu7ki8\/"},"uagb_comment_info":0,"uagb_excerpt":"La autonom\u00eda de los coches el\u00e9ctricos ya no son una barrera para su compra. Los desplazamientos que la mayor\u00eda de los usuarios realizan diariamente pueden llevarse a cabo con un coche el\u00e9ctrico sin preocuparse de la autonom\u00eda. La mejora de la autonom\u00eda de los coches el\u00e9ctricos ha hecho que se incrementen las ventas entre los&hellip;","_links":{"self":[{"href":"https:\/\/v2charge.com\/es\/wp-json\/wp\/v2\/posts\/10055","targetHints":{"allow":["GET"]}}],"collection":[{"href":"https:\/\/v2charge.com\/es\/wp-json\/wp\/v2\/posts"}],"about":[{"href":"https:\/\/v2charge.com\/es\/wp-json\/wp\/v2\/types\/post"}],"author":[{"embeddable":true,"href":"https:\/\/v2charge.com\/es\/wp-json\/wp\/v2\/users\/1"}],"replies":[{"embeddable":true,"href":"https:\/\/v2charge.com\/es\/wp-json\/wp\/v2\/comments?post=10055"}],"version-history":[{"count":0,"href":"https:\/\/v2charge.com\/es\/wp-json\/wp\/v2\/posts\/10055\/revisions"}],"wp:featuredmedia":[{"embeddable":true,"href":"https:\/\/v2charge.com\/es\/wp-json\/wp\/v2\/media\/63675"}],"wp:attachment":[{"href":"https:\/\/v2charge.com\/es\/wp-json\/wp\/v2\/media?parent=10055"}],"wp:term":[{"taxonomy":"category","embeddable":true,"href":"https:\/\/v2charge.com\/es\/wp-json\/wp\/v2\/categories?post=10055"},{"taxonomy":"post_tag","embeddable":true,"href":"https:\/\/v2charge.com\/es\/wp-json\/wp\/v2\/tags?post=10055"}],"curies":[{"name":"wp","href":"https:\/\/api.w.org\/{rel}","templated":true}]}}