{"id":10076,"date":"2018-07-23T15:55:11","date_gmt":"2018-07-23T15:55:11","guid":{"rendered":"https:\/\/www.wallboxok.com\/?p=10076"},"modified":"2023-05-31T08:23:09","modified_gmt":"2023-05-31T08:23:09","slug":"coches-electricos-de-alquiler-citroen-e-mehari","status":"publish","type":"post","link":"https:\/\/v2charge.com\/es\/coches-electricos-de-alquiler-citroen-e-mehari\/","title":{"rendered":"COCHES EL\u00c9CTRICOS DE ALQUILER: CITRO\u00cbN E-MEHARI"},"content":{"rendered":"<p>Durante los \u00faltimos a\u00f1os vemos como se est\u00e1 implantando un nuevo modelo de movilidad, hablamos del carsharing o alquiler de coches el\u00e9ctricos. El&nbsp;CITRO\u00cbN E-MEHARI es el modelo de coche el\u00e9ctrico que m\u00e1s \u00e9xito tienen en zonas de costa, en donde empresas de alquiler de coches el\u00e9ctricos han tenido que realizar un estudio sobre qu\u00e9 modelo es mejor para su flota de veh\u00edculos el\u00e9ctricos.<\/p>\n<p>Muchas empresas dedicadas al alquiler de coches el\u00e9ctricos o carsharing tienen dudas sobre c\u00f3mo se realiza la recarga de los coches el\u00e9ctricos que tienen incorporados a sus flotas de veh\u00edculos. Es por ello que hemos querido recoger informaci\u00f3n sobre la recarga de los coches el\u00e9ctricos, sobre su autonom\u00eda, bater\u00edas, etc.<\/p>\n<h2>Conector de Recarga para Citro\u00ebn E-MEHARI<\/h2>\n<p>El Citro\u00ebn E-MEHARI el\u00e9ctrico dispone de un conector de Tipo 1 (Cable SAE J1772 \u2013 Yakazi).<br \/>\nConsulta aqu\u00ed si necesitas informaci\u00f3n sobre <a href=\"https:\/\/www.v2charge.com\/es\/citroen-e-mehari-autonomia-y-recarga\/\">puntos de recarga para&nbsp; Citro\u00ebn E-MEHARI<\/a><\/p>\n<p><img decoding=\"async\" class=\"alignnone  wp-image-10025\" src=\"https:\/\/www.v2charge.com\/wp-content\/uploads\/2018\/07\/CITROEN-COCHES-ELECTRICOS.jpg\" alt=\"\" width=\"177\" height=\"177\"><img decoding=\"async\" class=\"alignnone  wp-image-10046\" src=\"https:\/\/www.v2charge.com\/wp-content\/uploads\/2018\/07\/mehari-electrico-recarga.jpg\" alt=\"\" width=\"294\" height=\"176\"><\/p>\n<h2>Tiempo de recarga Citro\u00ebn E-MEHARI<\/h2>\n<p>La unidad de carga del Citro\u00ebn E-MEHARI realiza una carga completa en 10 horas desde un punto de recarga de modo 3 (16A, 3.7kW). El tiempo de recarga final depender\u00e1 de la combinaci\u00f3n de los diferentes factores: capacidad del coche, caracter\u00edsticas de la instalaci\u00f3n, tipo de toma, etc\u2026<\/p>\n<h2>Coste de Recarga Citro\u00ebn Mehari<\/h2>\n<p>El c\u00e1lculo del coste estimado de recarga de un Citro\u00ebn Mehari depender\u00e1 siempre de la tarifa contratada en la vivienda; no obstante, aproximando, el coste ser\u00eda de 1.20 \u20ac en una tarifa est\u00e1ndar (0,13 \u20ac\/KW) y de 0.60 \u20ac en una tarifa nocturna<\/p>\n<h2>ALQUILER DE COCHES EL\u00c9CTRICOS GRANDES CIUDADES.<\/h2>\n<p>Los usuarios son conscientes de que esta opci\u00f3n es una buena alternativa al de la propiedad de un veh\u00edculo. Los habitantes de grandes ciudades realizan desplazamientos cortos, es decir no necesitan mucha autonom\u00eda, cualquier coche el\u00e9ctrico podr\u00eda satisfacer sus necesidades. Adem\u00e1s, con la nueva legislaci\u00f3n estamos viendo como se implantan pol\u00edticas restrictivas en favor de la movilidad sostenible y que penalizan a los coches di\u00e9sel o gasolina.<br \/>\nGrandes ciudades como Madrid o Barcelona acogen empresas especializadas en el alquiler de veh\u00edculos el\u00e9ctricos o carsharing. Es evidente que estas empresas necesitan mostrarle a los usuarios coches que por su tama\u00f1o y autonom\u00eda se ajusten a las necesidades de las grandes ciudades. \u00bfQu\u00e9 marcas de coches el\u00e9ctricos son adecuadas para carsharing? Evidentemente cualquier marca puede servir, pero estamos viendo como la moda es un coche tipo Renault ZOE. De este coche el\u00e9ctrico hemos hablado en numerosas ocasiones e incluso hemos explicado los puntos de recarga de Renault ZOE<\/p>\n<p>Solicita informaci\u00f3n si quieres <a href=\"https:\/\/www.v2charge.com\/es\/wallbox-zoe-puntos-recarga-renault-zoe\/\">comprar un punto de recarga para renault zoe<\/a>.<\/p>\n","protected":false},"excerpt":{"rendered":"<p>Durante los \u00faltimos a\u00f1os vemos como se est\u00e1 implantando un nuevo modelo de movilidad, hablamos del carsharing o alquiler de coches el\u00e9ctricos. El&nbsp;CITRO\u00cbN E-MEHARI es el modelo de coche el\u00e9ctrico que m\u00e1s \u00e9xito tienen en zonas de costa, en donde empresas de alquiler de coches el\u00e9ctricos han tenido que realizar un estudio sobre qu\u00e9 modelo &#8230; <a title=\"COCHES EL\u00c9CTRICOS DE ALQUILER: CITRO\u00cbN E-MEHARI\" class=\"read-more\" href=\"https:\/\/v2charge.com\/es\/coches-electricos-de-alquiler-citroen-e-mehari\/\" aria-label=\"Leer m\u00e1s sobre COCHES EL\u00c9CTRICOS DE ALQUILER: CITRO\u00cbN E-MEHARI\">Leer m\u00e1s<\/a><\/p>\n","protected":false},"author":1,"featured_media":63632,"comment_status":"open","ping_status":"closed","sticky":false,"template":"","format":"standard","meta":{"_eb_attr":"","content-type":"","_uag_custom_page_level_css":"","footnotes":""},"categories":[6,157],"tags":[],"class_list":["post-10076","post","type-post","status-publish","format-standard","has-post-thumbnail","hentry","category-e-mobility","category-modelos-coches"],"yoast_head":"<!-- This site is optimized with the Yoast SEO plugin v25.3.1 - https:\/\/yoast.com\/wordpress\/plugins\/seo\/ -->\n<title>Citro\u00ebn E-MEHARI Alquiler coches el\u00e9ctricos | Puntos de recarga<\/title>\n<meta name=\"description\" content=\"\u00bfQuieres saber \u2705que punto de recarga necesita el Citro\u00ebn E-MEHARI? P\u00eddenos informaci\u00f3n sobre puntos de recarga compatibles \u2705Citro\u00ebn E-MEHARI\" \/>\n<meta name=\"robots\" content=\"index, follow, max-snippet:-1, max-image-preview:large, max-video-preview:-1\" \/>\n<link rel=\"canonical\" href=\"https:\/\/v2charge.com\/es\/coches-electricos-de-alquiler-citroen-e-mehari\/\" \/>\n<meta property=\"og:locale\" content=\"es_ES\" \/>\n<meta property=\"og:type\" content=\"article\" \/>\n<meta property=\"og:title\" content=\"Citro\u00ebn E-MEHARI Alquiler coches el\u00e9ctricos | Puntos de recarga\" \/>\n<meta property=\"og:description\" content=\"\u00bfQuieres saber \u2705que punto de recarga necesita el Citro\u00ebn E-MEHARI? P\u00eddenos informaci\u00f3n sobre puntos de recarga compatibles \u2705Citro\u00ebn E-MEHARI\" \/>\n<meta property=\"og:url\" content=\"https:\/\/v2charge.com\/es\/coches-electricos-de-alquiler-citroen-e-mehari\/\" \/>\n<meta property=\"og:site_name\" content=\"V2C\" \/>\n<meta property=\"article:publisher\" content=\"https:\/\/www.facebook.com\/V2C.Charge\" \/>\n<meta property=\"article:published_time\" content=\"2018-07-23T15:55:11+00:00\" \/>\n<meta property=\"article:modified_time\" content=\"2023-05-31T08:23:09+00:00\" \/>\n<meta property=\"og:image\" content=\"https:\/\/v2charge.com\/wp-content\/uploads\/2018\/07\/Citroen-E-Mehari-recarga-1.jpg\" \/>\n\t<meta property=\"og:image:width\" content=\"685\" \/>\n\t<meta property=\"og:image:height\" content=\"500\" \/>\n\t<meta property=\"og:image:type\" content=\"image\/jpeg\" \/>\n<meta name=\"author\" content=\"V2C\" \/>\n<meta name=\"twitter:card\" content=\"summary_large_image\" \/>\n<meta name=\"twitter:creator\" content=\"@V2C_Charge\" \/>\n<meta name=\"twitter:site\" content=\"@V2C_Charge\" \/>\n<meta name=\"twitter:label1\" content=\"Escrito por\" \/>\n\t<meta name=\"twitter:data1\" content=\"V2C\" \/>\n\t<meta name=\"twitter:label2\" content=\"Tiempo de lectura\" \/>\n\t<meta name=\"twitter:data2\" content=\"3 minutos\" \/>\n<script type=\"application\/ld+json\" class=\"yoast-schema-graph\">{\"@context\":\"https:\/\/schema.org\",\"@graph\":[{\"@type\":\"Article\",\"@id\":\"https:\/\/v2charge.com\/es\/coches-electricos-de-alquiler-citroen-e-mehari\/#article\",\"isPartOf\":{\"@id\":\"https:\/\/v2charge.com\/es\/coches-electricos-de-alquiler-citroen-e-mehari\/\"},\"author\":{\"name\":\"V2C\",\"@id\":\"https:\/\/v2charge.com\/es\/#\/schema\/person\/f29e67a85380accce2b8b9139c993f42\"},\"headline\":\"COCHES EL\u00c9CTRICOS DE ALQUILER: CITRO\u00cbN E-MEHARI\",\"datePublished\":\"2018-07-23T15:55:11+00:00\",\"dateModified\":\"2023-05-31T08:23:09+00:00\",\"mainEntityOfPage\":{\"@id\":\"https:\/\/v2charge.com\/es\/coches-electricos-de-alquiler-citroen-e-mehari\/\"},\"wordCount\":472,\"commentCount\":0,\"publisher\":{\"@id\":\"https:\/\/v2charge.com\/es\/#organization\"},\"image\":{\"@id\":\"https:\/\/v2charge.com\/es\/coches-electricos-de-alquiler-citroen-e-mehari\/#primaryimage\"},\"thumbnailUrl\":\"https:\/\/v2charge.com\/wp-content\/uploads\/2018\/07\/Citroen-E-Mehari-recarga-1.jpg\",\"articleSection\":[\"e-mobility\",\"Modelos de coches\"],\"inLanguage\":\"es\",\"potentialAction\":[{\"@type\":\"CommentAction\",\"name\":\"Comment\",\"target\":[\"https:\/\/v2charge.com\/es\/coches-electricos-de-alquiler-citroen-e-mehari\/#respond\"]}]},{\"@type\":\"WebPage\",\"@id\":\"https:\/\/v2charge.com\/es\/coches-electricos-de-alquiler-citroen-e-mehari\/\",\"url\":\"https:\/\/v2charge.com\/es\/coches-electricos-de-alquiler-citroen-e-mehari\/\",\"name\":\"Citro\u00ebn E-MEHARI Alquiler coches el\u00e9ctricos | Puntos de recarga\",\"isPartOf\":{\"@id\":\"https:\/\/v2charge.com\/es\/#website\"},\"primaryImageOfPage\":{\"@id\":\"https:\/\/v2charge.com\/es\/coches-electricos-de-alquiler-citroen-e-mehari\/#primaryimage\"},\"image\":{\"@id\":\"https:\/\/v2charge.com\/es\/coches-electricos-de-alquiler-citroen-e-mehari\/#primaryimage\"},\"thumbnailUrl\":\"https:\/\/v2charge.com\/wp-content\/uploads\/2018\/07\/Citroen-E-Mehari-recarga-1.jpg\",\"datePublished\":\"2018-07-23T15:55:11+00:00\",\"dateModified\":\"2023-05-31T08:23:09+00:00\",\"description\":\"\u00bfQuieres saber \u2705que punto de recarga necesita el Citro\u00ebn E-MEHARI? P\u00eddenos informaci\u00f3n sobre puntos de recarga compatibles \u2705Citro\u00ebn E-MEHARI\",\"breadcrumb\":{\"@id\":\"https:\/\/v2charge.com\/es\/coches-electricos-de-alquiler-citroen-e-mehari\/#breadcrumb\"},\"inLanguage\":\"es\",\"potentialAction\":[{\"@type\":\"ReadAction\",\"target\":[\"https:\/\/v2charge.com\/es\/coches-electricos-de-alquiler-citroen-e-mehari\/\"]}]},{\"@type\":\"ImageObject\",\"inLanguage\":\"es\",\"@id\":\"https:\/\/v2charge.com\/es\/coches-electricos-de-alquiler-citroen-e-mehari\/#primaryimage\",\"url\":\"https:\/\/v2charge.com\/wp-content\/uploads\/2018\/07\/Citroen-E-Mehari-recarga-1.jpg\",\"contentUrl\":\"https:\/\/v2charge.com\/wp-content\/uploads\/2018\/07\/Citroen-E-Mehari-recarga-1.jpg\",\"width\":685,\"height\":500,\"caption\":\"Citroen e-mehari\"},{\"@type\":\"BreadcrumbList\",\"@id\":\"https:\/\/v2charge.com\/es\/coches-electricos-de-alquiler-citroen-e-mehari\/#breadcrumb\",\"itemListElement\":[{\"@type\":\"ListItem\",\"position\":1,\"name\":\"V2C\",\"item\":\"https:\/\/v2charge.com\/es\/\"},{\"@type\":\"ListItem\",\"position\":2,\"name\":\"Modelos de coches el\u00e9ctricos\",\"item\":\"https:\/\/v2charge.com\/es\/e-mobility\/\"},{\"@type\":\"ListItem\",\"position\":3,\"name\":\"Modelos de coches\",\"item\":\"https:\/\/v2charge.com\/es\/e-mobility\/modelos-coches\/\"},{\"@type\":\"ListItem\",\"position\":4,\"name\":\"COCHES EL\u00c9CTRICOS DE ALQUILER: CITRO\u00cbN E-MEHARI\"}]},{\"@type\":\"WebSite\",\"@id\":\"https:\/\/v2charge.com\/es\/#website\",\"url\":\"https:\/\/v2charge.com\/es\/\",\"name\":\"V2C\",\"description\":\"#CargandoElMa\u00f1ana\",\"publisher\":{\"@id\":\"https:\/\/v2charge.com\/es\/#organization\"},\"potentialAction\":[{\"@type\":\"SearchAction\",\"target\":{\"@type\":\"EntryPoint\",\"urlTemplate\":\"https:\/\/v2charge.com\/es\/?s={search_term_string}\"},\"query-input\":{\"@type\":\"PropertyValueSpecification\",\"valueRequired\":true,\"valueName\":\"search_term_string\"}}],\"inLanguage\":\"es\"},{\"@type\":\"Organization\",\"@id\":\"https:\/\/v2charge.com\/es\/#organization\",\"name\":\"V2C\",\"url\":\"https:\/\/v2charge.com\/es\/\",\"logo\":{\"@type\":\"ImageObject\",\"inLanguage\":\"es\",\"@id\":\"https:\/\/v2charge.com\/es\/#\/schema\/logo\/image\/\",\"url\":\"https:\/\/v2charge.com\/wp-content\/uploads\/2024\/11\/cropped-v2c-charge-logo-menu.png\",\"contentUrl\":\"https:\/\/v2charge.com\/wp-content\/uploads\/2024\/11\/cropped-v2c-charge-logo-menu.png\",\"width\":984,\"height\":431,\"caption\":\"V2C\"},\"image\":{\"@id\":\"https:\/\/v2charge.com\/es\/#\/schema\/logo\/image\/\"},\"sameAs\":[\"https:\/\/www.facebook.com\/V2C.Charge\",\"https:\/\/x.com\/V2C_Charge\",\"https:\/\/www.instagram.com\/v2c.charge\/\",\"https:\/\/www.youtube.com\/@V2C\",\"https:\/\/www.linkedin.com\/company\/v2c-chargers\/\"]},{\"@type\":\"Person\",\"@id\":\"https:\/\/v2charge.com\/es\/#\/schema\/person\/f29e67a85380accce2b8b9139c993f42\",\"name\":\"V2C\",\"image\":{\"@type\":\"ImageObject\",\"inLanguage\":\"es\",\"@id\":\"https:\/\/v2charge.com\/es\/#\/schema\/person\/image\/\",\"url\":\"https:\/\/secure.gravatar.com\/avatar\/6b569efe71f377f865d3c6d7d046c620e6ecf71400555f6ac3a8d31ade20562b?s=96&d=mm&r=g\",\"contentUrl\":\"https:\/\/secure.gravatar.com\/avatar\/6b569efe71f377f865d3c6d7d046c620e6ecf71400555f6ac3a8d31ade20562b?s=96&d=mm&r=g\",\"caption\":\"V2C\"}}]}<\/script>\n<!-- \/ Yoast SEO plugin. -->","yoast_head_json":{"title":"Citro\u00ebn E-MEHARI Alquiler coches el\u00e9ctricos | Puntos de recarga","description":"\u00bfQuieres saber \u2705que punto de recarga necesita el Citro\u00ebn E-MEHARI? P\u00eddenos informaci\u00f3n sobre puntos de recarga compatibles \u2705Citro\u00ebn E-MEHARI","robots":{"index":"index","follow":"follow","max-snippet":"max-snippet:-1","max-image-preview":"max-image-preview:large","max-video-preview":"max-video-preview:-1"},"canonical":"https:\/\/v2charge.com\/es\/coches-electricos-de-alquiler-citroen-e-mehari\/","og_locale":"es_ES","og_type":"article","og_title":"Citro\u00ebn E-MEHARI Alquiler coches el\u00e9ctricos | Puntos de recarga","og_description":"\u00bfQuieres saber \u2705que punto de recarga necesita el Citro\u00ebn E-MEHARI? P\u00eddenos informaci\u00f3n sobre puntos de recarga compatibles \u2705Citro\u00ebn E-MEHARI","og_url":"https:\/\/v2charge.com\/es\/coches-electricos-de-alquiler-citroen-e-mehari\/","og_site_name":"V2C","article_publisher":"https:\/\/www.facebook.com\/V2C.Charge","article_published_time":"2018-07-23T15:55:11+00:00","article_modified_time":"2023-05-31T08:23:09+00:00","og_image":[{"width":685,"height":500,"url":"https:\/\/v2charge.com\/wp-content\/uploads\/2018\/07\/Citroen-E-Mehari-recarga-1.jpg","type":"image\/jpeg"}],"author":"V2C","twitter_card":"summary_large_image","twitter_creator":"@V2C_Charge","twitter_site":"@V2C_Charge","twitter_misc":{"Escrito por":"V2C","Tiempo de lectura":"3 minutos"},"schema":{"@context":"https:\/\/schema.org","@graph":[{"@type":"Article","@id":"https:\/\/v2charge.com\/es\/coches-electricos-de-alquiler-citroen-e-mehari\/#article","isPartOf":{"@id":"https:\/\/v2charge.com\/es\/coches-electricos-de-alquiler-citroen-e-mehari\/"},"author":{"name":"V2C","@id":"https:\/\/v2charge.com\/es\/#\/schema\/person\/f29e67a85380accce2b8b9139c993f42"},"headline":"COCHES EL\u00c9CTRICOS DE ALQUILER: CITRO\u00cbN E-MEHARI","datePublished":"2018-07-23T15:55:11+00:00","dateModified":"2023-05-31T08:23:09+00:00","mainEntityOfPage":{"@id":"https:\/\/v2charge.com\/es\/coches-electricos-de-alquiler-citroen-e-mehari\/"},"wordCount":472,"commentCount":0,"publisher":{"@id":"https:\/\/v2charge.com\/es\/#organization"},"image":{"@id":"https:\/\/v2charge.com\/es\/coches-electricos-de-alquiler-citroen-e-mehari\/#primaryimage"},"thumbnailUrl":"https:\/\/v2charge.com\/wp-content\/uploads\/2018\/07\/Citroen-E-Mehari-recarga-1.jpg","articleSection":["e-mobility","Modelos de coches"],"inLanguage":"es","potentialAction":[{"@type":"CommentAction","name":"Comment","target":["https:\/\/v2charge.com\/es\/coches-electricos-de-alquiler-citroen-e-mehari\/#respond"]}]},{"@type":"WebPage","@id":"https:\/\/v2charge.com\/es\/coches-electricos-de-alquiler-citroen-e-mehari\/","url":"https:\/\/v2charge.com\/es\/coches-electricos-de-alquiler-citroen-e-mehari\/","name":"Citro\u00ebn E-MEHARI Alquiler coches el\u00e9ctricos | Puntos de recarga","isPartOf":{"@id":"https:\/\/v2charge.com\/es\/#website"},"primaryImageOfPage":{"@id":"https:\/\/v2charge.com\/es\/coches-electricos-de-alquiler-citroen-e-mehari\/#primaryimage"},"image":{"@id":"https:\/\/v2charge.com\/es\/coches-electricos-de-alquiler-citroen-e-mehari\/#primaryimage"},"thumbnailUrl":"https:\/\/v2charge.com\/wp-content\/uploads\/2018\/07\/Citroen-E-Mehari-recarga-1.jpg","datePublished":"2018-07-23T15:55:11+00:00","dateModified":"2023-05-31T08:23:09+00:00","description":"\u00bfQuieres saber \u2705que punto de recarga necesita el Citro\u00ebn E-MEHARI? P\u00eddenos informaci\u00f3n sobre puntos de recarga compatibles \u2705Citro\u00ebn E-MEHARI","breadcrumb":{"@id":"https:\/\/v2charge.com\/es\/coches-electricos-de-alquiler-citroen-e-mehari\/#breadcrumb"},"inLanguage":"es","potentialAction":[{"@type":"ReadAction","target":["https:\/\/v2charge.com\/es\/coches-electricos-de-alquiler-citroen-e-mehari\/"]}]},{"@type":"ImageObject","inLanguage":"es","@id":"https:\/\/v2charge.com\/es\/coches-electricos-de-alquiler-citroen-e-mehari\/#primaryimage","url":"https:\/\/v2charge.com\/wp-content\/uploads\/2018\/07\/Citroen-E-Mehari-recarga-1.jpg","contentUrl":"https:\/\/v2charge.com\/wp-content\/uploads\/2018\/07\/Citroen-E-Mehari-recarga-1.jpg","width":685,"height":500,"caption":"Citroen e-mehari"},{"@type":"BreadcrumbList","@id":"https:\/\/v2charge.com\/es\/coches-electricos-de-alquiler-citroen-e-mehari\/#breadcrumb","itemListElement":[{"@type":"ListItem","position":1,"name":"V2C","item":"https:\/\/v2charge.com\/es\/"},{"@type":"ListItem","position":2,"name":"Modelos de coches el\u00e9ctricos","item":"https:\/\/v2charge.com\/es\/e-mobility\/"},{"@type":"ListItem","position":3,"name":"Modelos de coches","item":"https:\/\/v2charge.com\/es\/e-mobility\/modelos-coches\/"},{"@type":"ListItem","position":4,"name":"COCHES EL\u00c9CTRICOS DE ALQUILER: CITRO\u00cbN E-MEHARI"}]},{"@type":"WebSite","@id":"https:\/\/v2charge.com\/es\/#website","url":"https:\/\/v2charge.com\/es\/","name":"V2C","description":"#CargandoElMa\u00f1ana","publisher":{"@id":"https:\/\/v2charge.com\/es\/#organization"},"potentialAction":[{"@type":"SearchAction","target":{"@type":"EntryPoint","urlTemplate":"https:\/\/v2charge.com\/es\/?s={search_term_string}"},"query-input":{"@type":"PropertyValueSpecification","valueRequired":true,"valueName":"search_term_string"}}],"inLanguage":"es"},{"@type":"Organization","@id":"https:\/\/v2charge.com\/es\/#organization","name":"V2C","url":"https:\/\/v2charge.com\/es\/","logo":{"@type":"ImageObject","inLanguage":"es","@id":"https:\/\/v2charge.com\/es\/#\/schema\/logo\/image\/","url":"https:\/\/v2charge.com\/wp-content\/uploads\/2024\/11\/cropped-v2c-charge-logo-menu.png","contentUrl":"https:\/\/v2charge.com\/wp-content\/uploads\/2024\/11\/cropped-v2c-charge-logo-menu.png","width":984,"height":431,"caption":"V2C"},"image":{"@id":"https:\/\/v2charge.com\/es\/#\/schema\/logo\/image\/"},"sameAs":["https:\/\/www.facebook.com\/V2C.Charge","https:\/\/x.com\/V2C_Charge","https:\/\/www.instagram.com\/v2c.charge\/","https:\/\/www.youtube.com\/@V2C","https:\/\/www.linkedin.com\/company\/v2c-chargers\/"]},{"@type":"Person","@id":"https:\/\/v2charge.com\/es\/#\/schema\/person\/f29e67a85380accce2b8b9139c993f42","name":"V2C","image":{"@type":"ImageObject","inLanguage":"es","@id":"https:\/\/v2charge.com\/es\/#\/schema\/person\/image\/","url":"https:\/\/secure.gravatar.com\/avatar\/6b569efe71f377f865d3c6d7d046c620e6ecf71400555f6ac3a8d31ade20562b?s=96&d=mm&r=g","contentUrl":"https:\/\/secure.gravatar.com\/avatar\/6b569efe71f377f865d3c6d7d046c620e6ecf71400555f6ac3a8d31ade20562b?s=96&d=mm&r=g","caption":"V2C"}}]}},"uagb_featured_image_src":{"full":["https:\/\/v2charge.com\/wp-content\/uploads\/2018\/07\/Citroen-E-Mehari-recarga-1.jpg",685,500,false],"thumbnail":["https:\/\/v2charge.com\/wp-content\/uploads\/2018\/07\/Citroen-E-Mehari-recarga-1-150x150.jpg",150,150,true],"medium":["https:\/\/v2charge.com\/wp-content\/uploads\/2018\/07\/Citroen-E-Mehari-recarga-1-300x219.jpg",300,219,true],"medium_large":["https:\/\/v2charge.com\/wp-content\/uploads\/2018\/07\/Citroen-E-Mehari-recarga-1.jpg",685,500,false],"large":["https:\/\/v2charge.com\/wp-content\/uploads\/2018\/07\/Citroen-E-Mehari-recarga-1.jpg",685,500,false],"gs-tiny":["https:\/\/v2charge.com\/wp-content\/uploads\/2018\/07\/Citroen-E-Mehari-recarga-1.jpg",50,36,false],"xl":["https:\/\/v2charge.com\/wp-content\/uploads\/2018\/07\/Citroen-E-Mehari-recarga-1.jpg",685,500,false],"xxl":["https:\/\/v2charge.com\/wp-content\/uploads\/2018\/07\/Citroen-E-Mehari-recarga-1.jpg",685,500,false],"xxxl":["https:\/\/v2charge.com\/wp-content\/uploads\/2018\/07\/Citroen-E-Mehari-recarga-1.jpg",685,500,false],"xxxxl":["https:\/\/v2charge.com\/wp-content\/uploads\/2018\/07\/Citroen-E-Mehari-recarga-1.jpg",685,500,false],"xxxxxl":["https:\/\/v2charge.com\/wp-content\/uploads\/2018\/07\/Citroen-E-Mehari-recarga-1.jpg",685,500,false],"1536x1536":["https:\/\/v2charge.com\/wp-content\/uploads\/2018\/07\/Citroen-E-Mehari-recarga-1.jpg",685,500,false],"2048x2048":["https:\/\/v2charge.com\/wp-content\/uploads\/2018\/07\/Citroen-E-Mehari-recarga-1.jpg",685,500,false]},"uagb_author_info":{"display_name":"V2C","author_link":"https:\/\/v2charge.com\/es\/author\/root_k4eu7ki8\/"},"uagb_comment_info":0,"uagb_excerpt":"Durante los \u00faltimos a\u00f1os vemos como se est\u00e1 implantando un nuevo modelo de movilidad, hablamos del carsharing o alquiler de coches el\u00e9ctricos. El&nbsp;CITRO\u00cbN E-MEHARI es el modelo de coche el\u00e9ctrico que m\u00e1s \u00e9xito tienen en zonas de costa, en donde empresas de alquiler de coches el\u00e9ctricos han tenido que realizar un estudio sobre qu\u00e9 modelo&hellip;","_links":{"self":[{"href":"https:\/\/v2charge.com\/es\/wp-json\/wp\/v2\/posts\/10076","targetHints":{"allow":["GET"]}}],"collection":[{"href":"https:\/\/v2charge.com\/es\/wp-json\/wp\/v2\/posts"}],"about":[{"href":"https:\/\/v2charge.com\/es\/wp-json\/wp\/v2\/types\/post"}],"author":[{"embeddable":true,"href":"https:\/\/v2charge.com\/es\/wp-json\/wp\/v2\/users\/1"}],"replies":[{"embeddable":true,"href":"https:\/\/v2charge.com\/es\/wp-json\/wp\/v2\/comments?post=10076"}],"version-history":[{"count":0,"href":"https:\/\/v2charge.com\/es\/wp-json\/wp\/v2\/posts\/10076\/revisions"}],"wp:featuredmedia":[{"embeddable":true,"href":"https:\/\/v2charge.com\/es\/wp-json\/wp\/v2\/media\/63632"}],"wp:attachment":[{"href":"https:\/\/v2charge.com\/es\/wp-json\/wp\/v2\/media?parent=10076"}],"wp:term":[{"taxonomy":"category","embeddable":true,"href":"https:\/\/v2charge.com\/es\/wp-json\/wp\/v2\/categories?post=10076"},{"taxonomy":"post_tag","embeddable":true,"href":"https:\/\/v2charge.com\/es\/wp-json\/wp\/v2\/tags?post=10076"}],"curies":[{"name":"wp","href":"https:\/\/api.w.org\/{rel}","templated":true}]}}