{"id":106350,"date":"2023-06-28T14:00:00","date_gmt":"2023-06-28T14:00:00","guid":{"rendered":"https:\/\/v2charge.com\/?p=106350"},"modified":"2023-06-20T09:11:09","modified_gmt":"2023-06-20T09:11:09","slug":"autonomia-coche-electrico","status":"publish","type":"post","link":"https:\/\/v2charge.com\/es\/autonomia-coche-electrico\/","title":{"rendered":"Autonom\u00eda de un coche el\u00e9ctrico: \u00bfCu\u00e1nta distancia puedes recorrer con una carga?"},"content":{"rendered":"<p>En la era de la movilidad sostenible, los coches el\u00e9ctricos se han consolidado como una alternativa prometedora para reducir la dependencia de los combustibles f\u00f3siles y <a title=\"El impacto de los coches el\u00e9ctricos en el medio ambiente\" href=\"https:\/\/v2charge.com\/es\/como-ayudan-coches-electricos-medio-ambiente\/\">disminuir las emisiones de gases<\/a> de efecto invernadero. Sin embargo, a pesar de sus numerosos beneficios, es natural que los consumidores se pregunten sobre la autonom\u00eda de estos veh\u00edculos, es decir, cu\u00e1nto tiempo pueden recorrer antes de necesitar una recarga. La <b>autonom\u00eda de un coche el\u00e9ctrico<\/b> puede ir de los 150 km a los 500 km, dependiendo del modelo y <a href=\"https:\/\/v2charge.com\/es\/tipos-coches-electricos\/\">tipo de veh\u00edculo el\u00e9ctrico<\/a>. En este art\u00edculo, exploraremos a fondo este aspecto clave y examinaremos los factores que influyen en la duraci\u00f3n de la autonom\u00eda.<\/p>\n<h2>El papel de la tecnolog\u00eda de bater\u00eda<\/h2>\n<p>La autonom\u00eda de un coche el\u00e9ctrico est\u00e1 directamente relacionada <b>con la tecnolog\u00eda de la bater\u00eda utilizada<\/b>. A medida que avanza la investigaci\u00f3n y el desarrollo en este campo, las bater\u00edas de iones de litio se han convertido en la opci\u00f3n predominante en la industria automotriz. Estas bater\u00edas son capaces de almacenar una cantidad significativa de energ\u00eda y proporcionar una autonom\u00eda cada vez mayor a los coches el\u00e9ctricos.<\/p>\n<h2>Factores que influyen en la autonom\u00eda<\/h2>\n<h3>Capacidad de la bater\u00eda<\/h3>\n<p>La capacidad de la bater\u00eda es un factor fundamental para determinar la autonom\u00eda de un coche el\u00e9ctrico. Cuanto mayor sea la capacidad de la bater\u00eda, <b>m\u00e1s energ\u00eda podr\u00e1 almacenar<\/b> y, por lo tanto, mayor ser\u00e1 la distancia que el veh\u00edculo podr\u00e1 recorrer antes de necesitar una recarga.<\/p>\n<h3>Eficiencia del veh\u00edculo<\/h3>\n<p>La eficiencia energ\u00e9tica del coche el\u00e9ctrico tambi\u00e9n es un factor crucial. Esto incluye aspectos como la <b>aerodin\u00e1mica<\/b>, la <b>resistencia<\/b> al rodamiento de los neum\u00e1ticos y la <b>eficiencia del motor<\/b>. Los fabricantes de coches el\u00e9ctricos se esfuerzan por optimizar estos aspectos para maximizar la autonom\u00eda y garantizar un uso eficiente de la energ\u00eda almacenada.<\/p>\n<h3>Condiciones de conducci\u00f3n<\/h3>\n<p>Las condiciones de conducci\u00f3n tienen un impacto significativo en la autonom\u00eda de los coches el\u00e9ctricos. Factores como la <b>velocidad<\/b>, el <b>terreno<\/b> (cuestas pronunciadas), el <b>tr\u00e1fico<\/b> y el uso del sistema de <b>climatizaci\u00f3n<\/b> pueden influir en el consumo de energ\u00eda y, por lo tanto, en la duraci\u00f3n de la autonom\u00eda.<\/p>\n<h3>Clima<\/h3>\n<p>El clima tambi\u00e9n desempe\u00f1a un papel relevante en la autonom\u00eda de un coche el\u00e9ctrico. Las temperaturas extremas, tanto fr\u00edas como calurosas, pueden afectar <b>el rendimiento de la bater\u00eda<\/b> y reducir la autonom\u00eda. Es importante tener en cuenta este factor al planificar viajes m\u00e1s largos.<\/p>\n<p><img decoding=\"async\" class=\"wp-image-106360 size-full aligncenter\" src=\"https:\/\/v2charge.com\/wp-content\/uploads\/2023\/06\/conducir-lloviendo.jpg\" alt=\"conducci\u00f3n con clima aderso\" width=\"800\" height=\"400\" srcset=\"https:\/\/v2charge.com\/wp-content\/uploads\/2023\/06\/conducir-lloviendo.jpg 800w, https:\/\/v2charge.com\/wp-content\/uploads\/2023\/06\/conducir-lloviendo-300x150.jpg 300w, https:\/\/v2charge.com\/wp-content\/uploads\/2023\/06\/conducir-lloviendo-768x384.jpg 768w\" sizes=\"(max-width: 800px) 100vw, 800px\" \/><\/p>\n<h2>Estimaci\u00f3n de la autonom\u00eda<\/h2>\n<p>Es importante tener en cuenta que la autonom\u00eda de los coches el\u00e9ctricos puede variar significativamente seg\u00fan el modelo y la marca. Sin embargo, como referencia general, los coches el\u00e9ctricos m\u00e1s comunes en el mercado actual suelen tener una autonom\u00eda que oscila <b>entre 150 y 400 kil\u00f3metros<\/b> con una sola carga. Algunos <b>modelos de gama alta<\/b> y veh\u00edculos el\u00e9ctricos especialmente dise\u00f1ados pueden alcanzar autonom\u00edas <b>superiores a los 500 kil\u00f3metros<\/b>.<\/p>\n<p>Es crucial destacar que los fabricantes est\u00e1n trabajando constantemente para mejorar la tecnolog\u00eda de las bater\u00edas y, por lo tanto, aumentar la autonom\u00eda de los coches el\u00e9ctricos. Se espera que en los pr\u00f3ximos a\u00f1os veamos avances significativos en este \u00e1mbito, lo que permitir\u00e1 una mayor independencia y comodidad para los conductores de veh\u00edculos el\u00e9ctricos.<\/p>\n<p>La autonom\u00eda de un coche el\u00e9ctrico es un aspecto clave a considerar al evaluar su idoneidad como opci\u00f3n de movilidad. Si bien las cifras pueden variar seg\u00fan el modelo y otros factores, los avances en la tecnolog\u00eda de bater\u00edas est\u00e1n permitiendo que los coches el\u00e9ctricos ofrezcan autonom\u00edas cada vez mayores. Es importante que los consumidores tengan en cuenta los factores mencionados anteriormente, como la capacidad de la bater\u00eda, la eficiencia del veh\u00edculo y las condiciones de conducci\u00f3n, para tomar decisiones informadas y disfrutar de una experiencia de conducci\u00f3n el\u00e9ctrica satisfactoria y sostenible.<\/p>\n","protected":false},"excerpt":{"rendered":"<p>En la era de la movilidad sostenible, los coches el\u00e9ctricos se han consolidado como una alternativa prometedora para reducir la dependencia de los combustibles f\u00f3siles y disminuir las emisiones de gases de efecto invernadero. Sin embargo, a pesar de sus numerosos beneficios, es natural que los consumidores se pregunten sobre la autonom\u00eda de estos veh\u00edculos, &#8230; <a title=\"Autonom\u00eda de un coche el\u00e9ctrico: \u00bfCu\u00e1nta distancia puedes recorrer con una carga?\" class=\"read-more\" href=\"https:\/\/v2charge.com\/es\/autonomia-coche-electrico\/\" aria-label=\"Leer m\u00e1s sobre Autonom\u00eda de un coche el\u00e9ctrico: \u00bfCu\u00e1nta distancia puedes recorrer con una carga?\">Leer m\u00e1s<\/a><\/p>\n","protected":false},"author":1,"featured_media":106351,"comment_status":"open","ping_status":"open","sticky":false,"template":"","format":"standard","meta":{"_eb_attr":"","content-type":"","_uag_custom_page_level_css":"","footnotes":""},"categories":[6,156],"tags":[],"class_list":["post-106350","post","type-post","status-publish","format-standard","has-post-thumbnail","hentry","category-e-mobility","category-informacion"],"yoast_head":"<!-- This site is optimized with the Yoast SEO plugin v25.3.1 - https:\/\/yoast.com\/wordpress\/plugins\/seo\/ -->\n<title>Autonom\u00eda de un Coche El\u00e9ctrico. \u00bfCu\u00e1ntos km dura una Carga?\u2714<\/title>\n<meta name=\"description\" content=\"\u00bfCu\u00e1nta autonom\u00eda tiene un coche el\u00e9ctrico? Depende de diferentes factores como el modelo, el modo de conducci\u00f3n o el clima. Te lo contamos.\" \/>\n<meta name=\"robots\" content=\"index, follow, max-snippet:-1, max-image-preview:large, max-video-preview:-1\" \/>\n<link rel=\"canonical\" href=\"https:\/\/v2charge.com\/es\/autonomia-coche-electrico\/\" \/>\n<meta property=\"og:locale\" content=\"es_ES\" \/>\n<meta property=\"og:type\" content=\"article\" \/>\n<meta property=\"og:title\" content=\"Autonom\u00eda de un Coche El\u00e9ctrico. \u00bfCu\u00e1ntos km dura una Carga?\u2714\" \/>\n<meta property=\"og:description\" content=\"\u00bfCu\u00e1nta autonom\u00eda tiene un coche el\u00e9ctrico? Depende de diferentes factores como el modelo, el modo de conducci\u00f3n o el clima. Te lo contamos.\" \/>\n<meta property=\"og:url\" content=\"https:\/\/v2charge.com\/es\/autonomia-coche-electrico\/\" \/>\n<meta property=\"og:site_name\" content=\"V2C\" \/>\n<meta property=\"article:publisher\" content=\"https:\/\/www.facebook.com\/V2C.Charge\" \/>\n<meta property=\"article:published_time\" content=\"2023-06-28T14:00:00+00:00\" \/>\n<meta property=\"og:image\" content=\"https:\/\/v2charge.com\/wp-content\/uploads\/2023\/06\/autonomia-coche-electrico.jpg\" \/>\n\t<meta property=\"og:image:width\" content=\"1200\" \/>\n\t<meta property=\"og:image:height\" content=\"700\" \/>\n\t<meta property=\"og:image:type\" content=\"image\/jpeg\" \/>\n<meta name=\"author\" content=\"V2C\" \/>\n<meta name=\"twitter:card\" content=\"summary_large_image\" \/>\n<meta name=\"twitter:creator\" content=\"@V2C_Charge\" \/>\n<meta name=\"twitter:site\" content=\"@V2C_Charge\" \/>\n<meta name=\"twitter:label1\" content=\"Escrito por\" \/>\n\t<meta name=\"twitter:data1\" content=\"V2C\" \/>\n\t<meta name=\"twitter:label2\" content=\"Tiempo de lectura\" \/>\n\t<meta name=\"twitter:data2\" content=\"4 minutos\" \/>\n<script type=\"application\/ld+json\" class=\"yoast-schema-graph\">{\"@context\":\"https:\/\/schema.org\",\"@graph\":[{\"@type\":\"Article\",\"@id\":\"https:\/\/v2charge.com\/es\/autonomia-coche-electrico\/#article\",\"isPartOf\":{\"@id\":\"https:\/\/v2charge.com\/es\/autonomia-coche-electrico\/\"},\"author\":{\"name\":\"V2C\",\"@id\":\"https:\/\/v2charge.com\/es\/#\/schema\/person\/f29e67a85380accce2b8b9139c993f42\"},\"headline\":\"Autonom\u00eda de un coche el\u00e9ctrico: \u00bfCu\u00e1nta distancia puedes recorrer con una carga?\",\"datePublished\":\"2023-06-28T14:00:00+00:00\",\"mainEntityOfPage\":{\"@id\":\"https:\/\/v2charge.com\/es\/autonomia-coche-electrico\/\"},\"wordCount\":720,\"commentCount\":0,\"publisher\":{\"@id\":\"https:\/\/v2charge.com\/es\/#organization\"},\"image\":{\"@id\":\"https:\/\/v2charge.com\/es\/autonomia-coche-electrico\/#primaryimage\"},\"thumbnailUrl\":\"https:\/\/v2charge.com\/wp-content\/uploads\/2023\/06\/autonomia-coche-electrico.jpg\",\"articleSection\":[\"e-mobility\",\"Informaci\u00f3n\"],\"inLanguage\":\"es\",\"potentialAction\":[{\"@type\":\"CommentAction\",\"name\":\"Comment\",\"target\":[\"https:\/\/v2charge.com\/es\/autonomia-coche-electrico\/#respond\"]}]},{\"@type\":\"WebPage\",\"@id\":\"https:\/\/v2charge.com\/es\/autonomia-coche-electrico\/\",\"url\":\"https:\/\/v2charge.com\/es\/autonomia-coche-electrico\/\",\"name\":\"Autonom\u00eda de un Coche El\u00e9ctrico. \u00bfCu\u00e1ntos km dura una Carga?\u2714\",\"isPartOf\":{\"@id\":\"https:\/\/v2charge.com\/es\/#website\"},\"primaryImageOfPage\":{\"@id\":\"https:\/\/v2charge.com\/es\/autonomia-coche-electrico\/#primaryimage\"},\"image\":{\"@id\":\"https:\/\/v2charge.com\/es\/autonomia-coche-electrico\/#primaryimage\"},\"thumbnailUrl\":\"https:\/\/v2charge.com\/wp-content\/uploads\/2023\/06\/autonomia-coche-electrico.jpg\",\"datePublished\":\"2023-06-28T14:00:00+00:00\",\"description\":\"\u00bfCu\u00e1nta autonom\u00eda tiene un coche el\u00e9ctrico? Depende de diferentes factores como el modelo, el modo de conducci\u00f3n o el clima. Te lo contamos.\",\"breadcrumb\":{\"@id\":\"https:\/\/v2charge.com\/es\/autonomia-coche-electrico\/#breadcrumb\"},\"inLanguage\":\"es\",\"potentialAction\":[{\"@type\":\"ReadAction\",\"target\":[\"https:\/\/v2charge.com\/es\/autonomia-coche-electrico\/\"]}]},{\"@type\":\"ImageObject\",\"inLanguage\":\"es\",\"@id\":\"https:\/\/v2charge.com\/es\/autonomia-coche-electrico\/#primaryimage\",\"url\":\"https:\/\/v2charge.com\/wp-content\/uploads\/2023\/06\/autonomia-coche-electrico.jpg\",\"contentUrl\":\"https:\/\/v2charge.com\/wp-content\/uploads\/2023\/06\/autonomia-coche-electrico.jpg\",\"width\":1200,\"height\":700,\"caption\":\"autonom\u00eda de un coche el\u00e9ctrico\"},{\"@type\":\"BreadcrumbList\",\"@id\":\"https:\/\/v2charge.com\/es\/autonomia-coche-electrico\/#breadcrumb\",\"itemListElement\":[{\"@type\":\"ListItem\",\"position\":1,\"name\":\"V2C\",\"item\":\"https:\/\/v2charge.com\/es\/\"},{\"@type\":\"ListItem\",\"position\":2,\"name\":\"Modelos de coches el\u00e9ctricos\",\"item\":\"https:\/\/v2charge.com\/es\/e-mobility\/\"},{\"@type\":\"ListItem\",\"position\":3,\"name\":\"Autonom\u00eda de un coche el\u00e9ctrico: \u00bfCu\u00e1nta distancia puedes recorrer con una carga?\"}]},{\"@type\":\"WebSite\",\"@id\":\"https:\/\/v2charge.com\/es\/#website\",\"url\":\"https:\/\/v2charge.com\/es\/\",\"name\":\"V2C\",\"description\":\"#CargandoElMa\u00f1ana\",\"publisher\":{\"@id\":\"https:\/\/v2charge.com\/es\/#organization\"},\"potentialAction\":[{\"@type\":\"SearchAction\",\"target\":{\"@type\":\"EntryPoint\",\"urlTemplate\":\"https:\/\/v2charge.com\/es\/?s={search_term_string}\"},\"query-input\":{\"@type\":\"PropertyValueSpecification\",\"valueRequired\":true,\"valueName\":\"search_term_string\"}}],\"inLanguage\":\"es\"},{\"@type\":\"Organization\",\"@id\":\"https:\/\/v2charge.com\/es\/#organization\",\"name\":\"V2C\",\"url\":\"https:\/\/v2charge.com\/es\/\",\"logo\":{\"@type\":\"ImageObject\",\"inLanguage\":\"es\",\"@id\":\"https:\/\/v2charge.com\/es\/#\/schema\/logo\/image\/\",\"url\":\"https:\/\/v2charge.com\/wp-content\/uploads\/2024\/11\/cropped-v2c-charge-logo-menu.png\",\"contentUrl\":\"https:\/\/v2charge.com\/wp-content\/uploads\/2024\/11\/cropped-v2c-charge-logo-menu.png\",\"width\":984,\"height\":431,\"caption\":\"V2C\"},\"image\":{\"@id\":\"https:\/\/v2charge.com\/es\/#\/schema\/logo\/image\/\"},\"sameAs\":[\"https:\/\/www.facebook.com\/V2C.Charge\",\"https:\/\/x.com\/V2C_Charge\",\"https:\/\/www.instagram.com\/v2c.charge\/\",\"https:\/\/www.youtube.com\/@V2C\",\"https:\/\/www.linkedin.com\/company\/v2c-chargers\/\"]},{\"@type\":\"Person\",\"@id\":\"https:\/\/v2charge.com\/es\/#\/schema\/person\/f29e67a85380accce2b8b9139c993f42\",\"name\":\"V2C\",\"image\":{\"@type\":\"ImageObject\",\"inLanguage\":\"es\",\"@id\":\"https:\/\/v2charge.com\/es\/#\/schema\/person\/image\/\",\"url\":\"https:\/\/secure.gravatar.com\/avatar\/6b569efe71f377f865d3c6d7d046c620e6ecf71400555f6ac3a8d31ade20562b?s=96&d=mm&r=g\",\"contentUrl\":\"https:\/\/secure.gravatar.com\/avatar\/6b569efe71f377f865d3c6d7d046c620e6ecf71400555f6ac3a8d31ade20562b?s=96&d=mm&r=g\",\"caption\":\"V2C\"}}]}<\/script>\n<!-- \/ Yoast SEO plugin. -->","yoast_head_json":{"title":"Autonom\u00eda de un Coche El\u00e9ctrico. \u00bfCu\u00e1ntos km dura una Carga?\u2714","description":"\u00bfCu\u00e1nta autonom\u00eda tiene un coche el\u00e9ctrico? Depende de diferentes factores como el modelo, el modo de conducci\u00f3n o el clima. Te lo contamos.","robots":{"index":"index","follow":"follow","max-snippet":"max-snippet:-1","max-image-preview":"max-image-preview:large","max-video-preview":"max-video-preview:-1"},"canonical":"https:\/\/v2charge.com\/es\/autonomia-coche-electrico\/","og_locale":"es_ES","og_type":"article","og_title":"Autonom\u00eda de un Coche El\u00e9ctrico. \u00bfCu\u00e1ntos km dura una Carga?\u2714","og_description":"\u00bfCu\u00e1nta autonom\u00eda tiene un coche el\u00e9ctrico? Depende de diferentes factores como el modelo, el modo de conducci\u00f3n o el clima. Te lo contamos.","og_url":"https:\/\/v2charge.com\/es\/autonomia-coche-electrico\/","og_site_name":"V2C","article_publisher":"https:\/\/www.facebook.com\/V2C.Charge","article_published_time":"2023-06-28T14:00:00+00:00","og_image":[{"width":1200,"height":700,"url":"https:\/\/v2charge.com\/wp-content\/uploads\/2023\/06\/autonomia-coche-electrico.jpg","type":"image\/jpeg"}],"author":"V2C","twitter_card":"summary_large_image","twitter_creator":"@V2C_Charge","twitter_site":"@V2C_Charge","twitter_misc":{"Escrito por":"V2C","Tiempo de lectura":"4 minutos"},"schema":{"@context":"https:\/\/schema.org","@graph":[{"@type":"Article","@id":"https:\/\/v2charge.com\/es\/autonomia-coche-electrico\/#article","isPartOf":{"@id":"https:\/\/v2charge.com\/es\/autonomia-coche-electrico\/"},"author":{"name":"V2C","@id":"https:\/\/v2charge.com\/es\/#\/schema\/person\/f29e67a85380accce2b8b9139c993f42"},"headline":"Autonom\u00eda de un coche el\u00e9ctrico: \u00bfCu\u00e1nta distancia puedes recorrer con una carga?","datePublished":"2023-06-28T14:00:00+00:00","mainEntityOfPage":{"@id":"https:\/\/v2charge.com\/es\/autonomia-coche-electrico\/"},"wordCount":720,"commentCount":0,"publisher":{"@id":"https:\/\/v2charge.com\/es\/#organization"},"image":{"@id":"https:\/\/v2charge.com\/es\/autonomia-coche-electrico\/#primaryimage"},"thumbnailUrl":"https:\/\/v2charge.com\/wp-content\/uploads\/2023\/06\/autonomia-coche-electrico.jpg","articleSection":["e-mobility","Informaci\u00f3n"],"inLanguage":"es","potentialAction":[{"@type":"CommentAction","name":"Comment","target":["https:\/\/v2charge.com\/es\/autonomia-coche-electrico\/#respond"]}]},{"@type":"WebPage","@id":"https:\/\/v2charge.com\/es\/autonomia-coche-electrico\/","url":"https:\/\/v2charge.com\/es\/autonomia-coche-electrico\/","name":"Autonom\u00eda de un Coche El\u00e9ctrico. \u00bfCu\u00e1ntos km dura una Carga?\u2714","isPartOf":{"@id":"https:\/\/v2charge.com\/es\/#website"},"primaryImageOfPage":{"@id":"https:\/\/v2charge.com\/es\/autonomia-coche-electrico\/#primaryimage"},"image":{"@id":"https:\/\/v2charge.com\/es\/autonomia-coche-electrico\/#primaryimage"},"thumbnailUrl":"https:\/\/v2charge.com\/wp-content\/uploads\/2023\/06\/autonomia-coche-electrico.jpg","datePublished":"2023-06-28T14:00:00+00:00","description":"\u00bfCu\u00e1nta autonom\u00eda tiene un coche el\u00e9ctrico? Depende de diferentes factores como el modelo, el modo de conducci\u00f3n o el clima. Te lo contamos.","breadcrumb":{"@id":"https:\/\/v2charge.com\/es\/autonomia-coche-electrico\/#breadcrumb"},"inLanguage":"es","potentialAction":[{"@type":"ReadAction","target":["https:\/\/v2charge.com\/es\/autonomia-coche-electrico\/"]}]},{"@type":"ImageObject","inLanguage":"es","@id":"https:\/\/v2charge.com\/es\/autonomia-coche-electrico\/#primaryimage","url":"https:\/\/v2charge.com\/wp-content\/uploads\/2023\/06\/autonomia-coche-electrico.jpg","contentUrl":"https:\/\/v2charge.com\/wp-content\/uploads\/2023\/06\/autonomia-coche-electrico.jpg","width":1200,"height":700,"caption":"autonom\u00eda de un coche el\u00e9ctrico"},{"@type":"BreadcrumbList","@id":"https:\/\/v2charge.com\/es\/autonomia-coche-electrico\/#breadcrumb","itemListElement":[{"@type":"ListItem","position":1,"name":"V2C","item":"https:\/\/v2charge.com\/es\/"},{"@type":"ListItem","position":2,"name":"Modelos de coches el\u00e9ctricos","item":"https:\/\/v2charge.com\/es\/e-mobility\/"},{"@type":"ListItem","position":3,"name":"Autonom\u00eda de un coche el\u00e9ctrico: \u00bfCu\u00e1nta distancia puedes recorrer con una carga?"}]},{"@type":"WebSite","@id":"https:\/\/v2charge.com\/es\/#website","url":"https:\/\/v2charge.com\/es\/","name":"V2C","description":"#CargandoElMa\u00f1ana","publisher":{"@id":"https:\/\/v2charge.com\/es\/#organization"},"potentialAction":[{"@type":"SearchAction","target":{"@type":"EntryPoint","urlTemplate":"https:\/\/v2charge.com\/es\/?s={search_term_string}"},"query-input":{"@type":"PropertyValueSpecification","valueRequired":true,"valueName":"search_term_string"}}],"inLanguage":"es"},{"@type":"Organization","@id":"https:\/\/v2charge.com\/es\/#organization","name":"V2C","url":"https:\/\/v2charge.com\/es\/","logo":{"@type":"ImageObject","inLanguage":"es","@id":"https:\/\/v2charge.com\/es\/#\/schema\/logo\/image\/","url":"https:\/\/v2charge.com\/wp-content\/uploads\/2024\/11\/cropped-v2c-charge-logo-menu.png","contentUrl":"https:\/\/v2charge.com\/wp-content\/uploads\/2024\/11\/cropped-v2c-charge-logo-menu.png","width":984,"height":431,"caption":"V2C"},"image":{"@id":"https:\/\/v2charge.com\/es\/#\/schema\/logo\/image\/"},"sameAs":["https:\/\/www.facebook.com\/V2C.Charge","https:\/\/x.com\/V2C_Charge","https:\/\/www.instagram.com\/v2c.charge\/","https:\/\/www.youtube.com\/@V2C","https:\/\/www.linkedin.com\/company\/v2c-chargers\/"]},{"@type":"Person","@id":"https:\/\/v2charge.com\/es\/#\/schema\/person\/f29e67a85380accce2b8b9139c993f42","name":"V2C","image":{"@type":"ImageObject","inLanguage":"es","@id":"https:\/\/v2charge.com\/es\/#\/schema\/person\/image\/","url":"https:\/\/secure.gravatar.com\/avatar\/6b569efe71f377f865d3c6d7d046c620e6ecf71400555f6ac3a8d31ade20562b?s=96&d=mm&r=g","contentUrl":"https:\/\/secure.gravatar.com\/avatar\/6b569efe71f377f865d3c6d7d046c620e6ecf71400555f6ac3a8d31ade20562b?s=96&d=mm&r=g","caption":"V2C"}}]}},"uagb_featured_image_src":{"full":["https:\/\/v2charge.com\/wp-content\/uploads\/2023\/06\/autonomia-coche-electrico.jpg",1200,700,false],"thumbnail":["https:\/\/v2charge.com\/wp-content\/uploads\/2023\/06\/autonomia-coche-electrico-150x150.jpg",150,150,true],"medium":["https:\/\/v2charge.com\/wp-content\/uploads\/2023\/06\/autonomia-coche-electrico-300x175.jpg",300,175,true],"medium_large":["https:\/\/v2charge.com\/wp-content\/uploads\/2023\/06\/autonomia-coche-electrico-768x448.jpg",768,448,true],"large":["https:\/\/v2charge.com\/wp-content\/uploads\/2023\/06\/autonomia-coche-electrico-1024x597.jpg",1024,597,true],"gs-tiny":["https:\/\/v2charge.com\/wp-content\/uploads\/2023\/06\/autonomia-coche-electrico.jpg",50,29,false],"xl":["https:\/\/v2charge.com\/wp-content\/uploads\/2023\/06\/autonomia-coche-electrico.jpg",1200,700,false],"xxl":["https:\/\/v2charge.com\/wp-content\/uploads\/2023\/06\/autonomia-coche-electrico.jpg",1200,700,false],"xxxl":["https:\/\/v2charge.com\/wp-content\/uploads\/2023\/06\/autonomia-coche-electrico.jpg",1200,700,false],"xxxxl":["https:\/\/v2charge.com\/wp-content\/uploads\/2023\/06\/autonomia-coche-electrico.jpg",1200,700,false],"xxxxxl":["https:\/\/v2charge.com\/wp-content\/uploads\/2023\/06\/autonomia-coche-electrico.jpg",1200,700,false],"1536x1536":["https:\/\/v2charge.com\/wp-content\/uploads\/2023\/06\/autonomia-coche-electrico.jpg",1200,700,false],"2048x2048":["https:\/\/v2charge.com\/wp-content\/uploads\/2023\/06\/autonomia-coche-electrico.jpg",1200,700,false]},"uagb_author_info":{"display_name":"V2C","author_link":"https:\/\/v2charge.com\/es\/author\/root_k4eu7ki8\/"},"uagb_comment_info":0,"uagb_excerpt":"En la era de la movilidad sostenible, los coches el\u00e9ctricos se han consolidado como una alternativa prometedora para reducir la dependencia de los combustibles f\u00f3siles y disminuir las emisiones de gases de efecto invernadero. Sin embargo, a pesar de sus numerosos beneficios, es natural que los consumidores se pregunten sobre la autonom\u00eda de estos veh\u00edculos,&hellip;","_links":{"self":[{"href":"https:\/\/v2charge.com\/es\/wp-json\/wp\/v2\/posts\/106350","targetHints":{"allow":["GET"]}}],"collection":[{"href":"https:\/\/v2charge.com\/es\/wp-json\/wp\/v2\/posts"}],"about":[{"href":"https:\/\/v2charge.com\/es\/wp-json\/wp\/v2\/types\/post"}],"author":[{"embeddable":true,"href":"https:\/\/v2charge.com\/es\/wp-json\/wp\/v2\/users\/1"}],"replies":[{"embeddable":true,"href":"https:\/\/v2charge.com\/es\/wp-json\/wp\/v2\/comments?post=106350"}],"version-history":[{"count":0,"href":"https:\/\/v2charge.com\/es\/wp-json\/wp\/v2\/posts\/106350\/revisions"}],"wp:featuredmedia":[{"embeddable":true,"href":"https:\/\/v2charge.com\/es\/wp-json\/wp\/v2\/media\/106351"}],"wp:attachment":[{"href":"https:\/\/v2charge.com\/es\/wp-json\/wp\/v2\/media?parent=106350"}],"wp:term":[{"taxonomy":"category","embeddable":true,"href":"https:\/\/v2charge.com\/es\/wp-json\/wp\/v2\/categories?post=106350"},{"taxonomy":"post_tag","embeddable":true,"href":"https:\/\/v2charge.com\/es\/wp-json\/wp\/v2\/tags?post=106350"}],"curies":[{"name":"wp","href":"https:\/\/api.w.org\/{rel}","templated":true}]}}