{"id":107714,"date":"2023-06-27T11:33:26","date_gmt":"2023-06-27T11:33:26","guid":{"rendered":"https:\/\/v2charge.com\/?p=107714"},"modified":"2023-08-16T08:58:28","modified_gmt":"2023-08-16T08:58:28","slug":"nuevo-pole-pro","status":"publish","type":"post","link":"https:\/\/v2charge.com\/es\/nuevo-pole-pro\/","title":{"rendered":"Un paso m\u00e1s hacia el futuro: V2C lanza Pole Pro, la carga compartida m\u00e1s inteligente y rentable"},"content":{"rendered":"\n<p>\u00a1Estamos de celebraci\u00f3n! En V2C estamos orgullosos de presentar nuestro \u00faltimo desarrollo: el <a href=\"https:\/\/v2charge.com\/es\/pole\/\" title=\"pole pro v2c\">cargador el\u00e9ctrico Pole Pro<\/a>. Una nueva versi\u00f3n de nuestro e-Charger que ofrece la carga m\u00e1s inteligente por m\u00faltiples usuarios en espacios p\u00fablicos y privados.<\/p>\n\n\n\n<p>Tras tomar en cuenta opiniones y necesidades de nuestros clientes, hemos desarrollado una nueva versi\u00f3n  que busca superar sus expectativas. Este cargador inteligente <strong>de suelo o pared<\/strong> combina un conjunto de <strong>caracter\u00edsticas innovadoras<\/strong> y una tecnolog\u00eda avanzada para brindar una experiencia de carga excepcional.<\/p>\n\n\n\n<p>Es una versi\u00f3n mejorada y potenciada. Por eso, en este art\u00edculo te contamos las principales novedades que hacen de esta nueva versi\u00f3n del e-Charger, una revoluci\u00f3n.<\/p>\n\n\n\n<h2 class=\"wp-block-heading\">Principales novedades de la nueva versi\u00f3n Pole Pro<\/h2>\n\n\n\n<p>Como dec\u00edamos, Pole Pro es la versi\u00f3n mejorada de nuestro anterior cargador de poste Pole. Estas son las novedades principales que presenta la actualizaci\u00f3n del e-Charger.<\/p>\n\n\n\n<div class=\"wp-block-uagb-image aligncenter uagb-block-17b5577d wp-block-uagb-image--layout-default wp-block-uagb-image--effect-static wp-block-uagb-image--align-center\"><figure class=\"wp-block-uagb-image__figure\"><img decoding=\"async\" srcset=\"https:\/\/v2charge.com\/wp-content\/uploads\/2023\/06\/pole-pro-echarger.png \" sizes=\"auto, (max-width: 480px) 150px\" src=\"https:\/\/v2charge.com\/wp-content\/uploads\/2023\/06\/pole-pro-echarger.png\" alt=\"cargador el\u00e9ctrico urbano pared suelo\" class=\"uag-image-107359\" width=\"234\" height=\"292\" title=\"\" loading=\"lazy\"\/><\/figure><\/div>\n\n\n\n<h3 class=\"wp-block-heading\">M\u00e1s c\u00f3modo y accesible<\/h3>\n\n\n\n<p>Para facilitar la carga y hacerlo m\u00e1s accesible a los usuarios, Pole Pro presenta <strong>conexi\u00f3n Ethernet<\/strong> y<strong> nuevo 4G integrado<\/strong>. De esta manera, se puede disfrutar de una carga segura sin peligro de desconexiones.<\/p>\n\n\n\n<p>Hemos modificado el color del metacrilato por un tono gris para garantizar la m\u00e1xima elegancia. Adem\u00e1s, ahora las luces LED de los laterales est\u00e1n integradas en los conectores de carga. Todo ello, sumado a su caracter\u00edstica pantalla de dise\u00f1o, permite informar al usuario del estado de la carga en tiempo real.<\/p>\n\n\n\n<p>Por otro lado, gracias al protocolo OCPP, su lector RFID incorporado y el acceso a la plataforma <a href=\"https:\/\/v2charge.com\/es\/v2c-payments\/\">V2C Payments<\/a>, se facilita la identificaci\u00f3n de los usuarios y, por tanto, <strong>los pagos son mucho m\u00e1s sencillos<\/strong>.<\/p>\n\n\n\n<div class=\"wp-block-uagb-image uagb-block-287bf1a1 wp-block-uagb-image--layout-default wp-block-uagb-image--effect-static wp-block-uagb-image--align-none\"><figure class=\"wp-block-uagb-image__figure\"><img decoding=\"async\" srcset=\"https:\/\/v2charge.com\/wp-content\/uploads\/2023\/06\/pole-pro-rfid-1024x468.jpg \" sizes=\"auto, (max-width: 480px) 150px\" src=\"https:\/\/v2charge.com\/wp-content\/uploads\/2023\/06\/pole-pro-rfid-1024x468.jpg\" alt=\"Usuario pasa tarjeta RFID en cargador Pole Pro\" class=\"uag-image-105989\" width=\"1024\" height=\"468\" title=\"\" loading=\"lazy\"\/><\/figure><\/div>\n\n\n\n<p><\/p>\n\n\n\n<h3 class=\"wp-block-heading\">M\u00e1ximas prestaciones para empresas<\/h3>\n\n\n\n<p>Pole Pro alcanza la m\u00e1xima eficiencia energ\u00e9tica reduciendo costes, permitiendo optimizar la carga de <strong>varios e-Chargers simult\u00e1neamente<\/strong> desde la nube de manera inteligente. De esta manera, se convierte ahora en el cargador el\u00e9ctrico perfecto para empresas.<\/p>\n\n\n\n<p>Su placa de control es ahora m\u00e1s compacta y el punto de acceso se encuentra integrado para facilitar su configuraci\u00f3n <strong>sin la necesidad de tener acceso a internet<\/strong>.<\/p>\n\n\n\n<p>Nuestra aplicaci\u00f3n <a href=\"https:\/\/v2charge.com\/es\/v2c-cloud\/\">V2C Cloud<\/a>, que acompa\u00f1a a Pole Pro, ofrece un control total sobre las cargas de diversos veh\u00edculos. Los usuarios pueden programar sesiones de carga, establecer l\u00edmites de potencia y monitorear el progreso de carga desde la comodidad de un tel\u00e9fono inteligente. Esta funcionalidad intuitiva y f\u00e1cil de usar brinda a los propietarios de veh\u00edculos el\u00e9ctricos un control absoluto sobre su experiencia de carga.<\/p>\n\n\n\n<div class=\"wp-block-uagb-image uagb-block-3b780e64 wp-block-uagb-image--layout-default wp-block-uagb-image--effect-static wp-block-uagb-image--align-none\"><figure class=\"wp-block-uagb-image__figure\"><img decoding=\"async\" srcset=\"https:\/\/v2charge.com\/wp-content\/uploads\/2023\/06\/pole-pro-pared-1024x462.jpg \" sizes=\"auto, (max-width: 480px) 150px\" src=\"https:\/\/v2charge.com\/wp-content\/uploads\/2023\/06\/pole-pro-pared-1024x462.jpg\" alt=\"Diferentes e-Chargers Pole Pro instalados en pared\" class=\"uag-image-105959\" width=\"1024\" height=\"462\" title=\"\" loading=\"lazy\"\/><\/figure><\/div>\n\n\n\n<p><\/p>\n\n\n\n<h3 class=\"wp-block-heading\">Con gesti\u00f3n din\u00e1mica de la carga<\/h3>\n\n\n\n<p>Pole Pro integra un <strong>nuevo medidor MID<\/strong> para identificar el uso de la energ\u00eda de la instalaci\u00f3n. Adem\u00e1s, optimiza la carga en tiempo real en funci\u00f3n de la energ\u00eda disponible para evitar sobrecargas.<\/p>\n\n\n\n<p>Pole Pro va m\u00e1s all\u00e1: distribuye la energ\u00eda de manera equitativa entre las dos tomas o entre diferentes e-Chargers de forma simult\u00e1nea para garantizar una \u00f3ptima carga incluso en situaciones de alta demanda.<\/p>\n\n\n\n<h2 class=\"wp-block-heading\">\u00bfPara qu\u00e9 usuarios est\u00e1 dise\u00f1ado el nuevo Pole Pro?<\/h2>\n\n\n\n<p>Dadas las novedades explicadas y su dise\u00f1o vers\u00e1til de poste o de pared, Pole Pro es perfecto para <strong>instituciones privadas, parkings p\u00fablicos o centros comerciales<\/strong>.<\/p>\n\n\n\n<p>El hecho de poder cargar varios veh\u00edculos al mismo tiempo distribuyendo la energ\u00eda para evitar sobrecargas lo convierte en el e-Charger que necesita cualquier centro en el que acudan numerosos veh\u00edculos el\u00e9ctricos simult\u00e1neamente.<\/p>\n\n\n\n<p>En resumen, el cargador Pole Pro<strong> es una soluci\u00f3n completa<\/strong> y de vanguardia para cargar veh\u00edculos el\u00e9ctricos. Con su gesti\u00f3n inteligente en la nube, instalaci\u00f3n sencilla, control total a trav\u00e9s de la aplicaci\u00f3n V2C Cloud, carga r\u00e1pida y segura, as\u00ed como su tecnolog\u00eda LED avanzada, el Pole Pro establece un nuevo est\u00e1ndar en la industria de los cargadores para coches el\u00e9ctricos.<\/p>\n\n\n\n<p>Estamos entusiasmados por ofrecer esta nueva versi\u00f3n a nuestros clientes y creemos que Pole Pro transformar\u00e1 por completo la forma en que interactuamos con nuestros veh\u00edculos el\u00e9ctricos. \u00danete a la revoluci\u00f3n de la carga el\u00e9ctrica con el cargador Pole Pro y experimenta una carga eficiente, inteligente y sin complicaciones.<\/p>\n","protected":false},"excerpt":{"rendered":"<p>\u00a1Estamos de celebraci\u00f3n! En V2C estamos orgullosos de presentar nuestro \u00faltimo desarrollo: el cargador el\u00e9ctrico Pole Pro. Una nueva versi\u00f3n de nuestro e-Charger que ofrece la carga m\u00e1s inteligente por m\u00faltiples usuarios en espacios p\u00fablicos y privados. Tras tomar en cuenta opiniones y necesidades de nuestros clientes, hemos desarrollado una nueva versi\u00f3n que busca superar &#8230; <a title=\"Un paso m\u00e1s hacia el futuro: V2C lanza Pole Pro, la carga compartida m\u00e1s inteligente y rentable\" class=\"read-more\" href=\"https:\/\/v2charge.com\/es\/nuevo-pole-pro\/\" aria-label=\"Leer m\u00e1s sobre Un paso m\u00e1s hacia el futuro: V2C lanza Pole Pro, la carga compartida m\u00e1s inteligente y rentable\">Leer m\u00e1s<\/a><\/p>\n","protected":false},"author":1,"featured_media":107744,"comment_status":"open","ping_status":"open","sticky":false,"template":"","format":"standard","meta":{"_eb_attr":"","content-type":"","_uag_custom_page_level_css":"","footnotes":""},"categories":[133],"tags":[],"class_list":["post-107714","post","type-post","status-publish","format-standard","has-post-thumbnail","hentry","category-noticias-v2c"],"yoast_head":"<!-- This site is optimized with the Yoast SEO plugin v25.3.1 - https:\/\/yoast.com\/wordpress\/plugins\/seo\/ -->\n<title>Pole Pro: La Nueva Versi\u00f3n Mejorada del Pole de V2C \u2714<\/title>\n<meta name=\"description\" content=\"Te presentamos la versi\u00f3n mejorada de Pole, Pole Pro: m\u00e1s inteligente, \u00faltima tecnolog\u00eda y perfecto para instituciones p\u00fablicas y privadas. \u00a1Desc\u00fabrelo!\" \/>\n<meta name=\"robots\" content=\"index, follow, max-snippet:-1, max-image-preview:large, max-video-preview:-1\" \/>\n<link rel=\"canonical\" href=\"https:\/\/v2charge.com\/es\/nuevo-pole-pro\/\" \/>\n<meta property=\"og:locale\" content=\"es_ES\" \/>\n<meta property=\"og:type\" content=\"article\" \/>\n<meta property=\"og:title\" content=\"Pole Pro: La Nueva Versi\u00f3n Mejorada del Pole de V2C \u2714\" \/>\n<meta property=\"og:description\" content=\"Te presentamos la versi\u00f3n mejorada de Pole, Pole Pro: m\u00e1s inteligente, \u00faltima tecnolog\u00eda y perfecto para instituciones p\u00fablicas y privadas. \u00a1Desc\u00fabrelo!\" \/>\n<meta property=\"og:url\" content=\"https:\/\/v2charge.com\/es\/nuevo-pole-pro\/\" \/>\n<meta property=\"og:site_name\" content=\"V2C\" \/>\n<meta property=\"article:publisher\" content=\"https:\/\/www.facebook.com\/V2C.Charge\" \/>\n<meta property=\"article:published_time\" content=\"2023-06-27T11:33:26+00:00\" \/>\n<meta property=\"article:modified_time\" content=\"2023-08-16T08:58:28+00:00\" \/>\n<meta property=\"og:image\" content=\"https:\/\/v2charge.com\/wp-content\/uploads\/2023\/06\/nuevo-pole-pro.jpg\" \/>\n\t<meta property=\"og:image:width\" content=\"1200\" \/>\n\t<meta property=\"og:image:height\" content=\"700\" \/>\n\t<meta property=\"og:image:type\" content=\"image\/jpeg\" \/>\n<meta name=\"author\" content=\"V2C\" \/>\n<meta name=\"twitter:card\" content=\"summary_large_image\" \/>\n<meta name=\"twitter:creator\" content=\"@V2C_Charge\" \/>\n<meta name=\"twitter:site\" content=\"@V2C_Charge\" \/>\n<meta name=\"twitter:label1\" content=\"Escrito por\" \/>\n\t<meta name=\"twitter:data1\" content=\"V2C\" \/>\n\t<meta name=\"twitter:label2\" content=\"Tiempo de lectura\" \/>\n\t<meta name=\"twitter:data2\" content=\"4 minutos\" \/>\n<script type=\"application\/ld+json\" class=\"yoast-schema-graph\">{\"@context\":\"https:\/\/schema.org\",\"@graph\":[{\"@type\":\"Article\",\"@id\":\"https:\/\/v2charge.com\/es\/nuevo-pole-pro\/#article\",\"isPartOf\":{\"@id\":\"https:\/\/v2charge.com\/es\/nuevo-pole-pro\/\"},\"author\":{\"name\":\"V2C\",\"@id\":\"https:\/\/v2charge.com\/es\/#\/schema\/person\/f29e67a85380accce2b8b9139c993f42\"},\"headline\":\"Un paso m\u00e1s hacia el futuro: V2C lanza Pole Pro, la carga compartida m\u00e1s inteligente y rentable\",\"datePublished\":\"2023-06-27T11:33:26+00:00\",\"dateModified\":\"2023-08-16T08:58:28+00:00\",\"mainEntityOfPage\":{\"@id\":\"https:\/\/v2charge.com\/es\/nuevo-pole-pro\/\"},\"wordCount\":749,\"commentCount\":0,\"publisher\":{\"@id\":\"https:\/\/v2charge.com\/es\/#organization\"},\"image\":{\"@id\":\"https:\/\/v2charge.com\/es\/nuevo-pole-pro\/#primaryimage\"},\"thumbnailUrl\":\"https:\/\/v2charge.com\/wp-content\/uploads\/2023\/06\/nuevo-pole-pro.jpg\",\"articleSection\":[\"Noticias V2C\"],\"inLanguage\":\"es\",\"potentialAction\":[{\"@type\":\"CommentAction\",\"name\":\"Comment\",\"target\":[\"https:\/\/v2charge.com\/es\/nuevo-pole-pro\/#respond\"]}]},{\"@type\":\"WebPage\",\"@id\":\"https:\/\/v2charge.com\/es\/nuevo-pole-pro\/\",\"url\":\"https:\/\/v2charge.com\/es\/nuevo-pole-pro\/\",\"name\":\"Pole Pro: La Nueva Versi\u00f3n Mejorada del Pole de V2C \u2714\",\"isPartOf\":{\"@id\":\"https:\/\/v2charge.com\/es\/#website\"},\"primaryImageOfPage\":{\"@id\":\"https:\/\/v2charge.com\/es\/nuevo-pole-pro\/#primaryimage\"},\"image\":{\"@id\":\"https:\/\/v2charge.com\/es\/nuevo-pole-pro\/#primaryimage\"},\"thumbnailUrl\":\"https:\/\/v2charge.com\/wp-content\/uploads\/2023\/06\/nuevo-pole-pro.jpg\",\"datePublished\":\"2023-06-27T11:33:26+00:00\",\"dateModified\":\"2023-08-16T08:58:28+00:00\",\"description\":\"Te presentamos la versi\u00f3n mejorada de Pole, Pole Pro: m\u00e1s inteligente, \u00faltima tecnolog\u00eda y perfecto para instituciones p\u00fablicas y privadas. \u00a1Desc\u00fabrelo!\",\"breadcrumb\":{\"@id\":\"https:\/\/v2charge.com\/es\/nuevo-pole-pro\/#breadcrumb\"},\"inLanguage\":\"es\",\"potentialAction\":[{\"@type\":\"ReadAction\",\"target\":[\"https:\/\/v2charge.com\/es\/nuevo-pole-pro\/\"]}]},{\"@type\":\"ImageObject\",\"inLanguage\":\"es\",\"@id\":\"https:\/\/v2charge.com\/es\/nuevo-pole-pro\/#primaryimage\",\"url\":\"https:\/\/v2charge.com\/wp-content\/uploads\/2023\/06\/nuevo-pole-pro.jpg\",\"contentUrl\":\"https:\/\/v2charge.com\/wp-content\/uploads\/2023\/06\/nuevo-pole-pro.jpg\",\"width\":1200,\"height\":700,\"caption\":\"nuevo pole pro\"},{\"@type\":\"BreadcrumbList\",\"@id\":\"https:\/\/v2charge.com\/es\/nuevo-pole-pro\/#breadcrumb\",\"itemListElement\":[{\"@type\":\"ListItem\",\"position\":1,\"name\":\"V2C\",\"item\":\"https:\/\/v2charge.com\/es\/\"},{\"@type\":\"ListItem\",\"position\":2,\"name\":\"Noticias V2C\",\"item\":\"https:\/\/v2charge.com\/es\/noticias-v2c\/\"},{\"@type\":\"ListItem\",\"position\":3,\"name\":\"Un paso m\u00e1s hacia el futuro: V2C lanza Pole Pro, la carga compartida m\u00e1s inteligente y rentable\"}]},{\"@type\":\"WebSite\",\"@id\":\"https:\/\/v2charge.com\/es\/#website\",\"url\":\"https:\/\/v2charge.com\/es\/\",\"name\":\"V2C\",\"description\":\"#CargandoElMa\u00f1ana\",\"publisher\":{\"@id\":\"https:\/\/v2charge.com\/es\/#organization\"},\"potentialAction\":[{\"@type\":\"SearchAction\",\"target\":{\"@type\":\"EntryPoint\",\"urlTemplate\":\"https:\/\/v2charge.com\/es\/?s={search_term_string}\"},\"query-input\":{\"@type\":\"PropertyValueSpecification\",\"valueRequired\":true,\"valueName\":\"search_term_string\"}}],\"inLanguage\":\"es\"},{\"@type\":\"Organization\",\"@id\":\"https:\/\/v2charge.com\/es\/#organization\",\"name\":\"V2C\",\"url\":\"https:\/\/v2charge.com\/es\/\",\"logo\":{\"@type\":\"ImageObject\",\"inLanguage\":\"es\",\"@id\":\"https:\/\/v2charge.com\/es\/#\/schema\/logo\/image\/\",\"url\":\"https:\/\/v2charge.com\/wp-content\/uploads\/2024\/11\/cropped-v2c-charge-logo-menu.png\",\"contentUrl\":\"https:\/\/v2charge.com\/wp-content\/uploads\/2024\/11\/cropped-v2c-charge-logo-menu.png\",\"width\":984,\"height\":431,\"caption\":\"V2C\"},\"image\":{\"@id\":\"https:\/\/v2charge.com\/es\/#\/schema\/logo\/image\/\"},\"sameAs\":[\"https:\/\/www.facebook.com\/V2C.Charge\",\"https:\/\/x.com\/V2C_Charge\",\"https:\/\/www.instagram.com\/v2c.charge\/\",\"https:\/\/www.youtube.com\/@V2C\",\"https:\/\/www.linkedin.com\/company\/v2c-chargers\/\"]},{\"@type\":\"Person\",\"@id\":\"https:\/\/v2charge.com\/es\/#\/schema\/person\/f29e67a85380accce2b8b9139c993f42\",\"name\":\"V2C\",\"image\":{\"@type\":\"ImageObject\",\"inLanguage\":\"es\",\"@id\":\"https:\/\/v2charge.com\/es\/#\/schema\/person\/image\/\",\"url\":\"https:\/\/secure.gravatar.com\/avatar\/6b569efe71f377f865d3c6d7d046c620e6ecf71400555f6ac3a8d31ade20562b?s=96&d=mm&r=g\",\"contentUrl\":\"https:\/\/secure.gravatar.com\/avatar\/6b569efe71f377f865d3c6d7d046c620e6ecf71400555f6ac3a8d31ade20562b?s=96&d=mm&r=g\",\"caption\":\"V2C\"}}]}<\/script>\n<!-- \/ Yoast SEO plugin. -->","yoast_head_json":{"title":"Pole Pro: La Nueva Versi\u00f3n Mejorada del Pole de V2C \u2714","description":"Te presentamos la versi\u00f3n mejorada de Pole, Pole Pro: m\u00e1s inteligente, \u00faltima tecnolog\u00eda y perfecto para instituciones p\u00fablicas y privadas. \u00a1Desc\u00fabrelo!","robots":{"index":"index","follow":"follow","max-snippet":"max-snippet:-1","max-image-preview":"max-image-preview:large","max-video-preview":"max-video-preview:-1"},"canonical":"https:\/\/v2charge.com\/es\/nuevo-pole-pro\/","og_locale":"es_ES","og_type":"article","og_title":"Pole Pro: La Nueva Versi\u00f3n Mejorada del Pole de V2C \u2714","og_description":"Te presentamos la versi\u00f3n mejorada de Pole, Pole Pro: m\u00e1s inteligente, \u00faltima tecnolog\u00eda y perfecto para instituciones p\u00fablicas y privadas. \u00a1Desc\u00fabrelo!","og_url":"https:\/\/v2charge.com\/es\/nuevo-pole-pro\/","og_site_name":"V2C","article_publisher":"https:\/\/www.facebook.com\/V2C.Charge","article_published_time":"2023-06-27T11:33:26+00:00","article_modified_time":"2023-08-16T08:58:28+00:00","og_image":[{"width":1200,"height":700,"url":"https:\/\/v2charge.com\/wp-content\/uploads\/2023\/06\/nuevo-pole-pro.jpg","type":"image\/jpeg"}],"author":"V2C","twitter_card":"summary_large_image","twitter_creator":"@V2C_Charge","twitter_site":"@V2C_Charge","twitter_misc":{"Escrito por":"V2C","Tiempo de lectura":"4 minutos"},"schema":{"@context":"https:\/\/schema.org","@graph":[{"@type":"Article","@id":"https:\/\/v2charge.com\/es\/nuevo-pole-pro\/#article","isPartOf":{"@id":"https:\/\/v2charge.com\/es\/nuevo-pole-pro\/"},"author":{"name":"V2C","@id":"https:\/\/v2charge.com\/es\/#\/schema\/person\/f29e67a85380accce2b8b9139c993f42"},"headline":"Un paso m\u00e1s hacia el futuro: V2C lanza Pole Pro, la carga compartida m\u00e1s inteligente y rentable","datePublished":"2023-06-27T11:33:26+00:00","dateModified":"2023-08-16T08:58:28+00:00","mainEntityOfPage":{"@id":"https:\/\/v2charge.com\/es\/nuevo-pole-pro\/"},"wordCount":749,"commentCount":0,"publisher":{"@id":"https:\/\/v2charge.com\/es\/#organization"},"image":{"@id":"https:\/\/v2charge.com\/es\/nuevo-pole-pro\/#primaryimage"},"thumbnailUrl":"https:\/\/v2charge.com\/wp-content\/uploads\/2023\/06\/nuevo-pole-pro.jpg","articleSection":["Noticias V2C"],"inLanguage":"es","potentialAction":[{"@type":"CommentAction","name":"Comment","target":["https:\/\/v2charge.com\/es\/nuevo-pole-pro\/#respond"]}]},{"@type":"WebPage","@id":"https:\/\/v2charge.com\/es\/nuevo-pole-pro\/","url":"https:\/\/v2charge.com\/es\/nuevo-pole-pro\/","name":"Pole Pro: La Nueva Versi\u00f3n Mejorada del Pole de V2C \u2714","isPartOf":{"@id":"https:\/\/v2charge.com\/es\/#website"},"primaryImageOfPage":{"@id":"https:\/\/v2charge.com\/es\/nuevo-pole-pro\/#primaryimage"},"image":{"@id":"https:\/\/v2charge.com\/es\/nuevo-pole-pro\/#primaryimage"},"thumbnailUrl":"https:\/\/v2charge.com\/wp-content\/uploads\/2023\/06\/nuevo-pole-pro.jpg","datePublished":"2023-06-27T11:33:26+00:00","dateModified":"2023-08-16T08:58:28+00:00","description":"Te presentamos la versi\u00f3n mejorada de Pole, Pole Pro: m\u00e1s inteligente, \u00faltima tecnolog\u00eda y perfecto para instituciones p\u00fablicas y privadas. \u00a1Desc\u00fabrelo!","breadcrumb":{"@id":"https:\/\/v2charge.com\/es\/nuevo-pole-pro\/#breadcrumb"},"inLanguage":"es","potentialAction":[{"@type":"ReadAction","target":["https:\/\/v2charge.com\/es\/nuevo-pole-pro\/"]}]},{"@type":"ImageObject","inLanguage":"es","@id":"https:\/\/v2charge.com\/es\/nuevo-pole-pro\/#primaryimage","url":"https:\/\/v2charge.com\/wp-content\/uploads\/2023\/06\/nuevo-pole-pro.jpg","contentUrl":"https:\/\/v2charge.com\/wp-content\/uploads\/2023\/06\/nuevo-pole-pro.jpg","width":1200,"height":700,"caption":"nuevo pole pro"},{"@type":"BreadcrumbList","@id":"https:\/\/v2charge.com\/es\/nuevo-pole-pro\/#breadcrumb","itemListElement":[{"@type":"ListItem","position":1,"name":"V2C","item":"https:\/\/v2charge.com\/es\/"},{"@type":"ListItem","position":2,"name":"Noticias V2C","item":"https:\/\/v2charge.com\/es\/noticias-v2c\/"},{"@type":"ListItem","position":3,"name":"Un paso m\u00e1s hacia el futuro: V2C lanza Pole Pro, la carga compartida m\u00e1s inteligente y rentable"}]},{"@type":"WebSite","@id":"https:\/\/v2charge.com\/es\/#website","url":"https:\/\/v2charge.com\/es\/","name":"V2C","description":"#CargandoElMa\u00f1ana","publisher":{"@id":"https:\/\/v2charge.com\/es\/#organization"},"potentialAction":[{"@type":"SearchAction","target":{"@type":"EntryPoint","urlTemplate":"https:\/\/v2charge.com\/es\/?s={search_term_string}"},"query-input":{"@type":"PropertyValueSpecification","valueRequired":true,"valueName":"search_term_string"}}],"inLanguage":"es"},{"@type":"Organization","@id":"https:\/\/v2charge.com\/es\/#organization","name":"V2C","url":"https:\/\/v2charge.com\/es\/","logo":{"@type":"ImageObject","inLanguage":"es","@id":"https:\/\/v2charge.com\/es\/#\/schema\/logo\/image\/","url":"https:\/\/v2charge.com\/wp-content\/uploads\/2024\/11\/cropped-v2c-charge-logo-menu.png","contentUrl":"https:\/\/v2charge.com\/wp-content\/uploads\/2024\/11\/cropped-v2c-charge-logo-menu.png","width":984,"height":431,"caption":"V2C"},"image":{"@id":"https:\/\/v2charge.com\/es\/#\/schema\/logo\/image\/"},"sameAs":["https:\/\/www.facebook.com\/V2C.Charge","https:\/\/x.com\/V2C_Charge","https:\/\/www.instagram.com\/v2c.charge\/","https:\/\/www.youtube.com\/@V2C","https:\/\/www.linkedin.com\/company\/v2c-chargers\/"]},{"@type":"Person","@id":"https:\/\/v2charge.com\/es\/#\/schema\/person\/f29e67a85380accce2b8b9139c993f42","name":"V2C","image":{"@type":"ImageObject","inLanguage":"es","@id":"https:\/\/v2charge.com\/es\/#\/schema\/person\/image\/","url":"https:\/\/secure.gravatar.com\/avatar\/6b569efe71f377f865d3c6d7d046c620e6ecf71400555f6ac3a8d31ade20562b?s=96&d=mm&r=g","contentUrl":"https:\/\/secure.gravatar.com\/avatar\/6b569efe71f377f865d3c6d7d046c620e6ecf71400555f6ac3a8d31ade20562b?s=96&d=mm&r=g","caption":"V2C"}}]}},"uagb_featured_image_src":{"full":["https:\/\/v2charge.com\/wp-content\/uploads\/2023\/06\/nuevo-pole-pro.jpg",1200,700,false],"thumbnail":["https:\/\/v2charge.com\/wp-content\/uploads\/2023\/06\/nuevo-pole-pro-150x150.jpg",150,150,true],"medium":["https:\/\/v2charge.com\/wp-content\/uploads\/2023\/06\/nuevo-pole-pro-300x175.jpg",300,175,true],"medium_large":["https:\/\/v2charge.com\/wp-content\/uploads\/2023\/06\/nuevo-pole-pro-768x448.jpg",768,448,true],"large":["https:\/\/v2charge.com\/wp-content\/uploads\/2023\/06\/nuevo-pole-pro-1024x597.jpg",1024,597,true],"gs-tiny":["https:\/\/v2charge.com\/wp-content\/uploads\/2023\/06\/nuevo-pole-pro.jpg",50,29,false],"xl":["https:\/\/v2charge.com\/wp-content\/uploads\/2023\/06\/nuevo-pole-pro.jpg",1200,700,false],"xxl":["https:\/\/v2charge.com\/wp-content\/uploads\/2023\/06\/nuevo-pole-pro.jpg",1200,700,false],"xxxl":["https:\/\/v2charge.com\/wp-content\/uploads\/2023\/06\/nuevo-pole-pro.jpg",1200,700,false],"xxxxl":["https:\/\/v2charge.com\/wp-content\/uploads\/2023\/06\/nuevo-pole-pro.jpg",1200,700,false],"xxxxxl":["https:\/\/v2charge.com\/wp-content\/uploads\/2023\/06\/nuevo-pole-pro.jpg",1200,700,false],"1536x1536":["https:\/\/v2charge.com\/wp-content\/uploads\/2023\/06\/nuevo-pole-pro.jpg",1200,700,false],"2048x2048":["https:\/\/v2charge.com\/wp-content\/uploads\/2023\/06\/nuevo-pole-pro.jpg",1200,700,false]},"uagb_author_info":{"display_name":"V2C","author_link":"https:\/\/v2charge.com\/es\/author\/root_k4eu7ki8\/"},"uagb_comment_info":0,"uagb_excerpt":"\u00a1Estamos de celebraci\u00f3n! En V2C estamos orgullosos de presentar nuestro \u00faltimo desarrollo: el cargador el\u00e9ctrico Pole Pro. Una nueva versi\u00f3n de nuestro e-Charger que ofrece la carga m\u00e1s inteligente por m\u00faltiples usuarios en espacios p\u00fablicos y privados. Tras tomar en cuenta opiniones y necesidades de nuestros clientes, hemos desarrollado una nueva versi\u00f3n que busca superar&hellip;","_links":{"self":[{"href":"https:\/\/v2charge.com\/es\/wp-json\/wp\/v2\/posts\/107714","targetHints":{"allow":["GET"]}}],"collection":[{"href":"https:\/\/v2charge.com\/es\/wp-json\/wp\/v2\/posts"}],"about":[{"href":"https:\/\/v2charge.com\/es\/wp-json\/wp\/v2\/types\/post"}],"author":[{"embeddable":true,"href":"https:\/\/v2charge.com\/es\/wp-json\/wp\/v2\/users\/1"}],"replies":[{"embeddable":true,"href":"https:\/\/v2charge.com\/es\/wp-json\/wp\/v2\/comments?post=107714"}],"version-history":[{"count":0,"href":"https:\/\/v2charge.com\/es\/wp-json\/wp\/v2\/posts\/107714\/revisions"}],"wp:featuredmedia":[{"embeddable":true,"href":"https:\/\/v2charge.com\/es\/wp-json\/wp\/v2\/media\/107744"}],"wp:attachment":[{"href":"https:\/\/v2charge.com\/es\/wp-json\/wp\/v2\/media?parent=107714"}],"wp:term":[{"taxonomy":"category","embeddable":true,"href":"https:\/\/v2charge.com\/es\/wp-json\/wp\/v2\/categories?post=107714"},{"taxonomy":"post_tag","embeddable":true,"href":"https:\/\/v2charge.com\/es\/wp-json\/wp\/v2\/tags?post=107714"}],"curies":[{"name":"wp","href":"https:\/\/api.w.org\/{rel}","templated":true}]}}