{"id":120595,"date":"2023-09-28T16:07:16","date_gmt":"2023-09-28T14:07:16","guid":{"rendered":"https:\/\/v2charge.com\/?p=120595"},"modified":"2023-09-28T16:07:29","modified_gmt":"2023-09-28T14:07:29","slug":"zero-emission-ecomobiel-con-chargetech","status":"publish","type":"post","link":"https:\/\/v2charge.com\/es\/zero-emission-ecomobiel-con-chargetech\/","title":{"rendered":"V2C y ChargeTech: Juntos en la Feria Zero Emission 2023 de los Pa\u00edses Bajos"},"content":{"rendered":"\n<p>La revoluci\u00f3n de la movilidad el\u00e9ctrica est\u00e1 en pleno apogeo, y en V2C estamos orgullosos de liderar el camino hacia un mundo m\u00e1s limpio y sostenible. Hemos experimentado un crecimiento exponencial que nos ha llevado a estar presentes en las ferias m\u00e1s importantes del sector a nivel internacional. Es por eso que estamos emocionados de anunciar nuestra participaci\u00f3n en la pr\u00f3xima edici\u00f3n de la feria \u00ab<a href=\"https:\/\/www.ecomobiel.nl\/en\/\" title=\"Ecomobiel Fair\" target=\"_blank\" rel=\"nofollow noopener\">Zero Emission | Ecomobiel<\/a>\u00bb que se llevar\u00e1 a cabo <strong>del 10 al 12 de octubre en Brabanthallen, Pa\u00edses Bajos<\/strong>.<\/p>\n\n\n\n<h2 class=\"wp-block-heading\">En la Feria de la mano de ChargeTech<\/h2>\n\n\n\n<p>En esta emocionante feria nos unimos a nuestro socio estrat\u00e9gico, <strong>ChargeTech<\/strong>, <strong>distribuidor oficial de V2C en los Pa\u00edses Bajos<\/strong>. Juntos, estamos listos para mostrar nuestras soluciones de carga l\u00edderes en el mercado y explorar nuevas oportunidades en el mundo de la movilidad el\u00e9ctrica.<\/p>\n\n\n\n<h2 class=\"wp-block-heading\">Un Vistazo a Zero Emission | Ecomobiel<\/h2>\n\n\n\n<p>Zero Emission | Ecomobiel es el epicentro de la movilidad el\u00e9ctrica y la reducci\u00f3n de emisiones, y estamos encantados de formar parte de este evento de renombre. Con <strong>casi 350 expositores y colaboradores<\/strong>, esta feria es la plataforma perfecta para conectar con l\u00edderes de la industria, explorar las \u00faltimas innovaciones y establecer colaboraciones estrat\u00e9gicas.<\/p>\n\n\n\n<h2 class=\"wp-block-heading\">El papel de V2C en la feria <\/h2>\n\n\n\n<p>Los asistentes podr\u00e1n <strong>descubrir en nuestro stand una amplia gama de soluciones de carga de veh\u00edculos el\u00e9ctricos<\/strong> que van desde cargadores dom\u00e9sticos inteligentes como <a href=\"https:\/\/v2charge.com\/es\/trydan\/\" title=\"Trydan V2C\">Trydan<\/a>, hasta estaciones de carga accesibles por m\u00faltiples usuarios en espacios p\u00fablicos y privados como <a href=\"https:\/\/v2charge.com\/es\/pole\/\" title=\"Pole V2C\">Pole Pro<\/a>. Nuestro equipo estar\u00e1 disponible para responder preguntas, compartir informaci\u00f3n sobre nuestras \u00faltimas tecnolog\u00edas y discutir oportunidades de colaboraci\u00f3n.<\/p>\n\n\n\n<h2 class=\"wp-block-heading\">La expansi\u00f3n de V2C<\/h2>\n\n\n\n<p>El crecimiento de V2C nos ha llevado a expandir nuestra presencia m\u00e1s all\u00e1 de las fronteras, y ahora <strong>estamos presentes en las ferias m\u00e1s importantes del sector a nivel internacional<\/strong>. Recientemente hemos participado en la prestigiosa feria <a href=\"https:\/\/v2charge.com\/es\/v2c-power2drive-2023\/\" title=\"Power2Drive 2023\">Power2Drive<\/a> celebrada en M\u00fanich, una oportunidad \u00fanica para conocer las \u00faltimas novedades en materia de infraestructuras de carga a nivel global.<\/p>\n\n\n\n<p>Te invitamos a seguir en nuestras redes sociales nuestra participaci\u00f3n en Zero Emission | Ecomobiel y a viajar con nosotros hacia un futuro el\u00e9ctrico sostenible.<\/p>\n","protected":false},"excerpt":{"rendered":"<p>La revoluci\u00f3n de la movilidad el\u00e9ctrica est\u00e1 en pleno apogeo, y en V2C estamos orgullosos de liderar el camino hacia un mundo m\u00e1s limpio y sostenible. Hemos experimentado un crecimiento exponencial que nos ha llevado a estar presentes en las ferias m\u00e1s importantes del sector a nivel internacional. Es por eso que estamos emocionados de &#8230; <a title=\"V2C y ChargeTech: Juntos en la Feria Zero Emission 2023 de los Pa\u00edses Bajos\" class=\"read-more\" href=\"https:\/\/v2charge.com\/es\/zero-emission-ecomobiel-con-chargetech\/\" aria-label=\"Leer m\u00e1s sobre V2C y ChargeTech: Juntos en la Feria Zero Emission 2023 de los Pa\u00edses Bajos\">Leer m\u00e1s<\/a><\/p>\n","protected":false},"author":400,"featured_media":120596,"comment_status":"open","ping_status":"open","sticky":false,"template":"","format":"standard","meta":{"_eb_attr":"","content-type":"","_uag_custom_page_level_css":"","footnotes":""},"categories":[6],"tags":[],"class_list":["post-120595","post","type-post","status-publish","format-standard","has-post-thumbnail","hentry","category-e-mobility"],"yoast_head":"<!-- This site is optimized with the Yoast SEO plugin v25.3.1 - https:\/\/yoast.com\/wordpress\/plugins\/seo\/ -->\n<title>V2C y ChargeTech en la Feria Zero Emission | Ecomobiel 2023<\/title>\n<meta name=\"description\" content=\"Los pr\u00f3ximos 10,11 y 12 de Octubre estaremos en la feria Zero Emission | Ecomobiel de la mano de ChargeTech, nuestro distribuidor en Pa\u00edses Bajos.\" \/>\n<meta name=\"robots\" content=\"index, follow, max-snippet:-1, max-image-preview:large, max-video-preview:-1\" \/>\n<link rel=\"canonical\" href=\"https:\/\/v2charge.com\/es\/zero-emission-ecomobiel-con-chargetech\/\" \/>\n<meta property=\"og:locale\" content=\"es_ES\" \/>\n<meta property=\"og:type\" content=\"article\" \/>\n<meta property=\"og:title\" content=\"V2C y ChargeTech en la Feria Zero Emission | Ecomobiel 2023\" \/>\n<meta property=\"og:description\" content=\"Los pr\u00f3ximos 10,11 y 12 de Octubre estaremos en la feria Zero Emission | Ecomobiel de la mano de ChargeTech, nuestro distribuidor en Pa\u00edses Bajos.\" \/>\n<meta property=\"og:url\" content=\"https:\/\/v2charge.com\/es\/zero-emission-ecomobiel-con-chargetech\/\" \/>\n<meta property=\"og:site_name\" content=\"V2C\" \/>\n<meta property=\"article:publisher\" content=\"https:\/\/www.facebook.com\/V2C.Charge\" \/>\n<meta property=\"article:published_time\" content=\"2023-09-28T14:07:16+00:00\" \/>\n<meta property=\"article:modified_time\" content=\"2023-09-28T14:07:29+00:00\" \/>\n<meta property=\"og:image\" content=\"https:\/\/v2charge.com\/wp-content\/uploads\/2023\/09\/feria-zero-emission.jpg\" \/>\n\t<meta property=\"og:image:width\" content=\"1200\" \/>\n\t<meta property=\"og:image:height\" content=\"700\" \/>\n\t<meta property=\"og:image:type\" content=\"image\/jpeg\" \/>\n<meta name=\"author\" content=\"V2C\" \/>\n<meta name=\"twitter:card\" content=\"summary_large_image\" \/>\n<meta name=\"twitter:creator\" content=\"@V2C_Charge\" \/>\n<meta name=\"twitter:site\" content=\"@V2C_Charge\" \/>\n<meta name=\"twitter:label1\" content=\"Escrito por\" \/>\n\t<meta name=\"twitter:data1\" content=\"V2C\" \/>\n\t<meta name=\"twitter:label2\" content=\"Tiempo de lectura\" \/>\n\t<meta name=\"twitter:data2\" content=\"2 minutos\" \/>\n<script type=\"application\/ld+json\" class=\"yoast-schema-graph\">{\"@context\":\"https:\/\/schema.org\",\"@graph\":[{\"@type\":\"Article\",\"@id\":\"https:\/\/v2charge.com\/es\/zero-emission-ecomobiel-con-chargetech\/#article\",\"isPartOf\":{\"@id\":\"https:\/\/v2charge.com\/es\/zero-emission-ecomobiel-con-chargetech\/\"},\"author\":{\"name\":\"V2C\",\"@id\":\"https:\/\/v2charge.com\/es\/#\/schema\/person\/d6f210a94a856acdddec347b2127fd0f\"},\"headline\":\"V2C y ChargeTech: Juntos en la Feria Zero Emission 2023 de los Pa\u00edses Bajos\",\"datePublished\":\"2023-09-28T14:07:16+00:00\",\"dateModified\":\"2023-09-28T14:07:29+00:00\",\"mainEntityOfPage\":{\"@id\":\"https:\/\/v2charge.com\/es\/zero-emission-ecomobiel-con-chargetech\/\"},\"wordCount\":394,\"commentCount\":0,\"publisher\":{\"@id\":\"https:\/\/v2charge.com\/es\/#organization\"},\"image\":{\"@id\":\"https:\/\/v2charge.com\/es\/zero-emission-ecomobiel-con-chargetech\/#primaryimage\"},\"thumbnailUrl\":\"https:\/\/v2charge.com\/wp-content\/uploads\/2023\/09\/feria-zero-emission.jpg\",\"articleSection\":[\"e-mobility\"],\"inLanguage\":\"es\",\"potentialAction\":[{\"@type\":\"CommentAction\",\"name\":\"Comment\",\"target\":[\"https:\/\/v2charge.com\/es\/zero-emission-ecomobiel-con-chargetech\/#respond\"]}]},{\"@type\":\"WebPage\",\"@id\":\"https:\/\/v2charge.com\/es\/zero-emission-ecomobiel-con-chargetech\/\",\"url\":\"https:\/\/v2charge.com\/es\/zero-emission-ecomobiel-con-chargetech\/\",\"name\":\"V2C y ChargeTech en la Feria Zero Emission | Ecomobiel 2023\",\"isPartOf\":{\"@id\":\"https:\/\/v2charge.com\/es\/#website\"},\"primaryImageOfPage\":{\"@id\":\"https:\/\/v2charge.com\/es\/zero-emission-ecomobiel-con-chargetech\/#primaryimage\"},\"image\":{\"@id\":\"https:\/\/v2charge.com\/es\/zero-emission-ecomobiel-con-chargetech\/#primaryimage\"},\"thumbnailUrl\":\"https:\/\/v2charge.com\/wp-content\/uploads\/2023\/09\/feria-zero-emission.jpg\",\"datePublished\":\"2023-09-28T14:07:16+00:00\",\"dateModified\":\"2023-09-28T14:07:29+00:00\",\"description\":\"Los pr\u00f3ximos 10,11 y 12 de Octubre estaremos en la feria Zero Emission | Ecomobiel de la mano de ChargeTech, nuestro distribuidor en Pa\u00edses Bajos.\",\"breadcrumb\":{\"@id\":\"https:\/\/v2charge.com\/es\/zero-emission-ecomobiel-con-chargetech\/#breadcrumb\"},\"inLanguage\":\"es\",\"potentialAction\":[{\"@type\":\"ReadAction\",\"target\":[\"https:\/\/v2charge.com\/es\/zero-emission-ecomobiel-con-chargetech\/\"]}]},{\"@type\":\"ImageObject\",\"inLanguage\":\"es\",\"@id\":\"https:\/\/v2charge.com\/es\/zero-emission-ecomobiel-con-chargetech\/#primaryimage\",\"url\":\"https:\/\/v2charge.com\/wp-content\/uploads\/2023\/09\/feria-zero-emission.jpg\",\"contentUrl\":\"https:\/\/v2charge.com\/wp-content\/uploads\/2023\/09\/feria-zero-emission.jpg\",\"width\":1200,\"height\":700,\"caption\":\"feria zero emission ecomobiel\"},{\"@type\":\"BreadcrumbList\",\"@id\":\"https:\/\/v2charge.com\/es\/zero-emission-ecomobiel-con-chargetech\/#breadcrumb\",\"itemListElement\":[{\"@type\":\"ListItem\",\"position\":1,\"name\":\"V2C\",\"item\":\"https:\/\/v2charge.com\/es\/\"},{\"@type\":\"ListItem\",\"position\":2,\"name\":\"Modelos de coches el\u00e9ctricos\",\"item\":\"https:\/\/v2charge.com\/es\/e-mobility\/\"},{\"@type\":\"ListItem\",\"position\":3,\"name\":\"V2C y ChargeTech: Juntos en la Feria Zero Emission 2023 de los Pa\u00edses Bajos\"}]},{\"@type\":\"WebSite\",\"@id\":\"https:\/\/v2charge.com\/es\/#website\",\"url\":\"https:\/\/v2charge.com\/es\/\",\"name\":\"V2C\",\"description\":\"#CargandoElMa\u00f1ana\",\"publisher\":{\"@id\":\"https:\/\/v2charge.com\/es\/#organization\"},\"potentialAction\":[{\"@type\":\"SearchAction\",\"target\":{\"@type\":\"EntryPoint\",\"urlTemplate\":\"https:\/\/v2charge.com\/es\/?s={search_term_string}\"},\"query-input\":{\"@type\":\"PropertyValueSpecification\",\"valueRequired\":true,\"valueName\":\"search_term_string\"}}],\"inLanguage\":\"es\"},{\"@type\":\"Organization\",\"@id\":\"https:\/\/v2charge.com\/es\/#organization\",\"name\":\"V2C\",\"url\":\"https:\/\/v2charge.com\/es\/\",\"logo\":{\"@type\":\"ImageObject\",\"inLanguage\":\"es\",\"@id\":\"https:\/\/v2charge.com\/es\/#\/schema\/logo\/image\/\",\"url\":\"https:\/\/v2charge.com\/wp-content\/uploads\/2024\/11\/cropped-v2c-charge-logo-menu.png\",\"contentUrl\":\"https:\/\/v2charge.com\/wp-content\/uploads\/2024\/11\/cropped-v2c-charge-logo-menu.png\",\"width\":984,\"height\":431,\"caption\":\"V2C\"},\"image\":{\"@id\":\"https:\/\/v2charge.com\/es\/#\/schema\/logo\/image\/\"},\"sameAs\":[\"https:\/\/www.facebook.com\/V2C.Charge\",\"https:\/\/x.com\/V2C_Charge\",\"https:\/\/www.instagram.com\/v2c.charge\/\",\"https:\/\/www.youtube.com\/@V2C\",\"https:\/\/www.linkedin.com\/company\/v2c-chargers\/\"]},{\"@type\":\"Person\",\"@id\":\"https:\/\/v2charge.com\/es\/#\/schema\/person\/d6f210a94a856acdddec347b2127fd0f\",\"name\":\"V2C\",\"image\":{\"@type\":\"ImageObject\",\"inLanguage\":\"es\",\"@id\":\"https:\/\/v2charge.com\/es\/#\/schema\/person\/image\/\",\"url\":\"https:\/\/secure.gravatar.com\/avatar\/a91128c4c0d2f4d63bd586301fdec6cc9aa49c885839b25d1c62700f529f267c?s=96&d=mm&r=g\",\"contentUrl\":\"https:\/\/secure.gravatar.com\/avatar\/a91128c4c0d2f4d63bd586301fdec6cc9aa49c885839b25d1c62700f529f267c?s=96&d=mm&r=g\",\"caption\":\"V2C\"}}]}<\/script>\n<!-- \/ Yoast SEO plugin. -->","yoast_head_json":{"title":"V2C y ChargeTech en la Feria Zero Emission | Ecomobiel 2023","description":"Los pr\u00f3ximos 10,11 y 12 de Octubre estaremos en la feria Zero Emission | Ecomobiel de la mano de ChargeTech, nuestro distribuidor en Pa\u00edses Bajos.","robots":{"index":"index","follow":"follow","max-snippet":"max-snippet:-1","max-image-preview":"max-image-preview:large","max-video-preview":"max-video-preview:-1"},"canonical":"https:\/\/v2charge.com\/es\/zero-emission-ecomobiel-con-chargetech\/","og_locale":"es_ES","og_type":"article","og_title":"V2C y ChargeTech en la Feria Zero Emission | Ecomobiel 2023","og_description":"Los pr\u00f3ximos 10,11 y 12 de Octubre estaremos en la feria Zero Emission | Ecomobiel de la mano de ChargeTech, nuestro distribuidor en Pa\u00edses Bajos.","og_url":"https:\/\/v2charge.com\/es\/zero-emission-ecomobiel-con-chargetech\/","og_site_name":"V2C","article_publisher":"https:\/\/www.facebook.com\/V2C.Charge","article_published_time":"2023-09-28T14:07:16+00:00","article_modified_time":"2023-09-28T14:07:29+00:00","og_image":[{"width":1200,"height":700,"url":"https:\/\/v2charge.com\/wp-content\/uploads\/2023\/09\/feria-zero-emission.jpg","type":"image\/jpeg"}],"author":"V2C","twitter_card":"summary_large_image","twitter_creator":"@V2C_Charge","twitter_site":"@V2C_Charge","twitter_misc":{"Escrito por":"V2C","Tiempo de lectura":"2 minutos"},"schema":{"@context":"https:\/\/schema.org","@graph":[{"@type":"Article","@id":"https:\/\/v2charge.com\/es\/zero-emission-ecomobiel-con-chargetech\/#article","isPartOf":{"@id":"https:\/\/v2charge.com\/es\/zero-emission-ecomobiel-con-chargetech\/"},"author":{"name":"V2C","@id":"https:\/\/v2charge.com\/es\/#\/schema\/person\/d6f210a94a856acdddec347b2127fd0f"},"headline":"V2C y ChargeTech: Juntos en la Feria Zero Emission 2023 de los Pa\u00edses Bajos","datePublished":"2023-09-28T14:07:16+00:00","dateModified":"2023-09-28T14:07:29+00:00","mainEntityOfPage":{"@id":"https:\/\/v2charge.com\/es\/zero-emission-ecomobiel-con-chargetech\/"},"wordCount":394,"commentCount":0,"publisher":{"@id":"https:\/\/v2charge.com\/es\/#organization"},"image":{"@id":"https:\/\/v2charge.com\/es\/zero-emission-ecomobiel-con-chargetech\/#primaryimage"},"thumbnailUrl":"https:\/\/v2charge.com\/wp-content\/uploads\/2023\/09\/feria-zero-emission.jpg","articleSection":["e-mobility"],"inLanguage":"es","potentialAction":[{"@type":"CommentAction","name":"Comment","target":["https:\/\/v2charge.com\/es\/zero-emission-ecomobiel-con-chargetech\/#respond"]}]},{"@type":"WebPage","@id":"https:\/\/v2charge.com\/es\/zero-emission-ecomobiel-con-chargetech\/","url":"https:\/\/v2charge.com\/es\/zero-emission-ecomobiel-con-chargetech\/","name":"V2C y ChargeTech en la Feria Zero Emission | Ecomobiel 2023","isPartOf":{"@id":"https:\/\/v2charge.com\/es\/#website"},"primaryImageOfPage":{"@id":"https:\/\/v2charge.com\/es\/zero-emission-ecomobiel-con-chargetech\/#primaryimage"},"image":{"@id":"https:\/\/v2charge.com\/es\/zero-emission-ecomobiel-con-chargetech\/#primaryimage"},"thumbnailUrl":"https:\/\/v2charge.com\/wp-content\/uploads\/2023\/09\/feria-zero-emission.jpg","datePublished":"2023-09-28T14:07:16+00:00","dateModified":"2023-09-28T14:07:29+00:00","description":"Los pr\u00f3ximos 10,11 y 12 de Octubre estaremos en la feria Zero Emission | Ecomobiel de la mano de ChargeTech, nuestro distribuidor en Pa\u00edses Bajos.","breadcrumb":{"@id":"https:\/\/v2charge.com\/es\/zero-emission-ecomobiel-con-chargetech\/#breadcrumb"},"inLanguage":"es","potentialAction":[{"@type":"ReadAction","target":["https:\/\/v2charge.com\/es\/zero-emission-ecomobiel-con-chargetech\/"]}]},{"@type":"ImageObject","inLanguage":"es","@id":"https:\/\/v2charge.com\/es\/zero-emission-ecomobiel-con-chargetech\/#primaryimage","url":"https:\/\/v2charge.com\/wp-content\/uploads\/2023\/09\/feria-zero-emission.jpg","contentUrl":"https:\/\/v2charge.com\/wp-content\/uploads\/2023\/09\/feria-zero-emission.jpg","width":1200,"height":700,"caption":"feria zero emission ecomobiel"},{"@type":"BreadcrumbList","@id":"https:\/\/v2charge.com\/es\/zero-emission-ecomobiel-con-chargetech\/#breadcrumb","itemListElement":[{"@type":"ListItem","position":1,"name":"V2C","item":"https:\/\/v2charge.com\/es\/"},{"@type":"ListItem","position":2,"name":"Modelos de coches el\u00e9ctricos","item":"https:\/\/v2charge.com\/es\/e-mobility\/"},{"@type":"ListItem","position":3,"name":"V2C y ChargeTech: Juntos en la Feria Zero Emission 2023 de los Pa\u00edses Bajos"}]},{"@type":"WebSite","@id":"https:\/\/v2charge.com\/es\/#website","url":"https:\/\/v2charge.com\/es\/","name":"V2C","description":"#CargandoElMa\u00f1ana","publisher":{"@id":"https:\/\/v2charge.com\/es\/#organization"},"potentialAction":[{"@type":"SearchAction","target":{"@type":"EntryPoint","urlTemplate":"https:\/\/v2charge.com\/es\/?s={search_term_string}"},"query-input":{"@type":"PropertyValueSpecification","valueRequired":true,"valueName":"search_term_string"}}],"inLanguage":"es"},{"@type":"Organization","@id":"https:\/\/v2charge.com\/es\/#organization","name":"V2C","url":"https:\/\/v2charge.com\/es\/","logo":{"@type":"ImageObject","inLanguage":"es","@id":"https:\/\/v2charge.com\/es\/#\/schema\/logo\/image\/","url":"https:\/\/v2charge.com\/wp-content\/uploads\/2024\/11\/cropped-v2c-charge-logo-menu.png","contentUrl":"https:\/\/v2charge.com\/wp-content\/uploads\/2024\/11\/cropped-v2c-charge-logo-menu.png","width":984,"height":431,"caption":"V2C"},"image":{"@id":"https:\/\/v2charge.com\/es\/#\/schema\/logo\/image\/"},"sameAs":["https:\/\/www.facebook.com\/V2C.Charge","https:\/\/x.com\/V2C_Charge","https:\/\/www.instagram.com\/v2c.charge\/","https:\/\/www.youtube.com\/@V2C","https:\/\/www.linkedin.com\/company\/v2c-chargers\/"]},{"@type":"Person","@id":"https:\/\/v2charge.com\/es\/#\/schema\/person\/d6f210a94a856acdddec347b2127fd0f","name":"V2C","image":{"@type":"ImageObject","inLanguage":"es","@id":"https:\/\/v2charge.com\/es\/#\/schema\/person\/image\/","url":"https:\/\/secure.gravatar.com\/avatar\/a91128c4c0d2f4d63bd586301fdec6cc9aa49c885839b25d1c62700f529f267c?s=96&d=mm&r=g","contentUrl":"https:\/\/secure.gravatar.com\/avatar\/a91128c4c0d2f4d63bd586301fdec6cc9aa49c885839b25d1c62700f529f267c?s=96&d=mm&r=g","caption":"V2C"}}]}},"uagb_featured_image_src":{"full":["https:\/\/v2charge.com\/wp-content\/uploads\/2023\/09\/feria-zero-emission.jpg",1200,700,false],"thumbnail":["https:\/\/v2charge.com\/wp-content\/uploads\/2023\/09\/feria-zero-emission-150x150.jpg",150,150,true],"medium":["https:\/\/v2charge.com\/wp-content\/uploads\/2023\/09\/feria-zero-emission-300x175.jpg",300,175,true],"medium_large":["https:\/\/v2charge.com\/wp-content\/uploads\/2023\/09\/feria-zero-emission-768x448.jpg",768,448,true],"large":["https:\/\/v2charge.com\/wp-content\/uploads\/2023\/09\/feria-zero-emission-1024x597.jpg",1024,597,true],"gs-tiny":["https:\/\/v2charge.com\/wp-content\/uploads\/2023\/09\/feria-zero-emission.jpg",50,29,false],"xl":["https:\/\/v2charge.com\/wp-content\/uploads\/2023\/09\/feria-zero-emission.jpg",1200,700,false],"xxl":["https:\/\/v2charge.com\/wp-content\/uploads\/2023\/09\/feria-zero-emission.jpg",1200,700,false],"xxxl":["https:\/\/v2charge.com\/wp-content\/uploads\/2023\/09\/feria-zero-emission.jpg",1200,700,false],"xxxxl":["https:\/\/v2charge.com\/wp-content\/uploads\/2023\/09\/feria-zero-emission.jpg",1200,700,false],"xxxxxl":["https:\/\/v2charge.com\/wp-content\/uploads\/2023\/09\/feria-zero-emission.jpg",1200,700,false],"1536x1536":["https:\/\/v2charge.com\/wp-content\/uploads\/2023\/09\/feria-zero-emission.jpg",1200,700,false],"2048x2048":["https:\/\/v2charge.com\/wp-content\/uploads\/2023\/09\/feria-zero-emission.jpg",1200,700,false]},"uagb_author_info":{"display_name":"V2C","author_link":"https:\/\/v2charge.com\/es\/author\/marketing\/"},"uagb_comment_info":0,"uagb_excerpt":"La revoluci\u00f3n de la movilidad el\u00e9ctrica est\u00e1 en pleno apogeo, y en V2C estamos orgullosos de liderar el camino hacia un mundo m\u00e1s limpio y sostenible. Hemos experimentado un crecimiento exponencial que nos ha llevado a estar presentes en las ferias m\u00e1s importantes del sector a nivel internacional. Es por eso que estamos emocionados de&hellip;","_links":{"self":[{"href":"https:\/\/v2charge.com\/es\/wp-json\/wp\/v2\/posts\/120595","targetHints":{"allow":["GET"]}}],"collection":[{"href":"https:\/\/v2charge.com\/es\/wp-json\/wp\/v2\/posts"}],"about":[{"href":"https:\/\/v2charge.com\/es\/wp-json\/wp\/v2\/types\/post"}],"author":[{"embeddable":true,"href":"https:\/\/v2charge.com\/es\/wp-json\/wp\/v2\/users\/400"}],"replies":[{"embeddable":true,"href":"https:\/\/v2charge.com\/es\/wp-json\/wp\/v2\/comments?post=120595"}],"version-history":[{"count":0,"href":"https:\/\/v2charge.com\/es\/wp-json\/wp\/v2\/posts\/120595\/revisions"}],"wp:featuredmedia":[{"embeddable":true,"href":"https:\/\/v2charge.com\/es\/wp-json\/wp\/v2\/media\/120596"}],"wp:attachment":[{"href":"https:\/\/v2charge.com\/es\/wp-json\/wp\/v2\/media?parent=120595"}],"wp:term":[{"taxonomy":"category","embeddable":true,"href":"https:\/\/v2charge.com\/es\/wp-json\/wp\/v2\/categories?post=120595"},{"taxonomy":"post_tag","embeddable":true,"href":"https:\/\/v2charge.com\/es\/wp-json\/wp\/v2\/tags?post=120595"}],"curies":[{"name":"wp","href":"https:\/\/api.w.org\/{rel}","templated":true}]}}