{"id":12412,"date":"2019-03-01T09:42:10","date_gmt":"2019-03-01T09:42:10","guid":{"rendered":"https:\/\/www.wallboxok.com\/?p=12412"},"modified":"2024-03-22T12:40:02","modified_gmt":"2024-03-22T10:40:02","slug":"dark-wallbox-con-control-dinamico-de-potencia","status":"publish","type":"post","link":"https:\/\/v2charge.com\/es\/dark-wallbox-con-control-dinamico-de-potencia\/","title":{"rendered":"Dark Wallbox con Control Din\u00e1mico de Potencia"},"content":{"rendered":"<p>El <a href=\"https:\/\/www.v2charge.com\/es\/wallboxok-lanza-nuevo-punto-de-recarga-dark-wallbox\/\">Dark Wallbox<\/a> con control din\u00e1mico de potencia\u00a0es un cargador de veh\u00edculos el\u00e9ctricos de carga semi-r\u00e1pida de hasta 22kW. Una soluci\u00f3n ideal para recarga de veh\u00edculos el\u00e9ctricos en garajes de particulares (viviendas<br \/>\nunifamiliares y plazas de garaje comunitarios) y tambi\u00e9n en empresas por su modelo vers\u00e1til y f\u00e1cil de instalar.<\/p>\n<p>Este equipo, permite controlar en todo momento la velocidad de recarga mediante un display frontal de selecci\u00f3n,\u00a0 y adem\u00e1s,\u00a0 modificar la intensidad (de 6 amperios a 20\/32A seg\u00fan el modelo) de cada recarga antes y durante el proceso.<\/p>\n<p>Una de las ventajas y lo m\u00e1s importante de este nuevo Wallbox, es que incluye un sensor inteligente (<a href=\"https:\/\/www.lugenergy.com\/puntos-control-dinamico-de-recarga\/\">Control din\u00e1mico de potencia<\/a>) que permite autoregular la carga sin sobrepasar nunca la potencia que tiene la instalaci\u00f3n contratada; Es decir,\u00a0gracias al control din\u00e1mico de potencia, la carga del veh\u00edculo disminuye para conseguir no sobrepasar nunca la potencia contratada, evitando sobrecargas que disparen la protecci\u00f3n de la red de manera inesperada.<\/p>\n<p>De esta forma, el veh\u00edculo el\u00e9ctrico se cargara aunque tengamos otros electrodom\u00e9sticos conectados, siempre y cuando haya un m\u00ednimo de 1.8Kw para garantizar un m\u00ednimo de carga.<\/p>\n<figure id=\"attachment_12420\" aria-describedby=\"caption-attachment-12420\" style=\"width: 1070px\" class=\"wp-caption aligncenter\"><img decoding=\"async\" class=\"wp-image-12420 size-full\" title=\"Infograf\u00eda control din\u00e1mico de potencia wallbox\" src=\"https:\/\/www.wallboxok.com\/wp-content\/uploads\/2019\/03\/infografia2-01.png\" alt=\"\" width=\"1080\" height=\"1080\" \/><figcaption id=\"caption-attachment-12420\" class=\"wp-caption-text\">Infograf\u00eda explicativa del control din\u00e1mico de potencia<\/figcaption><\/figure>\n<p>V\u00eddeo explicativo:<br \/>\n<iframe src=\"https:\/\/www.youtube.com\/embed\/2C_TpXgvZtY\" width=\"680\" height=\"400\" frameborder=\"0\" allowfullscreen=\"allowfullscreen\"><\/iframe><\/p>\n","protected":false},"excerpt":{"rendered":"<p>El Dark Wallbox con control din\u00e1mico de potencia\u00a0es un cargador de veh\u00edculos el\u00e9ctricos de carga semi-r\u00e1pida de hasta 22kW. Una soluci\u00f3n ideal para recarga de veh\u00edculos el\u00e9ctricos en garajes de particulares (viviendas unifamiliares y plazas de garaje comunitarios) y tambi\u00e9n en empresas por su modelo vers\u00e1til y f\u00e1cil de instalar. Este equipo, permite controlar en &#8230; <a title=\"Dark Wallbox con Control Din\u00e1mico de Potencia\" class=\"read-more\" href=\"https:\/\/v2charge.com\/es\/dark-wallbox-con-control-dinamico-de-potencia\/\" aria-label=\"Leer m\u00e1s sobre Dark Wallbox con Control Din\u00e1mico de Potencia\">Leer m\u00e1s<\/a><\/p>\n","protected":false},"author":1,"featured_media":63354,"comment_status":"open","ping_status":"closed","sticky":false,"template":"","format":"standard","meta":{"_eb_attr":"","content-type":"","_uag_custom_page_level_css":"","footnotes":""},"categories":[6],"tags":[],"class_list":["post-12412","post","type-post","status-publish","format-standard","has-post-thumbnail","hentry","category-e-mobility"],"yoast_head":"<!-- This site is optimized with the Yoast SEO plugin v25.3.1 - https:\/\/yoast.com\/wordpress\/plugins\/seo\/ -->\n<title>Dark Wallbox con Control Din\u00e1mico de Potencia - V2C<\/title>\n<meta name=\"description\" content=\"Nuevo Dark Wallbox que incluye control din\u00e1mico de potencia, para regular la carga de nuestro veh\u00edculo el\u00e9ctrico y no sobrepasar la potencia contratada.\" \/>\n<meta name=\"robots\" content=\"index, follow, max-snippet:-1, max-image-preview:large, max-video-preview:-1\" \/>\n<link rel=\"canonical\" href=\"https:\/\/v2charge.com\/es\/dark-wallbox-con-control-dinamico-de-potencia\/\" \/>\n<meta property=\"og:locale\" content=\"es_ES\" \/>\n<meta property=\"og:type\" content=\"article\" \/>\n<meta property=\"og:title\" content=\"Dark Wallbox con Control Din\u00e1mico de Potencia - V2C\" \/>\n<meta property=\"og:description\" content=\"Nuevo Dark Wallbox que incluye control din\u00e1mico de potencia, para regular la carga de nuestro veh\u00edculo el\u00e9ctrico y no sobrepasar la potencia contratada.\" \/>\n<meta property=\"og:url\" content=\"https:\/\/v2charge.com\/es\/dark-wallbox-con-control-dinamico-de-potencia\/\" \/>\n<meta property=\"og:site_name\" content=\"V2C\" \/>\n<meta property=\"article:publisher\" content=\"https:\/\/www.facebook.com\/V2C.Charge\" \/>\n<meta property=\"article:published_time\" content=\"2019-03-01T09:42:10+00:00\" \/>\n<meta property=\"article:modified_time\" content=\"2024-03-22T10:40:02+00:00\" \/>\n<meta property=\"og:image\" content=\"https:\/\/v2charge.com\/wp-content\/uploads\/2019\/03\/Producto3_01-1.jpg\" \/>\n\t<meta property=\"og:image:width\" content=\"1500\" \/>\n\t<meta property=\"og:image:height\" content=\"1248\" \/>\n\t<meta property=\"og:image:type\" content=\"image\/jpeg\" \/>\n<meta name=\"author\" content=\"V2C\" \/>\n<meta name=\"twitter:card\" content=\"summary_large_image\" \/>\n<meta name=\"twitter:creator\" content=\"@V2C_Charge\" \/>\n<meta name=\"twitter:site\" content=\"@V2C_Charge\" \/>\n<meta name=\"twitter:label1\" content=\"Escrito por\" \/>\n\t<meta name=\"twitter:data1\" content=\"V2C\" \/>\n\t<meta name=\"twitter:label2\" content=\"Tiempo de lectura\" \/>\n\t<meta name=\"twitter:data2\" content=\"2 minutos\" \/>\n<script type=\"application\/ld+json\" class=\"yoast-schema-graph\">{\"@context\":\"https:\/\/schema.org\",\"@graph\":[{\"@type\":\"Article\",\"@id\":\"https:\/\/v2charge.com\/es\/dark-wallbox-con-control-dinamico-de-potencia\/#article\",\"isPartOf\":{\"@id\":\"https:\/\/v2charge.com\/es\/dark-wallbox-con-control-dinamico-de-potencia\/\"},\"author\":{\"name\":\"V2C\",\"@id\":\"https:\/\/v2charge.com\/es\/#\/schema\/person\/f29e67a85380accce2b8b9139c993f42\"},\"headline\":\"Dark Wallbox con Control Din\u00e1mico de Potencia\",\"datePublished\":\"2019-03-01T09:42:10+00:00\",\"dateModified\":\"2024-03-22T10:40:02+00:00\",\"mainEntityOfPage\":{\"@id\":\"https:\/\/v2charge.com\/es\/dark-wallbox-con-control-dinamico-de-potencia\/\"},\"wordCount\":236,\"commentCount\":0,\"publisher\":{\"@id\":\"https:\/\/v2charge.com\/es\/#organization\"},\"image\":{\"@id\":\"https:\/\/v2charge.com\/es\/dark-wallbox-con-control-dinamico-de-potencia\/#primaryimage\"},\"thumbnailUrl\":\"https:\/\/v2charge.com\/wp-content\/uploads\/2019\/03\/Producto3_01-1.jpg\",\"articleSection\":[\"e-mobility\"],\"inLanguage\":\"es\",\"potentialAction\":[{\"@type\":\"CommentAction\",\"name\":\"Comment\",\"target\":[\"https:\/\/v2charge.com\/es\/dark-wallbox-con-control-dinamico-de-potencia\/#respond\"]}]},{\"@type\":\"WebPage\",\"@id\":\"https:\/\/v2charge.com\/es\/dark-wallbox-con-control-dinamico-de-potencia\/\",\"url\":\"https:\/\/v2charge.com\/es\/dark-wallbox-con-control-dinamico-de-potencia\/\",\"name\":\"Dark Wallbox con Control Din\u00e1mico de Potencia - V2C\",\"isPartOf\":{\"@id\":\"https:\/\/v2charge.com\/es\/#website\"},\"primaryImageOfPage\":{\"@id\":\"https:\/\/v2charge.com\/es\/dark-wallbox-con-control-dinamico-de-potencia\/#primaryimage\"},\"image\":{\"@id\":\"https:\/\/v2charge.com\/es\/dark-wallbox-con-control-dinamico-de-potencia\/#primaryimage\"},\"thumbnailUrl\":\"https:\/\/v2charge.com\/wp-content\/uploads\/2019\/03\/Producto3_01-1.jpg\",\"datePublished\":\"2019-03-01T09:42:10+00:00\",\"dateModified\":\"2024-03-22T10:40:02+00:00\",\"description\":\"Nuevo Dark Wallbox que incluye control din\u00e1mico de potencia, para regular la carga de nuestro veh\u00edculo el\u00e9ctrico y no sobrepasar la potencia contratada.\",\"breadcrumb\":{\"@id\":\"https:\/\/v2charge.com\/es\/dark-wallbox-con-control-dinamico-de-potencia\/#breadcrumb\"},\"inLanguage\":\"es\",\"potentialAction\":[{\"@type\":\"ReadAction\",\"target\":[\"https:\/\/v2charge.com\/es\/dark-wallbox-con-control-dinamico-de-potencia\/\"]}]},{\"@type\":\"ImageObject\",\"inLanguage\":\"es\",\"@id\":\"https:\/\/v2charge.com\/es\/dark-wallbox-con-control-dinamico-de-potencia\/#primaryimage\",\"url\":\"https:\/\/v2charge.com\/wp-content\/uploads\/2019\/03\/Producto3_01-1.jpg\",\"contentUrl\":\"https:\/\/v2charge.com\/wp-content\/uploads\/2019\/03\/Producto3_01-1.jpg\",\"width\":1500,\"height\":1248},{\"@type\":\"BreadcrumbList\",\"@id\":\"https:\/\/v2charge.com\/es\/dark-wallbox-con-control-dinamico-de-potencia\/#breadcrumb\",\"itemListElement\":[{\"@type\":\"ListItem\",\"position\":1,\"name\":\"V2C\",\"item\":\"https:\/\/v2charge.com\/es\/\"},{\"@type\":\"ListItem\",\"position\":2,\"name\":\"Modelos de coches el\u00e9ctricos\",\"item\":\"https:\/\/v2charge.com\/es\/e-mobility\/\"},{\"@type\":\"ListItem\",\"position\":3,\"name\":\"Dark Wallbox con Control Din\u00e1mico de Potencia\"}]},{\"@type\":\"WebSite\",\"@id\":\"https:\/\/v2charge.com\/es\/#website\",\"url\":\"https:\/\/v2charge.com\/es\/\",\"name\":\"V2C\",\"description\":\"#CargandoElMa\u00f1ana\",\"publisher\":{\"@id\":\"https:\/\/v2charge.com\/es\/#organization\"},\"potentialAction\":[{\"@type\":\"SearchAction\",\"target\":{\"@type\":\"EntryPoint\",\"urlTemplate\":\"https:\/\/v2charge.com\/es\/?s={search_term_string}\"},\"query-input\":{\"@type\":\"PropertyValueSpecification\",\"valueRequired\":true,\"valueName\":\"search_term_string\"}}],\"inLanguage\":\"es\"},{\"@type\":\"Organization\",\"@id\":\"https:\/\/v2charge.com\/es\/#organization\",\"name\":\"V2C\",\"url\":\"https:\/\/v2charge.com\/es\/\",\"logo\":{\"@type\":\"ImageObject\",\"inLanguage\":\"es\",\"@id\":\"https:\/\/v2charge.com\/es\/#\/schema\/logo\/image\/\",\"url\":\"https:\/\/v2charge.com\/wp-content\/uploads\/2024\/11\/cropped-v2c-charge-logo-menu.png\",\"contentUrl\":\"https:\/\/v2charge.com\/wp-content\/uploads\/2024\/11\/cropped-v2c-charge-logo-menu.png\",\"width\":984,\"height\":431,\"caption\":\"V2C\"},\"image\":{\"@id\":\"https:\/\/v2charge.com\/es\/#\/schema\/logo\/image\/\"},\"sameAs\":[\"https:\/\/www.facebook.com\/V2C.Charge\",\"https:\/\/x.com\/V2C_Charge\",\"https:\/\/www.instagram.com\/v2c.charge\/\",\"https:\/\/www.youtube.com\/@V2C\",\"https:\/\/www.linkedin.com\/company\/v2c-chargers\/\"]},{\"@type\":\"Person\",\"@id\":\"https:\/\/v2charge.com\/es\/#\/schema\/person\/f29e67a85380accce2b8b9139c993f42\",\"name\":\"V2C\",\"image\":{\"@type\":\"ImageObject\",\"inLanguage\":\"es\",\"@id\":\"https:\/\/v2charge.com\/es\/#\/schema\/person\/image\/\",\"url\":\"https:\/\/secure.gravatar.com\/avatar\/6b569efe71f377f865d3c6d7d046c620e6ecf71400555f6ac3a8d31ade20562b?s=96&d=mm&r=g\",\"contentUrl\":\"https:\/\/secure.gravatar.com\/avatar\/6b569efe71f377f865d3c6d7d046c620e6ecf71400555f6ac3a8d31ade20562b?s=96&d=mm&r=g\",\"caption\":\"V2C\"}}]}<\/script>\n<!-- \/ Yoast SEO plugin. -->","yoast_head_json":{"title":"Dark Wallbox con Control Din\u00e1mico de Potencia - V2C","description":"Nuevo Dark Wallbox que incluye control din\u00e1mico de potencia, para regular la carga de nuestro veh\u00edculo el\u00e9ctrico y no sobrepasar la potencia contratada.","robots":{"index":"index","follow":"follow","max-snippet":"max-snippet:-1","max-image-preview":"max-image-preview:large","max-video-preview":"max-video-preview:-1"},"canonical":"https:\/\/v2charge.com\/es\/dark-wallbox-con-control-dinamico-de-potencia\/","og_locale":"es_ES","og_type":"article","og_title":"Dark Wallbox con Control Din\u00e1mico de Potencia - V2C","og_description":"Nuevo Dark Wallbox que incluye control din\u00e1mico de potencia, para regular la carga de nuestro veh\u00edculo el\u00e9ctrico y no sobrepasar la potencia contratada.","og_url":"https:\/\/v2charge.com\/es\/dark-wallbox-con-control-dinamico-de-potencia\/","og_site_name":"V2C","article_publisher":"https:\/\/www.facebook.com\/V2C.Charge","article_published_time":"2019-03-01T09:42:10+00:00","article_modified_time":"2024-03-22T10:40:02+00:00","og_image":[{"width":1500,"height":1248,"url":"https:\/\/v2charge.com\/wp-content\/uploads\/2019\/03\/Producto3_01-1.jpg","type":"image\/jpeg"}],"author":"V2C","twitter_card":"summary_large_image","twitter_creator":"@V2C_Charge","twitter_site":"@V2C_Charge","twitter_misc":{"Escrito por":"V2C","Tiempo de lectura":"2 minutos"},"schema":{"@context":"https:\/\/schema.org","@graph":[{"@type":"Article","@id":"https:\/\/v2charge.com\/es\/dark-wallbox-con-control-dinamico-de-potencia\/#article","isPartOf":{"@id":"https:\/\/v2charge.com\/es\/dark-wallbox-con-control-dinamico-de-potencia\/"},"author":{"name":"V2C","@id":"https:\/\/v2charge.com\/es\/#\/schema\/person\/f29e67a85380accce2b8b9139c993f42"},"headline":"Dark Wallbox con Control Din\u00e1mico de Potencia","datePublished":"2019-03-01T09:42:10+00:00","dateModified":"2024-03-22T10:40:02+00:00","mainEntityOfPage":{"@id":"https:\/\/v2charge.com\/es\/dark-wallbox-con-control-dinamico-de-potencia\/"},"wordCount":236,"commentCount":0,"publisher":{"@id":"https:\/\/v2charge.com\/es\/#organization"},"image":{"@id":"https:\/\/v2charge.com\/es\/dark-wallbox-con-control-dinamico-de-potencia\/#primaryimage"},"thumbnailUrl":"https:\/\/v2charge.com\/wp-content\/uploads\/2019\/03\/Producto3_01-1.jpg","articleSection":["e-mobility"],"inLanguage":"es","potentialAction":[{"@type":"CommentAction","name":"Comment","target":["https:\/\/v2charge.com\/es\/dark-wallbox-con-control-dinamico-de-potencia\/#respond"]}]},{"@type":"WebPage","@id":"https:\/\/v2charge.com\/es\/dark-wallbox-con-control-dinamico-de-potencia\/","url":"https:\/\/v2charge.com\/es\/dark-wallbox-con-control-dinamico-de-potencia\/","name":"Dark Wallbox con Control Din\u00e1mico de Potencia - V2C","isPartOf":{"@id":"https:\/\/v2charge.com\/es\/#website"},"primaryImageOfPage":{"@id":"https:\/\/v2charge.com\/es\/dark-wallbox-con-control-dinamico-de-potencia\/#primaryimage"},"image":{"@id":"https:\/\/v2charge.com\/es\/dark-wallbox-con-control-dinamico-de-potencia\/#primaryimage"},"thumbnailUrl":"https:\/\/v2charge.com\/wp-content\/uploads\/2019\/03\/Producto3_01-1.jpg","datePublished":"2019-03-01T09:42:10+00:00","dateModified":"2024-03-22T10:40:02+00:00","description":"Nuevo Dark Wallbox que incluye control din\u00e1mico de potencia, para regular la carga de nuestro veh\u00edculo el\u00e9ctrico y no sobrepasar la potencia contratada.","breadcrumb":{"@id":"https:\/\/v2charge.com\/es\/dark-wallbox-con-control-dinamico-de-potencia\/#breadcrumb"},"inLanguage":"es","potentialAction":[{"@type":"ReadAction","target":["https:\/\/v2charge.com\/es\/dark-wallbox-con-control-dinamico-de-potencia\/"]}]},{"@type":"ImageObject","inLanguage":"es","@id":"https:\/\/v2charge.com\/es\/dark-wallbox-con-control-dinamico-de-potencia\/#primaryimage","url":"https:\/\/v2charge.com\/wp-content\/uploads\/2019\/03\/Producto3_01-1.jpg","contentUrl":"https:\/\/v2charge.com\/wp-content\/uploads\/2019\/03\/Producto3_01-1.jpg","width":1500,"height":1248},{"@type":"BreadcrumbList","@id":"https:\/\/v2charge.com\/es\/dark-wallbox-con-control-dinamico-de-potencia\/#breadcrumb","itemListElement":[{"@type":"ListItem","position":1,"name":"V2C","item":"https:\/\/v2charge.com\/es\/"},{"@type":"ListItem","position":2,"name":"Modelos de coches el\u00e9ctricos","item":"https:\/\/v2charge.com\/es\/e-mobility\/"},{"@type":"ListItem","position":3,"name":"Dark Wallbox con Control Din\u00e1mico de Potencia"}]},{"@type":"WebSite","@id":"https:\/\/v2charge.com\/es\/#website","url":"https:\/\/v2charge.com\/es\/","name":"V2C","description":"#CargandoElMa\u00f1ana","publisher":{"@id":"https:\/\/v2charge.com\/es\/#organization"},"potentialAction":[{"@type":"SearchAction","target":{"@type":"EntryPoint","urlTemplate":"https:\/\/v2charge.com\/es\/?s={search_term_string}"},"query-input":{"@type":"PropertyValueSpecification","valueRequired":true,"valueName":"search_term_string"}}],"inLanguage":"es"},{"@type":"Organization","@id":"https:\/\/v2charge.com\/es\/#organization","name":"V2C","url":"https:\/\/v2charge.com\/es\/","logo":{"@type":"ImageObject","inLanguage":"es","@id":"https:\/\/v2charge.com\/es\/#\/schema\/logo\/image\/","url":"https:\/\/v2charge.com\/wp-content\/uploads\/2024\/11\/cropped-v2c-charge-logo-menu.png","contentUrl":"https:\/\/v2charge.com\/wp-content\/uploads\/2024\/11\/cropped-v2c-charge-logo-menu.png","width":984,"height":431,"caption":"V2C"},"image":{"@id":"https:\/\/v2charge.com\/es\/#\/schema\/logo\/image\/"},"sameAs":["https:\/\/www.facebook.com\/V2C.Charge","https:\/\/x.com\/V2C_Charge","https:\/\/www.instagram.com\/v2c.charge\/","https:\/\/www.youtube.com\/@V2C","https:\/\/www.linkedin.com\/company\/v2c-chargers\/"]},{"@type":"Person","@id":"https:\/\/v2charge.com\/es\/#\/schema\/person\/f29e67a85380accce2b8b9139c993f42","name":"V2C","image":{"@type":"ImageObject","inLanguage":"es","@id":"https:\/\/v2charge.com\/es\/#\/schema\/person\/image\/","url":"https:\/\/secure.gravatar.com\/avatar\/6b569efe71f377f865d3c6d7d046c620e6ecf71400555f6ac3a8d31ade20562b?s=96&d=mm&r=g","contentUrl":"https:\/\/secure.gravatar.com\/avatar\/6b569efe71f377f865d3c6d7d046c620e6ecf71400555f6ac3a8d31ade20562b?s=96&d=mm&r=g","caption":"V2C"}}]}},"uagb_featured_image_src":{"full":["https:\/\/v2charge.com\/wp-content\/uploads\/2019\/03\/Producto3_01-1.jpg",1500,1248,false],"thumbnail":["https:\/\/v2charge.com\/wp-content\/uploads\/2019\/03\/Producto3_01-1-150x150.jpg",150,150,true],"medium":["https:\/\/v2charge.com\/wp-content\/uploads\/2019\/03\/Producto3_01-1-300x250.jpg",300,250,true],"medium_large":["https:\/\/v2charge.com\/wp-content\/uploads\/2019\/03\/Producto3_01-1-768x639.jpg",768,639,true],"large":["https:\/\/v2charge.com\/wp-content\/uploads\/2019\/03\/Producto3_01-1-1024x852.jpg",1024,852,true],"gs-tiny":["https:\/\/v2charge.com\/wp-content\/uploads\/2019\/03\/Producto3_01-1.jpg",50,42,false],"xl":["https:\/\/v2charge.com\/wp-content\/uploads\/2019\/03\/Producto3_01-1.jpg",1500,1248,false],"xxl":["https:\/\/v2charge.com\/wp-content\/uploads\/2019\/03\/Producto3_01-1.jpg",1500,1248,false],"xxxl":["https:\/\/v2charge.com\/wp-content\/uploads\/2019\/03\/Producto3_01-1.jpg",1500,1248,false],"xxxxl":["https:\/\/v2charge.com\/wp-content\/uploads\/2019\/03\/Producto3_01-1.jpg",1500,1248,false],"xxxxxl":["https:\/\/v2charge.com\/wp-content\/uploads\/2019\/03\/Producto3_01-1.jpg",1500,1248,false],"1536x1536":["https:\/\/v2charge.com\/wp-content\/uploads\/2019\/03\/Producto3_01-1.jpg",1500,1248,false],"2048x2048":["https:\/\/v2charge.com\/wp-content\/uploads\/2019\/03\/Producto3_01-1.jpg",1500,1248,false]},"uagb_author_info":{"display_name":"V2C","author_link":"https:\/\/v2charge.com\/es\/author\/root_k4eu7ki8\/"},"uagb_comment_info":0,"uagb_excerpt":"El Dark Wallbox con control din\u00e1mico de potencia\u00a0es un cargador de veh\u00edculos el\u00e9ctricos de carga semi-r\u00e1pida de hasta 22kW. Una soluci\u00f3n ideal para recarga de veh\u00edculos el\u00e9ctricos en garajes de particulares (viviendas unifamiliares y plazas de garaje comunitarios) y tambi\u00e9n en empresas por su modelo vers\u00e1til y f\u00e1cil de instalar. Este equipo, permite controlar en&hellip;","_links":{"self":[{"href":"https:\/\/v2charge.com\/es\/wp-json\/wp\/v2\/posts\/12412","targetHints":{"allow":["GET"]}}],"collection":[{"href":"https:\/\/v2charge.com\/es\/wp-json\/wp\/v2\/posts"}],"about":[{"href":"https:\/\/v2charge.com\/es\/wp-json\/wp\/v2\/types\/post"}],"author":[{"embeddable":true,"href":"https:\/\/v2charge.com\/es\/wp-json\/wp\/v2\/users\/1"}],"replies":[{"embeddable":true,"href":"https:\/\/v2charge.com\/es\/wp-json\/wp\/v2\/comments?post=12412"}],"version-history":[{"count":0,"href":"https:\/\/v2charge.com\/es\/wp-json\/wp\/v2\/posts\/12412\/revisions"}],"wp:featuredmedia":[{"embeddable":true,"href":"https:\/\/v2charge.com\/es\/wp-json\/wp\/v2\/media\/63354"}],"wp:attachment":[{"href":"https:\/\/v2charge.com\/es\/wp-json\/wp\/v2\/media?parent=12412"}],"wp:term":[{"taxonomy":"category","embeddable":true,"href":"https:\/\/v2charge.com\/es\/wp-json\/wp\/v2\/categories?post=12412"},{"taxonomy":"post_tag","embeddable":true,"href":"https:\/\/v2charge.com\/es\/wp-json\/wp\/v2\/tags?post=12412"}],"curies":[{"name":"wp","href":"https:\/\/api.w.org\/{rel}","templated":true}]}}