{"id":176709,"date":"2024-09-04T10:36:14","date_gmt":"2024-09-04T08:36:14","guid":{"rendered":"https:\/\/v2charge.com\/?p=176709"},"modified":"2024-09-04T10:36:16","modified_gmt":"2024-09-04T08:36:16","slug":"semana-europea-movilidad-2024-movilidad-sostenible","status":"publish","type":"post","link":"https:\/\/v2charge.com\/es\/semana-europea-movilidad-2024-movilidad-sostenible\/","title":{"rendered":"Semana Europea de la Movilidad 2024: Impulsando la Movilidad Sostenible en Espa\u00f1a"},"content":{"rendered":"<p>La <strong>Semana Europea de la Movilidad 2024 se presenta como una oportunidad \u00fanica para consolidar la movilidad sostenible en nuestras ciudades<\/strong>. Del 16 al 22 de septiembre, esta iniciativa reunir\u00e1 a ciudades, empresas y ciudadanos comprometidos con un futuro m\u00e1s verde y eficiente. En este art\u00edculo te contamos las iniciativas m\u00e1s interesantes de este a\u00f1o y c\u00f3mo la Semana Europea de la Movilidad ha cambiado nuestras ciudades.<\/p>\n<h2>\u00bfQu\u00e9 es la Semana Europea de la Movilidad?<\/h2>\n<p>La Semana Europea de la Movilidad es una<strong> campa\u00f1a anual promovida por la Comisi\u00f3n Europea<\/strong>, que tiene como objetivo <strong>sensibilizar a la ciudadan\u00eda sobre los beneficios de optar por modos de transporte sostenibles<\/strong>. Desde su creaci\u00f3n en 1999, ha sido un catalizador para el cambio en las ciudades europeas, promoviendo alternativas como el uso del transporte p\u00fablico, la bicicleta y los desplazamientos a pie.<\/p>\n<h3>V2C y la movilidad el\u00e9ctrica: compromiso con el futuro<\/h3>\n<p>En V2C, sabemos que la movilidad el\u00e9ctrica es <strong>clave para reducir las emisiones de CO2 y mejorar la calidad de vida en las ciudades<\/strong>. Como fabricantes de cargadores para veh\u00edculos el\u00e9ctricos, proporcionamos la tecnolog\u00eda necesaria para un transporte m\u00e1s limpio, y promovemos activamente la transici\u00f3n hacia una movilidad sostenible. Seguimos trabajando cada d\u00eda para impulsar la innovaci\u00f3n de soluciones cada vez m\u00e1s sostenibles y asequibles. Muy pronto lanzaremos al mercado nuestros <strong><a href=\"https:\/\/v2charge.com\/es\/presentamos-cargadores-denka-nett-alva-power2drive\/\">nuevos cargadores de coche el\u00e9ctrico<\/a><\/strong> que revolucionar\u00e1n la carga en la v\u00eda p\u00fablica y la carga compartida.<\/p>\n<h2>El impacto de la Semana Europea de la Movilidad en las ciudades<\/h2>\n<p>Desde su inicio, la Semana Europea de la Movilidad ha tenido un impacto notable en las pol\u00edticas urbanas de movilidad. <strong>Ciudades de toda Europa han adoptado medidas permanentes<\/strong>, como la creaci\u00f3n de infraestructuras para bicicletas, la ampliaci\u00f3n de \u00e1reas peatonales y la mejora del transporte p\u00fablico. Estos cambios, adem\u00e1s de fomentar un entorno m\u00e1s seguro y accesible, han contribuido significativamente a la reducci\u00f3n de la contaminaci\u00f3n y al incremento de la calidad del aire.<\/p>\n<p><img decoding=\"async\" class=\"alignnone size-full wp-image-177181\" src=\"https:\/\/v2charge.com\/wp-content\/uploads\/2024\/09\/semana-europea-movilidad-2024.jpg\" alt=\"Semana Europea Movilidad 2024\" width=\"960\" height=\"560\" srcset=\"https:\/\/v2charge.com\/wp-content\/uploads\/2024\/09\/semana-europea-movilidad-2024.jpg 960w, https:\/\/v2charge.com\/wp-content\/uploads\/2024\/09\/semana-europea-movilidad-2024-300x175.jpg 300w, https:\/\/v2charge.com\/wp-content\/uploads\/2024\/09\/semana-europea-movilidad-2024-768x448.jpg 768w\" sizes=\"(max-width: 960px) 100vw, 960px\" \/><\/p>\n<h2>Actividades destacadas en la Semana Europea de la Movilidad 2024<\/h2>\n<p>Este a\u00f1o, bajo el lema<strong> \u00abEspacio P\u00fablico Compartido\u00bb<\/strong> y el eslogan <strong>\u00ab\u00a1Combina y mu\u00e9vete!\u00bb<\/strong>, la Semana Europea de la Movilidad trae consigo una serie de actividades y eventos en toda Espa\u00f1a, que incluyen:<\/p>\n<ul>\n<li><strong>Feria del veh\u00edculo el\u00e9ctrico &#8211; EVAM2024<\/strong>: Del 13 al 15 de septiembre de 2024. Un espacio donde se presentar\u00e1n las \u00faltimas innovaciones en coches el\u00e9ctricos, subrayando la importancia de la infraestructura de recarga en la promoci\u00f3n del uso de veh\u00edculos el\u00e9ctricos.<\/li>\n<li><strong>D\u00eda Mundial Sin Coches<\/strong>: El 22 de septiembre, numerosas ciudades cerrar\u00e1n sus calles al tr\u00e1fico motorizado, permitiendo a los ciudadanos disfrutar de espacios libres de contaminaci\u00f3n y ruido.<\/li>\n<li><strong>PARK(ing) Day en Barcelona<\/strong>: El 20 de septiembre de 2024. Una actividad que transformar\u00e1 temporalmente plazas de aparcamiento en espacios verdes, mostrando c\u00f3mo el espacio urbano puede ser reutilizado de manera m\u00e1s eficiente y sostenible.<\/li>\n<li><strong>Congreso Europeo de Movilidad El\u00e9ctrica \u2013 CEVE 2024<\/strong>: 18 y 19 de septiembre de 2024. Un evento clave donde se presentar\u00e1n las \u00faltimas innovaciones y se discutir\u00e1 el futuro de la movilidad el\u00e9ctrica en Europa.<\/li>\n<\/ul>\n<p><img decoding=\"async\" class=\"alignnone size-full wp-image-177192\" src=\"https:\/\/v2charge.com\/wp-content\/uploads\/2024\/09\/semana-europea-movilidad-2024-transporte-publico.jpg\" alt=\"Semana Europea Movilidad 2024\" width=\"960\" height=\"560\" srcset=\"https:\/\/v2charge.com\/wp-content\/uploads\/2024\/09\/semana-europea-movilidad-2024-transporte-publico.jpg 960w, https:\/\/v2charge.com\/wp-content\/uploads\/2024\/09\/semana-europea-movilidad-2024-transporte-publico-300x175.jpg 300w, https:\/\/v2charge.com\/wp-content\/uploads\/2024\/09\/semana-europea-movilidad-2024-transporte-publico-768x448.jpg 768w\" sizes=\"(max-width: 960px) 100vw, 960px\" \/><\/p>\n<h2>Espa\u00f1a y Europa: aliados en la movilidad sostenible<\/h2>\n<p>La <strong>colaboraci\u00f3n entre pa\u00edses europeos<\/strong> ha sido esencial para el \u00e9xito de la Semana Europea de la Movilidad. En Espa\u00f1a, esta iniciativa es coordinada por el <strong>Ministerio para la Transici\u00f3n Ecol\u00f3gica y el Reto Demogr\u00e1fico<\/strong>, que trabaja en conjunto con gobiernos locales y empresas como V2C para asegurar que se implementen medidas efectivas que promuevan el uso de transportes sostenibles.<\/p>\n<h2>La Semana Europea de la Movilidad, un compromiso a largo plazo con la movilidad sostenible<\/h2>\n<p>La Semana Europea de la Movilidad 2024 es m\u00e1s que un evento, es <strong>una oportunidad para que ciudades, empresas y ciudadanos colaboren en la construcci\u00f3n de un futuro m\u00e1s limpio y sostenible<\/strong>. En V2C, estamos orgullosos de formar parte de este movimiento, ofreciendo soluciones que facilitan la adopci\u00f3n de la movilidad el\u00e9ctrica en toda Espa\u00f1a. Juntos, podemos hacer que nuestras ciudades sean m\u00e1s seguras, saludables y respetuosas con el medio ambiente.<\/p>\n","protected":false},"excerpt":{"rendered":"<p>La Semana Europea de la Movilidad 2024 se presenta como una oportunidad \u00fanica para consolidar la movilidad sostenible en nuestras ciudades. Del 16 al 22 de septiembre, esta iniciativa reunir\u00e1 a ciudades, empresas y ciudadanos comprometidos con un futuro m\u00e1s verde y eficiente. En este art\u00edculo te contamos las iniciativas m\u00e1s interesantes de este a\u00f1o &#8230; <a title=\"Semana Europea de la Movilidad 2024: Impulsando la Movilidad Sostenible en Espa\u00f1a\" class=\"read-more\" href=\"https:\/\/v2charge.com\/es\/semana-europea-movilidad-2024-movilidad-sostenible\/\" aria-label=\"Leer m\u00e1s sobre Semana Europea de la Movilidad 2024: Impulsando la Movilidad Sostenible en Espa\u00f1a\">Leer m\u00e1s<\/a><\/p>\n","protected":false},"author":400,"featured_media":177171,"comment_status":"open","ping_status":"open","sticky":false,"template":"","format":"standard","meta":{"_eb_attr":"","content-type":"","_uag_custom_page_level_css":"","footnotes":""},"categories":[155,6,5,156],"tags":[],"class_list":{"0":"post-176709","1":"post","2":"type-post","3":"status-publish","4":"format-standard","5":"has-post-thumbnail","6":"hentry","7":"category-actualidad","8":"category-e-mobility","10":"category-informacion"},"yoast_head":"<!-- This site is optimized with the Yoast SEO plugin v25.3.1 - https:\/\/yoast.com\/wordpress\/plugins\/seo\/ -->\n<title>Semana Europea de la Movilidad 2024: Movilidad Sostenible<\/title>\n<meta name=\"description\" content=\"Del 16 al 22 de septiembre, la Semana Europea de la Movilidad 2024 reunir\u00e1 a ciudades, empresas y ciudadanos por un futuro verde y eficiente.\" \/>\n<meta name=\"robots\" content=\"index, follow, max-snippet:-1, max-image-preview:large, max-video-preview:-1\" \/>\n<link rel=\"canonical\" href=\"https:\/\/v2charge.com\/es\/semana-europea-movilidad-2024-movilidad-sostenible\/\" \/>\n<meta property=\"og:locale\" content=\"es_ES\" \/>\n<meta property=\"og:type\" content=\"article\" \/>\n<meta property=\"og:title\" content=\"Semana Europea de la Movilidad 2024: Movilidad Sostenible\" \/>\n<meta property=\"og:description\" content=\"Del 16 al 22 de septiembre, la Semana Europea de la Movilidad 2024 reunir\u00e1 a ciudades, empresas y ciudadanos por un futuro verde y eficiente.\" \/>\n<meta property=\"og:url\" content=\"https:\/\/v2charge.com\/es\/semana-europea-movilidad-2024-movilidad-sostenible\/\" \/>\n<meta property=\"og:site_name\" content=\"V2C\" \/>\n<meta property=\"article:publisher\" content=\"https:\/\/www.facebook.com\/V2C.Charge\" \/>\n<meta property=\"article:published_time\" content=\"2024-09-04T08:36:14+00:00\" \/>\n<meta property=\"article:modified_time\" content=\"2024-09-04T08:36:16+00:00\" \/>\n<meta property=\"og:image\" content=\"https:\/\/v2charge.com\/wp-content\/uploads\/2024\/09\/semana-europea-movilidad-calendario-actividades.jpg\" \/>\n\t<meta property=\"og:image:width\" content=\"960\" \/>\n\t<meta property=\"og:image:height\" content=\"560\" \/>\n\t<meta property=\"og:image:type\" content=\"image\/jpeg\" \/>\n<meta name=\"author\" content=\"V2C\" \/>\n<meta name=\"twitter:card\" content=\"summary_large_image\" \/>\n<meta name=\"twitter:creator\" content=\"@V2C_Charge\" \/>\n<meta name=\"twitter:site\" content=\"@V2C_Charge\" \/>\n<meta name=\"twitter:label1\" content=\"Escrito por\" \/>\n\t<meta name=\"twitter:data1\" content=\"V2C\" \/>\n\t<meta name=\"twitter:label2\" content=\"Tiempo de lectura\" \/>\n\t<meta name=\"twitter:data2\" content=\"4 minutos\" \/>\n<script type=\"application\/ld+json\" class=\"yoast-schema-graph\">{\"@context\":\"https:\/\/schema.org\",\"@graph\":[{\"@type\":\"Article\",\"@id\":\"https:\/\/v2charge.com\/es\/semana-europea-movilidad-2024-movilidad-sostenible\/#article\",\"isPartOf\":{\"@id\":\"https:\/\/v2charge.com\/es\/semana-europea-movilidad-2024-movilidad-sostenible\/\"},\"author\":{\"name\":\"V2C\",\"@id\":\"https:\/\/v2charge.com\/es\/#\/schema\/person\/d6f210a94a856acdddec347b2127fd0f\"},\"headline\":\"Semana Europea de la Movilidad 2024: Impulsando la Movilidad Sostenible en Espa\u00f1a\",\"datePublished\":\"2024-09-04T08:36:14+00:00\",\"dateModified\":\"2024-09-04T08:36:16+00:00\",\"mainEntityOfPage\":{\"@id\":\"https:\/\/v2charge.com\/es\/semana-europea-movilidad-2024-movilidad-sostenible\/\"},\"wordCount\":724,\"commentCount\":0,\"publisher\":{\"@id\":\"https:\/\/v2charge.com\/es\/#organization\"},\"image\":{\"@id\":\"https:\/\/v2charge.com\/es\/semana-europea-movilidad-2024-movilidad-sostenible\/#primaryimage\"},\"thumbnailUrl\":\"https:\/\/v2charge.com\/wp-content\/uploads\/2024\/09\/semana-europea-movilidad-calendario-actividades.jpg\",\"articleSection\":[\"Actualidad\",\"e-mobility\",\"e-Mobility\",\"Informaci\u00f3n\"],\"inLanguage\":\"es\",\"potentialAction\":[{\"@type\":\"CommentAction\",\"name\":\"Comment\",\"target\":[\"https:\/\/v2charge.com\/es\/semana-europea-movilidad-2024-movilidad-sostenible\/#respond\"]}]},{\"@type\":\"WebPage\",\"@id\":\"https:\/\/v2charge.com\/es\/semana-europea-movilidad-2024-movilidad-sostenible\/\",\"url\":\"https:\/\/v2charge.com\/es\/semana-europea-movilidad-2024-movilidad-sostenible\/\",\"name\":\"Semana Europea de la Movilidad 2024: Movilidad Sostenible\",\"isPartOf\":{\"@id\":\"https:\/\/v2charge.com\/es\/#website\"},\"primaryImageOfPage\":{\"@id\":\"https:\/\/v2charge.com\/es\/semana-europea-movilidad-2024-movilidad-sostenible\/#primaryimage\"},\"image\":{\"@id\":\"https:\/\/v2charge.com\/es\/semana-europea-movilidad-2024-movilidad-sostenible\/#primaryimage\"},\"thumbnailUrl\":\"https:\/\/v2charge.com\/wp-content\/uploads\/2024\/09\/semana-europea-movilidad-calendario-actividades.jpg\",\"datePublished\":\"2024-09-04T08:36:14+00:00\",\"dateModified\":\"2024-09-04T08:36:16+00:00\",\"description\":\"Del 16 al 22 de septiembre, la Semana Europea de la Movilidad 2024 reunir\u00e1 a ciudades, empresas y ciudadanos por un futuro verde y eficiente.\",\"breadcrumb\":{\"@id\":\"https:\/\/v2charge.com\/es\/semana-europea-movilidad-2024-movilidad-sostenible\/#breadcrumb\"},\"inLanguage\":\"es\",\"potentialAction\":[{\"@type\":\"ReadAction\",\"target\":[\"https:\/\/v2charge.com\/es\/semana-europea-movilidad-2024-movilidad-sostenible\/\"]}]},{\"@type\":\"ImageObject\",\"inLanguage\":\"es\",\"@id\":\"https:\/\/v2charge.com\/es\/semana-europea-movilidad-2024-movilidad-sostenible\/#primaryimage\",\"url\":\"https:\/\/v2charge.com\/wp-content\/uploads\/2024\/09\/semana-europea-movilidad-calendario-actividades.jpg\",\"contentUrl\":\"https:\/\/v2charge.com\/wp-content\/uploads\/2024\/09\/semana-europea-movilidad-calendario-actividades.jpg\",\"width\":960,\"height\":560,\"caption\":\"Semana Europea Movilidad 2024\"},{\"@type\":\"BreadcrumbList\",\"@id\":\"https:\/\/v2charge.com\/es\/semana-europea-movilidad-2024-movilidad-sostenible\/#breadcrumb\",\"itemListElement\":[{\"@type\":\"ListItem\",\"position\":1,\"name\":\"V2C\",\"item\":\"https:\/\/v2charge.com\/es\/\"},{\"@type\":\"ListItem\",\"position\":2,\"name\":\"Modelos de coches el\u00e9ctricos\",\"item\":\"https:\/\/v2charge.com\/es\/e-mobility\/\"},{\"@type\":\"ListItem\",\"position\":3,\"name\":\"Semana Europea de la Movilidad 2024: Impulsando la Movilidad Sostenible en Espa\u00f1a\"}]},{\"@type\":\"WebSite\",\"@id\":\"https:\/\/v2charge.com\/es\/#website\",\"url\":\"https:\/\/v2charge.com\/es\/\",\"name\":\"V2C\",\"description\":\"#CargandoElMa\u00f1ana\",\"publisher\":{\"@id\":\"https:\/\/v2charge.com\/es\/#organization\"},\"potentialAction\":[{\"@type\":\"SearchAction\",\"target\":{\"@type\":\"EntryPoint\",\"urlTemplate\":\"https:\/\/v2charge.com\/es\/?s={search_term_string}\"},\"query-input\":{\"@type\":\"PropertyValueSpecification\",\"valueRequired\":true,\"valueName\":\"search_term_string\"}}],\"inLanguage\":\"es\"},{\"@type\":\"Organization\",\"@id\":\"https:\/\/v2charge.com\/es\/#organization\",\"name\":\"V2C\",\"url\":\"https:\/\/v2charge.com\/es\/\",\"logo\":{\"@type\":\"ImageObject\",\"inLanguage\":\"es\",\"@id\":\"https:\/\/v2charge.com\/es\/#\/schema\/logo\/image\/\",\"url\":\"https:\/\/v2charge.com\/wp-content\/uploads\/2024\/11\/cropped-v2c-charge-logo-menu.png\",\"contentUrl\":\"https:\/\/v2charge.com\/wp-content\/uploads\/2024\/11\/cropped-v2c-charge-logo-menu.png\",\"width\":984,\"height\":431,\"caption\":\"V2C\"},\"image\":{\"@id\":\"https:\/\/v2charge.com\/es\/#\/schema\/logo\/image\/\"},\"sameAs\":[\"https:\/\/www.facebook.com\/V2C.Charge\",\"https:\/\/x.com\/V2C_Charge\",\"https:\/\/www.instagram.com\/v2c.charge\/\",\"https:\/\/www.youtube.com\/@V2C\",\"https:\/\/www.linkedin.com\/company\/v2c-chargers\/\"]},{\"@type\":\"Person\",\"@id\":\"https:\/\/v2charge.com\/es\/#\/schema\/person\/d6f210a94a856acdddec347b2127fd0f\",\"name\":\"V2C\",\"image\":{\"@type\":\"ImageObject\",\"inLanguage\":\"es\",\"@id\":\"https:\/\/v2charge.com\/es\/#\/schema\/person\/image\/\",\"url\":\"https:\/\/secure.gravatar.com\/avatar\/a91128c4c0d2f4d63bd586301fdec6cc9aa49c885839b25d1c62700f529f267c?s=96&d=mm&r=g\",\"contentUrl\":\"https:\/\/secure.gravatar.com\/avatar\/a91128c4c0d2f4d63bd586301fdec6cc9aa49c885839b25d1c62700f529f267c?s=96&d=mm&r=g\",\"caption\":\"V2C\"}}]}<\/script>\n<!-- \/ Yoast SEO plugin. -->","yoast_head_json":{"title":"Semana Europea de la Movilidad 2024: Movilidad Sostenible","description":"Del 16 al 22 de septiembre, la Semana Europea de la Movilidad 2024 reunir\u00e1 a ciudades, empresas y ciudadanos por un futuro verde y eficiente.","robots":{"index":"index","follow":"follow","max-snippet":"max-snippet:-1","max-image-preview":"max-image-preview:large","max-video-preview":"max-video-preview:-1"},"canonical":"https:\/\/v2charge.com\/es\/semana-europea-movilidad-2024-movilidad-sostenible\/","og_locale":"es_ES","og_type":"article","og_title":"Semana Europea de la Movilidad 2024: Movilidad Sostenible","og_description":"Del 16 al 22 de septiembre, la Semana Europea de la Movilidad 2024 reunir\u00e1 a ciudades, empresas y ciudadanos por un futuro verde y eficiente.","og_url":"https:\/\/v2charge.com\/es\/semana-europea-movilidad-2024-movilidad-sostenible\/","og_site_name":"V2C","article_publisher":"https:\/\/www.facebook.com\/V2C.Charge","article_published_time":"2024-09-04T08:36:14+00:00","article_modified_time":"2024-09-04T08:36:16+00:00","og_image":[{"width":960,"height":560,"url":"https:\/\/v2charge.com\/wp-content\/uploads\/2024\/09\/semana-europea-movilidad-calendario-actividades.jpg","type":"image\/jpeg"}],"author":"V2C","twitter_card":"summary_large_image","twitter_creator":"@V2C_Charge","twitter_site":"@V2C_Charge","twitter_misc":{"Escrito por":"V2C","Tiempo de lectura":"4 minutos"},"schema":{"@context":"https:\/\/schema.org","@graph":[{"@type":"Article","@id":"https:\/\/v2charge.com\/es\/semana-europea-movilidad-2024-movilidad-sostenible\/#article","isPartOf":{"@id":"https:\/\/v2charge.com\/es\/semana-europea-movilidad-2024-movilidad-sostenible\/"},"author":{"name":"V2C","@id":"https:\/\/v2charge.com\/es\/#\/schema\/person\/d6f210a94a856acdddec347b2127fd0f"},"headline":"Semana Europea de la Movilidad 2024: Impulsando la Movilidad Sostenible en Espa\u00f1a","datePublished":"2024-09-04T08:36:14+00:00","dateModified":"2024-09-04T08:36:16+00:00","mainEntityOfPage":{"@id":"https:\/\/v2charge.com\/es\/semana-europea-movilidad-2024-movilidad-sostenible\/"},"wordCount":724,"commentCount":0,"publisher":{"@id":"https:\/\/v2charge.com\/es\/#organization"},"image":{"@id":"https:\/\/v2charge.com\/es\/semana-europea-movilidad-2024-movilidad-sostenible\/#primaryimage"},"thumbnailUrl":"https:\/\/v2charge.com\/wp-content\/uploads\/2024\/09\/semana-europea-movilidad-calendario-actividades.jpg","articleSection":["Actualidad","e-mobility","e-Mobility","Informaci\u00f3n"],"inLanguage":"es","potentialAction":[{"@type":"CommentAction","name":"Comment","target":["https:\/\/v2charge.com\/es\/semana-europea-movilidad-2024-movilidad-sostenible\/#respond"]}]},{"@type":"WebPage","@id":"https:\/\/v2charge.com\/es\/semana-europea-movilidad-2024-movilidad-sostenible\/","url":"https:\/\/v2charge.com\/es\/semana-europea-movilidad-2024-movilidad-sostenible\/","name":"Semana Europea de la Movilidad 2024: Movilidad Sostenible","isPartOf":{"@id":"https:\/\/v2charge.com\/es\/#website"},"primaryImageOfPage":{"@id":"https:\/\/v2charge.com\/es\/semana-europea-movilidad-2024-movilidad-sostenible\/#primaryimage"},"image":{"@id":"https:\/\/v2charge.com\/es\/semana-europea-movilidad-2024-movilidad-sostenible\/#primaryimage"},"thumbnailUrl":"https:\/\/v2charge.com\/wp-content\/uploads\/2024\/09\/semana-europea-movilidad-calendario-actividades.jpg","datePublished":"2024-09-04T08:36:14+00:00","dateModified":"2024-09-04T08:36:16+00:00","description":"Del 16 al 22 de septiembre, la Semana Europea de la Movilidad 2024 reunir\u00e1 a ciudades, empresas y ciudadanos por un futuro verde y eficiente.","breadcrumb":{"@id":"https:\/\/v2charge.com\/es\/semana-europea-movilidad-2024-movilidad-sostenible\/#breadcrumb"},"inLanguage":"es","potentialAction":[{"@type":"ReadAction","target":["https:\/\/v2charge.com\/es\/semana-europea-movilidad-2024-movilidad-sostenible\/"]}]},{"@type":"ImageObject","inLanguage":"es","@id":"https:\/\/v2charge.com\/es\/semana-europea-movilidad-2024-movilidad-sostenible\/#primaryimage","url":"https:\/\/v2charge.com\/wp-content\/uploads\/2024\/09\/semana-europea-movilidad-calendario-actividades.jpg","contentUrl":"https:\/\/v2charge.com\/wp-content\/uploads\/2024\/09\/semana-europea-movilidad-calendario-actividades.jpg","width":960,"height":560,"caption":"Semana Europea Movilidad 2024"},{"@type":"BreadcrumbList","@id":"https:\/\/v2charge.com\/es\/semana-europea-movilidad-2024-movilidad-sostenible\/#breadcrumb","itemListElement":[{"@type":"ListItem","position":1,"name":"V2C","item":"https:\/\/v2charge.com\/es\/"},{"@type":"ListItem","position":2,"name":"Modelos de coches el\u00e9ctricos","item":"https:\/\/v2charge.com\/es\/e-mobility\/"},{"@type":"ListItem","position":3,"name":"Semana Europea de la Movilidad 2024: Impulsando la Movilidad Sostenible en Espa\u00f1a"}]},{"@type":"WebSite","@id":"https:\/\/v2charge.com\/es\/#website","url":"https:\/\/v2charge.com\/es\/","name":"V2C","description":"#CargandoElMa\u00f1ana","publisher":{"@id":"https:\/\/v2charge.com\/es\/#organization"},"potentialAction":[{"@type":"SearchAction","target":{"@type":"EntryPoint","urlTemplate":"https:\/\/v2charge.com\/es\/?s={search_term_string}"},"query-input":{"@type":"PropertyValueSpecification","valueRequired":true,"valueName":"search_term_string"}}],"inLanguage":"es"},{"@type":"Organization","@id":"https:\/\/v2charge.com\/es\/#organization","name":"V2C","url":"https:\/\/v2charge.com\/es\/","logo":{"@type":"ImageObject","inLanguage":"es","@id":"https:\/\/v2charge.com\/es\/#\/schema\/logo\/image\/","url":"https:\/\/v2charge.com\/wp-content\/uploads\/2024\/11\/cropped-v2c-charge-logo-menu.png","contentUrl":"https:\/\/v2charge.com\/wp-content\/uploads\/2024\/11\/cropped-v2c-charge-logo-menu.png","width":984,"height":431,"caption":"V2C"},"image":{"@id":"https:\/\/v2charge.com\/es\/#\/schema\/logo\/image\/"},"sameAs":["https:\/\/www.facebook.com\/V2C.Charge","https:\/\/x.com\/V2C_Charge","https:\/\/www.instagram.com\/v2c.charge\/","https:\/\/www.youtube.com\/@V2C","https:\/\/www.linkedin.com\/company\/v2c-chargers\/"]},{"@type":"Person","@id":"https:\/\/v2charge.com\/es\/#\/schema\/person\/d6f210a94a856acdddec347b2127fd0f","name":"V2C","image":{"@type":"ImageObject","inLanguage":"es","@id":"https:\/\/v2charge.com\/es\/#\/schema\/person\/image\/","url":"https:\/\/secure.gravatar.com\/avatar\/a91128c4c0d2f4d63bd586301fdec6cc9aa49c885839b25d1c62700f529f267c?s=96&d=mm&r=g","contentUrl":"https:\/\/secure.gravatar.com\/avatar\/a91128c4c0d2f4d63bd586301fdec6cc9aa49c885839b25d1c62700f529f267c?s=96&d=mm&r=g","caption":"V2C"}}]}},"uagb_featured_image_src":{"full":["https:\/\/v2charge.com\/wp-content\/uploads\/2024\/09\/semana-europea-movilidad-calendario-actividades.jpg",960,560,false],"thumbnail":["https:\/\/v2charge.com\/wp-content\/uploads\/2024\/09\/semana-europea-movilidad-calendario-actividades-150x150.jpg",150,150,true],"medium":["https:\/\/v2charge.com\/wp-content\/uploads\/2024\/09\/semana-europea-movilidad-calendario-actividades-300x175.jpg",300,175,true],"medium_large":["https:\/\/v2charge.com\/wp-content\/uploads\/2024\/09\/semana-europea-movilidad-calendario-actividades-768x448.jpg",768,448,true],"large":["https:\/\/v2charge.com\/wp-content\/uploads\/2024\/09\/semana-europea-movilidad-calendario-actividades.jpg",960,560,false],"gs-tiny":["https:\/\/v2charge.com\/wp-content\/uploads\/2024\/09\/semana-europea-movilidad-calendario-actividades.jpg",50,29,false],"xl":["https:\/\/v2charge.com\/wp-content\/uploads\/2024\/09\/semana-europea-movilidad-calendario-actividades.jpg",960,560,false],"xxl":["https:\/\/v2charge.com\/wp-content\/uploads\/2024\/09\/semana-europea-movilidad-calendario-actividades.jpg",960,560,false],"xxxl":["https:\/\/v2charge.com\/wp-content\/uploads\/2024\/09\/semana-europea-movilidad-calendario-actividades.jpg",960,560,false],"xxxxl":["https:\/\/v2charge.com\/wp-content\/uploads\/2024\/09\/semana-europea-movilidad-calendario-actividades.jpg",960,560,false],"xxxxxl":["https:\/\/v2charge.com\/wp-content\/uploads\/2024\/09\/semana-europea-movilidad-calendario-actividades.jpg",960,560,false],"1536x1536":["https:\/\/v2charge.com\/wp-content\/uploads\/2024\/09\/semana-europea-movilidad-calendario-actividades.jpg",960,560,false],"2048x2048":["https:\/\/v2charge.com\/wp-content\/uploads\/2024\/09\/semana-europea-movilidad-calendario-actividades.jpg",960,560,false]},"uagb_author_info":{"display_name":"V2C","author_link":"https:\/\/v2charge.com\/es\/author\/marketing\/"},"uagb_comment_info":0,"uagb_excerpt":"La Semana Europea de la Movilidad 2024 se presenta como una oportunidad \u00fanica para consolidar la movilidad sostenible en nuestras ciudades. Del 16 al 22 de septiembre, esta iniciativa reunir\u00e1 a ciudades, empresas y ciudadanos comprometidos con un futuro m\u00e1s verde y eficiente. En este art\u00edculo te contamos las iniciativas m\u00e1s interesantes de este a\u00f1o&hellip;","_links":{"self":[{"href":"https:\/\/v2charge.com\/es\/wp-json\/wp\/v2\/posts\/176709","targetHints":{"allow":["GET"]}}],"collection":[{"href":"https:\/\/v2charge.com\/es\/wp-json\/wp\/v2\/posts"}],"about":[{"href":"https:\/\/v2charge.com\/es\/wp-json\/wp\/v2\/types\/post"}],"author":[{"embeddable":true,"href":"https:\/\/v2charge.com\/es\/wp-json\/wp\/v2\/users\/400"}],"replies":[{"embeddable":true,"href":"https:\/\/v2charge.com\/es\/wp-json\/wp\/v2\/comments?post=176709"}],"version-history":[{"count":5,"href":"https:\/\/v2charge.com\/es\/wp-json\/wp\/v2\/posts\/176709\/revisions"}],"predecessor-version":[{"id":179091,"href":"https:\/\/v2charge.com\/es\/wp-json\/wp\/v2\/posts\/176709\/revisions\/179091"}],"wp:featuredmedia":[{"embeddable":true,"href":"https:\/\/v2charge.com\/es\/wp-json\/wp\/v2\/media\/177171"}],"wp:attachment":[{"href":"https:\/\/v2charge.com\/es\/wp-json\/wp\/v2\/media?parent=176709"}],"wp:term":[{"taxonomy":"category","embeddable":true,"href":"https:\/\/v2charge.com\/es\/wp-json\/wp\/v2\/categories?post=176709"},{"taxonomy":"post_tag","embeddable":true,"href":"https:\/\/v2charge.com\/es\/wp-json\/wp\/v2\/tags?post=176709"}],"curies":[{"name":"wp","href":"https:\/\/api.w.org\/{rel}","templated":true}]}}