{"id":179319,"date":"2024-09-27T10:00:00","date_gmt":"2024-09-27T08:00:00","guid":{"rendered":"https:\/\/v2charge.com\/?p=179319"},"modified":"2026-03-02T17:22:03","modified_gmt":"2026-03-02T15:22:03","slug":"tesla-model-2-fecha-lanzamiento","status":"publish","type":"post","link":"https:\/\/v2charge.com\/es\/tesla-model-2-fecha-lanzamiento\/","title":{"rendered":"Tesla Model 2: el nuevo coche el\u00e9ctrico de Tesla por menos de 25.000 euros"},"content":{"rendered":"<p>El mercado de los coches el\u00e9ctricos est\u00e1 en constante evoluci\u00f3n, y <strong>Tesla, una vez m\u00e1s, se posiciona como l\u00edder en la innovaci\u00f3n con su esperado Tesla Model 2<\/strong>. Con un precio estimado de <strong>25,000 euros<\/strong>, este veh\u00edculo promete hacer que los coches el\u00e9ctricos sean m\u00e1s accesibles para el gran p\u00fablico. A medida que nos acercamos a su <strong>posible lanzamiento en 2026<\/strong>, surgen m\u00faltiples interrogantes sobre sus caracter\u00edsticas, autonom\u00eda y, sobre todo, su fecha de llegada. A continuaci\u00f3n, te contamos toda la informaci\u00f3n disponible sobre este prometedor modelo y <strong>c\u00f3mo puede marcar un antes y un despu\u00e9s en la industria automotriz<\/strong>.<\/p>\n<h2>Tesla Model 2: un coche el\u00e9ctrico para las masas<\/h2>\n<p>El <strong>Tesla Model 2 ha sido mencionado como el veh\u00edculo que podr\u00eda llevar la movilidad el\u00e9ctrica al siguiente nivel<\/strong>. Mientras los modelos actuales como el Tesla Model 3 y Model Y han dominado el mercado, el desaf\u00edo m\u00e1s grande para Tesla ha sido ofrecer un coche de menor precio, sin comprometer la tecnolog\u00eda o la calidad que caracteriza a la marca.<\/p>\n<p>En su intervenci\u00f3n durante el<strong> Battery Day 2020<\/strong>, <strong>Elon Musk present\u00f3 la ambiciosa idea de un coche el\u00e9ctrico compacto<\/strong>, completamente aut\u00f3nomo y con un precio asequible. Aunque han pasado varios a\u00f1os desde este anuncio, y a\u00fan no hemos visto la materializaci\u00f3n del Model 2, Tesla sigue trabajando en ello. De acuerdo con informes recientes, el Tesla Model 2 podr\u00eda llegar <strong>a mediados de 2026<\/strong>.<\/p>\n<h2>Dise\u00f1o compacto y tecnol\u00f3gico<\/h2>\n<p><strong>A pesar de que a\u00fan no hemos visto im\u00e1genes oficiales del dise\u00f1o final<\/strong>, los primeros bocetos y rumores indican que el Tesla Model 2 podr\u00eda seguir la <strong>l\u00ednea est\u00e9tica de sus predecesores<\/strong>, con una estructura compacta similar al Tesla Model 3, pero m\u00e1s reducido. Este dise\u00f1o no solo responde a una tendencia de hacer veh\u00edculos m\u00e1s manejables en entornos urbanos, sino tambi\u00e9n de reducir costes de producci\u00f3n sin perder funcionalidad.<\/p>\n<p><img decoding=\"async\" class=\"alignnone size-full wp-image-179372\" src=\"https:\/\/v2charge.com\/wp-content\/uploads\/2024\/09\/tesla-model-2.jpg\" alt=\"Tesla Model 2\" width=\"960\" height=\"560\" srcset=\"https:\/\/v2charge.com\/wp-content\/uploads\/2024\/09\/tesla-model-2.jpg 960w, https:\/\/v2charge.com\/wp-content\/uploads\/2024\/09\/tesla-model-2-300x175.jpg 300w, https:\/\/v2charge.com\/wp-content\/uploads\/2024\/09\/tesla-model-2-768x448.jpg 768w\" sizes=\"(max-width: 960px) 100vw, 960px\" \/><\/p>\n<p><strong>Este nuevo veh\u00edculo se beneficiar\u00e1 de la producci\u00f3n a gran escala en las f\u00e1bricas de Tesla en Berl\u00edn y Shangh\u00e1i<\/strong>, lo que permitir\u00e1 reducir los precios significativamente. Estas instalaciones, equipadas con la avanzada tecnolog\u00eda de producci\u00f3n de Giga Press, permitir\u00e1n ensamblar piezas de manera m\u00e1s eficiente, lo que deber\u00eda traducirse en un coche m\u00e1s asequible para el consumidor.<\/p>\n<h2>Tecnolog\u00eda y autonom\u00eda del Tesla Model 2<\/h2>\n<p>Un aspecto crucial para cualquier coche el\u00e9ctrico es su autonom\u00eda. <strong>Se espera que el Tesla Model 2 ofrezca una bater\u00eda de 50 kWh<\/strong>, capaz de proporcionar una autonom\u00eda cercana a los <strong>400 km seg\u00fan el ciclo WLTP<\/strong>, aunque en condiciones reales podr\u00edamos estar hablando de unos <strong>350 km<\/strong>. Esta cifra, aunque inferior a la de modelos como el Tesla Model 3, sigue siendo competitiva para un veh\u00edculo en este rango de precios.<\/p>\n<p>Adem\u00e1s, al igual que el resto de la gama Tesla, el Model 2 vendr\u00e1 equipado con el sistema de software de la compa\u00f1\u00eda, que incluye <strong>funciones avanzadas de asistencia al conductor<\/strong> y, potencialmente, capacidades de conducci\u00f3n aut\u00f3noma en el futuro. Esto es una apuesta segura para Tesla, que ha centrado buena parte de su \u00e9xito en su software, diferenci\u00e1ndose de otros fabricantes.<\/p>\n<p><\/p>\n<figure class=\"wp-block-image\"><a href=\"https:\/\/v2charge.com\/es\/encuentra-tu-instalador\/\"><img decoding=\"async\" width=\"960\" height=\"960\" class=\"wp-image-243962\" src=\"https:\/\/v2charge.com\/wp-content\/uploads\/2025\/08\/buscas-instalador-cargador-coche-electrico.jpg\" alt=\"Encuentra tu instalador de cargador de coche el\u00e9ctrico\" srcset=\"https:\/\/v2charge.com\/wp-content\/uploads\/2025\/08\/buscas-instalador-cargador-coche-electrico.jpg 960w, https:\/\/v2charge.com\/wp-content\/uploads\/2025\/08\/buscas-instalador-cargador-coche-electrico-300x300.jpg 300w, https:\/\/v2charge.com\/wp-content\/uploads\/2025\/08\/buscas-instalador-cargador-coche-electrico-150x150.jpg 150w, https:\/\/v2charge.com\/wp-content\/uploads\/2025\/08\/buscas-instalador-cargador-coche-electrico-768x768.jpg 768w, https:\/\/v2charge.com\/wp-content\/uploads\/2025\/08\/buscas-instalador-cargador-coche-electrico-50x50.jpg 50w\" sizes=\"(max-width: 960px) 100vw, 960px\" \/><\/a><\/figure>\n<p><\/p>\n<h2>Bater\u00edas: el elemento clave<\/h2>\n<p>Uno de los principales desaf\u00edos para<strong> bajar el precio de los coches el\u00e9ctricos es el coste de las bater\u00edas<\/strong>. Tesla ha estado trabajando en nuevas tecnolog\u00edas para <strong>reducir este coste<\/strong>, y el Tesla Model 2 podr\u00eda beneficiarse de estos avances. Se rumorea que utilizar\u00e1 las<strong> bater\u00edas de tipo 4680, <\/strong>las cuales prometen mayor capacidad y eficiencia en comparaci\u00f3n con las bater\u00edas actuales.<\/p>\n<p>No obstante, <strong>la producci\u00f3n de estas bater\u00edas ha presentado algunos obst\u00e1culos<\/strong>, y esto podr\u00eda ser uno de los factores que <strong>han retrasado el lanzamiento del Model 2<\/strong>. La compa\u00f1\u00eda est\u00e1 trabajando para superar estos desaf\u00edos, pero la pregunta sigue en el aire: \u00bfpodr\u00e1 Tesla ofrecer un coche el\u00e9ctrico por <strong>25,000 euros manteniendo una buena autonom\u00eda<\/strong>? Nosotros esperamos que s\u00ed, y que pronto podamos disfrutar de modelos de coches el\u00e9ctricos mucho m\u00e1s asequibles.<\/p>\n<h2>Fecha de lanzamiento: \u00bfCu\u00e1ndo llegar\u00e1 el Tesla Model 2?<\/h2>\n<p>Aunque inicialmente <strong>se hablaba de que el Tesla Model 2 podr\u00eda lanzarse en 2023<\/strong>, ahora sabemos que la espera ser\u00e1 m\u00e1s larga. Los \u00faltimos informes sugieren que el veh\u00edculo <strong>no ver\u00e1 la luz hasta mediados de 2026<\/strong>. Esto, aunque decepcionante para algunos, es comprensible dada la complejidad de desarrollar un coche el\u00e9ctrico asequible y masivo sin comprometer la calidad.<\/p>\n<p><img decoding=\"async\" class=\"alignnone size-full wp-image-179382\" src=\"https:\/\/v2charge.com\/wp-content\/uploads\/2024\/09\/tesla-model-2-side.jpg\" alt=\"Tesla Model 2\" width=\"960\" height=\"560\" srcset=\"https:\/\/v2charge.com\/wp-content\/uploads\/2024\/09\/tesla-model-2-side.jpg 960w, https:\/\/v2charge.com\/wp-content\/uploads\/2024\/09\/tesla-model-2-side-300x175.jpg 300w, https:\/\/v2charge.com\/wp-content\/uploads\/2024\/09\/tesla-model-2-side-768x448.jpg 768w\" sizes=\"(max-width: 960px) 100vw, 960px\" \/><\/p>\n<p>La producci\u00f3n inicial se llevar\u00e1 a cabo en la Gigafactory de Shangh\u00e1i, con <strong>posibles expansiones a la f\u00e1brica de Berl\u00edn m\u00e1s adelante<\/strong>. Este enfoque de producci\u00f3n global permitir\u00e1 a Tesla satisfacer la demanda internacional de manera m\u00e1s eficiente y reducir los costes asociados al transporte y los aranceles.<\/p>\n<h2>\u00bfQu\u00e9 otros factores har\u00e1n que el Tesla el Model 2 tenga un precio de 25.000 \u20ac?<\/h2>\n<p>Una de <strong>las grandes preguntas es c\u00f3mo Tesla conseguir\u00e1 reducir el coste de producci\u00f3n para hacer rentable un coche de 25,000 euros<\/strong>. La clave reside en la fabricaci\u00f3n en masa y en la simplificaci\u00f3n de componentes. Tesla ya ha mostrado su capacidad para reducir costes con la introducci\u00f3n de <strong>Giga Press<\/strong>, una m\u00e1quina que permite fabricar grandes piezas del coche en una sola fase, reduciendo el n\u00famero de piezas individuales y el tiempo de ensamblaje.<\/p>\n<p>Adem\u00e1s,<strong> la apuesta de Tesla por la inteligencia artificial<\/strong> y el <strong>software como un servicio ser\u00e1 crucial<\/strong>. Elon Musk ha mencionado en varias ocasiones que Tesla est\u00e1 dispuesta a reducir sus m\u00e1rgenes en la venta de veh\u00edculos, centr\u00e1ndose en los ingresos a largo plazo a trav\u00e9s de servicios de suscripci\u00f3n, como la conducci\u00f3n aut\u00f3noma total.<\/p>\n<h2>Instalaci\u00f3n de cargadores el\u00e9ctricos: el complemento perfecto para tu Tesla Model 2<\/h2>\n<p>En V2C, <strong>sabemos que el futuro de la movilidad el\u00e9ctrica no solo depende de los coches<\/strong>, <strong>sino tambi\u00e9n de la infraestructura de carga.<\/strong> Si est\u00e1s pensando en adquirir un Tesla Model 2 o cualquier otro veh\u00edculo el\u00e9ctrico, contar con un punto de recarga en tu hogar o lugar de trabajo ser\u00e1 esencial para aprovechar al m\u00e1ximo la autonom\u00eda de tu coche.<\/p>\n<p>Nosotros <strong>ofrecemos una amplia gama de <a href=\"https:\/\/v2charge.com\/es\/\">cargadores de coche el\u00e9ctrico<\/a> inteligentes, dise\u00f1ados y fabricados en Espa\u00f1a<\/strong>, que se adaptan a tus necesidades de recarga. Nuestros productos est\u00e1n dise\u00f1ados para ser eficientes, f\u00e1ciles de usar y, sobre todo, fiables. Adem\u00e1s, contamos con una red de instaladores profesionales en toda Espa\u00f1a que pueden asegurarse de que tu cargador est\u00e9 instalado de manera r\u00e1pida y segura.<\/p>\n<p><\/p>\n<figure class=\"wp-block-image\"><a href=\"https:\/\/v2charge.com\/store\/es\/producto\/trydan\/\"><img decoding=\"async\" width=\"818\" height=\"818\" class=\"wp-image-244163\" src=\"https:\/\/v2charge.com\/wp-content\/uploads\/2025\/08\/cargador-coche-electrico-mas-inteligente-descubre-trydan.jpg\" alt=\"\" srcset=\"https:\/\/v2charge.com\/wp-content\/uploads\/2025\/08\/cargador-coche-electrico-mas-inteligente-descubre-trydan.jpg 818w, https:\/\/v2charge.com\/wp-content\/uploads\/2025\/08\/cargador-coche-electrico-mas-inteligente-descubre-trydan-300x300.jpg 300w, https:\/\/v2charge.com\/wp-content\/uploads\/2025\/08\/cargador-coche-electrico-mas-inteligente-descubre-trydan-150x150.jpg 150w, https:\/\/v2charge.com\/wp-content\/uploads\/2025\/08\/cargador-coche-electrico-mas-inteligente-descubre-trydan-768x768.jpg 768w, https:\/\/v2charge.com\/wp-content\/uploads\/2025\/08\/cargador-coche-electrico-mas-inteligente-descubre-trydan-50x50.jpg 50w\" sizes=\"(max-width: 818px) 100vw, 818px\" \/><\/a><\/figure>\n<p><\/p>\n\n\n<!-- Schema Article -->\n<script type=\"application\/ld+json\">\n{\n  \"@context\": \"https:\/\/schema.org\",\n  \"@type\": \"Article\",\n  \"headline\": \"Tesla Model 2: El nuevo coche el\u00e9ctrico de Tesla para 2026\",\n  \"description\": \"Descubre todas las caracter\u00edsticas del pr\u00f3ximo modelo de Tesla, el Tesla Model 2 por menos de 25.000 \u20ac y su fecha de lanzamiento.\",\n  \"image\": {\n    \"@type\": \"ImageObject\",\n    \"url\": \"https:\/\/v2charge.com\/wp-content\/uploads\/2024\/09\/tesla-model-2-lanzamiento.jpg\"\n  },\n  \"author\": {\n    \"@type\": \"Organization\",\n    \"name\": \"V2C\"\n  },\n  \"publisher\": {\n    \"@type\": \"Organization\",\n    \"name\": \"V2C\",\n    \"logo\": {\n      \"@type\": \"ImageObject\",\n      \"url\": \"https:\/\/v2charge.com\/wp-content\/uploads\/2023\/03\/logo-v2c.svg\"\n    }\n  },\n  \"datePublished\": \"2024-09-27\",\n  \"dateModified\": \"2024-09-27\",\n  \"mainEntityOfPage\": {\n    \"@type\": \"WebPage\",\n    \"@id\": \"https:\/\/v2charge.com\/es\/tesla-model-2-fecha-lanzamiento\/\"\n  }\n}\n<\/script>\n\n<!-- Schema FAQ -->\n<script type=\"application\/ld+json\">\n{\n  \"@context\": \"https:\/\/schema.org\",\n  \"@type\": \"FAQPage\",\n  \"mainEntity\": [\n    {\n      \"@type\": \"Question\",\n      \"name\": \"\u00bfCu\u00e1ndo se lanzar\u00e1 el Tesla Model 2?\",\n      \"acceptedAnswer\": {\n        \"@type\": \"Answer\",\n        \"text\": \"Los \u00faltimos informes indican que el Tesla Model 2 podr\u00eda lanzarse a mediados de 2026, con producci\u00f3n inicial en la Gigafactory de Shangh\u00e1i.\"\n      }\n    },\n    {\n      \"@type\": \"Question\",\n      \"name\": \"\u00bfCu\u00e1l ser\u00e1 el precio del Tesla Model 2?\",\n      \"acceptedAnswer\": {\n        \"@type\": \"Answer\",\n        \"text\": \"El Tesla Model 2 tendr\u00e1 un precio estimado de 25.000 euros, con el objetivo de hacer la movilidad el\u00e9ctrica m\u00e1s accesible.\"\n      }\n    },\n    {\n      \"@type\": \"Question\",\n      \"name\": \"\u00bfQu\u00e9 autonom\u00eda tendr\u00e1 el Tesla Model 2?\",\n      \"acceptedAnswer\": {\n        \"@type\": \"Answer\",\n        \"text\": \"Se espera que cuente con una bater\u00eda de 50 kWh y una autonom\u00eda cercana a los 400 km seg\u00fan el ciclo WLTP, aproximadamente 350 km en condiciones reales.\"\n      }\n    },\n    {\n      \"@type\": \"Question\",\n      \"name\": \"\u00bfQu\u00e9 tipo de bater\u00edas utilizar\u00e1 el Tesla Model 2?\",\n      \"acceptedAnswer\": {\n        \"@type\": \"Answer\",\n        \"text\": \"Se rumorea que incorporar\u00e1 bater\u00edas tipo 4680, dise\u00f1adas para ofrecer mayor eficiencia y reducir costes de producci\u00f3n.\"\n      }\n    },\n    {\n      \"@type\": \"Question\",\n      \"name\": \"\u00bfD\u00f3nde se fabricar\u00e1 el Tesla Model 2?\",\n      \"acceptedAnswer\": {\n        \"@type\": \"Answer\",\n        \"text\": \"La producci\u00f3n inicial est\u00e1 prevista en la Gigafactory de Shangh\u00e1i, con posible expansi\u00f3n a la f\u00e1brica de Berl\u00edn.\"\n      }\n    }\n  ]\n}\n<\/script>\n","protected":false},"excerpt":{"rendered":"<p>El mercado de los coches el\u00e9ctricos est\u00e1 en constante evoluci\u00f3n, y Tesla, una vez m\u00e1s, se posiciona como l\u00edder en la innovaci\u00f3n con su esperado Tesla Model 2. Con un precio estimado de 25,000 euros, este veh\u00edculo promete hacer que los coches el\u00e9ctricos sean m\u00e1s accesibles para el gran p\u00fablico. A medida que nos acercamos &#8230; <a title=\"Tesla Model 2: el nuevo coche el\u00e9ctrico de Tesla por menos de 25.000 euros\" class=\"read-more\" href=\"https:\/\/v2charge.com\/es\/tesla-model-2-fecha-lanzamiento\/\" aria-label=\"Leer m\u00e1s sobre Tesla Model 2: el nuevo coche el\u00e9ctrico de Tesla por menos de 25.000 euros\">Leer m\u00e1s<\/a><\/p>\n","protected":false},"author":400,"featured_media":179352,"comment_status":"open","ping_status":"open","sticky":false,"template":"","format":"standard","meta":{"_eb_attr":"","content-type":"","_uag_custom_page_level_css":"","footnotes":""},"categories":[155,7455,6,156,157,7456],"tags":[],"class_list":["post-179319","post","type-post","status-publish","format-standard","has-post-thumbnail","hentry","category-actualidad","category-coches-electricos","category-e-mobility","category-informacion","category-modelos-coches"],"yoast_head":"<!-- This site is optimized with the Yoast SEO plugin v25.3.1 - https:\/\/yoast.com\/wordpress\/plugins\/seo\/ -->\n<title>Tesla Model 2: El nuevo coche el\u00e9ctrico de Tesla para 2026<\/title>\n<meta name=\"description\" content=\"Descubre todas las caracter\u00edsticas del pr\u00f3ximo modelo de Tesla, el Tesla Model 2 por menos de 25.000 \u20ac y su fecha de lanzamiento.\" \/>\n<meta name=\"robots\" content=\"index, follow, max-snippet:-1, max-image-preview:large, max-video-preview:-1\" \/>\n<link rel=\"canonical\" href=\"https:\/\/v2charge.com\/es\/tesla-model-2-fecha-lanzamiento\/\" \/>\n<meta property=\"og:locale\" content=\"es_ES\" \/>\n<meta property=\"og:type\" content=\"article\" \/>\n<meta property=\"og:title\" content=\"Tesla Model 2: El nuevo coche el\u00e9ctrico de Tesla para 2026\" \/>\n<meta property=\"og:description\" content=\"Descubre todas las caracter\u00edsticas del pr\u00f3ximo modelo de Tesla, el Tesla Model 2 por menos de 25.000 \u20ac y su fecha de lanzamiento.\" \/>\n<meta property=\"og:url\" content=\"https:\/\/v2charge.com\/es\/tesla-model-2-fecha-lanzamiento\/\" \/>\n<meta property=\"og:site_name\" content=\"V2C\" \/>\n<meta property=\"article:publisher\" content=\"https:\/\/www.facebook.com\/V2C.Charge\" \/>\n<meta property=\"article:published_time\" content=\"2024-09-27T08:00:00+00:00\" \/>\n<meta property=\"article:modified_time\" content=\"2026-03-02T15:22:03+00:00\" \/>\n<meta property=\"og:image\" content=\"https:\/\/v2charge.com\/wp-content\/uploads\/2024\/09\/tesla-model-2-lanzamiento.jpg\" \/>\n\t<meta property=\"og:image:width\" content=\"960\" \/>\n\t<meta property=\"og:image:height\" content=\"560\" \/>\n\t<meta property=\"og:image:type\" content=\"image\/jpeg\" \/>\n<meta name=\"author\" content=\"V2C\" \/>\n<meta name=\"twitter:card\" content=\"summary_large_image\" \/>\n<meta name=\"twitter:creator\" content=\"@V2C_Charge\" \/>\n<meta name=\"twitter:site\" content=\"@V2C_Charge\" \/>\n<meta name=\"twitter:label1\" content=\"Escrito por\" \/>\n\t<meta name=\"twitter:data1\" content=\"V2C\" \/>\n\t<meta name=\"twitter:label2\" content=\"Tiempo de lectura\" \/>\n\t<meta name=\"twitter:data2\" content=\"6 minutos\" \/>\n<script type=\"application\/ld+json\" class=\"yoast-schema-graph\">{\"@context\":\"https:\/\/schema.org\",\"@graph\":[{\"@type\":\"Article\",\"@id\":\"https:\/\/v2charge.com\/es\/tesla-model-2-fecha-lanzamiento\/#article\",\"isPartOf\":{\"@id\":\"https:\/\/v2charge.com\/es\/tesla-model-2-fecha-lanzamiento\/\"},\"author\":{\"name\":\"V2C\",\"@id\":\"https:\/\/v2charge.com\/es\/#\/schema\/person\/d6f210a94a856acdddec347b2127fd0f\"},\"headline\":\"Tesla Model 2: el nuevo coche el\u00e9ctrico de Tesla por menos de 25.000 euros\",\"datePublished\":\"2024-09-27T08:00:00+00:00\",\"dateModified\":\"2026-03-02T15:22:03+00:00\",\"mainEntityOfPage\":{\"@id\":\"https:\/\/v2charge.com\/es\/tesla-model-2-fecha-lanzamiento\/\"},\"wordCount\":1158,\"commentCount\":0,\"publisher\":{\"@id\":\"https:\/\/v2charge.com\/es\/#organization\"},\"image\":{\"@id\":\"https:\/\/v2charge.com\/es\/tesla-model-2-fecha-lanzamiento\/#primaryimage\"},\"thumbnailUrl\":\"https:\/\/v2charge.com\/wp-content\/uploads\/2024\/09\/tesla-model-2-lanzamiento.jpg\",\"articleSection\":[\"Actualidad\",\"Coches el\u00e9ctricos\",\"e-mobility\",\"Informaci\u00f3n\",\"Modelos de coches\",\"Modelos de coches el\u00e9ctricos\"],\"inLanguage\":\"es\",\"potentialAction\":[{\"@type\":\"CommentAction\",\"name\":\"Comment\",\"target\":[\"https:\/\/v2charge.com\/es\/tesla-model-2-fecha-lanzamiento\/#respond\"]}]},{\"@type\":\"WebPage\",\"@id\":\"https:\/\/v2charge.com\/es\/tesla-model-2-fecha-lanzamiento\/\",\"url\":\"https:\/\/v2charge.com\/es\/tesla-model-2-fecha-lanzamiento\/\",\"name\":\"Tesla Model 2: El nuevo coche el\u00e9ctrico de Tesla para 2026\",\"isPartOf\":{\"@id\":\"https:\/\/v2charge.com\/es\/#website\"},\"primaryImageOfPage\":{\"@id\":\"https:\/\/v2charge.com\/es\/tesla-model-2-fecha-lanzamiento\/#primaryimage\"},\"image\":{\"@id\":\"https:\/\/v2charge.com\/es\/tesla-model-2-fecha-lanzamiento\/#primaryimage\"},\"thumbnailUrl\":\"https:\/\/v2charge.com\/wp-content\/uploads\/2024\/09\/tesla-model-2-lanzamiento.jpg\",\"datePublished\":\"2024-09-27T08:00:00+00:00\",\"dateModified\":\"2026-03-02T15:22:03+00:00\",\"description\":\"Descubre todas las caracter\u00edsticas del pr\u00f3ximo modelo de Tesla, el Tesla Model 2 por menos de 25.000 \u20ac y su fecha de lanzamiento.\",\"breadcrumb\":{\"@id\":\"https:\/\/v2charge.com\/es\/tesla-model-2-fecha-lanzamiento\/#breadcrumb\"},\"inLanguage\":\"es\",\"potentialAction\":[{\"@type\":\"ReadAction\",\"target\":[\"https:\/\/v2charge.com\/es\/tesla-model-2-fecha-lanzamiento\/\"]}]},{\"@type\":\"ImageObject\",\"inLanguage\":\"es\",\"@id\":\"https:\/\/v2charge.com\/es\/tesla-model-2-fecha-lanzamiento\/#primaryimage\",\"url\":\"https:\/\/v2charge.com\/wp-content\/uploads\/2024\/09\/tesla-model-2-lanzamiento.jpg\",\"contentUrl\":\"https:\/\/v2charge.com\/wp-content\/uploads\/2024\/09\/tesla-model-2-lanzamiento.jpg\",\"width\":960,\"height\":560,\"caption\":\"Tesla Model 2\"},{\"@type\":\"BreadcrumbList\",\"@id\":\"https:\/\/v2charge.com\/es\/tesla-model-2-fecha-lanzamiento\/#breadcrumb\",\"itemListElement\":[{\"@type\":\"ListItem\",\"position\":1,\"name\":\"V2C\",\"item\":\"https:\/\/v2charge.com\/es\/\"},{\"@type\":\"ListItem\",\"position\":2,\"name\":\"Modelos de coches el\u00e9ctricos\",\"item\":\"https:\/\/v2charge.com\/es\/e-mobility\/\"},{\"@type\":\"ListItem\",\"position\":3,\"name\":\"Modelos de coches\",\"item\":\"https:\/\/v2charge.com\/es\/e-mobility\/modelos-coches\/\"},{\"@type\":\"ListItem\",\"position\":4,\"name\":\"Tesla Model 2: el nuevo coche el\u00e9ctrico de Tesla por menos de 25.000 euros\"}]},{\"@type\":\"WebSite\",\"@id\":\"https:\/\/v2charge.com\/es\/#website\",\"url\":\"https:\/\/v2charge.com\/es\/\",\"name\":\"V2C\",\"description\":\"#CargandoElMa\u00f1ana\",\"publisher\":{\"@id\":\"https:\/\/v2charge.com\/es\/#organization\"},\"potentialAction\":[{\"@type\":\"SearchAction\",\"target\":{\"@type\":\"EntryPoint\",\"urlTemplate\":\"https:\/\/v2charge.com\/es\/?s={search_term_string}\"},\"query-input\":{\"@type\":\"PropertyValueSpecification\",\"valueRequired\":true,\"valueName\":\"search_term_string\"}}],\"inLanguage\":\"es\"},{\"@type\":\"Organization\",\"@id\":\"https:\/\/v2charge.com\/es\/#organization\",\"name\":\"V2C\",\"url\":\"https:\/\/v2charge.com\/es\/\",\"logo\":{\"@type\":\"ImageObject\",\"inLanguage\":\"es\",\"@id\":\"https:\/\/v2charge.com\/es\/#\/schema\/logo\/image\/\",\"url\":\"https:\/\/v2charge.com\/wp-content\/uploads\/2024\/11\/cropped-v2c-charge-logo-menu.png\",\"contentUrl\":\"https:\/\/v2charge.com\/wp-content\/uploads\/2024\/11\/cropped-v2c-charge-logo-menu.png\",\"width\":984,\"height\":431,\"caption\":\"V2C\"},\"image\":{\"@id\":\"https:\/\/v2charge.com\/es\/#\/schema\/logo\/image\/\"},\"sameAs\":[\"https:\/\/www.facebook.com\/V2C.Charge\",\"https:\/\/x.com\/V2C_Charge\",\"https:\/\/www.instagram.com\/v2c.charge\/\",\"https:\/\/www.youtube.com\/@V2C\",\"https:\/\/www.linkedin.com\/company\/v2c-chargers\/\"]},{\"@type\":\"Person\",\"@id\":\"https:\/\/v2charge.com\/es\/#\/schema\/person\/d6f210a94a856acdddec347b2127fd0f\",\"name\":\"V2C\",\"image\":{\"@type\":\"ImageObject\",\"inLanguage\":\"es\",\"@id\":\"https:\/\/v2charge.com\/es\/#\/schema\/person\/image\/\",\"url\":\"https:\/\/secure.gravatar.com\/avatar\/a91128c4c0d2f4d63bd586301fdec6cc9aa49c885839b25d1c62700f529f267c?s=96&d=mm&r=g\",\"contentUrl\":\"https:\/\/secure.gravatar.com\/avatar\/a91128c4c0d2f4d63bd586301fdec6cc9aa49c885839b25d1c62700f529f267c?s=96&d=mm&r=g\",\"caption\":\"V2C\"}}]}<\/script>\n<!-- \/ Yoast SEO plugin. -->","yoast_head_json":{"title":"Tesla Model 2: El nuevo coche el\u00e9ctrico de Tesla para 2026","description":"Descubre todas las caracter\u00edsticas del pr\u00f3ximo modelo de Tesla, el Tesla Model 2 por menos de 25.000 \u20ac y su fecha de lanzamiento.","robots":{"index":"index","follow":"follow","max-snippet":"max-snippet:-1","max-image-preview":"max-image-preview:large","max-video-preview":"max-video-preview:-1"},"canonical":"https:\/\/v2charge.com\/es\/tesla-model-2-fecha-lanzamiento\/","og_locale":"es_ES","og_type":"article","og_title":"Tesla Model 2: El nuevo coche el\u00e9ctrico de Tesla para 2026","og_description":"Descubre todas las caracter\u00edsticas del pr\u00f3ximo modelo de Tesla, el Tesla Model 2 por menos de 25.000 \u20ac y su fecha de lanzamiento.","og_url":"https:\/\/v2charge.com\/es\/tesla-model-2-fecha-lanzamiento\/","og_site_name":"V2C","article_publisher":"https:\/\/www.facebook.com\/V2C.Charge","article_published_time":"2024-09-27T08:00:00+00:00","article_modified_time":"2026-03-02T15:22:03+00:00","og_image":[{"width":960,"height":560,"url":"https:\/\/v2charge.com\/wp-content\/uploads\/2024\/09\/tesla-model-2-lanzamiento.jpg","type":"image\/jpeg"}],"author":"V2C","twitter_card":"summary_large_image","twitter_creator":"@V2C_Charge","twitter_site":"@V2C_Charge","twitter_misc":{"Escrito por":"V2C","Tiempo de lectura":"6 minutos"},"schema":{"@context":"https:\/\/schema.org","@graph":[{"@type":"Article","@id":"https:\/\/v2charge.com\/es\/tesla-model-2-fecha-lanzamiento\/#article","isPartOf":{"@id":"https:\/\/v2charge.com\/es\/tesla-model-2-fecha-lanzamiento\/"},"author":{"name":"V2C","@id":"https:\/\/v2charge.com\/es\/#\/schema\/person\/d6f210a94a856acdddec347b2127fd0f"},"headline":"Tesla Model 2: el nuevo coche el\u00e9ctrico de Tesla por menos de 25.000 euros","datePublished":"2024-09-27T08:00:00+00:00","dateModified":"2026-03-02T15:22:03+00:00","mainEntityOfPage":{"@id":"https:\/\/v2charge.com\/es\/tesla-model-2-fecha-lanzamiento\/"},"wordCount":1158,"commentCount":0,"publisher":{"@id":"https:\/\/v2charge.com\/es\/#organization"},"image":{"@id":"https:\/\/v2charge.com\/es\/tesla-model-2-fecha-lanzamiento\/#primaryimage"},"thumbnailUrl":"https:\/\/v2charge.com\/wp-content\/uploads\/2024\/09\/tesla-model-2-lanzamiento.jpg","articleSection":["Actualidad","Coches el\u00e9ctricos","e-mobility","Informaci\u00f3n","Modelos de coches","Modelos de coches el\u00e9ctricos"],"inLanguage":"es","potentialAction":[{"@type":"CommentAction","name":"Comment","target":["https:\/\/v2charge.com\/es\/tesla-model-2-fecha-lanzamiento\/#respond"]}]},{"@type":"WebPage","@id":"https:\/\/v2charge.com\/es\/tesla-model-2-fecha-lanzamiento\/","url":"https:\/\/v2charge.com\/es\/tesla-model-2-fecha-lanzamiento\/","name":"Tesla Model 2: El nuevo coche el\u00e9ctrico de Tesla para 2026","isPartOf":{"@id":"https:\/\/v2charge.com\/es\/#website"},"primaryImageOfPage":{"@id":"https:\/\/v2charge.com\/es\/tesla-model-2-fecha-lanzamiento\/#primaryimage"},"image":{"@id":"https:\/\/v2charge.com\/es\/tesla-model-2-fecha-lanzamiento\/#primaryimage"},"thumbnailUrl":"https:\/\/v2charge.com\/wp-content\/uploads\/2024\/09\/tesla-model-2-lanzamiento.jpg","datePublished":"2024-09-27T08:00:00+00:00","dateModified":"2026-03-02T15:22:03+00:00","description":"Descubre todas las caracter\u00edsticas del pr\u00f3ximo modelo de Tesla, el Tesla Model 2 por menos de 25.000 \u20ac y su fecha de lanzamiento.","breadcrumb":{"@id":"https:\/\/v2charge.com\/es\/tesla-model-2-fecha-lanzamiento\/#breadcrumb"},"inLanguage":"es","potentialAction":[{"@type":"ReadAction","target":["https:\/\/v2charge.com\/es\/tesla-model-2-fecha-lanzamiento\/"]}]},{"@type":"ImageObject","inLanguage":"es","@id":"https:\/\/v2charge.com\/es\/tesla-model-2-fecha-lanzamiento\/#primaryimage","url":"https:\/\/v2charge.com\/wp-content\/uploads\/2024\/09\/tesla-model-2-lanzamiento.jpg","contentUrl":"https:\/\/v2charge.com\/wp-content\/uploads\/2024\/09\/tesla-model-2-lanzamiento.jpg","width":960,"height":560,"caption":"Tesla Model 2"},{"@type":"BreadcrumbList","@id":"https:\/\/v2charge.com\/es\/tesla-model-2-fecha-lanzamiento\/#breadcrumb","itemListElement":[{"@type":"ListItem","position":1,"name":"V2C","item":"https:\/\/v2charge.com\/es\/"},{"@type":"ListItem","position":2,"name":"Modelos de coches el\u00e9ctricos","item":"https:\/\/v2charge.com\/es\/e-mobility\/"},{"@type":"ListItem","position":3,"name":"Modelos de coches","item":"https:\/\/v2charge.com\/es\/e-mobility\/modelos-coches\/"},{"@type":"ListItem","position":4,"name":"Tesla Model 2: el nuevo coche el\u00e9ctrico de Tesla por menos de 25.000 euros"}]},{"@type":"WebSite","@id":"https:\/\/v2charge.com\/es\/#website","url":"https:\/\/v2charge.com\/es\/","name":"V2C","description":"#CargandoElMa\u00f1ana","publisher":{"@id":"https:\/\/v2charge.com\/es\/#organization"},"potentialAction":[{"@type":"SearchAction","target":{"@type":"EntryPoint","urlTemplate":"https:\/\/v2charge.com\/es\/?s={search_term_string}"},"query-input":{"@type":"PropertyValueSpecification","valueRequired":true,"valueName":"search_term_string"}}],"inLanguage":"es"},{"@type":"Organization","@id":"https:\/\/v2charge.com\/es\/#organization","name":"V2C","url":"https:\/\/v2charge.com\/es\/","logo":{"@type":"ImageObject","inLanguage":"es","@id":"https:\/\/v2charge.com\/es\/#\/schema\/logo\/image\/","url":"https:\/\/v2charge.com\/wp-content\/uploads\/2024\/11\/cropped-v2c-charge-logo-menu.png","contentUrl":"https:\/\/v2charge.com\/wp-content\/uploads\/2024\/11\/cropped-v2c-charge-logo-menu.png","width":984,"height":431,"caption":"V2C"},"image":{"@id":"https:\/\/v2charge.com\/es\/#\/schema\/logo\/image\/"},"sameAs":["https:\/\/www.facebook.com\/V2C.Charge","https:\/\/x.com\/V2C_Charge","https:\/\/www.instagram.com\/v2c.charge\/","https:\/\/www.youtube.com\/@V2C","https:\/\/www.linkedin.com\/company\/v2c-chargers\/"]},{"@type":"Person","@id":"https:\/\/v2charge.com\/es\/#\/schema\/person\/d6f210a94a856acdddec347b2127fd0f","name":"V2C","image":{"@type":"ImageObject","inLanguage":"es","@id":"https:\/\/v2charge.com\/es\/#\/schema\/person\/image\/","url":"https:\/\/secure.gravatar.com\/avatar\/a91128c4c0d2f4d63bd586301fdec6cc9aa49c885839b25d1c62700f529f267c?s=96&d=mm&r=g","contentUrl":"https:\/\/secure.gravatar.com\/avatar\/a91128c4c0d2f4d63bd586301fdec6cc9aa49c885839b25d1c62700f529f267c?s=96&d=mm&r=g","caption":"V2C"}}]}},"uagb_featured_image_src":{"full":["https:\/\/v2charge.com\/wp-content\/uploads\/2024\/09\/tesla-model-2-lanzamiento.jpg",960,560,false],"thumbnail":["https:\/\/v2charge.com\/wp-content\/uploads\/2024\/09\/tesla-model-2-lanzamiento-150x150.jpg",150,150,true],"medium":["https:\/\/v2charge.com\/wp-content\/uploads\/2024\/09\/tesla-model-2-lanzamiento-300x175.jpg",300,175,true],"medium_large":["https:\/\/v2charge.com\/wp-content\/uploads\/2024\/09\/tesla-model-2-lanzamiento-768x448.jpg",768,448,true],"large":["https:\/\/v2charge.com\/wp-content\/uploads\/2024\/09\/tesla-model-2-lanzamiento.jpg",960,560,false],"gs-tiny":["https:\/\/v2charge.com\/wp-content\/uploads\/2024\/09\/tesla-model-2-lanzamiento.jpg",50,29,false],"xl":["https:\/\/v2charge.com\/wp-content\/uploads\/2024\/09\/tesla-model-2-lanzamiento.jpg",960,560,false],"xxl":["https:\/\/v2charge.com\/wp-content\/uploads\/2024\/09\/tesla-model-2-lanzamiento.jpg",960,560,false],"xxxl":["https:\/\/v2charge.com\/wp-content\/uploads\/2024\/09\/tesla-model-2-lanzamiento.jpg",960,560,false],"xxxxl":["https:\/\/v2charge.com\/wp-content\/uploads\/2024\/09\/tesla-model-2-lanzamiento.jpg",960,560,false],"xxxxxl":["https:\/\/v2charge.com\/wp-content\/uploads\/2024\/09\/tesla-model-2-lanzamiento.jpg",960,560,false],"1536x1536":["https:\/\/v2charge.com\/wp-content\/uploads\/2024\/09\/tesla-model-2-lanzamiento.jpg",960,560,false],"2048x2048":["https:\/\/v2charge.com\/wp-content\/uploads\/2024\/09\/tesla-model-2-lanzamiento.jpg",960,560,false]},"uagb_author_info":{"display_name":"V2C","author_link":"https:\/\/v2charge.com\/es\/author\/marketing\/"},"uagb_comment_info":0,"uagb_excerpt":"El mercado de los coches el\u00e9ctricos est\u00e1 en constante evoluci\u00f3n, y Tesla, una vez m\u00e1s, se posiciona como l\u00edder en la innovaci\u00f3n con su esperado Tesla Model 2. Con un precio estimado de 25,000 euros, este veh\u00edculo promete hacer que los coches el\u00e9ctricos sean m\u00e1s accesibles para el gran p\u00fablico. A medida que nos acercamos&hellip;","_links":{"self":[{"href":"https:\/\/v2charge.com\/es\/wp-json\/wp\/v2\/posts\/179319","targetHints":{"allow":["GET"]}}],"collection":[{"href":"https:\/\/v2charge.com\/es\/wp-json\/wp\/v2\/posts"}],"about":[{"href":"https:\/\/v2charge.com\/es\/wp-json\/wp\/v2\/types\/post"}],"author":[{"embeddable":true,"href":"https:\/\/v2charge.com\/es\/wp-json\/wp\/v2\/users\/400"}],"replies":[{"embeddable":true,"href":"https:\/\/v2charge.com\/es\/wp-json\/wp\/v2\/comments?post=179319"}],"version-history":[{"count":5,"href":"https:\/\/v2charge.com\/es\/wp-json\/wp\/v2\/posts\/179319\/revisions"}],"predecessor-version":[{"id":304741,"href":"https:\/\/v2charge.com\/es\/wp-json\/wp\/v2\/posts\/179319\/revisions\/304741"}],"wp:featuredmedia":[{"embeddable":true,"href":"https:\/\/v2charge.com\/es\/wp-json\/wp\/v2\/media\/179352"}],"wp:attachment":[{"href":"https:\/\/v2charge.com\/es\/wp-json\/wp\/v2\/media?parent=179319"}],"wp:term":[{"taxonomy":"category","embeddable":true,"href":"https:\/\/v2charge.com\/es\/wp-json\/wp\/v2\/categories?post=179319"},{"taxonomy":"post_tag","embeddable":true,"href":"https:\/\/v2charge.com\/es\/wp-json\/wp\/v2\/tags?post=179319"}],"curies":[{"name":"wp","href":"https:\/\/api.w.org\/{rel}","templated":true}]}}