{"id":184149,"date":"2024-10-17T12:31:27","date_gmt":"2024-10-17T10:31:27","guid":{"rendered":"https:\/\/v2charge.com\/?p=184149"},"modified":"2024-10-17T12:31:32","modified_gmt":"2024-10-17T10:31:32","slug":"repsol-suma-capital-ronda-inversion","status":"publish","type":"post","link":"https:\/\/v2charge.com\/es\/repsol-suma-capital-ronda-inversion\/","title":{"rendered":"V2C capta 5 millones de euros del fondo de Repsol y Suma Capital\u00a0"},"content":{"rendered":"<p><span style=\"font-weight: 400;\">V2C, empresa valenciana dedicada al dise\u00f1o y desarrollo de cargadores inteligentes para veh\u00edculos el\u00e9ctricos, ha cerrado una ronda de <strong>inversi\u00f3n de 5 millones de euros<\/strong> liderada por <strong>SC Net Zero Ventures<\/strong>, el fondo gestionado por <strong>Suma Capital en alianza estrat\u00e9gica con Repsol<\/strong> como inversor ancla. Esta financiaci\u00f3n permitir\u00e1 a la compa\u00f1\u00eda impulsar su crecimiento en mercados europeos clave y liderar su segmento en la movilidad el\u00e9ctrica.<\/span><\/p>\n<p><span style=\"font-weight: 400;\">Con esta nueva inyecci\u00f3n de capital, V2C refuerza su plan estrat\u00e9gico, que ya ha empezado a materializarse con la apertura de <strong>delegaciones propias en Francia e Italia<\/strong>, con equipos locales en cada pa\u00eds, adem\u00e1s de su sede en Portugal. En otros pa\u00edses europeos y en el norte de \u00c1frica, la compa\u00f1\u00eda distribuye sus soluciones a trav\u00e9s de distribuidores especializados. En su sede central en Valencia, <strong>V2C concentra toda la cadena de valor<\/strong>, desde el desarrollo de producto hasta la fabricaci\u00f3n, apostando por proveedores locales y un modelo de producci\u00f3n just in time.<\/span><\/p>\n<p><span style=\"font-weight: 400;\">La compa\u00f1\u00eda de cargadores el\u00e9ctricos se alinea con la visi\u00f3n de SC Net Zero Ventures, fondo creado por Repsol y Suma Capital para acompa\u00f1ar a <strong>empresas que desarrollen tecnolog\u00edas innovadoras que aceleren la transici\u00f3n energ\u00e9tica<\/strong>. Como parte de esta colaboraci\u00f3n, <strong>Repsol ya ha comenzado a comercializar e instalar los cargadores de V2C<\/strong>, reforzando as\u00ed la presencia de la compa\u00f1\u00eda en el mercado.<\/span><\/p>\n<blockquote><p><span style=\"font-weight: 400;\">Seg\u00fan <strong>Carlos Vidal<\/strong>, director financiero de V2C, la ronda de inversi\u00f3n \u201csupone un impulso clave en el plan de crecimiento y consolidaci\u00f3n internacional de la compa\u00f1\u00eda\u201d.<\/span><\/p><\/blockquote>\n<h2><span style=\"font-weight: 400;\">Crecimiento de V2C<\/span><\/h2>\n<p><span style=\"font-weight: 400;\">En los \u00faltimos a\u00f1os, V2C ha experimentado un crecimiento exponencial gracias a su ecosistema de <strong>soluciones de carga semirr\u00e1pida que combinan hardware y software<\/strong>. Destacan por incluir innovaciones como V2C Cloud o V2C Payments, una soluci\u00f3n SaaS que permite la comercializaci\u00f3n de energ\u00eda a trav\u00e9s de sus cargadores. Asimismo, la integraci\u00f3n de TPVs en sus cargadores facilita el pago directo con tarjeta, eliminando la necesidad de aplicaciones externas.<\/span><\/p>\n<p><span style=\"font-weight: 400;\">Dentro de ese crecimiento exponencial, V2C cuenta con <strong>clientes como Saltoki<\/strong> (su distribuidor exclusivo en Espa\u00f1a), <strong>Galp<\/strong>, <strong>Repsol<\/strong>, <strong>Mutua Madrile\u00f1a<\/strong>, <strong>Renault<\/strong>, <strong>BMW<\/strong>, <strong>Volvo<\/strong>, <strong>Europcar<\/strong>, as\u00ed como los <strong>aeropuertos de Madrid y Barcelona<\/strong>.\u00a0<\/span><\/p>\n<h2><span style=\"font-weight: 400;\">Ebitdas positivos desde sus inicios<\/span><\/h2>\n<p><span style=\"font-weight: 400;\">Este crecimiento no ha impedido que V2C sea rentable y genere flujos de caja positivos. La compa\u00f1\u00eda ha mantenido una rentabilidad positiva desde sus inicios, logrando <strong>Ebitdas positivos desde su constituci\u00f3n en 2015<\/strong>. Un dato relevante en un ecosistema emprendedor donde la tendencia suele ser el hipercrecimiento sin rentabilidad.<\/span><\/p>\n<p><span style=\"font-weight: 400;\">Esta capacidad para mantener rentabilidad positiva no ha pasado desapercibida para los inversores. Hace 10 meses, <strong>Mutua Madrile\u00f1a lider\u00f3 una ronda de inversi\u00f3n de 4 millones de euros<\/strong>. V2C ha cerrado hasta la fecha un total de 10 millones de euros en financiaci\u00f3n, entre los que tambi\u00e9n han participado Easo Ventures y Clave Capital.<\/span><\/p>\n","protected":false},"excerpt":{"rendered":"<p>V2C, empresa valenciana dedicada al dise\u00f1o y desarrollo de cargadores inteligentes para veh\u00edculos el\u00e9ctricos, ha cerrado una ronda de inversi\u00f3n de 5 millones de euros liderada por SC Net Zero Ventures, el fondo gestionado por Suma Capital en alianza estrat\u00e9gica con Repsol como inversor ancla. Esta financiaci\u00f3n permitir\u00e1 a la compa\u00f1\u00eda impulsar su crecimiento en &#8230; <a title=\"V2C capta 5 millones de euros del fondo de Repsol y Suma Capital\u00a0\" class=\"read-more\" href=\"https:\/\/v2charge.com\/es\/repsol-suma-capital-ronda-inversion\/\" aria-label=\"Leer m\u00e1s sobre V2C capta 5 millones de euros del fondo de Repsol y Suma Capital\u00a0\">Leer m\u00e1s<\/a><\/p>\n","protected":false},"author":400,"featured_media":184156,"comment_status":"open","ping_status":"open","sticky":false,"template":"","format":"standard","meta":{"_eb_attr":"","content-type":"","_uag_custom_page_level_css":"","footnotes":""},"categories":[133],"tags":[],"class_list":["post-184149","post","type-post","status-publish","format-standard","has-post-thumbnail","hentry","category-noticias-v2c"],"yoast_head":"<!-- This site is optimized with the Yoast SEO plugin v25.3.1 - https:\/\/yoast.com\/wordpress\/plugins\/seo\/ -->\n<title>V2C capta 5 millones del fondo de Repsol y Suma Capital<\/title>\n<meta name=\"description\" content=\"V2C ha cerrado una ronda de inversi\u00f3n de 5 millones de euros liderada por SC Net Zero Ventures, el fondo de Repsol y Suma Capital\" \/>\n<meta name=\"robots\" content=\"index, follow, max-snippet:-1, max-image-preview:large, max-video-preview:-1\" \/>\n<link rel=\"canonical\" href=\"https:\/\/v2charge.com\/es\/repsol-suma-capital-ronda-inversion\/\" \/>\n<meta property=\"og:locale\" content=\"es_ES\" \/>\n<meta property=\"og:type\" content=\"article\" \/>\n<meta property=\"og:title\" content=\"V2C capta 5 millones del fondo de Repsol y Suma Capital\" \/>\n<meta property=\"og:description\" content=\"V2C ha cerrado una ronda de inversi\u00f3n de 5 millones de euros liderada por SC Net Zero Ventures, el fondo de Repsol y Suma Capital\" \/>\n<meta property=\"og:url\" content=\"https:\/\/v2charge.com\/es\/repsol-suma-capital-ronda-inversion\/\" \/>\n<meta property=\"og:site_name\" content=\"V2C\" \/>\n<meta property=\"article:publisher\" content=\"https:\/\/www.facebook.com\/V2C.Charge\" \/>\n<meta property=\"article:published_time\" content=\"2024-10-17T10:31:27+00:00\" \/>\n<meta property=\"article:modified_time\" content=\"2024-10-17T10:31:32+00:00\" \/>\n<meta property=\"og:image\" content=\"https:\/\/v2charge.com\/wp-content\/uploads\/2024\/10\/inversion-repsol-suma-capital.jpg\" \/>\n\t<meta property=\"og:image:width\" content=\"960\" \/>\n\t<meta property=\"og:image:height\" content=\"560\" \/>\n\t<meta property=\"og:image:type\" content=\"image\/jpeg\" \/>\n<meta name=\"author\" content=\"V2C\" \/>\n<meta name=\"twitter:card\" content=\"summary_large_image\" \/>\n<meta name=\"twitter:creator\" content=\"@V2C_Charge\" \/>\n<meta name=\"twitter:site\" content=\"@V2C_Charge\" \/>\n<meta name=\"twitter:label1\" content=\"Escrito por\" \/>\n\t<meta name=\"twitter:data1\" content=\"V2C\" \/>\n\t<meta name=\"twitter:label2\" content=\"Tiempo de lectura\" \/>\n\t<meta name=\"twitter:data2\" content=\"3 minutos\" \/>\n<script type=\"application\/ld+json\" class=\"yoast-schema-graph\">{\"@context\":\"https:\/\/schema.org\",\"@graph\":[{\"@type\":\"Article\",\"@id\":\"https:\/\/v2charge.com\/es\/repsol-suma-capital-ronda-inversion\/#article\",\"isPartOf\":{\"@id\":\"https:\/\/v2charge.com\/es\/repsol-suma-capital-ronda-inversion\/\"},\"author\":{\"name\":\"V2C\",\"@id\":\"https:\/\/v2charge.com\/es\/#\/schema\/person\/d6f210a94a856acdddec347b2127fd0f\"},\"headline\":\"V2C capta 5 millones de euros del fondo de Repsol y Suma Capital\u00a0\",\"datePublished\":\"2024-10-17T10:31:27+00:00\",\"dateModified\":\"2024-10-17T10:31:32+00:00\",\"mainEntityOfPage\":{\"@id\":\"https:\/\/v2charge.com\/es\/repsol-suma-capital-ronda-inversion\/\"},\"wordCount\":522,\"commentCount\":0,\"publisher\":{\"@id\":\"https:\/\/v2charge.com\/es\/#organization\"},\"image\":{\"@id\":\"https:\/\/v2charge.com\/es\/repsol-suma-capital-ronda-inversion\/#primaryimage\"},\"thumbnailUrl\":\"https:\/\/v2charge.com\/wp-content\/uploads\/2024\/10\/inversion-repsol-suma-capital.jpg\",\"articleSection\":[\"Noticias V2C\"],\"inLanguage\":\"es\",\"potentialAction\":[{\"@type\":\"CommentAction\",\"name\":\"Comment\",\"target\":[\"https:\/\/v2charge.com\/es\/repsol-suma-capital-ronda-inversion\/#respond\"]}]},{\"@type\":\"WebPage\",\"@id\":\"https:\/\/v2charge.com\/es\/repsol-suma-capital-ronda-inversion\/\",\"url\":\"https:\/\/v2charge.com\/es\/repsol-suma-capital-ronda-inversion\/\",\"name\":\"V2C capta 5 millones del fondo de Repsol y Suma Capital\",\"isPartOf\":{\"@id\":\"https:\/\/v2charge.com\/es\/#website\"},\"primaryImageOfPage\":{\"@id\":\"https:\/\/v2charge.com\/es\/repsol-suma-capital-ronda-inversion\/#primaryimage\"},\"image\":{\"@id\":\"https:\/\/v2charge.com\/es\/repsol-suma-capital-ronda-inversion\/#primaryimage\"},\"thumbnailUrl\":\"https:\/\/v2charge.com\/wp-content\/uploads\/2024\/10\/inversion-repsol-suma-capital.jpg\",\"datePublished\":\"2024-10-17T10:31:27+00:00\",\"dateModified\":\"2024-10-17T10:31:32+00:00\",\"description\":\"V2C ha cerrado una ronda de inversi\u00f3n de 5 millones de euros liderada por SC Net Zero Ventures, el fondo de Repsol y Suma Capital\",\"breadcrumb\":{\"@id\":\"https:\/\/v2charge.com\/es\/repsol-suma-capital-ronda-inversion\/#breadcrumb\"},\"inLanguage\":\"es\",\"potentialAction\":[{\"@type\":\"ReadAction\",\"target\":[\"https:\/\/v2charge.com\/es\/repsol-suma-capital-ronda-inversion\/\"]}]},{\"@type\":\"ImageObject\",\"inLanguage\":\"es\",\"@id\":\"https:\/\/v2charge.com\/es\/repsol-suma-capital-ronda-inversion\/#primaryimage\",\"url\":\"https:\/\/v2charge.com\/wp-content\/uploads\/2024\/10\/inversion-repsol-suma-capital.jpg\",\"contentUrl\":\"https:\/\/v2charge.com\/wp-content\/uploads\/2024\/10\/inversion-repsol-suma-capital.jpg\",\"width\":960,\"height\":560,\"caption\":\"Equipo directivo de V2C\"},{\"@type\":\"BreadcrumbList\",\"@id\":\"https:\/\/v2charge.com\/es\/repsol-suma-capital-ronda-inversion\/#breadcrumb\",\"itemListElement\":[{\"@type\":\"ListItem\",\"position\":1,\"name\":\"V2C\",\"item\":\"https:\/\/v2charge.com\/es\/\"},{\"@type\":\"ListItem\",\"position\":2,\"name\":\"Noticias V2C\",\"item\":\"https:\/\/v2charge.com\/es\/noticias-v2c\/\"},{\"@type\":\"ListItem\",\"position\":3,\"name\":\"V2C capta 5 millones de euros del fondo de Repsol y Suma Capital\u00a0\"}]},{\"@type\":\"WebSite\",\"@id\":\"https:\/\/v2charge.com\/es\/#website\",\"url\":\"https:\/\/v2charge.com\/es\/\",\"name\":\"V2C\",\"description\":\"#CargandoElMa\u00f1ana\",\"publisher\":{\"@id\":\"https:\/\/v2charge.com\/es\/#organization\"},\"potentialAction\":[{\"@type\":\"SearchAction\",\"target\":{\"@type\":\"EntryPoint\",\"urlTemplate\":\"https:\/\/v2charge.com\/es\/?s={search_term_string}\"},\"query-input\":{\"@type\":\"PropertyValueSpecification\",\"valueRequired\":true,\"valueName\":\"search_term_string\"}}],\"inLanguage\":\"es\"},{\"@type\":\"Organization\",\"@id\":\"https:\/\/v2charge.com\/es\/#organization\",\"name\":\"V2C\",\"url\":\"https:\/\/v2charge.com\/es\/\",\"logo\":{\"@type\":\"ImageObject\",\"inLanguage\":\"es\",\"@id\":\"https:\/\/v2charge.com\/es\/#\/schema\/logo\/image\/\",\"url\":\"https:\/\/v2charge.com\/wp-content\/uploads\/2024\/11\/cropped-v2c-charge-logo-menu.png\",\"contentUrl\":\"https:\/\/v2charge.com\/wp-content\/uploads\/2024\/11\/cropped-v2c-charge-logo-menu.png\",\"width\":984,\"height\":431,\"caption\":\"V2C\"},\"image\":{\"@id\":\"https:\/\/v2charge.com\/es\/#\/schema\/logo\/image\/\"},\"sameAs\":[\"https:\/\/www.facebook.com\/V2C.Charge\",\"https:\/\/x.com\/V2C_Charge\",\"https:\/\/www.instagram.com\/v2c.charge\/\",\"https:\/\/www.youtube.com\/@V2C\",\"https:\/\/www.linkedin.com\/company\/v2c-chargers\/\"]},{\"@type\":\"Person\",\"@id\":\"https:\/\/v2charge.com\/es\/#\/schema\/person\/d6f210a94a856acdddec347b2127fd0f\",\"name\":\"V2C\",\"image\":{\"@type\":\"ImageObject\",\"inLanguage\":\"es\",\"@id\":\"https:\/\/v2charge.com\/es\/#\/schema\/person\/image\/\",\"url\":\"https:\/\/secure.gravatar.com\/avatar\/a91128c4c0d2f4d63bd586301fdec6cc9aa49c885839b25d1c62700f529f267c?s=96&d=mm&r=g\",\"contentUrl\":\"https:\/\/secure.gravatar.com\/avatar\/a91128c4c0d2f4d63bd586301fdec6cc9aa49c885839b25d1c62700f529f267c?s=96&d=mm&r=g\",\"caption\":\"V2C\"}}]}<\/script>\n<!-- \/ Yoast SEO plugin. -->","yoast_head_json":{"title":"V2C capta 5 millones del fondo de Repsol y Suma Capital","description":"V2C ha cerrado una ronda de inversi\u00f3n de 5 millones de euros liderada por SC Net Zero Ventures, el fondo de Repsol y Suma Capital","robots":{"index":"index","follow":"follow","max-snippet":"max-snippet:-1","max-image-preview":"max-image-preview:large","max-video-preview":"max-video-preview:-1"},"canonical":"https:\/\/v2charge.com\/es\/repsol-suma-capital-ronda-inversion\/","og_locale":"es_ES","og_type":"article","og_title":"V2C capta 5 millones del fondo de Repsol y Suma Capital","og_description":"V2C ha cerrado una ronda de inversi\u00f3n de 5 millones de euros liderada por SC Net Zero Ventures, el fondo de Repsol y Suma Capital","og_url":"https:\/\/v2charge.com\/es\/repsol-suma-capital-ronda-inversion\/","og_site_name":"V2C","article_publisher":"https:\/\/www.facebook.com\/V2C.Charge","article_published_time":"2024-10-17T10:31:27+00:00","article_modified_time":"2024-10-17T10:31:32+00:00","og_image":[{"width":960,"height":560,"url":"https:\/\/v2charge.com\/wp-content\/uploads\/2024\/10\/inversion-repsol-suma-capital.jpg","type":"image\/jpeg"}],"author":"V2C","twitter_card":"summary_large_image","twitter_creator":"@V2C_Charge","twitter_site":"@V2C_Charge","twitter_misc":{"Escrito por":"V2C","Tiempo de lectura":"3 minutos"},"schema":{"@context":"https:\/\/schema.org","@graph":[{"@type":"Article","@id":"https:\/\/v2charge.com\/es\/repsol-suma-capital-ronda-inversion\/#article","isPartOf":{"@id":"https:\/\/v2charge.com\/es\/repsol-suma-capital-ronda-inversion\/"},"author":{"name":"V2C","@id":"https:\/\/v2charge.com\/es\/#\/schema\/person\/d6f210a94a856acdddec347b2127fd0f"},"headline":"V2C capta 5 millones de euros del fondo de Repsol y Suma Capital\u00a0","datePublished":"2024-10-17T10:31:27+00:00","dateModified":"2024-10-17T10:31:32+00:00","mainEntityOfPage":{"@id":"https:\/\/v2charge.com\/es\/repsol-suma-capital-ronda-inversion\/"},"wordCount":522,"commentCount":0,"publisher":{"@id":"https:\/\/v2charge.com\/es\/#organization"},"image":{"@id":"https:\/\/v2charge.com\/es\/repsol-suma-capital-ronda-inversion\/#primaryimage"},"thumbnailUrl":"https:\/\/v2charge.com\/wp-content\/uploads\/2024\/10\/inversion-repsol-suma-capital.jpg","articleSection":["Noticias V2C"],"inLanguage":"es","potentialAction":[{"@type":"CommentAction","name":"Comment","target":["https:\/\/v2charge.com\/es\/repsol-suma-capital-ronda-inversion\/#respond"]}]},{"@type":"WebPage","@id":"https:\/\/v2charge.com\/es\/repsol-suma-capital-ronda-inversion\/","url":"https:\/\/v2charge.com\/es\/repsol-suma-capital-ronda-inversion\/","name":"V2C capta 5 millones del fondo de Repsol y Suma Capital","isPartOf":{"@id":"https:\/\/v2charge.com\/es\/#website"},"primaryImageOfPage":{"@id":"https:\/\/v2charge.com\/es\/repsol-suma-capital-ronda-inversion\/#primaryimage"},"image":{"@id":"https:\/\/v2charge.com\/es\/repsol-suma-capital-ronda-inversion\/#primaryimage"},"thumbnailUrl":"https:\/\/v2charge.com\/wp-content\/uploads\/2024\/10\/inversion-repsol-suma-capital.jpg","datePublished":"2024-10-17T10:31:27+00:00","dateModified":"2024-10-17T10:31:32+00:00","description":"V2C ha cerrado una ronda de inversi\u00f3n de 5 millones de euros liderada por SC Net Zero Ventures, el fondo de Repsol y Suma Capital","breadcrumb":{"@id":"https:\/\/v2charge.com\/es\/repsol-suma-capital-ronda-inversion\/#breadcrumb"},"inLanguage":"es","potentialAction":[{"@type":"ReadAction","target":["https:\/\/v2charge.com\/es\/repsol-suma-capital-ronda-inversion\/"]}]},{"@type":"ImageObject","inLanguage":"es","@id":"https:\/\/v2charge.com\/es\/repsol-suma-capital-ronda-inversion\/#primaryimage","url":"https:\/\/v2charge.com\/wp-content\/uploads\/2024\/10\/inversion-repsol-suma-capital.jpg","contentUrl":"https:\/\/v2charge.com\/wp-content\/uploads\/2024\/10\/inversion-repsol-suma-capital.jpg","width":960,"height":560,"caption":"Equipo directivo de V2C"},{"@type":"BreadcrumbList","@id":"https:\/\/v2charge.com\/es\/repsol-suma-capital-ronda-inversion\/#breadcrumb","itemListElement":[{"@type":"ListItem","position":1,"name":"V2C","item":"https:\/\/v2charge.com\/es\/"},{"@type":"ListItem","position":2,"name":"Noticias V2C","item":"https:\/\/v2charge.com\/es\/noticias-v2c\/"},{"@type":"ListItem","position":3,"name":"V2C capta 5 millones de euros del fondo de Repsol y Suma Capital\u00a0"}]},{"@type":"WebSite","@id":"https:\/\/v2charge.com\/es\/#website","url":"https:\/\/v2charge.com\/es\/","name":"V2C","description":"#CargandoElMa\u00f1ana","publisher":{"@id":"https:\/\/v2charge.com\/es\/#organization"},"potentialAction":[{"@type":"SearchAction","target":{"@type":"EntryPoint","urlTemplate":"https:\/\/v2charge.com\/es\/?s={search_term_string}"},"query-input":{"@type":"PropertyValueSpecification","valueRequired":true,"valueName":"search_term_string"}}],"inLanguage":"es"},{"@type":"Organization","@id":"https:\/\/v2charge.com\/es\/#organization","name":"V2C","url":"https:\/\/v2charge.com\/es\/","logo":{"@type":"ImageObject","inLanguage":"es","@id":"https:\/\/v2charge.com\/es\/#\/schema\/logo\/image\/","url":"https:\/\/v2charge.com\/wp-content\/uploads\/2024\/11\/cropped-v2c-charge-logo-menu.png","contentUrl":"https:\/\/v2charge.com\/wp-content\/uploads\/2024\/11\/cropped-v2c-charge-logo-menu.png","width":984,"height":431,"caption":"V2C"},"image":{"@id":"https:\/\/v2charge.com\/es\/#\/schema\/logo\/image\/"},"sameAs":["https:\/\/www.facebook.com\/V2C.Charge","https:\/\/x.com\/V2C_Charge","https:\/\/www.instagram.com\/v2c.charge\/","https:\/\/www.youtube.com\/@V2C","https:\/\/www.linkedin.com\/company\/v2c-chargers\/"]},{"@type":"Person","@id":"https:\/\/v2charge.com\/es\/#\/schema\/person\/d6f210a94a856acdddec347b2127fd0f","name":"V2C","image":{"@type":"ImageObject","inLanguage":"es","@id":"https:\/\/v2charge.com\/es\/#\/schema\/person\/image\/","url":"https:\/\/secure.gravatar.com\/avatar\/a91128c4c0d2f4d63bd586301fdec6cc9aa49c885839b25d1c62700f529f267c?s=96&d=mm&r=g","contentUrl":"https:\/\/secure.gravatar.com\/avatar\/a91128c4c0d2f4d63bd586301fdec6cc9aa49c885839b25d1c62700f529f267c?s=96&d=mm&r=g","caption":"V2C"}}]}},"uagb_featured_image_src":{"full":["https:\/\/v2charge.com\/wp-content\/uploads\/2024\/10\/inversion-repsol-suma-capital.jpg",960,560,false],"thumbnail":["https:\/\/v2charge.com\/wp-content\/uploads\/2024\/10\/inversion-repsol-suma-capital-150x150.jpg",150,150,true],"medium":["https:\/\/v2charge.com\/wp-content\/uploads\/2024\/10\/inversion-repsol-suma-capital-300x175.jpg",300,175,true],"medium_large":["https:\/\/v2charge.com\/wp-content\/uploads\/2024\/10\/inversion-repsol-suma-capital-768x448.jpg",768,448,true],"large":["https:\/\/v2charge.com\/wp-content\/uploads\/2024\/10\/inversion-repsol-suma-capital.jpg",960,560,false],"gs-tiny":["https:\/\/v2charge.com\/wp-content\/uploads\/2024\/10\/inversion-repsol-suma-capital.jpg",50,29,false],"xl":["https:\/\/v2charge.com\/wp-content\/uploads\/2024\/10\/inversion-repsol-suma-capital.jpg",960,560,false],"xxl":["https:\/\/v2charge.com\/wp-content\/uploads\/2024\/10\/inversion-repsol-suma-capital.jpg",960,560,false],"xxxl":["https:\/\/v2charge.com\/wp-content\/uploads\/2024\/10\/inversion-repsol-suma-capital.jpg",960,560,false],"xxxxl":["https:\/\/v2charge.com\/wp-content\/uploads\/2024\/10\/inversion-repsol-suma-capital.jpg",960,560,false],"xxxxxl":["https:\/\/v2charge.com\/wp-content\/uploads\/2024\/10\/inversion-repsol-suma-capital.jpg",960,560,false],"1536x1536":["https:\/\/v2charge.com\/wp-content\/uploads\/2024\/10\/inversion-repsol-suma-capital.jpg",960,560,false],"2048x2048":["https:\/\/v2charge.com\/wp-content\/uploads\/2024\/10\/inversion-repsol-suma-capital.jpg",960,560,false]},"uagb_author_info":{"display_name":"V2C","author_link":"https:\/\/v2charge.com\/es\/author\/marketing\/"},"uagb_comment_info":0,"uagb_excerpt":"V2C, empresa valenciana dedicada al dise\u00f1o y desarrollo de cargadores inteligentes para veh\u00edculos el\u00e9ctricos, ha cerrado una ronda de inversi\u00f3n de 5 millones de euros liderada por SC Net Zero Ventures, el fondo gestionado por Suma Capital en alianza estrat\u00e9gica con Repsol como inversor ancla. Esta financiaci\u00f3n permitir\u00e1 a la compa\u00f1\u00eda impulsar su crecimiento en&hellip;","_links":{"self":[{"href":"https:\/\/v2charge.com\/es\/wp-json\/wp\/v2\/posts\/184149","targetHints":{"allow":["GET"]}}],"collection":[{"href":"https:\/\/v2charge.com\/es\/wp-json\/wp\/v2\/posts"}],"about":[{"href":"https:\/\/v2charge.com\/es\/wp-json\/wp\/v2\/types\/post"}],"author":[{"embeddable":true,"href":"https:\/\/v2charge.com\/es\/wp-json\/wp\/v2\/users\/400"}],"replies":[{"embeddable":true,"href":"https:\/\/v2charge.com\/es\/wp-json\/wp\/v2\/comments?post=184149"}],"version-history":[{"count":1,"href":"https:\/\/v2charge.com\/es\/wp-json\/wp\/v2\/posts\/184149\/revisions"}],"predecessor-version":[{"id":184166,"href":"https:\/\/v2charge.com\/es\/wp-json\/wp\/v2\/posts\/184149\/revisions\/184166"}],"wp:featuredmedia":[{"embeddable":true,"href":"https:\/\/v2charge.com\/es\/wp-json\/wp\/v2\/media\/184156"}],"wp:attachment":[{"href":"https:\/\/v2charge.com\/es\/wp-json\/wp\/v2\/media?parent=184149"}],"wp:term":[{"taxonomy":"category","embeddable":true,"href":"https:\/\/v2charge.com\/es\/wp-json\/wp\/v2\/categories?post=184149"},{"taxonomy":"post_tag","embeddable":true,"href":"https:\/\/v2charge.com\/es\/wp-json\/wp\/v2\/tags?post=184149"}],"curies":[{"name":"wp","href":"https:\/\/api.w.org\/{rel}","templated":true}]}}