{"id":205260,"date":"2025-02-10T13:18:39","date_gmt":"2025-02-10T11:18:39","guid":{"rendered":"https:\/\/v2charge.com\/?p=205260"},"modified":"2025-09-08T16:06:08","modified_gmt":"2025-09-08T14:06:08","slug":"nuevo-tesla-model-y-juniper-precio-coche-electrico","status":"publish","type":"post","link":"https:\/\/v2charge.com\/es\/nuevo-tesla-model-y-juniper-precio-coche-electrico\/","title":{"rendered":"Nuevo Tesla Model Y Juniper: El SUV el\u00e9ctrico que redefine el futuro de la movilidad"},"content":{"rendered":"<p>El <strong>Tesla Model Y Juniper<\/strong> ya ha llegado y promete marcar un antes y un despu\u00e9s en la movilidad el\u00e9ctrica. Con un <strong>dise\u00f1o renovado, mayor autonom\u00eda y un equipamiento tecnol\u00f3gico avanzado<\/strong>, este SUV el\u00e9ctrico sigue consolid\u00e1ndose como una referencia en el mercado. Pero, \u00bfqu\u00e9 hace que esta actualizaci\u00f3n sea tan esperada? Te contamos todos los detalles de su pr\u00f3ximo lanzamiento.<\/p>\n<h2>Dise\u00f1o mejorado y aerodin\u00e1mica optimizada: las mejoras del nuevo Tesla Model Y Juniper<\/h2>\n<p>El <strong>nuevo Tesla Model Y Juniper<\/strong> <strong>mantiene la esencia del modelo original de Tesla que fue lanzado en 2020<\/strong>, y ahora viene con amplias mejoras en su dise\u00f1o para su pr\u00f3ximo lanzamiento en marzo. El nuevo Model Y ser\u00e1 cuatro cent\u00edmetros m\u00e1s largo que su predecesor y cuenta con un frontal m\u00e1s bajo. Este frontal aporta al Juniper un dise\u00f1o m\u00e1s aerodin\u00e1mico y mejora as\u00ed su eficiencia energ\u00e9tica.<\/p>\n<p>Adem\u00e1s de los detalles que afectan directamente a la conducci\u00f3n, el nuevo Model Y Juniper incorpora una barra de luz LED en su frontal y otra en su parte trasera.<strong> La nueva firma lum\u00ednica de Tesla<\/strong> que ya vimos en el Cybertruck le aporta una apariencia m\u00e1s moderna y agresiva.<\/p>\n<h3>El nuevo Model Y Juniper, un frente m\u00e1s bajo y l\u00edneas estilizadas<\/h3>\n<p>Una de las caracter\u00edsticas m\u00e1s destacas del nuevo Modelo Juniper y que m\u00e1s valor aporta a este nuevo lanzamiento de Tesla es su frontal m\u00e1s bajo. Este decisi\u00f3n de dise\u00f1o lo convierte en <strong>un veh\u00edculo m\u00e1s veloz<\/strong>, con <strong>mejor aerodin\u00e1mica<\/strong> y asimismo <strong>mejora la autonom\u00eda<\/strong> de su predecesor. Gracias a las mejoras en eficiencia energ\u00e9tica, con menos energ\u00eda, Tesla promete recorrer muchos m\u00e1s kil\u00f3metros por mucho menos.<\/p>\n<p><img decoding=\"async\" class=\"alignnone size-full wp-image-205317\" src=\"https:\/\/v2charge.com\/wp-content\/uploads\/2025\/02\/tesla-model-y-juniper-lights.jpg\" alt=\"Nuevo Tesla Model Y Juniper\" width=\"960\" height=\"560\" srcset=\"https:\/\/v2charge.com\/wp-content\/uploads\/2025\/02\/tesla-model-y-juniper-lights.jpg 960w, https:\/\/v2charge.com\/wp-content\/uploads\/2025\/02\/tesla-model-y-juniper-lights-300x175.jpg 300w, https:\/\/v2charge.com\/wp-content\/uploads\/2025\/02\/tesla-model-y-juniper-lights-768x448.jpg 768w, https:\/\/v2charge.com\/wp-content\/uploads\/2025\/02\/tesla-model-y-juniper-lights-50x29.jpg 50w\" sizes=\"(max-width: 960px) 100vw, 960px\" \/><\/p>\n<p>Todo este nuevo dise\u00f1o <strong>est\u00e1 rematado con nuevos faros LED delanteros y traseros<\/strong>, que conforman una est\u00e9tica m\u00e1s futurista. Como hemos visto en los \u00faltimos eventos de Tesla, esta tendencia hacia lo futurista y revolucionario se ve reflejada en este nuevo Model Y Juniper.<\/p>\n<h3>Nuevos materiales y acabados interiores del nuevo Model Y<\/h3>\n<p>Como ya hemos visto en los \u00faltimos lanzamientos de la marca,<strong> los acabados premium y los accesorios ya son parte de la cultura esencial de Tesla<\/strong>. El nuevo Model Y no se queda detr\u00e1s e introduce nuevos materiales de alta calidad entre sus acabados.<\/p>\n<p>Tesla apuesta por <strong>acabados en aluminio<\/strong> para el exterior e interiores m\u00e1s interesantes, haciendo uso de <strong>textiles suaves al tacto<\/strong>, aportado m\u00e1s comodidad y confort a los ocupantes. Este nuevo Model Y adem\u00e1s incluye <strong>cristales ac\u00fasticos<\/strong> m\u00e1s avanzados que consiguen reducir el ruido aerodin\u00e1mico en hasta un 20%.<\/p>\n<p>Por si todas estas novedades no fueran suficientes, Tesla quiere seguir apostando por la comodidad de los pasajeros y ha incluido <strong>ventilaci\u00f3n en sus asientos delanteros con nuevos ajustes de ergonom\u00eda<\/strong>.<\/p>\n<p>En conclusi\u00f3n, el nuevo Tesla Model Y a\u00fana una mejora de autonom\u00eda gracias a un dise\u00f1o m\u00e1s aerodin\u00e1mico, y un dise\u00f1o interior mucho m\u00e1s c\u00f3modo y agradable, todo ello utilizando nuevos <strong>materiales de \u00faltima generaci\u00f3n mucho m\u00e1s sostenibles<\/strong>.<\/p>\n<h2>Un interior tecnol\u00f3gico y minimalista<\/h2>\n<p>El Tesla Model Y Juniper incorpora acabados en aluminio y textiles premium en su interior, sustituyendo los pl\u00e1sticos duros originales del Model Y. Tesla apuesta por <strong>materiales premium<\/strong> que mejoran la percepci\u00f3n de lujo y confort a bordo.<\/p>\n<p>Las novedades m\u00e1s destacadas de su renovado dise\u00f1o son:<\/p>\n<ul data-spread=\"false\">\n<li><strong>Pantalla t\u00e1ctil de 15,4 pulgadas<\/strong> con marco m\u00e1s delgado y mayor \u00e1rea de visualizaci\u00f3n.<\/li>\n<li><strong>Pantalla trasera de 8 pulgadas<\/strong> para los pasajeros, con acceso a climatizaci\u00f3n y entretenimiento.<\/li>\n<li><strong>Asientos delanteros ventilados<\/strong>, con mayor ergonom\u00eda y ajuste el\u00e9ctrico.<\/li>\n<li><strong>Nuevas llantas de 19 pulgadas<\/strong> optimizadas para mejorar la eficiencia aerodin\u00e1mica.<\/li>\n<\/ul>\n<p><img decoding=\"async\" class=\"alignnone size-full wp-image-205295\" src=\"https:\/\/v2charge.com\/wp-content\/uploads\/2025\/02\/tesla-model-y-juniper-wheels.jpg\" alt=\"Nuevo Tesla Model Y Juniper\" width=\"960\" height=\"560\" srcset=\"https:\/\/v2charge.com\/wp-content\/uploads\/2025\/02\/tesla-model-y-juniper-wheels.jpg 960w, https:\/\/v2charge.com\/wp-content\/uploads\/2025\/02\/tesla-model-y-juniper-wheels-300x175.jpg 300w, https:\/\/v2charge.com\/wp-content\/uploads\/2025\/02\/tesla-model-y-juniper-wheels-768x448.jpg 768w, https:\/\/v2charge.com\/wp-content\/uploads\/2025\/02\/tesla-model-y-juniper-wheels-50x29.jpg 50w\" sizes=\"(max-width: 960px) 100vw, 960px\" \/><\/p>\n<h2>Rendimiento y autonom\u00eda: m\u00e1s kil\u00f3metros con una sola carga<\/h2>\n<p>El nuevo Model Y Juniper se presentar\u00e1 con una edici\u00f3n especial de lanzamiento equipada con <strong>tracci\u00f3n total y una autonom\u00eda de hasta 568 km con una bater\u00eda de 75 kWh a\u00fan m\u00e1s<\/strong>\u00a0<strong>eficiente<\/strong>. Adem\u00e1s gracias a sus mejoras en la aerodin\u00e1mica, ahora acelera de 0 a 100 km\/h en solo 4,3 segundos y alcanza una velocidad m\u00e1xima de 201 km\/h.<\/p>\n<h3>Resumen especificaciones t\u00e9cnicas del nuevo Tesla Model Y Juniper<\/h3>\n<ul>\n<li><strong>Potencia total<\/strong>: 514 CV gracias a su doble motor.<\/li>\n<li><strong>Aceleraci\u00f3n<\/strong>: de 0 a 100 km\/h en solo 4,3 segundos.<\/li>\n<li><strong>Velocidad m\u00e1xima<\/strong>: 201 km\/h.<\/li>\n<li><strong>Autonom\u00eda<\/strong>: hasta 568 km con una sola carga.<\/li>\n<\/ul>\n<h2>Precio del Tesla Model Y Juniper en Espa\u00f1a<\/h2>\n<p>El <strong>Tesla Model Y Juniper<\/strong> ya se puede reservar en Espa\u00f1a con un precio de <strong>60.990 euros<\/strong> para la versi\u00f3n de lanzamiento, sin posibilidad de aplicar <strong>ayudas para comprar coche h\u00edbrido<\/strong> ni otros incentivos del Plan Moves debido a su precio, ya que supera los l\u00edmites para solicitar la ayuda.<\/p>\n<h3>Pr\u00f3ximas versiones del Tesla Model Y Juniper con precios m\u00e1s asequibles<\/h3>\n<p>En los pr\u00f3ximos meses, Tesla lanzar\u00e1 versiones con <strong>tracci\u00f3n trasera y cerca de 500 km de autonom\u00eda<\/strong>, con precios m\u00e1s asequibles en torno a los <strong>45.000 euros<\/strong>. Aunque las primeras versiones estar\u00e1n solo disponibles en los principales pa\u00edses del mundo, se espera que durante 2025 se expandan las entregas y fabricaci\u00f3n a todo el mundo.<\/p>\n<p>A medida que Tesla ampl\u00ede su gama de versiones, es posible que aparezcan modelos m\u00e1s asequibles que puedan beneficiarse de incentivos como el <strong>Plan Moves 2025 en Espa\u00f1a<\/strong>, que ofrece ayudas para la compra de veh\u00edculos el\u00e9ctricos y para la compra e instalaci\u00f3n de cargadores de coche el\u00e9ctrico.<\/p>\n<p><img decoding=\"async\" class=\"alignnone size-full wp-image-205328\" src=\"https:\/\/v2charge.com\/wp-content\/uploads\/2025\/02\/tesla-model-y-juniper-security.jpg\" alt=\"Nuevo Tesla Model Y Juniper\" width=\"960\" height=\"560\" srcset=\"https:\/\/v2charge.com\/wp-content\/uploads\/2025\/02\/tesla-model-y-juniper-security.jpg 960w, https:\/\/v2charge.com\/wp-content\/uploads\/2025\/02\/tesla-model-y-juniper-security-300x175.jpg 300w, https:\/\/v2charge.com\/wp-content\/uploads\/2025\/02\/tesla-model-y-juniper-security-768x448.jpg 768w, https:\/\/v2charge.com\/wp-content\/uploads\/2025\/02\/tesla-model-y-juniper-security-50x29.jpg 50w\" sizes=\"(max-width: 960px) 100vw, 960px\" \/><\/p>\n<h2>La importancia de contar con un cargador de coche el\u00e9ctrico en casa<\/h2>\n<p>La llegada de modelos con mayor autonom\u00eda y prestaciones hace que la <strong>instalaci\u00f3n de un cargador de coche el\u00e9ctrico<\/strong> en casa sea una inversi\u00f3n cada vez m\u00e1s asequible. Contar con un punto de recarga propio permite aprovechar tarifas nocturnas m\u00e1s econ\u00f3micas y asegurar una carga r\u00e1pida y eficiente.<\/p>\n<p>Elegir el cargador adecuado es esencial para aprovechar al m\u00e1ximo tu veh\u00edculo el\u00e9ctrico. Algunos factores clave a considerar incluyen:<\/p>\n<ul>\n<li><strong>Potencia de carga<\/strong>: aseg\u00farate de que el cargador pueda ofrecer suficiente potencia para tiempos de carga r\u00e1pidos.<\/li>\n<li><strong>Compatibilidad<\/strong>: verifica que sea compatible con el sistema de carga del Tesla Model Y Juniper.<\/li>\n<li><strong>Instalaci\u00f3n profesional<\/strong>: contar con expertos garantiza una instalaci\u00f3n segura y eficiente.<\/li>\n<\/ul>\n<p>En <strong>V2C<\/strong>, fabricamos cargadores inteligentes con integraci\u00f3n directa con inversores y medidores de energ\u00eda, garantizando una gesti\u00f3n \u00f3ptima del consumo el\u00e9ctrico. Si est\u00e1s pensando en adquirir el <strong>nuevo Tesla Model Y Juniper<\/strong>, te ayudamos a encontrar el mejor <strong>cargador de coche el\u00e9ctrico<\/strong> y a gestionar la <strong>instalaci\u00f3n de tu cargador de coche el\u00e9ctrico<\/strong> con nuestra red de <strong><a href=\"https:\/\/v2charge.com\/es\/encuentra-tu-instalador\/\">instaladores de cargadores de coche el\u00e9ctrico<\/a><\/strong> profesionales. Te recomendamos nuestro art\u00edculo sobre el <strong><a href=\"https:\/\/v2charge.com\/es\/precio-instalar-cargador-coche-electrico\/\">precio de instalar un cargador de coche el\u00e9ctrico<\/a><\/strong>.<\/p>\n<h2>El redise\u00f1o del Tesla Model Y Juniper el siguiente paso en la movilidad el\u00e9ctrica<\/h2>\n<p>El <strong>Tesla Model Y Juniper<\/strong> representa la evoluci\u00f3n que todos esper\u00e1bamos en el segmento de los SUV el\u00e9ctricos. Con mejoras en dise\u00f1o, rendimiento y tecnolog\u00eda, se ha convertir\u00e1 en una de las opciones m\u00e1s atractivas para quienes buscan un veh\u00edculo el\u00e9ctrico de \u00faltima generaci\u00f3n.<\/p>\n<p><a href=\"https:\/\/v2charge.com\/es\/trydan\/\"><img decoding=\"async\" class=\"alignnone size-full wp-image-244163\" src=\"https:\/\/v2charge.com\/wp-content\/uploads\/2025\/08\/cargador-coche-electrico-mas-inteligente-descubre-trydan.jpg\" alt=\"\" width=\"818\" height=\"818\" srcset=\"https:\/\/v2charge.com\/wp-content\/uploads\/2025\/08\/cargador-coche-electrico-mas-inteligente-descubre-trydan.jpg 818w, https:\/\/v2charge.com\/wp-content\/uploads\/2025\/08\/cargador-coche-electrico-mas-inteligente-descubre-trydan-300x300.jpg 300w, https:\/\/v2charge.com\/wp-content\/uploads\/2025\/08\/cargador-coche-electrico-mas-inteligente-descubre-trydan-150x150.jpg 150w, https:\/\/v2charge.com\/wp-content\/uploads\/2025\/08\/cargador-coche-electrico-mas-inteligente-descubre-trydan-768x768.jpg 768w, https:\/\/v2charge.com\/wp-content\/uploads\/2025\/08\/cargador-coche-electrico-mas-inteligente-descubre-trydan-50x50.jpg 50w\" sizes=\"(max-width: 818px) 100vw, 818px\" \/><\/a><\/p>\n","protected":false},"excerpt":{"rendered":"<p>El Tesla Model Y Juniper ya ha llegado y promete marcar un antes y un despu\u00e9s en la movilidad el\u00e9ctrica. Con un dise\u00f1o renovado, mayor autonom\u00eda y un equipamiento tecnol\u00f3gico avanzado, este SUV el\u00e9ctrico sigue consolid\u00e1ndose como una referencia en el mercado. Pero, \u00bfqu\u00e9 hace que esta actualizaci\u00f3n sea tan esperada? Te contamos todos los &#8230; <a title=\"Nuevo Tesla Model Y Juniper: El SUV el\u00e9ctrico que redefine el futuro de la movilidad\" class=\"read-more\" href=\"https:\/\/v2charge.com\/es\/nuevo-tesla-model-y-juniper-precio-coche-electrico\/\" aria-label=\"Leer m\u00e1s sobre Nuevo Tesla Model Y Juniper: El SUV el\u00e9ctrico que redefine el futuro de la movilidad\">Leer m\u00e1s<\/a><\/p>\n","protected":false},"author":400,"featured_media":205306,"comment_status":"open","ping_status":"open","sticky":false,"template":"","format":"standard","meta":{"_eb_attr":"","content-type":"","_uag_custom_page_level_css":"","footnotes":""},"categories":[7455,6,7456],"tags":[],"class_list":["post-205260","post","type-post","status-publish","format-standard","has-post-thumbnail","hentry","category-coches-electricos","category-e-mobility"],"yoast_head":"<!-- This site is optimized with the Yoast SEO plugin v25.3.1 - https:\/\/yoast.com\/wordpress\/plugins\/seo\/ -->\n<title>Nuevo Tesla Model Y Juniper: Ya puedes reservarlo en Europa<\/title>\n<meta name=\"description\" content=\"Descubre todas las caracter\u00edsticas del nuevo Tesla Model Y Juniper. El modelo m\u00e1s esperado de Tesla. | Precio Tesla Model Y Juniper\" \/>\n<meta name=\"robots\" content=\"index, follow, max-snippet:-1, max-image-preview:large, max-video-preview:-1\" \/>\n<link rel=\"canonical\" href=\"https:\/\/v2charge.com\/es\/nuevo-tesla-model-y-juniper-precio-coche-electrico\/\" \/>\n<meta property=\"og:locale\" content=\"es_ES\" \/>\n<meta property=\"og:type\" content=\"article\" \/>\n<meta property=\"og:title\" content=\"Nuevo Tesla Model Y Juniper: Ya puedes reservarlo en Europa\" \/>\n<meta property=\"og:description\" content=\"Descubre todas las caracter\u00edsticas del nuevo Tesla Model Y Juniper. El modelo m\u00e1s esperado de Tesla. | Precio Tesla Model Y Juniper\" \/>\n<meta property=\"og:url\" content=\"https:\/\/v2charge.com\/es\/nuevo-tesla-model-y-juniper-precio-coche-electrico\/\" \/>\n<meta property=\"og:site_name\" content=\"V2C\" \/>\n<meta property=\"article:publisher\" content=\"https:\/\/www.facebook.com\/V2C.Charge\" \/>\n<meta property=\"article:published_time\" content=\"2025-02-10T11:18:39+00:00\" \/>\n<meta property=\"article:modified_time\" content=\"2025-09-08T14:06:08+00:00\" \/>\n<meta property=\"og:image\" content=\"https:\/\/v2charge.com\/wp-content\/uploads\/2025\/02\/tesla-model-y-juniper-exterior.jpg\" \/>\n\t<meta property=\"og:image:width\" content=\"960\" \/>\n\t<meta property=\"og:image:height\" content=\"560\" \/>\n\t<meta property=\"og:image:type\" content=\"image\/jpeg\" \/>\n<meta name=\"author\" content=\"V2C\" \/>\n<meta name=\"twitter:card\" content=\"summary_large_image\" \/>\n<meta name=\"twitter:creator\" content=\"@V2C_Charge\" \/>\n<meta name=\"twitter:site\" content=\"@V2C_Charge\" \/>\n<meta name=\"twitter:label1\" content=\"Escrito por\" \/>\n\t<meta name=\"twitter:data1\" content=\"V2C\" \/>\n\t<meta name=\"twitter:label2\" content=\"Tiempo de lectura\" \/>\n\t<meta name=\"twitter:data2\" content=\"7 minutos\" \/>\n<script type=\"application\/ld+json\" class=\"yoast-schema-graph\">{\"@context\":\"https:\/\/schema.org\",\"@graph\":[{\"@type\":\"Article\",\"@id\":\"https:\/\/v2charge.com\/es\/nuevo-tesla-model-y-juniper-precio-coche-electrico\/#article\",\"isPartOf\":{\"@id\":\"https:\/\/v2charge.com\/es\/nuevo-tesla-model-y-juniper-precio-coche-electrico\/\"},\"author\":{\"name\":\"V2C\",\"@id\":\"https:\/\/v2charge.com\/es\/#\/schema\/person\/d6f210a94a856acdddec347b2127fd0f\"},\"headline\":\"Nuevo Tesla Model Y Juniper: El SUV el\u00e9ctrico que redefine el futuro de la movilidad\",\"datePublished\":\"2025-02-10T11:18:39+00:00\",\"dateModified\":\"2025-09-08T14:06:08+00:00\",\"mainEntityOfPage\":{\"@id\":\"https:\/\/v2charge.com\/es\/nuevo-tesla-model-y-juniper-precio-coche-electrico\/\"},\"wordCount\":1272,\"commentCount\":0,\"publisher\":{\"@id\":\"https:\/\/v2charge.com\/es\/#organization\"},\"image\":{\"@id\":\"https:\/\/v2charge.com\/es\/nuevo-tesla-model-y-juniper-precio-coche-electrico\/#primaryimage\"},\"thumbnailUrl\":\"https:\/\/v2charge.com\/wp-content\/uploads\/2025\/02\/tesla-model-y-juniper-exterior.jpg\",\"articleSection\":[\"Coches el\u00e9ctricos\",\"e-mobility\",\"Modelos de coches el\u00e9ctricos\"],\"inLanguage\":\"es\",\"potentialAction\":[{\"@type\":\"CommentAction\",\"name\":\"Comment\",\"target\":[\"https:\/\/v2charge.com\/es\/nuevo-tesla-model-y-juniper-precio-coche-electrico\/#respond\"]}]},{\"@type\":\"WebPage\",\"@id\":\"https:\/\/v2charge.com\/es\/nuevo-tesla-model-y-juniper-precio-coche-electrico\/\",\"url\":\"https:\/\/v2charge.com\/es\/nuevo-tesla-model-y-juniper-precio-coche-electrico\/\",\"name\":\"Nuevo Tesla Model Y Juniper: Ya puedes reservarlo en Europa\",\"isPartOf\":{\"@id\":\"https:\/\/v2charge.com\/es\/#website\"},\"primaryImageOfPage\":{\"@id\":\"https:\/\/v2charge.com\/es\/nuevo-tesla-model-y-juniper-precio-coche-electrico\/#primaryimage\"},\"image\":{\"@id\":\"https:\/\/v2charge.com\/es\/nuevo-tesla-model-y-juniper-precio-coche-electrico\/#primaryimage\"},\"thumbnailUrl\":\"https:\/\/v2charge.com\/wp-content\/uploads\/2025\/02\/tesla-model-y-juniper-exterior.jpg\",\"datePublished\":\"2025-02-10T11:18:39+00:00\",\"dateModified\":\"2025-09-08T14:06:08+00:00\",\"description\":\"Descubre todas las caracter\u00edsticas del nuevo Tesla Model Y Juniper. El modelo m\u00e1s esperado de Tesla. | Precio Tesla Model Y Juniper\",\"breadcrumb\":{\"@id\":\"https:\/\/v2charge.com\/es\/nuevo-tesla-model-y-juniper-precio-coche-electrico\/#breadcrumb\"},\"inLanguage\":\"es\",\"potentialAction\":[{\"@type\":\"ReadAction\",\"target\":[\"https:\/\/v2charge.com\/es\/nuevo-tesla-model-y-juniper-precio-coche-electrico\/\"]}]},{\"@type\":\"ImageObject\",\"inLanguage\":\"es\",\"@id\":\"https:\/\/v2charge.com\/es\/nuevo-tesla-model-y-juniper-precio-coche-electrico\/#primaryimage\",\"url\":\"https:\/\/v2charge.com\/wp-content\/uploads\/2025\/02\/tesla-model-y-juniper-exterior.jpg\",\"contentUrl\":\"https:\/\/v2charge.com\/wp-content\/uploads\/2025\/02\/tesla-model-y-juniper-exterior.jpg\",\"width\":960,\"height\":560,\"caption\":\"Nuevo Tesla Model Y Juniper\"},{\"@type\":\"BreadcrumbList\",\"@id\":\"https:\/\/v2charge.com\/es\/nuevo-tesla-model-y-juniper-precio-coche-electrico\/#breadcrumb\",\"itemListElement\":[{\"@type\":\"ListItem\",\"position\":1,\"name\":\"V2C\",\"item\":\"https:\/\/v2charge.com\/es\/\"},{\"@type\":\"ListItem\",\"position\":2,\"name\":\"Modelos de coches el\u00e9ctricos\",\"item\":\"https:\/\/v2charge.com\/es\/e-mobility\/\"},{\"@type\":\"ListItem\",\"position\":3,\"name\":\"Nuevo Tesla Model Y Juniper: El SUV el\u00e9ctrico que redefine el futuro de la movilidad\"}]},{\"@type\":\"WebSite\",\"@id\":\"https:\/\/v2charge.com\/es\/#website\",\"url\":\"https:\/\/v2charge.com\/es\/\",\"name\":\"V2C\",\"description\":\"#CargandoElMa\u00f1ana\",\"publisher\":{\"@id\":\"https:\/\/v2charge.com\/es\/#organization\"},\"potentialAction\":[{\"@type\":\"SearchAction\",\"target\":{\"@type\":\"EntryPoint\",\"urlTemplate\":\"https:\/\/v2charge.com\/es\/?s={search_term_string}\"},\"query-input\":{\"@type\":\"PropertyValueSpecification\",\"valueRequired\":true,\"valueName\":\"search_term_string\"}}],\"inLanguage\":\"es\"},{\"@type\":\"Organization\",\"@id\":\"https:\/\/v2charge.com\/es\/#organization\",\"name\":\"V2C\",\"url\":\"https:\/\/v2charge.com\/es\/\",\"logo\":{\"@type\":\"ImageObject\",\"inLanguage\":\"es\",\"@id\":\"https:\/\/v2charge.com\/es\/#\/schema\/logo\/image\/\",\"url\":\"https:\/\/v2charge.com\/wp-content\/uploads\/2024\/11\/cropped-v2c-charge-logo-menu.png\",\"contentUrl\":\"https:\/\/v2charge.com\/wp-content\/uploads\/2024\/11\/cropped-v2c-charge-logo-menu.png\",\"width\":984,\"height\":431,\"caption\":\"V2C\"},\"image\":{\"@id\":\"https:\/\/v2charge.com\/es\/#\/schema\/logo\/image\/\"},\"sameAs\":[\"https:\/\/www.facebook.com\/V2C.Charge\",\"https:\/\/x.com\/V2C_Charge\",\"https:\/\/www.instagram.com\/v2c.charge\/\",\"https:\/\/www.youtube.com\/@V2C\",\"https:\/\/www.linkedin.com\/company\/v2c-chargers\/\"]},{\"@type\":\"Person\",\"@id\":\"https:\/\/v2charge.com\/es\/#\/schema\/person\/d6f210a94a856acdddec347b2127fd0f\",\"name\":\"V2C\",\"image\":{\"@type\":\"ImageObject\",\"inLanguage\":\"es\",\"@id\":\"https:\/\/v2charge.com\/es\/#\/schema\/person\/image\/\",\"url\":\"https:\/\/secure.gravatar.com\/avatar\/a91128c4c0d2f4d63bd586301fdec6cc9aa49c885839b25d1c62700f529f267c?s=96&d=mm&r=g\",\"contentUrl\":\"https:\/\/secure.gravatar.com\/avatar\/a91128c4c0d2f4d63bd586301fdec6cc9aa49c885839b25d1c62700f529f267c?s=96&d=mm&r=g\",\"caption\":\"V2C\"}}]}<\/script>\n<!-- \/ Yoast SEO plugin. -->","yoast_head_json":{"title":"Nuevo Tesla Model Y Juniper: Ya puedes reservarlo en Europa","description":"Descubre todas las caracter\u00edsticas del nuevo Tesla Model Y Juniper. El modelo m\u00e1s esperado de Tesla. | Precio Tesla Model Y Juniper","robots":{"index":"index","follow":"follow","max-snippet":"max-snippet:-1","max-image-preview":"max-image-preview:large","max-video-preview":"max-video-preview:-1"},"canonical":"https:\/\/v2charge.com\/es\/nuevo-tesla-model-y-juniper-precio-coche-electrico\/","og_locale":"es_ES","og_type":"article","og_title":"Nuevo Tesla Model Y Juniper: Ya puedes reservarlo en Europa","og_description":"Descubre todas las caracter\u00edsticas del nuevo Tesla Model Y Juniper. El modelo m\u00e1s esperado de Tesla. | Precio Tesla Model Y Juniper","og_url":"https:\/\/v2charge.com\/es\/nuevo-tesla-model-y-juniper-precio-coche-electrico\/","og_site_name":"V2C","article_publisher":"https:\/\/www.facebook.com\/V2C.Charge","article_published_time":"2025-02-10T11:18:39+00:00","article_modified_time":"2025-09-08T14:06:08+00:00","og_image":[{"width":960,"height":560,"url":"https:\/\/v2charge.com\/wp-content\/uploads\/2025\/02\/tesla-model-y-juniper-exterior.jpg","type":"image\/jpeg"}],"author":"V2C","twitter_card":"summary_large_image","twitter_creator":"@V2C_Charge","twitter_site":"@V2C_Charge","twitter_misc":{"Escrito por":"V2C","Tiempo de lectura":"7 minutos"},"schema":{"@context":"https:\/\/schema.org","@graph":[{"@type":"Article","@id":"https:\/\/v2charge.com\/es\/nuevo-tesla-model-y-juniper-precio-coche-electrico\/#article","isPartOf":{"@id":"https:\/\/v2charge.com\/es\/nuevo-tesla-model-y-juniper-precio-coche-electrico\/"},"author":{"name":"V2C","@id":"https:\/\/v2charge.com\/es\/#\/schema\/person\/d6f210a94a856acdddec347b2127fd0f"},"headline":"Nuevo Tesla Model Y Juniper: El SUV el\u00e9ctrico que redefine el futuro de la movilidad","datePublished":"2025-02-10T11:18:39+00:00","dateModified":"2025-09-08T14:06:08+00:00","mainEntityOfPage":{"@id":"https:\/\/v2charge.com\/es\/nuevo-tesla-model-y-juniper-precio-coche-electrico\/"},"wordCount":1272,"commentCount":0,"publisher":{"@id":"https:\/\/v2charge.com\/es\/#organization"},"image":{"@id":"https:\/\/v2charge.com\/es\/nuevo-tesla-model-y-juniper-precio-coche-electrico\/#primaryimage"},"thumbnailUrl":"https:\/\/v2charge.com\/wp-content\/uploads\/2025\/02\/tesla-model-y-juniper-exterior.jpg","articleSection":["Coches el\u00e9ctricos","e-mobility","Modelos de coches el\u00e9ctricos"],"inLanguage":"es","potentialAction":[{"@type":"CommentAction","name":"Comment","target":["https:\/\/v2charge.com\/es\/nuevo-tesla-model-y-juniper-precio-coche-electrico\/#respond"]}]},{"@type":"WebPage","@id":"https:\/\/v2charge.com\/es\/nuevo-tesla-model-y-juniper-precio-coche-electrico\/","url":"https:\/\/v2charge.com\/es\/nuevo-tesla-model-y-juniper-precio-coche-electrico\/","name":"Nuevo Tesla Model Y Juniper: Ya puedes reservarlo en Europa","isPartOf":{"@id":"https:\/\/v2charge.com\/es\/#website"},"primaryImageOfPage":{"@id":"https:\/\/v2charge.com\/es\/nuevo-tesla-model-y-juniper-precio-coche-electrico\/#primaryimage"},"image":{"@id":"https:\/\/v2charge.com\/es\/nuevo-tesla-model-y-juniper-precio-coche-electrico\/#primaryimage"},"thumbnailUrl":"https:\/\/v2charge.com\/wp-content\/uploads\/2025\/02\/tesla-model-y-juniper-exterior.jpg","datePublished":"2025-02-10T11:18:39+00:00","dateModified":"2025-09-08T14:06:08+00:00","description":"Descubre todas las caracter\u00edsticas del nuevo Tesla Model Y Juniper. El modelo m\u00e1s esperado de Tesla. | Precio Tesla Model Y Juniper","breadcrumb":{"@id":"https:\/\/v2charge.com\/es\/nuevo-tesla-model-y-juniper-precio-coche-electrico\/#breadcrumb"},"inLanguage":"es","potentialAction":[{"@type":"ReadAction","target":["https:\/\/v2charge.com\/es\/nuevo-tesla-model-y-juniper-precio-coche-electrico\/"]}]},{"@type":"ImageObject","inLanguage":"es","@id":"https:\/\/v2charge.com\/es\/nuevo-tesla-model-y-juniper-precio-coche-electrico\/#primaryimage","url":"https:\/\/v2charge.com\/wp-content\/uploads\/2025\/02\/tesla-model-y-juniper-exterior.jpg","contentUrl":"https:\/\/v2charge.com\/wp-content\/uploads\/2025\/02\/tesla-model-y-juniper-exterior.jpg","width":960,"height":560,"caption":"Nuevo Tesla Model Y Juniper"},{"@type":"BreadcrumbList","@id":"https:\/\/v2charge.com\/es\/nuevo-tesla-model-y-juniper-precio-coche-electrico\/#breadcrumb","itemListElement":[{"@type":"ListItem","position":1,"name":"V2C","item":"https:\/\/v2charge.com\/es\/"},{"@type":"ListItem","position":2,"name":"Modelos de coches el\u00e9ctricos","item":"https:\/\/v2charge.com\/es\/e-mobility\/"},{"@type":"ListItem","position":3,"name":"Nuevo Tesla Model Y Juniper: El SUV el\u00e9ctrico que redefine el futuro de la movilidad"}]},{"@type":"WebSite","@id":"https:\/\/v2charge.com\/es\/#website","url":"https:\/\/v2charge.com\/es\/","name":"V2C","description":"#CargandoElMa\u00f1ana","publisher":{"@id":"https:\/\/v2charge.com\/es\/#organization"},"potentialAction":[{"@type":"SearchAction","target":{"@type":"EntryPoint","urlTemplate":"https:\/\/v2charge.com\/es\/?s={search_term_string}"},"query-input":{"@type":"PropertyValueSpecification","valueRequired":true,"valueName":"search_term_string"}}],"inLanguage":"es"},{"@type":"Organization","@id":"https:\/\/v2charge.com\/es\/#organization","name":"V2C","url":"https:\/\/v2charge.com\/es\/","logo":{"@type":"ImageObject","inLanguage":"es","@id":"https:\/\/v2charge.com\/es\/#\/schema\/logo\/image\/","url":"https:\/\/v2charge.com\/wp-content\/uploads\/2024\/11\/cropped-v2c-charge-logo-menu.png","contentUrl":"https:\/\/v2charge.com\/wp-content\/uploads\/2024\/11\/cropped-v2c-charge-logo-menu.png","width":984,"height":431,"caption":"V2C"},"image":{"@id":"https:\/\/v2charge.com\/es\/#\/schema\/logo\/image\/"},"sameAs":["https:\/\/www.facebook.com\/V2C.Charge","https:\/\/x.com\/V2C_Charge","https:\/\/www.instagram.com\/v2c.charge\/","https:\/\/www.youtube.com\/@V2C","https:\/\/www.linkedin.com\/company\/v2c-chargers\/"]},{"@type":"Person","@id":"https:\/\/v2charge.com\/es\/#\/schema\/person\/d6f210a94a856acdddec347b2127fd0f","name":"V2C","image":{"@type":"ImageObject","inLanguage":"es","@id":"https:\/\/v2charge.com\/es\/#\/schema\/person\/image\/","url":"https:\/\/secure.gravatar.com\/avatar\/a91128c4c0d2f4d63bd586301fdec6cc9aa49c885839b25d1c62700f529f267c?s=96&d=mm&r=g","contentUrl":"https:\/\/secure.gravatar.com\/avatar\/a91128c4c0d2f4d63bd586301fdec6cc9aa49c885839b25d1c62700f529f267c?s=96&d=mm&r=g","caption":"V2C"}}]}},"uagb_featured_image_src":{"full":["https:\/\/v2charge.com\/wp-content\/uploads\/2025\/02\/tesla-model-y-juniper-exterior.jpg",960,560,false],"thumbnail":["https:\/\/v2charge.com\/wp-content\/uploads\/2025\/02\/tesla-model-y-juniper-exterior-150x150.jpg",150,150,true],"medium":["https:\/\/v2charge.com\/wp-content\/uploads\/2025\/02\/tesla-model-y-juniper-exterior-300x175.jpg",300,175,true],"medium_large":["https:\/\/v2charge.com\/wp-content\/uploads\/2025\/02\/tesla-model-y-juniper-exterior-768x448.jpg",768,448,true],"large":["https:\/\/v2charge.com\/wp-content\/uploads\/2025\/02\/tesla-model-y-juniper-exterior.jpg",960,560,false],"gs-tiny":["https:\/\/v2charge.com\/wp-content\/uploads\/2025\/02\/tesla-model-y-juniper-exterior-50x29.jpg",50,29,true],"xl":["https:\/\/v2charge.com\/wp-content\/uploads\/2025\/02\/tesla-model-y-juniper-exterior.jpg",960,560,false],"xxl":["https:\/\/v2charge.com\/wp-content\/uploads\/2025\/02\/tesla-model-y-juniper-exterior.jpg",960,560,false],"xxxl":["https:\/\/v2charge.com\/wp-content\/uploads\/2025\/02\/tesla-model-y-juniper-exterior.jpg",960,560,false],"xxxxl":["https:\/\/v2charge.com\/wp-content\/uploads\/2025\/02\/tesla-model-y-juniper-exterior.jpg",960,560,false],"xxxxxl":["https:\/\/v2charge.com\/wp-content\/uploads\/2025\/02\/tesla-model-y-juniper-exterior.jpg",960,560,false],"1536x1536":["https:\/\/v2charge.com\/wp-content\/uploads\/2025\/02\/tesla-model-y-juniper-exterior.jpg",960,560,false],"2048x2048":["https:\/\/v2charge.com\/wp-content\/uploads\/2025\/02\/tesla-model-y-juniper-exterior.jpg",960,560,false]},"uagb_author_info":{"display_name":"V2C","author_link":"https:\/\/v2charge.com\/es\/author\/marketing\/"},"uagb_comment_info":0,"uagb_excerpt":"El Tesla Model Y Juniper ya ha llegado y promete marcar un antes y un despu\u00e9s en la movilidad el\u00e9ctrica. Con un dise\u00f1o renovado, mayor autonom\u00eda y un equipamiento tecnol\u00f3gico avanzado, este SUV el\u00e9ctrico sigue consolid\u00e1ndose como una referencia en el mercado. Pero, \u00bfqu\u00e9 hace que esta actualizaci\u00f3n sea tan esperada? Te contamos todos los&hellip;","_links":{"self":[{"href":"https:\/\/v2charge.com\/es\/wp-json\/wp\/v2\/posts\/205260","targetHints":{"allow":["GET"]}}],"collection":[{"href":"https:\/\/v2charge.com\/es\/wp-json\/wp\/v2\/posts"}],"about":[{"href":"https:\/\/v2charge.com\/es\/wp-json\/wp\/v2\/types\/post"}],"author":[{"embeddable":true,"href":"https:\/\/v2charge.com\/es\/wp-json\/wp\/v2\/users\/400"}],"replies":[{"embeddable":true,"href":"https:\/\/v2charge.com\/es\/wp-json\/wp\/v2\/comments?post=205260"}],"version-history":[{"count":5,"href":"https:\/\/v2charge.com\/es\/wp-json\/wp\/v2\/posts\/205260\/revisions"}],"predecessor-version":[{"id":247912,"href":"https:\/\/v2charge.com\/es\/wp-json\/wp\/v2\/posts\/205260\/revisions\/247912"}],"wp:featuredmedia":[{"embeddable":true,"href":"https:\/\/v2charge.com\/es\/wp-json\/wp\/v2\/media\/205306"}],"wp:attachment":[{"href":"https:\/\/v2charge.com\/es\/wp-json\/wp\/v2\/media?parent=205260"}],"wp:term":[{"taxonomy":"category","embeddable":true,"href":"https:\/\/v2charge.com\/es\/wp-json\/wp\/v2\/categories?post=205260"},{"taxonomy":"post_tag","embeddable":true,"href":"https:\/\/v2charge.com\/es\/wp-json\/wp\/v2\/tags?post=205260"}],"curies":[{"name":"wp","href":"https:\/\/api.w.org\/{rel}","templated":true}]}}