{"id":311690,"date":"2024-10-02T10:00:00","date_gmt":"2024-10-02T08:00:00","guid":{"rendered":""},"modified":"2025-12-15T17:55:06","modified_gmt":"2025-12-15T15:55:06","slug":"bmw-i8-ladattava-hybridiurheiluauto-jolla-bmw-teki-historiaa","status":"publish","type":"post","link":"https:\/\/v2charge.com\/fi\/bmw-i8-ladattava-hybridiurheiluauto-jolla-bmw-teki-historiaa\/","title":{"rendered":"BMW i8, ladattava hybridiurheiluauto, jolla BMW teki historiaa"},"content":{"rendered":"<p>Vuonna 2014 BMW lanseerasi markkinoille yhden historian innovatiivisimmista autoista: BMW i8. T\u00e4m\u00e4 <strong>ladattava hybridisportti<\/strong> ei ainoastaan muuttanut tapaamme ymm\u00e4rt\u00e4\u00e4 korkeatehoisia s\u00e4hk\u00f6ajoneuvoja, vaan se my\u00f6s <strong>merkitsi virstanpylv\u00e4st\u00e4 autodesignissa futuristisella muotoilullaan<\/strong>. Alkaen <strong>129 900 euron hintapisteest\u00e4<\/strong>, BMW i8 tarjosi t\u00e4ydellisen tasapainon tehon ja tehokkuuden v\u00e4lill\u00e4, asettuen h\u00e4iritsev\u00e4ksi vaihtoehdoksi urheiluautojen maailmassa.<\/p>\n<p>Mutta mik\u00e4 tekee t\u00e4st\u00e4 mallista viel\u00e4kin mielenkiintoisemman, on sen kyky toimia s\u00e4hk\u00f6ajoneuvona yhdess\u00e4 tehokkaan bensiinimoottorin kanssa. V2C:ss\u00e4 erikoistumme tarjoamaan <strong>s\u00e4hk\u00f6ajoneuvojen latausratkaisuja<\/strong>, varmistaen ett\u00e4 sek\u00e4 innovaatio ett\u00e4 tehokkuus ovat l\u00e4sn\u00e4 jokaisessa latauksessa, ja t\u00e4ss\u00e4 artikkelissa haluamme kertoa sinulle t\u00e4m\u00e4n ikonisen hybridiauton tarinan.<\/p>\n<h2>Innovatiivinen muotoilu BMW i8 urheiluautossa<\/h2>\n<p>BMW i8 erottuu ei vain <strong>ladattavasta hybridimekaniikastaan<\/strong>, vaan my\u00f6s <strong>muotoilustaan<\/strong>. Ulkoisesti auto esittelee rohkeita linjoja ja aerodynaamista tyyli\u00e4, jossa jokainen kaari on suunniteltu <strong>optimoimaan ilmanvastusta<\/strong>. Sen aerodynaaminen kerroin <strong>0.26<\/strong> heijastaa sen kyky\u00e4 liikkua ketter\u00e4sti, s\u00e4ilytt\u00e4en samalla vaikuttavan ja futuristisen estetiikan. <strong>\u201cBlack Belt\u201d<\/strong> -muotoilu ja <strong>LED-ajovalot<\/strong> t\u00e4ydent\u00e4v\u00e4t visuaalista ilmett\u00e4, joka j\u00e4tt\u00e4\u00e4 pysyv\u00e4n j\u00e4ljen. T\u00e4m\u00e4 on tehnyt siit\u00e4 auton, joka on jo osa BMW:n historiaa ja on edelleen saatavilla k\u00e4ytettyjen autojen markkinoilla.<\/p>\n<h3>BMW i8 urheiluauton sis\u00e4tilat<\/h3>\n<p><strong>BMW i8:n sis\u00e4tilat eiv\u00e4t j\u00e4\u00e4 j\u00e4lkeen<\/strong>. Ohjaamo koostuu kevyist\u00e4 materiaaleista, kuten <strong>hiilikuituvahvistetusta polymeerist\u00e4 (CFRP)<\/strong>, mik\u00e4 takaa kevyen painon vaarantamatta turvallisuutta. Yhdistelm\u00e4 <strong>nahkaa, joka on k\u00e4sitelty oliivilehtiuutteilla<\/strong>, ja muita <strong>kest\u00e4vi\u00e4 materiaaleja<\/strong> korostaa BMW:n sitoutumista ekologisuuteen, tinkim\u00e4tt\u00e4 ylellisyydest\u00e4 ja mukavuudesta. Voimme todeta, ett\u00e4 yli 10 vuoden ajan BMW on ollut sitoutunut luomaan ajoneuvoja, jotka avaavat ovia seuraaville sukupolville s\u00e4hk\u00f6- ja hybridiautoissa.<\/p>\n<p><img decoding=\"async\" class=\"alignnone size-full wp-image-179610\" src=\"https:\/\/v2charge.com\/wp-content\/uploads\/2024\/09\/bmw-i8-hibrido-enchufable-exterior.jpg\" alt=\"BMW i8 ladattava hybridiauto\" width=\"960\" height=\"560\" srcset=\"https:\/\/v2charge.com\/wp-content\/uploads\/2024\/09\/bmw-i8-hibrido-enchufable-exterior.jpg 960w, https:\/\/v2charge.com\/wp-content\/uploads\/2024\/09\/bmw-i8-hibrido-enchufable-exterior-300x175.jpg 300w, https:\/\/v2charge.com\/wp-content\/uploads\/2024\/09\/bmw-i8-hibrido-enchufable-exterior-768x448.jpg 768w\" sizes=\"(max-width: 960px) 100vw, 960px\" \/><\/p>\n<h2>BMW i8 urheiluauton hybridimekaniikka<\/h2>\n<p><strong>Yksi t\u00e4rkeimmist\u00e4 ominaisuuksista, joka erottaa BMW i8:n muista urheiluautoista, on sen yhdistelm\u00e4 s\u00e4hk\u00f6moottoria ja polttomoottoria<\/strong>. Varustettuna 1,5 litran kolmisylinterisell\u00e4 BMW TwinPower Turbo -moottorilla, joka tuottaa 231 hevosvoimaa, ja s\u00e4hk\u00f6moottorilla, joka lis\u00e4\u00e4 131 hevosvoimaa, BMW i8 pystyy saavuttamaan <strong>yhteistehon 362 hevosvoimaa<\/strong>. T\u00e4m\u00e4 synergia mahdollistaa ajoneuvon <strong>kiihdytt\u00e4\u00e4 0-100 km\/h vain 4,4 sekunnissa<\/strong>, samalla kun se yll\u00e4pit\u00e4\u00e4 eritt\u00e4in alhaisia kulutustasoja, noin 2,5 litraa sadalla kilometrill\u00e4.<\/p>\n<p>Kiitos <strong>BMW EfficientDynamics -teknologian<\/strong>, molempien moottoreiden hallinta on t\u00e4ysin optimoitu, tarjoten ajokokemuksen, joka mukautuu k\u00e4ytt\u00e4j\u00e4n tarpeisiin. Ajo-tilat, jotka sis\u00e4lt\u00e4v\u00e4t vaihtoehtoja kuten &#8221;<strong>Confort<\/strong>&#8221; ja &#8221;<strong>Sport<\/strong>&#8221;, antavat kuljettajalle mahdollisuuden <strong>valita tehokkaan tai urheilullisen ajon<\/strong> mieltymysten tai ajokontekstin mukaan. T\u00e4m\u00e4 tekee BMW i8:sta, mielest\u00e4mme, <strong>eritt\u00e4in monipuolisen auton<\/strong> nopeuden yst\u00e4ville, jotka ovat sitoutuneet kest\u00e4vyyteen.<\/p>\n<p><img decoding=\"async\" class=\"alignnone size-full wp-image-179621\" src=\"https:\/\/v2charge.com\/wp-content\/uploads\/2024\/09\/bmw-i8-hibrido-enchufable.jpg\" alt=\"BMW i8 ladattava hybridiauto\" width=\"960\" height=\"560\" srcset=\"https:\/\/v2charge.com\/wp-content\/uploads\/2024\/09\/bmw-i8-hibrido-enchufable.jpg 960w, https:\/\/v2charge.com\/wp-content\/uploads\/2024\/09\/bmw-i8-hibrido-enchufable-300x175.jpg 300w, https:\/\/v2charge.com\/wp-content\/uploads\/2024\/09\/bmw-i8-hibrido-enchufable-768x448.jpg 768w\" sizes=\"(max-width: 960px) 100vw, 960px\" \/><\/p>\n<h2>BMW i8 ladattava hybridiauto: tehokas urheiluauto<\/h2>\n<p>Sen erityisin ominaisuus on, ett\u00e4 BMW i8 on ladattava hybridiauto, joka yhdist\u00e4\u00e4 tehon ja tehokkuuden. <strong>T\u00e4ysin s\u00e4hk\u00f6isess\u00e4 tilassa t\u00e4m\u00e4 auto voi kulkea jopa 35 kilometri\u00e4<\/strong>, mik\u00e4 on riitt\u00e4v\u00e4 kantama p\u00e4ivitt\u00e4isiin kaupunkimatkoihin. Lis\u00e4ksi, koska se on ladattava hybridi, se voidaan ladata helposti kotona tai latausasemilla.<\/p>\n<p>V2C:ss\u00e4 erikoistumme luomaan <strong><a href=\"https:\/\/v2charge.com\/fi\/\">s\u00e4hk\u00f6auton lataajia<\/a><\/strong>, jotka on suunniteltu optimoimaan latausprosessia kaikentyyppisille s\u00e4hk\u00f6autoille, kuten BMW i8:lle. Siksi tied\u00e4mme, ett\u00e4 nopean ja tehokkaan latauksen varmistaminen hybridiautojen yst\u00e4ville on v\u00e4ltt\u00e4m\u00e4t\u00f6nt\u00e4. Vaikka BMW i8 oli aikanaan vallankumous markkinoilla, nyky\u00e4\u00e4n on <strong><a href=\"https:\/\/v2charge.com\/fi\/top-8-pistokehybridiautoa-joissa-on-paras-toimintamatka\/\">ladattavia hybridej\u00e4, joilla on suurempi kantama<\/a><\/strong>, jotka m\u00e4\u00e4rittelev\u00e4t kest\u00e4v\u00e4n ajamisen kaupungeissamme.<\/p>\n<h2>BMW i8 urheiluauton ajotilat, kaikki versiot<\/h2>\n<p>BMW i8 tarjoaa useita ajotiloja, jotka mukautuvat erilaisiin tyyleihin ja tarpeisiin. Se on luotu k\u00e4ytett\u00e4v\u00e4ksi kaikissa tilanteissa, olipa kyseess\u00e4 kaupunki, s\u00e4hk\u00f6tilassa p\u00e4ivitt\u00e4isess\u00e4 k\u00e4yt\u00f6ss\u00e4 tai pitk\u00e4n matkan ajamiseen tehokkaalla bensiinimoottorilla.<\/p>\n<ul>\n<li><strong>Confort-tila:<\/strong> T\u00e4m\u00e4 tila mahdollistaa t\u00e4ysin s\u00e4hk\u00f6isen ajon jopa 65 km\/h nopeudella, ja polttomoottorin aktivoinnin korkeammilla nopeuksilla.<\/li>\n<li><strong>ECO Pro -tila:<\/strong> T\u00e4ss\u00e4 tilassa auto priorisoi tehokkuutta, k\u00e4ytt\u00e4en polttomoottoria vain, kun akku on alhainen tai korkeilla nopeuksilla.<\/li>\n<li><strong>Sport-tila:<\/strong> T\u00e4ss\u00e4 BMW i8 n\u00e4ytt\u00e4\u00e4 urheilullisempaa luonteenpiirrett\u00e4\u00e4n, k\u00e4ytt\u00e4en molempien moottoreiden koko tehoa tarjotakseen j\u00e4nnitt\u00e4v\u00e4n ajokokemuksen.<\/li>\n<\/ul>\n<h2>Kest\u00e4vyys urheiluautossa kuten BMW i8<\/h2>\n<p>BMW i8 on ikoninen korkeatehoinen urheiluauto, joka erottuu kest\u00e4vyys-symbolina. Jokainen yksityiskohta on huolellisesti suunniteltu <strong>v\u00e4hent\u00e4m\u00e4\u00e4n ymp\u00e4rist\u00f6vaikutuksiaan<\/strong>, kierr\u00e4tettyjen <strong>materiaalien<\/strong> k\u00e4yt\u00f6st\u00e4 sis\u00e4tiloissa aina <strong>voimansiirtoj\u00e4rjestelmien tehokkuuteen<\/strong>. Se, ett\u00e4 i8 on ladattava hybridi, mahdollistaa kuljettajien v\u00e4hent\u00e4\u00e4 CO2-p\u00e4\u00e4st\u00f6j\u00e4\u00e4n minimiin, erityisesti lyhyill\u00e4 matkoilla, jolloin voidaan k\u00e4ytt\u00e4\u00e4 vain s\u00e4hk\u00f6moottoria.<\/p>\n<p><img decoding=\"async\" class=\"alignnone size-full wp-image-179631\" src=\"https:\/\/v2charge.com\/wp-content\/uploads\/2024\/09\/bmw-i8-hibrido-enchufable-descapotable.jpg\" alt=\"BMW i8 ladattava hybridiauto\" width=\"960\" height=\"560\" srcset=\"https:\/\/v2charge.com\/wp-content\/uploads\/2024\/09\/bmw-i8-hibrido-enchufable-descapotable.jpg 960w, https:\/\/v2charge.com\/wp-content\/uploads\/2024\/09\/bmw-i8-hibrido-enchufable-descapotable-300x175.jpg 300w, https:\/\/v2charge.com\/wp-content\/uploads\/2024\/09\/bmw-i8-hibrido-enchufable-descapotable-768x448.jpg 768w\" sizes=\"(max-width: 960px) 100vw, 960px\" \/><\/p>\n<h2>BMW i8:n tuotannon p\u00e4\u00e4ttyminen, tulevaisuuden klassikko BMW:n mukaan<\/h2>\n<p>Vuonna 2020 BMW lopetti i8:n tuotannon, mutta <strong>sen perint\u00f6 yhten\u00e4 innovatiivisimmista urheiluautoista autoteollisuuden historiassa tulee kest\u00e4m\u00e4\u00e4n vuosia<\/strong>. T\u00e4m\u00e4 malli merkitsi tiet\u00e4 kohti ladattavien hybridiautojen tulevaisuutta, ja sen muotoilu yhdistettyn\u00e4 edistykselliseen teknologiaan tekee siit\u00e4 ikonisen auton, jota moottori-intoilijat tulevat arvostamaan.<\/p>\n<h2>Usein kysytyt kysymykset BMW i8 urheiluautosta kiinnostuneilta k\u00e4ytt\u00e4jilt\u00e4<\/h2>\n<p>Vaikka on totta, ett\u00e4 uusia BMW i8:ia ei en\u00e4\u00e4 valmisteta, voit edelleen l\u00f6yt\u00e4\u00e4 k\u00e4ytettyj\u00e4 ladattavia hybridej\u00e4. Tiivist\u00e4mme usein kysytyt kysymykset, joita asiakkaat etsiv\u00e4t BMW i8:sta.<\/p>\n<h3>Kuinka pitk\u00e4 on BMW i8:n kantama s\u00e4hk\u00f6tilassa?<\/h3>\n<p>BMW i8 voi kulkea <strong>jopa 35 kilometri\u00e4 t\u00e4ysin s\u00e4hk\u00f6tilassa<\/strong>, mik\u00e4 on ihanteellinen lyhyille kaupunkimatkoille.<\/p>\n<h3>Kuinka paljon BMW i8 ladattava hybridiauto maksaa?<\/h3>\n<p><strong>BMW i8:n hinta alkoi 129 900 eurosta<\/strong> sen lanseerauksessa, mutta se voi vaihdella mallin ja lis\u00e4varusteiden mukaan.<\/p>\n<h3>Mink\u00e4 tyyppinen lataaja on yhteensopiva BMW i8:n kanssa?<\/h3>\n<p><strong>BMW i8 on yhteensopiva s\u00e4hk\u00f6auton lataajien <a href=\"https:\/\/v2charge.com\/fi\/mennekes-tyyppi-2-liitin-ominaisuudet-ja-edut\/\">mennekes tyyppi 2<\/a><\/strong> kanssa. V2C:ss\u00e4 tarjoamme <strong><a href=\"https:\/\/v2charge.com\/fi\/\">s\u00e4hk\u00f6auton lataajia<\/a><\/strong>, jotka optimoivat latausprosessin ja takaavat energiatehokkuuden.<\/p>\n<h3>Onko tarpeen asentaa latauspiste kotiin BMW i8:lle?<\/h3>\n<p>Vaikka se ei ole pakollista, latauspisteen asentaminen kotiin <strong>helpottaa latausprosessia huomattavasti<\/strong> ja varmistaa, ett\u00e4 ajoneuvo on aina k\u00e4ytt\u00f6valmis.<\/p>\n<h3>Kuinka kauan BMW i8:n lataaminen kest\u00e4\u00e4 kokonaan?<\/h3>\n<p><strong>Latausaika vaihtelee lataajan tyypin mukaan<\/strong>, mutta V2C-lataajalla voit odottaa lyhyempi\u00e4 latausaikoja ja parempaa energiatehokkuutta.<\/p>\n<h3>Mitk\u00e4 ovat BMW i8:n ajotilat?<\/h3>\n<p><strong>BMW i8 tarjoaa kolme p\u00e4\u00e4asiallista ajotilaa: Confort, ECO Pro ja Sport<\/strong>, jokainen s\u00e4\u00e4detty maksimoimaan tehokkuuden tai urheilullisen suorituskyvyn.<\/p>\n<h2>BMW i8 on jo osa BMW:n historiaa<\/h2>\n<p>Innovatiivisella <strong>ladattavalla hybriditeknologiallaan<\/strong>, futuristisella <strong>muotoilullaan<\/strong> ja <strong>sitoutumisellaan kest\u00e4vyyteen<\/strong>, BMW i8 on j\u00e4tt\u00e4nyt pysyv\u00e4n j\u00e4ljen automaailman ja BMW:n historiaan. V2C:ss\u00e4 olemme ylpeit\u00e4 voidessamme jatkaa s\u00e4hk\u00f6isen liikkuvuuden m\u00e4\u00e4rittely\u00e4 tulevaisuudessa mahdollisimman kest\u00e4v\u00e4sti, kuten BMW i8 aikoinaan teki.<\/p>\n<p>Muista, ett\u00e4 jos sinulla on kysymyksi\u00e4 s\u00e4hk\u00f6isest\u00e4 liikkuvuudesta, voit ottaa meihin yhteytt\u00e4. Lis\u00e4ksi, jos etsit lataajaa s\u00e4hk\u00f6ajoneuvollesi, verkostomme <strong><a href=\"https:\/\/v2charge.com\/fihttps:\/\/v2charge.com\/fi\/bmw-esittelee-uuden-bmw-ix3-2026-ja-avaa-neue-klasse-ajancuentra-tu-instalador\/\">s\u00e4hk\u00f6auton lataajien asentajia<\/a><\/strong> on k\u00e4ytett\u00e4viss\u00e4si.<\/p>\n<div class=\"wp-block-uagb-image uagb-block-1a18c336 wp-block-uagb-image--layout-default wp-block-uagb-image--effect-static wp-block-uagb-image--align-none uag-hide-desktop\"><figure class=\"wp-block-uagb-image__figure\"><a class=\"\" href=\"https:\/\/v2charge.com\/fi\/trydan-2\/\" target=\"\" rel=\"noopener\"><img decoding=\"async\" srcset=\"https:\/\/v2charge.com\/wp-content\/uploads\/2024\/06\/necesitas-cargador-coche-electrico.jpg ,https:\/\/v2charge.com\/wp-content\/uploads\/2024\/06\/necesitas-cargador-coche-electrico.jpg 780w, https:\/\/v2charge.com\/wp-content\/uploads\/2024\/06\/necesitas-cargador-coche-electrico.jpg 360w\" sizes=\"auto, (max-width: 480px) 150px\" src=\"https:\/\/v2charge.com\/wp-content\/uploads\/2024\/06\/necesitas-cargador-coche-electrico.jpg\" alt=\"\u00bfNecesitas un cargador de coche el\u00e9ctrico?\" class=\"uag-image-160960\" width=\"818\" height=\"818\" title=\"necesitas-cargador-coche-electrico\" loading=\"lazy\" role=\"img\"\/><\/a><\/figure><\/div>\n\n\n\n<div class=\"wp-block-uagb-image uagb-block-60810aee wp-block-uagb-image--layout-default wp-block-uagb-image--effect-static wp-block-uagb-image--align-none uag-hide-tab uag-hide-mob\"><figure class=\"wp-block-uagb-image__figure\"><a class=\"\" href=\"https:\/\/v2charge.com\/fi\/trydan-2\/\" target=\"\" rel=\"noopener\"><img decoding=\"async\" srcset=\"https:\/\/v2charge.com\/wp-content\/uploads\/2024\/06\/necesitas-un-cargador-coche-electrico.jpg ,https:\/\/v2charge.com\/wp-content\/uploads\/2024\/06\/necesitas-un-cargador-coche-electrico.jpg 780w, https:\/\/v2charge.com\/wp-content\/uploads\/2024\/06\/necesitas-un-cargador-coche-electrico.jpg 360w\" sizes=\"auto, (max-width: 480px) 150px\" src=\"https:\/\/v2charge.com\/wp-content\/uploads\/2024\/06\/necesitas-un-cargador-coche-electrico.jpg\" alt=\"\u00bfNecesitas un cargador de coche el\u00e9ctrico? Descubre Trydan\" class=\"uag-image-160908\" width=\"818\" height=\"248\" title=\"necesitas-un-cargador-coche-electrico\" loading=\"lazy\" role=\"img\"\/><\/a><\/figure><\/div>\n\n\n<script type=\"application\/ld+json\">\n{\n  \"@context\": \"https:\/\/schema.org\",\n  \"@type\": \"FAQPage\",\n  \"mainEntity\": [\n    {\n      \"@type\": \"Question\",\n      \"name\": \"Mik\u00e4 on BMW i8:n s\u00e4hk\u00f6inen toimintamatka?\",\n      \"acceptedAnswer\": {\n        \"@type\": \"Answer\",\n        \"text\": \"BMW i8 voi kulkea jopa 35 kilometri\u00e4 t\u00e4ysin s\u00e4hk\u00f6isess\u00e4 tilassa, mik\u00e4 tekee siit\u00e4 ihanteellisen lyhyille kaupunkimatkoille.\"\n      }\n    },\n    {\n      \"@type\": \"Question\",\n      \"name\": \"Mik\u00e4 on BMW i8:n plug-in hybridin hinta?\",\n      \"acceptedAnswer\": {\n        \"@type\": \"Answer\",\n        \"text\": \"BMW i8:n hinta alkoi 129.900 eurosta sen lanseerauksessa, mutta nykyisin se voi vaihdella vuoden, ajoneuvon kunnon ja k\u00e4ytettyjen markkinoiden mukaan.\"\n      }\n    },\n    {\n      \"@type\": \"Question\",\n      \"name\": \"Mink\u00e4 tyyppinen laturi on yhteensopiva BMW i8:n kanssa?\",\n      \"acceptedAnswer\": {\n        \"@type\": \"Answer\",\n        \"text\": \"BMW i8 on yhteensopiva s\u00e4hk\u00f6auton latureiden kanssa, joissa on Mennekes tyyppi 2 -liitin, joka on Euroopassa standardi s\u00e4hk\u00f6- ja plug-in hybridiautoille.\"\n      }\n    },\n    {\n      \"@type\": \"Question\",\n      \"name\": \"Onko BMW i8:lle tarpeen asentaa latauspiste kotiin?\",\n      \"acceptedAnswer\": {\n        \"@type\": \"Answer\",\n        \"text\": \"Se ei ole pakollista, mutta kotilatauspisteen asentaminen helpottaa BMW i8:n p\u00e4ivitt\u00e4ist\u00e4 lataamista ja mahdollistaa sen s\u00e4hk\u00f6isen tilan maksimaalisen hy\u00f6dynt\u00e4misen.\"\n      }\n    },\n    {\n      \"@type\": \"Question\",\n      \"name\": \"Kuinka kauan BMW i8:n lataaminen kest\u00e4\u00e4?\",\n      \"acceptedAnswer\": {\n        \"@type\": \"Answer\",\n        \"text\": \"BMW i8:n latausaika riippuu k\u00e4ytetyst\u00e4 laturista. Kotilatauspisteell\u00e4 t\u00e4ydellinen lataus voidaan suorittaa noin 2-3 tunnissa.\"\n      }\n    },\n    {\n      \"@type\": \"Question\",\n      \"name\": \"Mitk\u00e4 ovat BMW i8:n ajotilat?\",\n      \"acceptedAnswer\": {\n        \"@type\": \"Answer\",\n        \"text\": \"BMW i8 tarjoaa kolme p\u00e4\u00e4asiallista ajotilaa: Comfort, ECO Pro ja Sport, jotka mahdollistavat energiatehokkuuden tai urheilullisen suorituskyvyn priorisoimisen kuljettajan tarpeiden mukaan.\"\n      }\n    }\n  ]\n}\n<\/script>","protected":false},"excerpt":{"rendered":"<p>Vuonna 2014 BMW lanseerasi markkinoille yhden historian innovatiivisimmista autoista: BMW i8. T\u00e4m\u00e4 ladattava hybridisportti ei ainoastaan muuttanut tapaamme ymm\u00e4rt\u00e4\u00e4 korkeatehoisia s\u00e4hk\u00f6ajoneuvoja, vaan se my\u00f6s merkitsi virstanpylv\u00e4st\u00e4 autodesignissa futuristisella muotoilullaan. Alkaen 129 900 euron hintapisteest\u00e4, BMW i8 tarjosi t\u00e4ydellisen tasapainon tehon ja tehokkuuden v\u00e4lill\u00e4, asettuen h\u00e4iritsev\u00e4ksi vaihtoehdoksi urheiluautojen maailmassa. Mutta mik\u00e4 tekee t\u00e4st\u00e4 mallista viel\u00e4kin mielenkiintoisemman, &#8230; <a title=\"BMW i8, ladattava hybridiurheiluauto, jolla BMW teki historiaa\" class=\"read-more\" href=\"https:\/\/v2charge.com\/fi\/bmw-i8-ladattava-hybridiurheiluauto-jolla-bmw-teki-historiaa\/\" aria-label=\"Lue lis\u00e4\u00e4 aiheesta BMW i8, ladattava hybridiurheiluauto, jolla BMW teki historiaa\">Lue lis\u00e4\u00e4<\/a><\/p>\n","protected":false},"author":400,"featured_media":179600,"comment_status":"closed","ping_status":"closed","sticky":false,"template":"","format":"standard","meta":{"_eb_attr":"","content-type":"","_uag_custom_page_level_css":"","footnotes":""},"categories":[12055,12057,1],"tags":[],"class_list":["post-311690","post","type-post","status-publish","format-standard","has-post-thumbnail","hentry","category-ajankohtaisuus","category-auton-mallit","category-e-mobility"],"yoast_head":"<!-- This site is optimized with the Yoast SEO plugin v25.3.1 - https:\/\/yoast.com\/wordpress\/plugins\/seo\/ -->\n<title>BMW i8, ladattava hybridi, jolla BMW teki historiaa<\/title>\n<meta name=\"description\" content=\"Tutustu BMW i8:\u00e4\u00e4n: Futuristinen muotoilu, tehokkuus ja suuri teho, yhdistettyn\u00e4 historiallisesti merkitt\u00e4v\u00e4\u00e4n plug-in hybridimoottoriin.\" \/>\n<meta name=\"robots\" content=\"index, follow, max-snippet:-1, max-image-preview:large, max-video-preview:-1\" \/>\n<link rel=\"canonical\" href=\"https:\/\/v2charge.com\/fi\/bmw-i8-ladattava-hybridiurheiluauto-jolla-bmw-teki-historiaa\/\" \/>\n<meta property=\"og:locale\" content=\"fi_FI\" \/>\n<meta property=\"og:type\" content=\"article\" \/>\n<meta property=\"og:title\" content=\"BMW i8, ladattava hybridi, jolla BMW teki historiaa\" \/>\n<meta property=\"og:description\" content=\"Tutustu BMW i8:\u00e4\u00e4n: Futuristinen muotoilu, tehokkuus ja suuri teho, yhdistettyn\u00e4 historiallisesti merkitt\u00e4v\u00e4\u00e4n plug-in hybridimoottoriin.\" \/>\n<meta property=\"og:url\" content=\"https:\/\/v2charge.com\/fi\/bmw-i8-ladattava-hybridiurheiluauto-jolla-bmw-teki-historiaa\/\" \/>\n<meta property=\"og:site_name\" content=\"V2C\" \/>\n<meta property=\"article:publisher\" content=\"https:\/\/www.facebook.com\/V2C.Charge\" \/>\n<meta property=\"article:published_time\" content=\"2024-10-02T08:00:00+00:00\" \/>\n<meta property=\"article:modified_time\" content=\"2025-12-15T15:55:06+00:00\" \/>\n<meta property=\"og:image\" content=\"https:\/\/v2charge.com\/wp-content\/uploads\/2024\/09\/bmw-i8-hibridos-enchufables.jpg\" \/>\n\t<meta property=\"og:image:width\" content=\"960\" \/>\n\t<meta property=\"og:image:height\" content=\"560\" \/>\n\t<meta property=\"og:image:type\" content=\"image\/jpeg\" \/>\n<meta name=\"author\" content=\"V2C\" \/>\n<meta name=\"twitter:card\" content=\"summary_large_image\" \/>\n<meta name=\"twitter:creator\" content=\"@V2C_Charge\" \/>\n<meta name=\"twitter:site\" content=\"@V2C_Charge\" \/>\n<meta name=\"twitter:label1\" content=\"Kirjoittanut\" \/>\n\t<meta name=\"twitter:data1\" content=\"V2C\" \/>\n\t<meta name=\"twitter:label2\" content=\"Arvioitu lukuaika\" \/>\n\t<meta name=\"twitter:data2\" content=\"8 minuuttia\" \/>\n<script type=\"application\/ld+json\" class=\"yoast-schema-graph\">{\"@context\":\"https:\/\/schema.org\",\"@graph\":[{\"@type\":\"Article\",\"@id\":\"https:\/\/v2charge.com\/fi\/bmw-i8-ladattava-hybridiurheiluauto-jolla-bmw-teki-historiaa\/#article\",\"isPartOf\":{\"@id\":\"https:\/\/v2charge.com\/fi\/bmw-i8-ladattava-hybridiurheiluauto-jolla-bmw-teki-historiaa\/\"},\"author\":{\"name\":\"V2C\",\"@id\":\"https:\/\/v2charge.com\/fi\/#\/schema\/person\/d6f210a94a856acdddec347b2127fd0f\"},\"headline\":\"BMW i8, ladattava hybridiurheiluauto, jolla BMW teki historiaa\",\"datePublished\":\"2024-10-02T08:00:00+00:00\",\"dateModified\":\"2025-12-15T15:55:06+00:00\",\"mainEntityOfPage\":{\"@id\":\"https:\/\/v2charge.com\/fi\/bmw-i8-ladattava-hybridiurheiluauto-jolla-bmw-teki-historiaa\/\"},\"wordCount\":1050,\"publisher\":{\"@id\":\"https:\/\/v2charge.com\/fi\/#organization\"},\"image\":{\"@id\":\"https:\/\/v2charge.com\/fi\/bmw-i8-ladattava-hybridiurheiluauto-jolla-bmw-teki-historiaa\/#primaryimage\"},\"thumbnailUrl\":\"https:\/\/v2charge.com\/wp-content\/uploads\/2024\/09\/bmw-i8-hibridos-enchufables.jpg\",\"articleSection\":[\"Ajankohtaisuus\",\"Auton mallit\",\"e-Mobility\"],\"inLanguage\":\"fi\"},{\"@type\":\"WebPage\",\"@id\":\"https:\/\/v2charge.com\/fi\/bmw-i8-ladattava-hybridiurheiluauto-jolla-bmw-teki-historiaa\/\",\"url\":\"https:\/\/v2charge.com\/fi\/bmw-i8-ladattava-hybridiurheiluauto-jolla-bmw-teki-historiaa\/\",\"name\":\"BMW i8, ladattava hybridi, jolla BMW teki historiaa\",\"isPartOf\":{\"@id\":\"https:\/\/v2charge.com\/fi\/#website\"},\"primaryImageOfPage\":{\"@id\":\"https:\/\/v2charge.com\/fi\/bmw-i8-ladattava-hybridiurheiluauto-jolla-bmw-teki-historiaa\/#primaryimage\"},\"image\":{\"@id\":\"https:\/\/v2charge.com\/fi\/bmw-i8-ladattava-hybridiurheiluauto-jolla-bmw-teki-historiaa\/#primaryimage\"},\"thumbnailUrl\":\"https:\/\/v2charge.com\/wp-content\/uploads\/2024\/09\/bmw-i8-hibridos-enchufables.jpg\",\"datePublished\":\"2024-10-02T08:00:00+00:00\",\"dateModified\":\"2025-12-15T15:55:06+00:00\",\"description\":\"Tutustu BMW i8:\u00e4\u00e4n: Futuristinen muotoilu, tehokkuus ja suuri teho, yhdistettyn\u00e4 historiallisesti merkitt\u00e4v\u00e4\u00e4n plug-in hybridimoottoriin.\",\"breadcrumb\":{\"@id\":\"https:\/\/v2charge.com\/fi\/bmw-i8-ladattava-hybridiurheiluauto-jolla-bmw-teki-historiaa\/#breadcrumb\"},\"inLanguage\":\"fi\",\"potentialAction\":[{\"@type\":\"ReadAction\",\"target\":[\"https:\/\/v2charge.com\/fi\/bmw-i8-ladattava-hybridiurheiluauto-jolla-bmw-teki-historiaa\/\"]}]},{\"@type\":\"ImageObject\",\"inLanguage\":\"fi\",\"@id\":\"https:\/\/v2charge.com\/fi\/bmw-i8-ladattava-hybridiurheiluauto-jolla-bmw-teki-historiaa\/#primaryimage\",\"url\":\"https:\/\/v2charge.com\/wp-content\/uploads\/2024\/09\/bmw-i8-hibridos-enchufables.jpg\",\"contentUrl\":\"https:\/\/v2charge.com\/wp-content\/uploads\/2024\/09\/bmw-i8-hibridos-enchufables.jpg\",\"width\":960,\"height\":560,\"caption\":\"BMW i8 deportivo hibrido enchufable\"},{\"@type\":\"BreadcrumbList\",\"@id\":\"https:\/\/v2charge.com\/fi\/bmw-i8-ladattava-hybridiurheiluauto-jolla-bmw-teki-historiaa\/#breadcrumb\",\"itemListElement\":[{\"@type\":\"ListItem\",\"position\":1,\"name\":\"V2C\",\"item\":\"https:\/\/v2charge.com\/fi\/\"},{\"@type\":\"ListItem\",\"position\":2,\"name\":\"e-Mobility\",\"item\":\"https:\/\/v2charge.com\/fi\/e-mobility\/\"},{\"@type\":\"ListItem\",\"position\":3,\"name\":\"Ajankohtaisuus\",\"item\":\"https:\/\/v2charge.com\/fi\/ajankohtaisuus\/\"},{\"@type\":\"ListItem\",\"position\":4,\"name\":\"BMW i8, ladattava hybridiurheiluauto, jolla BMW teki historiaa\"}]},{\"@type\":\"WebSite\",\"@id\":\"https:\/\/v2charge.com\/fi\/#website\",\"url\":\"https:\/\/v2charge.com\/fi\/\",\"name\":\"V2C\",\"description\":\"#CargandoElMa\u00f1ana\",\"publisher\":{\"@id\":\"https:\/\/v2charge.com\/fi\/#organization\"},\"potentialAction\":[{\"@type\":\"SearchAction\",\"target\":{\"@type\":\"EntryPoint\",\"urlTemplate\":\"https:\/\/v2charge.com\/fi\/?s={search_term_string}\"},\"query-input\":{\"@type\":\"PropertyValueSpecification\",\"valueRequired\":true,\"valueName\":\"search_term_string\"}}],\"inLanguage\":\"fi\"},{\"@type\":\"Organization\",\"@id\":\"https:\/\/v2charge.com\/fi\/#organization\",\"name\":\"V2C\",\"url\":\"https:\/\/v2charge.com\/fi\/\",\"logo\":{\"@type\":\"ImageObject\",\"inLanguage\":\"fi\",\"@id\":\"https:\/\/v2charge.com\/fi\/#\/schema\/logo\/image\/\",\"url\":\"https:\/\/v2charge.com\/wp-content\/uploads\/2024\/11\/cropped-v2c-charge-logo-menu.png\",\"contentUrl\":\"https:\/\/v2charge.com\/wp-content\/uploads\/2024\/11\/cropped-v2c-charge-logo-menu.png\",\"width\":984,\"height\":431,\"caption\":\"V2C\"},\"image\":{\"@id\":\"https:\/\/v2charge.com\/fi\/#\/schema\/logo\/image\/\"},\"sameAs\":[\"https:\/\/www.facebook.com\/V2C.Charge\",\"https:\/\/x.com\/V2C_Charge\",\"https:\/\/www.instagram.com\/v2c.charge\/\",\"https:\/\/www.youtube.com\/@V2C\",\"https:\/\/www.linkedin.com\/company\/v2c-chargers\/\"]},{\"@type\":\"Person\",\"@id\":\"https:\/\/v2charge.com\/fi\/#\/schema\/person\/d6f210a94a856acdddec347b2127fd0f\",\"name\":\"V2C\",\"image\":{\"@type\":\"ImageObject\",\"inLanguage\":\"fi\",\"@id\":\"https:\/\/v2charge.com\/fi\/#\/schema\/person\/image\/\",\"url\":\"https:\/\/secure.gravatar.com\/avatar\/a91128c4c0d2f4d63bd586301fdec6cc9aa49c885839b25d1c62700f529f267c?s=96&d=mm&r=g\",\"contentUrl\":\"https:\/\/secure.gravatar.com\/avatar\/a91128c4c0d2f4d63bd586301fdec6cc9aa49c885839b25d1c62700f529f267c?s=96&d=mm&r=g\",\"caption\":\"V2C\"}}]}<\/script>\n<!-- \/ Yoast SEO plugin. -->","yoast_head_json":{"title":"BMW i8, ladattava hybridi, jolla BMW teki historiaa","description":"Tutustu BMW i8:\u00e4\u00e4n: Futuristinen muotoilu, tehokkuus ja suuri teho, yhdistettyn\u00e4 historiallisesti merkitt\u00e4v\u00e4\u00e4n plug-in hybridimoottoriin.","robots":{"index":"index","follow":"follow","max-snippet":"max-snippet:-1","max-image-preview":"max-image-preview:large","max-video-preview":"max-video-preview:-1"},"canonical":"https:\/\/v2charge.com\/fi\/bmw-i8-ladattava-hybridiurheiluauto-jolla-bmw-teki-historiaa\/","og_locale":"fi_FI","og_type":"article","og_title":"BMW i8, ladattava hybridi, jolla BMW teki historiaa","og_description":"Tutustu BMW i8:\u00e4\u00e4n: Futuristinen muotoilu, tehokkuus ja suuri teho, yhdistettyn\u00e4 historiallisesti merkitt\u00e4v\u00e4\u00e4n plug-in hybridimoottoriin.","og_url":"https:\/\/v2charge.com\/fi\/bmw-i8-ladattava-hybridiurheiluauto-jolla-bmw-teki-historiaa\/","og_site_name":"V2C","article_publisher":"https:\/\/www.facebook.com\/V2C.Charge","article_published_time":"2024-10-02T08:00:00+00:00","article_modified_time":"2025-12-15T15:55:06+00:00","og_image":[{"width":960,"height":560,"url":"https:\/\/v2charge.com\/wp-content\/uploads\/2024\/09\/bmw-i8-hibridos-enchufables.jpg","type":"image\/jpeg"}],"author":"V2C","twitter_card":"summary_large_image","twitter_creator":"@V2C_Charge","twitter_site":"@V2C_Charge","twitter_misc":{"Kirjoittanut":"V2C","Arvioitu lukuaika":"8 minuuttia"},"schema":{"@context":"https:\/\/schema.org","@graph":[{"@type":"Article","@id":"https:\/\/v2charge.com\/fi\/bmw-i8-ladattava-hybridiurheiluauto-jolla-bmw-teki-historiaa\/#article","isPartOf":{"@id":"https:\/\/v2charge.com\/fi\/bmw-i8-ladattava-hybridiurheiluauto-jolla-bmw-teki-historiaa\/"},"author":{"name":"V2C","@id":"https:\/\/v2charge.com\/fi\/#\/schema\/person\/d6f210a94a856acdddec347b2127fd0f"},"headline":"BMW i8, ladattava hybridiurheiluauto, jolla BMW teki historiaa","datePublished":"2024-10-02T08:00:00+00:00","dateModified":"2025-12-15T15:55:06+00:00","mainEntityOfPage":{"@id":"https:\/\/v2charge.com\/fi\/bmw-i8-ladattava-hybridiurheiluauto-jolla-bmw-teki-historiaa\/"},"wordCount":1050,"publisher":{"@id":"https:\/\/v2charge.com\/fi\/#organization"},"image":{"@id":"https:\/\/v2charge.com\/fi\/bmw-i8-ladattava-hybridiurheiluauto-jolla-bmw-teki-historiaa\/#primaryimage"},"thumbnailUrl":"https:\/\/v2charge.com\/wp-content\/uploads\/2024\/09\/bmw-i8-hibridos-enchufables.jpg","articleSection":["Ajankohtaisuus","Auton mallit","e-Mobility"],"inLanguage":"fi"},{"@type":"WebPage","@id":"https:\/\/v2charge.com\/fi\/bmw-i8-ladattava-hybridiurheiluauto-jolla-bmw-teki-historiaa\/","url":"https:\/\/v2charge.com\/fi\/bmw-i8-ladattava-hybridiurheiluauto-jolla-bmw-teki-historiaa\/","name":"BMW i8, ladattava hybridi, jolla BMW teki historiaa","isPartOf":{"@id":"https:\/\/v2charge.com\/fi\/#website"},"primaryImageOfPage":{"@id":"https:\/\/v2charge.com\/fi\/bmw-i8-ladattava-hybridiurheiluauto-jolla-bmw-teki-historiaa\/#primaryimage"},"image":{"@id":"https:\/\/v2charge.com\/fi\/bmw-i8-ladattava-hybridiurheiluauto-jolla-bmw-teki-historiaa\/#primaryimage"},"thumbnailUrl":"https:\/\/v2charge.com\/wp-content\/uploads\/2024\/09\/bmw-i8-hibridos-enchufables.jpg","datePublished":"2024-10-02T08:00:00+00:00","dateModified":"2025-12-15T15:55:06+00:00","description":"Tutustu BMW i8:\u00e4\u00e4n: Futuristinen muotoilu, tehokkuus ja suuri teho, yhdistettyn\u00e4 historiallisesti merkitt\u00e4v\u00e4\u00e4n plug-in hybridimoottoriin.","breadcrumb":{"@id":"https:\/\/v2charge.com\/fi\/bmw-i8-ladattava-hybridiurheiluauto-jolla-bmw-teki-historiaa\/#breadcrumb"},"inLanguage":"fi","potentialAction":[{"@type":"ReadAction","target":["https:\/\/v2charge.com\/fi\/bmw-i8-ladattava-hybridiurheiluauto-jolla-bmw-teki-historiaa\/"]}]},{"@type":"ImageObject","inLanguage":"fi","@id":"https:\/\/v2charge.com\/fi\/bmw-i8-ladattava-hybridiurheiluauto-jolla-bmw-teki-historiaa\/#primaryimage","url":"https:\/\/v2charge.com\/wp-content\/uploads\/2024\/09\/bmw-i8-hibridos-enchufables.jpg","contentUrl":"https:\/\/v2charge.com\/wp-content\/uploads\/2024\/09\/bmw-i8-hibridos-enchufables.jpg","width":960,"height":560,"caption":"BMW i8 deportivo hibrido enchufable"},{"@type":"BreadcrumbList","@id":"https:\/\/v2charge.com\/fi\/bmw-i8-ladattava-hybridiurheiluauto-jolla-bmw-teki-historiaa\/#breadcrumb","itemListElement":[{"@type":"ListItem","position":1,"name":"V2C","item":"https:\/\/v2charge.com\/fi\/"},{"@type":"ListItem","position":2,"name":"e-Mobility","item":"https:\/\/v2charge.com\/fi\/e-mobility\/"},{"@type":"ListItem","position":3,"name":"Ajankohtaisuus","item":"https:\/\/v2charge.com\/fi\/ajankohtaisuus\/"},{"@type":"ListItem","position":4,"name":"BMW i8, ladattava hybridiurheiluauto, jolla BMW teki historiaa"}]},{"@type":"WebSite","@id":"https:\/\/v2charge.com\/fi\/#website","url":"https:\/\/v2charge.com\/fi\/","name":"V2C","description":"#CargandoElMa\u00f1ana","publisher":{"@id":"https:\/\/v2charge.com\/fi\/#organization"},"potentialAction":[{"@type":"SearchAction","target":{"@type":"EntryPoint","urlTemplate":"https:\/\/v2charge.com\/fi\/?s={search_term_string}"},"query-input":{"@type":"PropertyValueSpecification","valueRequired":true,"valueName":"search_term_string"}}],"inLanguage":"fi"},{"@type":"Organization","@id":"https:\/\/v2charge.com\/fi\/#organization","name":"V2C","url":"https:\/\/v2charge.com\/fi\/","logo":{"@type":"ImageObject","inLanguage":"fi","@id":"https:\/\/v2charge.com\/fi\/#\/schema\/logo\/image\/","url":"https:\/\/v2charge.com\/wp-content\/uploads\/2024\/11\/cropped-v2c-charge-logo-menu.png","contentUrl":"https:\/\/v2charge.com\/wp-content\/uploads\/2024\/11\/cropped-v2c-charge-logo-menu.png","width":984,"height":431,"caption":"V2C"},"image":{"@id":"https:\/\/v2charge.com\/fi\/#\/schema\/logo\/image\/"},"sameAs":["https:\/\/www.facebook.com\/V2C.Charge","https:\/\/x.com\/V2C_Charge","https:\/\/www.instagram.com\/v2c.charge\/","https:\/\/www.youtube.com\/@V2C","https:\/\/www.linkedin.com\/company\/v2c-chargers\/"]},{"@type":"Person","@id":"https:\/\/v2charge.com\/fi\/#\/schema\/person\/d6f210a94a856acdddec347b2127fd0f","name":"V2C","image":{"@type":"ImageObject","inLanguage":"fi","@id":"https:\/\/v2charge.com\/fi\/#\/schema\/person\/image\/","url":"https:\/\/secure.gravatar.com\/avatar\/a91128c4c0d2f4d63bd586301fdec6cc9aa49c885839b25d1c62700f529f267c?s=96&d=mm&r=g","contentUrl":"https:\/\/secure.gravatar.com\/avatar\/a91128c4c0d2f4d63bd586301fdec6cc9aa49c885839b25d1c62700f529f267c?s=96&d=mm&r=g","caption":"V2C"}}]}},"uagb_featured_image_src":{"full":["https:\/\/v2charge.com\/wp-content\/uploads\/2024\/09\/bmw-i8-hibridos-enchufables.jpg",960,560,false],"thumbnail":["https:\/\/v2charge.com\/wp-content\/uploads\/2024\/09\/bmw-i8-hibridos-enchufables-150x150.jpg",150,150,true],"medium":["https:\/\/v2charge.com\/wp-content\/uploads\/2024\/09\/bmw-i8-hibridos-enchufables-300x175.jpg",300,175,true],"medium_large":["https:\/\/v2charge.com\/wp-content\/uploads\/2024\/09\/bmw-i8-hibridos-enchufables-768x448.jpg",768,448,true],"large":["https:\/\/v2charge.com\/wp-content\/uploads\/2024\/09\/bmw-i8-hibridos-enchufables.jpg",960,560,false],"gs-tiny":["https:\/\/v2charge.com\/wp-content\/uploads\/2024\/09\/bmw-i8-hibridos-enchufables.jpg",50,29,false],"xl":["https:\/\/v2charge.com\/wp-content\/uploads\/2024\/09\/bmw-i8-hibridos-enchufables.jpg",960,560,false],"xxl":["https:\/\/v2charge.com\/wp-content\/uploads\/2024\/09\/bmw-i8-hibridos-enchufables.jpg",960,560,false],"xxxl":["https:\/\/v2charge.com\/wp-content\/uploads\/2024\/09\/bmw-i8-hibridos-enchufables.jpg",960,560,false],"xxxxl":["https:\/\/v2charge.com\/wp-content\/uploads\/2024\/09\/bmw-i8-hibridos-enchufables.jpg",960,560,false],"xxxxxl":["https:\/\/v2charge.com\/wp-content\/uploads\/2024\/09\/bmw-i8-hibridos-enchufables.jpg",960,560,false],"1536x1536":["https:\/\/v2charge.com\/wp-content\/uploads\/2024\/09\/bmw-i8-hibridos-enchufables.jpg",960,560,false],"2048x2048":["https:\/\/v2charge.com\/wp-content\/uploads\/2024\/09\/bmw-i8-hibridos-enchufables.jpg",960,560,false]},"uagb_author_info":{"display_name":"V2C","author_link":"https:\/\/v2charge.com\/fi\/author\/marketing\/"},"uagb_comment_info":0,"uagb_excerpt":"Vuonna 2014 BMW lanseerasi markkinoille yhden historian innovatiivisimmista autoista: BMW i8. T\u00e4m\u00e4 ladattava hybridisportti ei ainoastaan muuttanut tapaamme ymm\u00e4rt\u00e4\u00e4 korkeatehoisia s\u00e4hk\u00f6ajoneuvoja, vaan se my\u00f6s merkitsi virstanpylv\u00e4st\u00e4 autodesignissa futuristisella muotoilullaan. Alkaen 129 900 euron hintapisteest\u00e4, BMW i8 tarjosi t\u00e4ydellisen tasapainon tehon ja tehokkuuden v\u00e4lill\u00e4, asettuen h\u00e4iritsev\u00e4ksi vaihtoehdoksi urheiluautojen maailmassa. Mutta mik\u00e4 tekee t\u00e4st\u00e4 mallista viel\u00e4kin mielenkiintoisemman,&hellip;","_links":{"self":[{"href":"https:\/\/v2charge.com\/fi\/wp-json\/wp\/v2\/posts\/311690","targetHints":{"allow":["GET"]}}],"collection":[{"href":"https:\/\/v2charge.com\/fi\/wp-json\/wp\/v2\/posts"}],"about":[{"href":"https:\/\/v2charge.com\/fi\/wp-json\/wp\/v2\/types\/post"}],"author":[{"embeddable":true,"href":"https:\/\/v2charge.com\/fi\/wp-json\/wp\/v2\/users\/400"}],"replies":[{"embeddable":true,"href":"https:\/\/v2charge.com\/fi\/wp-json\/wp\/v2\/comments?post=311690"}],"version-history":[{"count":0,"href":"https:\/\/v2charge.com\/fi\/wp-json\/wp\/v2\/posts\/311690\/revisions"}],"wp:featuredmedia":[{"embeddable":true,"href":"https:\/\/v2charge.com\/fi\/wp-json\/wp\/v2\/media\/179600"}],"wp:attachment":[{"href":"https:\/\/v2charge.com\/fi\/wp-json\/wp\/v2\/media?parent=311690"}],"wp:term":[{"taxonomy":"category","embeddable":true,"href":"https:\/\/v2charge.com\/fi\/wp-json\/wp\/v2\/categories?post=311690"},{"taxonomy":"post_tag","embeddable":true,"href":"https:\/\/v2charge.com\/fi\/wp-json\/wp\/v2\/tags?post=311690"}],"curies":[{"name":"wp","href":"https:\/\/api.w.org\/{rel}","templated":true}]}}