{"id":311768,"date":"2026-01-02T09:30:00","date_gmt":"2026-01-02T07:30:00","guid":{"rendered":""},"modified":"2026-01-27T14:07:54","modified_gmt":"2026-01-27T12:07:54","slug":"model-3-vs-model-y-kaksi-myydyimman-auton-erot","status":"publish","type":"post","link":"https:\/\/v2charge.com\/fi\/model-3-vs-model-y-kaksi-myydyimman-auton-erot\/","title":{"rendered":"Model 3 Vs Model Y: Kaksi myydyimm\u00e4n auton erot"},"content":{"rendered":"<p class=\"my-2 [&amp;+p]:mt-4 [&amp;_strong:has(+br)]:inline-block [&amp;_strong:has(+br)]:pb-2\">Vuonna 2025 s\u00e4hk\u00f6autojen myynti Espanjassa ylitt\u00e4\u00e4 150 000 yksikk\u00f6\u00e4 vuodessa, ja premium-segmentti johtaa siirtymist\u00e4 kest\u00e4v\u00e4mp\u00e4\u00e4n liikkuvuuteen. <strong>Tesla Model 3<\/strong> loistaa ketter\u00e4n\u00e4 sedanina tehokkaille matkustajille, ollen <strong>vuoden 2025 myydyin s\u00e4hk\u00f6auto<\/strong>, kun taas <strong>Model Y, vuoden kolmanneksi myydyin malli<\/strong>, vakuuttaa monik\u00e4ytt\u00f6isen\u00e4 SUV:na aktiivisille perheille; valinta riippuu siit\u00e4, arvostatko kaupunkidynamiikkaa vai p\u00e4ivitt\u00e4ist\u00e4 monipuolisuutta.<\/p>\n<p class=\"my-2 [&amp;+p]:mt-4 [&amp;_strong:has(+br)]:inline-block [&amp;_strong:has(+br)]:pb-2\">V2C:ss\u00e4 suunnittelemme ja valmistamme <span class=\"text-box-trim-both\">100 % s\u00e4hk\u00f6autojen latausasemia Espanjassa, ja t\u00e4ss\u00e4 artikkelissa analysoimme <\/span>kahta vuoden 2025 myydyint\u00e4 s\u00e4hk\u00f6autoa, Tesla Model 3:ta ja Tesla Model Y:t\u00e4.<\/p>\n<h2 id=\"cules-son-las-principales-diferencias-entre-model\" class=\"mb-2 mt-4 font-display font-semimedium text-base first:mt-0 md:text-lg [hr+&amp;]:mt-4\">Mitk\u00e4 ovat t\u00e4rkeimm\u00e4t erot Model 3:n ja Model Y:n v\u00e4lill\u00e4?<\/h2>\n<p class=\"my-2 [&amp;+p]:mt-4 [&amp;_strong:has(+br)]:inline-block [&amp;_strong:has(+br)]:pb-2\">Model 3 sijoittuu kompaktiksi sedaniksi, joka on ihanteellinen ketter\u00e4\u00e4n kaupunkiajoon, kun taas Model Y erottuu monik\u00e4ytt\u00f6isen\u00e4 SUV:na, jossa on enemm\u00e4n korkeutta ja tilaa perheelle. T\u00e4m\u00e4 perusero korissa m\u00e4\u00e4rittelee p\u00e4ivitt\u00e4isen k\u00e4yt\u00f6n: sedan priorisoi aerodynamiikkaa ja tehokkuutta maantiell\u00e4, SUV tarjoaa kevytt\u00e4 monik\u00e4ytt\u00f6isyytt\u00e4 maastossa.<\/p>\n<ul>\n<li class=\"my-2 [&amp;+p]:mt-4 [&amp;_strong:has(+br)]:inline-block [&amp;_strong:has(+br)]:pb-2\"><strong>Kori<\/strong>: Matala sedan vs korkea SUV, 5-7 paikkaa Model Y:ss\u00e4.<\/li>\n<li class=\"my-2 [&amp;+p]:mt-4 [&amp;_strong:has(+br)]:inline-block [&amp;_strong:has(+br)]:pb-2\"><strong>Maavara<\/strong>: 14 cm Model 3:ssa verrattuna 17 cm Model Y:ss\u00e4 paremman saavutettavuuden vuoksi.<\/li>\n<li class=\"my-2 [&amp;+p]:mt-4 [&amp;_strong:has(+br)]:inline-block [&amp;_strong:has(+br)]:pb-2\"><strong>Paino<\/strong>: Model 3 kevyempi (noin 1 800 kg), optimoi kulutusta.<\/li>\n<\/ul>\n<p class=\"my-2 [&amp;+p]:mt-4 [&amp;_strong:has(+br)]:inline-block [&amp;_strong:has(+br)]:pb-2\">V2C:ss\u00e4 tied\u00e4mme, ett\u00e4 asiakkaamme valitsevat tarpeidensa mukaan: Model 3 tehokkaisiin ja pidempiin matkoihin, ja Model Y silloin, kun tarvitset enemm\u00e4n tilaa p\u00e4ivitt\u00e4isess\u00e4 el\u00e4m\u00e4ss\u00e4si.<\/p>\n<p><img decoding=\"async\" class=\"alignnone size-full wp-image-292500\" src=\"https:\/\/v2charge.com\/wp-content\/uploads\/2025\/12\/model-3-vs-model-y-diferencias-precios-tesla-modelos.jpg\" alt=\"Model 3 Vs Model Y: Erot kahden myydyimm\u00e4n auton v\u00e4lill\u00e4\" width=\"960\" height=\"560\" srcset=\"https:\/\/v2charge.com\/wp-content\/uploads\/2025\/12\/model-3-vs-model-y-diferencias-precios-tesla-modelos.jpg 960w, https:\/\/v2charge.com\/wp-content\/uploads\/2025\/12\/model-3-vs-model-y-diferencias-precios-tesla-modelos-300x175.jpg 300w, https:\/\/v2charge.com\/wp-content\/uploads\/2025\/12\/model-3-vs-model-y-diferencias-precios-tesla-modelos-768x448.jpg 768w, https:\/\/v2charge.com\/wp-content\/uploads\/2025\/12\/model-3-vs-model-y-diferencias-precios-tesla-modelos-50x29.jpg 50w\" sizes=\"(max-width: 960px) 100vw, 960px\" \/><\/p>\n<h2 id=\"cul-es-la-diferencia-de-precio-entre-model-3-y-mod\" class=\"mb-2 mt-4 font-display font-semimedium text-base first:mt-0 md:text-lg [hr+&amp;]:mt-4\">Mik\u00e4 on hintaero Model 3:n ja Model Y:n v\u00e4lill\u00e4?<\/h2>\n<p class=\"my-2 [&amp;+p]:mt-4 [&amp;_strong:has(+br)]:inline-block [&amp;_strong:has(+br)]:pb-2\">Espanjassa Model 3:n hinta alkaa 40 970 \u20ac:sta perusversiossa RWD, vaikka tarjoukset kuten Carwow laskevat sen 39 760 \u20ac:oon, kun taas Model Y alkaa 45 970 \u20ac:sta, ja alennuksilla se on saatavilla 44 760 \u20ac:sta, mik\u00e4 merkitsee noin 5 000 \u20ac:n eroa perusvarustelussa.<\/p>\n<ul>\n<li class=\"my-2 [&amp;+p]:mt-4 [&amp;_strong:has(+br)]:inline-block [&amp;_strong:has(+br)]:pb-2\"><strong>Model 3 RWD<\/strong>: Alkaen 39 760 \u20ac (k\u00e4teinen tai rahoitettu), 283 hv ja 513 km WLTP-toimintas\u00e4de.<span class=\"inline-flex\" aria-label=\"Hinta Tesla Model 3 2025 | Testi ja mielipiteet\" data-state=\"closed\">\u200b<\/span><\/li>\n<li class=\"my-2 [&amp;+p]:mt-4 [&amp;_strong:has(+br)]:inline-block [&amp;_strong:has(+br)]:pb-2\"><strong>Model Y perusversio<\/strong>: Alkaen 44 760 \u20ac tarjouksissa, tarjoaa enemm\u00e4n tilaa mutta saman energiatehokkuuden.<\/li>\n<li class=\"my-2 [&amp;+p]:mt-4 [&amp;_strong:has(+br)]:inline-block [&amp;_strong:has(+br)]:pb-2\"><strong>T\u00e4rke\u00e4 ero<\/strong>: Noin 5 000-8 000 \u20ac, riippuen kampanjoista, mik\u00e4 tekee sedanista edullisemman vaihtoehdon kaupunkialan ammattilaisille.<\/li>\n<\/ul>\n<h2 id=\"qu-autonoma-tiene-el-model-3-frente-al-model-y\" class=\"mb-2 mt-4 font-display font-semimedium text-base first:mt-0 md:text-lg [hr+&amp;]:mt-4\">Mik\u00e4 on Model 3:n toimintas\u00e4de verrattuna Model Y:een?<\/h2>\n<p class=\"my-2 [&amp;+p]:mt-4 [&amp;_strong:has(+br)]:inline-block [&amp;_strong:has(+br)]:pb-2\">Model 3 saavuttaa jopa 600 km WLTP:ss\u00e4 Long Range -versioissa, ylitt\u00e4en hieman Model Y:n, jonka toimintas\u00e4de on 550 km sen kevyemm\u00e4n painon ja aerodynaamisen vastuksen vuoksi. Kuitenkin SUV kompensoi samanlaisilla akuilla, mutta suuremmalla k\u00e4yt\u00e4nn\u00f6n latauskapasiteetilla.<\/p>\n<ul>\n<li class=\"my-2 [&amp;+p]:mt-4 [&amp;_strong:has(+br)]:inline-block [&amp;_strong:has(+br)]:pb-2\"><strong>Model 3<\/strong>: 500-600 km, ihanteellinen pitkille moottoriteille.<\/li>\n<li class=\"my-2 [&amp;+p]:mt-4 [&amp;_strong:has(+br)]:inline-block [&amp;_strong:has(+br)]:pb-2\"><strong>Model Y<\/strong>: 450-550 km, tasapainoinen perheille.<\/li>\n<li class=\"my-2 [&amp;+p]:mt-4 [&amp;_strong:has(+br)]:inline-block [&amp;_strong:has(+br)]:pb-2\"><strong>Kulutus<\/strong>: 15 kWh\/100 km sedanissa vs 17 kWh\/100 km SUV:ssa.<\/li>\n<\/ul>\n<p class=\"my-2 [&amp;+p]:mt-4 [&amp;_strong:has(+br)]:inline-block [&amp;_strong:has(+br)]:pb-2\">V2C:st\u00e4 suosittelemme latausasemien <strong><a href=\"https:\/\/v2charge.com\/fihttps:\/\/v2charge.com\/fi\/bmw-esittelee-uuden-bmw-ix3-2026-ja-avaa-neue-klasse-ajancuentra-tu-instalador\/\">asentajien verkostoamme<\/a><\/strong> s\u00e4hk\u00f6auton latausaseman asentamiseksi, jossa on dynaaminen tehohallinta ja lis\u00e4ksi <strong><a href=\"https:\/\/v2charge.com\/fi\/ecocharging-2\/\">EcoCharging<\/a><\/strong>, V2C:n oma teko\u00e4ly, joka lataa ajoneuvosi automaattisesti p\u00e4iv\u00e4n halvimpina tunteina.<\/p>\n<p><img decoding=\"async\" class=\"alignnone size-full wp-image-292511\" src=\"https:\/\/v2charge.com\/wp-content\/uploads\/2025\/12\/model-3-vs-model-y-diferencias-precios-tesla-estructura.jpg\" alt=\"Model 3 Vs Model Y: Erot kahden myydyimm\u00e4n auton v\u00e4lill\u00e4\" width=\"960\" height=\"560\" srcset=\"https:\/\/v2charge.com\/wp-content\/uploads\/2025\/12\/model-3-vs-model-y-diferencias-precios-tesla-estructura.jpg 960w, https:\/\/v2charge.com\/wp-content\/uploads\/2025\/12\/model-3-vs-model-y-diferencias-precios-tesla-estructura-300x175.jpg 300w, https:\/\/v2charge.com\/wp-content\/uploads\/2025\/12\/model-3-vs-model-y-diferencias-precios-tesla-estructura-768x448.jpg 768w, https:\/\/v2charge.com\/wp-content\/uploads\/2025\/12\/model-3-vs-model-y-diferencias-precios-tesla-estructura-50x29.jpg 50w\" sizes=\"(max-width: 960px) 100vw, 960px\" \/><\/p>\n<h2 id=\"cules-son-los-tiempos-de-carga-con-cargador-de-73\" class=\"mb-2 mt-4 font-display font-semimedium text-base first:mt-0 md:text-lg [hr+&amp;]:mt-4\">Mitk\u00e4 ovat latausajat 7,3 kW latausasemalla ja akku kapasiteetti Model 3:ssa verrattuna Model Y:hyn?<\/h2>\n<p class=\"my-2 [&amp;+p]:mt-4 [&amp;_strong:has(+br)]:inline-block [&amp;_strong:has(+br)]:pb-2\">Tyypillisell\u00e4 <strong>monivaiheisella 7,3 kW latausasemalla<\/strong>, joka on yleinen espanjalaisissa kodeissa, <strong>Model 3 RWD (60 kWh) latautuu t\u00e4yteen noin 7 tunnissa<\/strong>, kun taas <strong>Long Range (75 kWh) tarvitsee 9 tuntia<\/strong>; <strong>Model Y<\/strong> seuraa samanlaisia kaavoja, mutta sen toimintas\u00e4de on s\u00e4\u00e4detty suuremman painon vuoksi, priorisoiden y\u00f6aikaisia latauksia tehokkuuden maksimoimiseksi.<\/p>\n<div class=\"group relative\">\n<div class=\"w-full overflow-x-auto md:max-w-[90vw] border-subtlest ring-subtlest divide-subtlest bg-transparent\">\n<table class=\"border-subtler my-[1em] w-full table-auto border-separate border-spacing-0 border-l border-t\">\n<thead class=\"bg-subtler\">\n<tr>\n<th class=\"border-subtler p-sm break-normal border-b border-r text-left align-top\">Versio<\/th>\n<th class=\"border-subtler p-sm break-normal border-b border-r text-left align-top\">Akkukapasiteetti<\/th>\n<th class=\"border-subtler p-sm break-normal border-b border-r text-left align-top\">WLTP-toimintas\u00e4de<\/th>\n<th class=\"border-subtler p-sm break-normal border-b border-r text-left align-top\">T\u00e4yden latauksen aika (7,3 kW)<\/th>\n<th class=\"border-subtler p-sm break-normal border-b border-r text-left align-top\">Aika 10-80% (7,3 kW)<\/th>\n<\/tr>\n<\/thead>\n<tbody>\n<tr>\n<td class=\"px-sm border-subtler min-w-[48px] break-normal border-b border-r\">Model 3 RWD<\/td>\n<td class=\"px-sm border-subtler min-w-[48px] break-normal border-b border-r\">60 kWh\u00a0<span class=\"inline-flex\" aria-label=\"Hinta Tesla Model 3 2025 | Testi ja mielipiteet\" data-state=\"closed\">\u200b<\/span><\/td>\n<td class=\"px-sm border-subtler min-w-[48px] break-normal border-b border-r\">513 km\u00a0<span class=\"inline-flex\" aria-label=\"Hinta Tesla Model 3 2025 | Testi ja mielipiteet\" data-state=\"closed\">\u200b<\/span><\/td>\n<td class=\"px-sm border-subtler min-w-[48px] break-normal border-b border-r\">~10 tuntia\u00a0<span class=\"inline-flex\" aria-label=\"TESLA MODEL 3 PREMIUM SUURI TOIMINTAS\u00c4DE ...\" data-state=\"closed\">\u200b<\/span><\/td>\n<td class=\"px-sm border-subtler min-w-[48px] break-normal border-b border-r\">~7 tuntia<\/td>\n<\/tr>\n<tr>\n<td class=\"px-sm border-subtler min-w-[48px] break-normal border-b border-r\">Model 3 Long Range<\/td>\n<td class=\"px-sm border-subtler min-w-[48px] break-normal border-b border-r\">75 kWh\u00a0<span class=\"inline-flex\" aria-label=\"Hinta Tesla Model 3 2025 | Testi ja mielipiteet\" data-state=\"closed\">\u200b<\/span><\/td>\n<td class=\"px-sm border-subtler min-w-[48px] break-normal border-b border-r\">612 km\u00a0<span class=\"inline-flex\" aria-label=\"Hinta Tesla Model 3 2025 | Testi ja mielipiteet\" data-state=\"closed\">\u200b<\/span><\/td>\n<td class=\"px-sm border-subtler min-w-[48px] break-normal border-b border-r\">~12 tuntia\u00a0<span class=\"inline-flex\" aria-label=\"TESLA MODEL 3 PREMIUM SUURI TOIMINTAS\u00c4DE ...\" data-state=\"closed\">\u200b<\/span><\/td>\n<td class=\"px-sm border-subtler min-w-[48px] break-normal border-b border-r\">~9 tuntia<\/td>\n<\/tr>\n<tr>\n<td class=\"px-sm border-subtler min-w-[48px] break-normal border-b border-r\">Model Y RWD<\/td>\n<td class=\"px-sm border-subtler min-w-[48px] break-normal border-b border-r\">57,5-60 kWh\u00a0<span class=\"inline-flex\" aria-label=\"Kuinka kauan Teslan lataamiseen menee?\" data-state=\"closed\">\u200b<\/span><\/td>\n<td class=\"px-sm border-subtler min-w-[48px] break-normal border-b border-r\">450-500 km<\/td>\n<td class=\"px-sm border-subtler min-w-[48px] break-normal border-b border-r\">~9-10 tuntia\u00a0<span class=\"inline-flex\" aria-label=\"Lataa Tesla Model Y:si\" data-state=\"closed\">\u200b<\/span><\/td>\n<td class=\"px-sm border-subtler min-w-[48px] break-normal border-b border-r\">~7 tuntia<\/td>\n<\/tr>\n<tr>\n<td class=\"px-sm border-subtler min-w-[48px] break-normal border-b border-r\">Model Y Long Range<\/td>\n<td class=\"px-sm border-subtler min-w-[48px] break-normal border-b border-r\">75 kWh\u00a0<span class=\"inline-flex\" aria-label=\"Kuinka kauan Teslan lataamiseen menee?\" data-state=\"closed\">\u200b<\/span><\/td>\n<td class=\"px-sm border-subtler min-w-[48px] break-normal border-b border-r\">550 km<\/td>\n<td class=\"px-sm border-subtler min-w-[48px] break-normal border-b border-r\">~12 tuntia\u00a0<span class=\"inline-flex\" aria-label=\"Lataa Tesla Model Y:si\" data-state=\"closed\">\u200b<\/span><\/td>\n<td class=\"px-sm border-subtler min-w-[48px] break-normal border-b border-r\">~9 tuntia<\/td>\n<\/tr>\n<\/tbody>\n<\/table>\n<\/div>\n<\/div>\n<ul>\n<li class=\"my-2 [&amp;+p]:mt-4 [&amp;_strong:has(+br)]:inline-block [&amp;_strong:has(+br)]:pb-2\"><strong>Todellinen tehokkuus<\/strong>: Model 3 kuluttaa 14-18 kWh\/100 km, ylitt\u00e4en Y:n 17 kWh\/100 km aerodynamiikan vuoksi; molemmat tukevat jopa 11 kW AC:ta, mutta 7,3 kW on kotistandardi.<span class=\"inline-flex\" data-state=\"closed\">\u200b<\/span><\/li>\n<li class=\"my-2 [&amp;+p]:mt-4 [&amp;_strong:has(+br)]:inline-block [&amp;_strong:has(+br)]:pb-2\"><strong>K\u00e4yt\u00e4nn\u00f6n etu<\/strong>: Y\u00f6aikaiset lataukset kattavat yli 300 km p\u00e4ivitt\u00e4in; Model 3 voittaa pitkill\u00e4 matkoilla, Y perhetilassa.<\/li>\n<\/ul>\n<h2 id=\"cmo-se-comparan-en-espacio-interior-y-maletero-mod\" class=\"mb-2 mt-4 font-display font-semimedium text-base first:mt-0 md:text-lg [hr+&amp;]:mt-4\">Miten Model 3 ja Model Y vertautuvat sis\u00e4tiloissa ja tavaratilassa?<\/h2>\n<p class=\"my-2 [&amp;+p]:mt-4 [&amp;_strong:has(+br)]:inline-block [&amp;_strong:has(+br)]:pb-2\">Model Y:n tavaratila on kaksinkertainen (jopa 2 000 litraa kaadettuna) verrattuna Model 3:een (425 litraa), ja siin\u00e4 on panoraamakatto sek\u00e4 mahdollisuus kolmannelle riville seitsem\u00e4lle matkustajalle. Sedan tarjoaa minimalistisen sis\u00e4tilan viidelle, keskittyen premium-ergonomiaan.<\/p>\n<ul>\n<li class=\"my-2 [&amp;+p]:mt-4 [&amp;_strong:has(+br)]:inline-block [&amp;_strong:has(+br)]:pb-2\"><strong>Tavaratila<\/strong>: 425 L (Model 3) vs 854 L + frunk (Model Y).<\/li>\n<li class=\"my-2 [&amp;+p]:mt-4 [&amp;_strong:has(+br)]:inline-block [&amp;_strong:has(+br)]:pb-2\"><strong>Paikat<\/strong>: 5 vs jopa 7, enemm\u00e4n korkeutta SUV:ssa.<\/li>\n<li class=\"my-2 [&amp;+p]:mt-4 [&amp;_strong:has(+br)]:inline-block [&amp;_strong:has(+br)]:pb-2\"><strong>Sisustus<\/strong>: Keskusn\u00e4ytt\u00f6 identtinen, mutta Model Y:ss\u00e4 enemm\u00e4n tilaa takana.<\/li>\n<\/ul>\n<h2 id=\"en-rendimiento-y-aceleracin-gana-el-model-3-o-el-m\" class=\"mb-2 mt-4 font-display font-semimedium text-base first:mt-0 md:text-lg [hr+&amp;]:mt-4\">Kumpi voittaa suorituskyvyss\u00e4 ja kiihtyvyydess\u00e4, Model 3 vai Model Y?<\/h2>\n<p class=\"my-2 [&amp;+p]:mt-4 [&amp;_strong:has(+br)]:inline-block [&amp;_strong:has(+br)]:pb-2\">Molemmissa on tehokkaat moottorit, mutta Model 3 Performance kiihtyy 0-100 km\/h 3,1 sekunnissa, kun taas Model Y:ssa se vie 3,7 sekuntia suuremman massan vuoksi. Huippunopeus on noin 260 km\/h sedanissa, 250 km\/h SUV:ssa.<\/p>\n<ul>\n<li class=\"my-2 [&amp;+p]:mt-4 [&amp;_strong:has(+br)]:inline-block [&amp;_strong:has(+br)]:pb-2\"><strong>Kiihtyvyys<\/strong>: 3,1 s (Model 3 Perf.) vs 3,7 s (Model Y Perf.).<\/li>\n<li class=\"my-2 [&amp;+p]:mt-4 [&amp;_strong:has(+br)]:inline-block [&amp;_strong:has(+br)]:pb-2\"><strong>Teho<\/strong>: Jopa 450 hv molemmissa AWD:ss\u00e4.<\/li>\n<li class=\"my-2 [&amp;+p]:mt-4 [&amp;_strong:has(+br)]:inline-block [&amp;_strong:has(+br)]:pb-2\"><strong>K\u00e4sittely<\/strong>: Model 3 ketter\u00e4mpi, Model Y vakaa korkeissa kaarteissa.<\/li>\n<\/ul>\n<h2 id=\"comparativa-final-model-3-vs-model-y\" class=\"mb-2 mt-4 font-display font-semimedium text-base first:mt-0 md:text-lg [hr+&amp;]:mt-4\">Loppuvertailu: Model 3 vs Model Y<\/h2>\n<p class=\"my-2 [&amp;+p]:mt-4 [&amp;_strong:has(+br)]:inline-block [&amp;_strong:has(+br)]:pb-2\">Model 3 ja Model Y jakavat premium-s\u00e4hk\u00f6auton ytimen, mutta eroavat korin ja k\u00e4yt\u00f6n osalta: sedan priorisoi kaupunkitehokkuutta, SUV perhetilaa, hinnat alkaen 39 760 \u20ac ja 44 760 \u20ac vastaavasti espanjalaisissa tarjouksissa.<\/p>\n<div class=\"group relative\">\n<div class=\"w-full overflow-x-auto md:max-w-[90vw] border-subtlest ring-subtlest divide-subtlest bg-transparent\">\n<table class=\"border-subtler my-[1em] w-full table-auto border-separate border-spacing-0 border-l border-t\">\n<thead class=\"bg-subtler\">\n<tr>\n<th class=\"border-subtler p-sm break-normal border-b border-r text-left align-top\">Ominaisuus<\/th>\n<th class=\"border-subtler p-sm break-normal border-b border-r text-left align-top\">Tesla Model 3<\/th>\n<th class=\"border-subtler p-sm break-normal border-b border-r text-left align-top\">Tesla Model Y<\/th>\n<th class=\"border-subtler p-sm break-normal border-b border-r text-left align-top\">Ihanteellinen asiakas<\/th>\n<\/tr>\n<\/thead>\n<tbody>\n<tr>\n<td class=\"px-sm border-subtler min-w-[48px] break-normal border-b border-r\">Kori<\/td>\n<td class=\"px-sm border-subtler min-w-[48px] break-normal border-b border-r\">Kompakti sedan, 4,72 m\u00a0<span class=\"inline-flex\" aria-label=\"Hinta Tesla Model 3 2025 | Testi ja mielipiteet\" data-state=\"closed\">\u200b<\/span><\/td>\n<td class=\"px-sm border-subtler min-w-[48px] break-normal border-b border-r\">Kompakti SUV, 4,75 m\u00a0<span class=\"inline-flex\" aria-label=\"Tesla Model Y 2025 Specs &amp; Features\" data-state=\"closed\">\u200b<\/span><\/td>\n<td class=\"px-sm border-subtler min-w-[48px] break-normal border-b border-r\">Model 3: Kaupunkiprofessionaali; Model Y: Suuri perhe<\/td>\n<\/tr>\n<tr>\n<td class=\"px-sm border-subtler min-w-[48px] break-normal border-b border-r\">Maks. WLTP-toimintas\u00e4de<\/td>\n<td class=\"px-sm border-subtler min-w-[48px] break-normal border-b border-r\">612 km (Long Range)\u00a0<span class=\"inline-flex\" aria-label=\"Hinta Tesla Model 3 2025 | Testi ja mielipiteet\" data-state=\"closed\">\u200b<\/span><\/td>\n<td class=\"px-sm border-subtler min-w-[48px] break-normal border-b border-r\">550 km (Long Range)\u00a0<span class=\"inline-flex\" aria-label=\"Kuinka kauan Teslan lataamiseen menee?\" data-state=\"closed\">\u200b<\/span><\/td>\n<td class=\"px-sm border-subtler min-w-[48px] break-normal border-b border-r\">Model 3: Liikematkustaja; Model Y: Monitoimivanhempi<\/td>\n<\/tr>\n<tr>\n<td class=\"px-sm border-subtler min-w-[48px] break-normal border-b border-r\">Akkukapasiteetti<\/td>\n<td class=\"px-sm border-subtler min-w-[48px] break-normal border-b border-r\">60-75 kWh\u00a0<span class=\"inline-flex\" aria-label=\"Hinta Tesla Model 3 2025 | Testi ja mielipiteet\" data-state=\"closed\">\u200b<\/span><\/td>\n<td class=\"px-sm border-subtler min-w-[48px] break-normal border-b border-r\">57,5-75 kWh\u00a0<span class=\"inline-flex\" aria-label=\"Kuinka kauan Teslan lataamiseen menee?\" data-state=\"closed\">\u200b<\/span><\/td>\n<td class=\"px-sm border-subtler min-w-[48px] break-normal border-b border-r\">Model 3: Tehokas ty\u00f6matkalainen; Model Y: Koti latauksilla<\/td>\n<\/tr>\n<tr>\n<td class=\"px-sm border-subtler min-w-[48px] break-normal border-b border-r\">Tavaratila (maks.)<\/td>\n<td class=\"px-sm border-subtler min-w-[48px] break-normal border-b border-r\">425 L + frunk\u00a0<span class=\"inline-flex\" aria-label=\"Hinta Tesla Model 3 2025 | Testi ja mielipiteet\" data-state=\"closed\">\u200b<\/span><\/td>\n<td class=\"px-sm border-subtler min-w-[48px] break-normal border-b border-r\">2 000 L kaadettuna\u00a0<span class=\"inline-flex\" aria-label=\"Tesla Model Y 2025 Specs &amp; Features\" data-state=\"closed\">\u200b<\/span><\/td>\n<td class=\"px-sm border-subtler min-w-[48px] break-normal border-b border-r\">Model 3: Sinkku matkalaukkujen kanssa; Model Y: Perhe vaunuineen<\/td>\n<\/tr>\n<tr>\n<td class=\"px-sm border-subtler min-w-[48px] break-normal border-b border-r\">Kiihtyvyys 0-100 km\/h<\/td>\n<td class=\"px-sm border-subtler min-w-[48px] break-normal border-b border-r\">4,1-6,1 s\u00a0<span class=\"inline-flex\" aria-label=\"Hinta Tesla Model 3 2025 | Testi ja mielipiteet\" data-state=\"closed\">\u200b<\/span><\/td>\n<td class=\"px-sm border-subtler min-w-[48px] break-normal border-b border-r\">3,7-6,3 s\u00a0<span class=\"inline-flex\" aria-label=\"Kuinka kauan Teslan lataamiseen menee?\" data-state=\"closed\">\u200b<\/span><\/td>\n<td class=\"px-sm border-subtler min-w-[48px] break-normal border-b border-r\">Model 3: Ajamisen yst\u00e4v\u00e4; Model Y: Perheautoilija<\/td>\n<\/tr>\n<tr>\n<td class=\"px-sm border-subtler min-w-[48px] break-normal border-b border-r\">Hinta alkaen (tarjoukset)<\/td>\n<td class=\"px-sm border-subtler min-w-[48px] break-normal border-b border-r\">39 760 \u20ac\u00a0<span class=\"inline-flex\" aria-label=\"Hinta Tesla Model 3 2025 | Testi ja mielipiteet\" data-state=\"closed\">\u200b<\/span><\/td>\n<td class=\"px-sm border-subtler min-w-[48px] break-normal border-b border-r\">44 760 \u20ac<\/td>\n<td class=\"px-sm border-subtler min-w-[48px] break-normal border-b border-r\">Model 3: Tiukka budjetti; Model Y: Monipuolinen sijoittaja<\/td>\n<\/tr>\n<tr>\n<td class=\"px-sm border-subtler min-w-[48px] break-normal border-b border-r\">Latausaika 7,3 kW<\/td>\n<td class=\"px-sm border-subtler min-w-[48px] break-normal border-b border-r\">10-12 tuntia\u00a0<span class=\"inline-flex\" aria-label=\"TESLA MODEL 3 PREMIUM SUURI TOIMINTAS\u00c4DE ...\" data-state=\"closed\">\u200b<\/span><\/td>\n<td class=\"px-sm border-subtler min-w-[48px] break-normal border-b border-r\">9-12 tuntia\u00a0<span class=\"inline-flex\" aria-label=\"Lataa Tesla Model Y:si\" data-state=\"closed\">\u200b<\/span><\/td>\n<td class=\"px-sm border-subtler min-w-[48px] break-normal border-b border-r\">Model 3: Kaupunkihallin k\u00e4ytt\u00e4j\u00e4; Model Y: Yksityinen talo<\/td>\n<\/tr>\n<\/tbody>\n<\/table>\n<\/div>\n<\/div>\n<ul>\n<li class=\"my-2 [&amp;+p]:mt-4 [&amp;_strong:has(+br)]:inline-block [&amp;_strong:has(+br)]:pb-2\"><strong>Yhteiset edut<\/strong>: Supercharger-verkosto, 15&#8243; n\u00e4yt\u00f6t, alhaiset kulut (14-18 kWh\/100 km).<\/li>\n<li class=\"my-2 [&amp;+p]:mt-4 [&amp;_strong:has(+br)]:inline-block [&amp;_strong:has(+br)]:pb-2\"><strong>T\u00e4rke\u00e4 p\u00e4\u00e4t\u00f6s<\/strong>: Valitse Model 3, jos etsit ketteryytt\u00e4 ja s\u00e4\u00e4st\u00f6\u00e4; Model Y, jos tarvitset tilaa ja korkeutta.<\/li>\n<\/ul>\n<p class=\"my-2 [&amp;+p]:mt-4 [&amp;_strong:has(+br)]:inline-block [&amp;_strong:has(+br)]:pb-2\">Yhteenvetona sek\u00e4 Model 3 ett\u00e4 Model Y edustavat parasta premium-s\u00e4hk\u00f6liikkuvuutta, sopeutuen profiileihin aina kaupunkiprofessionaalista monipuoliseen perheeseen, johtavilla toimintas\u00e4teill\u00e4 ja tehokkuuksilla, jotka muuttavat p\u00e4ivitt\u00e4ist\u00e4 liikkuvuutta.<\/p>\n<p class=\"my-2 [&amp;+p]:mt-4 [&amp;_strong:has(+br)]:inline-block [&amp;_strong:has(+br)]:pb-2\">V2C:lt\u00e4, s\u00e4hk\u00f6autojen latausasemien valmistajilta Espanjassa, kutsumme sinut l\u00f6yt\u00e4m\u00e4\u00e4n l\u00e4himm\u00e4n s\u00e4hk\u00f6auton latausaseman asentajan ammattilaisverkostostamme, jotta siirtyminen s\u00e4hk\u00f6iseen liikkuvuuteen olisi helpompaa kuin koskaan.<\/p>\n<figure class=\"wp-block-image\"><a href=\"https:\/\/v2charge.com\/fihttps:\/\/v2charge.com\/fi\/bmw-esittelee-uuden-bmw-ix3-2026-ja-avaa-neue-klasse-ajancuentra-tu-instalador\/\"><img decoding=\"async\" width=\"960\" height=\"960\" src=\"https:\/\/v2charge.com\/wp-content\/uploads\/2025\/08\/buscas-instalador-cargador-coche-electrico.jpg\" alt=\"Encuentra tu instalador de cargador de coche el\u00e9ctrico\" class=\"wp-image-243962\" srcset=\"https:\/\/v2charge.com\/wp-content\/uploads\/2025\/08\/buscas-instalador-cargador-coche-electrico.jpg 960w, https:\/\/v2charge.com\/wp-content\/uploads\/2025\/08\/buscas-instalador-cargador-coche-electrico-300x300.jpg 300w, https:\/\/v2charge.com\/wp-content\/uploads\/2025\/08\/buscas-instalador-cargador-coche-electrico-150x150.jpg 150w, https:\/\/v2charge.com\/wp-content\/uploads\/2025\/08\/buscas-instalador-cargador-coche-electrico-768x768.jpg 768w, https:\/\/v2charge.com\/wp-content\/uploads\/2025\/08\/buscas-instalador-cargador-coche-electrico-50x50.jpg 50w\" sizes=\"(max-width: 960px) 100vw, 960px\" \/><\/a><\/figure>\n","protected":false},"excerpt":{"rendered":"<p>Vuonna 2025 s\u00e4hk\u00f6autojen myynti Espanjassa ylitt\u00e4\u00e4 150 000 yksikk\u00f6\u00e4 vuodessa, ja premium-segmentti johtaa siirtymist\u00e4 kest\u00e4v\u00e4mp\u00e4\u00e4n liikkuvuuteen. Tesla Model 3 loistaa ketter\u00e4n\u00e4 sedanina tehokkaille matkustajille, ollen vuoden 2025 myydyin s\u00e4hk\u00f6auto, kun taas Model Y, vuoden kolmanneksi myydyin malli, vakuuttaa monik\u00e4ytt\u00f6isen\u00e4 SUV:na aktiivisille perheille; valinta riippuu siit\u00e4, arvostatko kaupunkidynamiikkaa vai p\u00e4ivitt\u00e4ist\u00e4 monipuolisuutta. V2C:ss\u00e4 suunnittelemme ja valmistamme 100 &#8230; <a title=\"Model 3 Vs Model Y: Kaksi myydyimm\u00e4n auton erot\" class=\"read-more\" href=\"https:\/\/v2charge.com\/fi\/model-3-vs-model-y-kaksi-myydyimman-auton-erot\/\" aria-label=\"Lue lis\u00e4\u00e4 aiheesta Model 3 Vs Model Y: Kaksi myydyimm\u00e4n auton erot\">Lue lis\u00e4\u00e4<\/a><\/p>\n","protected":false},"author":400,"featured_media":292493,"comment_status":"closed","ping_status":"closed","sticky":false,"template":"","format":"standard","meta":{"_eb_attr":"","content-type":"","_uag_custom_page_level_css":"","footnotes":""},"categories":[1,12058],"tags":[],"class_list":["post-311768","post","type-post","status-publish","format-standard","has-post-thumbnail","hentry","category-e-mobility","category-sahkoautot"],"yoast_head":"<!-- This site is optimized with the Yoast SEO plugin v25.3.1 - https:\/\/yoast.com\/wordpress\/plugins\/seo\/ -->\n<title>Model 3 Vs Model Y: Erot ja Samankaltaisuudet Mik\u00e4 valita?<\/title>\n<meta name=\"description\" content=\"Mik\u00e4 Tesla-malli valita? Vertailussa Tesla Model 3 ja Model Y. L\u00f6yd\u00e4 kaikki niiden erot ja samankaltaisuudet. Hinnat ja ominaisuudet.\" \/>\n<meta name=\"robots\" content=\"index, follow, max-snippet:-1, max-image-preview:large, max-video-preview:-1\" \/>\n<link rel=\"canonical\" href=\"https:\/\/v2charge.com\/fi\/model-3-vs-model-y-kaksi-myydyimman-auton-erot\/\" \/>\n<meta property=\"og:locale\" content=\"fi_FI\" \/>\n<meta property=\"og:type\" content=\"article\" \/>\n<meta property=\"og:title\" content=\"Model 3 Vs Model Y: Erot ja Samankaltaisuudet Mik\u00e4 valita?\" \/>\n<meta property=\"og:description\" content=\"Mik\u00e4 Tesla-malli valita? Vertailussa Tesla Model 3 ja Model Y. L\u00f6yd\u00e4 kaikki niiden erot ja samankaltaisuudet. Hinnat ja ominaisuudet.\" \/>\n<meta property=\"og:url\" content=\"https:\/\/v2charge.com\/fi\/model-3-vs-model-y-kaksi-myydyimman-auton-erot\/\" \/>\n<meta property=\"og:site_name\" content=\"V2C\" \/>\n<meta property=\"article:publisher\" content=\"https:\/\/www.facebook.com\/V2C.Charge\" \/>\n<meta property=\"article:published_time\" content=\"2026-01-02T07:30:00+00:00\" \/>\n<meta property=\"article:modified_time\" content=\"2026-01-27T12:07:54+00:00\" \/>\n<meta property=\"og:image\" content=\"https:\/\/v2charge.com\/wp-content\/uploads\/2025\/12\/model-3-vs-model-y-diferencias-precios-tesla.jpg\" \/>\n\t<meta property=\"og:image:width\" content=\"960\" \/>\n\t<meta property=\"og:image:height\" content=\"560\" \/>\n\t<meta property=\"og:image:type\" content=\"image\/jpeg\" \/>\n<meta name=\"author\" content=\"V2C\" \/>\n<meta name=\"twitter:card\" content=\"summary_large_image\" \/>\n<meta name=\"twitter:creator\" content=\"@V2C_Charge\" \/>\n<meta name=\"twitter:site\" content=\"@V2C_Charge\" \/>\n<meta name=\"twitter:label1\" content=\"Kirjoittanut\" \/>\n\t<meta name=\"twitter:data1\" content=\"V2C\" \/>\n\t<meta name=\"twitter:label2\" content=\"Arvioitu lukuaika\" \/>\n\t<meta name=\"twitter:data2\" content=\"7 minuuttia\" \/>\n<script type=\"application\/ld+json\" class=\"yoast-schema-graph\">{\"@context\":\"https:\/\/schema.org\",\"@graph\":[{\"@type\":\"Article\",\"@id\":\"https:\/\/v2charge.com\/fi\/model-3-vs-model-y-kaksi-myydyimman-auton-erot\/#article\",\"isPartOf\":{\"@id\":\"https:\/\/v2charge.com\/fi\/model-3-vs-model-y-kaksi-myydyimman-auton-erot\/\"},\"author\":{\"name\":\"V2C\",\"@id\":\"https:\/\/v2charge.com\/fi\/#\/schema\/person\/d6f210a94a856acdddec347b2127fd0f\"},\"headline\":\"Model 3 Vs Model Y: Kaksi myydyimm\u00e4n auton erot\",\"datePublished\":\"2026-01-02T07:30:00+00:00\",\"dateModified\":\"2026-01-27T12:07:54+00:00\",\"mainEntityOfPage\":{\"@id\":\"https:\/\/v2charge.com\/fi\/model-3-vs-model-y-kaksi-myydyimman-auton-erot\/\"},\"wordCount\":925,\"publisher\":{\"@id\":\"https:\/\/v2charge.com\/fi\/#organization\"},\"image\":{\"@id\":\"https:\/\/v2charge.com\/fi\/model-3-vs-model-y-kaksi-myydyimman-auton-erot\/#primaryimage\"},\"thumbnailUrl\":\"https:\/\/v2charge.com\/wp-content\/uploads\/2025\/12\/model-3-vs-model-y-diferencias-precios-tesla.jpg\",\"articleSection\":[\"e-Mobility\",\"S\u00e4hk\u00f6autot\"],\"inLanguage\":\"fi\"},{\"@type\":\"WebPage\",\"@id\":\"https:\/\/v2charge.com\/fi\/model-3-vs-model-y-kaksi-myydyimman-auton-erot\/\",\"url\":\"https:\/\/v2charge.com\/fi\/model-3-vs-model-y-kaksi-myydyimman-auton-erot\/\",\"name\":\"Model 3 Vs Model Y: Erot ja Samankaltaisuudet Mik\u00e4 valita?\",\"isPartOf\":{\"@id\":\"https:\/\/v2charge.com\/fi\/#website\"},\"primaryImageOfPage\":{\"@id\":\"https:\/\/v2charge.com\/fi\/model-3-vs-model-y-kaksi-myydyimman-auton-erot\/#primaryimage\"},\"image\":{\"@id\":\"https:\/\/v2charge.com\/fi\/model-3-vs-model-y-kaksi-myydyimman-auton-erot\/#primaryimage\"},\"thumbnailUrl\":\"https:\/\/v2charge.com\/wp-content\/uploads\/2025\/12\/model-3-vs-model-y-diferencias-precios-tesla.jpg\",\"datePublished\":\"2026-01-02T07:30:00+00:00\",\"dateModified\":\"2026-01-27T12:07:54+00:00\",\"description\":\"Mik\u00e4 Tesla-malli valita? Vertailussa Tesla Model 3 ja Model Y. L\u00f6yd\u00e4 kaikki niiden erot ja samankaltaisuudet. Hinnat ja ominaisuudet.\",\"breadcrumb\":{\"@id\":\"https:\/\/v2charge.com\/fi\/model-3-vs-model-y-kaksi-myydyimman-auton-erot\/#breadcrumb\"},\"inLanguage\":\"fi\",\"potentialAction\":[{\"@type\":\"ReadAction\",\"target\":[\"https:\/\/v2charge.com\/fi\/model-3-vs-model-y-kaksi-myydyimman-auton-erot\/\"]}]},{\"@type\":\"ImageObject\",\"inLanguage\":\"fi\",\"@id\":\"https:\/\/v2charge.com\/fi\/model-3-vs-model-y-kaksi-myydyimman-auton-erot\/#primaryimage\",\"url\":\"https:\/\/v2charge.com\/wp-content\/uploads\/2025\/12\/model-3-vs-model-y-diferencias-precios-tesla.jpg\",\"contentUrl\":\"https:\/\/v2charge.com\/wp-content\/uploads\/2025\/12\/model-3-vs-model-y-diferencias-precios-tesla.jpg\",\"width\":960,\"height\":560,\"caption\":\"Model 3 Vs Model Y: Las diferencias entre dos de los coches m\u00e1s vendidos\"},{\"@type\":\"BreadcrumbList\",\"@id\":\"https:\/\/v2charge.com\/fi\/model-3-vs-model-y-kaksi-myydyimman-auton-erot\/#breadcrumb\",\"itemListElement\":[{\"@type\":\"ListItem\",\"position\":1,\"name\":\"V2C\",\"item\":\"https:\/\/v2charge.com\/fi\/\"},{\"@type\":\"ListItem\",\"position\":2,\"name\":\"S\u00e4hk\u00f6autot\",\"item\":\"https:\/\/v2charge.com\/fi\/sahkoautot\/\"},{\"@type\":\"ListItem\",\"position\":3,\"name\":\"Model 3 Vs Model Y: Kaksi myydyimm\u00e4n auton erot\"}]},{\"@type\":\"WebSite\",\"@id\":\"https:\/\/v2charge.com\/fi\/#website\",\"url\":\"https:\/\/v2charge.com\/fi\/\",\"name\":\"V2C\",\"description\":\"#CargandoElMa\u00f1ana\",\"publisher\":{\"@id\":\"https:\/\/v2charge.com\/fi\/#organization\"},\"potentialAction\":[{\"@type\":\"SearchAction\",\"target\":{\"@type\":\"EntryPoint\",\"urlTemplate\":\"https:\/\/v2charge.com\/fi\/?s={search_term_string}\"},\"query-input\":{\"@type\":\"PropertyValueSpecification\",\"valueRequired\":true,\"valueName\":\"search_term_string\"}}],\"inLanguage\":\"fi\"},{\"@type\":\"Organization\",\"@id\":\"https:\/\/v2charge.com\/fi\/#organization\",\"name\":\"V2C\",\"url\":\"https:\/\/v2charge.com\/fi\/\",\"logo\":{\"@type\":\"ImageObject\",\"inLanguage\":\"fi\",\"@id\":\"https:\/\/v2charge.com\/fi\/#\/schema\/logo\/image\/\",\"url\":\"https:\/\/v2charge.com\/wp-content\/uploads\/2024\/11\/cropped-v2c-charge-logo-menu.png\",\"contentUrl\":\"https:\/\/v2charge.com\/wp-content\/uploads\/2024\/11\/cropped-v2c-charge-logo-menu.png\",\"width\":984,\"height\":431,\"caption\":\"V2C\"},\"image\":{\"@id\":\"https:\/\/v2charge.com\/fi\/#\/schema\/logo\/image\/\"},\"sameAs\":[\"https:\/\/www.facebook.com\/V2C.Charge\",\"https:\/\/x.com\/V2C_Charge\",\"https:\/\/www.instagram.com\/v2c.charge\/\",\"https:\/\/www.youtube.com\/@V2C\",\"https:\/\/www.linkedin.com\/company\/v2c-chargers\/\"]},{\"@type\":\"Person\",\"@id\":\"https:\/\/v2charge.com\/fi\/#\/schema\/person\/d6f210a94a856acdddec347b2127fd0f\",\"name\":\"V2C\",\"image\":{\"@type\":\"ImageObject\",\"inLanguage\":\"fi\",\"@id\":\"https:\/\/v2charge.com\/fi\/#\/schema\/person\/image\/\",\"url\":\"https:\/\/secure.gravatar.com\/avatar\/a91128c4c0d2f4d63bd586301fdec6cc9aa49c885839b25d1c62700f529f267c?s=96&d=mm&r=g\",\"contentUrl\":\"https:\/\/secure.gravatar.com\/avatar\/a91128c4c0d2f4d63bd586301fdec6cc9aa49c885839b25d1c62700f529f267c?s=96&d=mm&r=g\",\"caption\":\"V2C\"}}]}<\/script>\n<!-- \/ Yoast SEO plugin. -->","yoast_head_json":{"title":"Model 3 Vs Model Y: Erot ja Samankaltaisuudet Mik\u00e4 valita?","description":"Mik\u00e4 Tesla-malli valita? Vertailussa Tesla Model 3 ja Model Y. L\u00f6yd\u00e4 kaikki niiden erot ja samankaltaisuudet. Hinnat ja ominaisuudet.","robots":{"index":"index","follow":"follow","max-snippet":"max-snippet:-1","max-image-preview":"max-image-preview:large","max-video-preview":"max-video-preview:-1"},"canonical":"https:\/\/v2charge.com\/fi\/model-3-vs-model-y-kaksi-myydyimman-auton-erot\/","og_locale":"fi_FI","og_type":"article","og_title":"Model 3 Vs Model Y: Erot ja Samankaltaisuudet Mik\u00e4 valita?","og_description":"Mik\u00e4 Tesla-malli valita? Vertailussa Tesla Model 3 ja Model Y. L\u00f6yd\u00e4 kaikki niiden erot ja samankaltaisuudet. Hinnat ja ominaisuudet.","og_url":"https:\/\/v2charge.com\/fi\/model-3-vs-model-y-kaksi-myydyimman-auton-erot\/","og_site_name":"V2C","article_publisher":"https:\/\/www.facebook.com\/V2C.Charge","article_published_time":"2026-01-02T07:30:00+00:00","article_modified_time":"2026-01-27T12:07:54+00:00","og_image":[{"width":960,"height":560,"url":"https:\/\/v2charge.com\/wp-content\/uploads\/2025\/12\/model-3-vs-model-y-diferencias-precios-tesla.jpg","type":"image\/jpeg"}],"author":"V2C","twitter_card":"summary_large_image","twitter_creator":"@V2C_Charge","twitter_site":"@V2C_Charge","twitter_misc":{"Kirjoittanut":"V2C","Arvioitu lukuaika":"7 minuuttia"},"schema":{"@context":"https:\/\/schema.org","@graph":[{"@type":"Article","@id":"https:\/\/v2charge.com\/fi\/model-3-vs-model-y-kaksi-myydyimman-auton-erot\/#article","isPartOf":{"@id":"https:\/\/v2charge.com\/fi\/model-3-vs-model-y-kaksi-myydyimman-auton-erot\/"},"author":{"name":"V2C","@id":"https:\/\/v2charge.com\/fi\/#\/schema\/person\/d6f210a94a856acdddec347b2127fd0f"},"headline":"Model 3 Vs Model Y: Kaksi myydyimm\u00e4n auton erot","datePublished":"2026-01-02T07:30:00+00:00","dateModified":"2026-01-27T12:07:54+00:00","mainEntityOfPage":{"@id":"https:\/\/v2charge.com\/fi\/model-3-vs-model-y-kaksi-myydyimman-auton-erot\/"},"wordCount":925,"publisher":{"@id":"https:\/\/v2charge.com\/fi\/#organization"},"image":{"@id":"https:\/\/v2charge.com\/fi\/model-3-vs-model-y-kaksi-myydyimman-auton-erot\/#primaryimage"},"thumbnailUrl":"https:\/\/v2charge.com\/wp-content\/uploads\/2025\/12\/model-3-vs-model-y-diferencias-precios-tesla.jpg","articleSection":["e-Mobility","S\u00e4hk\u00f6autot"],"inLanguage":"fi"},{"@type":"WebPage","@id":"https:\/\/v2charge.com\/fi\/model-3-vs-model-y-kaksi-myydyimman-auton-erot\/","url":"https:\/\/v2charge.com\/fi\/model-3-vs-model-y-kaksi-myydyimman-auton-erot\/","name":"Model 3 Vs Model Y: Erot ja Samankaltaisuudet Mik\u00e4 valita?","isPartOf":{"@id":"https:\/\/v2charge.com\/fi\/#website"},"primaryImageOfPage":{"@id":"https:\/\/v2charge.com\/fi\/model-3-vs-model-y-kaksi-myydyimman-auton-erot\/#primaryimage"},"image":{"@id":"https:\/\/v2charge.com\/fi\/model-3-vs-model-y-kaksi-myydyimman-auton-erot\/#primaryimage"},"thumbnailUrl":"https:\/\/v2charge.com\/wp-content\/uploads\/2025\/12\/model-3-vs-model-y-diferencias-precios-tesla.jpg","datePublished":"2026-01-02T07:30:00+00:00","dateModified":"2026-01-27T12:07:54+00:00","description":"Mik\u00e4 Tesla-malli valita? Vertailussa Tesla Model 3 ja Model Y. L\u00f6yd\u00e4 kaikki niiden erot ja samankaltaisuudet. Hinnat ja ominaisuudet.","breadcrumb":{"@id":"https:\/\/v2charge.com\/fi\/model-3-vs-model-y-kaksi-myydyimman-auton-erot\/#breadcrumb"},"inLanguage":"fi","potentialAction":[{"@type":"ReadAction","target":["https:\/\/v2charge.com\/fi\/model-3-vs-model-y-kaksi-myydyimman-auton-erot\/"]}]},{"@type":"ImageObject","inLanguage":"fi","@id":"https:\/\/v2charge.com\/fi\/model-3-vs-model-y-kaksi-myydyimman-auton-erot\/#primaryimage","url":"https:\/\/v2charge.com\/wp-content\/uploads\/2025\/12\/model-3-vs-model-y-diferencias-precios-tesla.jpg","contentUrl":"https:\/\/v2charge.com\/wp-content\/uploads\/2025\/12\/model-3-vs-model-y-diferencias-precios-tesla.jpg","width":960,"height":560,"caption":"Model 3 Vs Model Y: Las diferencias entre dos de los coches m\u00e1s vendidos"},{"@type":"BreadcrumbList","@id":"https:\/\/v2charge.com\/fi\/model-3-vs-model-y-kaksi-myydyimman-auton-erot\/#breadcrumb","itemListElement":[{"@type":"ListItem","position":1,"name":"V2C","item":"https:\/\/v2charge.com\/fi\/"},{"@type":"ListItem","position":2,"name":"S\u00e4hk\u00f6autot","item":"https:\/\/v2charge.com\/fi\/sahkoautot\/"},{"@type":"ListItem","position":3,"name":"Model 3 Vs Model Y: Kaksi myydyimm\u00e4n auton erot"}]},{"@type":"WebSite","@id":"https:\/\/v2charge.com\/fi\/#website","url":"https:\/\/v2charge.com\/fi\/","name":"V2C","description":"#CargandoElMa\u00f1ana","publisher":{"@id":"https:\/\/v2charge.com\/fi\/#organization"},"potentialAction":[{"@type":"SearchAction","target":{"@type":"EntryPoint","urlTemplate":"https:\/\/v2charge.com\/fi\/?s={search_term_string}"},"query-input":{"@type":"PropertyValueSpecification","valueRequired":true,"valueName":"search_term_string"}}],"inLanguage":"fi"},{"@type":"Organization","@id":"https:\/\/v2charge.com\/fi\/#organization","name":"V2C","url":"https:\/\/v2charge.com\/fi\/","logo":{"@type":"ImageObject","inLanguage":"fi","@id":"https:\/\/v2charge.com\/fi\/#\/schema\/logo\/image\/","url":"https:\/\/v2charge.com\/wp-content\/uploads\/2024\/11\/cropped-v2c-charge-logo-menu.png","contentUrl":"https:\/\/v2charge.com\/wp-content\/uploads\/2024\/11\/cropped-v2c-charge-logo-menu.png","width":984,"height":431,"caption":"V2C"},"image":{"@id":"https:\/\/v2charge.com\/fi\/#\/schema\/logo\/image\/"},"sameAs":["https:\/\/www.facebook.com\/V2C.Charge","https:\/\/x.com\/V2C_Charge","https:\/\/www.instagram.com\/v2c.charge\/","https:\/\/www.youtube.com\/@V2C","https:\/\/www.linkedin.com\/company\/v2c-chargers\/"]},{"@type":"Person","@id":"https:\/\/v2charge.com\/fi\/#\/schema\/person\/d6f210a94a856acdddec347b2127fd0f","name":"V2C","image":{"@type":"ImageObject","inLanguage":"fi","@id":"https:\/\/v2charge.com\/fi\/#\/schema\/person\/image\/","url":"https:\/\/secure.gravatar.com\/avatar\/a91128c4c0d2f4d63bd586301fdec6cc9aa49c885839b25d1c62700f529f267c?s=96&d=mm&r=g","contentUrl":"https:\/\/secure.gravatar.com\/avatar\/a91128c4c0d2f4d63bd586301fdec6cc9aa49c885839b25d1c62700f529f267c?s=96&d=mm&r=g","caption":"V2C"}}]}},"uagb_featured_image_src":{"full":["https:\/\/v2charge.com\/wp-content\/uploads\/2025\/12\/model-3-vs-model-y-diferencias-precios-tesla.jpg",960,560,false],"thumbnail":["https:\/\/v2charge.com\/wp-content\/uploads\/2025\/12\/model-3-vs-model-y-diferencias-precios-tesla-150x150.jpg",150,150,true],"medium":["https:\/\/v2charge.com\/wp-content\/uploads\/2025\/12\/model-3-vs-model-y-diferencias-precios-tesla-300x175.jpg",300,175,true],"medium_large":["https:\/\/v2charge.com\/wp-content\/uploads\/2025\/12\/model-3-vs-model-y-diferencias-precios-tesla-768x448.jpg",768,448,true],"large":["https:\/\/v2charge.com\/wp-content\/uploads\/2025\/12\/model-3-vs-model-y-diferencias-precios-tesla.jpg",960,560,false],"gs-tiny":["https:\/\/v2charge.com\/wp-content\/uploads\/2025\/12\/model-3-vs-model-y-diferencias-precios-tesla-50x29.jpg",50,29,true],"xl":["https:\/\/v2charge.com\/wp-content\/uploads\/2025\/12\/model-3-vs-model-y-diferencias-precios-tesla.jpg",960,560,false],"xxl":["https:\/\/v2charge.com\/wp-content\/uploads\/2025\/12\/model-3-vs-model-y-diferencias-precios-tesla.jpg",960,560,false],"xxxl":["https:\/\/v2charge.com\/wp-content\/uploads\/2025\/12\/model-3-vs-model-y-diferencias-precios-tesla.jpg",960,560,false],"xxxxl":["https:\/\/v2charge.com\/wp-content\/uploads\/2025\/12\/model-3-vs-model-y-diferencias-precios-tesla.jpg",960,560,false],"xxxxxl":["https:\/\/v2charge.com\/wp-content\/uploads\/2025\/12\/model-3-vs-model-y-diferencias-precios-tesla.jpg",960,560,false],"1536x1536":["https:\/\/v2charge.com\/wp-content\/uploads\/2025\/12\/model-3-vs-model-y-diferencias-precios-tesla.jpg",960,560,false],"2048x2048":["https:\/\/v2charge.com\/wp-content\/uploads\/2025\/12\/model-3-vs-model-y-diferencias-precios-tesla.jpg",960,560,false]},"uagb_author_info":{"display_name":"V2C","author_link":"https:\/\/v2charge.com\/fi\/author\/marketing\/"},"uagb_comment_info":0,"uagb_excerpt":"Vuonna 2025 s\u00e4hk\u00f6autojen myynti Espanjassa ylitt\u00e4\u00e4 150 000 yksikk\u00f6\u00e4 vuodessa, ja premium-segmentti johtaa siirtymist\u00e4 kest\u00e4v\u00e4mp\u00e4\u00e4n liikkuvuuteen. Tesla Model 3 loistaa ketter\u00e4n\u00e4 sedanina tehokkaille matkustajille, ollen vuoden 2025 myydyin s\u00e4hk\u00f6auto, kun taas Model Y, vuoden kolmanneksi myydyin malli, vakuuttaa monik\u00e4ytt\u00f6isen\u00e4 SUV:na aktiivisille perheille; valinta riippuu siit\u00e4, arvostatko kaupunkidynamiikkaa vai p\u00e4ivitt\u00e4ist\u00e4 monipuolisuutta. V2C:ss\u00e4 suunnittelemme ja valmistamme 100&hellip;","_links":{"self":[{"href":"https:\/\/v2charge.com\/fi\/wp-json\/wp\/v2\/posts\/311768","targetHints":{"allow":["GET"]}}],"collection":[{"href":"https:\/\/v2charge.com\/fi\/wp-json\/wp\/v2\/posts"}],"about":[{"href":"https:\/\/v2charge.com\/fi\/wp-json\/wp\/v2\/types\/post"}],"author":[{"embeddable":true,"href":"https:\/\/v2charge.com\/fi\/wp-json\/wp\/v2\/users\/400"}],"replies":[{"embeddable":true,"href":"https:\/\/v2charge.com\/fi\/wp-json\/wp\/v2\/comments?post=311768"}],"version-history":[{"count":0,"href":"https:\/\/v2charge.com\/fi\/wp-json\/wp\/v2\/posts\/311768\/revisions"}],"wp:featuredmedia":[{"embeddable":true,"href":"https:\/\/v2charge.com\/fi\/wp-json\/wp\/v2\/media\/292493"}],"wp:attachment":[{"href":"https:\/\/v2charge.com\/fi\/wp-json\/wp\/v2\/media?parent=311768"}],"wp:term":[{"taxonomy":"category","embeddable":true,"href":"https:\/\/v2charge.com\/fi\/wp-json\/wp\/v2\/categories?post=311768"},{"taxonomy":"post_tag","embeddable":true,"href":"https:\/\/v2charge.com\/fi\/wp-json\/wp\/v2\/tags?post=311768"}],"curies":[{"name":"wp","href":"https:\/\/api.w.org\/{rel}","templated":true}]}}