{"id":149768,"date":"2025-12-23T11:28:27","date_gmt":"2025-12-23T09:28:27","guid":{"rendered":"https:\/\/v2charge.com\/?p=149768"},"modified":"2025-12-23T11:31:14","modified_gmt":"2025-12-23T09:31:14","slug":"dacia-spring-prix-comment-recharger","status":"publish","type":"post","link":"https:\/\/v2charge.com\/fr\/dacia-spring-prix-comment-recharger\/","title":{"rendered":"Nouveau Dacia Spring 2026 : la voiture \u00e9lectrique urbaine qui impulse une mobilit\u00e9 plus intelligente"},"content":{"rendered":"<p class=\"my-2 [&amp;+p]:mt-4 [&amp;_strong:has(+br)]:inline-block [&amp;_strong:has(+br)]:pb-2\">Dans une ann\u00e9e o\u00f9 les v\u00e9hicules \u00e9lectriques s&rsquo;imposent comme l&rsquo;option la plus \u00e9cologique pour se d\u00e9placer en ville, Dacia d\u00e9voile le nouveau Dacia Spring 2026. La marque promet un redesign avec plus de puissance, une s\u00e9curit\u00e9 accrue et une recharge plus rapide. Le Dacia Spring a d\u00e9mocratis\u00e9 la mobilit\u00e9 \u00e9lectrique en devenant l&rsquo;un des \u00e9lectriques les plus abordables du march\u00e9 des citadines, et il renforce d\u00e9sormais sa position face \u00e0 la concurrence, fid\u00e8le \u00e0 sa philosophie : offrir le meilleur rendement au prix le plus bas.<\/p>\n<p class=\"my-2 [&amp;+p]:mt-4 [&amp;_strong:has(+br)]:inline-block [&amp;_strong:has(+br)]:pb-2\">Chez V2C, nous concevons et fabriquons nos<strong><a class=\"reset interactable cursor-pointer decoration-1 underline-offset-1 text-super hover:underline font-semibold\" href=\"https:\/\/v2charge.com\/fr\/\" target=\"_blank\" rel=\"nofollow noopener\"><span class=\"text-box-trim-both\">chargeurs pour voitures \u00e9lectriques<\/span><\/a><\/strong>100<strong>%<\/strong> en Espagne, et nous saluons cette \u00e9volution d&rsquo;un des v\u00e9hicules \u00e9lectriques les plus vendus ces derni\u00e8res ann\u00e9es. Chaque progr\u00e8s sur des mod\u00e8les comme le Dacia Spring \u00e9lectrique favorise un \u00e9cosyst\u00e8me plus connect\u00e9, efficace et durable. Voici toutes les nouveaut\u00e9s de ce redesign embl\u00e9matique du Spring \u00e9lectrique.<\/p>\n<h2 id=\"histoire-du-dacia-spring-en-france--de-son-arrive\" class=\"mb-2 mt-4 font-display font-semimedium text-base first:mt-0 md:text-lg [hr+&amp;]:mt-4\">Histoire du Dacia Spring en France : de son arriv\u00e9e au redesign 2026<\/h2>\n<p class=\"my-2 [&amp;+p]:mt-4 [&amp;_strong:has(+br)]:inline-block [&amp;_strong:has(+br)]:pb-2\">Le Dacia Spring est arriv\u00e9 en France en 2021 comme une r\u00e9volution dans le segment des citadines \u00e9lectriques : compact, abordable et pratique, il a permis \u00e0 des milliers de conducteurs de franchir le pas vers une mobilit\u00e9 z\u00e9ro \u00e9mission. <strong>Avec plus de 179 000 unit\u00e9s vendues en Europe jusqu&rsquo;\u00e0 mi-2025<\/strong>, il s&rsquo;est impos\u00e9 comme l&rsquo;\u00e9lectrique le plus populaire chez les particuliers dans les segments A et B.<\/p>\n<p><img decoding=\"async\" class=\"alignnone size-full wp-image-149726\" src=\"https:\/\/v2charge.com\/wp-content\/uploads\/2024\/04\/dacia-spring.jpg\" alt=\"\" width=\"1200\" height=\"700\" srcset=\"https:\/\/v2charge.com\/wp-content\/uploads\/2024\/04\/dacia-spring.jpg 1200w, https:\/\/v2charge.com\/wp-content\/uploads\/2024\/04\/dacia-spring-300x175.jpg 300w, https:\/\/v2charge.com\/wp-content\/uploads\/2024\/04\/dacia-spring-1024x597.jpg 1024w, https:\/\/v2charge.com\/wp-content\/uploads\/2024\/04\/dacia-spring-768x448.jpg 768w\" sizes=\"(max-width: 1200px) 100vw, 1200px\" \/><\/p>\n<p><em>Dacia Spring 2024<\/em><\/p>\n<p>Modifications de design en 2023 et 2024, tout en conservant sa philosophie de simplicit\u00e9 pour un prix final accessible, avec des gains en autonomie, s\u00e9curit\u00e9 et \u00e9quipement technologique.<\/p>\n<ul>\n<li class=\"my-2 [&amp;+p]:mt-4 [&amp;_strong:has(+br)]:inline-block [&amp;_strong:has(+br)]:pb-2\"><strong>2021<\/strong>\u00a0: Lancement en France, succ\u00e8s imm\u00e9diat gr\u00e2ce \u00e0 son prix bas.<\/li>\n<li class=\"my-2 [&amp;+p]:mt-4 [&amp;_strong:has(+br)]:inline-block [&amp;_strong:has(+br)]:pb-2\"><strong>2023<\/strong>\u00a0: Redesign esth\u00e9tique et premi\u00e8res am\u00e9liorations en connectivit\u00e9.<\/li>\n<li class=\"my-2 [&amp;+p]:mt-4 [&amp;_strong:has(+br)]:inline-block [&amp;_strong:has(+br)]:pb-2\"><strong>2024<\/strong>\u00a0: Augmentation de puissance et raffinement urbain.<\/li>\n<li class=\"my-2 [&amp;+p]:mt-4 [&amp;_strong:has(+br)]:inline-block [&amp;_strong:has(+br)]:pb-2\"><strong>2026<\/strong>\u00a0: Nouvelle plateforme renforc\u00e9e, batterie LFP et exp\u00e9rience digitale compl\u00e8te.<\/li>\n<\/ul>\n<p class=\"my-2 [&amp;+p]:mt-4 [&amp;_strong:has(+br)]:inline-block [&amp;_strong:has(+br)]:pb-2\">Ce parcours positionne le nouveau Dacia Spring 2026 comme l&rsquo;un des v\u00e9hicules \u00e9lectriques les plus vendus de 2026, \u00e0 un prix abordable et avec d&rsquo;excellentes performances pour les segments urbains A-B.<\/p>\n<h2 id=\"quelles-nouveauts-pour-le-nouveau-dacia-spring-202\" class=\"mb-2 mt-4 font-display font-semimedium text-base first:mt-0 md:text-lg [hr+&amp;]:mt-4\">Quelles nouveaut\u00e9s pour le nouveau Dacia Spring 2026 ?<\/h2>\n<p class=\"my-2 [&amp;+p]:mt-4 [&amp;_strong:has(+br)]:inline-block [&amp;_strong:has(+br)]:pb-2\">Le nouveau Dacia Spring 2026 renouvelle son offre avec des am\u00e9liorations pris\u00e9es des conducteurs urbains : puissance, connectivit\u00e9 et efficacit\u00e9 de recharge.<\/p>\n<p><img decoding=\"async\" class=\"alignnone size-full wp-image-292241\" src=\"https:\/\/v2charge.com\/wp-content\/uploads\/2025\/12\/dacia-spring-electrico-charge.jpg\" alt=\"Nuevo Dacia Spring 2026: el coche el\u00e9ctrico urbano que impulsa una movilidad m\u00e1s inteligente\" width=\"960\" height=\"560\" srcset=\"https:\/\/v2charge.com\/wp-content\/uploads\/2025\/12\/dacia-spring-electrico-charge.jpg 960w, https:\/\/v2charge.com\/wp-content\/uploads\/2025\/12\/dacia-spring-electrico-charge-300x175.jpg 300w, https:\/\/v2charge.com\/wp-content\/uploads\/2025\/12\/dacia-spring-electrico-charge-768x448.jpg 768w, https:\/\/v2charge.com\/wp-content\/uploads\/2025\/12\/dacia-spring-electrico-charge-50x29.jpg 50w\" sizes=\"(max-width: 960px) 100vw, 960px\" \/><\/p>\n<div class=\"flex flex-col text-sm pb-25\">\n<article class=\"text-token-text-primary w-full focus:outline-none [--shadow-height:45px] has-data-writing-block:pointer-events-none has-data-writing-block:-mt-(--shadow-height) has-data-writing-block:pt-(--shadow-height) [&amp;:has([data-writing-block])&gt;*]:pointer-events-auto [content-visibility:auto] supports-[content-visibility:auto]:[contain-intrinsic-size:auto_100lvh] scroll-mt-[calc(var(--header-height)+min(200px,max(70px,20svh)))]\" dir=\"auto\" tabindex=\"-1\" data-turn-id=\"380f384b-263e-4720-a66a-5b5adccfb354\" data-testid=\"conversation-turn-2\" data-scroll-anchor=\"true\" data-turn=\"assistant\">\n<div class=\"text-base my-auto mx-auto pb-10 [--thread-content-margin:--spacing(4)] @w-sm\/main:[--thread-content-margin:--spacing(6)] @w-lg\/main:[--thread-content-margin:--spacing(16)] px-(--thread-content-margin)\">\n<div class=\"[--thread-content-max-width:40rem] @w-lg\/main:[--thread-content-max-width:48rem] mx-auto max-w-(--thread-content-max-width) flex-1 group\/turn-messages focus-visible:outline-hidden relative flex w-full min-w-0 flex-col agent-turn\" tabindex=\"-1\">\n<div class=\"flex max-w-full flex-col grow\">\n<div class=\"min-h-8 text-message relative flex w-full flex-col items-end gap-2 text-start break-words whitespace-normal [.text-message+&amp;]:mt-1\" dir=\"auto\" data-message-author-role=\"assistant\" data-message-id=\"c0bad832-c877-4ffe-bd00-5e58d1bf7fd4\" data-message-model-slug=\"gpt-5-2\">\n<div class=\"flex w-full flex-col gap-1 empty:hidden first:pt-[1px]\">\n<div class=\"markdown prose dark:prose-invert w-full break-words dark markdown-new-styling\">\n<p data-start=\"0\" data-end=\"56\" data-is-last-node=\"\" data-is-only-node=\"\"><strong data-start=\"0\" data-end=\"56\" data-is-last-node=\"\" data-is-only-node=\"\">Caract\u00e9ristiques cl\u00e9s du nouveau Dacia Spring 2026 :<\/strong><\/p>\n<\/div>\n<\/div>\n<\/div>\n<\/div>\n<\/div>\n<\/div>\n<\/article>\n<\/div>\n<ul>\n<li class=\"my-2 [&amp;+p]:mt-4 [&amp;_strong:has(+br)]:inline-block [&amp;_strong:has(+br)]:pb-2\">Deux nouveaux moteurs \u00e9lectriques : 70 ch (52 kW) et 100 ch (74 kW), pour plus d&rsquo;autonomie et de performances.<\/li>\n<li class=\"my-2 [&amp;+p]:mt-4 [&amp;_strong:has(+br)]:inline-block [&amp;_strong:has(+br)]:pb-2\">Batterie LFP de 24,3 kWh, plus stable et avec une meilleure autonomie.<\/li>\n<li class=\"my-2 [&amp;+p]:mt-4 [&amp;_strong:has(+br)]:inline-block [&amp;_strong:has(+br)]:pb-2\">Charge rapide en courant continu jusqu&rsquo;\u00e0 40 kW, par exemple, jusqu&rsquo;\u00e0 140 km en 30 minutes sur un chargeur Denka de V2C.<\/li>\n<li class=\"my-2 [&amp;+p]:mt-4 [&amp;_strong:has(+br)]:inline-block [&amp;_strong:has(+br)]:pb-2\">Structure renforc\u00e9e et barre stabilisatrice de s\u00e9rie pour plus de s\u00e9curit\u00e9.<\/li>\n<li class=\"my-2 [&amp;+p]:mt-4 [&amp;_strong:has(+br)]:inline-block [&amp;_strong:has(+br)]:pb-2\">Tableau de bord digital 7 pouces et \u00e9cran central 10,1 pouces avec connectivit\u00e9 totale.<\/li>\n<\/ul>\n<h2 id=\"le-nouveau-dacia-spring-lectrique-2026--prix-versi\" class=\"mb-2 mt-4 font-display font-semimedium text-base first:mt-0 md:text-lg [hr+&amp;]:mt-4\">Le nouveau Dacia Spring \u00e9lectrique 2026 : prix, versions et autonomie<\/h2>\n<p class=\"my-2 [&amp;+p]:mt-4 [&amp;_strong:has(+br)]:inline-block [&amp;_strong:has(+br)]:pb-2\">Le Dacia Spring 2026 arrive comme l&rsquo;un des \u00e9lectriques les plus abordables du march\u00e9, avec trois finitions principales \u00e0 partir de 16 900 \u20ac TTC (sans aides). Dacia met \u00e0 jour sa citadine 100% \u00e9lectrique avec des am\u00e9liorations en \u00e9quipement, efficacit\u00e9 et technologie, id\u00e9ale pour la ville et les trajets courts.<\/p>\n<div class=\"group relative\">\n<table class=\"border-subtler my-[1em] w-full table-auto border-separate border-spacing-0 border-l border-t\">\n<thead class=\"bg-subtler\">\n<tr>\n<th class=\"border-subtler p-sm break-normal border-b border-r text-left align-top\">Version<\/th>\n<th class=\"border-subtler p-sm break-normal border-b border-r text-left align-top\">Puissance (ch)<\/th>\n<th class=\"border-subtler p-sm break-normal border-b border-r text-left align-top\">Autonomie WLTP (km)<\/th>\n<th class=\"border-subtler p-sm break-normal border-b border-r text-left align-top\">Prix TTC (\u20ac) sans aides<\/th>\n<th class=\"border-subtler p-sm break-normal border-b border-r text-left align-top\">Point fort<\/th>\n<\/tr>\n<\/thead>\n<tbody>\n<tr>\n<td class=\"px-sm border-subtler min-w-[48px] break-normal border-b border-r\">Essential<\/td>\n<td class=\"px-sm border-subtler min-w-[48px] break-normal border-b border-r\">70<\/td>\n<td class=\"px-sm border-subtler min-w-[48px] break-normal border-b border-r\">~225<\/td>\n<td class=\"px-sm border-subtler min-w-[48px] break-normal border-b border-r\">16 900<\/td>\n<td class=\"px-sm border-subtler min-w-[48px] break-normal border-b border-r\">Option la plus \u00e9conomique, id\u00e9ale pour la ville\u00a0<span class=\"inline-flex\" aria-label=\"Prix Dacia Spring : Toutes les finitions &amp; motorisations\" data-state=\"closed\">\u200b<\/span><\/td>\n<\/tr>\n<tr>\n<td class=\"px-sm border-subtler min-w-[48px] break-normal border-b border-r\">Expression<\/td>\n<td class=\"px-sm border-subtler min-w-[48px] break-normal border-b border-r\">70<\/td>\n<td class=\"px-sm border-subtler min-w-[48px] break-normal border-b border-r\">~228<\/td>\n<td class=\"px-sm border-subtler min-w-[48px] break-normal border-b border-r\">18 700 &#8211; 18 900<\/td>\n<td class=\"px-sm border-subtler min-w-[48px] break-normal border-b border-r\">Plus de puissance et r\u00e9ponse agile\u00a0<span class=\"inline-flex\" aria-label=\"Prix Dacia Spring : Toutes les finitions &amp; motorisations\" data-state=\"closed\">\u200b<\/span><\/td>\n<\/tr>\n<tr>\n<td class=\"px-sm border-subtler min-w-[48px] break-normal border-b border-r\">Extreme<\/td>\n<td class=\"px-sm border-subtler min-w-[48px] break-normal border-b border-r\">70\/100<\/td>\n<td class=\"px-sm border-subtler min-w-[48px] break-normal border-b border-r\">~227<\/td>\n<td class=\"px-sm border-subtler min-w-[48px] break-normal border-b border-r\">19 700 &#8211; 19 900<\/td>\n<td class=\"px-sm border-subtler min-w-[48px] break-normal border-b border-r\">Plus d&rsquo;\u00e9quipements et design aventurier\u00a0<span class=\"inline-flex\" data-state=\"closed\">\u200b<\/span><\/td>\n<\/tr>\n<\/tbody>\n<\/table>\n<br \/>\n<div class=\"bg-base border-subtler shadow-subtle pointer-coarse:opacity-100 right-xs absolute bottom-0 flex rounded-lg border opacity-0 transition-opacity group-hover:opacity-100 [&amp;&gt;*:not(:first-child)]:border-subtle [&amp;&gt;*:not(:first-child)]:border-l\">\n<div class=\"flex\"><em>Note : Non \u00e9ligible au bonus \u00e9cologique en raison de sa fabrication en Chine et de son score environnemental faible. Les prix restent inchang\u00e9s avec ou sans aides. Toutes les versions partagent une batterie de 26,8 kWh utile et une transmission automatique, avec un faible consumo moyen de 13-14 kWh\/100 km.<\/em><\/div>\n<div class=\"flex\">\u00a0<\/div>\n<\/div>\n<\/div>\n<p><img decoding=\"async\" class=\"alignnone size-full wp-image-292252\" src=\"https:\/\/v2charge.com\/wp-content\/uploads\/2025\/12\/dacia-spring-electrico-screen.jpg\" alt=\"Nuevo Dacia Spring 2026: el coche el\u00e9ctrico urbano que impulsa una movilidad m\u00e1s inteligente\" width=\"960\" height=\"560\" srcset=\"https:\/\/v2charge.com\/wp-content\/uploads\/2025\/12\/dacia-spring-electrico-screen.jpg 960w, https:\/\/v2charge.com\/wp-content\/uploads\/2025\/12\/dacia-spring-electrico-screen-300x175.jpg 300w, https:\/\/v2charge.com\/wp-content\/uploads\/2025\/12\/dacia-spring-electrico-screen-768x448.jpg 768w, https:\/\/v2charge.com\/wp-content\/uploads\/2025\/12\/dacia-spring-electrico-screen-50x29.jpg 50w\" sizes=\"(max-width: 960px) 100vw, 960px\" \/><\/p>\n<h2 id=\"autonomie-du-nouveau-dacia-spring-lectrique\" class=\"mb-2 mt-4 font-display font-semimedium text-base first:mt-0 md:text-lg [hr+&amp;]:mt-4\">Autonomie du nouveau Dacia Spring \u00e9lectrique<\/h2>\n<p class=\"my-2 [&amp;+p]:mt-4 [&amp;_strong:has(+br)]:inline-block [&amp;_strong:has(+br)]:pb-2\">Avec ~225 km en WLTP mixte, le nouveau mod\u00e8le couvre parfaitement l&rsquo;usage urbain moyen sur plus d&rsquo;une semaine. Dacia annonce jusqu&rsquo;\u00e0 305 km en cycle urbain WLTP. Son syst\u00e8me V2L permet d&rsquo;utiliser la batterie comme source d&rsquo;\u00e9nergie externe, id\u00e9al avec des solutions de stockage domestiques ou un chargeur V2C intelligent.<\/p>\n<div class=\"flex flex-col text-sm\">\n<article class=\"text-token-text-primary w-full focus:outline-none [--shadow-height:45px] has-data-writing-block:pointer-events-none has-data-writing-block:-mt-(--shadow-height) has-data-writing-block:pt-(--shadow-height) [&amp;:has([data-writing-block])&gt;*]:pointer-events-auto scroll-mt-[calc(var(--header-height)+min(200px,max(70px,20svh)))]\" dir=\"auto\" tabindex=\"-1\" data-turn-id=\"c979fd1c-3713-4669-a890-50d62ac10c21\" data-testid=\"conversation-turn-4\" data-scroll-anchor=\"true\" data-turn=\"assistant\">\n<div class=\"text-base my-auto mx-auto pb-10 [--thread-content-margin:--spacing(4)] @w-sm\/main:[--thread-content-margin:--spacing(6)] @w-lg\/main:[--thread-content-margin:--spacing(16)] px-(--thread-content-margin)\">\n<div class=\"[--thread-content-max-width:40rem] @w-lg\/main:[--thread-content-max-width:48rem] mx-auto max-w-(--thread-content-max-width) flex-1 group\/turn-messages focus-visible:outline-hidden relative flex w-full min-w-0 flex-col agent-turn\" tabindex=\"-1\">\n<div class=\"flex max-w-full flex-col grow\">\n<div class=\"min-h-8 text-message relative flex w-full flex-col items-end gap-2 text-start break-words whitespace-normal [.text-message+&amp;]:mt-1\" dir=\"auto\" data-message-author-role=\"assistant\" data-message-id=\"c26194b2-354a-4984-9b52-3ba280e32997\" data-message-model-slug=\"gpt-5-2\">\n<div class=\"flex w-full flex-col gap-1 empty:hidden first:pt-[1px]\">\n<div class=\"markdown prose dark:prose-invert w-full break-words dark markdown-new-styling\">\n<p data-start=\"0\" data-end=\"260\" data-is-last-node=\"\" data-is-only-node=\"\">De plus, son syst\u00e8me <strong data-start=\"21\" data-end=\"28\">V2L<\/strong> permet d\u2019utiliser la batterie comme source d\u2019\u00e9nergie externe, une fonctionnalit\u00e9 particuli\u00e8rement utile lorsqu\u2019elle est associ\u00e9e \u00e0 des solutions domestiques de stockage ou \u00e0 un <strong data-start=\"206\" data-end=\"259\">chargeur V2C dot\u00e9 d\u2019une connectivit\u00e9 intelligente<\/strong>.<\/p>\n<\/div>\n<\/div>\n<\/div>\n<\/div>\n<\/div>\n<\/div>\n<\/article>\n<\/div>\n<h2 id=\"temps-de-charge-du-nouveau-dacia-spring-lectrique\" class=\"mb-2 mt-4 font-display font-semimedium text-base first:mt-0 md:text-lg [hr+&amp;]:mt-4\">Temps de charge du nouveau Dacia Spring \u00e9lectrique<\/h2>\n<p class=\"my-2 [&amp;+p]:mt-4 [&amp;_strong:has(+br)]:inline-block [&amp;_strong:has(+br)]:pb-2\">Le Dacia Spring excelle par son temps de recharge r\u00e9duit : de <strong>20% \u00e0 80% en 30 minutes sur un chargeur DC 40 kW<\/strong>. En <strong>AC 7 kW<\/strong>, <strong>une charge compl\u00e8te prend 3 h 20 mi<\/strong>n avec un point de charge adapt\u00e9. Son consumo moyen de <strong>13,5 kWh\/100 km<\/strong> est l&rsquo;un des plus bas, gr\u00e2ce \u00e0 son poids l\u00e9ger.<\/p>\n<p><!-- \/wp:post-content --><\/p>\n<p class=\"my-2 [&amp;+p]:mt-4 [&amp;_strong:has(+br)]:inline-block [&amp;_strong:has(+br)]:pb-2\">Chez V2C, nos chargeurs intelligents s&rsquo;adaptent \u00e0 diverses puissances et environnements. Notre syst\u00e8me de gestion de puissance optimise la recharge de votre Dacia Spring de fa\u00e7on s\u00fbre, rapide et durable.<\/p>\n<p><a href=\"https:\/\/v2charge.com\/store\/fr\/produit\/trydan\/\"><img decoding=\"async\" class=\"alignnone size-full wp-image-245369\" src=\"https:\/\/v2charge.com\/wp-content\/uploads\/2025\/08\/chargeur-voiture-electrique-plus-intelligent-v2c.jpg\" alt=\"\" width=\"818\" height=\"818\" srcset=\"https:\/\/v2charge.com\/wp-content\/uploads\/2025\/08\/chargeur-voiture-electrique-plus-intelligent-v2c.jpg 818w, https:\/\/v2charge.com\/wp-content\/uploads\/2025\/08\/chargeur-voiture-electrique-plus-intelligent-v2c-300x300.jpg 300w, https:\/\/v2charge.com\/wp-content\/uploads\/2025\/08\/chargeur-voiture-electrique-plus-intelligent-v2c-150x150.jpg 150w, https:\/\/v2charge.com\/wp-content\/uploads\/2025\/08\/chargeur-voiture-electrique-plus-intelligent-v2c-768x768.jpg 768w, https:\/\/v2charge.com\/wp-content\/uploads\/2025\/08\/chargeur-voiture-electrique-plus-intelligent-v2c-50x50.jpg 50w\" sizes=\"(max-width: 818px) 100vw, 818px\" \/><\/a><\/p>\n<h2 id=\"pourquoi-le-dacia-spring-2026-est-idal-pour-la-vil\" class=\"mb-2 mt-4 font-display font-semimedium text-base first:mt-0 md:text-lg [hr+&amp;]:mt-4\">Pourquoi le Dacia Spring 2026 est id\u00e9al pour la ville ?<\/h2>\n<p class=\"my-2 [&amp;+p]:mt-4 [&amp;_strong:has(+br)]:inline-block [&amp;_strong:has(+br)]:pb-2\"><strong>Cette citadine 100% \u00e9lectrique de seulement 1 000 kg<\/strong> reste la plus l\u00e9g\u00e8re et accessible du march\u00e9. Compacte, avec une direction pr\u00e9cise et une suspension am\u00e9lior\u00e9e, elle est parfaite pour le trafic urbain et les trajets quotidiens.<\/p>\n<div class=\"flex flex-col text-sm pb-25\">\n<article class=\"text-token-text-primary w-full focus:outline-none [--shadow-height:45px] has-data-writing-block:pointer-events-none has-data-writing-block:-mt-(--shadow-height) has-data-writing-block:pt-(--shadow-height) [&amp;:has([data-writing-block])&gt;*]:pointer-events-auto scroll-mt-[calc(var(--header-height)+min(200px,max(70px,20svh)))]\" dir=\"auto\" tabindex=\"-1\" data-turn-id=\"2de6f6b0-e432-4938-a5c9-51e4a15ba041\" data-testid=\"conversation-turn-6\" data-scroll-anchor=\"true\" data-turn=\"assistant\">\n<div class=\"text-base my-auto mx-auto pb-10 [--thread-content-margin:--spacing(4)] @w-sm\/main:[--thread-content-margin:--spacing(6)] @w-lg\/main:[--thread-content-margin:--spacing(16)] px-(--thread-content-margin)\">\n<div class=\"[--thread-content-max-width:40rem] @w-lg\/main:[--thread-content-max-width:48rem] mx-auto max-w-(--thread-content-max-width) flex-1 group\/turn-messages focus-visible:outline-hidden relative flex w-full min-w-0 flex-col agent-turn\" tabindex=\"-1\">\n<div class=\"flex max-w-full flex-col grow\">\n<div class=\"min-h-8 text-message relative flex w-full flex-col items-end gap-2 text-start break-words whitespace-normal [.text-message+&amp;]:mt-1\" dir=\"auto\" data-message-author-role=\"assistant\" data-message-id=\"b7f9a93d-8fa9-4d67-a577-69054f5dd742\" data-message-model-slug=\"gpt-5-mini\">\n<div class=\"flex w-full flex-col gap-1 empty:hidden first:pt-[1px]\">\n<div class=\"markdown prose dark:prose-invert w-full break-words dark markdown-new-styling\">\n<p data-start=\"0\" data-end=\"47\" data-is-last-node=\"\" data-is-only-node=\"\"><strong data-start=\"0\" data-end=\"47\" data-is-last-node=\"\" data-is-only-node=\"\">Points cl\u00e9s du Dacia Spring pour la ville :<\/strong><\/p>\n<\/div>\n<\/div>\n<\/div>\n<\/div>\n<\/div>\n<\/div>\n<\/article>\n<\/div>\n<ul>\n<li class=\"my-2 [&amp;+p]:mt-4 [&amp;_strong:has(+br)]:inline-block [&amp;_strong:has(+br)]:pb-2\">Autonomie urbaine r\u00e9elle ~200 km : pas besoin de recharger quotidiennement, pour une semaine d&rsquo;usage sans contrainte.<\/li>\n<li class=\"my-2 [&amp;+p]:mt-4 [&amp;_strong:has(+br)]:inline-block [&amp;_strong:has(+br)]:pb-2\">Maniabilit\u00e9 exceptionnelle dans les espaces r\u00e9duits gr\u00e2ce \u00e0 sa taille compacte.<\/li>\n<li class=\"my-2 [&amp;+p]:mt-4 [&amp;_strong:has(+br)]:inline-block [&amp;_strong:has(+br)]:pb-2\">Nouveaux \u00e9l\u00e9ments structurels pour une s\u00e9curit\u00e9 active et passive accrue.<\/li>\n<li class=\"my-2 [&amp;+p]:mt-4 [&amp;_strong:has(+br)]:inline-block [&amp;_strong:has(+br)]:pb-2\">Faibles co\u00fbts d&rsquo;entretien et consumo \u00e9nerg\u00e9tique minimal d\u00fb \u00e0 son poids plume.<\/li>\n<\/ul>\n<p class=\"my-2 [&amp;+p]:mt-4 [&amp;_strong:has(+br)]:inline-block [&amp;_strong:has(+br)]:pb-2\">Ce v\u00e9hicule s&rsquo;int\u00e8gre parfaitement \u00e0 la mobilit\u00e9 de nouvelle g\u00e9n\u00e9ration promue par V2C : points de recharge connect\u00e9s, \u00e9nergie solaire et contr\u00f4le intelligent via app.<\/p>\n<p><img decoding=\"async\" class=\"alignnone size-full wp-image-292263\" src=\"https:\/\/v2charge.com\/wp-content\/uploads\/2025\/12\/dacia-spring-electrico-back.jpg\" alt=\"Nuevo Dacia Spring 2026: el coche el\u00e9ctrico urbano que impulsa una movilidad m\u00e1s inteligente\" width=\"960\" height=\"560\" srcset=\"https:\/\/v2charge.com\/wp-content\/uploads\/2025\/12\/dacia-spring-electrico-back.jpg 960w, https:\/\/v2charge.com\/wp-content\/uploads\/2025\/12\/dacia-spring-electrico-back-300x175.jpg 300w, https:\/\/v2charge.com\/wp-content\/uploads\/2025\/12\/dacia-spring-electrico-back-768x448.jpg 768w, https:\/\/v2charge.com\/wp-content\/uploads\/2025\/12\/dacia-spring-electrico-back-50x29.jpg 50w\" sizes=\"(max-width: 960px) 100vw, 960px\" \/><\/p>\n<h2 id=\"la-recharge-du-futur-est-intelligente-et-made-in-s\" class=\"mb-2 mt-4 font-display font-semimedium text-base first:mt-0 md:text-lg [hr+&amp;]:mt-4\">La recharge du futur est intelligente et made in Spain<\/h2>\n<p class=\"my-2 [&amp;+p]:mt-4 [&amp;_strong:has(+br)]:inline-block [&amp;_strong:has(+br)]:pb-2\">Le Dacia Spring 2026 confirme la maturit\u00e9 de l&rsquo;\u00e9lectrification urbaine avec sa batterie LFP, son design a\u00e9rodynamique et sa connectivit\u00e9. Chez V2C, nous offrons un syst\u00e8me de charge sur mesure pour optimiser votre v\u00e9hicule \u00e9lectrique. Trouvez votre\u00a0<strong><a class=\"reset interactable cursor-pointer decoration-1 underline-offset-1 text-super hover:underline font-semibold\" href=\"https:\/\/v2charge.com\/fr\/trouvez-votre-installateur\/\" target=\"_blank\" rel=\"nofollow noopener\" data-wplink-edit=\"true\"><span class=\"text-box-trim-both\">installateur de borne de recharge<\/span><\/a><\/strong> dans notre r\u00e9seau professionnel et chargez avec la technologie la plus avanc\u00e9e, d\u00e9velopp\u00e9e en Espagne.<\/p>\n<p><!-- \/wp:paragraph --><\/p>\n\n<!-- wp:paragraph -->\n<p><\/p>\n<!-- \/wp:paragraph -->","protected":false},"excerpt":{"rendered":"<p>Dans une ann\u00e9e o\u00f9 les v\u00e9hicules \u00e9lectriques s&rsquo;imposent comme l&rsquo;option la plus \u00e9cologique pour se d\u00e9placer en ville, Dacia d\u00e9voile le nouveau Dacia Spring 2026. La marque promet un redesign avec plus de puissance, une s\u00e9curit\u00e9 accrue et une recharge plus rapide. Le Dacia Spring a d\u00e9mocratis\u00e9 la mobilit\u00e9 \u00e9lectrique en devenant l&rsquo;un des \u00e9lectriques &#8230; <a title=\"Nouveau Dacia Spring 2026 : la voiture \u00e9lectrique urbaine qui impulse une mobilit\u00e9 plus intelligente\" class=\"read-more\" href=\"https:\/\/v2charge.com\/fr\/dacia-spring-prix-comment-recharger\/\" aria-label=\"Read more about Nouveau Dacia Spring 2026 : la voiture \u00e9lectrique urbaine qui impulse une mobilit\u00e9 plus intelligente\">Lire la suite<\/a><\/p>\n","protected":false},"author":400,"featured_media":292234,"comment_status":"open","ping_status":"open","sticky":false,"template":"","format":"standard","meta":{"_eb_attr":"","content-type":"","_uag_custom_page_level_css":"","footnotes":""},"categories":[2],"tags":[],"class_list":["post-149768","post","type-post","status-publish","format-standard","has-post-thumbnail","hentry","category-e-mobilite"],"yoast_head":"<!-- This site is optimized with the Yoast SEO plugin v25.3.1 - https:\/\/yoast.com\/wordpress\/plugins\/seo\/ -->\n<title>Dacia Spring 2026 \u00c9lectrique: Prix, Autonomie et Caract\u00e9ristiques<\/title>\n<meta name=\"description\" content=\"Tout sur la nouvelle Dacia Spring\u202f2026 \u00e9lectrique : prix d\u2019achat et toutes les caract\u00e9ristiques de la \u00e9lectrique la moins ch\u00e8re de 2026.\" \/>\n<meta name=\"robots\" content=\"index, follow, max-snippet:-1, max-image-preview:large, max-video-preview:-1\" \/>\n<link rel=\"canonical\" href=\"https:\/\/v2charge.com\/fr\/dacia-spring-prix-comment-recharger\/\" \/>\n<meta property=\"og:locale\" content=\"fr_FR\" \/>\n<meta property=\"og:type\" content=\"article\" \/>\n<meta property=\"og:title\" content=\"Dacia Spring 2026 \u00c9lectrique: Prix, Autonomie et Caract\u00e9ristiques\" \/>\n<meta property=\"og:description\" content=\"Tout sur la nouvelle Dacia Spring\u202f2026 \u00e9lectrique : prix d\u2019achat et toutes les caract\u00e9ristiques de la \u00e9lectrique la moins ch\u00e8re de 2026.\" \/>\n<meta property=\"og:url\" content=\"https:\/\/v2charge.com\/fr\/dacia-spring-prix-comment-recharger\/\" \/>\n<meta property=\"og:site_name\" content=\"V2C\" \/>\n<meta property=\"article:publisher\" content=\"https:\/\/www.facebook.com\/V2C.Charge\" \/>\n<meta property=\"article:published_time\" content=\"2025-12-23T09:28:27+00:00\" \/>\n<meta property=\"article:modified_time\" content=\"2025-12-23T09:31:14+00:00\" \/>\n<meta property=\"og:image\" content=\"https:\/\/v2charge.com\/wp-content\/uploads\/2025\/12\/dacia-spring-electrico-precio-caracteristicas.jpg\" \/>\n\t<meta property=\"og:image:width\" content=\"960\" \/>\n\t<meta property=\"og:image:height\" content=\"560\" \/>\n\t<meta property=\"og:image:type\" content=\"image\/jpeg\" \/>\n<meta name=\"author\" content=\"V2C\" \/>\n<meta name=\"twitter:card\" content=\"summary_large_image\" \/>\n<meta name=\"twitter:creator\" content=\"@V2C_Charge\" \/>\n<meta name=\"twitter:site\" content=\"@V2C_Charge\" \/>\n<meta name=\"twitter:label1\" content=\"\u00c9crit par\" \/>\n\t<meta name=\"twitter:data1\" content=\"V2C\" \/>\n\t<meta name=\"twitter:label2\" content=\"Dur\u00e9e de lecture estim\u00e9e\" \/>\n\t<meta name=\"twitter:data2\" content=\"6 minutes\" \/>\n<script type=\"application\/ld+json\" class=\"yoast-schema-graph\">{\"@context\":\"https:\/\/schema.org\",\"@graph\":[{\"@type\":\"Article\",\"@id\":\"https:\/\/v2charge.com\/fr\/dacia-spring-prix-comment-recharger\/#article\",\"isPartOf\":{\"@id\":\"https:\/\/v2charge.com\/fr\/dacia-spring-prix-comment-recharger\/\"},\"author\":{\"name\":\"V2C\",\"@id\":\"https:\/\/v2charge.com\/fr\/#\/schema\/person\/d6f210a94a856acdddec347b2127fd0f\"},\"headline\":\"Nouveau Dacia Spring 2026 : la voiture \u00e9lectrique urbaine qui impulse une mobilit\u00e9 plus intelligente\",\"datePublished\":\"2025-12-23T09:28:27+00:00\",\"dateModified\":\"2025-12-23T09:31:14+00:00\",\"mainEntityOfPage\":{\"@id\":\"https:\/\/v2charge.com\/fr\/dacia-spring-prix-comment-recharger\/\"},\"wordCount\":1028,\"commentCount\":4,\"publisher\":{\"@id\":\"https:\/\/v2charge.com\/fr\/#organization\"},\"image\":{\"@id\":\"https:\/\/v2charge.com\/fr\/dacia-spring-prix-comment-recharger\/#primaryimage\"},\"thumbnailUrl\":\"https:\/\/v2charge.com\/wp-content\/uploads\/2025\/12\/dacia-spring-electrico-precio-caracteristicas.jpg\",\"articleSection\":[\"e-Mobilit\u00e9\"],\"inLanguage\":\"fr-FR\",\"potentialAction\":[{\"@type\":\"CommentAction\",\"name\":\"Comment\",\"target\":[\"https:\/\/v2charge.com\/fr\/dacia-spring-prix-comment-recharger\/#respond\"]}]},{\"@type\":\"WebPage\",\"@id\":\"https:\/\/v2charge.com\/fr\/dacia-spring-prix-comment-recharger\/\",\"url\":\"https:\/\/v2charge.com\/fr\/dacia-spring-prix-comment-recharger\/\",\"name\":\"Dacia Spring 2026 \u00c9lectrique: Prix, Autonomie et Caract\u00e9ristiques\",\"isPartOf\":{\"@id\":\"https:\/\/v2charge.com\/fr\/#website\"},\"primaryImageOfPage\":{\"@id\":\"https:\/\/v2charge.com\/fr\/dacia-spring-prix-comment-recharger\/#primaryimage\"},\"image\":{\"@id\":\"https:\/\/v2charge.com\/fr\/dacia-spring-prix-comment-recharger\/#primaryimage\"},\"thumbnailUrl\":\"https:\/\/v2charge.com\/wp-content\/uploads\/2025\/12\/dacia-spring-electrico-precio-caracteristicas.jpg\",\"datePublished\":\"2025-12-23T09:28:27+00:00\",\"dateModified\":\"2025-12-23T09:31:14+00:00\",\"description\":\"Tout sur la nouvelle Dacia Spring\u202f2026 \u00e9lectrique : prix d\u2019achat et toutes les caract\u00e9ristiques de la \u00e9lectrique la moins ch\u00e8re de 2026.\",\"breadcrumb\":{\"@id\":\"https:\/\/v2charge.com\/fr\/dacia-spring-prix-comment-recharger\/#breadcrumb\"},\"inLanguage\":\"fr-FR\",\"potentialAction\":[{\"@type\":\"ReadAction\",\"target\":[\"https:\/\/v2charge.com\/fr\/dacia-spring-prix-comment-recharger\/\"]}]},{\"@type\":\"ImageObject\",\"inLanguage\":\"fr-FR\",\"@id\":\"https:\/\/v2charge.com\/fr\/dacia-spring-prix-comment-recharger\/#primaryimage\",\"url\":\"https:\/\/v2charge.com\/wp-content\/uploads\/2025\/12\/dacia-spring-electrico-precio-caracteristicas.jpg\",\"contentUrl\":\"https:\/\/v2charge.com\/wp-content\/uploads\/2025\/12\/dacia-spring-electrico-precio-caracteristicas.jpg\",\"width\":960,\"height\":560,\"caption\":\"Nuevo Dacia Spring 2026: el coche el\u00e9ctrico urbano que impulsa una movilidad m\u00e1s inteligente\"},{\"@type\":\"BreadcrumbList\",\"@id\":\"https:\/\/v2charge.com\/fr\/dacia-spring-prix-comment-recharger\/#breadcrumb\",\"itemListElement\":[{\"@type\":\"ListItem\",\"position\":1,\"name\":\"V2C\",\"item\":\"https:\/\/v2charge.com\/fr\/\"},{\"@type\":\"ListItem\",\"position\":2,\"name\":\"e-Mobilit\u00e9\",\"item\":\"https:\/\/v2charge.com\/fr\/e-mobilite\/\"},{\"@type\":\"ListItem\",\"position\":3,\"name\":\"Modelos de coches\",\"item\":\"https:\/\/v2charge.com\/es\/e-mobility\/modelos-coches\/\"},{\"@type\":\"ListItem\",\"position\":4,\"name\":\"Nouveau Dacia Spring 2026 : la voiture \u00e9lectrique urbaine qui impulse une mobilit\u00e9 plus intelligente\"}]},{\"@type\":\"WebSite\",\"@id\":\"https:\/\/v2charge.com\/fr\/#website\",\"url\":\"https:\/\/v2charge.com\/fr\/\",\"name\":\"V2C\",\"description\":\"#CargandoElMa\u00f1ana\",\"publisher\":{\"@id\":\"https:\/\/v2charge.com\/fr\/#organization\"},\"potentialAction\":[{\"@type\":\"SearchAction\",\"target\":{\"@type\":\"EntryPoint\",\"urlTemplate\":\"https:\/\/v2charge.com\/fr\/?s={search_term_string}\"},\"query-input\":{\"@type\":\"PropertyValueSpecification\",\"valueRequired\":true,\"valueName\":\"search_term_string\"}}],\"inLanguage\":\"fr-FR\"},{\"@type\":\"Organization\",\"@id\":\"https:\/\/v2charge.com\/fr\/#organization\",\"name\":\"V2C\",\"url\":\"https:\/\/v2charge.com\/fr\/\",\"logo\":{\"@type\":\"ImageObject\",\"inLanguage\":\"fr-FR\",\"@id\":\"https:\/\/v2charge.com\/fr\/#\/schema\/logo\/image\/\",\"url\":\"https:\/\/v2charge.com\/wp-content\/uploads\/2024\/11\/cropped-v2c-charge-logo-menu.png\",\"contentUrl\":\"https:\/\/v2charge.com\/wp-content\/uploads\/2024\/11\/cropped-v2c-charge-logo-menu.png\",\"width\":984,\"height\":431,\"caption\":\"V2C\"},\"image\":{\"@id\":\"https:\/\/v2charge.com\/fr\/#\/schema\/logo\/image\/\"},\"sameAs\":[\"https:\/\/www.facebook.com\/V2C.Charge\",\"https:\/\/x.com\/V2C_Charge\",\"https:\/\/www.instagram.com\/v2c.charge\/\",\"https:\/\/www.youtube.com\/@V2C\",\"https:\/\/www.linkedin.com\/company\/v2c-chargers\/\"]},{\"@type\":\"Person\",\"@id\":\"https:\/\/v2charge.com\/fr\/#\/schema\/person\/d6f210a94a856acdddec347b2127fd0f\",\"name\":\"V2C\",\"image\":{\"@type\":\"ImageObject\",\"inLanguage\":\"fr-FR\",\"@id\":\"https:\/\/v2charge.com\/fr\/#\/schema\/person\/image\/\",\"url\":\"https:\/\/secure.gravatar.com\/avatar\/a91128c4c0d2f4d63bd586301fdec6cc9aa49c885839b25d1c62700f529f267c?s=96&d=mm&r=g\",\"contentUrl\":\"https:\/\/secure.gravatar.com\/avatar\/a91128c4c0d2f4d63bd586301fdec6cc9aa49c885839b25d1c62700f529f267c?s=96&d=mm&r=g\",\"caption\":\"V2C\"}}]}<\/script>\n<!-- \/ Yoast SEO plugin. -->","yoast_head_json":{"title":"Dacia Spring 2026 \u00c9lectrique: Prix, Autonomie et Caract\u00e9ristiques","description":"Tout sur la nouvelle Dacia Spring\u202f2026 \u00e9lectrique : prix d\u2019achat et toutes les caract\u00e9ristiques de la \u00e9lectrique la moins ch\u00e8re de 2026.","robots":{"index":"index","follow":"follow","max-snippet":"max-snippet:-1","max-image-preview":"max-image-preview:large","max-video-preview":"max-video-preview:-1"},"canonical":"https:\/\/v2charge.com\/fr\/dacia-spring-prix-comment-recharger\/","og_locale":"fr_FR","og_type":"article","og_title":"Dacia Spring 2026 \u00c9lectrique: Prix, Autonomie et Caract\u00e9ristiques","og_description":"Tout sur la nouvelle Dacia Spring\u202f2026 \u00e9lectrique : prix d\u2019achat et toutes les caract\u00e9ristiques de la \u00e9lectrique la moins ch\u00e8re de 2026.","og_url":"https:\/\/v2charge.com\/fr\/dacia-spring-prix-comment-recharger\/","og_site_name":"V2C","article_publisher":"https:\/\/www.facebook.com\/V2C.Charge","article_published_time":"2025-12-23T09:28:27+00:00","article_modified_time":"2025-12-23T09:31:14+00:00","og_image":[{"width":960,"height":560,"url":"https:\/\/v2charge.com\/wp-content\/uploads\/2025\/12\/dacia-spring-electrico-precio-caracteristicas.jpg","type":"image\/jpeg"}],"author":"V2C","twitter_card":"summary_large_image","twitter_creator":"@V2C_Charge","twitter_site":"@V2C_Charge","twitter_misc":{"\u00c9crit par":"V2C","Dur\u00e9e de lecture estim\u00e9e":"6 minutes"},"schema":{"@context":"https:\/\/schema.org","@graph":[{"@type":"Article","@id":"https:\/\/v2charge.com\/fr\/dacia-spring-prix-comment-recharger\/#article","isPartOf":{"@id":"https:\/\/v2charge.com\/fr\/dacia-spring-prix-comment-recharger\/"},"author":{"name":"V2C","@id":"https:\/\/v2charge.com\/fr\/#\/schema\/person\/d6f210a94a856acdddec347b2127fd0f"},"headline":"Nouveau Dacia Spring 2026 : la voiture \u00e9lectrique urbaine qui impulse une mobilit\u00e9 plus intelligente","datePublished":"2025-12-23T09:28:27+00:00","dateModified":"2025-12-23T09:31:14+00:00","mainEntityOfPage":{"@id":"https:\/\/v2charge.com\/fr\/dacia-spring-prix-comment-recharger\/"},"wordCount":1028,"commentCount":4,"publisher":{"@id":"https:\/\/v2charge.com\/fr\/#organization"},"image":{"@id":"https:\/\/v2charge.com\/fr\/dacia-spring-prix-comment-recharger\/#primaryimage"},"thumbnailUrl":"https:\/\/v2charge.com\/wp-content\/uploads\/2025\/12\/dacia-spring-electrico-precio-caracteristicas.jpg","articleSection":["e-Mobilit\u00e9"],"inLanguage":"fr-FR","potentialAction":[{"@type":"CommentAction","name":"Comment","target":["https:\/\/v2charge.com\/fr\/dacia-spring-prix-comment-recharger\/#respond"]}]},{"@type":"WebPage","@id":"https:\/\/v2charge.com\/fr\/dacia-spring-prix-comment-recharger\/","url":"https:\/\/v2charge.com\/fr\/dacia-spring-prix-comment-recharger\/","name":"Dacia Spring 2026 \u00c9lectrique: Prix, Autonomie et Caract\u00e9ristiques","isPartOf":{"@id":"https:\/\/v2charge.com\/fr\/#website"},"primaryImageOfPage":{"@id":"https:\/\/v2charge.com\/fr\/dacia-spring-prix-comment-recharger\/#primaryimage"},"image":{"@id":"https:\/\/v2charge.com\/fr\/dacia-spring-prix-comment-recharger\/#primaryimage"},"thumbnailUrl":"https:\/\/v2charge.com\/wp-content\/uploads\/2025\/12\/dacia-spring-electrico-precio-caracteristicas.jpg","datePublished":"2025-12-23T09:28:27+00:00","dateModified":"2025-12-23T09:31:14+00:00","description":"Tout sur la nouvelle Dacia Spring\u202f2026 \u00e9lectrique : prix d\u2019achat et toutes les caract\u00e9ristiques de la \u00e9lectrique la moins ch\u00e8re de 2026.","breadcrumb":{"@id":"https:\/\/v2charge.com\/fr\/dacia-spring-prix-comment-recharger\/#breadcrumb"},"inLanguage":"fr-FR","potentialAction":[{"@type":"ReadAction","target":["https:\/\/v2charge.com\/fr\/dacia-spring-prix-comment-recharger\/"]}]},{"@type":"ImageObject","inLanguage":"fr-FR","@id":"https:\/\/v2charge.com\/fr\/dacia-spring-prix-comment-recharger\/#primaryimage","url":"https:\/\/v2charge.com\/wp-content\/uploads\/2025\/12\/dacia-spring-electrico-precio-caracteristicas.jpg","contentUrl":"https:\/\/v2charge.com\/wp-content\/uploads\/2025\/12\/dacia-spring-electrico-precio-caracteristicas.jpg","width":960,"height":560,"caption":"Nuevo Dacia Spring 2026: el coche el\u00e9ctrico urbano que impulsa una movilidad m\u00e1s inteligente"},{"@type":"BreadcrumbList","@id":"https:\/\/v2charge.com\/fr\/dacia-spring-prix-comment-recharger\/#breadcrumb","itemListElement":[{"@type":"ListItem","position":1,"name":"V2C","item":"https:\/\/v2charge.com\/fr\/"},{"@type":"ListItem","position":2,"name":"e-Mobilit\u00e9","item":"https:\/\/v2charge.com\/fr\/e-mobilite\/"},{"@type":"ListItem","position":3,"name":"Modelos de coches","item":"https:\/\/v2charge.com\/es\/e-mobility\/modelos-coches\/"},{"@type":"ListItem","position":4,"name":"Nouveau Dacia Spring 2026 : la voiture \u00e9lectrique urbaine qui impulse une mobilit\u00e9 plus intelligente"}]},{"@type":"WebSite","@id":"https:\/\/v2charge.com\/fr\/#website","url":"https:\/\/v2charge.com\/fr\/","name":"V2C","description":"#CargandoElMa\u00f1ana","publisher":{"@id":"https:\/\/v2charge.com\/fr\/#organization"},"potentialAction":[{"@type":"SearchAction","target":{"@type":"EntryPoint","urlTemplate":"https:\/\/v2charge.com\/fr\/?s={search_term_string}"},"query-input":{"@type":"PropertyValueSpecification","valueRequired":true,"valueName":"search_term_string"}}],"inLanguage":"fr-FR"},{"@type":"Organization","@id":"https:\/\/v2charge.com\/fr\/#organization","name":"V2C","url":"https:\/\/v2charge.com\/fr\/","logo":{"@type":"ImageObject","inLanguage":"fr-FR","@id":"https:\/\/v2charge.com\/fr\/#\/schema\/logo\/image\/","url":"https:\/\/v2charge.com\/wp-content\/uploads\/2024\/11\/cropped-v2c-charge-logo-menu.png","contentUrl":"https:\/\/v2charge.com\/wp-content\/uploads\/2024\/11\/cropped-v2c-charge-logo-menu.png","width":984,"height":431,"caption":"V2C"},"image":{"@id":"https:\/\/v2charge.com\/fr\/#\/schema\/logo\/image\/"},"sameAs":["https:\/\/www.facebook.com\/V2C.Charge","https:\/\/x.com\/V2C_Charge","https:\/\/www.instagram.com\/v2c.charge\/","https:\/\/www.youtube.com\/@V2C","https:\/\/www.linkedin.com\/company\/v2c-chargers\/"]},{"@type":"Person","@id":"https:\/\/v2charge.com\/fr\/#\/schema\/person\/d6f210a94a856acdddec347b2127fd0f","name":"V2C","image":{"@type":"ImageObject","inLanguage":"fr-FR","@id":"https:\/\/v2charge.com\/fr\/#\/schema\/person\/image\/","url":"https:\/\/secure.gravatar.com\/avatar\/a91128c4c0d2f4d63bd586301fdec6cc9aa49c885839b25d1c62700f529f267c?s=96&d=mm&r=g","contentUrl":"https:\/\/secure.gravatar.com\/avatar\/a91128c4c0d2f4d63bd586301fdec6cc9aa49c885839b25d1c62700f529f267c?s=96&d=mm&r=g","caption":"V2C"}}]}},"uagb_featured_image_src":{"full":["https:\/\/v2charge.com\/wp-content\/uploads\/2025\/12\/dacia-spring-electrico-precio-caracteristicas.jpg",960,560,false],"thumbnail":["https:\/\/v2charge.com\/wp-content\/uploads\/2025\/12\/dacia-spring-electrico-precio-caracteristicas-150x150.jpg",150,150,true],"medium":["https:\/\/v2charge.com\/wp-content\/uploads\/2025\/12\/dacia-spring-electrico-precio-caracteristicas-300x175.jpg",300,175,true],"medium_large":["https:\/\/v2charge.com\/wp-content\/uploads\/2025\/12\/dacia-spring-electrico-precio-caracteristicas-768x448.jpg",768,448,true],"large":["https:\/\/v2charge.com\/wp-content\/uploads\/2025\/12\/dacia-spring-electrico-precio-caracteristicas.jpg",960,560,false],"gs-tiny":["https:\/\/v2charge.com\/wp-content\/uploads\/2025\/12\/dacia-spring-electrico-precio-caracteristicas-50x29.jpg",50,29,true],"xl":["https:\/\/v2charge.com\/wp-content\/uploads\/2025\/12\/dacia-spring-electrico-precio-caracteristicas.jpg",960,560,false],"xxl":["https:\/\/v2charge.com\/wp-content\/uploads\/2025\/12\/dacia-spring-electrico-precio-caracteristicas.jpg",960,560,false],"xxxl":["https:\/\/v2charge.com\/wp-content\/uploads\/2025\/12\/dacia-spring-electrico-precio-caracteristicas.jpg",960,560,false],"xxxxl":["https:\/\/v2charge.com\/wp-content\/uploads\/2025\/12\/dacia-spring-electrico-precio-caracteristicas.jpg",960,560,false],"xxxxxl":["https:\/\/v2charge.com\/wp-content\/uploads\/2025\/12\/dacia-spring-electrico-precio-caracteristicas.jpg",960,560,false],"1536x1536":["https:\/\/v2charge.com\/wp-content\/uploads\/2025\/12\/dacia-spring-electrico-precio-caracteristicas.jpg",960,560,false],"2048x2048":["https:\/\/v2charge.com\/wp-content\/uploads\/2025\/12\/dacia-spring-electrico-precio-caracteristicas.jpg",960,560,false]},"uagb_author_info":{"display_name":"V2C","author_link":"https:\/\/v2charge.com\/fr\/author\/marketing\/"},"uagb_comment_info":4,"uagb_excerpt":"Dans une ann\u00e9e o\u00f9 les v\u00e9hicules \u00e9lectriques s&rsquo;imposent comme l&rsquo;option la plus \u00e9cologique pour se d\u00e9placer en ville, Dacia d\u00e9voile le nouveau Dacia Spring 2026. La marque promet un redesign avec plus de puissance, une s\u00e9curit\u00e9 accrue et une recharge plus rapide. Le Dacia Spring a d\u00e9mocratis\u00e9 la mobilit\u00e9 \u00e9lectrique en devenant l&rsquo;un des \u00e9lectriques\u2026","_links":{"self":[{"href":"https:\/\/v2charge.com\/fr\/wp-json\/wp\/v2\/posts\/149768","targetHints":{"allow":["GET"]}}],"collection":[{"href":"https:\/\/v2charge.com\/fr\/wp-json\/wp\/v2\/posts"}],"about":[{"href":"https:\/\/v2charge.com\/fr\/wp-json\/wp\/v2\/types\/post"}],"author":[{"embeddable":true,"href":"https:\/\/v2charge.com\/fr\/wp-json\/wp\/v2\/users\/400"}],"replies":[{"embeddable":true,"href":"https:\/\/v2charge.com\/fr\/wp-json\/wp\/v2\/comments?post=149768"}],"version-history":[{"count":4,"href":"https:\/\/v2charge.com\/fr\/wp-json\/wp\/v2\/posts\/149768\/revisions"}],"predecessor-version":[{"id":292300,"href":"https:\/\/v2charge.com\/fr\/wp-json\/wp\/v2\/posts\/149768\/revisions\/292300"}],"wp:featuredmedia":[{"embeddable":true,"href":"https:\/\/v2charge.com\/fr\/wp-json\/wp\/v2\/media\/292234"}],"wp:attachment":[{"href":"https:\/\/v2charge.com\/fr\/wp-json\/wp\/v2\/media?parent=149768"}],"wp:term":[{"taxonomy":"category","embeddable":true,"href":"https:\/\/v2charge.com\/fr\/wp-json\/wp\/v2\/categories?post=149768"},{"taxonomy":"post_tag","embeddable":true,"href":"https:\/\/v2charge.com\/fr\/wp-json\/wp\/v2\/tags?post=149768"}],"curies":[{"name":"wp","href":"https:\/\/api.w.org\/{rel}","templated":true}]}}