{"id":173025,"date":"2023-07-27T11:36:00","date_gmt":"2023-07-27T09:36:00","guid":{"rendered":"https:\/\/v2charge.com\/?p=173025"},"modified":"2026-01-09T12:29:29","modified_gmt":"2026-01-09T10:29:29","slug":"trydan-marque-un-nouveau-jalon-il-permet-desormais-la-charge-triphasee-mixte","status":"publish","type":"post","link":"https:\/\/v2charge.com\/fr\/trydan-marque-un-nouveau-jalon-il-permet-desormais-la-charge-triphasee-mixte\/","title":{"rendered":"Trydan marque un nouveau jalon : il permet d\u00e9sormais la charge triphas\u00e9e mixte"},"content":{"rendered":"\n<p>Au cours des derni\u00e8res ann\u00e9es, l&rsquo;industrie de la mobilit\u00e9 \u00e9lectrique a connu une croissance exponentielle, marqu\u00e9e par une adoption croissante des v\u00e9hicules \u00e9lectriques \u00e0 l&rsquo;\u00e9chelle mondiale. Cette transition vers une mobilit\u00e9 plus durable entra\u00eene une demande toujours plus pressante pour des <strong>infrastructures de recharge efficaces<\/strong>. En r\u00e9ponse \u00e0 ce besoin croissant, V2C a accompli une avanc\u00e9e technologique majeure, promettant de r\u00e9volutionner la recharge des v\u00e9hicules \u00e9lectriques.<\/p>\n\n\n\n<h2 class=\"wp-block-heading\"><strong>Introduction de la charge triphas\u00e9e mixte dans ses chargeurs<\/strong><\/h2>\n\n\n\n<p>Le dernier mode de charge d\u00e9velopp\u00e9 par V2C pour son chargeur embl\u00e9matique <strong><a href=\"http:\/\/v2charge.com\/fr\/trydan\/\">Trydan<\/a><\/strong>, <strong>appel\u00e9 \u00ab\u00a0charge triphas\u00e9e mixte\u00a0\u00bb<\/strong>, marque une avanc\u00e9e majeure en mati\u00e8re d&rsquo;efficacit\u00e9 et de flexibilit\u00e9 pour la recharge des v\u00e9hicules \u00e9lectriques. \u00c0 la diff\u00e9rence des syst\u00e8mes traditionnels, qui se limitent \u00e0 des options de charge monophas\u00e9e ou triphas\u00e9e, cette nouvelle technologie permet un <strong>ajustement dynamique des phases de charge<\/strong>, optimisant ainsi l&rsquo;utilisation de l&rsquo;\u00e9nergie disponible.<\/p>\n\n\n\n<div class=\"wp-block-uagb-image aligncenter uagb-block-b7077fdb wp-block-uagb-image--layout-default wp-block-uagb-image--effect-static wp-block-uagb-image--align-center\"><figure class=\"wp-block-uagb-image__figure\"><img decoding=\"async\" srcset=\"https:\/\/v2charge.com\/wp-content\/uploads\/2022\/11\/trydan-manguera-5m-lisa.jpg \" sizes=\"auto, (max-width: 480px) 150px\" src=\"https:\/\/v2charge.com\/wp-content\/uploads\/2022\/11\/trydan-manguera-5m-lisa.jpg\" alt=\"Trydan con manguera lisa de 5 metros\" class=\"uag-image-87163\" width=\"300\" height=\"300\" title=\"\" loading=\"lazy\" role=\"img\"\/><\/figure><\/div>\n\n\n\n<div style=\"height:35px\" aria-hidden=\"true\" class=\"wp-block-spacer\"><\/div>\n\n\n\n<h2 class=\"wp-block-heading\"><strong>Comment fonctionne la charge triphas\u00e9e mixte avec Trydan ?<\/strong><\/h2>\n\n\n\n<p>Pour son chargeur Trydan, V2C a mis au point une charge triphas\u00e9e mixte innovante, caract\u00e9ris\u00e9e par une <strong>activation dynamique et flexible des phases de charge.<\/strong><\/p>\n\n\n\n<p>Initialement, la recharge d\u00e9marre avec l\u2019intensit\u00e9 minimale (6 A par d\u00e9faut) en mode monophas\u00e9, ce qui permet de recharger \u00e0 une puissance plus faible tout en exploitant chaque kW disponible, toujours dans <strong>les valeurs minimale et maximale de charge pr\u00e9alablement configur\u00e9es dans l\u2019application V2C Cloud.<\/strong><\/p>\n\n\n\n<p>Une fois que la recharge monophas\u00e9e d\u00e9passe le maximum configur\u00e9 (30 A par d\u00e9faut), la recharge triphas\u00e9e s\u2019active. L\u2019intensit\u00e9 descend alors \u00e0 10 A et permet d\u2019augmenter la puissance jusqu\u2019\u00e0 une charge de 22 kW, tout en respectant \u00e0 tout moment les limites de charge d\u00e9finies dans l\u2019application V2C Cloud.<\/p>\n\n\n\n<p>En revanche, lorsque la charge triphas\u00e9e est active, si l&rsquo;intensit\u00e9 tombe en dessous de 10A, <strong>le syst\u00e8me passe<\/strong> <strong>automatiquement en mode monophas\u00e9<\/strong> et ajuste l&rsquo;intensit\u00e9 \u00e0 30A, permettant ainsi de r\u00e9gler la puissance jusqu&rsquo;\u00e0 un minimum de 1,38 kW.<\/p>\n\n\n\n<div class=\"wp-block-uagb-image uagb-block-6eb9cfd5 wp-block-uagb-image--layout-default wp-block-uagb-image--effect-static wp-block-uagb-image--align-none\"><figure class=\"wp-block-uagb-image__figure\"><img decoding=\"async\" srcset=\"https:\/\/v2charge.com\/wp-content\/uploads\/2023\/07\/grafica-carga-trifasica-mixta.jpg \" sizes=\"auto, (max-width: 480px) 150px\" src=\"https:\/\/v2charge.com\/wp-content\/uploads\/2023\/07\/grafica-carga-trifasica-mixta.jpg\" alt=\"\" class=\"uag-image-115512\" width=\"700\" height=\"270\" title=\"\" loading=\"lazy\" role=\"img\"\/><\/figure><\/div>\n\n\n\n<h2 class=\"wp-block-heading\"><strong>Une approche polyvalente et durable<\/strong><\/h2>\n\n\n\n<p>La charge triphas\u00e9e mixte de Trydan a \u00e9t\u00e9 d\u00e9velopp\u00e9e pour r\u00e9pondre aux besoins particuliers de la <strong><a href=\"https:\/\/v2charge.com\/fr\/communaute\/\">Communaut\u00e9 V2C<\/a><\/strong>. Cette communaut\u00e9 cherche \u00e0 <strong>optimiser l&rsquo;utilisation de l&rsquo;\u00e9nergie renouvelabl<\/strong>e g\u00e9n\u00e9r\u00e9e par les syst\u00e8mes photovolta\u00efques tout en int\u00e9grant l&rsquo;\u00e9nergie conventionnelle du r\u00e9seau.<\/p>\n\n\n\n<p>Le passage dynamique entre les modes de charge monophas\u00e9e et triphas\u00e9e <strong>assure une gestion intelligente de la puissance<\/strong>, adapt\u00e9e \u00e0 la consommation \u00e9nerg\u00e9tique et \u00e0 la disponibilit\u00e9 de l&rsquo;\u00e9nergie en temps r\u00e9el. Les utilisateurs de v\u00e9hicules \u00e9lectriques peuvent ainsi optimiser la recharge de leurs voitures en tenant compte de la capacit\u00e9 de leur installation \u00e9lectrique et de la production d&rsquo;\u00e9nergie solaire.<\/p>\n\n\n\n<div class=\"wp-block-uagb-image uagb-block-75cad8e8 wp-block-uagb-image--layout-default wp-block-uagb-image--effect-static wp-block-uagb-image--align-none\"><figure class=\"wp-block-uagb-image__figure\"><img decoding=\"async\" srcset=\"https:\/\/v2charge.com\/wp-content\/uploads\/2024\/08\/carga-triphasee-mixte.jpg ,https:\/\/v2charge.com\/wp-content\/uploads\/2024\/08\/carga-triphasee-mixte.jpg 780w, https:\/\/v2charge.com\/wp-content\/uploads\/2024\/08\/carga-triphasee-mixte.jpg 360w\" sizes=\"auto, (max-width: 480px) 150px\" src=\"https:\/\/v2charge.com\/wp-content\/uploads\/2024\/08\/carga-triphasee-mixte.jpg\" alt=\"\" class=\"uag-image-173076\" width=\"2560\" height=\"1351\" title=\"carga-triphasee-mixte\" loading=\"lazy\" role=\"img\"\/><\/figure><\/div>\n\n\n\n<h2 class=\"wp-block-heading\"><strong>B\u00e9n\u00e9fices pour les utilisateurs et l&rsquo;environnement <\/strong><\/h2>\n\n\n\n<p>La charge triphas\u00e9e mixte de Trydan pr\u00e9sente plusieurs avantages notables, tant pour les utilisateurs de v\u00e9hicules \u00e9lectriques que pour l&rsquo;environnement :<\/p>\n\n\n\n<ul class=\"wp-block-list\">\n<li><strong>Efficacit\u00e9 de charge accrue<\/strong> : En adaptant les param\u00e8tres \u00e0 chaque installation \u00e9lectrique et au type d&rsquo;\u00e9nergie disponible, cette technologie optimise la recharge des v\u00e9hicules \u00e9lectriques, permettant ainsi de r\u00e9duire le temps n\u00e9cessaire pour une charge compl\u00e8te.<\/li>\n\n\n\n<li><strong>Optimisation de l&rsquo;\u00e9nergie solaire <\/strong>: Les propri\u00e9taires de syst\u00e8mes photovolta\u00efques pourront maximiser l&rsquo;utilisation de leur \u00e9nergie propre, puisque la charge triphas\u00e9e mixte ajuste automatiquement la puissance en fonction de la production solaire en temps r\u00e9el.<\/li>\n\n\n\n<li><strong>R\u00e9duction de la consommation \u00e9nerg\u00e9tique<\/strong> : En optimisant l&rsquo;utilisation de l&rsquo;\u00e9nergie disponible, cette approche r\u00e9duit la consommation d&rsquo;\u00e9lectricit\u00e9 du r\u00e9seau, ce qui contribue \u00e0 diminuer l&#8217;empreinte carbone et \u00e0 r\u00e9duire l&rsquo;impact environnemental.<\/li>\n\n\n\n<li><strong>Flexibilit\u00e9 et adaptabilit\u00e9 <\/strong>: La charge triphas\u00e9e mixte de Trydan s&rsquo;ajuste \u00e0 divers sc\u00e9narios et environnements, offrant ainsi une plus grande flexibilit\u00e9 aux utilisateurs et facilitant une meilleure int\u00e9gration des v\u00e9hicules \u00e9lectriques dans le r\u00e9seau \u00e9lectrique global.<\/li>\n<\/ul>\n\n\n\n<h2 class=\"wp-block-heading\"><strong>Vers un avenir \u00e9lectrique plus durable<\/strong><\/h2>\n\n\n\n<p>L\u2019introduction de la charge triphas\u00e9e mixte t\u00e9moigne de l\u2019engagement de V2C en faveur de l&rsquo;innovation et du d\u00e9veloppement de technologies avanc\u00e9es, visant \u00e0 soutenir une mobilit\u00e9 \u00e9lectrique durable.<\/p>\n\n\n\n<p>Cette nouvelle fonctionnalit\u00e9 de son chargeur phare, Trydan, met en avant le r\u00f4le essentiel des entreprises dans la promotion de solutions favorisant la r\u00e9duction des \u00e9missions et le passage \u00e0 un avenir plus propre et plus respectueux de l&rsquo;environnement.<\/p>\n\n\n\n<p>Le d\u00e9veloppement de la mobilit\u00e9 \u00e9lectrique ne repose pas uniquement sur l&rsquo;augmentation de la flotte de v\u00e9hicules \u00e9lectriques, mais aussi sur<strong> la mise en place d&rsquo;infrastructures de recharge efficaces et \u00e9cologiques.<\/strong> La charge triphas\u00e9e mixte de Trydan marque un progr\u00e8s significatif dans cette direction, offrant une solution prometteuse pour relever les d\u00e9fis pr\u00e9sents et futurs de l&rsquo;\u00e9lectromobilit\u00e9.<\/p>\n","protected":false},"excerpt":{"rendered":"<p>Au cours des derni\u00e8res ann\u00e9es, l&rsquo;industrie de la mobilit\u00e9 \u00e9lectrique a connu une croissance exponentielle, marqu\u00e9e par une adoption croissante des v\u00e9hicules \u00e9lectriques \u00e0 l&rsquo;\u00e9chelle mondiale. Cette transition vers une mobilit\u00e9 plus durable entra\u00eene une demande toujours plus pressante pour des infrastructures de recharge efficaces. En r\u00e9ponse \u00e0 ce besoin croissant, V2C a accompli une &#8230; <a title=\"Trydan marque un nouveau jalon : il permet d\u00e9sormais la charge triphas\u00e9e mixte\" class=\"read-more\" href=\"https:\/\/v2charge.com\/fr\/trydan-marque-un-nouveau-jalon-il-permet-desormais-la-charge-triphasee-mixte\/\" aria-label=\"Read more about Trydan marque un nouveau jalon : il permet d\u00e9sormais la charge triphas\u00e9e mixte\">Lire la suite<\/a><\/p>\n","protected":false},"author":400,"featured_media":115535,"comment_status":"open","ping_status":"open","sticky":false,"template":"","format":"standard","meta":{"_eb_attr":"","content-type":"","_uag_custom_page_level_css":"","footnotes":""},"categories":[148],"tags":[],"class_list":["post-173025","post","type-post","status-publish","format-standard","has-post-thumbnail","hentry","category-nouvelles-v2c"],"yoast_head":"<!-- This site is optimized with the Yoast SEO plugin v25.3.1 - https:\/\/yoast.com\/wordpress\/plugins\/seo\/ -->\n<title>La charge tripash\u00e9e mixte avec Trydan<\/title>\n<meta name=\"description\" content=\"D\u00e9couvrez comment fonctionne et les avantages de la nouvelle technologie du Trydan de V2C : la charge triphas\u00e9e mixte.\" \/>\n<meta name=\"robots\" content=\"index, follow, max-snippet:-1, max-image-preview:large, max-video-preview:-1\" \/>\n<link rel=\"canonical\" href=\"https:\/\/v2charge.com\/fr\/trydan-marque-un-nouveau-jalon-il-permet-desormais-la-charge-triphasee-mixte\/\" \/>\n<meta property=\"og:locale\" content=\"fr_FR\" \/>\n<meta property=\"og:type\" content=\"article\" \/>\n<meta property=\"og:title\" content=\"La charge tripash\u00e9e mixte avec Trydan\" \/>\n<meta property=\"og:description\" content=\"D\u00e9couvrez comment fonctionne et les avantages de la nouvelle technologie du Trydan de V2C : la charge triphas\u00e9e mixte.\" \/>\n<meta property=\"og:url\" content=\"https:\/\/v2charge.com\/fr\/trydan-marque-un-nouveau-jalon-il-permet-desormais-la-charge-triphasee-mixte\/\" \/>\n<meta property=\"og:site_name\" content=\"V2C\" \/>\n<meta property=\"article:publisher\" content=\"https:\/\/www.facebook.com\/V2C.Charge\" \/>\n<meta property=\"article:published_time\" content=\"2023-07-27T09:36:00+00:00\" \/>\n<meta property=\"article:modified_time\" content=\"2026-01-09T10:29:29+00:00\" \/>\n<meta property=\"og:image\" content=\"https:\/\/v2charge.com\/wp-content\/uploads\/2023\/07\/carga-trifasica-mixta-trydan.jpg\" \/>\n\t<meta property=\"og:image:width\" content=\"1200\" \/>\n\t<meta property=\"og:image:height\" content=\"700\" \/>\n\t<meta property=\"og:image:type\" content=\"image\/jpeg\" \/>\n<meta name=\"author\" content=\"V2C\" \/>\n<meta name=\"twitter:card\" content=\"summary_large_image\" \/>\n<meta name=\"twitter:creator\" content=\"@V2C_Charge\" \/>\n<meta name=\"twitter:site\" content=\"@V2C_Charge\" \/>\n<meta name=\"twitter:label1\" content=\"\u00c9crit par\" \/>\n\t<meta name=\"twitter:data1\" content=\"V2C\" \/>\n\t<meta name=\"twitter:label2\" content=\"Dur\u00e9e de lecture estim\u00e9e\" \/>\n\t<meta name=\"twitter:data2\" content=\"5 minutes\" \/>\n<script type=\"application\/ld+json\" class=\"yoast-schema-graph\">{\"@context\":\"https:\/\/schema.org\",\"@graph\":[{\"@type\":\"Article\",\"@id\":\"https:\/\/v2charge.com\/fr\/trydan-marque-un-nouveau-jalon-il-permet-desormais-la-charge-triphasee-mixte\/#article\",\"isPartOf\":{\"@id\":\"https:\/\/v2charge.com\/fr\/trydan-marque-un-nouveau-jalon-il-permet-desormais-la-charge-triphasee-mixte\/\"},\"author\":{\"name\":\"V2C\",\"@id\":\"https:\/\/v2charge.com\/fr\/#\/schema\/person\/d6f210a94a856acdddec347b2127fd0f\"},\"headline\":\"Trydan marque un nouveau jalon : il permet d\u00e9sormais la charge triphas\u00e9e mixte\",\"datePublished\":\"2023-07-27T09:36:00+00:00\",\"dateModified\":\"2026-01-09T10:29:29+00:00\",\"mainEntityOfPage\":{\"@id\":\"https:\/\/v2charge.com\/fr\/trydan-marque-un-nouveau-jalon-il-permet-desormais-la-charge-triphasee-mixte\/\"},\"wordCount\":832,\"commentCount\":4,\"publisher\":{\"@id\":\"https:\/\/v2charge.com\/fr\/#organization\"},\"image\":{\"@id\":\"https:\/\/v2charge.com\/fr\/trydan-marque-un-nouveau-jalon-il-permet-desormais-la-charge-triphasee-mixte\/#primaryimage\"},\"thumbnailUrl\":\"https:\/\/v2charge.com\/wp-content\/uploads\/2023\/07\/carga-trifasica-mixta-trydan.jpg\",\"articleSection\":[\"Actualit\u00e9s V2C\"],\"inLanguage\":\"fr-FR\",\"potentialAction\":[{\"@type\":\"CommentAction\",\"name\":\"Comment\",\"target\":[\"https:\/\/v2charge.com\/fr\/trydan-marque-un-nouveau-jalon-il-permet-desormais-la-charge-triphasee-mixte\/#respond\"]}]},{\"@type\":\"WebPage\",\"@id\":\"https:\/\/v2charge.com\/fr\/trydan-marque-un-nouveau-jalon-il-permet-desormais-la-charge-triphasee-mixte\/\",\"url\":\"https:\/\/v2charge.com\/fr\/trydan-marque-un-nouveau-jalon-il-permet-desormais-la-charge-triphasee-mixte\/\",\"name\":\"La charge tripash\u00e9e mixte avec Trydan\",\"isPartOf\":{\"@id\":\"https:\/\/v2charge.com\/fr\/#website\"},\"primaryImageOfPage\":{\"@id\":\"https:\/\/v2charge.com\/fr\/trydan-marque-un-nouveau-jalon-il-permet-desormais-la-charge-triphasee-mixte\/#primaryimage\"},\"image\":{\"@id\":\"https:\/\/v2charge.com\/fr\/trydan-marque-un-nouveau-jalon-il-permet-desormais-la-charge-triphasee-mixte\/#primaryimage\"},\"thumbnailUrl\":\"https:\/\/v2charge.com\/wp-content\/uploads\/2023\/07\/carga-trifasica-mixta-trydan.jpg\",\"datePublished\":\"2023-07-27T09:36:00+00:00\",\"dateModified\":\"2026-01-09T10:29:29+00:00\",\"description\":\"D\u00e9couvrez comment fonctionne et les avantages de la nouvelle technologie du Trydan de V2C : la charge triphas\u00e9e mixte.\",\"breadcrumb\":{\"@id\":\"https:\/\/v2charge.com\/fr\/trydan-marque-un-nouveau-jalon-il-permet-desormais-la-charge-triphasee-mixte\/#breadcrumb\"},\"inLanguage\":\"fr-FR\",\"potentialAction\":[{\"@type\":\"ReadAction\",\"target\":[\"https:\/\/v2charge.com\/fr\/trydan-marque-un-nouveau-jalon-il-permet-desormais-la-charge-triphasee-mixte\/\"]}]},{\"@type\":\"ImageObject\",\"inLanguage\":\"fr-FR\",\"@id\":\"https:\/\/v2charge.com\/fr\/trydan-marque-un-nouveau-jalon-il-permet-desormais-la-charge-triphasee-mixte\/#primaryimage\",\"url\":\"https:\/\/v2charge.com\/wp-content\/uploads\/2023\/07\/carga-trifasica-mixta-trydan.jpg\",\"contentUrl\":\"https:\/\/v2charge.com\/wp-content\/uploads\/2023\/07\/carga-trifasica-mixta-trydan.jpg\",\"width\":1200,\"height\":700,\"caption\":\"carga trifasica mixta trydan\"},{\"@type\":\"BreadcrumbList\",\"@id\":\"https:\/\/v2charge.com\/fr\/trydan-marque-un-nouveau-jalon-il-permet-desormais-la-charge-triphasee-mixte\/#breadcrumb\",\"itemListElement\":[{\"@type\":\"ListItem\",\"position\":1,\"name\":\"V2C\",\"item\":\"https:\/\/v2charge.com\/fr\/\"},{\"@type\":\"ListItem\",\"position\":2,\"name\":\"Actualit\u00e9s V2C\",\"item\":\"https:\/\/v2charge.com\/fr\/nouvelles-v2c\/\"},{\"@type\":\"ListItem\",\"position\":3,\"name\":\"Trydan marque un nouveau jalon : il permet d\u00e9sormais la charge triphas\u00e9e mixte\"}]},{\"@type\":\"WebSite\",\"@id\":\"https:\/\/v2charge.com\/fr\/#website\",\"url\":\"https:\/\/v2charge.com\/fr\/\",\"name\":\"V2C\",\"description\":\"#CargandoElMa\u00f1ana\",\"publisher\":{\"@id\":\"https:\/\/v2charge.com\/fr\/#organization\"},\"potentialAction\":[{\"@type\":\"SearchAction\",\"target\":{\"@type\":\"EntryPoint\",\"urlTemplate\":\"https:\/\/v2charge.com\/fr\/?s={search_term_string}\"},\"query-input\":{\"@type\":\"PropertyValueSpecification\",\"valueRequired\":true,\"valueName\":\"search_term_string\"}}],\"inLanguage\":\"fr-FR\"},{\"@type\":\"Organization\",\"@id\":\"https:\/\/v2charge.com\/fr\/#organization\",\"name\":\"V2C\",\"url\":\"https:\/\/v2charge.com\/fr\/\",\"logo\":{\"@type\":\"ImageObject\",\"inLanguage\":\"fr-FR\",\"@id\":\"https:\/\/v2charge.com\/fr\/#\/schema\/logo\/image\/\",\"url\":\"https:\/\/v2charge.com\/wp-content\/uploads\/2024\/11\/cropped-v2c-charge-logo-menu.png\",\"contentUrl\":\"https:\/\/v2charge.com\/wp-content\/uploads\/2024\/11\/cropped-v2c-charge-logo-menu.png\",\"width\":984,\"height\":431,\"caption\":\"V2C\"},\"image\":{\"@id\":\"https:\/\/v2charge.com\/fr\/#\/schema\/logo\/image\/\"},\"sameAs\":[\"https:\/\/www.facebook.com\/V2C.Charge\",\"https:\/\/x.com\/V2C_Charge\",\"https:\/\/www.instagram.com\/v2c.charge\/\",\"https:\/\/www.youtube.com\/@V2C\",\"https:\/\/www.linkedin.com\/company\/v2c-chargers\/\"]},{\"@type\":\"Person\",\"@id\":\"https:\/\/v2charge.com\/fr\/#\/schema\/person\/d6f210a94a856acdddec347b2127fd0f\",\"name\":\"V2C\",\"image\":{\"@type\":\"ImageObject\",\"inLanguage\":\"fr-FR\",\"@id\":\"https:\/\/v2charge.com\/fr\/#\/schema\/person\/image\/\",\"url\":\"https:\/\/secure.gravatar.com\/avatar\/a91128c4c0d2f4d63bd586301fdec6cc9aa49c885839b25d1c62700f529f267c?s=96&d=mm&r=g\",\"contentUrl\":\"https:\/\/secure.gravatar.com\/avatar\/a91128c4c0d2f4d63bd586301fdec6cc9aa49c885839b25d1c62700f529f267c?s=96&d=mm&r=g\",\"caption\":\"V2C\"}}]}<\/script>\n<!-- \/ Yoast SEO plugin. -->","yoast_head_json":{"title":"La charge tripash\u00e9e mixte avec Trydan","description":"D\u00e9couvrez comment fonctionne et les avantages de la nouvelle technologie du Trydan de V2C : la charge triphas\u00e9e mixte.","robots":{"index":"index","follow":"follow","max-snippet":"max-snippet:-1","max-image-preview":"max-image-preview:large","max-video-preview":"max-video-preview:-1"},"canonical":"https:\/\/v2charge.com\/fr\/trydan-marque-un-nouveau-jalon-il-permet-desormais-la-charge-triphasee-mixte\/","og_locale":"fr_FR","og_type":"article","og_title":"La charge tripash\u00e9e mixte avec Trydan","og_description":"D\u00e9couvrez comment fonctionne et les avantages de la nouvelle technologie du Trydan de V2C : la charge triphas\u00e9e mixte.","og_url":"https:\/\/v2charge.com\/fr\/trydan-marque-un-nouveau-jalon-il-permet-desormais-la-charge-triphasee-mixte\/","og_site_name":"V2C","article_publisher":"https:\/\/www.facebook.com\/V2C.Charge","article_published_time":"2023-07-27T09:36:00+00:00","article_modified_time":"2026-01-09T10:29:29+00:00","og_image":[{"width":1200,"height":700,"url":"https:\/\/v2charge.com\/wp-content\/uploads\/2023\/07\/carga-trifasica-mixta-trydan.jpg","type":"image\/jpeg"}],"author":"V2C","twitter_card":"summary_large_image","twitter_creator":"@V2C_Charge","twitter_site":"@V2C_Charge","twitter_misc":{"\u00c9crit par":"V2C","Dur\u00e9e de lecture estim\u00e9e":"5 minutes"},"schema":{"@context":"https:\/\/schema.org","@graph":[{"@type":"Article","@id":"https:\/\/v2charge.com\/fr\/trydan-marque-un-nouveau-jalon-il-permet-desormais-la-charge-triphasee-mixte\/#article","isPartOf":{"@id":"https:\/\/v2charge.com\/fr\/trydan-marque-un-nouveau-jalon-il-permet-desormais-la-charge-triphasee-mixte\/"},"author":{"name":"V2C","@id":"https:\/\/v2charge.com\/fr\/#\/schema\/person\/d6f210a94a856acdddec347b2127fd0f"},"headline":"Trydan marque un nouveau jalon : il permet d\u00e9sormais la charge triphas\u00e9e mixte","datePublished":"2023-07-27T09:36:00+00:00","dateModified":"2026-01-09T10:29:29+00:00","mainEntityOfPage":{"@id":"https:\/\/v2charge.com\/fr\/trydan-marque-un-nouveau-jalon-il-permet-desormais-la-charge-triphasee-mixte\/"},"wordCount":832,"commentCount":4,"publisher":{"@id":"https:\/\/v2charge.com\/fr\/#organization"},"image":{"@id":"https:\/\/v2charge.com\/fr\/trydan-marque-un-nouveau-jalon-il-permet-desormais-la-charge-triphasee-mixte\/#primaryimage"},"thumbnailUrl":"https:\/\/v2charge.com\/wp-content\/uploads\/2023\/07\/carga-trifasica-mixta-trydan.jpg","articleSection":["Actualit\u00e9s V2C"],"inLanguage":"fr-FR","potentialAction":[{"@type":"CommentAction","name":"Comment","target":["https:\/\/v2charge.com\/fr\/trydan-marque-un-nouveau-jalon-il-permet-desormais-la-charge-triphasee-mixte\/#respond"]}]},{"@type":"WebPage","@id":"https:\/\/v2charge.com\/fr\/trydan-marque-un-nouveau-jalon-il-permet-desormais-la-charge-triphasee-mixte\/","url":"https:\/\/v2charge.com\/fr\/trydan-marque-un-nouveau-jalon-il-permet-desormais-la-charge-triphasee-mixte\/","name":"La charge tripash\u00e9e mixte avec Trydan","isPartOf":{"@id":"https:\/\/v2charge.com\/fr\/#website"},"primaryImageOfPage":{"@id":"https:\/\/v2charge.com\/fr\/trydan-marque-un-nouveau-jalon-il-permet-desormais-la-charge-triphasee-mixte\/#primaryimage"},"image":{"@id":"https:\/\/v2charge.com\/fr\/trydan-marque-un-nouveau-jalon-il-permet-desormais-la-charge-triphasee-mixte\/#primaryimage"},"thumbnailUrl":"https:\/\/v2charge.com\/wp-content\/uploads\/2023\/07\/carga-trifasica-mixta-trydan.jpg","datePublished":"2023-07-27T09:36:00+00:00","dateModified":"2026-01-09T10:29:29+00:00","description":"D\u00e9couvrez comment fonctionne et les avantages de la nouvelle technologie du Trydan de V2C : la charge triphas\u00e9e mixte.","breadcrumb":{"@id":"https:\/\/v2charge.com\/fr\/trydan-marque-un-nouveau-jalon-il-permet-desormais-la-charge-triphasee-mixte\/#breadcrumb"},"inLanguage":"fr-FR","potentialAction":[{"@type":"ReadAction","target":["https:\/\/v2charge.com\/fr\/trydan-marque-un-nouveau-jalon-il-permet-desormais-la-charge-triphasee-mixte\/"]}]},{"@type":"ImageObject","inLanguage":"fr-FR","@id":"https:\/\/v2charge.com\/fr\/trydan-marque-un-nouveau-jalon-il-permet-desormais-la-charge-triphasee-mixte\/#primaryimage","url":"https:\/\/v2charge.com\/wp-content\/uploads\/2023\/07\/carga-trifasica-mixta-trydan.jpg","contentUrl":"https:\/\/v2charge.com\/wp-content\/uploads\/2023\/07\/carga-trifasica-mixta-trydan.jpg","width":1200,"height":700,"caption":"carga trifasica mixta trydan"},{"@type":"BreadcrumbList","@id":"https:\/\/v2charge.com\/fr\/trydan-marque-un-nouveau-jalon-il-permet-desormais-la-charge-triphasee-mixte\/#breadcrumb","itemListElement":[{"@type":"ListItem","position":1,"name":"V2C","item":"https:\/\/v2charge.com\/fr\/"},{"@type":"ListItem","position":2,"name":"Actualit\u00e9s V2C","item":"https:\/\/v2charge.com\/fr\/nouvelles-v2c\/"},{"@type":"ListItem","position":3,"name":"Trydan marque un nouveau jalon : il permet d\u00e9sormais la charge triphas\u00e9e mixte"}]},{"@type":"WebSite","@id":"https:\/\/v2charge.com\/fr\/#website","url":"https:\/\/v2charge.com\/fr\/","name":"V2C","description":"#CargandoElMa\u00f1ana","publisher":{"@id":"https:\/\/v2charge.com\/fr\/#organization"},"potentialAction":[{"@type":"SearchAction","target":{"@type":"EntryPoint","urlTemplate":"https:\/\/v2charge.com\/fr\/?s={search_term_string}"},"query-input":{"@type":"PropertyValueSpecification","valueRequired":true,"valueName":"search_term_string"}}],"inLanguage":"fr-FR"},{"@type":"Organization","@id":"https:\/\/v2charge.com\/fr\/#organization","name":"V2C","url":"https:\/\/v2charge.com\/fr\/","logo":{"@type":"ImageObject","inLanguage":"fr-FR","@id":"https:\/\/v2charge.com\/fr\/#\/schema\/logo\/image\/","url":"https:\/\/v2charge.com\/wp-content\/uploads\/2024\/11\/cropped-v2c-charge-logo-menu.png","contentUrl":"https:\/\/v2charge.com\/wp-content\/uploads\/2024\/11\/cropped-v2c-charge-logo-menu.png","width":984,"height":431,"caption":"V2C"},"image":{"@id":"https:\/\/v2charge.com\/fr\/#\/schema\/logo\/image\/"},"sameAs":["https:\/\/www.facebook.com\/V2C.Charge","https:\/\/x.com\/V2C_Charge","https:\/\/www.instagram.com\/v2c.charge\/","https:\/\/www.youtube.com\/@V2C","https:\/\/www.linkedin.com\/company\/v2c-chargers\/"]},{"@type":"Person","@id":"https:\/\/v2charge.com\/fr\/#\/schema\/person\/d6f210a94a856acdddec347b2127fd0f","name":"V2C","image":{"@type":"ImageObject","inLanguage":"fr-FR","@id":"https:\/\/v2charge.com\/fr\/#\/schema\/person\/image\/","url":"https:\/\/secure.gravatar.com\/avatar\/a91128c4c0d2f4d63bd586301fdec6cc9aa49c885839b25d1c62700f529f267c?s=96&d=mm&r=g","contentUrl":"https:\/\/secure.gravatar.com\/avatar\/a91128c4c0d2f4d63bd586301fdec6cc9aa49c885839b25d1c62700f529f267c?s=96&d=mm&r=g","caption":"V2C"}}]}},"uagb_featured_image_src":{"full":["https:\/\/v2charge.com\/wp-content\/uploads\/2023\/07\/carga-trifasica-mixta-trydan.jpg",1200,700,false],"thumbnail":["https:\/\/v2charge.com\/wp-content\/uploads\/2023\/07\/carga-trifasica-mixta-trydan-150x150.jpg",150,150,true],"medium":["https:\/\/v2charge.com\/wp-content\/uploads\/2023\/07\/carga-trifasica-mixta-trydan-300x175.jpg",300,175,true],"medium_large":["https:\/\/v2charge.com\/wp-content\/uploads\/2023\/07\/carga-trifasica-mixta-trydan-768x448.jpg",768,448,true],"large":["https:\/\/v2charge.com\/wp-content\/uploads\/2023\/07\/carga-trifasica-mixta-trydan-1024x597.jpg",1024,597,true],"gs-tiny":["https:\/\/v2charge.com\/wp-content\/uploads\/2023\/07\/carga-trifasica-mixta-trydan.jpg",50,29,false],"xl":["https:\/\/v2charge.com\/wp-content\/uploads\/2023\/07\/carga-trifasica-mixta-trydan.jpg",1200,700,false],"xxl":["https:\/\/v2charge.com\/wp-content\/uploads\/2023\/07\/carga-trifasica-mixta-trydan.jpg",1200,700,false],"xxxl":["https:\/\/v2charge.com\/wp-content\/uploads\/2023\/07\/carga-trifasica-mixta-trydan.jpg",1200,700,false],"xxxxl":["https:\/\/v2charge.com\/wp-content\/uploads\/2023\/07\/carga-trifasica-mixta-trydan.jpg",1200,700,false],"xxxxxl":["https:\/\/v2charge.com\/wp-content\/uploads\/2023\/07\/carga-trifasica-mixta-trydan.jpg",1200,700,false],"1536x1536":["https:\/\/v2charge.com\/wp-content\/uploads\/2023\/07\/carga-trifasica-mixta-trydan.jpg",1200,700,false],"2048x2048":["https:\/\/v2charge.com\/wp-content\/uploads\/2023\/07\/carga-trifasica-mixta-trydan.jpg",1200,700,false]},"uagb_author_info":{"display_name":"V2C","author_link":"https:\/\/v2charge.com\/fr\/author\/marketing\/"},"uagb_comment_info":5,"uagb_excerpt":"Au cours des derni\u00e8res ann\u00e9es, l&rsquo;industrie de la mobilit\u00e9 \u00e9lectrique a connu une croissance exponentielle, marqu\u00e9e par une adoption croissante des v\u00e9hicules \u00e9lectriques \u00e0 l&rsquo;\u00e9chelle mondiale. Cette transition vers une mobilit\u00e9 plus durable entra\u00eene une demande toujours plus pressante pour des infrastructures de recharge efficaces. En r\u00e9ponse \u00e0 ce besoin croissant, V2C a accompli une\u2026","_links":{"self":[{"href":"https:\/\/v2charge.com\/fr\/wp-json\/wp\/v2\/posts\/173025","targetHints":{"allow":["GET"]}}],"collection":[{"href":"https:\/\/v2charge.com\/fr\/wp-json\/wp\/v2\/posts"}],"about":[{"href":"https:\/\/v2charge.com\/fr\/wp-json\/wp\/v2\/types\/post"}],"author":[{"embeddable":true,"href":"https:\/\/v2charge.com\/fr\/wp-json\/wp\/v2\/users\/400"}],"replies":[{"embeddable":true,"href":"https:\/\/v2charge.com\/fr\/wp-json\/wp\/v2\/comments?post=173025"}],"version-history":[{"count":5,"href":"https:\/\/v2charge.com\/fr\/wp-json\/wp\/v2\/posts\/173025\/revisions"}],"predecessor-version":[{"id":294523,"href":"https:\/\/v2charge.com\/fr\/wp-json\/wp\/v2\/posts\/173025\/revisions\/294523"}],"wp:featuredmedia":[{"embeddable":true,"href":"https:\/\/v2charge.com\/fr\/wp-json\/wp\/v2\/media\/115535"}],"wp:attachment":[{"href":"https:\/\/v2charge.com\/fr\/wp-json\/wp\/v2\/media?parent=173025"}],"wp:term":[{"taxonomy":"category","embeddable":true,"href":"https:\/\/v2charge.com\/fr\/wp-json\/wp\/v2\/categories?post=173025"},{"taxonomy":"post_tag","embeddable":true,"href":"https:\/\/v2charge.com\/fr\/wp-json\/wp\/v2\/tags?post=173025"}],"curies":[{"name":"wp","href":"https:\/\/api.w.org\/{rel}","templated":true}]}}