{"id":182851,"date":"2024-10-10T10:00:00","date_gmt":"2024-10-10T08:00:00","guid":{"rendered":"https:\/\/v2charge.com\/?p=182851"},"modified":"2025-12-17T11:36:07","modified_gmt":"2025-12-17T09:36:07","slug":"tesla-model-2-voiture-electrique-tesla-moins-25-000-euros","status":"publish","type":"post","link":"https:\/\/v2charge.com\/fr\/tesla-model-2-voiture-electrique-tesla-moins-25-000-euros\/","title":{"rendered":"Tesla Model 2 : la nouvelle voiture \u00e9lectrique de Tesla \u00e0 moins de 25 000 euros"},"content":{"rendered":"<p>Le march\u00e9 des voitures \u00e9lectriques \u00e9volue constamment, et <strong>Tesla, une fois de plus, se positionne en t\u00eate de l&rsquo;innovation avec son tr\u00e8s attendu Tesla Model 2<\/strong>. Avec un prix estim\u00e9 \u00e0 25 000 euros, ce v\u00e9hicule promet de rendre les voitures \u00e9lectriques plus accessibles au grand public. <strong>\u00c0 l\u2019approche de son lancement pr\u00e9vu en 2026<\/strong>, de nombreuses questions se posent concernant ses caract\u00e9ristiques, son autonomie et, surtout, sa date de sortie. <strong>Nous vous d\u00e9voilons ici toutes les informations disponibles sur ce mod\u00e8le prometteur et son potentiel pour r\u00e9volutionner l\u2019industrie automobile<\/strong>.<\/p>\n<h2>Tesla Model 2 : une voiture \u00e9lectrique pour les masses<\/h2>\n<p>Le <strong>Tesla Model 2 est pr\u00e9sent\u00e9 comme le v\u00e9hicule qui pourrait faire passer la mobilit\u00e9 \u00e9lectrique \u00e0 un niveau sup\u00e9rieur<\/strong>. Alors que les mod\u00e8les actuels tels que la Tesla Model 3 et la Model Y dominent le march\u00e9, le plus grand d\u00e9fi pour Tesla a \u00e9t\u00e9 de proposer une voiture \u00e0 prix r\u00e9duit, sans compromettre la technologie ou la qualit\u00e9 qui caract\u00e9risent la marque.<\/p>\n<p>Lors de son intervention au <strong>Battery Day 2020, Elon Musk a pr\u00e9sent\u00e9 l&rsquo;id\u00e9e ambitieuse d&rsquo;une voiture \u00e9lectrique compacte<\/strong>, enti\u00e8rement autonome et \u00e0 un prix abordable. Bien que plusieurs ann\u00e9es se soient \u00e9coul\u00e9es depuis cette annonce, sans que le Model 2 ne soit encore mat\u00e9rialis\u00e9, Tesla continue de travailler sur ce projet. Selon des rapports r\u00e9cents, la <strong>Tesla Model 2 pourrait voir le jour \u00e0 la mi-2026<\/strong>, avec une production pr\u00e9vue pour d\u00e9buter en 2025.<\/p>\n<p><span style=\"font-weight: 400;\">Nous vous recommandons de consulter notre article complet sur le <\/span><a href=\"https:\/\/v2charge.com\/fr\/tesla-model-s-prix-caracteristiques-occasion\/\"><b>Tesla Model S<\/b><\/a><b>, o\u00f9 vous trouverez toutes les informations indispensables sur les prix et les caract\u00e9ristiques<\/b><span style=\"font-weight: 400;\">.<\/span><\/p>\n<h2>Un design compact et technologique<\/h2>\n<p><strong>Bien que nous n&rsquo;ayons pas encore vu d&rsquo;images officielles du design final,<\/strong> les premiers croquis et rumeurs indiquent que la Tesla Model 2 pourrait suivre la ligne esth\u00e9tique de ses pr\u00e9d\u00e9cesseurs, avec une structure compacte similaire \u00e0 celle de la Tesla Model 3, mais en plus r\u00e9duit. Ce design r\u00e9pond non seulement \u00e0 une tendance visant \u00e0 rendre les v\u00e9hicules plus maniables en milieu urbain, mais aussi \u00e0 r\u00e9duire les co\u00fbts de production sans sacrifier la fonctionnalit\u00e9.<\/p>\n<p><img decoding=\"async\" class=\"alignnone size-full wp-image-179372\" src=\"https:\/\/v2charge.com\/wp-content\/uploads\/2024\/09\/tesla-model-2.jpg\" alt=\"Tesla Model 2\" width=\"960\" height=\"560\" srcset=\"https:\/\/v2charge.com\/wp-content\/uploads\/2024\/09\/tesla-model-2.jpg 960w, https:\/\/v2charge.com\/wp-content\/uploads\/2024\/09\/tesla-model-2-300x175.jpg 300w, https:\/\/v2charge.com\/wp-content\/uploads\/2024\/09\/tesla-model-2-768x448.jpg 768w\" sizes=\"(max-width: 960px) 100vw, 960px\" \/><\/p>\n<p><strong>Ce nouveau v\u00e9hicule b\u00e9n\u00e9ficiera d&rsquo;une production \u00e0 grande \u00e9chelle dans les usines de Tesla \u00e0 Berlin et \u00e0 Shanghai<\/strong>, ce qui permettra de r\u00e9duire consid\u00e9rablement les prix. Ces installations, \u00e9quip\u00e9es de la technologie avanc\u00e9e de production Giga Press, permettront d&rsquo;assembler les pi\u00e8ces de mani\u00e8re plus efficace, ce qui devrait se traduire par une voiture plus abordable pour le consommateur.<\/p>\n<p><span style=\"font-weight: 400;\">Pour une alternative \u00e9lectrique compacte et urbaine, nous vous conseillons de lire notre dossier sur la <\/span><a href=\"https:\/\/v2charge.com\/fr\/nouvelle-citroen-ami-prix-caracteristiques-petite-voiture-electrique\/\"><b>Nouvelle Citro\u00ebn Ami <\/b><\/a><b>: prix et caract\u00e9ristiques de la petite voiture \u00e9lectrique<\/b><span style=\"font-weight: 400;\">.<\/span><\/p>\n<h2>Technologie et autonomie de la Tesla Model 2<\/h2>\n<p>Un aspect crucial de toute voiture \u00e9lectrique est son autonomie. On s&rsquo;attend \u00e0 ce que la Tesla Model 2 propose une batterie de 50 kWh, capable de fournir une autonomie proche de <strong>400 km selon le cycle WLTP<\/strong>, bien que dans des conditions r\u00e9elles, cela pourrait plut\u00f4t se situer autour de 350 km. Ce chiffre, bien qu&rsquo;inf\u00e9rieur \u00e0 celui des mod\u00e8les comme la Tesla Model 3, reste comp\u00e9titif pour un v\u00e9hicule dans cette gamme de prix.<\/p>\n<p>De plus, \u00e0 l&rsquo;instar des autres mod\u00e8les de la gamme Tesla, la Model 2 sera \u00e9quip\u00e9e du logiciel de la marque, incluant des <strong>fonctionnalit\u00e9s avanc\u00e9es d&rsquo;assistance \u00e0 la conduite et<\/strong>, potentiellement, des capacit\u00e9s de conduite autonome \u00e0 l&rsquo;avenir. Cela fait partie de la strat\u00e9gie de Tesla, qui s&rsquo;appuie largement sur son logiciel pour se diff\u00e9rencier de ses concurrents.<\/p>\n<p><a href=\"https:\/\/v2charge.com\/store\/fr\/produit\/trydan\/\"><img decoding=\"async\" class=\"alignnone size-full wp-image-245369\" src=\"https:\/\/v2charge.com\/wp-content\/uploads\/2025\/08\/chargeur-voiture-electrique-plus-intelligent-v2c.jpg\" alt=\"\" width=\"818\" height=\"818\" srcset=\"https:\/\/v2charge.com\/wp-content\/uploads\/2025\/08\/chargeur-voiture-electrique-plus-intelligent-v2c.jpg 818w, https:\/\/v2charge.com\/wp-content\/uploads\/2025\/08\/chargeur-voiture-electrique-plus-intelligent-v2c-300x300.jpg 300w, https:\/\/v2charge.com\/wp-content\/uploads\/2025\/08\/chargeur-voiture-electrique-plus-intelligent-v2c-150x150.jpg 150w, https:\/\/v2charge.com\/wp-content\/uploads\/2025\/08\/chargeur-voiture-electrique-plus-intelligent-v2c-768x768.jpg 768w, https:\/\/v2charge.com\/wp-content\/uploads\/2025\/08\/chargeur-voiture-electrique-plus-intelligent-v2c-50x50.jpg 50w\" sizes=\"(max-width: 818px) 100vw, 818px\" \/><\/a><\/p>\n<h2>Les batteries : l\u2019\u00e9l\u00e9ment cl\u00e9<\/h2>\n<p>L&rsquo;un des principaux d\u00e9fis pour <strong>r\u00e9duire le prix des voitures \u00e9lectriques r\u00e9side dans le co\u00fbt des batteries<\/strong>. Tesla s&#8217;emploie \u00e0 d\u00e9velopper de nouvelles technologies pour <strong>diminuer ces co\u00fbts<\/strong>, et la Tesla Model 2 pourrait b\u00e9n\u00e9ficier de ces innovations. Des rumeurs laissent entendre qu&rsquo;elle sera \u00e9quip\u00e9e de <strong>batteries de type 4680<\/strong>, offrant une capacit\u00e9 et une efficacit\u00e9 sup\u00e9rieures \u00e0 celles des batteries actuellement utilis\u00e9es.<\/p>\n<p><span style=\"font-weight: 400;\">Nous vous invitons \u00e9galement \u00e0 d\u00e9couvrir <\/span><b>les caract\u00e9ristiques techniques du nouveau <\/b><a href=\"https:\/\/v2charge.com\/fr\/citroen-c3-aircross-electrique-prix-2024\/\"><b>Citro\u00ebn C3 Aircross \u00e9lectrique<\/b><\/a><span style=\"font-weight: 400;\">, notamment sa batterie offrant une autonomie homologu\u00e9e de 320 kilom\u00e8tres.<\/span><\/p>\n<p>Cependant, <strong>la production de ces batteries a rencontr\u00e9 certains obstacles<\/strong>, ce qui pourrait <strong>expliquer le retard dans le lancement du Model 2<\/strong>.\u00a0L&rsquo;entreprise travaille activement pour surmonter ces obstacles, mais la question reste pos\u00e9e : Tesla parviendra-t-elle \u00e0 proposer une voiture \u00e9lectrique \u00e0 25 000 euros tout en garantissant une autonomie satisfaisante ? Nous l&rsquo;esp\u00e9rons, tout en attendant avec impatience l&rsquo;arriv\u00e9e de mod\u00e8les de voitures \u00e9lectriques plus abordables.<\/p>\n<h2>Date de lancement : quand la Tesla Model 2 sera-t-elle disponible ?<\/h2>\n<p><strong>Initialement pr\u00e9vu pour un lancement en 2023<\/strong>, il est d\u00e9sormais \u00e9vident que l&rsquo;arriv\u00e9e de la Tesla Model 2 prendra plus de temps. Les derniers rapports indiquent que le v\u00e9hicule <strong>ne sera pas disponible avant 2026<\/strong>, avec <strong>un d\u00e9but de production pr\u00e9vu pour la mi-2025<\/strong>. Bien que cette attente puisse d\u00e9cevoir certains, elle est compr\u00e9hensible au regard des d\u00e9fis associ\u00e9s au d\u00e9veloppement d&rsquo;une voiture \u00e9lectrique abordable, produite en masse sans sacrifier la qualit\u00e9.<\/p>\n<p>Si vous vous int\u00e9ressez \u00e0 la mobilit\u00e9 \u00e9lectrique, d\u00e9couvrez le nouveau <strong><a href=\"https:\/\/v2charge.com\/fr\/nouveau-mobilize-duo-quadricycle-leger-electrique\/\">Mobilize Duo<\/a><\/strong>.<\/p>\n<p><img decoding=\"async\" class=\"alignnone size-full wp-image-179382\" src=\"https:\/\/v2charge.com\/wp-content\/uploads\/2024\/09\/tesla-model-2-side.jpg\" alt=\"Tesla Model 2\" width=\"960\" height=\"560\" srcset=\"https:\/\/v2charge.com\/wp-content\/uploads\/2024\/09\/tesla-model-2-side.jpg 960w, https:\/\/v2charge.com\/wp-content\/uploads\/2024\/09\/tesla-model-2-side-300x175.jpg 300w, https:\/\/v2charge.com\/wp-content\/uploads\/2024\/09\/tesla-model-2-side-768x448.jpg 768w\" sizes=\"(max-width: 960px) 100vw, 960px\" \/><\/p>\n<p><strong>La production initiale de la Tesla Model 2 sera effectu\u00e9e \u00e0 la Gigafactory de Shanghai<\/strong>, avec la possibilit\u00e9 d&rsquo;\u00e9tendre la fabrication \u00e0 l&rsquo;usine de Berlin par la suite. Cette strat\u00e9gie de production mondiale permettra \u00e0 Tesla de mieux r\u00e9pondre \u00e0 la demande internationale tout en r\u00e9duisant les co\u00fbts de transport et les droits de douane.<\/p>\n<p><span style=\"font-weight: 400;\">Nous vous recommandons de lire notre article d\u00e9taill\u00e9 sur la <\/span><a href=\"https:\/\/v2charge.com\/fr\/nouveau-ford-mustang-mach-e-2024-prix-autonomie-caracteristiques\/\"><b>Ford Mustang Mach-E : prix<\/b><\/a><b>, autonomie et caract\u00e9ristiques<\/b><span style=\"font-weight: 400;\">, qui pr\u00e9sente ce SUV \u00e9lectrique sportif alliant performance et technologie de pointe.<\/span><\/p>\n<h2>Quels autres facteurs permettront \u00e0 la Tesla Model 2 d&rsquo;afficher un prix de 25 000 \u20ac ?<\/h2>\n<p><strong>Une des principales interrogations concerne la capacit\u00e9 de Tesla \u00e0 r\u00e9duire les co\u00fbts de production pour rentabiliser une voiture \u00e0 25 000 euros<\/strong>. La solution r\u00e9side dans la production de masse et la simplification des composants. Tesla a d\u00e9j\u00e0 d\u00e9montr\u00e9 sa capacit\u00e9 \u00e0 r\u00e9duire les co\u00fbts gr\u00e2ce \u00e0 l&rsquo;introduction de la Giga Press, une machine capable de produire de grandes pi\u00e8ces du v\u00e9hicule en une seule \u00e9tape, diminuant ainsi le nombre de pi\u00e8ces individuelles et le temps d&rsquo;assemblage.<\/p>\n<p>De plus, <strong>l\u2019accent mis par Tesla sur l&rsquo;intelligence artificielle<\/strong> et les logiciels en tant que service sera essentiel. Elon Musk a souvent mentionn\u00e9 que Tesla est pr\u00eat \u00e0 diminuer ses marges b\u00e9n\u00e9ficiaires sur la vente des v\u00e9hicules, en misant sur des revenus \u00e0 long terme gr\u00e2ce \u00e0 des services d&rsquo;abonnement, tels que la conduite autonome compl\u00e8te.<\/p>\n<p><span style=\"font-weight: 400;\">Pour en savoir plus sur les solutions de recharge pour v\u00e9hicules compacts, consultez notre guide complet sur le <\/span><a href=\"https:\/\/v2charge.com\/fr\/dacia-spring-2024-comment-recharger\/\"><b>Dacia Spring<\/b><\/a><span style=\"font-weight: 400;\"> : comment recharger votre voiture \u00e9lectrique, id\u00e9al pour ma\u00eetriser votre mobilit\u00e9 \u00e9lectrique.<\/span><\/p>\n<h2>Installation de bornes de recharge \u00e9lectriques : le compl\u00e9ment parfait pour votre Tesla Model 2<\/h2>\n<p>Chez V2C, <strong>nous sommes convaincus que l&rsquo;avenir de la mobilit\u00e9 \u00e9lectrique ne repose pas uniquement sur les v\u00e9hicules, mais aussi sur l&rsquo;infrastructure de recharge<\/strong>. Si vous envisagez d&rsquo;acqu\u00e9rir une Tesla Model 2 ou tout autre v\u00e9hicule \u00e9lectrique, disposer d&rsquo;un point de recharge chez vous ou sur votre lieu de travail sera essentiel pour profiter pleinement de l\u2019autonomie de votre voiture.<\/p>\n<div class=\"flex max-w-full flex-col flex-grow\">\n<div class=\"min-h-8 text-message flex w-full flex-col items-end gap-2 whitespace-normal break-words [.text-message+&amp;]:mt-5\" dir=\"auto\" data-message-author-role=\"assistant\" data-message-id=\"1ebf4635-d04a-44d0-ae3b-7d80ce0517f5\">\n<div class=\"flex w-full flex-col gap-1 empty:hidden first:pt-[3px]\">\n<div class=\"markdown prose w-full break-words dark:prose-invert dark\">\n<p><strong>Nous proposons une vaste s\u00e9lection de <a href=\"https:\/\/v2charge.com\/fr\/\">bornes de recharge pour voitures \u00e9lectriques<\/a> intelligentes<\/strong>, con\u00e7ues et fabriqu\u00e9es en Espagne, qui s\u2019adaptent \u00e0 vos besoins de recharge.\u00a0Nos produits allient efficacit\u00e9, facilit\u00e9 d&rsquo;utilisation et fiabilit\u00e9. De plus, nous avons un <strong>r\u00e9seau d&rsquo;installateurs professionnels r\u00e9partis dans toute la France<\/strong>, garantissant une installation rapide et s\u00e9curis\u00e9e de votre borne de recharge.<\/p>\n<p>Si vous \u00eates int\u00e9ress\u00e9 par l\u2019<strong><a href=\"https:\/\/v2charge.com\/fr\/trouvez-votre-installateur\/\">installation d\u2019une borne de recharge<\/a><\/strong>\u00a0\u00e9lectrique, chez V2C, nous vous accompagnons pour trouver un installateur et b\u00e9n\u00e9ficier des\u00a0<strong><a href=\"https:\/\/v2charge.com\/fr\/aides-installer-borne-recharge-domicile-2024\/\">aides 2024 \u00e0 l\u2019installation d\u2019une borne de recharge<\/a><\/strong>\u00a0pour particulier : le\u00a0<strong><a href=\"https:\/\/v2charge.com\/fr\/credit-impot-borne-recharge-2024\/\">Cr\u00e9dit d\u2019Imp\u00f4t<\/a><\/strong>\u00a0et de la\u00a0<a href=\"https:\/\/v2charge.com\/fr\/prime-advenir-2024-quest-ce-que-cest-comment-solliciter\/\"><strong>Prime Advenir 2024<\/strong><\/a>.<\/p>\n<\/div>\n<\/div>\n<\/div>\n<\/div>\n\n\n<div class=\"wp-block-uagb-image uagb-block-60b453cf wp-block-uagb-image--layout-default wp-block-uagb-image--effect-static wp-block-uagb-image--align-none\"><figure class=\"wp-block-uagb-image__figure\"><a class=\"\" href=\"https:\/\/v2charge.com\/fr\/trouvez-votre-installateur\/\" target=\"\" rel=\"noopener\"><img decoding=\"async\" srcset=\"https:\/\/v2charge.com\/wp-content\/uploads\/2025\/08\/vous-souhaitez-installer-borne-recharge-v2c.jpg ,https:\/\/v2charge.com\/wp-content\/uploads\/2025\/08\/vous-souhaitez-installer-borne-recharge-v2c.jpg 780w, https:\/\/v2charge.com\/wp-content\/uploads\/2025\/08\/vous-souhaitez-installer-borne-recharge-v2c.jpg 360w\" sizes=\"auto, (max-width: 480px) 150px\" src=\"https:\/\/v2charge.com\/wp-content\/uploads\/2025\/08\/vous-souhaitez-installer-borne-recharge-v2c.jpg\" alt=\"\" class=\"uag-image-245358\" width=\"960\" height=\"560\" title=\"vous-souhaitez-installer-borne-recharge-v2c\" loading=\"lazy\" role=\"img\"\/><\/a><\/figure><\/div>\n","protected":false},"excerpt":{"rendered":"<p>Le march\u00e9 des voitures \u00e9lectriques \u00e9volue constamment, et Tesla, une fois de plus, se positionne en t\u00eate de l&rsquo;innovation avec son tr\u00e8s attendu Tesla Model 2. Avec un prix estim\u00e9 \u00e0 25 000 euros, ce v\u00e9hicule promet de rendre les voitures \u00e9lectriques plus accessibles au grand public. \u00c0 l\u2019approche de son lancement pr\u00e9vu en 2026, &#8230; <a title=\"Tesla Model 2 : la nouvelle voiture \u00e9lectrique de Tesla \u00e0 moins de 25 000 euros\" class=\"read-more\" href=\"https:\/\/v2charge.com\/fr\/tesla-model-2-voiture-electrique-tesla-moins-25-000-euros\/\" aria-label=\"Read more about Tesla Model 2 : la nouvelle voiture \u00e9lectrique de Tesla \u00e0 moins de 25 000 euros\">Lire la suite<\/a><\/p>\n","protected":false},"author":400,"featured_media":179356,"comment_status":"open","ping_status":"open","sticky":false,"template":"","format":"standard","meta":{"_eb_attr":"","content-type":"","_uag_custom_page_level_css":"","footnotes":""},"categories":[2,11426],"tags":[],"class_list":["post-182851","post","type-post","status-publish","format-standard","has-post-thumbnail","hentry","category-e-mobilite","category-voitures-electriques"],"yoast_head":"<!-- This site is optimized with the Yoast SEO plugin v25.3.1 - https:\/\/yoast.com\/wordpress\/plugins\/seo\/ -->\n<title>Tesla Model 2 : La nouvelle voiture \u00e9lectrique de Tesla pour 2026<\/title>\n<meta name=\"description\" content=\"D\u00e9couvrez toutes les caract\u00e9ristiques du prochain mod\u00e8le de Tesla, la Tesla Model 2 \u00e0 moins de 25 000 \u20ac et sa date de lancement.\" \/>\n<meta name=\"robots\" content=\"index, follow, max-snippet:-1, max-image-preview:large, max-video-preview:-1\" \/>\n<link rel=\"canonical\" href=\"https:\/\/v2charge.com\/fr\/tesla-model-2-voiture-electrique-tesla-moins-25-000-euros\/\" \/>\n<meta property=\"og:locale\" content=\"fr_FR\" \/>\n<meta property=\"og:type\" content=\"article\" \/>\n<meta property=\"og:title\" content=\"Tesla Model 2 : La nouvelle voiture \u00e9lectrique de Tesla pour 2026\" \/>\n<meta property=\"og:description\" content=\"D\u00e9couvrez toutes les caract\u00e9ristiques du prochain mod\u00e8le de Tesla, la Tesla Model 2 \u00e0 moins de 25 000 \u20ac et sa date de lancement.\" \/>\n<meta property=\"og:url\" content=\"https:\/\/v2charge.com\/fr\/tesla-model-2-voiture-electrique-tesla-moins-25-000-euros\/\" \/>\n<meta property=\"og:site_name\" content=\"V2C\" \/>\n<meta property=\"article:publisher\" content=\"https:\/\/www.facebook.com\/V2C.Charge\" \/>\n<meta property=\"article:published_time\" content=\"2024-10-10T08:00:00+00:00\" \/>\n<meta property=\"article:modified_time\" content=\"2025-12-17T09:36:07+00:00\" \/>\n<meta property=\"og:image\" content=\"https:\/\/v2charge.com\/wp-content\/uploads\/2024\/09\/tesla-model-2-lanzamiento.jpg\" \/>\n\t<meta property=\"og:image:width\" content=\"960\" \/>\n\t<meta property=\"og:image:height\" content=\"560\" \/>\n\t<meta property=\"og:image:type\" content=\"image\/jpeg\" \/>\n<meta name=\"author\" content=\"V2C\" \/>\n<meta name=\"twitter:card\" content=\"summary_large_image\" \/>\n<meta name=\"twitter:creator\" content=\"@V2C_Charge\" \/>\n<meta name=\"twitter:site\" content=\"@V2C_Charge\" \/>\n<meta name=\"twitter:label1\" content=\"\u00c9crit par\" \/>\n\t<meta name=\"twitter:data1\" content=\"V2C\" \/>\n\t<meta name=\"twitter:label2\" content=\"Dur\u00e9e de lecture estim\u00e9e\" \/>\n\t<meta name=\"twitter:data2\" content=\"7 minutes\" \/>\n<script type=\"application\/ld+json\" class=\"yoast-schema-graph\">{\"@context\":\"https:\/\/schema.org\",\"@graph\":[{\"@type\":\"Article\",\"@id\":\"https:\/\/v2charge.com\/fr\/tesla-model-2-voiture-electrique-tesla-moins-25-000-euros\/#article\",\"isPartOf\":{\"@id\":\"https:\/\/v2charge.com\/fr\/tesla-model-2-voiture-electrique-tesla-moins-25-000-euros\/\"},\"author\":{\"name\":\"V2C\",\"@id\":\"https:\/\/v2charge.com\/fr\/#\/schema\/person\/d6f210a94a856acdddec347b2127fd0f\"},\"headline\":\"Tesla Model 2 : la nouvelle voiture \u00e9lectrique de Tesla \u00e0 moins de 25 000 euros\",\"datePublished\":\"2024-10-10T08:00:00+00:00\",\"dateModified\":\"2025-12-17T09:36:07+00:00\",\"mainEntityOfPage\":{\"@id\":\"https:\/\/v2charge.com\/fr\/tesla-model-2-voiture-electrique-tesla-moins-25-000-euros\/\"},\"wordCount\":1378,\"commentCount\":2,\"publisher\":{\"@id\":\"https:\/\/v2charge.com\/fr\/#organization\"},\"image\":{\"@id\":\"https:\/\/v2charge.com\/fr\/tesla-model-2-voiture-electrique-tesla-moins-25-000-euros\/#primaryimage\"},\"thumbnailUrl\":\"https:\/\/v2charge.com\/wp-content\/uploads\/2024\/09\/tesla-model-2-lanzamiento.jpg\",\"articleSection\":[\"e-Mobilit\u00e9\",\"Voitures \u00e9lectriques\"],\"inLanguage\":\"fr-FR\",\"potentialAction\":[{\"@type\":\"CommentAction\",\"name\":\"Comment\",\"target\":[\"https:\/\/v2charge.com\/fr\/tesla-model-2-voiture-electrique-tesla-moins-25-000-euros\/#respond\"]}]},{\"@type\":\"WebPage\",\"@id\":\"https:\/\/v2charge.com\/fr\/tesla-model-2-voiture-electrique-tesla-moins-25-000-euros\/\",\"url\":\"https:\/\/v2charge.com\/fr\/tesla-model-2-voiture-electrique-tesla-moins-25-000-euros\/\",\"name\":\"Tesla Model 2 : La nouvelle voiture \u00e9lectrique de Tesla pour 2026\",\"isPartOf\":{\"@id\":\"https:\/\/v2charge.com\/fr\/#website\"},\"primaryImageOfPage\":{\"@id\":\"https:\/\/v2charge.com\/fr\/tesla-model-2-voiture-electrique-tesla-moins-25-000-euros\/#primaryimage\"},\"image\":{\"@id\":\"https:\/\/v2charge.com\/fr\/tesla-model-2-voiture-electrique-tesla-moins-25-000-euros\/#primaryimage\"},\"thumbnailUrl\":\"https:\/\/v2charge.com\/wp-content\/uploads\/2024\/09\/tesla-model-2-lanzamiento.jpg\",\"datePublished\":\"2024-10-10T08:00:00+00:00\",\"dateModified\":\"2025-12-17T09:36:07+00:00\",\"description\":\"D\u00e9couvrez toutes les caract\u00e9ristiques du prochain mod\u00e8le de Tesla, la Tesla Model 2 \u00e0 moins de 25 000 \u20ac et sa date de lancement.\",\"breadcrumb\":{\"@id\":\"https:\/\/v2charge.com\/fr\/tesla-model-2-voiture-electrique-tesla-moins-25-000-euros\/#breadcrumb\"},\"inLanguage\":\"fr-FR\",\"potentialAction\":[{\"@type\":\"ReadAction\",\"target\":[\"https:\/\/v2charge.com\/fr\/tesla-model-2-voiture-electrique-tesla-moins-25-000-euros\/\"]}]},{\"@type\":\"ImageObject\",\"inLanguage\":\"fr-FR\",\"@id\":\"https:\/\/v2charge.com\/fr\/tesla-model-2-voiture-electrique-tesla-moins-25-000-euros\/#primaryimage\",\"url\":\"https:\/\/v2charge.com\/wp-content\/uploads\/2024\/09\/tesla-model-2-lanzamiento.jpg\",\"contentUrl\":\"https:\/\/v2charge.com\/wp-content\/uploads\/2024\/09\/tesla-model-2-lanzamiento.jpg\",\"width\":960,\"height\":560,\"caption\":\"Tesla Model 2\"},{\"@type\":\"BreadcrumbList\",\"@id\":\"https:\/\/v2charge.com\/fr\/tesla-model-2-voiture-electrique-tesla-moins-25-000-euros\/#breadcrumb\",\"itemListElement\":[{\"@type\":\"ListItem\",\"position\":1,\"name\":\"V2C\",\"item\":\"https:\/\/v2charge.com\/fr\/\"},{\"@type\":\"ListItem\",\"position\":2,\"name\":\"e-Mobilit\u00e9\",\"item\":\"https:\/\/v2charge.com\/fr\/e-mobilite\/\"},{\"@type\":\"ListItem\",\"position\":3,\"name\":\"Modelos de coches\",\"item\":\"https:\/\/v2charge.com\/es\/e-mobility\/modelos-coches\/\"},{\"@type\":\"ListItem\",\"position\":4,\"name\":\"Tesla Model 2 : la nouvelle voiture \u00e9lectrique de Tesla \u00e0 moins de 25 000 euros\"}]},{\"@type\":\"WebSite\",\"@id\":\"https:\/\/v2charge.com\/fr\/#website\",\"url\":\"https:\/\/v2charge.com\/fr\/\",\"name\":\"V2C\",\"description\":\"#CargandoElMa\u00f1ana\",\"publisher\":{\"@id\":\"https:\/\/v2charge.com\/fr\/#organization\"},\"potentialAction\":[{\"@type\":\"SearchAction\",\"target\":{\"@type\":\"EntryPoint\",\"urlTemplate\":\"https:\/\/v2charge.com\/fr\/?s={search_term_string}\"},\"query-input\":{\"@type\":\"PropertyValueSpecification\",\"valueRequired\":true,\"valueName\":\"search_term_string\"}}],\"inLanguage\":\"fr-FR\"},{\"@type\":\"Organization\",\"@id\":\"https:\/\/v2charge.com\/fr\/#organization\",\"name\":\"V2C\",\"url\":\"https:\/\/v2charge.com\/fr\/\",\"logo\":{\"@type\":\"ImageObject\",\"inLanguage\":\"fr-FR\",\"@id\":\"https:\/\/v2charge.com\/fr\/#\/schema\/logo\/image\/\",\"url\":\"https:\/\/v2charge.com\/wp-content\/uploads\/2024\/11\/cropped-v2c-charge-logo-menu.png\",\"contentUrl\":\"https:\/\/v2charge.com\/wp-content\/uploads\/2024\/11\/cropped-v2c-charge-logo-menu.png\",\"width\":984,\"height\":431,\"caption\":\"V2C\"},\"image\":{\"@id\":\"https:\/\/v2charge.com\/fr\/#\/schema\/logo\/image\/\"},\"sameAs\":[\"https:\/\/www.facebook.com\/V2C.Charge\",\"https:\/\/x.com\/V2C_Charge\",\"https:\/\/www.instagram.com\/v2c.charge\/\",\"https:\/\/www.youtube.com\/@V2C\",\"https:\/\/www.linkedin.com\/company\/v2c-chargers\/\"]},{\"@type\":\"Person\",\"@id\":\"https:\/\/v2charge.com\/fr\/#\/schema\/person\/d6f210a94a856acdddec347b2127fd0f\",\"name\":\"V2C\",\"image\":{\"@type\":\"ImageObject\",\"inLanguage\":\"fr-FR\",\"@id\":\"https:\/\/v2charge.com\/fr\/#\/schema\/person\/image\/\",\"url\":\"https:\/\/secure.gravatar.com\/avatar\/a91128c4c0d2f4d63bd586301fdec6cc9aa49c885839b25d1c62700f529f267c?s=96&d=mm&r=g\",\"contentUrl\":\"https:\/\/secure.gravatar.com\/avatar\/a91128c4c0d2f4d63bd586301fdec6cc9aa49c885839b25d1c62700f529f267c?s=96&d=mm&r=g\",\"caption\":\"V2C\"}}]}<\/script>\n<!-- \/ Yoast SEO plugin. -->","yoast_head_json":{"title":"Tesla Model 2 : La nouvelle voiture \u00e9lectrique de Tesla pour 2026","description":"D\u00e9couvrez toutes les caract\u00e9ristiques du prochain mod\u00e8le de Tesla, la Tesla Model 2 \u00e0 moins de 25 000 \u20ac et sa date de lancement.","robots":{"index":"index","follow":"follow","max-snippet":"max-snippet:-1","max-image-preview":"max-image-preview:large","max-video-preview":"max-video-preview:-1"},"canonical":"https:\/\/v2charge.com\/fr\/tesla-model-2-voiture-electrique-tesla-moins-25-000-euros\/","og_locale":"fr_FR","og_type":"article","og_title":"Tesla Model 2 : La nouvelle voiture \u00e9lectrique de Tesla pour 2026","og_description":"D\u00e9couvrez toutes les caract\u00e9ristiques du prochain mod\u00e8le de Tesla, la Tesla Model 2 \u00e0 moins de 25 000 \u20ac et sa date de lancement.","og_url":"https:\/\/v2charge.com\/fr\/tesla-model-2-voiture-electrique-tesla-moins-25-000-euros\/","og_site_name":"V2C","article_publisher":"https:\/\/www.facebook.com\/V2C.Charge","article_published_time":"2024-10-10T08:00:00+00:00","article_modified_time":"2025-12-17T09:36:07+00:00","og_image":[{"width":960,"height":560,"url":"https:\/\/v2charge.com\/wp-content\/uploads\/2024\/09\/tesla-model-2-lanzamiento.jpg","type":"image\/jpeg"}],"author":"V2C","twitter_card":"summary_large_image","twitter_creator":"@V2C_Charge","twitter_site":"@V2C_Charge","twitter_misc":{"\u00c9crit par":"V2C","Dur\u00e9e de lecture estim\u00e9e":"7 minutes"},"schema":{"@context":"https:\/\/schema.org","@graph":[{"@type":"Article","@id":"https:\/\/v2charge.com\/fr\/tesla-model-2-voiture-electrique-tesla-moins-25-000-euros\/#article","isPartOf":{"@id":"https:\/\/v2charge.com\/fr\/tesla-model-2-voiture-electrique-tesla-moins-25-000-euros\/"},"author":{"name":"V2C","@id":"https:\/\/v2charge.com\/fr\/#\/schema\/person\/d6f210a94a856acdddec347b2127fd0f"},"headline":"Tesla Model 2 : la nouvelle voiture \u00e9lectrique de Tesla \u00e0 moins de 25 000 euros","datePublished":"2024-10-10T08:00:00+00:00","dateModified":"2025-12-17T09:36:07+00:00","mainEntityOfPage":{"@id":"https:\/\/v2charge.com\/fr\/tesla-model-2-voiture-electrique-tesla-moins-25-000-euros\/"},"wordCount":1378,"commentCount":2,"publisher":{"@id":"https:\/\/v2charge.com\/fr\/#organization"},"image":{"@id":"https:\/\/v2charge.com\/fr\/tesla-model-2-voiture-electrique-tesla-moins-25-000-euros\/#primaryimage"},"thumbnailUrl":"https:\/\/v2charge.com\/wp-content\/uploads\/2024\/09\/tesla-model-2-lanzamiento.jpg","articleSection":["e-Mobilit\u00e9","Voitures \u00e9lectriques"],"inLanguage":"fr-FR","potentialAction":[{"@type":"CommentAction","name":"Comment","target":["https:\/\/v2charge.com\/fr\/tesla-model-2-voiture-electrique-tesla-moins-25-000-euros\/#respond"]}]},{"@type":"WebPage","@id":"https:\/\/v2charge.com\/fr\/tesla-model-2-voiture-electrique-tesla-moins-25-000-euros\/","url":"https:\/\/v2charge.com\/fr\/tesla-model-2-voiture-electrique-tesla-moins-25-000-euros\/","name":"Tesla Model 2 : La nouvelle voiture \u00e9lectrique de Tesla pour 2026","isPartOf":{"@id":"https:\/\/v2charge.com\/fr\/#website"},"primaryImageOfPage":{"@id":"https:\/\/v2charge.com\/fr\/tesla-model-2-voiture-electrique-tesla-moins-25-000-euros\/#primaryimage"},"image":{"@id":"https:\/\/v2charge.com\/fr\/tesla-model-2-voiture-electrique-tesla-moins-25-000-euros\/#primaryimage"},"thumbnailUrl":"https:\/\/v2charge.com\/wp-content\/uploads\/2024\/09\/tesla-model-2-lanzamiento.jpg","datePublished":"2024-10-10T08:00:00+00:00","dateModified":"2025-12-17T09:36:07+00:00","description":"D\u00e9couvrez toutes les caract\u00e9ristiques du prochain mod\u00e8le de Tesla, la Tesla Model 2 \u00e0 moins de 25 000 \u20ac et sa date de lancement.","breadcrumb":{"@id":"https:\/\/v2charge.com\/fr\/tesla-model-2-voiture-electrique-tesla-moins-25-000-euros\/#breadcrumb"},"inLanguage":"fr-FR","potentialAction":[{"@type":"ReadAction","target":["https:\/\/v2charge.com\/fr\/tesla-model-2-voiture-electrique-tesla-moins-25-000-euros\/"]}]},{"@type":"ImageObject","inLanguage":"fr-FR","@id":"https:\/\/v2charge.com\/fr\/tesla-model-2-voiture-electrique-tesla-moins-25-000-euros\/#primaryimage","url":"https:\/\/v2charge.com\/wp-content\/uploads\/2024\/09\/tesla-model-2-lanzamiento.jpg","contentUrl":"https:\/\/v2charge.com\/wp-content\/uploads\/2024\/09\/tesla-model-2-lanzamiento.jpg","width":960,"height":560,"caption":"Tesla Model 2"},{"@type":"BreadcrumbList","@id":"https:\/\/v2charge.com\/fr\/tesla-model-2-voiture-electrique-tesla-moins-25-000-euros\/#breadcrumb","itemListElement":[{"@type":"ListItem","position":1,"name":"V2C","item":"https:\/\/v2charge.com\/fr\/"},{"@type":"ListItem","position":2,"name":"e-Mobilit\u00e9","item":"https:\/\/v2charge.com\/fr\/e-mobilite\/"},{"@type":"ListItem","position":3,"name":"Modelos de coches","item":"https:\/\/v2charge.com\/es\/e-mobility\/modelos-coches\/"},{"@type":"ListItem","position":4,"name":"Tesla Model 2 : la nouvelle voiture \u00e9lectrique de Tesla \u00e0 moins de 25 000 euros"}]},{"@type":"WebSite","@id":"https:\/\/v2charge.com\/fr\/#website","url":"https:\/\/v2charge.com\/fr\/","name":"V2C","description":"#CargandoElMa\u00f1ana","publisher":{"@id":"https:\/\/v2charge.com\/fr\/#organization"},"potentialAction":[{"@type":"SearchAction","target":{"@type":"EntryPoint","urlTemplate":"https:\/\/v2charge.com\/fr\/?s={search_term_string}"},"query-input":{"@type":"PropertyValueSpecification","valueRequired":true,"valueName":"search_term_string"}}],"inLanguage":"fr-FR"},{"@type":"Organization","@id":"https:\/\/v2charge.com\/fr\/#organization","name":"V2C","url":"https:\/\/v2charge.com\/fr\/","logo":{"@type":"ImageObject","inLanguage":"fr-FR","@id":"https:\/\/v2charge.com\/fr\/#\/schema\/logo\/image\/","url":"https:\/\/v2charge.com\/wp-content\/uploads\/2024\/11\/cropped-v2c-charge-logo-menu.png","contentUrl":"https:\/\/v2charge.com\/wp-content\/uploads\/2024\/11\/cropped-v2c-charge-logo-menu.png","width":984,"height":431,"caption":"V2C"},"image":{"@id":"https:\/\/v2charge.com\/fr\/#\/schema\/logo\/image\/"},"sameAs":["https:\/\/www.facebook.com\/V2C.Charge","https:\/\/x.com\/V2C_Charge","https:\/\/www.instagram.com\/v2c.charge\/","https:\/\/www.youtube.com\/@V2C","https:\/\/www.linkedin.com\/company\/v2c-chargers\/"]},{"@type":"Person","@id":"https:\/\/v2charge.com\/fr\/#\/schema\/person\/d6f210a94a856acdddec347b2127fd0f","name":"V2C","image":{"@type":"ImageObject","inLanguage":"fr-FR","@id":"https:\/\/v2charge.com\/fr\/#\/schema\/person\/image\/","url":"https:\/\/secure.gravatar.com\/avatar\/a91128c4c0d2f4d63bd586301fdec6cc9aa49c885839b25d1c62700f529f267c?s=96&d=mm&r=g","contentUrl":"https:\/\/secure.gravatar.com\/avatar\/a91128c4c0d2f4d63bd586301fdec6cc9aa49c885839b25d1c62700f529f267c?s=96&d=mm&r=g","caption":"V2C"}}]}},"uagb_featured_image_src":{"full":["https:\/\/v2charge.com\/wp-content\/uploads\/2024\/09\/tesla-model-2-lanzamiento.jpg",960,560,false],"thumbnail":["https:\/\/v2charge.com\/wp-content\/uploads\/2024\/09\/tesla-model-2-lanzamiento-150x150.jpg",150,150,true],"medium":["https:\/\/v2charge.com\/wp-content\/uploads\/2024\/09\/tesla-model-2-lanzamiento-300x175.jpg",300,175,true],"medium_large":["https:\/\/v2charge.com\/wp-content\/uploads\/2024\/09\/tesla-model-2-lanzamiento-768x448.jpg",768,448,true],"large":["https:\/\/v2charge.com\/wp-content\/uploads\/2024\/09\/tesla-model-2-lanzamiento.jpg",960,560,false],"gs-tiny":["https:\/\/v2charge.com\/wp-content\/uploads\/2024\/09\/tesla-model-2-lanzamiento.jpg",50,29,false],"xl":["https:\/\/v2charge.com\/wp-content\/uploads\/2024\/09\/tesla-model-2-lanzamiento.jpg",960,560,false],"xxl":["https:\/\/v2charge.com\/wp-content\/uploads\/2024\/09\/tesla-model-2-lanzamiento.jpg",960,560,false],"xxxl":["https:\/\/v2charge.com\/wp-content\/uploads\/2024\/09\/tesla-model-2-lanzamiento.jpg",960,560,false],"xxxxl":["https:\/\/v2charge.com\/wp-content\/uploads\/2024\/09\/tesla-model-2-lanzamiento.jpg",960,560,false],"xxxxxl":["https:\/\/v2charge.com\/wp-content\/uploads\/2024\/09\/tesla-model-2-lanzamiento.jpg",960,560,false],"1536x1536":["https:\/\/v2charge.com\/wp-content\/uploads\/2024\/09\/tesla-model-2-lanzamiento.jpg",960,560,false],"2048x2048":["https:\/\/v2charge.com\/wp-content\/uploads\/2024\/09\/tesla-model-2-lanzamiento.jpg",960,560,false]},"uagb_author_info":{"display_name":"V2C","author_link":"https:\/\/v2charge.com\/fr\/author\/marketing\/"},"uagb_comment_info":2,"uagb_excerpt":"Le march\u00e9 des voitures \u00e9lectriques \u00e9volue constamment, et Tesla, une fois de plus, se positionne en t\u00eate de l&rsquo;innovation avec son tr\u00e8s attendu Tesla Model 2. Avec un prix estim\u00e9 \u00e0 25 000 euros, ce v\u00e9hicule promet de rendre les voitures \u00e9lectriques plus accessibles au grand public. \u00c0 l\u2019approche de son lancement pr\u00e9vu en 2026,\u2026","_links":{"self":[{"href":"https:\/\/v2charge.com\/fr\/wp-json\/wp\/v2\/posts\/182851","targetHints":{"allow":["GET"]}}],"collection":[{"href":"https:\/\/v2charge.com\/fr\/wp-json\/wp\/v2\/posts"}],"about":[{"href":"https:\/\/v2charge.com\/fr\/wp-json\/wp\/v2\/types\/post"}],"author":[{"embeddable":true,"href":"https:\/\/v2charge.com\/fr\/wp-json\/wp\/v2\/users\/400"}],"replies":[{"embeddable":true,"href":"https:\/\/v2charge.com\/fr\/wp-json\/wp\/v2\/comments?post=182851"}],"version-history":[{"count":5,"href":"https:\/\/v2charge.com\/fr\/wp-json\/wp\/v2\/posts\/182851\/revisions"}],"predecessor-version":[{"id":290694,"href":"https:\/\/v2charge.com\/fr\/wp-json\/wp\/v2\/posts\/182851\/revisions\/290694"}],"wp:featuredmedia":[{"embeddable":true,"href":"https:\/\/v2charge.com\/fr\/wp-json\/wp\/v2\/media\/179356"}],"wp:attachment":[{"href":"https:\/\/v2charge.com\/fr\/wp-json\/wp\/v2\/media?parent=182851"}],"wp:term":[{"taxonomy":"category","embeddable":true,"href":"https:\/\/v2charge.com\/fr\/wp-json\/wp\/v2\/categories?post=182851"},{"taxonomy":"post_tag","embeddable":true,"href":"https:\/\/v2charge.com\/fr\/wp-json\/wp\/v2\/tags?post=182851"}],"curies":[{"name":"wp","href":"https:\/\/api.w.org\/{rel}","templated":true}]}}