{"id":121498,"date":"2023-06-27T14:00:00","date_gmt":"2023-06-27T12:00:00","guid":{"rendered":"https:\/\/v2charge.com\/?p=121498"},"modified":"2023-10-13T11:23:30","modified_gmt":"2023-10-13T09:23:30","slug":"nuovo-pole-pro","status":"publish","type":"post","link":"https:\/\/v2charge.com\/it\/nuovo-pole-pro\/","title":{"rendered":"Un passo avanti nel futuro: V2C lancia Pole Pro, la condivisione del carico pi\u00f9 intelligente ed economica"},"content":{"rendered":"\n<p>Stiamo festeggiando! Noi di V2C siamo orgogliosi di presentare il nostro ultimo sviluppo: il <a href=\"https:\/\/v2charge.com\/it\/pole\/\" title=\"pole pro v2c\">caricatore elettrico Pole Pro<\/a>. Una nuova versione del nostro e-Charger che offre la pi\u00f9 intelligente ricarica multi-utente in spazi pubblici e privati.<\/p>\n\n\n\n<p>Dopo aver preso in considerazione i feedback e le esigenze dei nostri clienti, abbiamo sviluppato una nuova versione che mira a superare le loro aspettative. Questo caricatore intelligente <strong>da pavimento o da parete<\/strong> combina una serie di <strong>funzioni innovative<\/strong> e una tecnologia avanzata per offrire un&#8217;esperienza di ricarica eccezionale.<\/p>\n\n\n\n<p>Si tratta di una versione migliorata e potenziata. Per questo motivo, in questo articolo vi illustriamo le principali novit\u00e0 che rendono questa nuova versione dell&#8217;e-Charger una vera e propria rivoluzione.<\/p>\n\n\n\n<h2 class=\"wp-block-heading\">Principali novit\u00e0 della nuova versione Pole Pro<\/h2>\n\n\n\n<p>Come abbiamo detto, Pole Pro \u00e8 la versione migliorata del nostro precedente caricabatterie Pole. Ecco le principali novit\u00e0 del caricabatterie elettronico aggiornato.<\/p>\n\n\n\n<center><figure class=\"wp-block-image size-full\"><img decoding=\"async\" width=\"555\" height=\"564\" src=\"https:\/\/v2charge.com\/wp-content\/uploads\/2023\/06\/pole-pro-echarger-v2c.png\" alt=\"\" class=\"wp-image-106049\" srcset=\"https:\/\/v2charge.com\/wp-content\/uploads\/2023\/06\/pole-pro-echarger-v2c.png 555w, https:\/\/v2charge.com\/wp-content\/uploads\/2023\/06\/pole-pro-echarger-v2c-295x300.png 295w\" sizes=\"(max-width: 555px) 100vw, 555px\" \/><\/figure><\/center>\n\n\n\n<h3 class=\"wp-block-heading\">Pi\u00f9 comodo e accessibile<\/h3>\n\n\n\n<p>Per rendere la ricarica pi\u00f9 facile e accessibile agli utenti, Pole Pro \u00e8 dotato di <strong>connessione Ethernet e del nuovo 4G integrato<\/strong>. In questo modo, si pu\u00f2 godere di una ricarica sicura senza il rischio di disconnessione.<\/p>\n\n\n\n<p>Abbiamo cambiato il colore del metacrilato in una tonalit\u00e0 grigia per garantire la massima eleganza. Inoltre, le luci LED sui lati sono ora integrate nei connettori di ricarica. Tutto questo, insieme al display dal design caratteristico, permette all&#8217;utente di essere informato in tempo reale sullo stato di carica.<\/p>\n\n\n\n<p>Inoltre, grazie al protocollo OCPP, al lettore RFID integrato e all&#8217;accesso alla piattaforma <a href=\"https:\/\/v2charge.com\/it\/v2c-payments\/\" title=\"v2c payments\">V2C Payments<\/a>, l&#8217;identificazione dell&#8217;utente \u00e8 facilitata e i <strong>pagamenti sono molto pi\u00f9 semplici<\/strong>.<\/p>\n\n\n\n<figure class=\"wp-block-image size-large\"><img decoding=\"async\" width=\"1024\" height=\"468\" src=\"https:\/\/v2charge.com\/wp-content\/uploads\/2023\/06\/pole-pro-rfid-1024x468.jpg\" alt=\"Usuario pasa tarjeta RFID en cargador Pole Pro\" class=\"wp-image-105994\" srcset=\"https:\/\/v2charge.com\/wp-content\/uploads\/2023\/06\/pole-pro-rfid-1024x468.jpg 1024w, https:\/\/v2charge.com\/wp-content\/uploads\/2023\/06\/pole-pro-rfid-300x137.jpg 300w, https:\/\/v2charge.com\/wp-content\/uploads\/2023\/06\/pole-pro-rfid-768x351.jpg 768w, https:\/\/v2charge.com\/wp-content\/uploads\/2023\/06\/pole-pro-rfid-1536x702.jpg 1536w, https:\/\/v2charge.com\/wp-content\/uploads\/2023\/06\/pole-pro-rfid.jpg 1920w\" sizes=\"(max-width: 1024px) 100vw, 1024px\" \/><\/figure>\n\n\n\n<h3 class=\"wp-block-heading\">Massime prestazioni per le aziende<\/h3>\n\n\n\n<p>Pole Pro raggiunge la massima efficienza energetica e riduce i costi, consentendo di ottimizzare la ricarica di <strong>pi\u00f9 e-Charger contemporaneamente<\/strong> dal cloud in modo intelligente. In questo modo, \u00e8 ora il caricabatterie elettrico perfetto per le aziende.<\/p>\n\n\n\n<p>La sua scheda di controllo \u00e8 ora pi\u00f9 compatta e il punto di accesso \u00e8 integrato per una facile configurazione <strong>senza necessit\u00e0 di accesso a Internet<\/strong>.<\/p>\n\n\n\n<p>La nostra applicazione <a href=\"https:\/\/v2charge.com\/it\/v2c-cloud\/\" title=\"v2c cloud\">V2C Cloud<\/a>, che accompagna Pole Pro, offre un controllo completo sulla ricarica di pi\u00f9 veicoli. Gli utenti possono programmare sessioni di ricarica, impostare limiti di potenza e monitorare l&#8217;avanzamento della ricarica dalla comodit\u00e0 di uno smartphone. Questa funzionalit\u00e0 intuitiva e facile da usare offre ai proprietari di veicoli elettrici il controllo completo della loro esperienza di ricarica.<\/p>\n\n\n\n<figure class=\"wp-block-image size-large\"><img decoding=\"async\" width=\"1024\" height=\"462\" src=\"https:\/\/v2charge.com\/wp-content\/uploads\/2023\/06\/pole-pro-pared-1024x462.jpg\" alt=\"Diferentes e-Chargers Pole Pro instalados en pared\" class=\"wp-image-105964\" srcset=\"https:\/\/v2charge.com\/wp-content\/uploads\/2023\/06\/pole-pro-pared-1024x462.jpg 1024w, https:\/\/v2charge.com\/wp-content\/uploads\/2023\/06\/pole-pro-pared-300x135.jpg 300w, https:\/\/v2charge.com\/wp-content\/uploads\/2023\/06\/pole-pro-pared-768x346.jpg 768w, https:\/\/v2charge.com\/wp-content\/uploads\/2023\/06\/pole-pro-pared-1536x693.jpg 1536w, https:\/\/v2charge.com\/wp-content\/uploads\/2023\/06\/pole-pro-pared.jpg 1920w\" sizes=\"(max-width: 1024px) 100vw, 1024px\" \/><\/figure>\n\n\n\n<h3 class=\"wp-block-heading\">Con la gestione dinamica del carico<\/h3>\n\n\n\n<p>Pole Pro integra un <strong>nuovo contatore MID<\/strong> per identificare il consumo energetico dell&#8217;impianto. Inoltre, ottimizza il carico in tempo reale in base all&#8217;energia disponibile per evitare sovraccarichi.<\/p>\n\n\n\n<p>Pole Pro va oltre: distribuisce l&#8217;energia in modo uniforme tra le due prese o tra diversi e-Charger contemporaneamente, per garantire una ricarica ottimale anche in situazioni di forte domanda.<\/p>\n\n\n\n<h2 class=\"wp-block-heading\">Per quali utenti \u00e8 stato progettato il nuovo Pole Pro?<\/h2>\n\n\n\n<p>Grazie alle nuove caratteristiche illustrate in precedenza e alla versatilit\u00e0 del suo design a palo o a parete, Pole Pro \u00e8 <strong>perfetto per istituzioni private, parcheggi pubblici o centri commerciali<\/strong>.<\/p>\n\n\n\n<p>La possibilit\u00e0 di ricaricare pi\u00f9 veicoli contemporaneamente, distribuendo l&#8217;energia per evitare sovraccarichi, lo rende l&#8217;e-Charger di cui hanno bisogno tutti i centri in cui vengono utilizzati contemporaneamente numerosi veicoli elettrici.<\/p>\n\n\n\n<p>In breve, il caricatore Pole Pro \u00e8 <strong>una soluzione completa<\/strong> e all&#8217;avanguardia per la ricarica dei veicoli elettrici. Grazie alla gestione intelligente del cloud, alla facilit\u00e0 di installazione, al controllo completo tramite l&#8217;app V2C Cloud, alla ricarica rapida e sicura e all&#8217;avanzata tecnologia LED, Pole Pro definisce un nuovo standard nel settore dei caricabatterie per auto elettriche.<\/p>\n\n\n\n<p>Siamo entusiasti di offrire questa nuova versione ai nostri clienti e crediamo che Pole Pro trasformer\u00e0 completamente il modo in cui interagiamo con i nostri veicoli elettrici. Unitevi alla rivoluzione della ricarica elettrica con il caricabatterie Pole Pro e sperimentate una ricarica efficiente, intelligente e senza problemi.<\/p>\n","protected":false},"excerpt":{"rendered":"<p>Stiamo festeggiando! Noi di V2C siamo orgogliosi di presentare il nostro ultimo sviluppo: il caricatore elettrico Pole Pro. Una nuova versione del nostro e-Charger che offre la pi\u00f9 intelligente ricarica multi-utente in spazi pubblici e privati. Dopo aver preso in considerazione i feedback e le esigenze dei nostri clienti, abbiamo sviluppato una nuova versione che &#8230; <a title=\"Un passo avanti nel futuro: V2C lancia Pole Pro, la condivisione del carico pi\u00f9 intelligente ed economica\" class=\"read-more\" href=\"https:\/\/v2charge.com\/it\/nuovo-pole-pro\/\" aria-label=\"Per saperne di pi\u00f9 su Un passo avanti nel futuro: V2C lancia Pole Pro, la condivisione del carico pi\u00f9 intelligente ed economica\">Leggi tutto<\/a><\/p>\n","protected":false},"author":400,"featured_media":107749,"comment_status":"open","ping_status":"open","sticky":false,"template":"","format":"standard","meta":{"_eb_attr":"","content-type":"","_uag_custom_page_level_css":"","footnotes":""},"categories":[133],"tags":[],"class_list":["post-121498","post","type-post","status-publish","format-standard","has-post-thumbnail","hentry","category-noticias-v2c"],"yoast_head":"<!-- This site is optimized with the Yoast SEO plugin v25.3.1 - https:\/\/yoast.com\/wordpress\/plugins\/seo\/ -->\n<title>Pole Pro: la nuova versione migliorata del V2C Pole \u2714<\/title>\n<meta name=\"description\" content=\"Vi presentiamo la versione migliorata di Pole, Pole Pro: pi\u00f9 intelligente, all&#039;avanguardia e perfetta per le istituzioni pubbliche e private. Scopritela!\" \/>\n<meta name=\"robots\" content=\"index, follow, max-snippet:-1, max-image-preview:large, max-video-preview:-1\" \/>\n<link rel=\"canonical\" href=\"https:\/\/v2charge.com\/it\/nuovo-pole-pro\/\" \/>\n<meta property=\"og:locale\" content=\"it_IT\" \/>\n<meta property=\"og:type\" content=\"article\" \/>\n<meta property=\"og:title\" content=\"Pole Pro: la nuova versione migliorata del V2C Pole \u2714\" \/>\n<meta property=\"og:description\" content=\"Vi presentiamo la versione migliorata di Pole, Pole Pro: pi\u00f9 intelligente, all&#039;avanguardia e perfetta per le istituzioni pubbliche e private. Scopritela!\" \/>\n<meta property=\"og:url\" content=\"https:\/\/v2charge.com\/it\/nuovo-pole-pro\/\" \/>\n<meta property=\"og:site_name\" content=\"V2C\" \/>\n<meta property=\"article:publisher\" content=\"https:\/\/www.facebook.com\/V2C.Charge\" \/>\n<meta property=\"article:published_time\" content=\"2023-06-27T12:00:00+00:00\" \/>\n<meta property=\"article:modified_time\" content=\"2023-10-13T09:23:30+00:00\" \/>\n<meta property=\"og:image\" content=\"https:\/\/v2charge.com\/wp-content\/uploads\/2023\/06\/nuevo-pole-pro.jpg\" \/>\n\t<meta property=\"og:image:width\" content=\"1200\" \/>\n\t<meta property=\"og:image:height\" content=\"700\" \/>\n\t<meta property=\"og:image:type\" content=\"image\/jpeg\" \/>\n<meta name=\"author\" content=\"V2C\" \/>\n<meta name=\"twitter:card\" content=\"summary_large_image\" \/>\n<meta name=\"twitter:creator\" content=\"@V2C_Charge\" \/>\n<meta name=\"twitter:site\" content=\"@V2C_Charge\" \/>\n<meta name=\"twitter:label1\" content=\"Scritto da\" \/>\n\t<meta name=\"twitter:data1\" content=\"V2C\" \/>\n\t<meta name=\"twitter:label2\" content=\"Tempo di lettura stimato\" \/>\n\t<meta name=\"twitter:data2\" content=\"4 minuti\" \/>\n<script type=\"application\/ld+json\" class=\"yoast-schema-graph\">{\"@context\":\"https:\/\/schema.org\",\"@graph\":[{\"@type\":\"Article\",\"@id\":\"https:\/\/v2charge.com\/it\/nuovo-pole-pro\/#article\",\"isPartOf\":{\"@id\":\"https:\/\/v2charge.com\/it\/nuovo-pole-pro\/\"},\"author\":{\"name\":\"V2C\",\"@id\":\"https:\/\/v2charge.com\/it\/#\/schema\/person\/d6f210a94a856acdddec347b2127fd0f\"},\"headline\":\"Un passo avanti nel futuro: V2C lancia Pole Pro, la condivisione del carico pi\u00f9 intelligente ed economica\",\"datePublished\":\"2023-06-27T12:00:00+00:00\",\"dateModified\":\"2023-10-13T09:23:30+00:00\",\"mainEntityOfPage\":{\"@id\":\"https:\/\/v2charge.com\/it\/nuovo-pole-pro\/\"},\"wordCount\":651,\"commentCount\":0,\"publisher\":{\"@id\":\"https:\/\/v2charge.com\/it\/#organization\"},\"image\":{\"@id\":\"https:\/\/v2charge.com\/it\/nuovo-pole-pro\/#primaryimage\"},\"thumbnailUrl\":\"https:\/\/v2charge.com\/wp-content\/uploads\/2023\/06\/nuevo-pole-pro.jpg\",\"articleSection\":[\"Noticias V2C\"],\"inLanguage\":\"it-IT\",\"potentialAction\":[{\"@type\":\"CommentAction\",\"name\":\"Comment\",\"target\":[\"https:\/\/v2charge.com\/it\/nuovo-pole-pro\/#respond\"]}]},{\"@type\":\"WebPage\",\"@id\":\"https:\/\/v2charge.com\/it\/nuovo-pole-pro\/\",\"url\":\"https:\/\/v2charge.com\/it\/nuovo-pole-pro\/\",\"name\":\"Pole Pro: la nuova versione migliorata del V2C Pole \u2714\",\"isPartOf\":{\"@id\":\"https:\/\/v2charge.com\/it\/#website\"},\"primaryImageOfPage\":{\"@id\":\"https:\/\/v2charge.com\/it\/nuovo-pole-pro\/#primaryimage\"},\"image\":{\"@id\":\"https:\/\/v2charge.com\/it\/nuovo-pole-pro\/#primaryimage\"},\"thumbnailUrl\":\"https:\/\/v2charge.com\/wp-content\/uploads\/2023\/06\/nuevo-pole-pro.jpg\",\"datePublished\":\"2023-06-27T12:00:00+00:00\",\"dateModified\":\"2023-10-13T09:23:30+00:00\",\"description\":\"Vi presentiamo la versione migliorata di Pole, Pole Pro: pi\u00f9 intelligente, all'avanguardia e perfetta per le istituzioni pubbliche e private. Scopritela!\",\"breadcrumb\":{\"@id\":\"https:\/\/v2charge.com\/it\/nuovo-pole-pro\/#breadcrumb\"},\"inLanguage\":\"it-IT\",\"potentialAction\":[{\"@type\":\"ReadAction\",\"target\":[\"https:\/\/v2charge.com\/it\/nuovo-pole-pro\/\"]}]},{\"@type\":\"ImageObject\",\"inLanguage\":\"it-IT\",\"@id\":\"https:\/\/v2charge.com\/it\/nuovo-pole-pro\/#primaryimage\",\"url\":\"https:\/\/v2charge.com\/wp-content\/uploads\/2023\/06\/nuevo-pole-pro.jpg\",\"contentUrl\":\"https:\/\/v2charge.com\/wp-content\/uploads\/2023\/06\/nuevo-pole-pro.jpg\",\"width\":1200,\"height\":700,\"caption\":\"nuevo pole pro\"},{\"@type\":\"BreadcrumbList\",\"@id\":\"https:\/\/v2charge.com\/it\/nuovo-pole-pro\/#breadcrumb\",\"itemListElement\":[{\"@type\":\"ListItem\",\"position\":1,\"name\":\"V2C\",\"item\":\"https:\/\/v2charge.com\/it\/\"},{\"@type\":\"ListItem\",\"position\":2,\"name\":\"Notizie V2C\",\"item\":\"https:\/\/v2charge.com\/it\/notizie-v2c\/\"},{\"@type\":\"ListItem\",\"position\":3,\"name\":\"Un passo avanti nel futuro: V2C lancia Pole Pro, la condivisione del carico pi\u00f9 intelligente ed economica\"}]},{\"@type\":\"WebSite\",\"@id\":\"https:\/\/v2charge.com\/it\/#website\",\"url\":\"https:\/\/v2charge.com\/it\/\",\"name\":\"V2C\",\"description\":\"#CargandoElMa\u00f1ana\",\"publisher\":{\"@id\":\"https:\/\/v2charge.com\/it\/#organization\"},\"potentialAction\":[{\"@type\":\"SearchAction\",\"target\":{\"@type\":\"EntryPoint\",\"urlTemplate\":\"https:\/\/v2charge.com\/it\/?s={search_term_string}\"},\"query-input\":{\"@type\":\"PropertyValueSpecification\",\"valueRequired\":true,\"valueName\":\"search_term_string\"}}],\"inLanguage\":\"it-IT\"},{\"@type\":\"Organization\",\"@id\":\"https:\/\/v2charge.com\/it\/#organization\",\"name\":\"V2C\",\"url\":\"https:\/\/v2charge.com\/it\/\",\"logo\":{\"@type\":\"ImageObject\",\"inLanguage\":\"it-IT\",\"@id\":\"https:\/\/v2charge.com\/it\/#\/schema\/logo\/image\/\",\"url\":\"https:\/\/v2charge.com\/wp-content\/uploads\/2024\/11\/cropped-v2c-charge-logo-menu.png\",\"contentUrl\":\"https:\/\/v2charge.com\/wp-content\/uploads\/2024\/11\/cropped-v2c-charge-logo-menu.png\",\"width\":984,\"height\":431,\"caption\":\"V2C\"},\"image\":{\"@id\":\"https:\/\/v2charge.com\/it\/#\/schema\/logo\/image\/\"},\"sameAs\":[\"https:\/\/www.facebook.com\/V2C.Charge\",\"https:\/\/x.com\/V2C_Charge\",\"https:\/\/www.instagram.com\/v2c.charge\/\",\"https:\/\/www.youtube.com\/@V2C\",\"https:\/\/www.linkedin.com\/company\/v2c-chargers\/\"]},{\"@type\":\"Person\",\"@id\":\"https:\/\/v2charge.com\/it\/#\/schema\/person\/d6f210a94a856acdddec347b2127fd0f\",\"name\":\"V2C\",\"image\":{\"@type\":\"ImageObject\",\"inLanguage\":\"it-IT\",\"@id\":\"https:\/\/v2charge.com\/it\/#\/schema\/person\/image\/\",\"url\":\"https:\/\/secure.gravatar.com\/avatar\/a91128c4c0d2f4d63bd586301fdec6cc9aa49c885839b25d1c62700f529f267c?s=96&d=mm&r=g\",\"contentUrl\":\"https:\/\/secure.gravatar.com\/avatar\/a91128c4c0d2f4d63bd586301fdec6cc9aa49c885839b25d1c62700f529f267c?s=96&d=mm&r=g\",\"caption\":\"V2C\"}}]}<\/script>\n<!-- \/ Yoast SEO plugin. -->","yoast_head_json":{"title":"Pole Pro: la nuova versione migliorata del V2C Pole \u2714","description":"Vi presentiamo la versione migliorata di Pole, Pole Pro: pi\u00f9 intelligente, all'avanguardia e perfetta per le istituzioni pubbliche e private. Scopritela!","robots":{"index":"index","follow":"follow","max-snippet":"max-snippet:-1","max-image-preview":"max-image-preview:large","max-video-preview":"max-video-preview:-1"},"canonical":"https:\/\/v2charge.com\/it\/nuovo-pole-pro\/","og_locale":"it_IT","og_type":"article","og_title":"Pole Pro: la nuova versione migliorata del V2C Pole \u2714","og_description":"Vi presentiamo la versione migliorata di Pole, Pole Pro: pi\u00f9 intelligente, all'avanguardia e perfetta per le istituzioni pubbliche e private. Scopritela!","og_url":"https:\/\/v2charge.com\/it\/nuovo-pole-pro\/","og_site_name":"V2C","article_publisher":"https:\/\/www.facebook.com\/V2C.Charge","article_published_time":"2023-06-27T12:00:00+00:00","article_modified_time":"2023-10-13T09:23:30+00:00","og_image":[{"width":1200,"height":700,"url":"https:\/\/v2charge.com\/wp-content\/uploads\/2023\/06\/nuevo-pole-pro.jpg","type":"image\/jpeg"}],"author":"V2C","twitter_card":"summary_large_image","twitter_creator":"@V2C_Charge","twitter_site":"@V2C_Charge","twitter_misc":{"Scritto da":"V2C","Tempo di lettura stimato":"4 minuti"},"schema":{"@context":"https:\/\/schema.org","@graph":[{"@type":"Article","@id":"https:\/\/v2charge.com\/it\/nuovo-pole-pro\/#article","isPartOf":{"@id":"https:\/\/v2charge.com\/it\/nuovo-pole-pro\/"},"author":{"name":"V2C","@id":"https:\/\/v2charge.com\/it\/#\/schema\/person\/d6f210a94a856acdddec347b2127fd0f"},"headline":"Un passo avanti nel futuro: V2C lancia Pole Pro, la condivisione del carico pi\u00f9 intelligente ed economica","datePublished":"2023-06-27T12:00:00+00:00","dateModified":"2023-10-13T09:23:30+00:00","mainEntityOfPage":{"@id":"https:\/\/v2charge.com\/it\/nuovo-pole-pro\/"},"wordCount":651,"commentCount":0,"publisher":{"@id":"https:\/\/v2charge.com\/it\/#organization"},"image":{"@id":"https:\/\/v2charge.com\/it\/nuovo-pole-pro\/#primaryimage"},"thumbnailUrl":"https:\/\/v2charge.com\/wp-content\/uploads\/2023\/06\/nuevo-pole-pro.jpg","articleSection":["Noticias V2C"],"inLanguage":"it-IT","potentialAction":[{"@type":"CommentAction","name":"Comment","target":["https:\/\/v2charge.com\/it\/nuovo-pole-pro\/#respond"]}]},{"@type":"WebPage","@id":"https:\/\/v2charge.com\/it\/nuovo-pole-pro\/","url":"https:\/\/v2charge.com\/it\/nuovo-pole-pro\/","name":"Pole Pro: la nuova versione migliorata del V2C Pole \u2714","isPartOf":{"@id":"https:\/\/v2charge.com\/it\/#website"},"primaryImageOfPage":{"@id":"https:\/\/v2charge.com\/it\/nuovo-pole-pro\/#primaryimage"},"image":{"@id":"https:\/\/v2charge.com\/it\/nuovo-pole-pro\/#primaryimage"},"thumbnailUrl":"https:\/\/v2charge.com\/wp-content\/uploads\/2023\/06\/nuevo-pole-pro.jpg","datePublished":"2023-06-27T12:00:00+00:00","dateModified":"2023-10-13T09:23:30+00:00","description":"Vi presentiamo la versione migliorata di Pole, Pole Pro: pi\u00f9 intelligente, all'avanguardia e perfetta per le istituzioni pubbliche e private. Scopritela!","breadcrumb":{"@id":"https:\/\/v2charge.com\/it\/nuovo-pole-pro\/#breadcrumb"},"inLanguage":"it-IT","potentialAction":[{"@type":"ReadAction","target":["https:\/\/v2charge.com\/it\/nuovo-pole-pro\/"]}]},{"@type":"ImageObject","inLanguage":"it-IT","@id":"https:\/\/v2charge.com\/it\/nuovo-pole-pro\/#primaryimage","url":"https:\/\/v2charge.com\/wp-content\/uploads\/2023\/06\/nuevo-pole-pro.jpg","contentUrl":"https:\/\/v2charge.com\/wp-content\/uploads\/2023\/06\/nuevo-pole-pro.jpg","width":1200,"height":700,"caption":"nuevo pole pro"},{"@type":"BreadcrumbList","@id":"https:\/\/v2charge.com\/it\/nuovo-pole-pro\/#breadcrumb","itemListElement":[{"@type":"ListItem","position":1,"name":"V2C","item":"https:\/\/v2charge.com\/it\/"},{"@type":"ListItem","position":2,"name":"Notizie V2C","item":"https:\/\/v2charge.com\/it\/notizie-v2c\/"},{"@type":"ListItem","position":3,"name":"Un passo avanti nel futuro: V2C lancia Pole Pro, la condivisione del carico pi\u00f9 intelligente ed economica"}]},{"@type":"WebSite","@id":"https:\/\/v2charge.com\/it\/#website","url":"https:\/\/v2charge.com\/it\/","name":"V2C","description":"#CargandoElMa\u00f1ana","publisher":{"@id":"https:\/\/v2charge.com\/it\/#organization"},"potentialAction":[{"@type":"SearchAction","target":{"@type":"EntryPoint","urlTemplate":"https:\/\/v2charge.com\/it\/?s={search_term_string}"},"query-input":{"@type":"PropertyValueSpecification","valueRequired":true,"valueName":"search_term_string"}}],"inLanguage":"it-IT"},{"@type":"Organization","@id":"https:\/\/v2charge.com\/it\/#organization","name":"V2C","url":"https:\/\/v2charge.com\/it\/","logo":{"@type":"ImageObject","inLanguage":"it-IT","@id":"https:\/\/v2charge.com\/it\/#\/schema\/logo\/image\/","url":"https:\/\/v2charge.com\/wp-content\/uploads\/2024\/11\/cropped-v2c-charge-logo-menu.png","contentUrl":"https:\/\/v2charge.com\/wp-content\/uploads\/2024\/11\/cropped-v2c-charge-logo-menu.png","width":984,"height":431,"caption":"V2C"},"image":{"@id":"https:\/\/v2charge.com\/it\/#\/schema\/logo\/image\/"},"sameAs":["https:\/\/www.facebook.com\/V2C.Charge","https:\/\/x.com\/V2C_Charge","https:\/\/www.instagram.com\/v2c.charge\/","https:\/\/www.youtube.com\/@V2C","https:\/\/www.linkedin.com\/company\/v2c-chargers\/"]},{"@type":"Person","@id":"https:\/\/v2charge.com\/it\/#\/schema\/person\/d6f210a94a856acdddec347b2127fd0f","name":"V2C","image":{"@type":"ImageObject","inLanguage":"it-IT","@id":"https:\/\/v2charge.com\/it\/#\/schema\/person\/image\/","url":"https:\/\/secure.gravatar.com\/avatar\/a91128c4c0d2f4d63bd586301fdec6cc9aa49c885839b25d1c62700f529f267c?s=96&d=mm&r=g","contentUrl":"https:\/\/secure.gravatar.com\/avatar\/a91128c4c0d2f4d63bd586301fdec6cc9aa49c885839b25d1c62700f529f267c?s=96&d=mm&r=g","caption":"V2C"}}]}},"uagb_featured_image_src":{"full":["https:\/\/v2charge.com\/wp-content\/uploads\/2023\/06\/nuevo-pole-pro.jpg",1200,700,false],"thumbnail":["https:\/\/v2charge.com\/wp-content\/uploads\/2023\/06\/nuevo-pole-pro-150x150.jpg",150,150,true],"medium":["https:\/\/v2charge.com\/wp-content\/uploads\/2023\/06\/nuevo-pole-pro-300x175.jpg",300,175,true],"medium_large":["https:\/\/v2charge.com\/wp-content\/uploads\/2023\/06\/nuevo-pole-pro-768x448.jpg",768,448,true],"large":["https:\/\/v2charge.com\/wp-content\/uploads\/2023\/06\/nuevo-pole-pro-1024x597.jpg",1024,597,true],"gs-tiny":["https:\/\/v2charge.com\/wp-content\/uploads\/2023\/06\/nuevo-pole-pro.jpg",50,29,false],"xl":["https:\/\/v2charge.com\/wp-content\/uploads\/2023\/06\/nuevo-pole-pro.jpg",1200,700,false],"xxl":["https:\/\/v2charge.com\/wp-content\/uploads\/2023\/06\/nuevo-pole-pro.jpg",1200,700,false],"xxxl":["https:\/\/v2charge.com\/wp-content\/uploads\/2023\/06\/nuevo-pole-pro.jpg",1200,700,false],"xxxxl":["https:\/\/v2charge.com\/wp-content\/uploads\/2023\/06\/nuevo-pole-pro.jpg",1200,700,false],"xxxxxl":["https:\/\/v2charge.com\/wp-content\/uploads\/2023\/06\/nuevo-pole-pro.jpg",1200,700,false],"1536x1536":["https:\/\/v2charge.com\/wp-content\/uploads\/2023\/06\/nuevo-pole-pro.jpg",1200,700,false],"2048x2048":["https:\/\/v2charge.com\/wp-content\/uploads\/2023\/06\/nuevo-pole-pro.jpg",1200,700,false]},"uagb_author_info":{"display_name":"V2C","author_link":"https:\/\/v2charge.com\/it\/author\/marketing\/"},"uagb_comment_info":0,"uagb_excerpt":"Stiamo festeggiando! Noi di V2C siamo orgogliosi di presentare il nostro ultimo sviluppo: il caricatore elettrico Pole Pro. Una nuova versione del nostro e-Charger che offre la pi\u00f9 intelligente ricarica multi-utente in spazi pubblici e privati. Dopo aver preso in considerazione i feedback e le esigenze dei nostri clienti, abbiamo sviluppato una nuova versione che&hellip;","_links":{"self":[{"href":"https:\/\/v2charge.com\/it\/wp-json\/wp\/v2\/posts\/121498","targetHints":{"allow":["GET"]}}],"collection":[{"href":"https:\/\/v2charge.com\/it\/wp-json\/wp\/v2\/posts"}],"about":[{"href":"https:\/\/v2charge.com\/it\/wp-json\/wp\/v2\/types\/post"}],"author":[{"embeddable":true,"href":"https:\/\/v2charge.com\/it\/wp-json\/wp\/v2\/users\/400"}],"replies":[{"embeddable":true,"href":"https:\/\/v2charge.com\/it\/wp-json\/wp\/v2\/comments?post=121498"}],"version-history":[{"count":0,"href":"https:\/\/v2charge.com\/it\/wp-json\/wp\/v2\/posts\/121498\/revisions"}],"wp:featuredmedia":[{"embeddable":true,"href":"https:\/\/v2charge.com\/it\/wp-json\/wp\/v2\/media\/107749"}],"wp:attachment":[{"href":"https:\/\/v2charge.com\/it\/wp-json\/wp\/v2\/media?parent=121498"}],"wp:term":[{"taxonomy":"category","embeddable":true,"href":"https:\/\/v2charge.com\/it\/wp-json\/wp\/v2\/categories?post=121498"},{"taxonomy":"post_tag","embeddable":true,"href":"https:\/\/v2charge.com\/it\/wp-json\/wp\/v2\/tags?post=121498"}],"curies":[{"name":"wp","href":"https:\/\/api.w.org\/{rel}","templated":true}]}}