{"id":318787,"date":"2026-04-27T15:15:43","date_gmt":"2026-04-27T13:15:43","guid":{"rendered":"https:\/\/v2charge.com\/?p=318787"},"modified":"2026-04-27T15:15:45","modified_gmt":"2026-04-27T13:15:45","slug":"inverter-zcs-azzurro-v2c-trydan","status":"publish","type":"post","link":"https:\/\/v2charge.com\/it\/inverter-zcs-azzurro-v2c-trydan\/","title":{"rendered":"Integrazione V2C e ZCS Azzurro: come ottimizzare il controllo di potenza dinamico e il surplus fotovoltaico"},"content":{"rendered":"\n<p><strong>In Italia il fotovoltaico continua a crescere<\/strong>: secondo i dati Terna, nel 2025 il parco fotovoltaico nazionale ha superato i 37 GW di potenza installata, confermando un ecosistema sempre pi\u00f9 maturo per l\u2019autoconsumo e la ricarica intelligente. In questo scenario, <strong>noi di V2C rendiamo ancora pi\u00f9 semplice coordinare energia solare e mobilit\u00e0 elettrica<\/strong> grazie all\u2019integrazione tra i caricatori Trydan e Trydan Pro e gli inverter ZCS Azzurro.<\/p>\n\n\n\n<h2 class=\"wp-block-heading\" id=\"perch-integrare-v2c-con-zcs-azzurro\">Perch\u00e9 integrare V2C con ZCS Azzurro?<\/h2>\n\n\n\n<p><strong>L\u2019integrazione tra V2C e ZCS Azzurro permette di usare in tempo reale il surplus fotovoltaico per ricaricare il veicolo elettrico<\/strong>, riducendo gli sprechi e migliorando l\u2019autoconsumo. Per installatori, architetti e utenti EV avanzati, significa avere un sistema pi\u00f9 reattivo, pi\u00f9 efficiente e pi\u00f9 facile da gestire in impianti residenziali o professionali.<\/p>\n\n\n\n<ul class=\"wp-block-list\">\n<li>Controllo dinamico della potenza in base alla produzione FV.<\/li>\n\n\n\n<li>Ricarica ottimizzata senza superare la disponibilit\u00e0 energetica dell\u2019impianto.<\/li>\n\n\n\n<li>Maggiore stabilit\u00e0 operativa con configurazioni cablate o di rete.<\/li>\n\n\n\n<li>Gestione centralizzata tramite V2C Cloud.<\/li>\n<\/ul>\n\n\n\n<h2 class=\"wp-block-heading\" id=\"quali-inverter-zcs-azzurro-sono-compatibili\">Quali inverter ZCS Azzurro sono compatibili?<\/h2>\n\n\n\n<p>I caricatori Trydan e Trydan Pro sono compatibili con gli inverter ZCS Azzurro serie 3000\u20136000, con i modelli ibridi HYD e con impianti sia monofase sia trifase. Questa ampia copertura rende l\u2019integrazione adatta a molte configurazioni reali, dal residenziale evoluto ai contesti professionali con esigenze di monitoraggio pi\u00f9 strutturate.<a href=\"https:\/\/v2charge.com\/it\/supporto\/controllo-potenza\/dinamico\/fotovoltaica\/integrazione-dellinverter-zcs-azzurro-con-trydan-trydan-pro\/\" target=\"_blank\" rel=\"noreferrer noopener\"><\/a><\/p>\n\n\n\n<h3 class=\"wp-block-heading\" id=\"compatibilit-supportata\">Compatibilit\u00e0 supportata<\/h3>\n\n\n\n<ul class=\"wp-block-list\">\n<li>Serie ZCS Azzurro 3000\u20136000.<\/li>\n\n\n\n<li>Modelli ibridi HYD.<\/li>\n\n\n\n<li>Impianti monofase.<\/li>\n\n\n\n<li>Impianti trifase.<a href=\"https:\/\/v2charge.com\/it\/supporto\/controllo-potenza\/dinamico\/fotovoltaica\/integrazione-dellinverter-zcs-azzurro-con-trydan-trydan-pro\/\" target=\"_blank\" rel=\"noreferrer noopener\"><\/a><\/li>\n<\/ul>\n\n\n\n<h2 class=\"wp-block-heading\" id=\"come-funziona-la-connessione-modbus-rtu\">Come funziona la connessione Modbus RTU?<\/h2>\n\n\n\n<p>La connessione<strong> Modbus RTU via RS485 \u00e8 il metodo consigliato<\/strong> da noi di V2C perch\u00e9 offre la massima stabilit\u00e0 e una comunicazione diretta tra inverter e caricatore. In questa configurazione, il collegamento avviene con cavo RJ45\/UTP, portando il pin 2 dell\u2019inverter su A\/RS485+ e il pin 3 su B\/RS485- del sistema Trydan.<a href=\"https:\/\/v2charge.com\/it\/supporto\/controllo-potenza\/dinamico\/fotovoltaica\/integrazione-dellinverter-zcs-azzurro-con-trydan-trydan-pro\/\" target=\"_blank\" rel=\"noreferrer noopener\"><\/a><\/p>\n\n\n\n<h2 class=\"wp-block-heading\" id=\"vantaggi-della-connessione-cablata\">Vantaggi della connessione cablata<\/h2>\n\n\n\n<ul class=\"wp-block-list\">\n<li>Maggiore affidabilit\u00e0 rispetto alle soluzioni wireless.<\/li>\n\n\n\n<li>Minore sensibilit\u00e0 a interferenze e cadute di rete.<\/li>\n\n\n\n<li>Ideale per installazioni fisse e professionali.<\/li>\n\n\n\n<li>Consente uno scambio dati continuo per il controllo dinamico.<a href=\"https:\/\/v2charge.com\/it\/supporto\/controllo-potenza\/dinamico\/fotovoltaica\/integrazione-dellinverter-zcs-azzurro-con-trydan-trydan-pro\/\" target=\"_blank\" rel=\"noreferrer noopener\"><\/a><\/li>\n<\/ul>\n\n\n\n<h2 class=\"wp-block-heading\" id=\"quando-conviene-usare-modbus-tcp-via-wifi\">Quando conviene usare Modbus TCP via WiFi?<\/h2>\n\n\n\n<p>Modbus TCP \u00e8 la soluzione da adottare quando l\u2019impianto utilizza un <strong>Solarman Stick Logger LSW-3<\/strong>, che comunica con l\u2019inverter tramite RS-232 e abilita la connessione WiFi con protocollo Solarman V5. In questo caso, inverter e caricatore devono trovarsi sulla stessa rete locale, cos\u00ec da garantire la corretta lettura dei dati di potenza.<a href=\"https:\/\/v2charge.com\/it\/supporto\/controllo-potenza\/dinamico\/fotovoltaica\/integrazione-dellinverter-zcs-azzurro-con-trydan-trydan-pro\/\" target=\"_blank\" rel=\"noreferrer noopener\"><\/a><\/p>\n\n\n\n<h3 class=\"wp-block-heading\" id=\"punti-chiave-della-connessione-wifi\">Punti chiave della connessione WiFi<\/h3>\n\n\n\n<ul class=\"wp-block-list\">\n<li>Richiede Solarman Stick Logger LSW-3.<\/li>\n\n\n\n<li>Usa il protocollo Solarman V5.<\/li>\n\n\n\n<li>Necessita della stessa rete locale.<\/li>\n\n\n\n<li>\u00c8 utile quando il cablaggio diretto non \u00e8 praticabile.<a href=\"https:\/\/v2charge.com\/it\/supporto\/controllo-potenza\/dinamico\/fotovoltaica\/integrazione-dellinverter-zcs-azzurro-con-trydan-trydan-pro\/\" target=\"_blank\" rel=\"noreferrer noopener\"><\/a><\/li>\n<\/ul>\n\n\n\n<h3 class=\"wp-block-heading\" id=\"cosa-va-impostato\">Cosa va impostato<\/h3>\n\n\n\n<ul class=\"wp-block-list\">\n<li>Controllo di potenza dinamico.<\/li>\n\n\n\n<li>Selezione dell\u2019inverter ZCS Azzurro.<\/li>\n\n\n\n<li>Inserimento dell\u2019IP dell\u2019inverter, se previsto dalla configurazione.<\/li>\n\n\n\n<li>Verifica della rete monofase o trifase.<\/li>\n<\/ul>\n\n\n\n<h2 class=\"wp-block-heading\" id=\"qual--il-vantaggio-reale-per-lautoconsumo\">Qual \u00e8 il vantaggio reale per l\u2019autoconsumo?<\/h2>\n\n\n\n<p>Il vantaggio principale \u00e8 la <strong>gestione in tempo reale del surplus energetico<\/strong>, che permette di caricare il veicolo con energia solare disponibile in quel momento. Per l\u2019utente finale, questo si traduce in <strong>una ricarica pi\u00f9 sostenibile<\/strong>; per l\u2019installatore, in una proposta tecnica pi\u00f9 solida e facilmente spiegabile; per il professionista, in un\u2019integrazione che valorizza l\u2019impianto fotovoltaico esistente.<\/p>\n\n\n\n<ul class=\"wp-block-list\">\n<li>Pi\u00f9 energia autoprodotta viene realmente utilizzata.<\/li>\n\n\n\n<li>La ricarica si adatta ai consumi della casa o dell\u2019edificio.<\/li>\n\n\n\n<li>Si riducono gli acquisti di energia dalla rete.<\/li>\n\n\n\n<li>Si aumenta la percezione di un impianto davvero \u201c100% green\u201d.<a href=\"https:\/\/v2charge.com\/it\/supporto\/controllo-potenza\/dinamico\/fotovoltaica\/integrazione-dellinverter-zcs-azzurro-con-trydan-trydan-pro\/\" target=\"_blank\" rel=\"noreferrer noopener\"><\/a><\/li>\n<\/ul>\n\n\n\n<figure class=\"wp-block-image size-full\"><img decoding=\"async\" width=\"960\" height=\"560\" src=\"https:\/\/v2charge.com\/wp-content\/uploads\/2024\/09\/como-mejorar-eficiencia-energetica-vivienda-placas-solares.jpg\" alt=\"C\u00f3mo mejorar la eficiencia energ\u00e9tica de una vivienda\" class=\"wp-image-179218\" srcset=\"https:\/\/v2charge.com\/wp-content\/uploads\/2024\/09\/como-mejorar-eficiencia-energetica-vivienda-placas-solares.jpg 960w, https:\/\/v2charge.com\/wp-content\/uploads\/2024\/09\/como-mejorar-eficiencia-energetica-vivienda-placas-solares-300x175.jpg 300w, https:\/\/v2charge.com\/wp-content\/uploads\/2024\/09\/como-mejorar-eficiencia-energetica-vivienda-placas-solares-768x448.jpg 768w\" sizes=\"(max-width: 960px) 100vw, 960px\" \/><\/figure>\n\n\n\n<h2 class=\"wp-block-heading\" id=\"zcs-azzurro-prezzi-cosa-considerare-davvero\">ZCS Azzurro prezzi: cosa considerare davvero?<\/h2>\n\n\n\n<p>Quando si parla di&nbsp;<strong>zcs azzurro prezzi<\/strong>, il punto non \u00e8 solo il costo dell\u2019inverter, ma il valore complessivo dell\u2019ecosistema: potenza, compatibilit\u00e0, monitoraggio, ibridazione e possibilit\u00e0 di integrazione con la ricarica EV. Le quotazioni possono variare molto in base alla potenza, alla tipologia monofase o trifase, alla versione ibrida e agli accessori di installazione.<a rel=\"noreferrer noopener\" target=\"_blank\" href=\"https:\/\/v2charge.com\/it\/supporto\/controllo-potenza\/dinamico\/fotovoltaica\/integrazione-dellinverter-zcs-azzurro-con-trydan-trydan-pro\/\"><\/a><\/p>\n\n\n\n<h3 class=\"wp-block-heading\" id=\"fattori-che-influenzano-il-prezzo\">Fattori che influenzano il prezzo<\/h3>\n\n\n\n<ul class=\"wp-block-list\">\n<li>Potenza nominale dell\u2019inverter.<\/li>\n\n\n\n<li>Versione standard o HYD.<\/li>\n\n\n\n<li>Configurazione monofase o trifase.<\/li>\n\n\n\n<li>Presenza di logger, connettivit\u00e0 e componenti di supervisione.<\/li>\n<\/ul>\n\n\n\n<h2 class=\"wp-block-heading\" id=\"inverter-azzurro-recensioni-cosa-emerge-in-pratica\">Inverter Azzurro recensioni: cosa emerge in pratica?<\/h2>\n\n\n\n<p>Le&nbsp;<strong>inverter azzurro recensioni<\/strong>&nbsp;tendono a premiare soprattutto l\u2019integrazione con sistemi di monitoraggio, la gestione intelligente dei flussi energetici e la logica di ottimizzazione dell\u2019autoconsumo. Nel contesto V2C, la vera differenza la fa la capacit\u00e0 di dialogare in modo affidabile con il caricatore, trasformando un impianto fotovoltaico in una piattaforma energetica pi\u00f9 evoluta.<\/p>\n\n\n\n<ul class=\"wp-block-list\">\n<li>Buona reputazione sul fronte del controllo energetico.<\/li>\n\n\n\n<li>Ecosistema adatto a impianti FV con accumulo e ricarica.<\/li>\n\n\n\n<li>Valore percepito alto quando l\u2019impianto \u00e8 progettato in modo integrato.<\/li>\n<\/ul>\n\n\n\n<h3 class=\"wp-block-heading\" id=\"come-si-posiziona-v2c-nel-progetto\">Come si posiziona V2C nel progetto?<\/h3>\n\n\n\n<p>Noi di V2C progettiamo Trydan e Trydan Pro per rendere semplice la gestione dell\u2019energia in impianti con fotovoltaico e inverter compatibili. L\u2019obiettivo \u00e8 chiaro: far <strong>dialogare produzione solare, consumi domestici e ricarica del veicolo in un\u2019unica logica dinamica<\/strong>, senza complicare la vita all\u2019installatore e senza togliere controllo all\u2019utente finale.<br>Per una guida passo dopo passo sui collegamenti fisici e i settaggi software, puoi consultare la nostra pagina di supporto su <strong><a href=\"https:\/\/v2charge.com\/it\/supporto\/controllo-potenza\/dinamico\/fotovoltaica\/integrazione-dellinverter-zcs-azzurro-con-trydan-trydan-pro\/\" target=\"_blank\" rel=\"noreferrer noopener\">come eseguire l\u2019installazione e l&#8217;integrazione tra ZCS Azzurro e Trydan<\/a><\/strong>.<\/p>\n\n\n\n<h3 class=\"wp-block-heading\" id=\"per-chi--questa-integrazione\">Per chi \u00e8 questa integrazione<\/h3>\n\n\n\n<ul class=\"wp-block-list\">\n<li>Installatori che cercano una soluzione scalabile.<\/li>\n\n\n\n<li>Architetti e progettisti che vogliono integrare EV e FV in modo pulito.<\/li>\n\n\n\n<li>Utenti EV avanzati che puntano a massimizzare l\u2019autoconsumo.<\/li>\n\n\n\n<li>Studi tecnici che gestiscono impianti residenziali o professionali.<a href=\"https:\/\/v2charge.com\/it\/supporto\/controllo-potenza\/dinamico\/fotovoltaica\/integrazione-dellinverter-zcs-azzurro-con-trydan-trydan-pro\/\" target=\"_blank\" rel=\"noreferrer noopener\"><\/a><\/li>\n<\/ul>\n\n\n\n<h2 class=\"wp-block-heading\" id=\"dove-trovare-un-installatore-v2c\">Dove trovare un installatore V2C?<\/h2>\n\n\n\n<p>Per realizzare un impianto correttamente configurato, il passo pi\u00f9 importante \u00e8 affidarsi a un professionista della<strong> rete V2C<\/strong>. Trova l\u2019installatore nella rete professionale V2C e progetta una soluzione in cui inverter ZCS Azzurro e Trydan lavorano insieme per valorizzare ogni kWh prodotto dal fotovoltaico.<\/p>\n\n\n\n<figure class=\"wp-block-image\"><a href=\"https:\/\/v2charge.com\/it\/trova-installatore\/\"><img decoding=\"async\" width=\"818\" height=\"818\" src=\"https:\/\/v2charge.com\/wp-content\/uploads\/2024\/10\/trova-installatore-caricatore-auto-elettrica.jpg\" alt=\"\" class=\"wp-image-183977\" srcset=\"https:\/\/v2charge.com\/wp-content\/uploads\/2024\/10\/trova-installatore-caricatore-auto-elettrica.jpg 818w, https:\/\/v2charge.com\/wp-content\/uploads\/2024\/10\/trova-installatore-caricatore-auto-elettrica-300x300.jpg 300w, https:\/\/v2charge.com\/wp-content\/uploads\/2024\/10\/trova-installatore-caricatore-auto-elettrica-150x150.jpg 150w, https:\/\/v2charge.com\/wp-content\/uploads\/2024\/10\/trova-installatore-caricatore-auto-elettrica-768x768.jpg 768w\" sizes=\"(max-width: 818px) 100vw, 818px\" \/><\/a><\/figure>\n","protected":false},"excerpt":{"rendered":"<p>In Italia il fotovoltaico continua a crescere: secondo i dati Terna, nel 2025 il parco fotovoltaico nazionale ha superato i 37 GW di potenza installata, confermando un ecosistema sempre pi\u00f9 maturo per l\u2019autoconsumo e la ricarica intelligente. In questo scenario, noi di V2C rendiamo ancora pi\u00f9 semplice coordinare energia solare e mobilit\u00e0 elettrica grazie all\u2019integrazione &#8230; <a title=\"Integrazione V2C e ZCS Azzurro: come ottimizzare il controllo di potenza dinamico e il surplus fotovoltaico\" class=\"read-more\" href=\"https:\/\/v2charge.com\/it\/inverter-zcs-azzurro-v2c-trydan\/\" aria-label=\"Per saperne di pi\u00f9 su Integrazione V2C e ZCS Azzurro: come ottimizzare il controllo di potenza dinamico e il surplus fotovoltaico\">Leggi tutto<\/a><\/p>\n","protected":false},"author":400,"featured_media":318828,"comment_status":"open","ping_status":"open","sticky":false,"template":"","format":"standard","meta":{"_eb_attr":"","content-type":"","_uag_custom_page_level_css":"","footnotes":""},"categories":[4],"tags":[],"class_list":["post-318787","post","type-post","status-publish","format-standard","has-post-thumbnail","hentry","category-e-mobility"],"yoast_head":"<!-- This site is optimized with the Yoast SEO plugin v25.3.1 - https:\/\/yoast.com\/wordpress\/plugins\/seo\/ -->\n<title>Inverter ZCS Azzurro e V2C: integrazione per la ricarica smart<\/title>\n<meta name=\"description\" content=\"Scopri come integrare l&#039;inverter ZCS Azzurro con i caricatori V2C Trydan. Ottimizza il controllo dinamico della potenza e massimizza l&#039;autoconsumo solare.\" \/>\n<meta name=\"robots\" content=\"index, follow, max-snippet:-1, max-image-preview:large, max-video-preview:-1\" \/>\n<link rel=\"canonical\" href=\"https:\/\/v2charge.com\/it\/inverter-zcs-azzurro-v2c-trydan\/\" \/>\n<meta property=\"og:locale\" content=\"it_IT\" \/>\n<meta property=\"og:type\" content=\"article\" \/>\n<meta property=\"og:title\" content=\"Inverter ZCS Azzurro e V2C: integrazione per la ricarica smart\" \/>\n<meta property=\"og:description\" content=\"Scopri come integrare l&#039;inverter ZCS Azzurro con i caricatori V2C Trydan. Ottimizza il controllo dinamico della potenza e massimizza l&#039;autoconsumo solare.\" \/>\n<meta property=\"og:url\" content=\"https:\/\/v2charge.com\/it\/inverter-zcs-azzurro-v2c-trydan\/\" \/>\n<meta property=\"og:site_name\" content=\"V2C\" \/>\n<meta property=\"article:publisher\" content=\"https:\/\/www.facebook.com\/V2C.Charge\" \/>\n<meta property=\"article:published_time\" content=\"2026-04-27T13:15:43+00:00\" \/>\n<meta property=\"article:modified_time\" content=\"2026-04-27T13:15:45+00:00\" \/>\n<meta property=\"og:image\" content=\"https:\/\/v2charge.com\/wp-content\/uploads\/2026\/04\/inverter-azzurro-integrazione-trydan.jpg\" \/>\n\t<meta property=\"og:image:width\" content=\"960\" \/>\n\t<meta property=\"og:image:height\" content=\"560\" \/>\n\t<meta property=\"og:image:type\" content=\"image\/jpeg\" \/>\n<meta name=\"author\" content=\"V2C\" \/>\n<meta name=\"twitter:card\" content=\"summary_large_image\" \/>\n<meta name=\"twitter:creator\" content=\"@V2C_Charge\" \/>\n<meta name=\"twitter:site\" content=\"@V2C_Charge\" \/>\n<meta name=\"twitter:label1\" content=\"Scritto da\" \/>\n\t<meta name=\"twitter:data1\" content=\"V2C\" \/>\n\t<meta name=\"twitter:label2\" content=\"Tempo di lettura stimato\" \/>\n\t<meta name=\"twitter:data2\" content=\"5 minuti\" \/>\n<script type=\"application\/ld+json\" class=\"yoast-schema-graph\">{\"@context\":\"https:\/\/schema.org\",\"@graph\":[{\"@type\":\"Article\",\"@id\":\"https:\/\/v2charge.com\/it\/inverter-zcs-azzurro-v2c-trydan\/#article\",\"isPartOf\":{\"@id\":\"https:\/\/v2charge.com\/it\/inverter-zcs-azzurro-v2c-trydan\/\"},\"author\":{\"name\":\"V2C\",\"@id\":\"https:\/\/v2charge.com\/it\/#\/schema\/person\/d6f210a94a856acdddec347b2127fd0f\"},\"headline\":\"Integrazione V2C e ZCS Azzurro: come ottimizzare il controllo di potenza dinamico e il surplus fotovoltaico\",\"datePublished\":\"2026-04-27T13:15:43+00:00\",\"dateModified\":\"2026-04-27T13:15:45+00:00\",\"mainEntityOfPage\":{\"@id\":\"https:\/\/v2charge.com\/it\/inverter-zcs-azzurro-v2c-trydan\/\"},\"wordCount\":918,\"commentCount\":0,\"publisher\":{\"@id\":\"https:\/\/v2charge.com\/it\/#organization\"},\"image\":{\"@id\":\"https:\/\/v2charge.com\/it\/inverter-zcs-azzurro-v2c-trydan\/#primaryimage\"},\"thumbnailUrl\":\"https:\/\/v2charge.com\/wp-content\/uploads\/2026\/04\/inverter-azzurro-integrazione-trydan.jpg\",\"articleSection\":[\"e-Mobility\"],\"inLanguage\":\"it-IT\",\"potentialAction\":[{\"@type\":\"CommentAction\",\"name\":\"Comment\",\"target\":[\"https:\/\/v2charge.com\/it\/inverter-zcs-azzurro-v2c-trydan\/#respond\"]}]},{\"@type\":\"WebPage\",\"@id\":\"https:\/\/v2charge.com\/it\/inverter-zcs-azzurro-v2c-trydan\/\",\"url\":\"https:\/\/v2charge.com\/it\/inverter-zcs-azzurro-v2c-trydan\/\",\"name\":\"Inverter ZCS Azzurro e V2C: integrazione per la ricarica smart\",\"isPartOf\":{\"@id\":\"https:\/\/v2charge.com\/it\/#website\"},\"primaryImageOfPage\":{\"@id\":\"https:\/\/v2charge.com\/it\/inverter-zcs-azzurro-v2c-trydan\/#primaryimage\"},\"image\":{\"@id\":\"https:\/\/v2charge.com\/it\/inverter-zcs-azzurro-v2c-trydan\/#primaryimage\"},\"thumbnailUrl\":\"https:\/\/v2charge.com\/wp-content\/uploads\/2026\/04\/inverter-azzurro-integrazione-trydan.jpg\",\"datePublished\":\"2026-04-27T13:15:43+00:00\",\"dateModified\":\"2026-04-27T13:15:45+00:00\",\"description\":\"Scopri come integrare l'inverter ZCS Azzurro con i caricatori V2C Trydan. Ottimizza il controllo dinamico della potenza e massimizza l'autoconsumo solare.\",\"breadcrumb\":{\"@id\":\"https:\/\/v2charge.com\/it\/inverter-zcs-azzurro-v2c-trydan\/#breadcrumb\"},\"inLanguage\":\"it-IT\",\"potentialAction\":[{\"@type\":\"ReadAction\",\"target\":[\"https:\/\/v2charge.com\/it\/inverter-zcs-azzurro-v2c-trydan\/\"]}]},{\"@type\":\"ImageObject\",\"inLanguage\":\"it-IT\",\"@id\":\"https:\/\/v2charge.com\/it\/inverter-zcs-azzurro-v2c-trydan\/#primaryimage\",\"url\":\"https:\/\/v2charge.com\/wp-content\/uploads\/2026\/04\/inverter-azzurro-integrazione-trydan.jpg\",\"contentUrl\":\"https:\/\/v2charge.com\/wp-content\/uploads\/2026\/04\/inverter-azzurro-integrazione-trydan.jpg\",\"width\":960,\"height\":560},{\"@type\":\"BreadcrumbList\",\"@id\":\"https:\/\/v2charge.com\/it\/inverter-zcs-azzurro-v2c-trydan\/#breadcrumb\",\"itemListElement\":[{\"@type\":\"ListItem\",\"position\":1,\"name\":\"V2C\",\"item\":\"https:\/\/v2charge.com\/it\/\"},{\"@type\":\"ListItem\",\"position\":2,\"name\":\"e-Mobility\",\"item\":\"https:\/\/v2charge.com\/it\/e-mobility\/\"},{\"@type\":\"ListItem\",\"position\":3,\"name\":\"Integrazione V2C e ZCS Azzurro: come ottimizzare il controllo di potenza dinamico e il surplus fotovoltaico\"}]},{\"@type\":\"WebSite\",\"@id\":\"https:\/\/v2charge.com\/it\/#website\",\"url\":\"https:\/\/v2charge.com\/it\/\",\"name\":\"V2C\",\"description\":\"#CargandoElMa\u00f1ana\",\"publisher\":{\"@id\":\"https:\/\/v2charge.com\/it\/#organization\"},\"potentialAction\":[{\"@type\":\"SearchAction\",\"target\":{\"@type\":\"EntryPoint\",\"urlTemplate\":\"https:\/\/v2charge.com\/it\/?s={search_term_string}\"},\"query-input\":{\"@type\":\"PropertyValueSpecification\",\"valueRequired\":true,\"valueName\":\"search_term_string\"}}],\"inLanguage\":\"it-IT\"},{\"@type\":\"Organization\",\"@id\":\"https:\/\/v2charge.com\/it\/#organization\",\"name\":\"V2C\",\"url\":\"https:\/\/v2charge.com\/it\/\",\"logo\":{\"@type\":\"ImageObject\",\"inLanguage\":\"it-IT\",\"@id\":\"https:\/\/v2charge.com\/it\/#\/schema\/logo\/image\/\",\"url\":\"https:\/\/v2charge.com\/wp-content\/uploads\/2024\/11\/cropped-v2c-charge-logo-menu.png\",\"contentUrl\":\"https:\/\/v2charge.com\/wp-content\/uploads\/2024\/11\/cropped-v2c-charge-logo-menu.png\",\"width\":984,\"height\":431,\"caption\":\"V2C\"},\"image\":{\"@id\":\"https:\/\/v2charge.com\/it\/#\/schema\/logo\/image\/\"},\"sameAs\":[\"https:\/\/www.facebook.com\/V2C.Charge\",\"https:\/\/x.com\/V2C_Charge\",\"https:\/\/www.instagram.com\/v2c.charge\/\",\"https:\/\/www.youtube.com\/@V2C\",\"https:\/\/www.linkedin.com\/company\/v2c-chargers\/\"]},{\"@type\":\"Person\",\"@id\":\"https:\/\/v2charge.com\/it\/#\/schema\/person\/d6f210a94a856acdddec347b2127fd0f\",\"name\":\"V2C\",\"image\":{\"@type\":\"ImageObject\",\"inLanguage\":\"it-IT\",\"@id\":\"https:\/\/v2charge.com\/it\/#\/schema\/person\/image\/\",\"url\":\"https:\/\/secure.gravatar.com\/avatar\/a91128c4c0d2f4d63bd586301fdec6cc9aa49c885839b25d1c62700f529f267c?s=96&d=mm&r=g\",\"contentUrl\":\"https:\/\/secure.gravatar.com\/avatar\/a91128c4c0d2f4d63bd586301fdec6cc9aa49c885839b25d1c62700f529f267c?s=96&d=mm&r=g\",\"caption\":\"V2C\"}}]}<\/script>\n<!-- \/ Yoast SEO plugin. -->","yoast_head_json":{"title":"Inverter ZCS Azzurro e V2C: integrazione per la ricarica smart","description":"Scopri come integrare l'inverter ZCS Azzurro con i caricatori V2C Trydan. Ottimizza il controllo dinamico della potenza e massimizza l'autoconsumo solare.","robots":{"index":"index","follow":"follow","max-snippet":"max-snippet:-1","max-image-preview":"max-image-preview:large","max-video-preview":"max-video-preview:-1"},"canonical":"https:\/\/v2charge.com\/it\/inverter-zcs-azzurro-v2c-trydan\/","og_locale":"it_IT","og_type":"article","og_title":"Inverter ZCS Azzurro e V2C: integrazione per la ricarica smart","og_description":"Scopri come integrare l'inverter ZCS Azzurro con i caricatori V2C Trydan. Ottimizza il controllo dinamico della potenza e massimizza l'autoconsumo solare.","og_url":"https:\/\/v2charge.com\/it\/inverter-zcs-azzurro-v2c-trydan\/","og_site_name":"V2C","article_publisher":"https:\/\/www.facebook.com\/V2C.Charge","article_published_time":"2026-04-27T13:15:43+00:00","article_modified_time":"2026-04-27T13:15:45+00:00","og_image":[{"width":960,"height":560,"url":"https:\/\/v2charge.com\/wp-content\/uploads\/2026\/04\/inverter-azzurro-integrazione-trydan.jpg","type":"image\/jpeg"}],"author":"V2C","twitter_card":"summary_large_image","twitter_creator":"@V2C_Charge","twitter_site":"@V2C_Charge","twitter_misc":{"Scritto da":"V2C","Tempo di lettura stimato":"5 minuti"},"schema":{"@context":"https:\/\/schema.org","@graph":[{"@type":"Article","@id":"https:\/\/v2charge.com\/it\/inverter-zcs-azzurro-v2c-trydan\/#article","isPartOf":{"@id":"https:\/\/v2charge.com\/it\/inverter-zcs-azzurro-v2c-trydan\/"},"author":{"name":"V2C","@id":"https:\/\/v2charge.com\/it\/#\/schema\/person\/d6f210a94a856acdddec347b2127fd0f"},"headline":"Integrazione V2C e ZCS Azzurro: come ottimizzare il controllo di potenza dinamico e il surplus fotovoltaico","datePublished":"2026-04-27T13:15:43+00:00","dateModified":"2026-04-27T13:15:45+00:00","mainEntityOfPage":{"@id":"https:\/\/v2charge.com\/it\/inverter-zcs-azzurro-v2c-trydan\/"},"wordCount":918,"commentCount":0,"publisher":{"@id":"https:\/\/v2charge.com\/it\/#organization"},"image":{"@id":"https:\/\/v2charge.com\/it\/inverter-zcs-azzurro-v2c-trydan\/#primaryimage"},"thumbnailUrl":"https:\/\/v2charge.com\/wp-content\/uploads\/2026\/04\/inverter-azzurro-integrazione-trydan.jpg","articleSection":["e-Mobility"],"inLanguage":"it-IT","potentialAction":[{"@type":"CommentAction","name":"Comment","target":["https:\/\/v2charge.com\/it\/inverter-zcs-azzurro-v2c-trydan\/#respond"]}]},{"@type":"WebPage","@id":"https:\/\/v2charge.com\/it\/inverter-zcs-azzurro-v2c-trydan\/","url":"https:\/\/v2charge.com\/it\/inverter-zcs-azzurro-v2c-trydan\/","name":"Inverter ZCS Azzurro e V2C: integrazione per la ricarica smart","isPartOf":{"@id":"https:\/\/v2charge.com\/it\/#website"},"primaryImageOfPage":{"@id":"https:\/\/v2charge.com\/it\/inverter-zcs-azzurro-v2c-trydan\/#primaryimage"},"image":{"@id":"https:\/\/v2charge.com\/it\/inverter-zcs-azzurro-v2c-trydan\/#primaryimage"},"thumbnailUrl":"https:\/\/v2charge.com\/wp-content\/uploads\/2026\/04\/inverter-azzurro-integrazione-trydan.jpg","datePublished":"2026-04-27T13:15:43+00:00","dateModified":"2026-04-27T13:15:45+00:00","description":"Scopri come integrare l'inverter ZCS Azzurro con i caricatori V2C Trydan. Ottimizza il controllo dinamico della potenza e massimizza l'autoconsumo solare.","breadcrumb":{"@id":"https:\/\/v2charge.com\/it\/inverter-zcs-azzurro-v2c-trydan\/#breadcrumb"},"inLanguage":"it-IT","potentialAction":[{"@type":"ReadAction","target":["https:\/\/v2charge.com\/it\/inverter-zcs-azzurro-v2c-trydan\/"]}]},{"@type":"ImageObject","inLanguage":"it-IT","@id":"https:\/\/v2charge.com\/it\/inverter-zcs-azzurro-v2c-trydan\/#primaryimage","url":"https:\/\/v2charge.com\/wp-content\/uploads\/2026\/04\/inverter-azzurro-integrazione-trydan.jpg","contentUrl":"https:\/\/v2charge.com\/wp-content\/uploads\/2026\/04\/inverter-azzurro-integrazione-trydan.jpg","width":960,"height":560},{"@type":"BreadcrumbList","@id":"https:\/\/v2charge.com\/it\/inverter-zcs-azzurro-v2c-trydan\/#breadcrumb","itemListElement":[{"@type":"ListItem","position":1,"name":"V2C","item":"https:\/\/v2charge.com\/it\/"},{"@type":"ListItem","position":2,"name":"e-Mobility","item":"https:\/\/v2charge.com\/it\/e-mobility\/"},{"@type":"ListItem","position":3,"name":"Integrazione V2C e ZCS Azzurro: come ottimizzare il controllo di potenza dinamico e il surplus fotovoltaico"}]},{"@type":"WebSite","@id":"https:\/\/v2charge.com\/it\/#website","url":"https:\/\/v2charge.com\/it\/","name":"V2C","description":"#CargandoElMa\u00f1ana","publisher":{"@id":"https:\/\/v2charge.com\/it\/#organization"},"potentialAction":[{"@type":"SearchAction","target":{"@type":"EntryPoint","urlTemplate":"https:\/\/v2charge.com\/it\/?s={search_term_string}"},"query-input":{"@type":"PropertyValueSpecification","valueRequired":true,"valueName":"search_term_string"}}],"inLanguage":"it-IT"},{"@type":"Organization","@id":"https:\/\/v2charge.com\/it\/#organization","name":"V2C","url":"https:\/\/v2charge.com\/it\/","logo":{"@type":"ImageObject","inLanguage":"it-IT","@id":"https:\/\/v2charge.com\/it\/#\/schema\/logo\/image\/","url":"https:\/\/v2charge.com\/wp-content\/uploads\/2024\/11\/cropped-v2c-charge-logo-menu.png","contentUrl":"https:\/\/v2charge.com\/wp-content\/uploads\/2024\/11\/cropped-v2c-charge-logo-menu.png","width":984,"height":431,"caption":"V2C"},"image":{"@id":"https:\/\/v2charge.com\/it\/#\/schema\/logo\/image\/"},"sameAs":["https:\/\/www.facebook.com\/V2C.Charge","https:\/\/x.com\/V2C_Charge","https:\/\/www.instagram.com\/v2c.charge\/","https:\/\/www.youtube.com\/@V2C","https:\/\/www.linkedin.com\/company\/v2c-chargers\/"]},{"@type":"Person","@id":"https:\/\/v2charge.com\/it\/#\/schema\/person\/d6f210a94a856acdddec347b2127fd0f","name":"V2C","image":{"@type":"ImageObject","inLanguage":"it-IT","@id":"https:\/\/v2charge.com\/it\/#\/schema\/person\/image\/","url":"https:\/\/secure.gravatar.com\/avatar\/a91128c4c0d2f4d63bd586301fdec6cc9aa49c885839b25d1c62700f529f267c?s=96&d=mm&r=g","contentUrl":"https:\/\/secure.gravatar.com\/avatar\/a91128c4c0d2f4d63bd586301fdec6cc9aa49c885839b25d1c62700f529f267c?s=96&d=mm&r=g","caption":"V2C"}}]}},"uagb_featured_image_src":{"full":["https:\/\/v2charge.com\/wp-content\/uploads\/2026\/04\/inverter-azzurro-integrazione-trydan.jpg",960,560,false],"thumbnail":["https:\/\/v2charge.com\/wp-content\/uploads\/2026\/04\/inverter-azzurro-integrazione-trydan-150x150.jpg",150,150,true],"medium":["https:\/\/v2charge.com\/wp-content\/uploads\/2026\/04\/inverter-azzurro-integrazione-trydan-300x175.jpg",300,175,true],"medium_large":["https:\/\/v2charge.com\/wp-content\/uploads\/2026\/04\/inverter-azzurro-integrazione-trydan-768x448.jpg",768,448,true],"large":["https:\/\/v2charge.com\/wp-content\/uploads\/2026\/04\/inverter-azzurro-integrazione-trydan.jpg",960,560,false],"gs-tiny":["https:\/\/v2charge.com\/wp-content\/uploads\/2026\/04\/inverter-azzurro-integrazione-trydan-50x29.jpg",50,29,true],"xl":["https:\/\/v2charge.com\/wp-content\/uploads\/2026\/04\/inverter-azzurro-integrazione-trydan.jpg",960,560,false],"xxl":["https:\/\/v2charge.com\/wp-content\/uploads\/2026\/04\/inverter-azzurro-integrazione-trydan.jpg",960,560,false],"xxxl":["https:\/\/v2charge.com\/wp-content\/uploads\/2026\/04\/inverter-azzurro-integrazione-trydan.jpg",960,560,false],"xxxxl":["https:\/\/v2charge.com\/wp-content\/uploads\/2026\/04\/inverter-azzurro-integrazione-trydan.jpg",960,560,false],"xxxxxl":["https:\/\/v2charge.com\/wp-content\/uploads\/2026\/04\/inverter-azzurro-integrazione-trydan.jpg",960,560,false],"1536x1536":["https:\/\/v2charge.com\/wp-content\/uploads\/2026\/04\/inverter-azzurro-integrazione-trydan.jpg",960,560,false],"2048x2048":["https:\/\/v2charge.com\/wp-content\/uploads\/2026\/04\/inverter-azzurro-integrazione-trydan.jpg",960,560,false]},"uagb_author_info":{"display_name":"V2C","author_link":"https:\/\/v2charge.com\/it\/author\/marketing\/"},"uagb_comment_info":0,"uagb_excerpt":"In Italia il fotovoltaico continua a crescere: secondo i dati Terna, nel 2025 il parco fotovoltaico nazionale ha superato i 37 GW di potenza installata, confermando un ecosistema sempre pi\u00f9 maturo per l\u2019autoconsumo e la ricarica intelligente. In questo scenario, noi di V2C rendiamo ancora pi\u00f9 semplice coordinare energia solare e mobilit\u00e0 elettrica grazie all\u2019integrazione&hellip;","_links":{"self":[{"href":"https:\/\/v2charge.com\/it\/wp-json\/wp\/v2\/posts\/318787","targetHints":{"allow":["GET"]}}],"collection":[{"href":"https:\/\/v2charge.com\/it\/wp-json\/wp\/v2\/posts"}],"about":[{"href":"https:\/\/v2charge.com\/it\/wp-json\/wp\/v2\/types\/post"}],"author":[{"embeddable":true,"href":"https:\/\/v2charge.com\/it\/wp-json\/wp\/v2\/users\/400"}],"replies":[{"embeddable":true,"href":"https:\/\/v2charge.com\/it\/wp-json\/wp\/v2\/comments?post=318787"}],"version-history":[{"count":4,"href":"https:\/\/v2charge.com\/it\/wp-json\/wp\/v2\/posts\/318787\/revisions"}],"predecessor-version":[{"id":318845,"href":"https:\/\/v2charge.com\/it\/wp-json\/wp\/v2\/posts\/318787\/revisions\/318845"}],"wp:featuredmedia":[{"embeddable":true,"href":"https:\/\/v2charge.com\/it\/wp-json\/wp\/v2\/media\/318828"}],"wp:attachment":[{"href":"https:\/\/v2charge.com\/it\/wp-json\/wp\/v2\/media?parent=318787"}],"wp:term":[{"taxonomy":"category","embeddable":true,"href":"https:\/\/v2charge.com\/it\/wp-json\/wp\/v2\/categories?post=318787"},{"taxonomy":"post_tag","embeddable":true,"href":"https:\/\/v2charge.com\/it\/wp-json\/wp\/v2\/tags?post=318787"}],"curies":[{"name":"wp","href":"https:\/\/api.w.org\/{rel}","templated":true}]}}