{"id":122165,"date":"2023-07-03T10:00:00","date_gmt":"2023-07-03T10:00:00","guid":{"rendered":"https:\/\/v2charge.com\/?p=122165"},"modified":"2023-06-20T10:28:01","modified_gmt":"2023-06-20T10:28:01","slug":"comprar-carregador-portatil-veiculo-eletrico-dicas","status":"publish","type":"post","link":"https:\/\/v2charge.com\/pt-pt\/comprar-carregador-portatil-veiculo-eletrico-dicas\/","title":{"rendered":"Aspectos a considerar ao comprar um carregador port\u00e1til para carro el\u00e9trico"},"content":{"rendered":"\n<p>Estamos no meio do ver\u00e3o e provavelmente voc\u00ea est\u00e1 pensando em fazer algumas viagens. Se voc\u00ea possui um carro el\u00e9trico, a primeira coisa que voc\u00ea deve ter em mente \u00e9 qual a dist\u00e2ncia que pode percorrer com uma carga. Se voc\u00ea leu nosso artigo sobre a autonomia de um carro el\u00e9trico, sabe que, dependendo do modelo do seu ve\u00edculo, pode percorrer entre 150 km e 400 km com uma carga padr\u00e3o. Se planeja ir mais longe, voc\u00ea sempre pode<a href=\"https:\/\/v2charge.com\/pt-pt\/ev-portable\/\" title=\"ev portable v2c\"> adquirir um carregador port\u00e1til para carro el\u00e9trico<\/a> e viajar tranquilamente. Neste artigo, exploraremos os principais fatores que voc\u00ea deve considerar ao escolher o melhor carregador el\u00e9trico port\u00e1til para suas aventuras de ver\u00e3o.<\/p>\n\n\n\n<h2 class=\"wp-block-heading\">Pot\u00eancia e compatibilidade<\/h2>\n\n\n\n<p>Um dos aspectos mais importantes a se considerar ao escolher um carregador port\u00e1til para carro el\u00e9trico \u00e9 a <strong>pot\u00eancia de carregamento<\/strong> que ele oferece. Certifique-se de que o carregador seja capaz de fornecer a pot\u00eancia adequada para carregar seu ve\u00edculo el\u00e9trico de forma eficiente. Al\u00e9m disso, verifique se o carregador \u00e9 compat\u00edvel com o tipo de conector port\u00e1til usado pelo seu carro. Alguns carregadores v\u00eam com <strong>adaptadores intercambi\u00e1veis<\/strong> para se adequarem a diferentes tipos de conectores, o que pode ser especialmente \u00fatil se voc\u00ea planeja alugar ou compartilhar um ve\u00edculo el\u00e9trico durante suas viagens.<\/p>\n\n\n\n<h2 class=\"wp-block-heading\">Portabilidade e tamanho<\/h2>\n\n\n\n<p>Como voc\u00ea estar\u00e1 em movimento durante suas viagens de ver\u00e3o, \u00e9 essencial escolher um carregador port\u00e1til para carro el\u00e9trico <strong>que seja f\u00e1cil de transportar<\/strong>. Considere o tamanho e o peso do carregador, pois voc\u00ea n\u00e3o vai querer carregar um dispositivo volumoso que ocupe muito espa\u00e7o na sua bagagem. Opte por um carregador compacto e leve que caiba confortavelmente em sua mochila ou mala sem causar desconforto adicional.<\/p>\n\n\n\n<figure class=\"wp-block-image size-full\"><img decoding=\"async\" width=\"800\" height=\"550\" src=\"https:\/\/v2charge.com\/wp-content\/uploads\/2023\/04\/cargadores-v2c-portatil.jpg\" alt=\"cargador el\u00e9ctrico port\u00e1til\" class=\"wp-image-99195\" srcset=\"https:\/\/v2charge.com\/wp-content\/uploads\/2023\/04\/cargadores-v2c-portatil.jpg 800w, https:\/\/v2charge.com\/wp-content\/uploads\/2023\/04\/cargadores-v2c-portatil-300x206.jpg 300w, https:\/\/v2charge.com\/wp-content\/uploads\/2023\/04\/cargadores-v2c-portatil-768x528.jpg 768w, https:\/\/v2charge.com\/wp-content\/uploads\/2023\/04\/cargadores-v2c-portatil-570x392.jpg 570w\" sizes=\"(max-width: 800px) 100vw, 800px\" \/><\/figure>\n\n\n\n<h2 class=\"wp-block-heading\">Velocidade de carregamento<\/h2>\n\n\n\n<p>A velocidade de carregamento \u00e9 outro fator importante a ser considerado. Durante suas viagens, voc\u00ea pode ter tempo limitado para carregar seu ve\u00edculo el\u00e9trico, por isso um carregador que ofere\u00e7a um carregamento r\u00e1pido ser\u00e1 uma vantagem significativa. Procure por um carregador que seja <strong>compat\u00edvel com carregamento r\u00e1pido<\/strong> e que possa fornecer a velocidade m\u00e1xima de carregamento permitida pelo seu carro. Isso permitir\u00e1 que voc\u00ea aproveite ao m\u00e1ximo o tempo dispon\u00edvel e continue suas aventuras sem atrasos desnecess\u00e1rios.<\/p>\n\n\n\n<h2 class=\"wp-block-heading\">Recursos adicionais<\/h2>\n\n\n\n<p>Alguns carregadores el\u00e9tricos port\u00e1teis v\u00eam com recursos adicionais que podem tornar sua experi\u00eancia de carregamento mais conveniente. Por exemplo, alguns modelos t\u00eam telas que mostram o status do carregamento, fun\u00e7\u00f5es de desligamento autom\u00e1tico para evitar sobrecargas e prote\u00e7\u00e3o contra sobretens\u00f5es e curto-circuitos. Esses recursos podem <strong>adicionar valor<\/strong> e proporcionar tranquilidade enquanto voc\u00ea carrega seu ve\u00edculo el\u00e9trico em diferentes locais durante suas viagens.<\/p>\n\n\n\n<p>Ao escolher o melhor carregador el\u00e9trico port\u00e1til para suas viagens de ver\u00e3o, \u00e9 importante considerar fatores como pot\u00eancia e compatibilidade, portabilidade, velocidade de carregamento e recursos adicionais oferecidos pelo dispositivo. Fazendo uma escolha informada, voc\u00ea poder\u00e1 carregar seu ve\u00edculo el\u00e9trico de forma eficiente e aproveitar suas aventuras de ver\u00e3o sem preocupa\u00e7\u00f5es. Lembre-se de que um carregador port\u00e1til confi\u00e1vel e adequado para carros el\u00e9tricos <strong>\u00e9 um investimento que vale a pena<\/strong> para qualquer entusiasta de ve\u00edculos el\u00e9tricos que planeja viajar nesta temporada.<\/p>\n","protected":false},"excerpt":{"rendered":"<p>Estamos no meio do ver\u00e3o e provavelmente voc\u00ea est\u00e1 pensando em fazer algumas viagens. Se voc\u00ea possui um carro el\u00e9trico, a primeira coisa que voc\u00ea deve ter em mente \u00e9 qual a dist\u00e2ncia que pode percorrer com uma carga. Se voc\u00ea leu nosso artigo sobre a autonomia de um carro el\u00e9trico, sabe que, dependendo do &#8230; <a title=\"Aspectos a considerar ao comprar um carregador port\u00e1til para carro el\u00e9trico\" class=\"read-more\" href=\"https:\/\/v2charge.com\/pt-pt\/comprar-carregador-portatil-veiculo-eletrico-dicas\/\" aria-label=\"Leia mais sobre Aspectos a considerar ao comprar um carregador port\u00e1til para carro el\u00e9trico\">Ler mais<\/a><\/p>\n","protected":false},"author":400,"featured_media":106415,"comment_status":"open","ping_status":"open","sticky":false,"template":"","format":"standard","meta":{"_eb_attr":"","content-type":"","_uag_custom_page_level_css":"","footnotes":""},"categories":[6],"tags":[],"class_list":["post-122165","post","type-post","status-publish","format-standard","has-post-thumbnail","hentry","category-e-mobility"],"yoast_head":"<!-- This site is optimized with the Yoast SEO plugin v25.3.1 - https:\/\/yoast.com\/wordpress\/plugins\/seo\/ -->\n<title>Carregador Port\u00e1til para Carro El\u00e9trico \u25b7 Dicas para Comprar<\/title>\n<meta name=\"description\" content=\"H\u00e1 certos aspectos a considerar ao comprar um carregador port\u00e1til para carros el\u00e9tricos. Vamos lhe dar algumas dicas para que voc\u00ea escolha o melhor.\" \/>\n<meta name=\"robots\" content=\"index, follow, max-snippet:-1, max-image-preview:large, max-video-preview:-1\" \/>\n<link rel=\"canonical\" href=\"https:\/\/v2charge.com\/pt-pt\/comprar-carregador-portatil-veiculo-eletrico-dicas\/\" \/>\n<meta property=\"og:locale\" content=\"pt_PT\" \/>\n<meta property=\"og:type\" content=\"article\" \/>\n<meta property=\"og:title\" content=\"Carregador Port\u00e1til para Carro El\u00e9trico \u25b7 Dicas para Comprar\" \/>\n<meta property=\"og:description\" content=\"H\u00e1 certos aspectos a considerar ao comprar um carregador port\u00e1til para carros el\u00e9tricos. Vamos lhe dar algumas dicas para que voc\u00ea escolha o melhor.\" \/>\n<meta property=\"og:url\" content=\"https:\/\/v2charge.com\/pt-pt\/comprar-carregador-portatil-veiculo-eletrico-dicas\/\" \/>\n<meta property=\"og:site_name\" content=\"V2C\" \/>\n<meta property=\"article:publisher\" content=\"https:\/\/www.facebook.com\/V2C.Charge\" \/>\n<meta property=\"article:published_time\" content=\"2023-07-03T10:00:00+00:00\" \/>\n<meta property=\"og:image\" content=\"https:\/\/v2charge.com\/wp-content\/uploads\/2023\/06\/elegir-cargador-portatil-coche-electrico.jpg\" \/>\n\t<meta property=\"og:image:width\" content=\"1200\" \/>\n\t<meta property=\"og:image:height\" content=\"700\" \/>\n\t<meta property=\"og:image:type\" content=\"image\/jpeg\" \/>\n<meta name=\"author\" content=\"V2C\" \/>\n<meta name=\"twitter:card\" content=\"summary_large_image\" \/>\n<meta name=\"twitter:creator\" content=\"@V2C_Charge\" \/>\n<meta name=\"twitter:site\" content=\"@V2C_Charge\" \/>\n<meta name=\"twitter:label1\" content=\"Escrito por\" \/>\n\t<meta name=\"twitter:data1\" content=\"V2C\" \/>\n\t<meta name=\"twitter:label2\" content=\"Tempo estimado de leitura\" \/>\n\t<meta name=\"twitter:data2\" content=\"3 minutos\" \/>\n<script type=\"application\/ld+json\" class=\"yoast-schema-graph\">{\"@context\":\"https:\/\/schema.org\",\"@graph\":[{\"@type\":\"Article\",\"@id\":\"https:\/\/v2charge.com\/pt-pt\/comprar-carregador-portatil-veiculo-eletrico-dicas\/#article\",\"isPartOf\":{\"@id\":\"https:\/\/v2charge.com\/pt-pt\/comprar-carregador-portatil-veiculo-eletrico-dicas\/\"},\"author\":{\"name\":\"V2C\",\"@id\":\"https:\/\/v2charge.com\/pt-pt\/#\/schema\/person\/d6f210a94a856acdddec347b2127fd0f\"},\"headline\":\"Aspectos a considerar ao comprar um carregador port\u00e1til para carro el\u00e9trico\",\"datePublished\":\"2023-07-03T10:00:00+00:00\",\"mainEntityOfPage\":{\"@id\":\"https:\/\/v2charge.com\/pt-pt\/comprar-carregador-portatil-veiculo-eletrico-dicas\/\"},\"wordCount\":572,\"commentCount\":0,\"publisher\":{\"@id\":\"https:\/\/v2charge.com\/pt-pt\/#organization\"},\"image\":{\"@id\":\"https:\/\/v2charge.com\/pt-pt\/comprar-carregador-portatil-veiculo-eletrico-dicas\/#primaryimage\"},\"thumbnailUrl\":\"https:\/\/v2charge.com\/wp-content\/uploads\/2023\/06\/elegir-cargador-portatil-coche-electrico.jpg\",\"articleSection\":[\"e-mobility\"],\"inLanguage\":\"pt-PT\",\"potentialAction\":[{\"@type\":\"CommentAction\",\"name\":\"Comment\",\"target\":[\"https:\/\/v2charge.com\/pt-pt\/comprar-carregador-portatil-veiculo-eletrico-dicas\/#respond\"]}]},{\"@type\":\"WebPage\",\"@id\":\"https:\/\/v2charge.com\/pt-pt\/comprar-carregador-portatil-veiculo-eletrico-dicas\/\",\"url\":\"https:\/\/v2charge.com\/pt-pt\/comprar-carregador-portatil-veiculo-eletrico-dicas\/\",\"name\":\"Carregador Port\u00e1til para Carro El\u00e9trico \u25b7 Dicas para Comprar\",\"isPartOf\":{\"@id\":\"https:\/\/v2charge.com\/pt-pt\/#website\"},\"primaryImageOfPage\":{\"@id\":\"https:\/\/v2charge.com\/pt-pt\/comprar-carregador-portatil-veiculo-eletrico-dicas\/#primaryimage\"},\"image\":{\"@id\":\"https:\/\/v2charge.com\/pt-pt\/comprar-carregador-portatil-veiculo-eletrico-dicas\/#primaryimage\"},\"thumbnailUrl\":\"https:\/\/v2charge.com\/wp-content\/uploads\/2023\/06\/elegir-cargador-portatil-coche-electrico.jpg\",\"datePublished\":\"2023-07-03T10:00:00+00:00\",\"description\":\"H\u00e1 certos aspectos a considerar ao comprar um carregador port\u00e1til para carros el\u00e9tricos. Vamos lhe dar algumas dicas para que voc\u00ea escolha o melhor.\",\"breadcrumb\":{\"@id\":\"https:\/\/v2charge.com\/pt-pt\/comprar-carregador-portatil-veiculo-eletrico-dicas\/#breadcrumb\"},\"inLanguage\":\"pt-PT\",\"potentialAction\":[{\"@type\":\"ReadAction\",\"target\":[\"https:\/\/v2charge.com\/pt-pt\/comprar-carregador-portatil-veiculo-eletrico-dicas\/\"]}]},{\"@type\":\"ImageObject\",\"inLanguage\":\"pt-PT\",\"@id\":\"https:\/\/v2charge.com\/pt-pt\/comprar-carregador-portatil-veiculo-eletrico-dicas\/#primaryimage\",\"url\":\"https:\/\/v2charge.com\/wp-content\/uploads\/2023\/06\/elegir-cargador-portatil-coche-electrico.jpg\",\"contentUrl\":\"https:\/\/v2charge.com\/wp-content\/uploads\/2023\/06\/elegir-cargador-portatil-coche-electrico.jpg\",\"width\":1200,\"height\":700,\"caption\":\"elegir cargador port\u00e1til para coche el\u00e9ctrico\"},{\"@type\":\"BreadcrumbList\",\"@id\":\"https:\/\/v2charge.com\/pt-pt\/comprar-carregador-portatil-veiculo-eletrico-dicas\/#breadcrumb\",\"itemListElement\":[{\"@type\":\"ListItem\",\"position\":1,\"name\":\"V2C\",\"item\":\"https:\/\/v2charge.com\/pt-pt\/\"},{\"@type\":\"ListItem\",\"position\":2,\"name\":\"e-Mobility\",\"item\":\"https:\/\/v2charge.com\/pt-pt\/e-mobility\/\"},{\"@type\":\"ListItem\",\"position\":3,\"name\":\"Aspectos a considerar ao comprar um carregador port\u00e1til para carro el\u00e9trico\"}]},{\"@type\":\"WebSite\",\"@id\":\"https:\/\/v2charge.com\/pt-pt\/#website\",\"url\":\"https:\/\/v2charge.com\/pt-pt\/\",\"name\":\"V2C\",\"description\":\"#CargandoElMa\u00f1ana\",\"publisher\":{\"@id\":\"https:\/\/v2charge.com\/pt-pt\/#organization\"},\"potentialAction\":[{\"@type\":\"SearchAction\",\"target\":{\"@type\":\"EntryPoint\",\"urlTemplate\":\"https:\/\/v2charge.com\/pt-pt\/?s={search_term_string}\"},\"query-input\":{\"@type\":\"PropertyValueSpecification\",\"valueRequired\":true,\"valueName\":\"search_term_string\"}}],\"inLanguage\":\"pt-PT\"},{\"@type\":\"Organization\",\"@id\":\"https:\/\/v2charge.com\/pt-pt\/#organization\",\"name\":\"V2C\",\"url\":\"https:\/\/v2charge.com\/pt-pt\/\",\"logo\":{\"@type\":\"ImageObject\",\"inLanguage\":\"pt-PT\",\"@id\":\"https:\/\/v2charge.com\/pt-pt\/#\/schema\/logo\/image\/\",\"url\":\"https:\/\/v2charge.com\/wp-content\/uploads\/2024\/11\/cropped-v2c-charge-logo-menu.png\",\"contentUrl\":\"https:\/\/v2charge.com\/wp-content\/uploads\/2024\/11\/cropped-v2c-charge-logo-menu.png\",\"width\":984,\"height\":431,\"caption\":\"V2C\"},\"image\":{\"@id\":\"https:\/\/v2charge.com\/pt-pt\/#\/schema\/logo\/image\/\"},\"sameAs\":[\"https:\/\/www.facebook.com\/V2C.Charge\",\"https:\/\/x.com\/V2C_Charge\",\"https:\/\/www.instagram.com\/v2c.charge\/\",\"https:\/\/www.youtube.com\/@V2C\",\"https:\/\/www.linkedin.com\/company\/v2c-chargers\/\"]},{\"@type\":\"Person\",\"@id\":\"https:\/\/v2charge.com\/pt-pt\/#\/schema\/person\/d6f210a94a856acdddec347b2127fd0f\",\"name\":\"V2C\",\"image\":{\"@type\":\"ImageObject\",\"inLanguage\":\"pt-PT\",\"@id\":\"https:\/\/v2charge.com\/pt-pt\/#\/schema\/person\/image\/\",\"url\":\"https:\/\/secure.gravatar.com\/avatar\/a91128c4c0d2f4d63bd586301fdec6cc9aa49c885839b25d1c62700f529f267c?s=96&d=mm&r=g\",\"contentUrl\":\"https:\/\/secure.gravatar.com\/avatar\/a91128c4c0d2f4d63bd586301fdec6cc9aa49c885839b25d1c62700f529f267c?s=96&d=mm&r=g\",\"caption\":\"V2C\"}}]}<\/script>\n<!-- \/ Yoast SEO plugin. -->","yoast_head_json":{"title":"Carregador Port\u00e1til para Carro El\u00e9trico \u25b7 Dicas para Comprar","description":"H\u00e1 certos aspectos a considerar ao comprar um carregador port\u00e1til para carros el\u00e9tricos. Vamos lhe dar algumas dicas para que voc\u00ea escolha o melhor.","robots":{"index":"index","follow":"follow","max-snippet":"max-snippet:-1","max-image-preview":"max-image-preview:large","max-video-preview":"max-video-preview:-1"},"canonical":"https:\/\/v2charge.com\/pt-pt\/comprar-carregador-portatil-veiculo-eletrico-dicas\/","og_locale":"pt_PT","og_type":"article","og_title":"Carregador Port\u00e1til para Carro El\u00e9trico \u25b7 Dicas para Comprar","og_description":"H\u00e1 certos aspectos a considerar ao comprar um carregador port\u00e1til para carros el\u00e9tricos. Vamos lhe dar algumas dicas para que voc\u00ea escolha o melhor.","og_url":"https:\/\/v2charge.com\/pt-pt\/comprar-carregador-portatil-veiculo-eletrico-dicas\/","og_site_name":"V2C","article_publisher":"https:\/\/www.facebook.com\/V2C.Charge","article_published_time":"2023-07-03T10:00:00+00:00","og_image":[{"width":1200,"height":700,"url":"https:\/\/v2charge.com\/wp-content\/uploads\/2023\/06\/elegir-cargador-portatil-coche-electrico.jpg","type":"image\/jpeg"}],"author":"V2C","twitter_card":"summary_large_image","twitter_creator":"@V2C_Charge","twitter_site":"@V2C_Charge","twitter_misc":{"Escrito por":"V2C","Tempo estimado de leitura":"3 minutos"},"schema":{"@context":"https:\/\/schema.org","@graph":[{"@type":"Article","@id":"https:\/\/v2charge.com\/pt-pt\/comprar-carregador-portatil-veiculo-eletrico-dicas\/#article","isPartOf":{"@id":"https:\/\/v2charge.com\/pt-pt\/comprar-carregador-portatil-veiculo-eletrico-dicas\/"},"author":{"name":"V2C","@id":"https:\/\/v2charge.com\/pt-pt\/#\/schema\/person\/d6f210a94a856acdddec347b2127fd0f"},"headline":"Aspectos a considerar ao comprar um carregador port\u00e1til para carro el\u00e9trico","datePublished":"2023-07-03T10:00:00+00:00","mainEntityOfPage":{"@id":"https:\/\/v2charge.com\/pt-pt\/comprar-carregador-portatil-veiculo-eletrico-dicas\/"},"wordCount":572,"commentCount":0,"publisher":{"@id":"https:\/\/v2charge.com\/pt-pt\/#organization"},"image":{"@id":"https:\/\/v2charge.com\/pt-pt\/comprar-carregador-portatil-veiculo-eletrico-dicas\/#primaryimage"},"thumbnailUrl":"https:\/\/v2charge.com\/wp-content\/uploads\/2023\/06\/elegir-cargador-portatil-coche-electrico.jpg","articleSection":["e-mobility"],"inLanguage":"pt-PT","potentialAction":[{"@type":"CommentAction","name":"Comment","target":["https:\/\/v2charge.com\/pt-pt\/comprar-carregador-portatil-veiculo-eletrico-dicas\/#respond"]}]},{"@type":"WebPage","@id":"https:\/\/v2charge.com\/pt-pt\/comprar-carregador-portatil-veiculo-eletrico-dicas\/","url":"https:\/\/v2charge.com\/pt-pt\/comprar-carregador-portatil-veiculo-eletrico-dicas\/","name":"Carregador Port\u00e1til para Carro El\u00e9trico \u25b7 Dicas para Comprar","isPartOf":{"@id":"https:\/\/v2charge.com\/pt-pt\/#website"},"primaryImageOfPage":{"@id":"https:\/\/v2charge.com\/pt-pt\/comprar-carregador-portatil-veiculo-eletrico-dicas\/#primaryimage"},"image":{"@id":"https:\/\/v2charge.com\/pt-pt\/comprar-carregador-portatil-veiculo-eletrico-dicas\/#primaryimage"},"thumbnailUrl":"https:\/\/v2charge.com\/wp-content\/uploads\/2023\/06\/elegir-cargador-portatil-coche-electrico.jpg","datePublished":"2023-07-03T10:00:00+00:00","description":"H\u00e1 certos aspectos a considerar ao comprar um carregador port\u00e1til para carros el\u00e9tricos. Vamos lhe dar algumas dicas para que voc\u00ea escolha o melhor.","breadcrumb":{"@id":"https:\/\/v2charge.com\/pt-pt\/comprar-carregador-portatil-veiculo-eletrico-dicas\/#breadcrumb"},"inLanguage":"pt-PT","potentialAction":[{"@type":"ReadAction","target":["https:\/\/v2charge.com\/pt-pt\/comprar-carregador-portatil-veiculo-eletrico-dicas\/"]}]},{"@type":"ImageObject","inLanguage":"pt-PT","@id":"https:\/\/v2charge.com\/pt-pt\/comprar-carregador-portatil-veiculo-eletrico-dicas\/#primaryimage","url":"https:\/\/v2charge.com\/wp-content\/uploads\/2023\/06\/elegir-cargador-portatil-coche-electrico.jpg","contentUrl":"https:\/\/v2charge.com\/wp-content\/uploads\/2023\/06\/elegir-cargador-portatil-coche-electrico.jpg","width":1200,"height":700,"caption":"elegir cargador port\u00e1til para coche el\u00e9ctrico"},{"@type":"BreadcrumbList","@id":"https:\/\/v2charge.com\/pt-pt\/comprar-carregador-portatil-veiculo-eletrico-dicas\/#breadcrumb","itemListElement":[{"@type":"ListItem","position":1,"name":"V2C","item":"https:\/\/v2charge.com\/pt-pt\/"},{"@type":"ListItem","position":2,"name":"e-Mobility","item":"https:\/\/v2charge.com\/pt-pt\/e-mobility\/"},{"@type":"ListItem","position":3,"name":"Aspectos a considerar ao comprar um carregador port\u00e1til para carro el\u00e9trico"}]},{"@type":"WebSite","@id":"https:\/\/v2charge.com\/pt-pt\/#website","url":"https:\/\/v2charge.com\/pt-pt\/","name":"V2C","description":"#CargandoElMa\u00f1ana","publisher":{"@id":"https:\/\/v2charge.com\/pt-pt\/#organization"},"potentialAction":[{"@type":"SearchAction","target":{"@type":"EntryPoint","urlTemplate":"https:\/\/v2charge.com\/pt-pt\/?s={search_term_string}"},"query-input":{"@type":"PropertyValueSpecification","valueRequired":true,"valueName":"search_term_string"}}],"inLanguage":"pt-PT"},{"@type":"Organization","@id":"https:\/\/v2charge.com\/pt-pt\/#organization","name":"V2C","url":"https:\/\/v2charge.com\/pt-pt\/","logo":{"@type":"ImageObject","inLanguage":"pt-PT","@id":"https:\/\/v2charge.com\/pt-pt\/#\/schema\/logo\/image\/","url":"https:\/\/v2charge.com\/wp-content\/uploads\/2024\/11\/cropped-v2c-charge-logo-menu.png","contentUrl":"https:\/\/v2charge.com\/wp-content\/uploads\/2024\/11\/cropped-v2c-charge-logo-menu.png","width":984,"height":431,"caption":"V2C"},"image":{"@id":"https:\/\/v2charge.com\/pt-pt\/#\/schema\/logo\/image\/"},"sameAs":["https:\/\/www.facebook.com\/V2C.Charge","https:\/\/x.com\/V2C_Charge","https:\/\/www.instagram.com\/v2c.charge\/","https:\/\/www.youtube.com\/@V2C","https:\/\/www.linkedin.com\/company\/v2c-chargers\/"]},{"@type":"Person","@id":"https:\/\/v2charge.com\/pt-pt\/#\/schema\/person\/d6f210a94a856acdddec347b2127fd0f","name":"V2C","image":{"@type":"ImageObject","inLanguage":"pt-PT","@id":"https:\/\/v2charge.com\/pt-pt\/#\/schema\/person\/image\/","url":"https:\/\/secure.gravatar.com\/avatar\/a91128c4c0d2f4d63bd586301fdec6cc9aa49c885839b25d1c62700f529f267c?s=96&d=mm&r=g","contentUrl":"https:\/\/secure.gravatar.com\/avatar\/a91128c4c0d2f4d63bd586301fdec6cc9aa49c885839b25d1c62700f529f267c?s=96&d=mm&r=g","caption":"V2C"}}]}},"uagb_featured_image_src":{"full":["https:\/\/v2charge.com\/wp-content\/uploads\/2023\/06\/elegir-cargador-portatil-coche-electrico.jpg",1200,700,false],"thumbnail":["https:\/\/v2charge.com\/wp-content\/uploads\/2023\/06\/elegir-cargador-portatil-coche-electrico-150x150.jpg",150,150,true],"medium":["https:\/\/v2charge.com\/wp-content\/uploads\/2023\/06\/elegir-cargador-portatil-coche-electrico-300x175.jpg",300,175,true],"medium_large":["https:\/\/v2charge.com\/wp-content\/uploads\/2023\/06\/elegir-cargador-portatil-coche-electrico-768x448.jpg",768,448,true],"large":["https:\/\/v2charge.com\/wp-content\/uploads\/2023\/06\/elegir-cargador-portatil-coche-electrico-1024x597.jpg",1024,597,true],"gs-tiny":["https:\/\/v2charge.com\/wp-content\/uploads\/2023\/06\/elegir-cargador-portatil-coche-electrico.jpg",50,29,false],"xl":["https:\/\/v2charge.com\/wp-content\/uploads\/2023\/06\/elegir-cargador-portatil-coche-electrico.jpg",1200,700,false],"xxl":["https:\/\/v2charge.com\/wp-content\/uploads\/2023\/06\/elegir-cargador-portatil-coche-electrico.jpg",1200,700,false],"xxxl":["https:\/\/v2charge.com\/wp-content\/uploads\/2023\/06\/elegir-cargador-portatil-coche-electrico.jpg",1200,700,false],"xxxxl":["https:\/\/v2charge.com\/wp-content\/uploads\/2023\/06\/elegir-cargador-portatil-coche-electrico.jpg",1200,700,false],"xxxxxl":["https:\/\/v2charge.com\/wp-content\/uploads\/2023\/06\/elegir-cargador-portatil-coche-electrico.jpg",1200,700,false],"1536x1536":["https:\/\/v2charge.com\/wp-content\/uploads\/2023\/06\/elegir-cargador-portatil-coche-electrico.jpg",1200,700,false],"2048x2048":["https:\/\/v2charge.com\/wp-content\/uploads\/2023\/06\/elegir-cargador-portatil-coche-electrico.jpg",1200,700,false]},"uagb_author_info":{"display_name":"V2C","author_link":"https:\/\/v2charge.com\/pt-pt\/author\/marketing\/"},"uagb_comment_info":0,"uagb_excerpt":"Estamos no meio do ver\u00e3o e provavelmente voc\u00ea est\u00e1 pensando em fazer algumas viagens. Se voc\u00ea possui um carro el\u00e9trico, a primeira coisa que voc\u00ea deve ter em mente \u00e9 qual a dist\u00e2ncia que pode percorrer com uma carga. Se voc\u00ea leu nosso artigo sobre a autonomia de um carro el\u00e9trico, sabe que, dependendo do&hellip;","_links":{"self":[{"href":"https:\/\/v2charge.com\/pt-pt\/wp-json\/wp\/v2\/posts\/122165","targetHints":{"allow":["GET"]}}],"collection":[{"href":"https:\/\/v2charge.com\/pt-pt\/wp-json\/wp\/v2\/posts"}],"about":[{"href":"https:\/\/v2charge.com\/pt-pt\/wp-json\/wp\/v2\/types\/post"}],"author":[{"embeddable":true,"href":"https:\/\/v2charge.com\/pt-pt\/wp-json\/wp\/v2\/users\/400"}],"replies":[{"embeddable":true,"href":"https:\/\/v2charge.com\/pt-pt\/wp-json\/wp\/v2\/comments?post=122165"}],"version-history":[{"count":0,"href":"https:\/\/v2charge.com\/pt-pt\/wp-json\/wp\/v2\/posts\/122165\/revisions"}],"wp:featuredmedia":[{"embeddable":true,"href":"https:\/\/v2charge.com\/pt-pt\/wp-json\/wp\/v2\/media\/106415"}],"wp:attachment":[{"href":"https:\/\/v2charge.com\/pt-pt\/wp-json\/wp\/v2\/media?parent=122165"}],"wp:term":[{"taxonomy":"category","embeddable":true,"href":"https:\/\/v2charge.com\/pt-pt\/wp-json\/wp\/v2\/categories?post=122165"},{"taxonomy":"post_tag","embeddable":true,"href":"https:\/\/v2charge.com\/pt-pt\/wp-json\/wp\/v2\/tags?post=122165"}],"curies":[{"name":"wp","href":"https:\/\/api.w.org\/{rel}","templated":true}]}}