{"id":143501,"date":"2024-03-28T10:17:47","date_gmt":"2024-03-28T08:17:47","guid":{"rendered":"https:\/\/v2charge.com\/solar-solutions-amsterdam\/"},"modified":"2024-03-28T11:58:29","modified_gmt":"2024-03-28T09:58:29","slug":"solar-solutions-amsterdao","status":"publish","type":"post","link":"https:\/\/v2charge.com\/pt-pt\/solar-solutions-amsterdao\/","title":{"rendered":"V2C e ChargeTech, presentes na maior exposi\u00e7\u00e3o de energia solar do noroeste da Europa"},"content":{"rendered":"\n<p>A V2C participou na <strong>Solar Solutions Amesterd\u00e3o<\/strong>, a principal feira de energia solar do noroeste da Europa. Em colabora\u00e7\u00e3o com o nosso distribuidor oficial nos Pa\u00edses Baixos, a <strong>ChargeTech<\/strong>, demos a conhecer a integra\u00e7\u00e3o dos nossos <strong><a href=\"https:\/\/v2charge.com\/pt-pt\/e-chargers\/\">e-Chargers inteligentes<\/a> com energias renov\u00e1veis<\/strong>, marcando um marco na transi\u00e7\u00e3o para uma mobilidade mais sustent\u00e1vel.<\/p>\n\n\n\n<p>A Expo Grande Amesterd\u00e3o foi o cen\u00e1rio perfeito para mostrar como os carregadores V2C est\u00e3o a <strong>contribuir para um futuro mais limpo e eficiente<\/strong>. Os visitantes tiveram a oportunidade de explorar de perto a nossa gama de produtos e experimentar em primeira m\u00e3o <strong>como a tecnologia da V2C est\u00e1 a transformar a forma como carregamos os nossos ve\u00edculos el\u00e9tricos<\/strong>, com foco na otimiza\u00e7\u00e3o da energia solar.<\/p>\n\n\n\n<figure class=\"wp-block-image size-full\"><img decoding=\"async\" width=\"800\" height=\"600\" src=\"https:\/\/v2charge.com\/wp-content\/uploads\/2024\/03\/solar-solutions-2024.jpg\" alt=\"Solar Solutions \u00c1msterdam\" class=\"wp-image-143469\" srcset=\"https:\/\/v2charge.com\/wp-content\/uploads\/2024\/03\/solar-solutions-2024.jpg 800w, https:\/\/v2charge.com\/wp-content\/uploads\/2024\/03\/solar-solutions-2024-300x225.jpg 300w, https:\/\/v2charge.com\/wp-content\/uploads\/2024\/03\/solar-solutions-2024-768x576.jpg 768w\" sizes=\"(max-width: 800px) 100vw, 800px\" \/><\/figure>\n\n\n\n<h2 class=\"wp-block-heading\">Uso de energias renov\u00e1veis<\/h2>\n\n\n\n<p>Num mundo onde a sustentabilidade \u00e9 cada vez mais crucial, a <strong>V2C est\u00e1 a liderar o caminho ao oferecer solu\u00e7\u00f5es que aproveitam ao m\u00e1ximo a energia solar<\/strong>. Os nossos carregadores inteligentes s\u00e3o projetados para otimizar o carregamento, garantindo uma utiliza\u00e7\u00e3o eficiente da energia gerada a partir de fontes renov\u00e1veis, o que reduz ainda mais a pegada de carbono da mobilidade el\u00e9trica.<\/p>\n\n\n\n<h2 class=\"wp-block-heading\">Colabora\u00e7\u00e3o com a ChargeTech<\/h2>\n\n\n\n<p>A colabora\u00e7\u00e3o com a ChargeTech, o nosso distribuidor oficial nos Pa\u00edses Baixos, destacou a expans\u00e3o internacional da V2C. Estamos orgulhosos de nos associarmos a empresas empenhadas na promo\u00e7\u00e3o da mobilidade el\u00e9trica e na <strong>ado\u00e7\u00e3o de energias renov\u00e1veis em todo o mundo<\/strong>. Esta parceria n\u00e3o s\u00f3 fortalece a nossa presen\u00e7a nos Pa\u00edses Baixos, mas tamb\u00e9m nos posiciona como um ator-chave no mercado global de ve\u00edculos el\u00e9tricos e tecnologias de carregamento.<\/p>\n\n\n\n<figure class=\"wp-block-image size-full\"><img decoding=\"async\" width=\"800\" height=\"600\" src=\"https:\/\/v2charge.com\/wp-content\/uploads\/2024\/03\/solar-solutions-chargetech.jpg\" alt=\"Solar Solutions \u00c1msterdam V2C - ChargeTech\" class=\"wp-image-143481\" srcset=\"https:\/\/v2charge.com\/wp-content\/uploads\/2024\/03\/solar-solutions-chargetech.jpg 800w, https:\/\/v2charge.com\/wp-content\/uploads\/2024\/03\/solar-solutions-chargetech-300x225.jpg 300w, https:\/\/v2charge.com\/wp-content\/uploads\/2024\/03\/solar-solutions-chargetech-768x576.jpg 768w\" sizes=\"(max-width: 800px) 100vw, 800px\" \/><\/figure>\n\n\n\n<p>A Expo Grande Amesterd\u00e3o foi um testemunho do compromisso da V2C com a inova\u00e7\u00e3o, a sustentabilidade e a colabora\u00e7\u00e3o. Mantemo-nos comprometidos com o nosso objetivo de <strong>impulsionar a ado\u00e7\u00e3o de ve\u00edculos el\u00e9tricos e contribuir para a constru\u00e7\u00e3o de um futuro mais verde<\/strong> e pr\u00f3spero para todos.<\/p>\n\n\n\n<p>Se perdeste a Expo Grande Amesterd\u00e3o, n\u00e3o te preocupes! Mant\u00e9m-te atento \u00e0s nossas pr\u00f3ximas participa\u00e7\u00f5es em eventos similares e descobre como os carregadores V2C est\u00e3o a liderar a revolu\u00e7\u00e3o da mobilidade el\u00e9trica em todo o mundo. <strong>Juntos, carregamos o amanh\u00e3.<\/strong><\/p>\n","protected":false},"excerpt":{"rendered":"<p>A V2C participou na Solar Solutions Amesterd\u00e3o, a principal feira de energia solar do noroeste da Europa. Em colabora\u00e7\u00e3o com o nosso distribuidor oficial nos Pa\u00edses Baixos, a ChargeTech, demos a conhecer a integra\u00e7\u00e3o dos nossos e-Chargers inteligentes com energias renov\u00e1veis, marcando um marco na transi\u00e7\u00e3o para uma mobilidade mais sustent\u00e1vel. A Expo Grande Amesterd\u00e3o &#8230; <a title=\"V2C e ChargeTech, presentes na maior exposi\u00e7\u00e3o de energia solar do noroeste da Europa\" class=\"read-more\" href=\"https:\/\/v2charge.com\/pt-pt\/solar-solutions-amsterdao\/\" aria-label=\"Leia mais sobre V2C e ChargeTech, presentes na maior exposi\u00e7\u00e3o de energia solar do noroeste da Europa\">Ler mais<\/a><\/p>\n","protected":false},"author":400,"featured_media":143465,"comment_status":"open","ping_status":"open","sticky":false,"template":"","format":"standard","meta":{"_eb_attr":"","content-type":"","_uag_custom_page_level_css":"","footnotes":""},"categories":[152],"tags":[],"class_list":["post-143501","post","type-post","status-publish","format-standard","has-post-thumbnail","hentry","category-noticias-v2c"],"yoast_head":"<!-- This site is optimized with the Yoast SEO plugin v25.3.1 - https:\/\/yoast.com\/wordpress\/plugins\/seo\/ -->\n<title>V2C e ChargeTech, presentes na Solar Solutions Amesterd\u00e3o<\/title>\n<meta name=\"description\" content=\"V2C e ChargeTech participam na Solar Solutions Amesterd\u00e3o, a principal feira de energia solar do noroeste da Europa.\" \/>\n<meta name=\"robots\" content=\"index, follow, max-snippet:-1, max-image-preview:large, max-video-preview:-1\" \/>\n<link rel=\"canonical\" href=\"https:\/\/v2charge.com\/pt-pt\/solar-solutions-amsterdao\/\" \/>\n<meta property=\"og:locale\" content=\"pt_PT\" \/>\n<meta property=\"og:type\" content=\"article\" \/>\n<meta property=\"og:title\" content=\"V2C e ChargeTech, presentes na Solar Solutions Amesterd\u00e3o\" \/>\n<meta property=\"og:description\" content=\"V2C e ChargeTech participam na Solar Solutions Amesterd\u00e3o, a principal feira de energia solar do noroeste da Europa.\" \/>\n<meta property=\"og:url\" content=\"https:\/\/v2charge.com\/pt-pt\/solar-solutions-amsterdao\/\" \/>\n<meta property=\"og:site_name\" content=\"V2C\" \/>\n<meta property=\"article:publisher\" content=\"https:\/\/www.facebook.com\/V2C.Charge\" \/>\n<meta property=\"article:published_time\" content=\"2024-03-28T08:17:47+00:00\" \/>\n<meta property=\"article:modified_time\" content=\"2024-03-28T09:58:29+00:00\" \/>\n<meta property=\"og:image\" content=\"https:\/\/v2charge.com\/wp-content\/uploads\/2024\/03\/solar-solutions.jpg\" \/>\n\t<meta property=\"og:image:width\" content=\"1200\" \/>\n\t<meta property=\"og:image:height\" content=\"700\" \/>\n\t<meta property=\"og:image:type\" content=\"image\/jpeg\" \/>\n<meta name=\"author\" content=\"V2C\" \/>\n<meta name=\"twitter:card\" content=\"summary_large_image\" \/>\n<meta name=\"twitter:creator\" content=\"@V2C_Charge\" \/>\n<meta name=\"twitter:site\" content=\"@V2C_Charge\" \/>\n<meta name=\"twitter:label1\" content=\"Escrito por\" \/>\n\t<meta name=\"twitter:data1\" content=\"V2C\" \/>\n\t<meta name=\"twitter:label2\" content=\"Tempo estimado de leitura\" \/>\n\t<meta name=\"twitter:data2\" content=\"3 minutos\" \/>\n<script type=\"application\/ld+json\" class=\"yoast-schema-graph\">{\"@context\":\"https:\/\/schema.org\",\"@graph\":[{\"@type\":\"Article\",\"@id\":\"https:\/\/v2charge.com\/pt-pt\/solar-solutions-amsterdao\/#article\",\"isPartOf\":{\"@id\":\"https:\/\/v2charge.com\/pt-pt\/solar-solutions-amsterdao\/\"},\"author\":{\"name\":\"V2C\",\"@id\":\"https:\/\/v2charge.com\/pt-pt\/#\/schema\/person\/d6f210a94a856acdddec347b2127fd0f\"},\"headline\":\"V2C e ChargeTech, presentes na maior exposi\u00e7\u00e3o de energia solar do noroeste da Europa\",\"datePublished\":\"2024-03-28T08:17:47+00:00\",\"dateModified\":\"2024-03-28T09:58:29+00:00\",\"mainEntityOfPage\":{\"@id\":\"https:\/\/v2charge.com\/pt-pt\/solar-solutions-amsterdao\/\"},\"wordCount\":414,\"commentCount\":0,\"publisher\":{\"@id\":\"https:\/\/v2charge.com\/pt-pt\/#organization\"},\"image\":{\"@id\":\"https:\/\/v2charge.com\/pt-pt\/solar-solutions-amsterdao\/#primaryimage\"},\"thumbnailUrl\":\"https:\/\/v2charge.com\/wp-content\/uploads\/2024\/03\/solar-solutions.jpg\",\"articleSection\":[\"Not\u00edcias V2C\"],\"inLanguage\":\"pt-PT\",\"potentialAction\":[{\"@type\":\"CommentAction\",\"name\":\"Comment\",\"target\":[\"https:\/\/v2charge.com\/pt-pt\/solar-solutions-amsterdao\/#respond\"]}]},{\"@type\":\"WebPage\",\"@id\":\"https:\/\/v2charge.com\/pt-pt\/solar-solutions-amsterdao\/\",\"url\":\"https:\/\/v2charge.com\/pt-pt\/solar-solutions-amsterdao\/\",\"name\":\"V2C e ChargeTech, presentes na Solar Solutions Amesterd\u00e3o\",\"isPartOf\":{\"@id\":\"https:\/\/v2charge.com\/pt-pt\/#website\"},\"primaryImageOfPage\":{\"@id\":\"https:\/\/v2charge.com\/pt-pt\/solar-solutions-amsterdao\/#primaryimage\"},\"image\":{\"@id\":\"https:\/\/v2charge.com\/pt-pt\/solar-solutions-amsterdao\/#primaryimage\"},\"thumbnailUrl\":\"https:\/\/v2charge.com\/wp-content\/uploads\/2024\/03\/solar-solutions.jpg\",\"datePublished\":\"2024-03-28T08:17:47+00:00\",\"dateModified\":\"2024-03-28T09:58:29+00:00\",\"description\":\"V2C e ChargeTech participam na Solar Solutions Amesterd\u00e3o, a principal feira de energia solar do noroeste da Europa.\",\"breadcrumb\":{\"@id\":\"https:\/\/v2charge.com\/pt-pt\/solar-solutions-amsterdao\/#breadcrumb\"},\"inLanguage\":\"pt-PT\",\"potentialAction\":[{\"@type\":\"ReadAction\",\"target\":[\"https:\/\/v2charge.com\/pt-pt\/solar-solutions-amsterdao\/\"]}]},{\"@type\":\"ImageObject\",\"inLanguage\":\"pt-PT\",\"@id\":\"https:\/\/v2charge.com\/pt-pt\/solar-solutions-amsterdao\/#primaryimage\",\"url\":\"https:\/\/v2charge.com\/wp-content\/uploads\/2024\/03\/solar-solutions.jpg\",\"contentUrl\":\"https:\/\/v2charge.com\/wp-content\/uploads\/2024\/03\/solar-solutions.jpg\",\"width\":1200,\"height\":700,\"caption\":\"Solar Solutions 2024\"},{\"@type\":\"BreadcrumbList\",\"@id\":\"https:\/\/v2charge.com\/pt-pt\/solar-solutions-amsterdao\/#breadcrumb\",\"itemListElement\":[{\"@type\":\"ListItem\",\"position\":1,\"name\":\"V2C\",\"item\":\"https:\/\/v2charge.com\/pt-pt\/\"},{\"@type\":\"ListItem\",\"position\":2,\"name\":\"Not\u00edcias V2C\",\"item\":\"https:\/\/v2charge.com\/pt-pt\/noticias-v2c\/\"},{\"@type\":\"ListItem\",\"position\":3,\"name\":\"V2C e ChargeTech, presentes na maior exposi\u00e7\u00e3o de energia solar do noroeste da Europa\"}]},{\"@type\":\"WebSite\",\"@id\":\"https:\/\/v2charge.com\/pt-pt\/#website\",\"url\":\"https:\/\/v2charge.com\/pt-pt\/\",\"name\":\"V2C\",\"description\":\"#CargandoElMa\u00f1ana\",\"publisher\":{\"@id\":\"https:\/\/v2charge.com\/pt-pt\/#organization\"},\"potentialAction\":[{\"@type\":\"SearchAction\",\"target\":{\"@type\":\"EntryPoint\",\"urlTemplate\":\"https:\/\/v2charge.com\/pt-pt\/?s={search_term_string}\"},\"query-input\":{\"@type\":\"PropertyValueSpecification\",\"valueRequired\":true,\"valueName\":\"search_term_string\"}}],\"inLanguage\":\"pt-PT\"},{\"@type\":\"Organization\",\"@id\":\"https:\/\/v2charge.com\/pt-pt\/#organization\",\"name\":\"V2C\",\"url\":\"https:\/\/v2charge.com\/pt-pt\/\",\"logo\":{\"@type\":\"ImageObject\",\"inLanguage\":\"pt-PT\",\"@id\":\"https:\/\/v2charge.com\/pt-pt\/#\/schema\/logo\/image\/\",\"url\":\"https:\/\/v2charge.com\/wp-content\/uploads\/2024\/11\/cropped-v2c-charge-logo-menu.png\",\"contentUrl\":\"https:\/\/v2charge.com\/wp-content\/uploads\/2024\/11\/cropped-v2c-charge-logo-menu.png\",\"width\":984,\"height\":431,\"caption\":\"V2C\"},\"image\":{\"@id\":\"https:\/\/v2charge.com\/pt-pt\/#\/schema\/logo\/image\/\"},\"sameAs\":[\"https:\/\/www.facebook.com\/V2C.Charge\",\"https:\/\/x.com\/V2C_Charge\",\"https:\/\/www.instagram.com\/v2c.charge\/\",\"https:\/\/www.youtube.com\/@V2C\",\"https:\/\/www.linkedin.com\/company\/v2c-chargers\/\"]},{\"@type\":\"Person\",\"@id\":\"https:\/\/v2charge.com\/pt-pt\/#\/schema\/person\/d6f210a94a856acdddec347b2127fd0f\",\"name\":\"V2C\",\"image\":{\"@type\":\"ImageObject\",\"inLanguage\":\"pt-PT\",\"@id\":\"https:\/\/v2charge.com\/pt-pt\/#\/schema\/person\/image\/\",\"url\":\"https:\/\/secure.gravatar.com\/avatar\/a91128c4c0d2f4d63bd586301fdec6cc9aa49c885839b25d1c62700f529f267c?s=96&d=mm&r=g\",\"contentUrl\":\"https:\/\/secure.gravatar.com\/avatar\/a91128c4c0d2f4d63bd586301fdec6cc9aa49c885839b25d1c62700f529f267c?s=96&d=mm&r=g\",\"caption\":\"V2C\"}}]}<\/script>\n<!-- \/ Yoast SEO plugin. -->","yoast_head_json":{"title":"V2C e ChargeTech, presentes na Solar Solutions Amesterd\u00e3o","description":"V2C e ChargeTech participam na Solar Solutions Amesterd\u00e3o, a principal feira de energia solar do noroeste da Europa.","robots":{"index":"index","follow":"follow","max-snippet":"max-snippet:-1","max-image-preview":"max-image-preview:large","max-video-preview":"max-video-preview:-1"},"canonical":"https:\/\/v2charge.com\/pt-pt\/solar-solutions-amsterdao\/","og_locale":"pt_PT","og_type":"article","og_title":"V2C e ChargeTech, presentes na Solar Solutions Amesterd\u00e3o","og_description":"V2C e ChargeTech participam na Solar Solutions Amesterd\u00e3o, a principal feira de energia solar do noroeste da Europa.","og_url":"https:\/\/v2charge.com\/pt-pt\/solar-solutions-amsterdao\/","og_site_name":"V2C","article_publisher":"https:\/\/www.facebook.com\/V2C.Charge","article_published_time":"2024-03-28T08:17:47+00:00","article_modified_time":"2024-03-28T09:58:29+00:00","og_image":[{"width":1200,"height":700,"url":"https:\/\/v2charge.com\/wp-content\/uploads\/2024\/03\/solar-solutions.jpg","type":"image\/jpeg"}],"author":"V2C","twitter_card":"summary_large_image","twitter_creator":"@V2C_Charge","twitter_site":"@V2C_Charge","twitter_misc":{"Escrito por":"V2C","Tempo estimado de leitura":"3 minutos"},"schema":{"@context":"https:\/\/schema.org","@graph":[{"@type":"Article","@id":"https:\/\/v2charge.com\/pt-pt\/solar-solutions-amsterdao\/#article","isPartOf":{"@id":"https:\/\/v2charge.com\/pt-pt\/solar-solutions-amsterdao\/"},"author":{"name":"V2C","@id":"https:\/\/v2charge.com\/pt-pt\/#\/schema\/person\/d6f210a94a856acdddec347b2127fd0f"},"headline":"V2C e ChargeTech, presentes na maior exposi\u00e7\u00e3o de energia solar do noroeste da Europa","datePublished":"2024-03-28T08:17:47+00:00","dateModified":"2024-03-28T09:58:29+00:00","mainEntityOfPage":{"@id":"https:\/\/v2charge.com\/pt-pt\/solar-solutions-amsterdao\/"},"wordCount":414,"commentCount":0,"publisher":{"@id":"https:\/\/v2charge.com\/pt-pt\/#organization"},"image":{"@id":"https:\/\/v2charge.com\/pt-pt\/solar-solutions-amsterdao\/#primaryimage"},"thumbnailUrl":"https:\/\/v2charge.com\/wp-content\/uploads\/2024\/03\/solar-solutions.jpg","articleSection":["Not\u00edcias V2C"],"inLanguage":"pt-PT","potentialAction":[{"@type":"CommentAction","name":"Comment","target":["https:\/\/v2charge.com\/pt-pt\/solar-solutions-amsterdao\/#respond"]}]},{"@type":"WebPage","@id":"https:\/\/v2charge.com\/pt-pt\/solar-solutions-amsterdao\/","url":"https:\/\/v2charge.com\/pt-pt\/solar-solutions-amsterdao\/","name":"V2C e ChargeTech, presentes na Solar Solutions Amesterd\u00e3o","isPartOf":{"@id":"https:\/\/v2charge.com\/pt-pt\/#website"},"primaryImageOfPage":{"@id":"https:\/\/v2charge.com\/pt-pt\/solar-solutions-amsterdao\/#primaryimage"},"image":{"@id":"https:\/\/v2charge.com\/pt-pt\/solar-solutions-amsterdao\/#primaryimage"},"thumbnailUrl":"https:\/\/v2charge.com\/wp-content\/uploads\/2024\/03\/solar-solutions.jpg","datePublished":"2024-03-28T08:17:47+00:00","dateModified":"2024-03-28T09:58:29+00:00","description":"V2C e ChargeTech participam na Solar Solutions Amesterd\u00e3o, a principal feira de energia solar do noroeste da Europa.","breadcrumb":{"@id":"https:\/\/v2charge.com\/pt-pt\/solar-solutions-amsterdao\/#breadcrumb"},"inLanguage":"pt-PT","potentialAction":[{"@type":"ReadAction","target":["https:\/\/v2charge.com\/pt-pt\/solar-solutions-amsterdao\/"]}]},{"@type":"ImageObject","inLanguage":"pt-PT","@id":"https:\/\/v2charge.com\/pt-pt\/solar-solutions-amsterdao\/#primaryimage","url":"https:\/\/v2charge.com\/wp-content\/uploads\/2024\/03\/solar-solutions.jpg","contentUrl":"https:\/\/v2charge.com\/wp-content\/uploads\/2024\/03\/solar-solutions.jpg","width":1200,"height":700,"caption":"Solar Solutions 2024"},{"@type":"BreadcrumbList","@id":"https:\/\/v2charge.com\/pt-pt\/solar-solutions-amsterdao\/#breadcrumb","itemListElement":[{"@type":"ListItem","position":1,"name":"V2C","item":"https:\/\/v2charge.com\/pt-pt\/"},{"@type":"ListItem","position":2,"name":"Not\u00edcias V2C","item":"https:\/\/v2charge.com\/pt-pt\/noticias-v2c\/"},{"@type":"ListItem","position":3,"name":"V2C e ChargeTech, presentes na maior exposi\u00e7\u00e3o de energia solar do noroeste da Europa"}]},{"@type":"WebSite","@id":"https:\/\/v2charge.com\/pt-pt\/#website","url":"https:\/\/v2charge.com\/pt-pt\/","name":"V2C","description":"#CargandoElMa\u00f1ana","publisher":{"@id":"https:\/\/v2charge.com\/pt-pt\/#organization"},"potentialAction":[{"@type":"SearchAction","target":{"@type":"EntryPoint","urlTemplate":"https:\/\/v2charge.com\/pt-pt\/?s={search_term_string}"},"query-input":{"@type":"PropertyValueSpecification","valueRequired":true,"valueName":"search_term_string"}}],"inLanguage":"pt-PT"},{"@type":"Organization","@id":"https:\/\/v2charge.com\/pt-pt\/#organization","name":"V2C","url":"https:\/\/v2charge.com\/pt-pt\/","logo":{"@type":"ImageObject","inLanguage":"pt-PT","@id":"https:\/\/v2charge.com\/pt-pt\/#\/schema\/logo\/image\/","url":"https:\/\/v2charge.com\/wp-content\/uploads\/2024\/11\/cropped-v2c-charge-logo-menu.png","contentUrl":"https:\/\/v2charge.com\/wp-content\/uploads\/2024\/11\/cropped-v2c-charge-logo-menu.png","width":984,"height":431,"caption":"V2C"},"image":{"@id":"https:\/\/v2charge.com\/pt-pt\/#\/schema\/logo\/image\/"},"sameAs":["https:\/\/www.facebook.com\/V2C.Charge","https:\/\/x.com\/V2C_Charge","https:\/\/www.instagram.com\/v2c.charge\/","https:\/\/www.youtube.com\/@V2C","https:\/\/www.linkedin.com\/company\/v2c-chargers\/"]},{"@type":"Person","@id":"https:\/\/v2charge.com\/pt-pt\/#\/schema\/person\/d6f210a94a856acdddec347b2127fd0f","name":"V2C","image":{"@type":"ImageObject","inLanguage":"pt-PT","@id":"https:\/\/v2charge.com\/pt-pt\/#\/schema\/person\/image\/","url":"https:\/\/secure.gravatar.com\/avatar\/a91128c4c0d2f4d63bd586301fdec6cc9aa49c885839b25d1c62700f529f267c?s=96&d=mm&r=g","contentUrl":"https:\/\/secure.gravatar.com\/avatar\/a91128c4c0d2f4d63bd586301fdec6cc9aa49c885839b25d1c62700f529f267c?s=96&d=mm&r=g","caption":"V2C"}}]}},"uagb_featured_image_src":{"full":["https:\/\/v2charge.com\/wp-content\/uploads\/2024\/03\/solar-solutions.jpg",1200,700,false],"thumbnail":["https:\/\/v2charge.com\/wp-content\/uploads\/2024\/03\/solar-solutions-150x150.jpg",150,150,true],"medium":["https:\/\/v2charge.com\/wp-content\/uploads\/2024\/03\/solar-solutions-300x175.jpg",300,175,true],"medium_large":["https:\/\/v2charge.com\/wp-content\/uploads\/2024\/03\/solar-solutions-768x448.jpg",768,448,true],"large":["https:\/\/v2charge.com\/wp-content\/uploads\/2024\/03\/solar-solutions-1024x597.jpg",1024,597,true],"gs-tiny":["https:\/\/v2charge.com\/wp-content\/uploads\/2024\/03\/solar-solutions.jpg",50,29,false],"xl":["https:\/\/v2charge.com\/wp-content\/uploads\/2024\/03\/solar-solutions.jpg",1200,700,false],"xxl":["https:\/\/v2charge.com\/wp-content\/uploads\/2024\/03\/solar-solutions.jpg",1200,700,false],"xxxl":["https:\/\/v2charge.com\/wp-content\/uploads\/2024\/03\/solar-solutions.jpg",1200,700,false],"xxxxl":["https:\/\/v2charge.com\/wp-content\/uploads\/2024\/03\/solar-solutions.jpg",1200,700,false],"xxxxxl":["https:\/\/v2charge.com\/wp-content\/uploads\/2024\/03\/solar-solutions.jpg",1200,700,false],"1536x1536":["https:\/\/v2charge.com\/wp-content\/uploads\/2024\/03\/solar-solutions.jpg",1200,700,false],"2048x2048":["https:\/\/v2charge.com\/wp-content\/uploads\/2024\/03\/solar-solutions.jpg",1200,700,false]},"uagb_author_info":{"display_name":"V2C","author_link":"https:\/\/v2charge.com\/pt-pt\/author\/marketing\/"},"uagb_comment_info":0,"uagb_excerpt":"A V2C participou na Solar Solutions Amesterd\u00e3o, a principal feira de energia solar do noroeste da Europa. Em colabora\u00e7\u00e3o com o nosso distribuidor oficial nos Pa\u00edses Baixos, a ChargeTech, demos a conhecer a integra\u00e7\u00e3o dos nossos e-Chargers inteligentes com energias renov\u00e1veis, marcando um marco na transi\u00e7\u00e3o para uma mobilidade mais sustent\u00e1vel. A Expo Grande Amesterd\u00e3o&hellip;","_links":{"self":[{"href":"https:\/\/v2charge.com\/pt-pt\/wp-json\/wp\/v2\/posts\/143501","targetHints":{"allow":["GET"]}}],"collection":[{"href":"https:\/\/v2charge.com\/pt-pt\/wp-json\/wp\/v2\/posts"}],"about":[{"href":"https:\/\/v2charge.com\/pt-pt\/wp-json\/wp\/v2\/types\/post"}],"author":[{"embeddable":true,"href":"https:\/\/v2charge.com\/pt-pt\/wp-json\/wp\/v2\/users\/400"}],"replies":[{"embeddable":true,"href":"https:\/\/v2charge.com\/pt-pt\/wp-json\/wp\/v2\/comments?post=143501"}],"version-history":[{"count":0,"href":"https:\/\/v2charge.com\/pt-pt\/wp-json\/wp\/v2\/posts\/143501\/revisions"}],"wp:featuredmedia":[{"embeddable":true,"href":"https:\/\/v2charge.com\/pt-pt\/wp-json\/wp\/v2\/media\/143465"}],"wp:attachment":[{"href":"https:\/\/v2charge.com\/pt-pt\/wp-json\/wp\/v2\/media?parent=143501"}],"wp:term":[{"taxonomy":"category","embeddable":true,"href":"https:\/\/v2charge.com\/pt-pt\/wp-json\/wp\/v2\/categories?post=143501"},{"taxonomy":"post_tag","embeddable":true,"href":"https:\/\/v2charge.com\/pt-pt\/wp-json\/wp\/v2\/tags?post=143501"}],"curies":[{"name":"wp","href":"https:\/\/api.w.org\/{rel}","templated":true}]}}