{"id":306845,"date":"2024-09-20T15:53:50","date_gmt":"2024-09-20T13:53:50","guid":{"rendered":""},"modified":"2024-09-20T15:55:29","modified_gmt":"2024-09-20T13:55:29","slug":"a-estac-o-de-carregamento-inteligente-fotovoltaica-uma-revoluc-o-para-o-carregamento-de-veiculos-eletricos","status":"publish","type":"post","link":"https:\/\/v2charge.com\/pt-pt\/a-estac-o-de-carregamento-inteligente-fotovoltaica-uma-revoluc-o-para-o-carregamento-de-veiculos-eletricos\/","title":{"rendered":"A esta\u00e7\u00e3o de carregamento inteligente fotovoltaica: uma revolu\u00e7\u00e3o para o carregamento de ve\u00edculos el\u00e9tricos"},"content":{"rendered":"<p>Num contexto marcado pelo aumento da eletrifica\u00e7\u00e3o e pela consci\u00eancia ambiental, <strong>a esta\u00e7\u00e3o de carregamento inteligente fotovoltaica<\/strong> imp\u00f5e-se como uma solu\u00e7\u00e3o inovadora e sustent\u00e1vel para ve\u00edculos el\u00e9tricos (VE). Ao integrar-se de forma otimizada aos sistemas solares existentes, esta tecnologia permite maximizar a explora\u00e7\u00e3o da energia solar, ao mesmo tempo que reduz os custos energ\u00e9ticos e limita a pegada de carbono.<\/p>\n<h2>A import\u00e2ncia crescente das esta\u00e7\u00f5es de carregamento inteligentes fotovoltaicas<\/h2>\n<p><span style=\"font-size: inherit; color: var(--contrast);\">Com o crescimento dos ve\u00edculos el\u00e9tricos, as esta\u00e7\u00f5es de carregamento viram a sua popularidade aumentar para responder \u00e0 demanda crescente. No entanto, nem todas s\u00e3o iguais.<\/span> <strong style=\"font-size: inherit; color: var(--contrast);\">A esta\u00e7\u00e3o de carregamento inteligente fotovoltaica<\/strong><span style=\"font-size: inherit; color: var(--contrast);\"> destaca-se pela sua capacidade de maximizar a explora\u00e7\u00e3o da energia solar, um trunfo essencial numa \u00e9poca em que a sustentabilidade se tornou um desafio maior.<\/span><\/p>\n<p>Esta tecnologia avan\u00e7ada permite n\u00e3o s\u00f3 carregar um ve\u00edculo el\u00e9trico aproveitando a energia solar produzida por pain\u00e9is fotovoltaicos, mas tamb\u00e9m gerir inteligentemente a energia de acordo com as necessidades do utilizador e as condi\u00e7\u00f5es meteorol\u00f3gicas. Por exemplo, pode priorizar a utiliza\u00e7\u00e3o do excedente de energia solar para o carregamento ou combinar este \u00faltimo com a eletricidade da rede, dependendo das prefer\u00eancias definidas pelo utilizador.<\/p>\n<h3>Esta\u00e7\u00e3o de carregamento 7 kW monof\u00e1sica inteligente fotovoltaica: Um compromisso ideal para particulares<\/h3>\n<p>A pot\u00eancia de uma esta\u00e7\u00e3o de carregamento \u00e9 um crit\u00e9rio essencial na escolha do equipamento. <strong>A esta\u00e7\u00e3o monof\u00e1sica de 7 kW<\/strong> \u00e9 frequentemente preferida pelos utilizadores residenciais, oferecendo um bom equil\u00edbrio entre rapidez de carga e consumo energ\u00e9tico. \u00c9 particularmente adequada para lares com sistemas fotovoltaicos de tamanho m\u00e9dio, permitindo otimizar a utiliza\u00e7\u00e3o da energia solar para carregar um ve\u00edculo el\u00e9trico, especialmente durante per\u00edodos de baixa consumo dom\u00e9stico.<\/p>\n<p><a href=\"https:\/\/v2charge.com\/pt-pt\/store\/fr\/produit\/trydan\/\"> <img decoding=\"async\" class=\"size-full wp-image-178799 aligncenter\" src=\"https:\/\/v2charge.com\/wp-content\/uploads\/2024\/09\/trydan-borne-intelligente-photovoltaique.jpg\" alt=\"\" width=\"600\" height=\"600\" srcset=\"https:\/\/v2charge.com\/wp-content\/uploads\/2024\/09\/trydan-borne-intelligente-photovoltaique.jpg 600w, https:\/\/v2charge.com\/wp-content\/uploads\/2024\/09\/trydan-borne-intelligente-photovoltaique-300x300.jpg 300w, https:\/\/v2charge.com\/wp-content\/uploads\/2024\/09\/trydan-borne-intelligente-photovoltaique-150x150.jpg 150w\" sizes=\"(max-width: 600px) 100vw, 600px\" \/><\/a><\/p>\n<p style=\"text-align: center;\"><a href=\"https:\/\/v2charge.com\/pt-pt\/store\/fr\/produit\/trydan\/\"><strong>Trydan, esta\u00e7\u00e3o de carregamento 7,4kW a partir de 782,39 \u20ac<\/strong><\/a><\/p>\n<p style=\"text-align: center;\"><a href=\"https:\/\/v2charge.com\/pt-pt\/store\/fr\/produit\/trydan\/\"><img decoding=\"async\" class=\"alignnone  wp-image-178813\" src=\"https:\/\/v2charge.com\/wp-content\/uploads\/2024\/09\/borne-recharge-photolvaique-trydan.png\" alt=\"\" width=\"506\" height=\"53\" srcset=\"https:\/\/v2charge.com\/wp-content\/uploads\/2024\/09\/borne-recharge-photolvaique-trydan.png 640w, https:\/\/v2charge.com\/wp-content\/uploads\/2024\/09\/borne-recharge-photolvaique-trydan-300x31.png 300w\" sizes=\"(max-width: 506px) 100vw, 506px\" \/><\/a><\/p>\n<h3>Esta\u00e7\u00e3o de carregamento trif\u00e1sica 22 kW inteligente fotovoltaica: Uma op\u00e7\u00e3o para instala\u00e7\u00f5es mais robustas<\/h3>\n<p>Para os utilizadores equipados com uma instala\u00e7\u00e3o el\u00e9trica trif\u00e1sica, a <strong>esta\u00e7\u00e3o de carregamento trif\u00e1sica de 22 kW<\/strong> constitui uma solu\u00e7\u00e3o de carregamento r\u00e1pida e eficiente. Este modelo \u00e9 ideal para lares com sistemas fotovoltaicos de alta capacidade, capazes de gerar e armazenar uma quantidade significativa de energia. Ao distribuir a carga por v\u00e1rias fases, esta esta\u00e7\u00e3o permite uma gest\u00e3o energ\u00e9tica otimizada, reduzindo a solicita\u00e7\u00e3o de um \u00fanico circuito e refor\u00e7ando assim a fiabilidade da instala\u00e7\u00e3o.<\/p>\n<p><a href=\"https:\/\/v2charge.com\/pt-pt\/store\/fr\/produit\/trydan\/\"><img decoding=\"async\" class=\"size-full wp-image-178799 aligncenter\" src=\"https:\/\/v2charge.com\/wp-content\/uploads\/2024\/09\/trydan-borne-intelligente-photovoltaique.jpg\" alt=\"\" width=\"600\" height=\"600\" srcset=\"https:\/\/v2charge.com\/wp-content\/uploads\/2024\/09\/trydan-borne-intelligente-photovoltaique.jpg 600w, https:\/\/v2charge.com\/wp-content\/uploads\/2024\/09\/trydan-borne-intelligente-photovoltaique-300x300.jpg 300w, https:\/\/v2charge.com\/wp-content\/uploads\/2024\/09\/trydan-borne-intelligente-photovoltaique-150x150.jpg 150w\" sizes=\"(max-width: 600px) 100vw, 600px\" \/><\/a><\/p>\n<p style=\"text-align: center;\"><a href=\"https:\/\/v2charge.com\/pt-pt\/store\/fr\/produit\/trydan\/\"><strong>Trydan, esta\u00e7\u00e3o de carregamento 22kW a partir de 870,35 \u20ac<\/strong><\/a><\/p>\n<p style=\"text-align: center;\"><a href=\"https:\/\/v2charge.com\/pt-pt\/store\/fr\/produit\/trydan\/\"><img decoding=\"async\" class=\"alignnone  wp-image-178813\" src=\"https:\/\/v2charge.com\/wp-content\/uploads\/2024\/09\/borne-recharge-photolvaique-trydan.png\" alt=\"\" width=\"506\" height=\"53\" srcset=\"https:\/\/v2charge.com\/wp-content\/uploads\/2024\/09\/borne-recharge-photolvaique-trydan.png 640w, https:\/\/v2charge.com\/wp-content\/uploads\/2024\/09\/borne-recharge-photolvaique-trydan-300x31.png 300w\" sizes=\"(max-width: 506px) 100vw, 506px\" \/><\/a><\/p>\n<h2>Pre\u00e7o instala\u00e7\u00e3o esta\u00e7\u00e3o de carregamento 7,4 kW inteligente fotovoltaica: Um investimento sustent\u00e1vel<\/h2>\n<p>A instala\u00e7\u00e3o de uma esta\u00e7\u00e3o de carregamento, como a de 7,4 kW, representa um investimento inicial significativo, mas os seus benef\u00edcios a longo prazo s\u00e3o ineg\u00e1veis. O custo de instala\u00e7\u00e3o \u00e9 rapidamente amortizado gra\u00e7as \u00e0s economias realizadas nas faturas de energia, especialmente quando a esta\u00e7\u00e3o est\u00e1 associada a pain\u00e9is solares. Al\u00e9m disso, \u00e9 essencial destacar a exist\u00eancia de <a href=\"https:\/\/v2charge.com\/pt-pt\/aides-installer-borne-recharge-domicile-2024\/\"><strong>diversas subs\u00eddios e ajudas financeiras<\/strong><\/a> destinadas a incentivar a ado\u00e7\u00e3o destas tecnologias sustent\u00e1veis.<\/p>\n<h2>As caracter\u00edsticas t\u00e9cnicas de uma esta\u00e7\u00e3o de carregamento inteligente fotovoltaica<\/h2>\n<p>Uma <strong>esta\u00e7\u00e3o de carregamento inteligente fotovoltaica<\/strong> \u00e9 muito mais do que um simples dispositivo de carregamento. Integra tecnologias avan\u00e7adas destinadas a maximizar a efici\u00eancia energ\u00e9tica, ao mesmo tempo que oferece uma experi\u00eancia de utilizador otimizada. Entre as suas caracter\u00edsticas t\u00e9cnicas mais not\u00e1veis, destacam-se:<\/p>\n<ul>\n<li><strong>Controlo din\u00e2mico da pot\u00eancia<\/strong>: este sistema ajusta automaticamente a pot\u00eancia de carga de acordo com a disponibilidade de energia solar e as necessidades energ\u00e9ticas do lar, evitando assim sobrecargas.<\/li>\n<li><strong>Conectividade avan\u00e7ada<\/strong>: gra\u00e7as \u00e0 conectividade WiFi e Bluetooth, o utilizador pode controlar a esta\u00e7\u00e3o \u00e0 dist\u00e2ncia atrav\u00e9s de uma aplica\u00e7\u00e3o m\u00f3vel, permitindo programar o carregamento, consultar as estat\u00edsticas de utiliza\u00e7\u00e3o e at\u00e9 integrar a esta\u00e7\u00e3o em assistentes de voz como a Alexa.<\/li>\n<li><strong>Integra\u00e7\u00e3o fotovoltaica avan\u00e7ada<\/strong>: a esta\u00e7\u00e3o conecta-se diretamente ao inversor solar, sem necessidade de sensores adicionais, garantindo assim uma utiliza\u00e7\u00e3o otimizada da energia solar.<\/li>\n<\/ul>\n<h3>Um carregamento solar inteligente e econ\u00f3mico<\/h3>\n<p>Uma das principais vantagens de uma <strong>esta\u00e7\u00e3o de carregamento inteligente fotovoltaica<\/strong> \u00e9 a sua capacidade de maximizar a utiliza\u00e7\u00e3o da energia solar. Permite <strong>carregar um ve\u00edculo apenas com o excedente de energia gerado pelos pain\u00e9is solares<\/strong>, sem recorrer \u00e0 rede el\u00e9trica. Isso traduz-se num carregamento praticamente gratuito, desde que as condi\u00e7\u00f5es meteorol\u00f3gicas sejam favor\u00e1veis e que o ve\u00edculo esteja ligado durante as horas de sol.<\/p>\n<p>Al\u00e9m disso, estas esta\u00e7\u00f5es podem alternar entre <strong>diferentes modos de carregamento<\/strong> <strong>conforme os hor\u00e1rios<\/strong>. Por exemplo, podem carregar o ve\u00edculo com energia solar durante o dia e, em seguida, passar para a energia da rede \u00e0 noite ou em caso de condi\u00e7\u00f5es meteorol\u00f3gicas desfavor\u00e1veis.<\/p>\n<h2>Por que optar por uma esta\u00e7\u00e3o de carregamento inteligente fotovoltaica?<\/h2>\n<p>A decis\u00e3o de instalar uma <strong>esta\u00e7\u00e3o de carregamento inteligente fotovoltaica<\/strong> depende de v\u00e1rios fatores, mas as suas vantagens superam amplamente os potenciais inconvenientes. Aqui est\u00e3o algumas raz\u00f5es pelas quais esta tecnologia \u00e9 uma escolha inteligente para propriet\u00e1rios de ve\u00edculos el\u00e9tricos:<\/p>\n<ul>\n<li><strong>Redu\u00e7\u00e3o dos custos energ\u00e9ticos<\/strong>: Ao utilizar energia solar para carregar o seu ve\u00edculo, diminui consideravelmente a sua depend\u00eancia da rede el\u00e9trica, resultando em economias nas suas faturas de energia.<\/li>\n<li><strong>Respeito pelo meio ambiente<\/strong>: Ao optar por uma fonte de energia renov\u00e1vel, contribui para a redu\u00e7\u00e3o das emiss\u00f5es de CO2 e para a prote\u00e7\u00e3o do meio ambiente.<\/li>\n<li><strong>Valoriza\u00e7\u00e3o da sua propriedade<\/strong>: Uma instala\u00e7\u00e3o fotovoltaica associada a uma esta\u00e7\u00e3o de carregamento inteligente pode aumentar o valor do seu im\u00f3vel, oferecendo assim uma vantagem na hora da revenda.<\/li>\n<\/ul>\n<p><img decoding=\"async\" class=\"alignnone size-full wp-image-178580\" src=\"https:\/\/v2charge.com\/wp-content\/uploads\/2024\/09\/placas-solares-instalacion-fotovoltaica.jpg\" alt=\"Placas solares e instala\u00e7\u00e3o fotovoltaica\" width=\"960\" height=\"560\" srcset=\"https:\/\/v2charge.com\/wp-content\/uploads\/2024\/09\/placas-solares-instalacion-fotovoltaica.jpg 960w, https:\/\/v2charge.com\/wp-content\/uploads\/2024\/09\/placas-solares-instalacion-fotovoltaica-300x175.jpg 300w, https:\/\/v2charge.com\/wp-content\/uploads\/2024\/09\/placas-solares-instalacion-fotovoltaica-768x448.jpg 768w\" sizes=\"(max-width: 960px) 100vw, 960px\" \/><\/p>\n<h2>Os desafios a enfrentar na instala\u00e7\u00e3o de uma esta\u00e7\u00e3o de carregamento fotovoltaica<\/h2>\n<p>Embora a instala\u00e7\u00e3o de uma <strong>esta\u00e7\u00e3o de carregamento inteligente fotovoltaica<\/strong> apresente muitos benef\u00edcios, tamb\u00e9m envolve alguns desafios a considerar:<\/p>\n<ul>\n<li><strong>Custo inicial<\/strong>: O custo de compra e instala\u00e7\u00e3o pode ser elevado, especialmente se ainda n\u00e3o tiver um sistema fotovoltaico. No entanto, <strong>v\u00e1rias subs\u00eddios e incentivos fiscais est\u00e3o dispon\u00edveis para ajud\u00e1-lo com essas despesas<\/strong>.<\/li>\n<li><strong>Depend\u00eancia das condi\u00e7\u00f5es meteorol\u00f3gicas<\/strong>: A efici\u00eancia do carregamento solar \u00e9 influenciada pelas condi\u00e7\u00f5es meteorol\u00f3gicas. Em regi\u00f5es onde a insola\u00e7\u00e3o \u00e9 baixa, a produ\u00e7\u00e3o de energia solar pode ser limitada, o que pode exigir um aporte adicional de energia da rede.<\/li>\n<\/ul>\n<h2>Conclus\u00e3o: O futuro do carregamento el\u00e9trico passa pela intelig\u00eancia e sustentabilidade<\/h2>\n<p>Em resumo, <strong>a esta\u00e7\u00e3o de carregamento inteligente fotovoltaica<\/strong> representa um avan\u00e7o significativo no campo do carregamento de ve\u00edculos el\u00e9tricos. Ao combinar efici\u00eancia energ\u00e9tica, respeito pelo meio ambiente e inova\u00e7\u00f5es tecnol\u00f3gicas, oferece uma solu\u00e7\u00e3o completa para utilizadores preocupados com o seu impacto ecol\u00f3gico e os seus custos energ\u00e9ticos. Quer opte por uma esta\u00e7\u00e3o monof\u00e1sica, trif\u00e1sica ou uma configura\u00e7\u00e3o adaptada \u00e0s suas necessidades espec\u00edficas, o futuro do carregamento el\u00e9trico assenta indiscutivelmente em sistemas inteligentes e sustent\u00e1veis.<\/p>\n<h2>Perguntas frequentes sobre esta\u00e7\u00f5es de carregamento fotovoltaicas<\/h2>\n<div class=\"flex max-w-full flex-col flex-grow\">\n<div class=\"min-h-[20px] text-message flex w-full flex-col items-end gap-2 whitespace-normal break-words [.text-message+&amp;]:mt-5 overflow-x-auto\" dir=\"auto\" data-message-author-role=\"assistant\" data-message-id=\"1042eee9-0a33-48e8-9968-ad58f9efef32\">\n<div class=\"flex w-full flex-col gap-1 empty:hidden first:pt-[3px]\">\n<div class=\"markdown prose w-full break-words dark:prose-invert dark\">\n<p>Este artigo resume as informa\u00e7\u00f5es essenciais a considerar antes de comprar a esta\u00e7\u00e3o de carregamento ideal para a sua casa. Quer esteja a considerar instalar uma esta\u00e7\u00e3o monof\u00e1sica de 7 kW ou a otimizar o seu consumo de energia solar, esta se\u00e7\u00e3o fornecer\u00e1 respostas claras e precisas.<\/p>\n<\/div>\n<\/div>\n<\/div>\n<\/div>\n<h3>O que \u00e9 uma esta\u00e7\u00e3o de carregamento inteligente fotovoltaica?<\/h3>\n<p>Trata-se de um dispositivo de carregamento para ve\u00edculos el\u00e9tricos que aproveita a energia solar gerada por pain\u00e9is fotovoltaicos, ao mesmo tempo que integra uma gest\u00e3o inteligente da energia.<\/p>\n<p><img decoding=\"async\" class=\"alignnone size-full wp-image-178832\" src=\"https:\/\/v2charge.com\/wp-content\/uploads\/2024\/09\/trydan-borne-intelligente-photovoltaique-obturador.jpg\" alt=\"\" width=\"960\" height=\"560\" srcset=\"https:\/\/v2charge.com\/wp-content\/uploads\/2024\/09\/trydan-borne-intelligente-photovoltaique-obturador.jpg 960w, https:\/\/v2charge.com\/wp-content\/uploads\/2024\/09\/trydan-borne-intelligente-photovoltaique-obturador-300x175.jpg 300w, https:\/\/v2charge.com\/wp-content\/uploads\/2024\/09\/trydan-borne-intelligente-photovoltaique-obturador-768x448.jpg 768w\" sizes=\"(max-width: 960px) 100vw, 960px\" \/><\/p>\n<h3>Como funciona uma esta\u00e7\u00e3o de carregamento 7,4 kW monof\u00e1sica?<\/h3>\n<p>Permite carregar um ve\u00edculo el\u00e9trico a uma pot\u00eancia m\u00e1xima de 7,4 kW, o que a torna ideal para instala\u00e7\u00f5es residenciais equipadas com uma alimenta\u00e7\u00e3o monof\u00e1sica.<\/p>\n<h3>Quais s\u00e3o as vantagens de uma esta\u00e7\u00e3o de carregamento trif\u00e1sica 22 kW?<\/h3>\n<p>Oferece um carregamento mais r\u00e1pido e eficiente, particularmente adequada para lares com uma instala\u00e7\u00e3o el\u00e9trica trif\u00e1sica e pain\u00e9is solares de alto desempenho.<\/p>\n<h3>Quais s\u00e3o os custos de instala\u00e7\u00e3o de uma esta\u00e7\u00e3o de carregamento 7,4 kW?<\/h3>\n<p>O custo pode variar consoante as caracter\u00edsticas da instala\u00e7\u00e3o, mas geralmente \u00e9 rapidamente amortizado gra\u00e7as \u00e0s economias realizadas nas despesas energ\u00e9ticas. Se deseja conhecer o pre\u00e7o exato para a instala\u00e7\u00e3o de uma esta\u00e7\u00e3o de carregamento 7,4kW, <a href=\"https:\/\/v2charge.com\/pt-pt\/trouvez-votre-installateur\/#contact\"><strong>descubra e converse com a nossa rede de instaladores<\/strong><\/a>.<\/p>\n<h3>\u00c9 poss\u00edvel carregar o ve\u00edculo apenas com energia solar?<\/h3>\n<p>Sim, uma esta\u00e7\u00e3o de carregamento inteligente fotovoltaica permite carregar um ve\u00edculo utilizando exclusivamente o excedente de energia solar, sem depender da rede el\u00e9trica.<\/p>\n<h3>A instala\u00e7\u00e3o de uma esta\u00e7\u00e3o de carregamento fotovoltaica \u00e9 complicada?<\/h3>\n<p>A instala\u00e7\u00e3o deve ser realizada por um profissional, mas geralmente \u00e9 r\u00e1pida e pode ser otimizada para maximizar a explora\u00e7\u00e3o da energia solar.<\/p>\n","protected":false},"excerpt":{"rendered":"<p>Num contexto marcado pelo aumento da eletrifica\u00e7\u00e3o e pela consci\u00eancia ambiental, a esta\u00e7\u00e3o de carregamento inteligente fotovoltaica imp\u00f5e-se como uma solu\u00e7\u00e3o inovadora e sustent\u00e1vel para ve\u00edculos el\u00e9tricos (VE). Ao integrar-se de forma otimizada aos sistemas solares existentes, esta tecnologia permite maximizar a explora\u00e7\u00e3o da energia solar, ao mesmo tempo que reduz os custos energ\u00e9ticos e &#8230; <a title=\"A esta\u00e7\u00e3o de carregamento inteligente fotovoltaica: uma revolu\u00e7\u00e3o para o carregamento de ve\u00edculos el\u00e9tricos\" class=\"read-more\" href=\"https:\/\/v2charge.com\/pt-pt\/a-estac-o-de-carregamento-inteligente-fotovoltaica-uma-revoluc-o-para-o-carregamento-de-veiculos-eletricos\/\" aria-label=\"Leia mais sobre A esta\u00e7\u00e3o de carregamento inteligente fotovoltaica: uma revolu\u00e7\u00e3o para o carregamento de ve\u00edculos el\u00e9tricos\">Ler mais<\/a><\/p>\n","protected":false},"author":400,"featured_media":178843,"comment_status":"closed","ping_status":"closed","sticky":false,"template":"","format":"standard","meta":{"_eb_attr":"","content-type":"","_uag_custom_page_level_css":"","footnotes":""},"categories":[],"tags":[],"class_list":["post-306845","post","type-post","status-publish","format-standard","has-post-thumbnail","hentry"],"yoast_head":"<!-- This site is optimized with the Yoast SEO plugin v25.3.1 - https:\/\/yoast.com\/wordpress\/plugins\/seo\/ -->\n<title>A Borne de Carregamento Inteligente Fotovoltaica | V2C<\/title>\n<meta name=\"description\" content=\"A esta\u00e7\u00e3o de carregamento inteligente fotovoltaica, um avan\u00e7o significativo no carregamento de ve\u00edculos el\u00e9tricos.\" \/>\n<meta name=\"robots\" content=\"index, follow, max-snippet:-1, max-image-preview:large, max-video-preview:-1\" \/>\n<link rel=\"canonical\" href=\"https:\/\/v2charge.com\/pt-pt\/a-estac-o-de-carregamento-inteligente-fotovoltaica-uma-revoluc-o-para-o-carregamento-de-veiculos-eletricos\/\" \/>\n<meta property=\"og:locale\" content=\"pt_PT\" \/>\n<meta property=\"og:type\" content=\"article\" \/>\n<meta property=\"og:title\" content=\"A Borne de Carregamento Inteligente Fotovoltaica | V2C\" \/>\n<meta property=\"og:description\" content=\"A esta\u00e7\u00e3o de carregamento inteligente fotovoltaica, um avan\u00e7o significativo no carregamento de ve\u00edculos el\u00e9tricos.\" \/>\n<meta property=\"og:url\" content=\"https:\/\/v2charge.com\/pt-pt\/a-estac-o-de-carregamento-inteligente-fotovoltaica-uma-revoluc-o-para-o-carregamento-de-veiculos-eletricos\/\" \/>\n<meta property=\"og:site_name\" content=\"V2C\" \/>\n<meta property=\"article:publisher\" content=\"https:\/\/www.facebook.com\/V2C.Charge\" \/>\n<meta property=\"article:published_time\" content=\"2024-09-20T13:53:50+00:00\" \/>\n<meta property=\"article:modified_time\" content=\"2024-09-20T13:55:29+00:00\" \/>\n<meta property=\"og:image\" content=\"https:\/\/v2charge.com\/wp-content\/uploads\/2024\/09\/trydan-borne-intelligente-photovoltaique-triphase.jpg\" \/>\n\t<meta property=\"og:image:width\" content=\"960\" \/>\n\t<meta property=\"og:image:height\" content=\"560\" \/>\n\t<meta property=\"og:image:type\" content=\"image\/jpeg\" \/>\n<meta name=\"author\" content=\"V2C\" \/>\n<meta name=\"twitter:card\" content=\"summary_large_image\" \/>\n<meta name=\"twitter:creator\" content=\"@V2C_Charge\" \/>\n<meta name=\"twitter:site\" content=\"@V2C_Charge\" \/>\n<meta name=\"twitter:label1\" content=\"Escrito por\" \/>\n\t<meta name=\"twitter:data1\" content=\"V2C\" \/>\n\t<meta name=\"twitter:label2\" content=\"Tempo estimado de leitura\" \/>\n\t<meta name=\"twitter:data2\" content=\"8 minutos\" \/>\n<script type=\"application\/ld+json\" class=\"yoast-schema-graph\">{\"@context\":\"https:\/\/schema.org\",\"@graph\":[{\"@type\":\"Article\",\"@id\":\"https:\/\/v2charge.com\/pt-pt\/a-estac-o-de-carregamento-inteligente-fotovoltaica-uma-revoluc-o-para-o-carregamento-de-veiculos-eletricos\/#article\",\"isPartOf\":{\"@id\":\"https:\/\/v2charge.com\/pt-pt\/a-estac-o-de-carregamento-inteligente-fotovoltaica-uma-revoluc-o-para-o-carregamento-de-veiculos-eletricos\/\"},\"author\":{\"name\":\"V2C\",\"@id\":\"https:\/\/v2charge.com\/pt-pt\/#\/schema\/person\/d6f210a94a856acdddec347b2127fd0f\"},\"headline\":\"A esta\u00e7\u00e3o de carregamento inteligente fotovoltaica: uma revolu\u00e7\u00e3o para o carregamento de ve\u00edculos el\u00e9tricos\",\"datePublished\":\"2024-09-20T13:53:50+00:00\",\"dateModified\":\"2024-09-20T13:55:29+00:00\",\"mainEntityOfPage\":{\"@id\":\"https:\/\/v2charge.com\/pt-pt\/a-estac-o-de-carregamento-inteligente-fotovoltaica-uma-revoluc-o-para-o-carregamento-de-veiculos-eletricos\/\"},\"wordCount\":1553,\"publisher\":{\"@id\":\"https:\/\/v2charge.com\/pt-pt\/#organization\"},\"image\":{\"@id\":\"https:\/\/v2charge.com\/pt-pt\/a-estac-o-de-carregamento-inteligente-fotovoltaica-uma-revoluc-o-para-o-carregamento-de-veiculos-eletricos\/#primaryimage\"},\"thumbnailUrl\":\"https:\/\/v2charge.com\/wp-content\/uploads\/2024\/09\/trydan-borne-intelligente-photovoltaique-triphase.jpg\",\"inLanguage\":\"pt-PT\"},{\"@type\":\"WebPage\",\"@id\":\"https:\/\/v2charge.com\/pt-pt\/a-estac-o-de-carregamento-inteligente-fotovoltaica-uma-revoluc-o-para-o-carregamento-de-veiculos-eletricos\/\",\"url\":\"https:\/\/v2charge.com\/pt-pt\/a-estac-o-de-carregamento-inteligente-fotovoltaica-uma-revoluc-o-para-o-carregamento-de-veiculos-eletricos\/\",\"name\":\"A Borne de Carregamento Inteligente Fotovoltaica | V2C\",\"isPartOf\":{\"@id\":\"https:\/\/v2charge.com\/pt-pt\/#website\"},\"primaryImageOfPage\":{\"@id\":\"https:\/\/v2charge.com\/pt-pt\/a-estac-o-de-carregamento-inteligente-fotovoltaica-uma-revoluc-o-para-o-carregamento-de-veiculos-eletricos\/#primaryimage\"},\"image\":{\"@id\":\"https:\/\/v2charge.com\/pt-pt\/a-estac-o-de-carregamento-inteligente-fotovoltaica-uma-revoluc-o-para-o-carregamento-de-veiculos-eletricos\/#primaryimage\"},\"thumbnailUrl\":\"https:\/\/v2charge.com\/wp-content\/uploads\/2024\/09\/trydan-borne-intelligente-photovoltaique-triphase.jpg\",\"datePublished\":\"2024-09-20T13:53:50+00:00\",\"dateModified\":\"2024-09-20T13:55:29+00:00\",\"description\":\"A esta\u00e7\u00e3o de carregamento inteligente fotovoltaica, um avan\u00e7o significativo no carregamento de ve\u00edculos el\u00e9tricos.\",\"breadcrumb\":{\"@id\":\"https:\/\/v2charge.com\/pt-pt\/a-estac-o-de-carregamento-inteligente-fotovoltaica-uma-revoluc-o-para-o-carregamento-de-veiculos-eletricos\/#breadcrumb\"},\"inLanguage\":\"pt-PT\",\"potentialAction\":[{\"@type\":\"ReadAction\",\"target\":[\"https:\/\/v2charge.com\/pt-pt\/a-estac-o-de-carregamento-inteligente-fotovoltaica-uma-revoluc-o-para-o-carregamento-de-veiculos-eletricos\/\"]}]},{\"@type\":\"ImageObject\",\"inLanguage\":\"pt-PT\",\"@id\":\"https:\/\/v2charge.com\/pt-pt\/a-estac-o-de-carregamento-inteligente-fotovoltaica-uma-revoluc-o-para-o-carregamento-de-veiculos-eletricos\/#primaryimage\",\"url\":\"https:\/\/v2charge.com\/wp-content\/uploads\/2024\/09\/trydan-borne-intelligente-photovoltaique-triphase.jpg\",\"contentUrl\":\"https:\/\/v2charge.com\/wp-content\/uploads\/2024\/09\/trydan-borne-intelligente-photovoltaique-triphase.jpg\",\"width\":960,\"height\":560},{\"@type\":\"BreadcrumbList\",\"@id\":\"https:\/\/v2charge.com\/pt-pt\/a-estac-o-de-carregamento-inteligente-fotovoltaica-uma-revoluc-o-para-o-carregamento-de-veiculos-eletricos\/#breadcrumb\",\"itemListElement\":[{\"@type\":\"ListItem\",\"position\":1,\"name\":\"V2C\",\"item\":\"https:\/\/v2charge.com\/pt-pt\/\"},{\"@type\":\"ListItem\",\"position\":2,\"name\":\"A esta\u00e7\u00e3o de carregamento inteligente fotovoltaica: uma revolu\u00e7\u00e3o para o carregamento de ve\u00edculos el\u00e9tricos\"}]},{\"@type\":\"WebSite\",\"@id\":\"https:\/\/v2charge.com\/pt-pt\/#website\",\"url\":\"https:\/\/v2charge.com\/pt-pt\/\",\"name\":\"V2C\",\"description\":\"#CargandoElMa\u00f1ana\",\"publisher\":{\"@id\":\"https:\/\/v2charge.com\/pt-pt\/#organization\"},\"potentialAction\":[{\"@type\":\"SearchAction\",\"target\":{\"@type\":\"EntryPoint\",\"urlTemplate\":\"https:\/\/v2charge.com\/pt-pt\/?s={search_term_string}\"},\"query-input\":{\"@type\":\"PropertyValueSpecification\",\"valueRequired\":true,\"valueName\":\"search_term_string\"}}],\"inLanguage\":\"pt-PT\"},{\"@type\":\"Organization\",\"@id\":\"https:\/\/v2charge.com\/pt-pt\/#organization\",\"name\":\"V2C\",\"url\":\"https:\/\/v2charge.com\/pt-pt\/\",\"logo\":{\"@type\":\"ImageObject\",\"inLanguage\":\"pt-PT\",\"@id\":\"https:\/\/v2charge.com\/pt-pt\/#\/schema\/logo\/image\/\",\"url\":\"https:\/\/v2charge.com\/wp-content\/uploads\/2024\/11\/cropped-v2c-charge-logo-menu.png\",\"contentUrl\":\"https:\/\/v2charge.com\/wp-content\/uploads\/2024\/11\/cropped-v2c-charge-logo-menu.png\",\"width\":984,\"height\":431,\"caption\":\"V2C\"},\"image\":{\"@id\":\"https:\/\/v2charge.com\/pt-pt\/#\/schema\/logo\/image\/\"},\"sameAs\":[\"https:\/\/www.facebook.com\/V2C.Charge\",\"https:\/\/x.com\/V2C_Charge\",\"https:\/\/www.instagram.com\/v2c.charge\/\",\"https:\/\/www.youtube.com\/@V2C\",\"https:\/\/www.linkedin.com\/company\/v2c-chargers\/\"]},{\"@type\":\"Person\",\"@id\":\"https:\/\/v2charge.com\/pt-pt\/#\/schema\/person\/d6f210a94a856acdddec347b2127fd0f\",\"name\":\"V2C\",\"image\":{\"@type\":\"ImageObject\",\"inLanguage\":\"pt-PT\",\"@id\":\"https:\/\/v2charge.com\/pt-pt\/#\/schema\/person\/image\/\",\"url\":\"https:\/\/secure.gravatar.com\/avatar\/a91128c4c0d2f4d63bd586301fdec6cc9aa49c885839b25d1c62700f529f267c?s=96&d=mm&r=g\",\"contentUrl\":\"https:\/\/secure.gravatar.com\/avatar\/a91128c4c0d2f4d63bd586301fdec6cc9aa49c885839b25d1c62700f529f267c?s=96&d=mm&r=g\",\"caption\":\"V2C\"}}]}<\/script>\n<!-- \/ Yoast SEO plugin. -->","yoast_head_json":{"title":"A Borne de Carregamento Inteligente Fotovoltaica | V2C","description":"A esta\u00e7\u00e3o de carregamento inteligente fotovoltaica, um avan\u00e7o significativo no carregamento de ve\u00edculos el\u00e9tricos.","robots":{"index":"index","follow":"follow","max-snippet":"max-snippet:-1","max-image-preview":"max-image-preview:large","max-video-preview":"max-video-preview:-1"},"canonical":"https:\/\/v2charge.com\/pt-pt\/a-estac-o-de-carregamento-inteligente-fotovoltaica-uma-revoluc-o-para-o-carregamento-de-veiculos-eletricos\/","og_locale":"pt_PT","og_type":"article","og_title":"A Borne de Carregamento Inteligente Fotovoltaica | V2C","og_description":"A esta\u00e7\u00e3o de carregamento inteligente fotovoltaica, um avan\u00e7o significativo no carregamento de ve\u00edculos el\u00e9tricos.","og_url":"https:\/\/v2charge.com\/pt-pt\/a-estac-o-de-carregamento-inteligente-fotovoltaica-uma-revoluc-o-para-o-carregamento-de-veiculos-eletricos\/","og_site_name":"V2C","article_publisher":"https:\/\/www.facebook.com\/V2C.Charge","article_published_time":"2024-09-20T13:53:50+00:00","article_modified_time":"2024-09-20T13:55:29+00:00","og_image":[{"width":960,"height":560,"url":"https:\/\/v2charge.com\/wp-content\/uploads\/2024\/09\/trydan-borne-intelligente-photovoltaique-triphase.jpg","type":"image\/jpeg"}],"author":"V2C","twitter_card":"summary_large_image","twitter_creator":"@V2C_Charge","twitter_site":"@V2C_Charge","twitter_misc":{"Escrito por":"V2C","Tempo estimado de leitura":"8 minutos"},"schema":{"@context":"https:\/\/schema.org","@graph":[{"@type":"Article","@id":"https:\/\/v2charge.com\/pt-pt\/a-estac-o-de-carregamento-inteligente-fotovoltaica-uma-revoluc-o-para-o-carregamento-de-veiculos-eletricos\/#article","isPartOf":{"@id":"https:\/\/v2charge.com\/pt-pt\/a-estac-o-de-carregamento-inteligente-fotovoltaica-uma-revoluc-o-para-o-carregamento-de-veiculos-eletricos\/"},"author":{"name":"V2C","@id":"https:\/\/v2charge.com\/pt-pt\/#\/schema\/person\/d6f210a94a856acdddec347b2127fd0f"},"headline":"A esta\u00e7\u00e3o de carregamento inteligente fotovoltaica: uma revolu\u00e7\u00e3o para o carregamento de ve\u00edculos el\u00e9tricos","datePublished":"2024-09-20T13:53:50+00:00","dateModified":"2024-09-20T13:55:29+00:00","mainEntityOfPage":{"@id":"https:\/\/v2charge.com\/pt-pt\/a-estac-o-de-carregamento-inteligente-fotovoltaica-uma-revoluc-o-para-o-carregamento-de-veiculos-eletricos\/"},"wordCount":1553,"publisher":{"@id":"https:\/\/v2charge.com\/pt-pt\/#organization"},"image":{"@id":"https:\/\/v2charge.com\/pt-pt\/a-estac-o-de-carregamento-inteligente-fotovoltaica-uma-revoluc-o-para-o-carregamento-de-veiculos-eletricos\/#primaryimage"},"thumbnailUrl":"https:\/\/v2charge.com\/wp-content\/uploads\/2024\/09\/trydan-borne-intelligente-photovoltaique-triphase.jpg","inLanguage":"pt-PT"},{"@type":"WebPage","@id":"https:\/\/v2charge.com\/pt-pt\/a-estac-o-de-carregamento-inteligente-fotovoltaica-uma-revoluc-o-para-o-carregamento-de-veiculos-eletricos\/","url":"https:\/\/v2charge.com\/pt-pt\/a-estac-o-de-carregamento-inteligente-fotovoltaica-uma-revoluc-o-para-o-carregamento-de-veiculos-eletricos\/","name":"A Borne de Carregamento Inteligente Fotovoltaica | V2C","isPartOf":{"@id":"https:\/\/v2charge.com\/pt-pt\/#website"},"primaryImageOfPage":{"@id":"https:\/\/v2charge.com\/pt-pt\/a-estac-o-de-carregamento-inteligente-fotovoltaica-uma-revoluc-o-para-o-carregamento-de-veiculos-eletricos\/#primaryimage"},"image":{"@id":"https:\/\/v2charge.com\/pt-pt\/a-estac-o-de-carregamento-inteligente-fotovoltaica-uma-revoluc-o-para-o-carregamento-de-veiculos-eletricos\/#primaryimage"},"thumbnailUrl":"https:\/\/v2charge.com\/wp-content\/uploads\/2024\/09\/trydan-borne-intelligente-photovoltaique-triphase.jpg","datePublished":"2024-09-20T13:53:50+00:00","dateModified":"2024-09-20T13:55:29+00:00","description":"A esta\u00e7\u00e3o de carregamento inteligente fotovoltaica, um avan\u00e7o significativo no carregamento de ve\u00edculos el\u00e9tricos.","breadcrumb":{"@id":"https:\/\/v2charge.com\/pt-pt\/a-estac-o-de-carregamento-inteligente-fotovoltaica-uma-revoluc-o-para-o-carregamento-de-veiculos-eletricos\/#breadcrumb"},"inLanguage":"pt-PT","potentialAction":[{"@type":"ReadAction","target":["https:\/\/v2charge.com\/pt-pt\/a-estac-o-de-carregamento-inteligente-fotovoltaica-uma-revoluc-o-para-o-carregamento-de-veiculos-eletricos\/"]}]},{"@type":"ImageObject","inLanguage":"pt-PT","@id":"https:\/\/v2charge.com\/pt-pt\/a-estac-o-de-carregamento-inteligente-fotovoltaica-uma-revoluc-o-para-o-carregamento-de-veiculos-eletricos\/#primaryimage","url":"https:\/\/v2charge.com\/wp-content\/uploads\/2024\/09\/trydan-borne-intelligente-photovoltaique-triphase.jpg","contentUrl":"https:\/\/v2charge.com\/wp-content\/uploads\/2024\/09\/trydan-borne-intelligente-photovoltaique-triphase.jpg","width":960,"height":560},{"@type":"BreadcrumbList","@id":"https:\/\/v2charge.com\/pt-pt\/a-estac-o-de-carregamento-inteligente-fotovoltaica-uma-revoluc-o-para-o-carregamento-de-veiculos-eletricos\/#breadcrumb","itemListElement":[{"@type":"ListItem","position":1,"name":"V2C","item":"https:\/\/v2charge.com\/pt-pt\/"},{"@type":"ListItem","position":2,"name":"A esta\u00e7\u00e3o de carregamento inteligente fotovoltaica: uma revolu\u00e7\u00e3o para o carregamento de ve\u00edculos el\u00e9tricos"}]},{"@type":"WebSite","@id":"https:\/\/v2charge.com\/pt-pt\/#website","url":"https:\/\/v2charge.com\/pt-pt\/","name":"V2C","description":"#CargandoElMa\u00f1ana","publisher":{"@id":"https:\/\/v2charge.com\/pt-pt\/#organization"},"potentialAction":[{"@type":"SearchAction","target":{"@type":"EntryPoint","urlTemplate":"https:\/\/v2charge.com\/pt-pt\/?s={search_term_string}"},"query-input":{"@type":"PropertyValueSpecification","valueRequired":true,"valueName":"search_term_string"}}],"inLanguage":"pt-PT"},{"@type":"Organization","@id":"https:\/\/v2charge.com\/pt-pt\/#organization","name":"V2C","url":"https:\/\/v2charge.com\/pt-pt\/","logo":{"@type":"ImageObject","inLanguage":"pt-PT","@id":"https:\/\/v2charge.com\/pt-pt\/#\/schema\/logo\/image\/","url":"https:\/\/v2charge.com\/wp-content\/uploads\/2024\/11\/cropped-v2c-charge-logo-menu.png","contentUrl":"https:\/\/v2charge.com\/wp-content\/uploads\/2024\/11\/cropped-v2c-charge-logo-menu.png","width":984,"height":431,"caption":"V2C"},"image":{"@id":"https:\/\/v2charge.com\/pt-pt\/#\/schema\/logo\/image\/"},"sameAs":["https:\/\/www.facebook.com\/V2C.Charge","https:\/\/x.com\/V2C_Charge","https:\/\/www.instagram.com\/v2c.charge\/","https:\/\/www.youtube.com\/@V2C","https:\/\/www.linkedin.com\/company\/v2c-chargers\/"]},{"@type":"Person","@id":"https:\/\/v2charge.com\/pt-pt\/#\/schema\/person\/d6f210a94a856acdddec347b2127fd0f","name":"V2C","image":{"@type":"ImageObject","inLanguage":"pt-PT","@id":"https:\/\/v2charge.com\/pt-pt\/#\/schema\/person\/image\/","url":"https:\/\/secure.gravatar.com\/avatar\/a91128c4c0d2f4d63bd586301fdec6cc9aa49c885839b25d1c62700f529f267c?s=96&d=mm&r=g","contentUrl":"https:\/\/secure.gravatar.com\/avatar\/a91128c4c0d2f4d63bd586301fdec6cc9aa49c885839b25d1c62700f529f267c?s=96&d=mm&r=g","caption":"V2C"}}]}},"uagb_featured_image_src":{"full":["https:\/\/v2charge.com\/wp-content\/uploads\/2024\/09\/trydan-borne-intelligente-photovoltaique-triphase.jpg",960,560,false],"thumbnail":["https:\/\/v2charge.com\/wp-content\/uploads\/2024\/09\/trydan-borne-intelligente-photovoltaique-triphase-150x150.jpg",150,150,true],"medium":["https:\/\/v2charge.com\/wp-content\/uploads\/2024\/09\/trydan-borne-intelligente-photovoltaique-triphase-300x175.jpg",300,175,true],"medium_large":["https:\/\/v2charge.com\/wp-content\/uploads\/2024\/09\/trydan-borne-intelligente-photovoltaique-triphase-768x448.jpg",768,448,true],"large":["https:\/\/v2charge.com\/wp-content\/uploads\/2024\/09\/trydan-borne-intelligente-photovoltaique-triphase.jpg",960,560,false],"gs-tiny":["https:\/\/v2charge.com\/wp-content\/uploads\/2024\/09\/trydan-borne-intelligente-photovoltaique-triphase.jpg",50,29,false],"xl":["https:\/\/v2charge.com\/wp-content\/uploads\/2024\/09\/trydan-borne-intelligente-photovoltaique-triphase.jpg",960,560,false],"xxl":["https:\/\/v2charge.com\/wp-content\/uploads\/2024\/09\/trydan-borne-intelligente-photovoltaique-triphase.jpg",960,560,false],"xxxl":["https:\/\/v2charge.com\/wp-content\/uploads\/2024\/09\/trydan-borne-intelligente-photovoltaique-triphase.jpg",960,560,false],"xxxxl":["https:\/\/v2charge.com\/wp-content\/uploads\/2024\/09\/trydan-borne-intelligente-photovoltaique-triphase.jpg",960,560,false],"xxxxxl":["https:\/\/v2charge.com\/wp-content\/uploads\/2024\/09\/trydan-borne-intelligente-photovoltaique-triphase.jpg",960,560,false],"1536x1536":["https:\/\/v2charge.com\/wp-content\/uploads\/2024\/09\/trydan-borne-intelligente-photovoltaique-triphase.jpg",960,560,false],"2048x2048":["https:\/\/v2charge.com\/wp-content\/uploads\/2024\/09\/trydan-borne-intelligente-photovoltaique-triphase.jpg",960,560,false]},"uagb_author_info":{"display_name":"V2C","author_link":"https:\/\/v2charge.com\/pt-pt\/author\/marketing\/"},"uagb_comment_info":0,"uagb_excerpt":"Num contexto marcado pelo aumento da eletrifica\u00e7\u00e3o e pela consci\u00eancia ambiental, a esta\u00e7\u00e3o de carregamento inteligente fotovoltaica imp\u00f5e-se como uma solu\u00e7\u00e3o inovadora e sustent\u00e1vel para ve\u00edculos el\u00e9tricos (VE). Ao integrar-se de forma otimizada aos sistemas solares existentes, esta tecnologia permite maximizar a explora\u00e7\u00e3o da energia solar, ao mesmo tempo que reduz os custos energ\u00e9ticos e&hellip;","_links":{"self":[{"href":"https:\/\/v2charge.com\/pt-pt\/wp-json\/wp\/v2\/posts\/306845","targetHints":{"allow":["GET"]}}],"collection":[{"href":"https:\/\/v2charge.com\/pt-pt\/wp-json\/wp\/v2\/posts"}],"about":[{"href":"https:\/\/v2charge.com\/pt-pt\/wp-json\/wp\/v2\/types\/post"}],"author":[{"embeddable":true,"href":"https:\/\/v2charge.com\/pt-pt\/wp-json\/wp\/v2\/users\/400"}],"replies":[{"embeddable":true,"href":"https:\/\/v2charge.com\/pt-pt\/wp-json\/wp\/v2\/comments?post=306845"}],"version-history":[{"count":0,"href":"https:\/\/v2charge.com\/pt-pt\/wp-json\/wp\/v2\/posts\/306845\/revisions"}],"wp:featuredmedia":[{"embeddable":true,"href":"https:\/\/v2charge.com\/pt-pt\/wp-json\/wp\/v2\/media\/178843"}],"wp:attachment":[{"href":"https:\/\/v2charge.com\/pt-pt\/wp-json\/wp\/v2\/media?parent=306845"}],"wp:term":[{"taxonomy":"category","embeddable":true,"href":"https:\/\/v2charge.com\/pt-pt\/wp-json\/wp\/v2\/categories?post=306845"},{"taxonomy":"post_tag","embeddable":true,"href":"https:\/\/v2charge.com\/pt-pt\/wp-json\/wp\/v2\/tags?post=306845"}],"curies":[{"name":"wp","href":"https:\/\/api.w.org\/{rel}","templated":true}]}}