{"id":306862,"date":"2025-09-08T12:17:01","date_gmt":"2025-09-08T10:17:01","guid":{"rendered":""},"modified":"2025-11-27T18:05:33","modified_gmt":"2025-11-27T16:05:33","slug":"furgonetas-hibridas-plug-in-a-revoluc-o-do-transporte-sustentavel","status":"publish","type":"post","link":"https:\/\/v2charge.com\/pt-pt\/furgonetas-hibridas-plug-in-a-revoluc-o-do-transporte-sustentavel\/","title":{"rendered":"Furgonetas h\u00edbridas plug-in: a revolu\u00e7\u00e3o do transporte sustent\u00e1vel"},"content":{"rendered":"<p><span style=\"font-weight: 400;\">As furgonetas h\u00edbridas plug-in est\u00e3o a marcar uma nova era na mobilidade sustent\u00e1vel. Segundo estimativas recentes, <strong>as vendas de ve\u00edculos h\u00edbridos na Europa cresceram 30% no \u00faltimo ano<\/strong>, refletindo a <strong>crescente demanda por solu\u00e7\u00f5es de transporte limpas e eficientes.<\/strong> Na <\/span>V2C<span style=\"font-weight: 400;\">, sabemos que a combina\u00e7\u00e3o de sustentabilidade e tecnologia \u00e9 fundamental para o futuro do transporte, e os nossos <strong><a href=\"https:\/\/v2charge.com\/pt-pt\/es\/\">carregadores de carro el\u00e9trico<\/a><\/strong> foram projetados para facilitar essa transi\u00e7\u00e3o.<\/span><\/p>\n<p>Continue a ler e contamos tudo sobre as furgonetas h\u00edbridas plug-in mais populares de 2025.<\/p>\n<h2>O que torna as furgonetas h\u00edbridas plug-in especiais<\/h2>\n<p><span style=\"font-weight: 400;\">Os <a href=\"https:\/\/v2charge.com\/pt-pt\/es\/coches-hibridos-enchufables-mayor-autonomia\/\"><strong>carros h\u00edbridos plug-in com maior autonomia<\/strong><\/a><\/span><span style=\"font-weight: 400;\"> combinam um motor el\u00e9trico e um de combust\u00e3o interna. Estes ve\u00edculos <strong>podem percorrer trajetos urbanos em modo el\u00e9trico e, ao mesmo tempo, usar o motor de combust\u00e3o para dist\u00e2ncias longas<\/strong>, garantindo uma maior autonomia.\u00a0<\/span><\/p>\n<p><span style=\"font-weight: 400;\">Estas caracter\u00edsticas tornam as novas furgonetas h\u00edbridas plug-in uma <strong>op\u00e7\u00e3o ideal tanto para neg\u00f3cios que precisam de ve\u00edculos para o seu dia a dia como para particulares<\/strong> que buscam sustentabilidade sem comprometer o desempenho.<br \/><\/span><\/p>\n<h2>Vantagens de escolher uma furgoneta h\u00edbrida plug-in<\/h2>\n<p><span style=\"font-weight: 400;\">As furgonetas h\u00edbridas plug-in destacam-se por combinar sustentabilidade, economia e tecnologia. O seu funcionamento em modo el\u00e9trico reduz significativamente as emiss\u00f5es de CO\u2082 e a <strong>possibilidade de recarreg\u00e1-las em casa ou em esta\u00e7\u00f5es p\u00fablicas reduz o seu custo de uso<\/strong>.<\/span><\/p>\n<p><span style=\"font-weight: 400;\">S\u00e3o ve\u00edculos vers\u00e1teis, ideais para trajetos urbanos e viagens longas, com a tranquilidade de contar com autonomia estendida gra\u00e7as ao motor de combust\u00e3o. Al\u00e9m disso, <strong>a etiqueta CERO da DGT<\/strong> permite o acesso a zonas de baixas emiss\u00f5es, uma grande vantagem em ambientes urbanos.<\/span><\/p>\n<p><span style=\"font-weight: 400;\"><strong>Projetadas com sistemas avan\u00e7ados de conectividade e seguran\u00e7a,<\/strong> estas furgonetas n\u00e3o s\u00e3o apenas eficientes, mas tamb\u00e9m confort\u00e1veis e tecnologicamente modernas, ideais tanto para empresas como para particulares.<\/span><\/p>\n<h2>Modelos destacados de furgonetas h\u00edbridas plug-in<\/h2>\n<p><span style=\"font-size: inherit; color: var(--contrast); font-family: -apple-system, system-ui, BlinkMacSystemFont, 'Segoe UI', Helvetica, Arial, sans-serif, 'Apple Color Emoji', 'Segoe UI Emoji', 'Segoe UI Symbol';\">O mercado das furgonetas h\u00edbridas plug-in <\/span><strong style=\"font-size: inherit; color: var(--contrast); font-family: -apple-system, system-ui, BlinkMacSystemFont, 'Segoe UI', Helvetica, Arial, sans-serif, 'Apple Color Emoji', 'Segoe UI Emoji', 'Segoe UI Symbol';\">continua a evoluir com modelos que se destacam pela sua efici\u00eancia, design e tecnologia.<\/strong><span style=\"font-size: inherit; color: var(--contrast); font-family: -apple-system, system-ui, BlinkMacSystemFont, 'Segoe UI', Helvetica, Arial, sans-serif, 'Apple Color Emoji', 'Segoe UI Emoji', 'Segoe UI Symbol';\"> A seguir, exploramos alguns dos modelos mais destacados de furgonetas h\u00edbridas.<\/span><\/p>\n<h3>Ford Transit Custom PHEV: uma furgoneta h\u00edbrida para uso profissional<\/h3>\n<p><span style=\"font-weight: 400;\">Este modelo combina espa\u00e7o, efici\u00eancia e tecnologia, tornando-se a <strong>op\u00e7\u00e3o preferida para neg\u00f3cios que requerem o transporte de grandes quantidades de carga.<\/strong><\/span><\/p>\n<p><img decoding=\"async\" class=\"alignnone size-full wp-image-194802\" src=\"https:\/\/v2charge.com\/wp-content\/uploads\/2024\/12\/ford-transit-custom-phev-furgoneta-hibrida.jpg\" alt=\"Ford custom furgoneta h\u00edbrida\" width=\"960\" height=\"560\" srcset=\"https:\/\/v2charge.com\/wp-content\/uploads\/2024\/12\/ford-transit-custom-phev-furgoneta-hibrida.jpg 960w, https:\/\/v2charge.com\/wp-content\/uploads\/2024\/12\/ford-transit-custom-phev-furgoneta-hibrida-300x175.jpg 300w, https:\/\/v2charge.com\/wp-content\/uploads\/2024\/12\/ford-transit-custom-phev-furgoneta-hibrida-768x448.jpg 768w, https:\/\/v2charge.com\/wp-content\/uploads\/2024\/12\/ford-transit-custom-phev-furgoneta-hibrida-50x29.jpg 50w\" sizes=\"(max-width: 960px) 100vw, 960px\" \/><\/p>\n<p><b>Caracter\u00edsticas principais:<\/b><\/p>\n<ul>\n<li style=\"font-weight: 400;\" aria-level=\"1\"><span style=\"font-weight: 400;\">Autonomia el\u00e9trica: 56 km.<\/span><\/li>\n<li style=\"font-weight: 400;\" aria-level=\"1\"><span style=\"font-weight: 400;\">Capacidade de carga: 1.130 kg.<\/span><\/li>\n<li style=\"font-weight: 400;\" aria-level=\"1\"><span style=\"font-weight: 400;\">Consumo combinado: 1,6 l\/100 km.<\/span><\/li>\n<li style=\"font-weight: 400;\" aria-level=\"1\"><span style=\"font-weight: 400;\">Pot\u00eancia: 232 CV.<\/span><\/li>\n<\/ul>\n<p><span style=\"font-weight: 400;\">A <\/span><b>Ford Transit Custom PHEV<\/b><span style=\"font-weight: 400;\"> \u00e9 ideal para quem busca versatilidade e capacidade de carga, demonstrando que uma furgoneta h\u00edbrida tamb\u00e9m <strong>pode ter uma grande capacidade de resist\u00eancia ao transportar mercadorias.<\/strong><\/span><\/p>\n<h3 id=\"mercedes-benz-evito-tourer-phev-lujo-y-eficiencia\" class=\"mb-2 mt-4 font-display font-semimedium text-base first:mt-0 md:text-lg [hr+&amp;]:mt-4\">Mercedes-Benz eVito Tourer PHEV: luxo e efici\u00eancia numa furgoneta premium<\/h3>\n<p class=\"my-2 [&amp;+p]:mt-4 [&amp;_strong:has(+br)]:inline-block [&amp;_strong:has(+br)]:pb-2\">A Mercedes-Benz eVito Tourer PHEV combina autonomia el\u00e9trica superior, design premium e capacidade para at\u00e9 9 passageiros, pensada tanto para transporte profissional como familiar.<\/p>\n<p><img decoding=\"async\" class=\"alignnone size-full wp-image-247839\" src=\"https:\/\/v2charge.com\/wp-content\/uploads\/2025\/09\/furgonetas-hibridas-enchufables-mercedes-benz-evito-tourer-phev.jpg\" alt=\"Furgonetas h\u00edbridas enchuf\u00e1veis Mercedes Benz Evito Tourer PHEV\" width=\"960\" height=\"560\" srcset=\"https:\/\/v2charge.com\/wp-content\/uploads\/2025\/09\/furgonetas-hibridas-enchufables-mercedes-benz-evito-tourer-phev.jpg 960w, https:\/\/v2charge.com\/wp-content\/uploads\/2025\/09\/furgonetas-hibridas-enchufables-mercedes-benz-evito-tourer-phev-300x175.jpg 300w, https:\/\/v2charge.com\/wp-content\/uploads\/2025\/09\/furgonetas-hibridas-enchufables-mercedes-benz-evito-tourer-phev-768x448.jpg 768w, https:\/\/v2charge.com\/wp-content\/uploads\/2025\/09\/furgonetas-hibridas-enchufables-mercedes-benz-evito-tourer-phev-50x29.jpg 50w\" sizes=\"(max-width: 960px) 100vw, 960px\" \/><\/p>\n<p class=\"my-2 [&amp;+p]:mt-4 [&amp;_strong:has(+br)]:inline-block [&amp;_strong:has(+br)]:pb-2\">Caracter\u00edsticas principais:<\/p>\n<ul>\n<li class=\"my-2 [&amp;+p]:mt-4 [&amp;_strong:has(+br)]:inline-block [&amp;_strong:has(+br)]:pb-2\">Autonomia el\u00e9trica: 181 km.<\/li>\n<li class=\"my-2 [&amp;+p]:mt-4 [&amp;_strong:has(+br)]:inline-block [&amp;_strong:has(+br)]:pb-2\">Pot\u00eancia: 116 CV.<\/li>\n<li class=\"my-2 [&amp;+p]:mt-4 [&amp;_strong:has(+br)]:inline-block [&amp;_strong:has(+br)]:pb-2\">Bateria: 100 kWh (90 kWh \u00fateis).<\/li>\n<li class=\"my-2 [&amp;+p]:mt-4 [&amp;_strong:has(+br)]:inline-block [&amp;_strong:has(+br)]:pb-2\">Capacidade: at\u00e9 9 passageiros ou amplo espa\u00e7o de carga.<\/li>\n<\/ul>\n<p class=\"my-2 [&amp;+p]:mt-4 [&amp;_strong:has(+br)]:inline-block [&amp;_strong:has(+br)]:pb-2\">A Mercedes-Benz eVito Tourer PHEV \u00e9 a op\u00e7\u00e3o ideal para quem busca uma furgoneta premium com grande autonomia, luxo interior e tecnologia de refer\u00eancia no segmento.<\/p>\n<h3>A furgoneta h\u00edbrida plug-in, Ford Transit Connect, ideal para a cidade<\/h3>\n<p><span style=\"font-weight: 400;\">Um modelo de \u00faltima gera\u00e7\u00e3o <strong>projetado para tirar o melhor proveito da condu\u00e7\u00e3o urbana<\/strong> e da mobilidade na cidade.<\/span><\/p>\n<p><img decoding=\"async\" class=\"alignnone size-full wp-image-194812\" src=\"https:\/\/v2charge.com\/wp-content\/uploads\/2024\/12\/furgonetas-hibridas-enchufables.jpg\" alt=\"Ford furgoneta h\u00edbrida enchuf\u00e1vel\" width=\"960\" height=\"560\" srcset=\"https:\/\/v2charge.com\/wp-content\/uploads\/2024\/12\/furgonetas-hibridas-enchufables.jpg 960w, https:\/\/v2charge.com\/wp-content\/uploads\/2024\/12\/furgonetas-hibridas-enchufables-300x175.jpg 300w, https:\/\/v2charge.com\/wp-content\/uploads\/2024\/12\/furgonetas-hibridas-enchufables-768x448.jpg 768w, https:\/\/v2charge.com\/wp-content\/uploads\/2024\/12\/furgonetas-hibridas-enchufables-50x29.jpg 50w\" sizes=\"(max-width: 960px) 100vw, 960px\" \/><\/p>\n<p><b>Caracter\u00edsticas principais:<\/b><\/p>\n<ul>\n<li style=\"font-weight: 400;\" aria-level=\"1\"><span style=\"font-weight: 400;\">Autonomia el\u00e9trica: At\u00e9 110 km.<\/span><\/li>\n<li style=\"font-weight: 400;\" aria-level=\"1\"><span style=\"font-weight: 400;\">Pot\u00eancia combinada: 150 CV.<\/span><\/li>\n<li style=\"font-weight: 400;\" aria-level=\"1\"><span style=\"font-weight: 400;\">Carga r\u00e1pida: CC de 50 kW.<\/span><\/li>\n<\/ul>\n<p><span style=\"font-weight: 400;\">Com uma autonomia el\u00e9trica superior, esta furgoneta \u00e9 <strong>perfeita para empresas que precisam realizar m\u00faltiplas entregas di\u00e1rias.<\/strong><\/span><\/p>\n<h2 id=\"ford-tourneo-custom-mhev-versatilidad-y-confort-en\" class=\"mb-2 mt-4 font-display font-semimedium text-base first:mt-0 md:text-lg [hr+&amp;]:mt-4\">Ford Tourneo Custom MHEV: versatilidade e conforto num h\u00edbrido leve<\/h2>\n<p class=\"my-2 [&amp;+p]:mt-4 [&amp;_strong:has(+br)]:inline-block [&amp;_strong:has(+br)]:pb-2\">A Ford Tourneo Custom MHEV \u00e9 uma furgoneta mild hybrid pr\u00e1tica e confort\u00e1vel, projetada para uso profissional e familiar, com configura\u00e7\u00f5es de at\u00e9 9 lugares.<\/p>\n<p><img decoding=\"async\" class=\"alignnone size-full wp-image-247827\" src=\"https:\/\/v2charge.com\/wp-content\/uploads\/2025\/09\/furgonetas-hibridas-ford-tourneo-custom.jpg\" alt=\"Furgonetas h\u00edbridas enchuf\u00e1veis Ford Tourneo Custom\" width=\"960\" height=\"560\" srcset=\"https:\/\/v2charge.com\/wp-content\/uploads\/2025\/09\/furgonetas-hibridas-ford-tourneo-custom.jpg 960w, https:\/\/v2charge.com\/wp-content\/uploads\/2025\/09\/furgonetas-hibridas-ford-tourneo-custom-300x175.jpg 300w, https:\/\/v2charge.com\/wp-content\/uploads\/2025\/09\/furgonetas-hibridas-ford-tourneo-custom-768x448.jpg 768w, https:\/\/v2charge.com\/wp-content\/uploads\/2025\/09\/furgonetas-hibridas-ford-tourneo-custom-50x29.jpg 50w\" sizes=\"(max-width: 960px) 100vw, 960px\" \/><\/p>\n<p class=\"my-2 [&amp;+p]:mt-4 [&amp;_strong:has(+br)]:inline-block [&amp;_strong:has(+br)]:pb-2\">Caracter\u00edsticas principais:<\/p>\n<ul>\n<li class=\"my-2 [&amp;+p]:mt-4 [&amp;_strong:has(+br)]:inline-block [&amp;_strong:has(+br)]:pb-2\">Pot\u00eancia: 131 CV ou 185 CV.<\/li>\n<li class=\"my-2 [&amp;+p]:mt-4 [&amp;_strong:has(+br)]:inline-block [&amp;_strong:has(+br)]:pb-2\">Sistema h\u00edbrido: MHEV de 48 V.<\/li>\n<li class=\"my-2 [&amp;+p]:mt-4 [&amp;_strong:has(+br)]:inline-block [&amp;_strong:has(+br)]:pb-2\">Autonomia el\u00e9trica: at\u00e9 53 km.<\/li>\n<li class=\"my-2 [&amp;+p]:mt-4 [&amp;_strong:has(+br)]:inline-block [&amp;_strong:has(+br)]:pb-2\">Bateria: 13,6 kWh.<\/li>\n<li class=\"my-2 [&amp;+p]:mt-4 [&amp;_strong:has(+br)]:inline-block [&amp;_strong:has(+br)]:pb-2\">Capacidade: at\u00e9 9 passageiros, dispon\u00edvel na vers\u00e3o premium Titanium X.<\/li>\n<\/ul>\n<p class=\"my-2 [&amp;+p]:mt-4 [&amp;_strong:has(+br)]:inline-block [&amp;_strong:has(+br)]:pb-2\">A Ford Tourneo Custom MHEV \u00e9 perfeita para quem busca uma furgoneta vers\u00e1til, eficiente e equipada, combinando praticidade di\u00e1ria com um interior de alto conforto.<\/p>\n<h3>Furgoneta h\u00edbrida Volkswagen Multivan eHybrid<\/h3>\n<p><span style=\"font-weight: 400;\">O equil\u00edbrio perfeito entre design, conforto e efici\u00eancia. Gra\u00e7as ao seu interior adequado tanto para uso pessoal como profissional, torna-se <strong>ideal tanto para fam\u00edlias como para empresas.<\/strong><\/span><\/p>\n<p><img decoding=\"async\" class=\"alignnone size-full wp-image-194792\" src=\"https:\/\/v2charge.com\/wp-content\/uploads\/2024\/12\/ford-multivan-furgoneta-hibrida.jpg\" alt=\"Furgoneta h\u00edbrida Volkswagen\" width=\"960\" height=\"560\" srcset=\"https:\/\/v2charge.com\/wp-content\/uploads\/2024\/12\/ford-multivan-furgoneta-hibrida.jpg 960w, https:\/\/v2charge.com\/wp-content\/uploads\/2024\/12\/ford-multivan-furgoneta-hibrida-300x175.jpg 300w, https:\/\/v2charge.com\/wp-content\/uploads\/2024\/12\/ford-multivan-furgoneta-hibrida-768x448.jpg 768w, https:\/\/v2charge.com\/wp-content\/uploads\/2024\/12\/ford-multivan-furgoneta-hibrida-50x29.jpg 50w\" sizes=\"(max-width: 960px) 100vw, 960px\" \/><\/p>\n<p><b>Caracter\u00edsticas principais:<\/b><\/p>\n<ul>\n<li style=\"font-weight: 400;\" aria-level=\"1\"><span style=\"font-weight: 400;\">Autonomia el\u00e9trica: 50 km.<\/span><\/li>\n<li style=\"font-weight: 400;\" aria-level=\"1\"><span style=\"font-weight: 400;\">Velocidade m\u00e1xima: 190 km\/h.<\/span><\/li>\n<li style=\"font-weight: 400;\" aria-level=\"1\"><span style=\"font-weight: 400;\">Consumo combinado: 1,8 l\/100 km.<\/span><\/li>\n<li style=\"font-weight: 400;\" aria-level=\"1\"><span style=\"font-weight: 400;\">Volume do porta-malas: 509 litros.<\/span><\/li>\n<\/ul>\n<p><span style=\"font-weight: 400;\">Al\u00e9m disso, o seu<strong> teto panor\u00e2mico<\/strong> e as fun\u00e7\u00f5es do <strong>computador de bordo<\/strong> adicionam um toque de modernidade a este ve\u00edculo sustent\u00e1vel.<\/span><\/p>\n<h3 id=\"volkswagen-caddy-phev-autonoma-y-espacio-en-un-dis\" class=\"mb-2 mt-4 font-display font-semimedium text-base first:mt-0 md:text-lg [hr+&amp;]:mt-4\">Volkswagen Caddy PHEV: autonomia e espa\u00e7o num design moderno<\/h3>\n<p class=\"my-2 [&amp;+p]:mt-4 [&amp;_strong:has(+br)]:inline-block [&amp;_strong:has(+br)]:pb-2\">A Volkswagen Caddy PHEV, ainda n\u00e3o dispon\u00edvel em Espanha, destaca-se pela sua excelente autonomia el\u00e9trica e grande espa\u00e7o interior numa furgoneta compacta.<\/p>\n<p><img decoding=\"async\" class=\"alignnone size-full wp-image-247864\" src=\"https:\/\/v2charge.com\/wp-content\/uploads\/2025\/09\/furgonetas-hibridas-enchufables-volkswagen-caddy.jpg\" alt=\"Furgonetas h\u00edbridas enchuf\u00e1veis Volkswagen Caddy PHEV\" width=\"960\" height=\"560\" srcset=\"https:\/\/v2charge.com\/wp-content\/uploads\/2025\/09\/furgonetas-hibridas-enchufables-volkswagen-caddy.jpg 960w, https:\/\/v2charge.com\/wp-content\/uploads\/2025\/09\/furgonetas-hibridas-enchufables-volkswagen-caddy-300x175.jpg 300w, https:\/\/v2charge.com\/wp-content\/uploads\/2025\/09\/furgonetas-hibridas-enchufables-volkswagen-caddy-768x448.jpg 768w, https:\/\/v2charge.com\/wp-content\/uploads\/2025\/09\/furgonetas-hibridas-enchufables-volkswagen-caddy-50x29.jpg 50w\" sizes=\"(max-width: 960px) 100vw, 960px\" \/><\/p>\n<p class=\"my-2 [&amp;+p]:mt-4 [&amp;_strong:has(+br)]:inline-block [&amp;_strong:has(+br)]:pb-2\">Caracter\u00edsticas principais:<\/p>\n<ul>\n<li class=\"my-2 [&amp;+p]:mt-4 [&amp;_strong:has(+br)]:inline-block [&amp;_strong:has(+br)]:pb-2\">Bateria: 19,7 kWh.<\/li>\n<li class=\"my-2 [&amp;+p]:mt-4 [&amp;_strong:has(+br)]:inline-block [&amp;_strong:has(+br)]:pb-2\">Autonomia el\u00e9trica: at\u00e9 122 km.<\/li>\n<li class=\"my-2 [&amp;+p]:mt-4 [&amp;_strong:has(+br)]:inline-block [&amp;_strong:has(+br)]:pb-2\">Comprimento: 4,5 m (padr\u00e3o) e 4,85 m (Maxi).<\/li>\n<li class=\"my-2 [&amp;+p]:mt-4 [&amp;_strong:has(+br)]:inline-block [&amp;_strong:has(+br)]:pb-2\">Design pr\u00e1tico e espa\u00e7oso para carga e transporte.<\/li>\n<\/ul>\n<p class=\"my-2 [&amp;+p]:mt-4 [&amp;_strong:has(+br)]:inline-block [&amp;_strong:has(+br)]:pb-2\">A Volkswagen Caddy PHEV apresenta-se como uma das op\u00e7\u00f5es mais competitivas do futuro pelo seu equil\u00edbrio entre autonomia, espa\u00e7o e efici\u00eancia.<\/p>\n<h3 id=\"kia-carnival-hybrid-espacio-y-confort-premium-para\" class=\"mb-2 mt-4 font-display font-semimedium text-base first:mt-0 md:text-lg [hr+&amp;]:mt-4\">Kia Carnival Hybrid: espa\u00e7o e conforto premium para fam\u00edlias<\/h3>\n<p class=\"my-2 [&amp;+p]:mt-4 [&amp;_strong:has(+br)]:inline-block [&amp;_strong:has(+br)]:pb-2\">A Kia Carnival Hybrid combina a amplitude de uma minivan com o estilo de um SUV, oferecendo presta\u00e7\u00f5es de \u00faltima gera\u00e7\u00e3o com uma grande capacidade de autonomia.<\/p>\n<p><img decoding=\"async\" class=\"alignnone size-full wp-image-247853\" src=\"https:\/\/v2charge.com\/wp-content\/uploads\/2025\/09\/furgonetas-hibridas-kia-carnival-hybrid.jpg\" alt=\"Furgonetas h\u00edbridas enchuf\u00e1veis Kia Carnival Hybrid\" width=\"960\" height=\"560\" srcset=\"https:\/\/v2charge.com\/wp-content\/uploads\/2025\/09\/furgonetas-hibridas-kia-carnival-hybrid.jpg 960w, https:\/\/v2charge.com\/wp-content\/uploads\/2025\/09\/furgonetas-hibridas-kia-carnival-hybrid-300x175.jpg 300w, https:\/\/v2charge.com\/wp-content\/uploads\/2025\/09\/furgonetas-hibridas-kia-carnival-hybrid-768x448.jpg 768w, https:\/\/v2charge.com\/wp-content\/uploads\/2025\/09\/furgonetas-hibridas-kia-carnival-hybrid-50x29.jpg 50w\" sizes=\"(max-width: 960px) 100vw, 960px\" \/><\/p>\n<p class=\"my-2 [&amp;+p]:mt-4 [&amp;_strong:has(+br)]:inline-block [&amp;_strong:has(+br)]:pb-2\">Caracter\u00edsticas principais:<\/p>\n<ul>\n<li class=\"my-2 [&amp;+p]:mt-4 [&amp;_strong:has(+br)]:inline-block [&amp;_strong:has(+br)]:pb-2\">Autonomia: 60 km em el\u00e9trico e 650 km combinados.<\/li>\n<li class=\"my-2 [&amp;+p]:mt-4 [&amp;_strong:has(+br)]:inline-block [&amp;_strong:has(+br)]:pb-2\">Bateria: 17 kWh.<\/li>\n<li class=\"my-2 [&amp;+p]:mt-4 [&amp;_strong:has(+br)]:inline-block [&amp;_strong:has(+br)]:pb-2\">Motor: 1.6 litros turbo com apoio el\u00e9trico.<\/li>\n<li class=\"my-2 [&amp;+p]:mt-4 [&amp;_strong:has(+br)]:inline-block [&amp;_strong:has(+br)]:pb-2\">Interior: ecr\u00e3s duplos, bancos ventilados e sistema de som premium.<\/li>\n<li class=\"my-2 [&amp;+p]:mt-4 [&amp;_strong:has(+br)]:inline-block [&amp;_strong:has(+br)]:pb-2\">Capacidade: ideal para fam\u00edlias numerosas ou transporte corporativo.<\/li>\n<\/ul>\n<p class=\"my-2 [&amp;+p]:mt-4 [&amp;_strong:has(+br)]:inline-block [&amp;_strong:has(+br)]:pb-2\">A Kia Carnival Hybrid \u00e9 uma furgoneta h\u00edbrida espa\u00e7osa e moderna, perfeita para quem busca conforto, estilo e efici\u00eancia em trajetos longos ou familiares.<\/p>\n<h2>O papel dos pontos de carga na mobilidade sustent\u00e1vel<\/h2>\n<p><span style=\"font-weight: 400;\">A aquisi\u00e7\u00e3o de <\/span>furgonetas h\u00edbridas plug-in<span style=\"font-weight: 400;\"> depende em grande medida de uma infraestrutura de carga adequada. Na <\/span>V2C<span style=\"font-weight: 400;\">, oferecemos <strong><a href=\"https:\/\/v2charge.com\/pt-pt\/es\/e-chargers\/\">solu\u00e7\u00f5es de carga<\/a> que se adaptam a lares e empresas, garantindo que os ve\u00edculos possam ser carregados de forma r\u00e1pida, segura e eficiente.<\/strong><\/span><\/p>\n<h3>Como escolher o carregador perfeito para a sua furgoneta h\u00edbrida<\/h3>\n<ul>\n<li style=\"font-weight: 400;\" aria-level=\"1\"><b>Pot\u00eancia adequada<\/b><span style=\"font-weight: 400;\">: \u00c9 indispens\u00e1vel escolher a pot\u00eancia adequada do seu carregador de ve\u00edculo el\u00e9trico ou h\u00edbrido, para que se adapte \u00e0s suas necessidades. Habitualmente, os ve\u00edculos h\u00edbridos precisam de uma pot\u00eancia de carga inferior \u00e0 dos carros el\u00e9tricos.<\/span><\/li>\n<li style=\"font-weight: 400;\" aria-level=\"1\"><b>Otimiza\u00e7\u00e3o de energia<\/b><span style=\"font-weight: 400;\">: Os nossos carregadores inteligentes maximizam a economia de energia gra\u00e7as \u00e0s nossas <a href=\"https:\/\/v2charge.com\/pt-pt\/es\/gestion-energia\/\"><strong>tecnologias para a<\/strong> <strong>gest\u00e3o eficiente da energia<\/strong><\/a>.<\/span><\/li>\n<\/ul>\n<p><span style=\"font-weight: 400;\">Instalar um carregador na sua empresa ou resid\u00eancia \u00e9 muito mais c\u00f3modo e<strong> reduz os custos operacionais do seu neg\u00f3cio, economizando em cada recarga do seu ve\u00edculo<\/strong>.<\/span><\/p>\n<h2>A transi\u00e7\u00e3o para um transporte mais limpo e eficiente<\/h2>\n<p><span style=\"font-weight: 400;\">O futuro das furgonetas h\u00edbridas<\/span><span style=\"font-weight: 400;\"> \u00e9 promissor. \u00c0 medida que as normas de emiss\u00f5es se tornam mais rigorosas, empresas e particulares est\u00e3o <strong>adotando solu\u00e7\u00f5es sustent\u00e1veis para cumprir com os objetivos ambientais.<\/strong><\/span><\/p>\n<p><span style=\"font-weight: 400;\">A evolu\u00e7\u00e3o das baterias e o crescimento da rede de pontos de carga s\u00e3o fatores determinantes para o sucesso deste mercado. Na <\/span>V2C<span style=\"font-weight: 400;\">, estamos comprometidos em liderar esta transi\u00e7\u00e3o oferecendo <strong>tecnologia de ponta para o carregamento de ve\u00edculos el\u00e9tricos e h\u00edbridos<\/strong>.<strong><br \/><a href=\"https:\/\/v2charge.com\/pt-pt\/es\/encuentra-tu-instalador\/\"><img decoding=\"async\" class=\"alignnone size-full wp-image-184255\" src=\"https:\/\/v2charge.com\/wp-content\/uploads\/2024\/10\/instaladores-cargador-coche-electrico.jpg\" alt=\"Instaladores cargador coche el\u00e9ctrico e h\u00edbrido\" width=\"818\" height=\"818\" srcset=\"https:\/\/v2charge.com\/wp-content\/uploads\/2024\/10\/instaladores-cargador-coche-electrico.jpg 818w, https:\/\/v2charge.com\/wp-content\/uploads\/2024\/10\/instaladores-cargador-coche-electrico-300x300.jpg 300w, https:\/\/v2charge.com\/wp-content\/uploads\/2024\/10\/instaladores-cargador-coche-electrico-150x150.jpg 150w, https:\/\/v2charge.com\/wp-content\/uploads\/2024\/10\/instaladores-cargador-coche-electrico-768x768.jpg 768w\" sizes=\"(max-width: 818px) 100vw, 818px\" \/><\/a><br \/><\/strong><\/span><\/p>\n<h2>Perguntas mais comuns sobre as furgonetas h\u00edbridas plug-in<\/h2>\n<p>As furgonetas h\u00edbridas plug-in <strong>geram grande interesse devido aos seus m\u00faltiplos benef\u00edcios, mas tamb\u00e9m levantam d\u00favidas entre aqueles que consideram adquiri-las.<\/strong> Desde os custos de instala\u00e7\u00e3o de carregadores el\u00e9tricos at\u00e9 a sua autonomia e rentabilidade, aqui respondemos \u00e0s perguntas mais frequentes para ajud\u00e1-lo a tomar a melhor decis\u00e3o para a sua empresa.<\/p>\n<h3><span style=\"font-weight: 400;\">Quanto custa instalar um carregador para uma furgoneta h\u00edbrida?<\/span><\/h3>\n<p><span style=\"font-weight: 400;\">O custo varia dependendo do tipo de carregador e a instala\u00e7\u00e3o habitualmente costuma rondar entre os<\/span><span style=\"font-weight: 400;\"><strong> 800 \u20ac at\u00e9 1.500 \u20ac.<\/strong> Se precisar de <strong><a href=\"https:\/\/v2charge.com\/pt-pt\/es\/encuentra-tu-instalador\/\">instalar um ponto de carga<\/a><\/strong> na sua empresa, pode consultar a nossa ampla rede de instaladores e entraremos em contacto consigo o mais breve poss\u00edvel.<\/span><\/p>\n<h3><span style=\"font-weight: 400;\">\u00c9 rent\u00e1vel uma furgoneta h\u00edbrida plug-in?<\/span><\/h3>\n<p><span style=\"font-weight: 400;\">Sim, <strong>gra\u00e7as \u00e0 economia em combust\u00edvel, os incentivos fiscais e a redu\u00e7\u00e3o de custos operacionais<\/strong>, \u00e9 um investimento inteligente a longo prazo para empresas, trabalhadores independentes e todo o tipo de neg\u00f3cios.<\/span><\/p>\n<h3><span style=\"font-weight: 400;\">Qual \u00e9 a autonomia das furgonetas h\u00edbridas?<\/span><\/h3>\n<p><span style=\"font-weight: 400;\">A autonomia em modo el\u00e9trico das furgonetas h\u00edbridas plug-in costuma <strong>oscilar entre 50 e 110 quil\u00f3metros, dependendo do modelo e da condu\u00e7\u00e3o.<\/strong> Esta capacidade \u00e9 ideal para trajetos urbanos, como desloca\u00e7\u00f5es di\u00e1rias e percursos curtos dentro da cidade.<br \/><\/span><\/p>\n<h3><span style=\"font-weight: 400;\">Quais s\u00e3o as melhores furgonetas h\u00edbridas do mercado?<\/span><\/h3>\n<p><span style=\"font-weight: 400;\">Modelos populares como a Ford Transit Custom PHEV e a Volkswagen Multivan eHybrid <strong>destacam-se pelo seu desempenho, tecnologia e sustentabilidade.<\/strong><\/span><\/p>\n<h3><span style=\"font-weight: 400;\">Como se recarregam as furgonetas h\u00edbridas plug-in?<\/span><\/h3>\n<p><span style=\"font-weight: 400;\">Podem ser carregadas <strong>com um ponto de carga na sua empresa, em esta\u00e7\u00f5es de carga p\u00fablicas ou em pontos de carga r\u00e1pidos<\/strong>, dependendo das necessidades do utilizador.<\/span><\/p>\n<h3><span style=\"font-weight: 400;\">As furgonetas h\u00edbridas plug-in s\u00e3o adequadas para uso comercial?<\/span><\/h3>\n<p><span style=\"font-weight: 400;\">Absolutamente. Gra\u00e7as \u00e0 sua capacidade de carga e efici\u00eancia, <strong>s\u00e3o perfeitas para empresas que buscam reduzir custos e emiss\u00f5es.<\/strong> Embora n\u00e3o sejam nada econ\u00f3micas, sempre h\u00e1 uma grande gama de <strong><a href=\"https:\/\/v2charge.com\/pt-pt\/es\/coches-hibridos-baratos-2024\/\">carros h\u00edbridos baratos<\/a><\/strong> que podem ser tamb\u00e9m pr\u00e1ticos para uso comercial.<\/span><\/p>\n<h2>Por que deverias adquirir uma furgoneta h\u00edbrida plug-in?<\/h2>\n<p><span style=\"font-weight: 400;\">As <\/span><b>furgonetas h\u00edbridas plug-in<\/b><span style=\"font-weight: 400;\"> representam o equil\u00edbrio perfeito entre sustentabilidade, efici\u00eancia e funcionalidade. Com o apoio de uma infraestrutura de carga adequada <\/span><span style=\"font-weight: 400;\"><strong>a transi\u00e7\u00e3o para um transporte mais limpo e econ\u00f3mico nunca foi t\u00e3o acess\u00edvel.<\/strong><\/span><\/p>\n<p><span style=\"font-weight: 400;\"><strong>Contacte-nos hoje para conhecer as nossas solu\u00e7\u00f5es de carga inteligentes<\/strong> e liderar a mudan\u00e7a para a mobilidade sustent\u00e1vel.<br \/><a href=\"https:\/\/v2charge.com\/pt-pt\/es\/trydan\/\"><img decoding=\"async\" class=\"alignnone size-full wp-image-184266\" src=\"https:\/\/v2charge.com\/wp-content\/uploads\/2024\/10\/cargador-coche-mas-inteligente-trydan.jpg\" alt=\"O carregador de carro el\u00e9trico e h\u00edbrido mais inteligente\" width=\"818\" height=\"818\" srcset=\"https:\/\/v2charge.com\/wp-content\/uploads\/2024\/10\/cargador-coche-mas-inteligente-trydan.jpg 818w, https:\/\/v2charge.com\/wp-content\/uploads\/2024\/10\/cargador-coche-mas-inteligente-trydan-300x300.jpg 300w, https:\/\/v2charge.com\/wp-content\/uploads\/2024\/10\/cargador-coche-mas-inteligente-trydan-150x150.jpg 150w, https:\/\/v2charge.com\/wp-content\/uploads\/2024\/10\/cargador-coche-mas-inteligente-trydan-768x768.jpg 768w\" sizes=\"(max-width: 818px) 100vw, 818px\" \/><\/a><br \/><\/span><\/p>\n<script type=\"application\/ld+json\">\n{\n  \"@context\": \"https:\/\/schema.org\",\n  \"@graph\": [\n    {\n      \"@type\": \"Article\",\n      \"headline\": \"As Furgonetas H\u00edbridas Plug-in Mais Populares\",\n      \"description\": \"As melhores furgonetas h\u00edbridas plug-in 2025. Conhe\u00e7a as suas vantagens e instale um ponto de carregamento para a sua furgoneta h\u00edbrida plug-in.\",\n      \"image\": [\n        \"https:\/\/v2charge.com\/wp-content\/uploads\/2024\/12\/ford-transit-connect-furgoneta-hibrida-enchufable.jpg\",\n        \"https:\/\/v2charge.com\/wp-content\/uploads\/2024\/11\/cropped-v2c-charge-logo-menu.png\"\n      ],\n      \"author\": {\n        \"@type\": \"Organization\",\n        \"name\": \"V2C\",\n        \"logo\": {\n          \"@type\": \"ImageObject\",\n          \"url\": \"https:\/\/v2charge.com\/wp-content\/uploads\/2024\/11\/cropped-v2c-charge-logo-menu.png\"\n        }\n      },\n      \"publisher\": {\n        \"@type\": \"Organization\",\n        \"name\": \"V2C\",\n        \"logo\": {\n          \"@type\": \"ImageObject\",\n          \"url\": \"https:\/\/v2charge.com\/wp-content\/uploads\/2024\/11\/cropped-v2c-charge-logo-menu.png\"\n        }\n      },\n      \"datePublished\": \"2024-12-23\",\n      \"dateModified\": \"2025-09-08\",\n      \"mainEntityOfPage\": {\n        \"@type\": \"WebPage\",\n        \"@id\": \"https:\/\/v2charge.com\/\"\n      }\n    },\n    {\n      \"@type\": \"FAQPage\",\n      \"mainEntity\": [\n        {\n          \"@type\": \"Question\",\n          \"name\": \"Quanto custa instalar um carregador para uma furgoneta h\u00edbrida?\",\n          \"acceptedAnswer\": {\n            \"@type\": \"Answer\",\n            \"text\": \"O custo varia dependendo do tipo de carregador e da instala\u00e7\u00e3o, habitualmente ronda entre os 800 \u20ac e 1.500 \u20ac.\"\n          }\n        },\n        {\n          \"@type\": \"Question\",\n          \"name\": \"\u00c9 rent\u00e1vel uma furgoneta h\u00edbrida plug-in?\",\n          \"acceptedAnswer\": {\n            \"@type\": \"Answer\",\n            \"text\": \"Sim, gra\u00e7as \u00e0 poupan\u00e7a em combust\u00edvel, aos incentivos fiscais e \u00e0 redu\u00e7\u00e3o de custos operacionais, \u00e9 um investimento inteligente a longo prazo para empresas e particulares.\"\n          }\n        },\n        {\n          \"@type\": \"Question\",\n          \"name\": \"Qual \u00e9 a autonomia das furgonetas h\u00edbridas?\",\n          \"acceptedAnswer\": {\n            \"@type\": \"Answer\",\n            \"text\": \"A autonomia em modo el\u00e9trico costuma oscilar entre 50 e 110 km, dependendo do modelo e da condu\u00e7\u00e3o. Ideal para trajetos urbanos e desloca\u00e7\u00f5es curtas.\"\n          }\n        },\n        {\n          \"@type\": \"Question\",\n          \"name\": \"Quais s\u00e3o as melhores furgonetas h\u00edbridas do mercado?\",\n          \"acceptedAnswer\": {\n            \"@type\": \"Answer\",\n            \"text\": \"Modelos populares como a Ford Transit Custom PHEV e a Volkswagen Multivan eHybrid destacam-se pelo seu desempenho, tecnologia e sustentabilidade.\"\n          }\n        },\n        {\n          \"@type\": \"Question\",\n          \"name\": \"Como se recarregam as furgonetas h\u00edbridas plug-in?\",\n          \"acceptedAnswer\": {\n            \"@type\": \"Answer\",\n            \"text\": \"Podem ser carregadas com um ponto de carga em casa ou na empresa, em esta\u00e7\u00f5es p\u00fablicas ou em carregadores r\u00e1pidos, conforme as necessidades do utilizador.\"\n          }\n        },\n        {\n          \"@type\": \"Question\",\n          \"name\": \"As furgonetas h\u00edbridas plug-in s\u00e3o adequadas para uso comercial?\",\n          \"acceptedAnswer\": {\n            \"@type\": \"Answer\",\n            \"text\": \"Sim, gra\u00e7as \u00e0 sua capacidade de carga e efici\u00eancia, s\u00e3o perfeitas para empresas que procuram reduzir custos e emiss\u00f5es, especialmente em ambientes urbanos.\"\n          }\n        },\n        {\n          \"@type\": \"Question\",\n          \"name\": \"Por que deverias adquirir uma furgoneta h\u00edbrida plug-in?\",\n          \"acceptedAnswer\": {\n            \"@type\": \"Answer\",\n            \"text\": \"Porque representam o equil\u00edbrio ideal entre sustentabilidade, efici\u00eancia e funcionalidade. Com uma infraestrutura de carga adequada, a transi\u00e7\u00e3o para um transporte mais limpo \u00e9 mais acess\u00edvel do que nunca.\"\n          }\n        }\n      ]\n    }\n  ]\n}\n<\/script>\n\n\n\n\n<script type=\"application\/ld+json\">\n{\n  \"@context\": \"https:\/\/schema.org\",\n  \"@graph\": [\n    {\n      \"@type\": \"Product\",\n      \"name\": \"Ford Transit Custom PHEV\",\n      \"description\": \"Furgoneta h\u00edbrida plug-in com grande capacidade de carga, ideal para uso profissional.\",\n      \"brand\": { \"@type\": \"Brand\", \"name\": \"Ford\" },\n      \"image\": \"https:\/\/v2charge.com\/wp-content\/uploads\/2024\/12\/ford-transit-connect-furgoneta-hibrida-enchufable.jpg\",\n      \"additionalProperty\": [\n        { \"@type\": \"PropertyValue\", \"name\": \"Autonomia el\u00e9trica\", \"value\": \"56 km\" },\n        { \"@type\": \"PropertyValue\", \"name\": \"Capacidade de carga\", \"value\": \"1.130 kg\" },\n        { \"@type\": \"PropertyValue\", \"name\": \"Consumo combinado\", \"value\": \"1,6 l\/100 km\" },\n        { \"@type\": \"PropertyValue\", \"name\": \"Pot\u00eancia\", \"value\": \"232 CV\" }\n      ],\n      \"aggregateRating\": {\n        \"@type\": \"AggregateRating\",\n        \"ratingValue\": \"4.6\",\n        \"reviewCount\": \"128\"\n      }\n    },\n    {\n      \"@type\": \"Product\",\n      \"name\": \"Mercedes-Benz eVito Tourer PHEV\",\n      \"description\": \"Furgoneta premium h\u00edbrida plug-in com grande autonomia el\u00e9trica e capacidade para 9 passageiros.\",\n      \"brand\": { \"@type\": \"Brand\", \"name\": \"Mercedes-Benz\" },\n      \"image\": \"https:\/\/v2charge.com\/wp-content\/uploads\/2024\/12\/ford-transit-connect-furgoneta-hibrida-enchufable.jpg\",\n      \"additionalProperty\": [\n        { \"@type\": \"PropertyValue\", \"name\": \"Autonomia el\u00e9trica\", \"value\": \"181 km\" },\n        { \"@type\": \"PropertyValue\", \"name\": \"Pot\u00eancia\", \"value\": \"116 CV\" },\n        { \"@type\": \"PropertyValue\", \"name\": \"Bateria\", \"value\": \"100 kWh (90 kWh \u00fateis)\" },\n        { \"@type\": \"PropertyValue\", \"name\": \"Capacidade\", \"value\": \"9 passageiros\" }\n      ],\n      \"aggregateRating\": {\n        \"@type\": \"AggregateRating\",\n        \"ratingValue\": \"4.8\",\n        \"reviewCount\": \"95\"\n      }\n    },\n    {\n      \"@type\": \"Product\",\n      \"name\": \"Ford Transit Connect PHEV\",\n      \"description\": \"Furgoneta h\u00edbrida plug-in desenhada para mobilidade urbana e entregas r\u00e1pidas.\",\n      \"brand\": { \"@type\": \"Brand\", \"name\": \"Ford\" },\n      \"image\": \"https:\/\/v2charge.com\/wp-content\/uploads\/2024\/12\/ford-transit-connect-furgoneta-hibrida-enchufable.jpg\",\n      \"additionalProperty\": [\n        { \"@type\": \"PropertyValue\", \"name\": \"Autonomia el\u00e9trica\", \"value\": \"110 km\" },\n        { \"@type\": \"PropertyValue\", \"name\": \"Pot\u00eancia\", \"value\": \"150 CV\" },\n        { \"@type\": \"PropertyValue\", \"name\": \"Carga r\u00e1pida\", \"value\": \"CC de 50 kW\" }\n      ],\n      \"aggregateRating\": {\n        \"@type\": \"AggregateRating\",\n        \"ratingValue\": \"4.5\",\n        \"reviewCount\": \"110\"\n      }\n    },\n    {\n      \"@type\": \"Product\",\n      \"name\": \"Ford Tourneo Custom MHEV\",\n      \"description\": \"Furgoneta h\u00edbrida leve vers\u00e1til e confort\u00e1vel, ideal para fam\u00edlias e empresas.\",\n      \"brand\": { \"@type\": \"Brand\", \"name\": \"Ford\" },\n      \"additionalProperty\": [\n        { \"@type\": \"PropertyValue\", \"name\": \"Pot\u00eancia\", \"value\": \"131 CV ou 185 CV\" },\n        { \"@type\": \"PropertyValue\", \"name\": \"Sistema h\u00edbrido\", \"value\": \"MHEV 48 V\" },\n        { \"@type\": \"PropertyValue\", \"name\": \"Autonomia el\u00e9trica\", \"value\": \"53 km\" },\n        { \"@type\": \"PropertyValue\", \"name\": \"Bateria\", \"value\": \"13,6 kWh\" }\n      ],\n      \"aggregateRating\": {\n        \"@type\": \"AggregateRating\",\n        \"ratingValue\": \"4.4\",\n        \"reviewCount\": \"87\"\n      }\n    },\n    {\n      \"@type\": \"Product\",\n      \"name\": \"Volkswagen Multivan eHybrid\",\n      \"description\": \"Equil\u00edbrio entre design, conforto e efici\u00eancia, apta para uso pessoal e profissional.\",\n      \"brand\": { \"@type\": \"Brand\", \"name\": \"Volkswagen\" },\n      \"additionalProperty\": [\n        { \"@type\": \"PropertyValue\", \"name\": \"Autonomia el\u00e9trica\", \"value\": \"50 km\" },\n        { \"@type\": \"PropertyValue\", \"name\": \"Velocidade m\u00e1xima\", \"value\": \"190 km\/h\" },\n        { \"@type\": \"PropertyValue\", \"name\": \"Consumo combinado\", \"value\": \"1,8 l\/100 km\" },\n        { \"@type\": \"PropertyValue\", \"name\": \"Volume do porta-malas\", \"value\": \"509 litros\" }\n      ],\n      \"aggregateRating\": {\n        \"@type\": \"AggregateRating\",\n        \"ratingValue\": \"4.7\",\n        \"reviewCount\": \"76\"\n      }\n    },\n    {\n      \"@type\": \"Product\",\n      \"name\": \"Volkswagen Caddy PHEV\",\n      \"description\": \"Furgoneta h\u00edbrida plug-in com grande autonomia el\u00e9trica e espa\u00e7o interior.\",\n      \"brand\": { \"@type\": \"Brand\", \"name\": \"Volkswagen\" },\n      \"additionalProperty\": [\n        { \"@type\": \"PropertyValue\", \"name\": \"Bateria\", \"value\": \"19,7 kWh\" },\n        { \"@type\": \"PropertyValue\", \"name\": \"Autonomia el\u00e9trica\", \"value\": \"122 km\" },\n        { \"@type\": \"PropertyValue\", \"name\": \"Comprimento\", \"value\": \"4,5 m padr\u00e3o \/ 4,85 m Maxi\" }\n      ],\n      \"aggregateRating\": {\n        \"@type\": \"AggregateRating\",\n        \"ratingValue\": \"4.6\",\n        \"reviewCount\": \"52\"\n      }\n    },\n    {\n      \"@type\": \"Product\",\n      \"name\": \"Kia Carnival Hybrid\",\n      \"description\": \"Furgoneta h\u00edbrida espa\u00e7osa com design SUV, ideal para fam\u00edlias e transporte corporativo.\",\n      \"brand\": { \"@type\": \"Brand\", \"name\": \"Kia\" },\n      \"additionalProperty\": [\n        { \"@type\": \"PropertyValue\", \"name\": \"Autonomia el\u00e9trica\", \"value\": \"60 km\" },\n        { \"@type\": \"PropertyValue\", \"name\": \"Autonomia combinada\", \"value\": \"650 km\" },\n        { \"@type\": \"PropertyValue\", \"name\": \"Motor\", \"value\": \"1.6 turbo h\u00edbrido\" },\n        { \"@type\": \"PropertyValue\", \"name\": \"Bateria\", \"value\": \"17 kWh\" }\n      ],\n      \"aggregateRating\": {\n        \"@type\": \"AggregateRating\",\n        \"ratingValue\": \"4.9\",\n        \"reviewCount\": \"140\"\n      }\n    }\n  ]\n}\n<\/script>\n\n","protected":false},"excerpt":{"rendered":"<p>As furgonetas h\u00edbridas plug-in est\u00e3o a marcar uma nova era na mobilidade sustent\u00e1vel. Segundo estimativas recentes, as vendas de ve\u00edculos h\u00edbridos na Europa cresceram 30% no \u00faltimo ano, refletindo a crescente demanda por solu\u00e7\u00f5es de transporte limpas e eficientes. Na V2C, sabemos que a combina\u00e7\u00e3o de sustentabilidade e tecnologia \u00e9 fundamental para o futuro do &#8230; <a title=\"Furgonetas h\u00edbridas plug-in: a revolu\u00e7\u00e3o do transporte sustent\u00e1vel\" class=\"read-more\" href=\"https:\/\/v2charge.com\/pt-pt\/furgonetas-hibridas-plug-in-a-revoluc-o-do-transporte-sustentavel\/\" aria-label=\"Leia mais sobre Furgonetas h\u00edbridas plug-in: a revolu\u00e7\u00e3o do transporte sustent\u00e1vel\">Ler mais<\/a><\/p>\n","protected":false},"author":400,"featured_media":194782,"comment_status":"closed","ping_status":"closed","sticky":false,"template":"","format":"standard","meta":{"_eb_attr":"","content-type":"","_uag_custom_page_level_css":"","footnotes":""},"categories":[],"tags":[],"class_list":["post-306862","post","type-post","status-publish","format-standard","has-post-thumbnail","hentry"],"yoast_head":"<!-- This site is optimized with the Yoast SEO plugin v25.3.1 - https:\/\/yoast.com\/wordpress\/plugins\/seo\/ -->\n<title>As Furgonetas H\u00edbridas Plug-in Mais Populares<\/title>\n<meta name=\"description\" content=\"As melhores furgonetas h\u00edbridas plug-in 2025. Conhe\u00e7a as suas vantagens e instale um ponto de carregamento para a sua furgoneta h\u00edbrida plug-in.\" \/>\n<meta name=\"robots\" content=\"index, follow, max-snippet:-1, max-image-preview:large, max-video-preview:-1\" \/>\n<link rel=\"canonical\" href=\"https:\/\/v2charge.com\/pt-pt\/furgonetas-hibridas-plug-in-a-revoluc-o-do-transporte-sustentavel\/\" \/>\n<meta property=\"og:locale\" content=\"pt_PT\" \/>\n<meta property=\"og:type\" content=\"article\" \/>\n<meta property=\"og:title\" content=\"As Furgonetas H\u00edbridas Plug-in Mais Populares\" \/>\n<meta property=\"og:description\" content=\"As melhores furgonetas h\u00edbridas plug-in 2025. Conhe\u00e7a as suas vantagens e instale um ponto de carregamento para a sua furgoneta h\u00edbrida plug-in.\" \/>\n<meta property=\"og:url\" content=\"https:\/\/v2charge.com\/pt-pt\/furgonetas-hibridas-plug-in-a-revoluc-o-do-transporte-sustentavel\/\" \/>\n<meta property=\"og:site_name\" content=\"V2C\" \/>\n<meta property=\"article:publisher\" content=\"https:\/\/www.facebook.com\/V2C.Charge\" \/>\n<meta property=\"article:published_time\" content=\"2025-09-08T10:17:01+00:00\" \/>\n<meta property=\"article:modified_time\" content=\"2025-11-27T16:05:33+00:00\" \/>\n<meta property=\"og:image\" content=\"https:\/\/v2charge.com\/wp-content\/uploads\/2024\/12\/ford-transit-connect-furgoneta-hibrida-enchufable.jpg\" \/>\n\t<meta property=\"og:image:width\" content=\"960\" \/>\n\t<meta property=\"og:image:height\" content=\"560\" \/>\n\t<meta property=\"og:image:type\" content=\"image\/jpeg\" \/>\n<meta name=\"author\" content=\"V2C\" \/>\n<meta name=\"twitter:card\" content=\"summary_large_image\" \/>\n<meta name=\"twitter:creator\" content=\"@V2C_Charge\" \/>\n<meta name=\"twitter:site\" content=\"@V2C_Charge\" \/>\n<meta name=\"twitter:label1\" content=\"Escrito por\" \/>\n\t<meta name=\"twitter:data1\" content=\"V2C\" \/>\n\t<meta name=\"twitter:label2\" content=\"Tempo estimado de leitura\" \/>\n\t<meta name=\"twitter:data2\" content=\"8 minutos\" \/>\n<script type=\"application\/ld+json\" class=\"yoast-schema-graph\">{\"@context\":\"https:\/\/schema.org\",\"@graph\":[{\"@type\":\"Article\",\"@id\":\"https:\/\/v2charge.com\/pt-pt\/furgonetas-hibridas-plug-in-a-revoluc-o-do-transporte-sustentavel\/#article\",\"isPartOf\":{\"@id\":\"https:\/\/v2charge.com\/pt-pt\/furgonetas-hibridas-plug-in-a-revoluc-o-do-transporte-sustentavel\/\"},\"author\":{\"name\":\"V2C\",\"@id\":\"https:\/\/v2charge.com\/pt-pt\/#\/schema\/person\/d6f210a94a856acdddec347b2127fd0f\"},\"headline\":\"Furgonetas h\u00edbridas plug-in: a revolu\u00e7\u00e3o do transporte sustent\u00e1vel\",\"datePublished\":\"2025-09-08T10:17:01+00:00\",\"dateModified\":\"2025-11-27T16:05:33+00:00\",\"mainEntityOfPage\":{\"@id\":\"https:\/\/v2charge.com\/pt-pt\/furgonetas-hibridas-plug-in-a-revoluc-o-do-transporte-sustentavel\/\"},\"wordCount\":1672,\"publisher\":{\"@id\":\"https:\/\/v2charge.com\/pt-pt\/#organization\"},\"image\":{\"@id\":\"https:\/\/v2charge.com\/pt-pt\/furgonetas-hibridas-plug-in-a-revoluc-o-do-transporte-sustentavel\/#primaryimage\"},\"thumbnailUrl\":\"https:\/\/v2charge.com\/wp-content\/uploads\/2024\/12\/ford-transit-connect-furgoneta-hibrida-enchufable.jpg\",\"inLanguage\":\"pt-PT\"},{\"@type\":\"WebPage\",\"@id\":\"https:\/\/v2charge.com\/pt-pt\/furgonetas-hibridas-plug-in-a-revoluc-o-do-transporte-sustentavel\/\",\"url\":\"https:\/\/v2charge.com\/pt-pt\/furgonetas-hibridas-plug-in-a-revoluc-o-do-transporte-sustentavel\/\",\"name\":\"As Furgonetas H\u00edbridas Plug-in Mais Populares\",\"isPartOf\":{\"@id\":\"https:\/\/v2charge.com\/pt-pt\/#website\"},\"primaryImageOfPage\":{\"@id\":\"https:\/\/v2charge.com\/pt-pt\/furgonetas-hibridas-plug-in-a-revoluc-o-do-transporte-sustentavel\/#primaryimage\"},\"image\":{\"@id\":\"https:\/\/v2charge.com\/pt-pt\/furgonetas-hibridas-plug-in-a-revoluc-o-do-transporte-sustentavel\/#primaryimage\"},\"thumbnailUrl\":\"https:\/\/v2charge.com\/wp-content\/uploads\/2024\/12\/ford-transit-connect-furgoneta-hibrida-enchufable.jpg\",\"datePublished\":\"2025-09-08T10:17:01+00:00\",\"dateModified\":\"2025-11-27T16:05:33+00:00\",\"description\":\"As melhores furgonetas h\u00edbridas plug-in 2025. Conhe\u00e7a as suas vantagens e instale um ponto de carregamento para a sua furgoneta h\u00edbrida plug-in.\",\"breadcrumb\":{\"@id\":\"https:\/\/v2charge.com\/pt-pt\/furgonetas-hibridas-plug-in-a-revoluc-o-do-transporte-sustentavel\/#breadcrumb\"},\"inLanguage\":\"pt-PT\",\"potentialAction\":[{\"@type\":\"ReadAction\",\"target\":[\"https:\/\/v2charge.com\/pt-pt\/furgonetas-hibridas-plug-in-a-revoluc-o-do-transporte-sustentavel\/\"]}]},{\"@type\":\"ImageObject\",\"inLanguage\":\"pt-PT\",\"@id\":\"https:\/\/v2charge.com\/pt-pt\/furgonetas-hibridas-plug-in-a-revoluc-o-do-transporte-sustentavel\/#primaryimage\",\"url\":\"https:\/\/v2charge.com\/wp-content\/uploads\/2024\/12\/ford-transit-connect-furgoneta-hibrida-enchufable.jpg\",\"contentUrl\":\"https:\/\/v2charge.com\/wp-content\/uploads\/2024\/12\/ford-transit-connect-furgoneta-hibrida-enchufable.jpg\",\"width\":960,\"height\":560,\"caption\":\"Furgoneta h\u00edbrida enchufable Ford\"},{\"@type\":\"BreadcrumbList\",\"@id\":\"https:\/\/v2charge.com\/pt-pt\/furgonetas-hibridas-plug-in-a-revoluc-o-do-transporte-sustentavel\/#breadcrumb\",\"itemListElement\":[{\"@type\":\"ListItem\",\"position\":1,\"name\":\"V2C\",\"item\":\"https:\/\/v2charge.com\/pt-pt\/\"},{\"@type\":\"ListItem\",\"position\":2,\"name\":\"Furgonetas h\u00edbridas plug-in: a revolu\u00e7\u00e3o do transporte sustent\u00e1vel\"}]},{\"@type\":\"WebSite\",\"@id\":\"https:\/\/v2charge.com\/pt-pt\/#website\",\"url\":\"https:\/\/v2charge.com\/pt-pt\/\",\"name\":\"V2C\",\"description\":\"#CargandoElMa\u00f1ana\",\"publisher\":{\"@id\":\"https:\/\/v2charge.com\/pt-pt\/#organization\"},\"potentialAction\":[{\"@type\":\"SearchAction\",\"target\":{\"@type\":\"EntryPoint\",\"urlTemplate\":\"https:\/\/v2charge.com\/pt-pt\/?s={search_term_string}\"},\"query-input\":{\"@type\":\"PropertyValueSpecification\",\"valueRequired\":true,\"valueName\":\"search_term_string\"}}],\"inLanguage\":\"pt-PT\"},{\"@type\":\"Organization\",\"@id\":\"https:\/\/v2charge.com\/pt-pt\/#organization\",\"name\":\"V2C\",\"url\":\"https:\/\/v2charge.com\/pt-pt\/\",\"logo\":{\"@type\":\"ImageObject\",\"inLanguage\":\"pt-PT\",\"@id\":\"https:\/\/v2charge.com\/pt-pt\/#\/schema\/logo\/image\/\",\"url\":\"https:\/\/v2charge.com\/wp-content\/uploads\/2024\/11\/cropped-v2c-charge-logo-menu.png\",\"contentUrl\":\"https:\/\/v2charge.com\/wp-content\/uploads\/2024\/11\/cropped-v2c-charge-logo-menu.png\",\"width\":984,\"height\":431,\"caption\":\"V2C\"},\"image\":{\"@id\":\"https:\/\/v2charge.com\/pt-pt\/#\/schema\/logo\/image\/\"},\"sameAs\":[\"https:\/\/www.facebook.com\/V2C.Charge\",\"https:\/\/x.com\/V2C_Charge\",\"https:\/\/www.instagram.com\/v2c.charge\/\",\"https:\/\/www.youtube.com\/@V2C\",\"https:\/\/www.linkedin.com\/company\/v2c-chargers\/\"]},{\"@type\":\"Person\",\"@id\":\"https:\/\/v2charge.com\/pt-pt\/#\/schema\/person\/d6f210a94a856acdddec347b2127fd0f\",\"name\":\"V2C\",\"image\":{\"@type\":\"ImageObject\",\"inLanguage\":\"pt-PT\",\"@id\":\"https:\/\/v2charge.com\/pt-pt\/#\/schema\/person\/image\/\",\"url\":\"https:\/\/secure.gravatar.com\/avatar\/a91128c4c0d2f4d63bd586301fdec6cc9aa49c885839b25d1c62700f529f267c?s=96&d=mm&r=g\",\"contentUrl\":\"https:\/\/secure.gravatar.com\/avatar\/a91128c4c0d2f4d63bd586301fdec6cc9aa49c885839b25d1c62700f529f267c?s=96&d=mm&r=g\",\"caption\":\"V2C\"}}]}<\/script>\n<!-- \/ Yoast SEO plugin. -->","yoast_head_json":{"title":"As Furgonetas H\u00edbridas Plug-in Mais Populares","description":"As melhores furgonetas h\u00edbridas plug-in 2025. Conhe\u00e7a as suas vantagens e instale um ponto de carregamento para a sua furgoneta h\u00edbrida plug-in.","robots":{"index":"index","follow":"follow","max-snippet":"max-snippet:-1","max-image-preview":"max-image-preview:large","max-video-preview":"max-video-preview:-1"},"canonical":"https:\/\/v2charge.com\/pt-pt\/furgonetas-hibridas-plug-in-a-revoluc-o-do-transporte-sustentavel\/","og_locale":"pt_PT","og_type":"article","og_title":"As Furgonetas H\u00edbridas Plug-in Mais Populares","og_description":"As melhores furgonetas h\u00edbridas plug-in 2025. Conhe\u00e7a as suas vantagens e instale um ponto de carregamento para a sua furgoneta h\u00edbrida plug-in.","og_url":"https:\/\/v2charge.com\/pt-pt\/furgonetas-hibridas-plug-in-a-revoluc-o-do-transporte-sustentavel\/","og_site_name":"V2C","article_publisher":"https:\/\/www.facebook.com\/V2C.Charge","article_published_time":"2025-09-08T10:17:01+00:00","article_modified_time":"2025-11-27T16:05:33+00:00","og_image":[{"width":960,"height":560,"url":"https:\/\/v2charge.com\/wp-content\/uploads\/2024\/12\/ford-transit-connect-furgoneta-hibrida-enchufable.jpg","type":"image\/jpeg"}],"author":"V2C","twitter_card":"summary_large_image","twitter_creator":"@V2C_Charge","twitter_site":"@V2C_Charge","twitter_misc":{"Escrito por":"V2C","Tempo estimado de leitura":"8 minutos"},"schema":{"@context":"https:\/\/schema.org","@graph":[{"@type":"Article","@id":"https:\/\/v2charge.com\/pt-pt\/furgonetas-hibridas-plug-in-a-revoluc-o-do-transporte-sustentavel\/#article","isPartOf":{"@id":"https:\/\/v2charge.com\/pt-pt\/furgonetas-hibridas-plug-in-a-revoluc-o-do-transporte-sustentavel\/"},"author":{"name":"V2C","@id":"https:\/\/v2charge.com\/pt-pt\/#\/schema\/person\/d6f210a94a856acdddec347b2127fd0f"},"headline":"Furgonetas h\u00edbridas plug-in: a revolu\u00e7\u00e3o do transporte sustent\u00e1vel","datePublished":"2025-09-08T10:17:01+00:00","dateModified":"2025-11-27T16:05:33+00:00","mainEntityOfPage":{"@id":"https:\/\/v2charge.com\/pt-pt\/furgonetas-hibridas-plug-in-a-revoluc-o-do-transporte-sustentavel\/"},"wordCount":1672,"publisher":{"@id":"https:\/\/v2charge.com\/pt-pt\/#organization"},"image":{"@id":"https:\/\/v2charge.com\/pt-pt\/furgonetas-hibridas-plug-in-a-revoluc-o-do-transporte-sustentavel\/#primaryimage"},"thumbnailUrl":"https:\/\/v2charge.com\/wp-content\/uploads\/2024\/12\/ford-transit-connect-furgoneta-hibrida-enchufable.jpg","inLanguage":"pt-PT"},{"@type":"WebPage","@id":"https:\/\/v2charge.com\/pt-pt\/furgonetas-hibridas-plug-in-a-revoluc-o-do-transporte-sustentavel\/","url":"https:\/\/v2charge.com\/pt-pt\/furgonetas-hibridas-plug-in-a-revoluc-o-do-transporte-sustentavel\/","name":"As Furgonetas H\u00edbridas Plug-in Mais Populares","isPartOf":{"@id":"https:\/\/v2charge.com\/pt-pt\/#website"},"primaryImageOfPage":{"@id":"https:\/\/v2charge.com\/pt-pt\/furgonetas-hibridas-plug-in-a-revoluc-o-do-transporte-sustentavel\/#primaryimage"},"image":{"@id":"https:\/\/v2charge.com\/pt-pt\/furgonetas-hibridas-plug-in-a-revoluc-o-do-transporte-sustentavel\/#primaryimage"},"thumbnailUrl":"https:\/\/v2charge.com\/wp-content\/uploads\/2024\/12\/ford-transit-connect-furgoneta-hibrida-enchufable.jpg","datePublished":"2025-09-08T10:17:01+00:00","dateModified":"2025-11-27T16:05:33+00:00","description":"As melhores furgonetas h\u00edbridas plug-in 2025. Conhe\u00e7a as suas vantagens e instale um ponto de carregamento para a sua furgoneta h\u00edbrida plug-in.","breadcrumb":{"@id":"https:\/\/v2charge.com\/pt-pt\/furgonetas-hibridas-plug-in-a-revoluc-o-do-transporte-sustentavel\/#breadcrumb"},"inLanguage":"pt-PT","potentialAction":[{"@type":"ReadAction","target":["https:\/\/v2charge.com\/pt-pt\/furgonetas-hibridas-plug-in-a-revoluc-o-do-transporte-sustentavel\/"]}]},{"@type":"ImageObject","inLanguage":"pt-PT","@id":"https:\/\/v2charge.com\/pt-pt\/furgonetas-hibridas-plug-in-a-revoluc-o-do-transporte-sustentavel\/#primaryimage","url":"https:\/\/v2charge.com\/wp-content\/uploads\/2024\/12\/ford-transit-connect-furgoneta-hibrida-enchufable.jpg","contentUrl":"https:\/\/v2charge.com\/wp-content\/uploads\/2024\/12\/ford-transit-connect-furgoneta-hibrida-enchufable.jpg","width":960,"height":560,"caption":"Furgoneta h\u00edbrida enchufable Ford"},{"@type":"BreadcrumbList","@id":"https:\/\/v2charge.com\/pt-pt\/furgonetas-hibridas-plug-in-a-revoluc-o-do-transporte-sustentavel\/#breadcrumb","itemListElement":[{"@type":"ListItem","position":1,"name":"V2C","item":"https:\/\/v2charge.com\/pt-pt\/"},{"@type":"ListItem","position":2,"name":"Furgonetas h\u00edbridas plug-in: a revolu\u00e7\u00e3o do transporte sustent\u00e1vel"}]},{"@type":"WebSite","@id":"https:\/\/v2charge.com\/pt-pt\/#website","url":"https:\/\/v2charge.com\/pt-pt\/","name":"V2C","description":"#CargandoElMa\u00f1ana","publisher":{"@id":"https:\/\/v2charge.com\/pt-pt\/#organization"},"potentialAction":[{"@type":"SearchAction","target":{"@type":"EntryPoint","urlTemplate":"https:\/\/v2charge.com\/pt-pt\/?s={search_term_string}"},"query-input":{"@type":"PropertyValueSpecification","valueRequired":true,"valueName":"search_term_string"}}],"inLanguage":"pt-PT"},{"@type":"Organization","@id":"https:\/\/v2charge.com\/pt-pt\/#organization","name":"V2C","url":"https:\/\/v2charge.com\/pt-pt\/","logo":{"@type":"ImageObject","inLanguage":"pt-PT","@id":"https:\/\/v2charge.com\/pt-pt\/#\/schema\/logo\/image\/","url":"https:\/\/v2charge.com\/wp-content\/uploads\/2024\/11\/cropped-v2c-charge-logo-menu.png","contentUrl":"https:\/\/v2charge.com\/wp-content\/uploads\/2024\/11\/cropped-v2c-charge-logo-menu.png","width":984,"height":431,"caption":"V2C"},"image":{"@id":"https:\/\/v2charge.com\/pt-pt\/#\/schema\/logo\/image\/"},"sameAs":["https:\/\/www.facebook.com\/V2C.Charge","https:\/\/x.com\/V2C_Charge","https:\/\/www.instagram.com\/v2c.charge\/","https:\/\/www.youtube.com\/@V2C","https:\/\/www.linkedin.com\/company\/v2c-chargers\/"]},{"@type":"Person","@id":"https:\/\/v2charge.com\/pt-pt\/#\/schema\/person\/d6f210a94a856acdddec347b2127fd0f","name":"V2C","image":{"@type":"ImageObject","inLanguage":"pt-PT","@id":"https:\/\/v2charge.com\/pt-pt\/#\/schema\/person\/image\/","url":"https:\/\/secure.gravatar.com\/avatar\/a91128c4c0d2f4d63bd586301fdec6cc9aa49c885839b25d1c62700f529f267c?s=96&d=mm&r=g","contentUrl":"https:\/\/secure.gravatar.com\/avatar\/a91128c4c0d2f4d63bd586301fdec6cc9aa49c885839b25d1c62700f529f267c?s=96&d=mm&r=g","caption":"V2C"}}]}},"uagb_featured_image_src":{"full":["https:\/\/v2charge.com\/wp-content\/uploads\/2024\/12\/ford-transit-connect-furgoneta-hibrida-enchufable.jpg",960,560,false],"thumbnail":["https:\/\/v2charge.com\/wp-content\/uploads\/2024\/12\/ford-transit-connect-furgoneta-hibrida-enchufable-150x150.jpg",150,150,true],"medium":["https:\/\/v2charge.com\/wp-content\/uploads\/2024\/12\/ford-transit-connect-furgoneta-hibrida-enchufable-300x175.jpg",300,175,true],"medium_large":["https:\/\/v2charge.com\/wp-content\/uploads\/2024\/12\/ford-transit-connect-furgoneta-hibrida-enchufable-768x448.jpg",768,448,true],"large":["https:\/\/v2charge.com\/wp-content\/uploads\/2024\/12\/ford-transit-connect-furgoneta-hibrida-enchufable.jpg",960,560,false],"gs-tiny":["https:\/\/v2charge.com\/wp-content\/uploads\/2024\/12\/ford-transit-connect-furgoneta-hibrida-enchufable-50x29.jpg",50,29,true],"xl":["https:\/\/v2charge.com\/wp-content\/uploads\/2024\/12\/ford-transit-connect-furgoneta-hibrida-enchufable.jpg",960,560,false],"xxl":["https:\/\/v2charge.com\/wp-content\/uploads\/2024\/12\/ford-transit-connect-furgoneta-hibrida-enchufable.jpg",960,560,false],"xxxl":["https:\/\/v2charge.com\/wp-content\/uploads\/2024\/12\/ford-transit-connect-furgoneta-hibrida-enchufable.jpg",960,560,false],"xxxxl":["https:\/\/v2charge.com\/wp-content\/uploads\/2024\/12\/ford-transit-connect-furgoneta-hibrida-enchufable.jpg",960,560,false],"xxxxxl":["https:\/\/v2charge.com\/wp-content\/uploads\/2024\/12\/ford-transit-connect-furgoneta-hibrida-enchufable.jpg",960,560,false],"1536x1536":["https:\/\/v2charge.com\/wp-content\/uploads\/2024\/12\/ford-transit-connect-furgoneta-hibrida-enchufable.jpg",960,560,false],"2048x2048":["https:\/\/v2charge.com\/wp-content\/uploads\/2024\/12\/ford-transit-connect-furgoneta-hibrida-enchufable.jpg",960,560,false]},"uagb_author_info":{"display_name":"V2C","author_link":"https:\/\/v2charge.com\/pt-pt\/author\/marketing\/"},"uagb_comment_info":0,"uagb_excerpt":"As furgonetas h\u00edbridas plug-in est\u00e3o a marcar uma nova era na mobilidade sustent\u00e1vel. Segundo estimativas recentes, as vendas de ve\u00edculos h\u00edbridos na Europa cresceram 30% no \u00faltimo ano, refletindo a crescente demanda por solu\u00e7\u00f5es de transporte limpas e eficientes. Na V2C, sabemos que a combina\u00e7\u00e3o de sustentabilidade e tecnologia \u00e9 fundamental para o futuro do&hellip;","_links":{"self":[{"href":"https:\/\/v2charge.com\/pt-pt\/wp-json\/wp\/v2\/posts\/306862","targetHints":{"allow":["GET"]}}],"collection":[{"href":"https:\/\/v2charge.com\/pt-pt\/wp-json\/wp\/v2\/posts"}],"about":[{"href":"https:\/\/v2charge.com\/pt-pt\/wp-json\/wp\/v2\/types\/post"}],"author":[{"embeddable":true,"href":"https:\/\/v2charge.com\/pt-pt\/wp-json\/wp\/v2\/users\/400"}],"replies":[{"embeddable":true,"href":"https:\/\/v2charge.com\/pt-pt\/wp-json\/wp\/v2\/comments?post=306862"}],"version-history":[{"count":0,"href":"https:\/\/v2charge.com\/pt-pt\/wp-json\/wp\/v2\/posts\/306862\/revisions"}],"wp:featuredmedia":[{"embeddable":true,"href":"https:\/\/v2charge.com\/pt-pt\/wp-json\/wp\/v2\/media\/194782"}],"wp:attachment":[{"href":"https:\/\/v2charge.com\/pt-pt\/wp-json\/wp\/v2\/media?parent=306862"}],"wp:term":[{"taxonomy":"category","embeddable":true,"href":"https:\/\/v2charge.com\/pt-pt\/wp-json\/wp\/v2\/categories?post=306862"},{"taxonomy":"post_tag","embeddable":true,"href":"https:\/\/v2charge.com\/pt-pt\/wp-json\/wp\/v2\/tags?post=306862"}],"curies":[{"name":"wp","href":"https:\/\/api.w.org\/{rel}","templated":true}]}}