{"id":306869,"date":"2025-01-07T10:03:00","date_gmt":"2025-01-07T08:03:00","guid":{"rendered":""},"modified":"2025-03-31T15:13:08","modified_gmt":"2025-03-31T13:13:08","slug":"as-alterac-es-da-lei-lom-para-os-pontos-de-carregamento-em-2025","status":"publish","type":"post","link":"https:\/\/v2charge.com\/pt-pt\/as-alterac-es-da-lei-lom-para-os-pontos-de-carregamento-em-2025\/","title":{"rendered":"As altera\u00e7\u00f5es da Lei LOM para os pontos de carregamento em 2025"},"content":{"rendered":"<p><span style=\"font-weight: 400;\">A Lei de Orienta\u00e7\u00e3o das Mobilidades (LOM), adotada em 2019, visa transformar a paisagem dos transportes em Fran\u00e7a, promovendo alternativas ecol\u00f3gicas aos ve\u00edculos poluentes e desenvolvendo infraestruturas adequadas. Em 2025, <strong>muitas medidas decorrentes desta lei entrar\u00e3o em vigor<\/strong>, <strong>modificando profundamente as obriga\u00e7\u00f5es das empresas, das autarquias e dos particulares<\/strong>, nomeadamente no que diz respeito \u00e0s esta\u00e7\u00f5es de carregamento para ve\u00edculos el\u00e9tricos. Aqui est\u00e1 uma vis\u00e3o geral completa das disposi\u00e7\u00f5es principais que dizem respeito \u00e0 mobilidade sustent\u00e1vel, \u00e0s esta\u00e7\u00f5es de carregamento e \u00e0s ajudas dispon\u00edveis.<\/span><\/p>\n<h2><span style=\"font-weight: 400;\">O desenvolvimento das esta\u00e7\u00f5es de carregamento em Fran\u00e7a: uma necessidade em 2025<\/span><\/h2>\n<p><span style=\"font-weight: 400;\">Uma das grandes prioridades da LOM \u00e9 acelerar o desdobramento das infraestruturas de carregamento para ve\u00edculos el\u00e9tricos. Segundo os \u00faltimos relat\u00f3rios, <strong>Fran\u00e7a ultrapassou as 150 000 esta\u00e7\u00f5es de carregamento acess\u00edveis ao p\u00fablico em 2025<\/strong>. Este avan\u00e7o \u00e9 impulsionado por iniciativas p\u00fablicas e privadas, com um objetivo ambicioso de 1 milh\u00e3o de esta\u00e7\u00f5es de carregamento at\u00e9 2030. Al\u00e9m disso, v\u00e1rias ajudas financeiras, nomeadamente o programa <\/span><b>ADVENIR<\/b><span style=\"font-weight: 400;\">, apoiam esta transi\u00e7\u00e3o, cobrindo uma parte dos custos de <a href=\"https:\/\/v2charge.com\/pt-pt\/trouvez-votre-installateur\/\"><strong>instala\u00e7\u00e3o das esta\u00e7\u00f5es de<\/strong> <strong>carregamento<\/strong><\/a> nas empresas, condom\u00ednios e outros edif\u00edcios.<\/span><\/p>\n<h2><span style=\"font-weight: 400;\">Quem \u00e9 afetado pela Lei LOM?<\/span><\/h2>\n<p><span style=\"font-weight: 400;\">A Lei LOM destina-se \u00e0s empresas,<strong> gestores de edif\u00edcios e autarquias<\/strong>. No entanto, os edif\u00edcios residenciais n\u00e3o est\u00e3o sujeitos \u00e0s mesmas regras. Esta lei aplica-se principalmente a edif\u00edcios industriais, comerciais e de servi\u00e7os p\u00fablicos. Por outro lado, as microempresas e pequenas e m\u00e9dias empresas est\u00e3o frequentemente isentas, embora algumas condi\u00e7\u00f5es possam inclu\u00ed-las.<\/span><\/p>\n<p><span style=\"font-weight: 400;\">Os objetivos da Lei LOM alinham-se com o plano de transi\u00e7\u00e3o energ\u00e9tica,<strong> visando reduzir a percentagem de ve\u00edculos t\u00e9rmicos em circula\u00e7\u00e3o<\/strong>, com um objetivo de 100% de ve\u00edculos el\u00e9tricos at\u00e9 2035. Isso passa, entre outras coisas, pela instala\u00e7\u00e3o massiva de esta\u00e7\u00f5es de carregamento nos parques de estacionamento p\u00fablicos e privados.<\/span><\/p>\n<p><img decoding=\"async\" class=\"alignnone size-full wp-image-212215\" src=\"https:\/\/v2charge.com\/wp-content\/uploads\/2025\/03\/loi-lom-bornes-recharge.jpg\" alt=\"\" width=\"960\" height=\"560\" srcset=\"https:\/\/v2charge.com\/wp-content\/uploads\/2025\/03\/loi-lom-bornes-recharge.jpg 960w, https:\/\/v2charge.com\/wp-content\/uploads\/2025\/03\/loi-lom-bornes-recharge-300x175.jpg 300w, https:\/\/v2charge.com\/wp-content\/uploads\/2025\/03\/loi-lom-bornes-recharge-768x448.jpg 768w, https:\/\/v2charge.com\/wp-content\/uploads\/2025\/03\/loi-lom-bornes-recharge-50x29.jpg 50w\" sizes=\"(max-width: 960px) 100vw, 960px\" \/><\/p>\n<h2><span style=\"font-weight: 400;\">As obriga\u00e7\u00f5es das empresas em mat\u00e9ria de esta\u00e7\u00f5es de carregamento<\/span><\/h2>\n<p><span style=\"font-weight: 400;\">A partir de 1 de janeiro de 2025, a lei LOM imp\u00f5e \u00e0s empresas a ado\u00e7\u00e3o de pr\u00e1ticas espec\u00edficas para facilitar a transi\u00e7\u00e3o para a mobilidade el\u00e9trica. Estas obriga\u00e7\u00f5es dizem respeito principalmente \u00e0 instala\u00e7\u00e3o de esta\u00e7\u00f5es de carregamento nos seus parques de estacionamento, em particular aqueles com mais de 20 lugares.<\/span><\/p>\n<ul>\n<li style=\"font-weight: 400;\" aria-level=\"1\"><b>Pr\u00e9-equipamento dos parques de estacionamento<\/b><span style=\"font-weight: 400;\"> : Para as constru\u00e7\u00f5es novas ou as renova\u00e7\u00f5es importantes, a lei LOM imp\u00f5e o pr\u00e9-equipamento dos parques de estacionamento. Isso significa que uma infraestrutura el\u00e9trica deve ser instalada para permitir a futura instala\u00e7\u00e3o de esta\u00e7\u00f5es de carregamento. Por exemplo, nos edif\u00edcios residenciais, pelo menos 20% dos lugares de estacionamento devem ser pr\u00e9-equipados para receber esta\u00e7\u00f5es de carregamento. Esta quota aumenta de acordo com o n\u00famero de lugares dispon\u00edveis, com um m\u00ednimo de um lugar equipado para os pequenos parques de estacionamento.<\/span><\/li>\n<li style=\"font-weight: 400;\" aria-level=\"1\"><b>Edif\u00edcios existentes<\/b><span style=\"font-weight: 400;\"> : Para os edif\u00edcios existentes, uma quota m\u00ednima de 5% dos lugares de estacionamento deve estar equipada com esta\u00e7\u00f5es de carregamento, com especifica\u00e7\u00f5es para pessoas com mobilidade reduzida. Em caso de renova\u00e7\u00e3o pesada (mais de 75% do edif\u00edcio afetado), devem ser instalados equipamentos de carregamento ou pr\u00e9-equipamentos, incluindo nos parques de estacionamento.<\/span><\/li>\n<li style=\"font-weight: 400;\" aria-level=\"1\"><b>Frotas de ve\u00edculos de empresa<\/b><span style=\"font-weight: 400;\"> : As empresas com mais de 100 ve\u00edculos t\u00eam a obriga\u00e7\u00e3o de eletrificar progressivamente a sua frota. A partir de 2022, 10% da frota deve ser substitu\u00edda por ve\u00edculos el\u00e9tricos, aumentando este percentual a cada ano at\u00e9 atingir 50% at\u00e9 2030.<\/span><\/li>\n<\/ul>\n<p><img decoding=\"async\" class=\"alignnone size-full wp-image-212204\" src=\"https:\/\/v2charge.com\/wp-content\/uploads\/2025\/03\/loi-lom-borne-recharge-resume.jpg\" alt=\"\" width=\"960\" height=\"560\" srcset=\"https:\/\/v2charge.com\/wp-content\/uploads\/2025\/03\/loi-lom-borne-recharge-resume.jpg 960w, https:\/\/v2charge.com\/wp-content\/uploads\/2025\/03\/loi-lom-borne-recharge-resume-300x175.jpg 300w, https:\/\/v2charge.com\/wp-content\/uploads\/2025\/03\/loi-lom-borne-recharge-resume-768x448.jpg 768w, https:\/\/v2charge.com\/wp-content\/uploads\/2025\/03\/loi-lom-borne-recharge-resume-50x29.jpg 50w\" sizes=\"(max-width: 960px) 100vw, 960px\" \/><\/p>\n<h2><span style=\"font-weight: 400;\">As obriga\u00e7\u00f5es para as autarquias locais<\/span><\/h2>\n<p><span style=\"font-weight: 400;\">As autarquias locais desempenham tamb\u00e9m um papel crucial na ado\u00e7\u00e3o das esta\u00e7\u00f5es de carregamento. De acordo com a LOM, devem equipar as suas infraestruturas p\u00fablicas, nomeadamente os parques de estacionamento municipais, com esta\u00e7\u00f5es de carregamento para ve\u00edculos el\u00e9tricos.<\/span><\/p>\n<ul>\n<li style=\"font-weight: 400;\" aria-level=\"1\"><b>Zonas de baixas emiss\u00f5es (ZBE)<\/b><span style=\"font-weight: 400;\"> : A partir de 2025, algumas grandes aglomera\u00e7\u00f5es com mais de 150 000 habitantes dever\u00e3o instaurar Zonas de Baixas Emiss\u00f5es de Mobilidade (ZBE-m). Estas zonas restringir\u00e3o o acesso a ve\u00edculos poluentes para melhorar a qualidade do ar e incentivar a mobilidade el\u00e9trica.<\/span><\/li>\n<li style=\"font-weight: 400;\" aria-level=\"1\"><b>Desenvolvimento das infraestruturas<\/b><span style=\"font-weight: 400;\"> : As autarquias devem investir na instala\u00e7\u00e3o de esta\u00e7\u00f5es p\u00fablicas na via p\u00fablica e nos parques de estacionamento p\u00fablicos. Estas infraestruturas devem ser acess\u00edveis, eficientes e bem dimensionadas para suportar a crescente demanda por ve\u00edculos el\u00e9tricos.<\/span><\/li>\n<\/ul>\n<h2><span style=\"font-weight: 400;\">O direito \u00e0 tomada: O impacto nas copropriedades<\/span><\/h2>\n<p><span style=\"font-weight: 400;\">A LOM tem tamb\u00e9m um impacto na gest\u00e3o das copropriedades. Desde 2021, todos os novos edif\u00edcios com mais de 10 lugares de estacionamento devem ser pr\u00e9-equipados para a instala\u00e7\u00e3o de esta\u00e7\u00f5es de carregamento. Esta obriga\u00e7\u00e3o diz respeito tamb\u00e9m aos edif\u00edcios antigos, mas foi implementado um dispositivo particular: o <\/span><b>direito \u00e0 tomada<\/b><span style=\"font-weight: 400;\">. Este direito permite a qualquer ocupante, seja propriet\u00e1rio ou inquilino, solicitar a instala\u00e7\u00e3o de uma <strong><a href=\"https:\/\/v2charge.com\/pt-pt\/\">esta\u00e7\u00e3o de carregamento<\/a><\/strong> \u00e0s suas custas, sob certas condi\u00e7\u00f5es. O s\u00edndico da copropriedade n\u00e3o pode recusar este pedido, exceto em caso de restri\u00e7\u00f5es t\u00e9cnicas.<\/span><\/p>\n<h2><span style=\"font-weight: 400;\">As exig\u00eancias t\u00e9cnicas para a instala\u00e7\u00e3o das esta\u00e7\u00f5es<\/span><\/h2>\n<p><span style=\"font-weight: 400;\">As exig\u00eancias t\u00e9cnicas relacionadas com a instala\u00e7\u00e3o de esta\u00e7\u00f5es de carregamento tamb\u00e9m s\u00e3o definidas pela LOM. O dimensionamento das instala\u00e7\u00f5es el\u00e9tricas deve ser adaptado ao n\u00famero de lugares de estacionamento:<\/span><\/p>\n<ul>\n<li style=\"font-weight: 400;\" aria-level=\"1\"><span style=\"font-weight: 400;\">Entre 10 e 20 lugares: 15 kVA para ve\u00edculos profissionais, 22 kVA para os outros ve\u00edculos<\/span><span style=\"font-weight: 400;\"><br \/>\n<\/span><\/li>\n<li style=\"font-weight: 400;\" aria-level=\"1\"><span style=\"font-weight: 400;\">Entre 21 e 40 lugares: 22 kVA para profissionais, 33 kVA para os outros<\/span><span style=\"font-weight: 400;\"><br \/>\n<\/span><\/li>\n<li style=\"font-weight: 400;\" aria-level=\"1\"><span style=\"font-weight: 400;\">Entre 41 e 100 lugares: 30 kVA + 6 kVA por cada 10 lugares para ve\u00edculos profissionais, 44 kVA + 8 kVA por cada 10 para os outros ve\u00edculos<\/span><span style=\"font-weight: 400;\"><br \/>\n<\/span><\/li>\n<li style=\"font-weight: 400;\" aria-level=\"1\"><span style=\"font-weight: 400;\">Mais de 200 lugares: pot\u00eancias espec\u00edficas at\u00e9 134 kVA s\u00e3o necess\u00e1rias para responder \u00e0 crescente demanda por esta\u00e7\u00f5es de carregamento.<\/span><\/li>\n<\/ul>\n<h2><span style=\"font-weight: 400;\">As ajudas para a transi\u00e7\u00e3o energ\u00e9tica<\/span><\/h2>\n<p><span style=\"font-weight: 400;\">A transi\u00e7\u00e3o para uma mobilidade mais verde \u00e9 facilitada por um conjunto de ajudas financeiras:<\/span><\/p>\n<ul>\n<li style=\"font-weight: 400;\" aria-level=\"1\"><b>O <a href=\"https:\/\/v2charge.com\/pt-pt\/prime-advenir-2024-quest-ce-que-cest-comment-solliciter\/\">programa ADVENIR<\/a><\/b><span style=\"font-weight: 400;\"> : Oferece subs\u00eddios para a instala\u00e7\u00e3o de esta\u00e7\u00f5es de carregamento nos parques de estacionamento de empresas, de copropriedades e em outras infraestruturas. Estes subs\u00eddios cobrem uma parte significativa dos custos de instala\u00e7\u00e3o.<\/span><\/li>\n<li style=\"font-weight: 400;\" aria-level=\"1\"><b>As <a href=\"https:\/\/v2charge.com\/pt-pt\/aides-installer-borne-recharge-domicile-2024\/\">ajudas locais e regionais <\/a><\/b><b>para instalar uma esta\u00e7\u00e3o de carregamento<\/b><span style=\"font-weight: 400;\"> : Em complemento \u00e0s ajudas nacionais, muitas regi\u00f5es e munic\u00edpios oferecem subs\u00eddios adicionais para incentivar a instala\u00e7\u00e3o de esta\u00e7\u00f5es de carregamento. Estas ajudas variam consoante as zonas geogr\u00e1ficas e podem cobrir at\u00e9 50% dos custos de instala\u00e7\u00e3o.<\/span><\/li>\n<li style=\"font-weight: 400;\" aria-level=\"1\"><a href=\"https:\/\/v2charge.com\/pt-pt\/credit-impot-borne-recharge-2024\/\"><b>Cr\u00e9dito de imposto para a instala\u00e7\u00e3o de esta\u00e7\u00f5es de carregamento<\/b><\/a><span style=\"font-weight: 400;\"> : Os particulares podem beneficiar de um cr\u00e9dito de imposto para a instala\u00e7\u00e3o de esta\u00e7\u00f5es de carregamento em casa. Este dispositivo, embora progressivamente reduzido, continua a incentivar muitos lares a adotarem ve\u00edculos el\u00e9tricos.<\/span><\/li>\n<\/ul>\n<h2><span style=\"font-weight: 400;\">A lei LOM, um motor da transi\u00e7\u00e3o energ\u00e9tica<\/span><\/h2>\n<p><span style=\"font-weight: 400;\">A Lei de Orienta\u00e7\u00e3o das Mobilidades (LOM) constitui um quadro legislativo ambicioso para a Fran\u00e7a, <strong>visando promover modos de transporte sustent\u00e1veis e facilitar a ado\u00e7\u00e3o de ve\u00edculos el\u00e9tricos<\/strong>. As medidas previstas para 2025, que dizem respeito \u00e0s empresas, \u00e0s autarquias ou aos particulares, visam generalizar o acesso ao carregamento, com objetivos claros para a redu\u00e7\u00e3o das emiss\u00f5es de gases com efeito de estufa. Tudo isto \u00e9 apoiado por uma s\u00e9rie de ajudas financeiras que facilitam esta transi\u00e7\u00e3o para todos os intervenientes envolvidos.<\/span><\/p>\n<p><span style=\"font-weight: 400;\"><strong>O sucesso da LOM depender\u00e1 da coopera\u00e7\u00e3o entre o setor p\u00fablico e privado<\/strong>, mas tamb\u00e9m da capacidade da Fran\u00e7a de acelerar o desdobramento das esta\u00e7\u00f5es de carregamento, para que a mobilidade sustent\u00e1vel se torne uma realidade para todos.<\/span><\/p>\n<p><a href=\"https:\/\/v2charge.com\/pt-pt\/trouvez-votre-installateur\/\"><img decoding=\"async\" class=\"alignnone size-full wp-image-184699\" src=\"https:\/\/v2charge.com\/wp-content\/uploads\/2024\/10\/trouver-un-installateur-borne-recharge.jpg\" alt=\"\" width=\"818\" height=\"818\" srcset=\"https:\/\/v2charge.com\/wp-content\/uploads\/2024\/10\/trouver-un-installateur-borne-recharge.jpg 818w, https:\/\/v2charge.com\/wp-content\/uploads\/2024\/10\/trouver-un-installateur-borne-recharge-300x300.jpg 300w, https:\/\/v2charge.com\/wp-content\/uploads\/2024\/10\/trouver-un-installateur-borne-recharge-150x150.jpg 150w, https:\/\/v2charge.com\/wp-content\/uploads\/2024\/10\/trouver-un-installateur-borne-recharge-768x768.jpg 768w, https:\/\/v2charge.com\/wp-content\/uploads\/2024\/10\/trouver-un-installateur-borne-recharge-50x50.jpg 50w\" sizes=\"(max-width: 818px) 100vw, 818px\" \/><\/a><\/p>\n","protected":false},"excerpt":{"rendered":"<p>A Lei de Orienta\u00e7\u00e3o das Mobilidades (LOM), adotada em 2019, visa transformar a paisagem dos transportes em Fran\u00e7a, promovendo alternativas ecol\u00f3gicas aos ve\u00edculos poluentes e desenvolvendo infraestruturas adequadas. Em 2025, muitas medidas decorrentes desta lei entrar\u00e3o em vigor, modificando profundamente as obriga\u00e7\u00f5es das empresas, das autarquias e dos particulares, nomeadamente no que diz respeito \u00e0s &#8230; <a title=\"As altera\u00e7\u00f5es da Lei LOM para os pontos de carregamento em 2025\" class=\"read-more\" href=\"https:\/\/v2charge.com\/pt-pt\/as-alterac-es-da-lei-lom-para-os-pontos-de-carregamento-em-2025\/\" aria-label=\"Leia mais sobre As altera\u00e7\u00f5es da Lei LOM para os pontos de carregamento em 2025\">Ler mais<\/a><\/p>\n","protected":false},"author":400,"featured_media":212193,"comment_status":"closed","ping_status":"closed","sticky":false,"template":"","format":"standard","meta":{"_eb_attr":"","content-type":"","_uag_custom_page_level_css":"","footnotes":""},"categories":[],"tags":[],"class_list":["post-306869","post","type-post","status-publish","format-standard","has-post-thumbnail","hentry"],"yoast_head":"<!-- This site is optimized with the Yoast SEO plugin v25.3.1 - https:\/\/yoast.com\/wordpress\/plugins\/seo\/ -->\n<title>A Lei LOM: As Mudan\u00e7as em 2025<\/title>\n<meta name=\"description\" content=\"A Lei LOM 2025 transforma a mobilidade sustent\u00e1vel em Fran\u00e7a, impondo obriga\u00e7\u00f5es sobre as esta\u00e7\u00f5es de carregamento para empresas e coletividades.\" \/>\n<meta name=\"robots\" content=\"index, follow, max-snippet:-1, max-image-preview:large, max-video-preview:-1\" \/>\n<link rel=\"canonical\" href=\"https:\/\/v2charge.com\/pt-pt\/as-alterac-es-da-lei-lom-para-os-pontos-de-carregamento-em-2025\/\" \/>\n<meta property=\"og:locale\" content=\"pt_PT\" \/>\n<meta property=\"og:type\" content=\"article\" \/>\n<meta property=\"og:title\" content=\"A Lei LOM: As Mudan\u00e7as em 2025\" \/>\n<meta property=\"og:description\" content=\"A Lei LOM 2025 transforma a mobilidade sustent\u00e1vel em Fran\u00e7a, impondo obriga\u00e7\u00f5es sobre as esta\u00e7\u00f5es de carregamento para empresas e coletividades.\" \/>\n<meta property=\"og:url\" content=\"https:\/\/v2charge.com\/pt-pt\/as-alterac-es-da-lei-lom-para-os-pontos-de-carregamento-em-2025\/\" \/>\n<meta property=\"og:site_name\" content=\"V2C\" \/>\n<meta property=\"article:publisher\" content=\"https:\/\/www.facebook.com\/V2C.Charge\" \/>\n<meta property=\"article:published_time\" content=\"2025-01-07T08:03:00+00:00\" \/>\n<meta property=\"article:modified_time\" content=\"2025-03-31T13:13:08+00:00\" \/>\n<meta property=\"og:image\" content=\"https:\/\/v2charge.com\/wp-content\/uploads\/2025\/03\/loi-lom-borne-recharge.jpg\" \/>\n\t<meta property=\"og:image:width\" content=\"960\" \/>\n\t<meta property=\"og:image:height\" content=\"560\" \/>\n\t<meta property=\"og:image:type\" content=\"image\/jpeg\" \/>\n<meta name=\"author\" content=\"V2C\" \/>\n<meta name=\"twitter:card\" content=\"summary_large_image\" \/>\n<meta name=\"twitter:creator\" content=\"@V2C_Charge\" \/>\n<meta name=\"twitter:site\" content=\"@V2C_Charge\" \/>\n<meta name=\"twitter:label1\" content=\"Escrito por\" \/>\n\t<meta name=\"twitter:data1\" content=\"V2C\" \/>\n\t<meta name=\"twitter:label2\" content=\"Tempo estimado de leitura\" \/>\n\t<meta name=\"twitter:data2\" content=\"6 minutos\" \/>\n<script type=\"application\/ld+json\" class=\"yoast-schema-graph\">{\"@context\":\"https:\/\/schema.org\",\"@graph\":[{\"@type\":\"Article\",\"@id\":\"https:\/\/v2charge.com\/pt-pt\/as-alterac-es-da-lei-lom-para-os-pontos-de-carregamento-em-2025\/#article\",\"isPartOf\":{\"@id\":\"https:\/\/v2charge.com\/pt-pt\/as-alterac-es-da-lei-lom-para-os-pontos-de-carregamento-em-2025\/\"},\"author\":{\"name\":\"V2C\",\"@id\":\"https:\/\/v2charge.com\/pt-pt\/#\/schema\/person\/d6f210a94a856acdddec347b2127fd0f\"},\"headline\":\"As altera\u00e7\u00f5es da Lei LOM para os pontos de carregamento em 2025\",\"datePublished\":\"2025-01-07T08:03:00+00:00\",\"dateModified\":\"2025-03-31T13:13:08+00:00\",\"mainEntityOfPage\":{\"@id\":\"https:\/\/v2charge.com\/pt-pt\/as-alterac-es-da-lei-lom-para-os-pontos-de-carregamento-em-2025\/\"},\"wordCount\":1302,\"publisher\":{\"@id\":\"https:\/\/v2charge.com\/pt-pt\/#organization\"},\"image\":{\"@id\":\"https:\/\/v2charge.com\/pt-pt\/as-alterac-es-da-lei-lom-para-os-pontos-de-carregamento-em-2025\/#primaryimage\"},\"thumbnailUrl\":\"https:\/\/v2charge.com\/wp-content\/uploads\/2025\/03\/loi-lom-borne-recharge.jpg\",\"inLanguage\":\"pt-PT\"},{\"@type\":\"WebPage\",\"@id\":\"https:\/\/v2charge.com\/pt-pt\/as-alterac-es-da-lei-lom-para-os-pontos-de-carregamento-em-2025\/\",\"url\":\"https:\/\/v2charge.com\/pt-pt\/as-alterac-es-da-lei-lom-para-os-pontos-de-carregamento-em-2025\/\",\"name\":\"A Lei LOM: As Mudan\u00e7as em 2025\",\"isPartOf\":{\"@id\":\"https:\/\/v2charge.com\/pt-pt\/#website\"},\"primaryImageOfPage\":{\"@id\":\"https:\/\/v2charge.com\/pt-pt\/as-alterac-es-da-lei-lom-para-os-pontos-de-carregamento-em-2025\/#primaryimage\"},\"image\":{\"@id\":\"https:\/\/v2charge.com\/pt-pt\/as-alterac-es-da-lei-lom-para-os-pontos-de-carregamento-em-2025\/#primaryimage\"},\"thumbnailUrl\":\"https:\/\/v2charge.com\/wp-content\/uploads\/2025\/03\/loi-lom-borne-recharge.jpg\",\"datePublished\":\"2025-01-07T08:03:00+00:00\",\"dateModified\":\"2025-03-31T13:13:08+00:00\",\"description\":\"A Lei LOM 2025 transforma a mobilidade sustent\u00e1vel em Fran\u00e7a, impondo obriga\u00e7\u00f5es sobre as esta\u00e7\u00f5es de carregamento para empresas e coletividades.\",\"breadcrumb\":{\"@id\":\"https:\/\/v2charge.com\/pt-pt\/as-alterac-es-da-lei-lom-para-os-pontos-de-carregamento-em-2025\/#breadcrumb\"},\"inLanguage\":\"pt-PT\",\"potentialAction\":[{\"@type\":\"ReadAction\",\"target\":[\"https:\/\/v2charge.com\/pt-pt\/as-alterac-es-da-lei-lom-para-os-pontos-de-carregamento-em-2025\/\"]}]},{\"@type\":\"ImageObject\",\"inLanguage\":\"pt-PT\",\"@id\":\"https:\/\/v2charge.com\/pt-pt\/as-alterac-es-da-lei-lom-para-os-pontos-de-carregamento-em-2025\/#primaryimage\",\"url\":\"https:\/\/v2charge.com\/wp-content\/uploads\/2025\/03\/loi-lom-borne-recharge.jpg\",\"contentUrl\":\"https:\/\/v2charge.com\/wp-content\/uploads\/2025\/03\/loi-lom-borne-recharge.jpg\",\"width\":960,\"height\":560},{\"@type\":\"BreadcrumbList\",\"@id\":\"https:\/\/v2charge.com\/pt-pt\/as-alterac-es-da-lei-lom-para-os-pontos-de-carregamento-em-2025\/#breadcrumb\",\"itemListElement\":[{\"@type\":\"ListItem\",\"position\":1,\"name\":\"V2C\",\"item\":\"https:\/\/v2charge.com\/pt-pt\/\"},{\"@type\":\"ListItem\",\"position\":2,\"name\":\"As altera\u00e7\u00f5es da Lei LOM para os pontos de carregamento em 2025\"}]},{\"@type\":\"WebSite\",\"@id\":\"https:\/\/v2charge.com\/pt-pt\/#website\",\"url\":\"https:\/\/v2charge.com\/pt-pt\/\",\"name\":\"V2C\",\"description\":\"#CargandoElMa\u00f1ana\",\"publisher\":{\"@id\":\"https:\/\/v2charge.com\/pt-pt\/#organization\"},\"potentialAction\":[{\"@type\":\"SearchAction\",\"target\":{\"@type\":\"EntryPoint\",\"urlTemplate\":\"https:\/\/v2charge.com\/pt-pt\/?s={search_term_string}\"},\"query-input\":{\"@type\":\"PropertyValueSpecification\",\"valueRequired\":true,\"valueName\":\"search_term_string\"}}],\"inLanguage\":\"pt-PT\"},{\"@type\":\"Organization\",\"@id\":\"https:\/\/v2charge.com\/pt-pt\/#organization\",\"name\":\"V2C\",\"url\":\"https:\/\/v2charge.com\/pt-pt\/\",\"logo\":{\"@type\":\"ImageObject\",\"inLanguage\":\"pt-PT\",\"@id\":\"https:\/\/v2charge.com\/pt-pt\/#\/schema\/logo\/image\/\",\"url\":\"https:\/\/v2charge.com\/wp-content\/uploads\/2024\/11\/cropped-v2c-charge-logo-menu.png\",\"contentUrl\":\"https:\/\/v2charge.com\/wp-content\/uploads\/2024\/11\/cropped-v2c-charge-logo-menu.png\",\"width\":984,\"height\":431,\"caption\":\"V2C\"},\"image\":{\"@id\":\"https:\/\/v2charge.com\/pt-pt\/#\/schema\/logo\/image\/\"},\"sameAs\":[\"https:\/\/www.facebook.com\/V2C.Charge\",\"https:\/\/x.com\/V2C_Charge\",\"https:\/\/www.instagram.com\/v2c.charge\/\",\"https:\/\/www.youtube.com\/@V2C\",\"https:\/\/www.linkedin.com\/company\/v2c-chargers\/\"]},{\"@type\":\"Person\",\"@id\":\"https:\/\/v2charge.com\/pt-pt\/#\/schema\/person\/d6f210a94a856acdddec347b2127fd0f\",\"name\":\"V2C\",\"image\":{\"@type\":\"ImageObject\",\"inLanguage\":\"pt-PT\",\"@id\":\"https:\/\/v2charge.com\/pt-pt\/#\/schema\/person\/image\/\",\"url\":\"https:\/\/secure.gravatar.com\/avatar\/a91128c4c0d2f4d63bd586301fdec6cc9aa49c885839b25d1c62700f529f267c?s=96&d=mm&r=g\",\"contentUrl\":\"https:\/\/secure.gravatar.com\/avatar\/a91128c4c0d2f4d63bd586301fdec6cc9aa49c885839b25d1c62700f529f267c?s=96&d=mm&r=g\",\"caption\":\"V2C\"}}]}<\/script>\n<!-- \/ Yoast SEO plugin. -->","yoast_head_json":{"title":"A Lei LOM: As Mudan\u00e7as em 2025","description":"A Lei LOM 2025 transforma a mobilidade sustent\u00e1vel em Fran\u00e7a, impondo obriga\u00e7\u00f5es sobre as esta\u00e7\u00f5es de carregamento para empresas e coletividades.","robots":{"index":"index","follow":"follow","max-snippet":"max-snippet:-1","max-image-preview":"max-image-preview:large","max-video-preview":"max-video-preview:-1"},"canonical":"https:\/\/v2charge.com\/pt-pt\/as-alterac-es-da-lei-lom-para-os-pontos-de-carregamento-em-2025\/","og_locale":"pt_PT","og_type":"article","og_title":"A Lei LOM: As Mudan\u00e7as em 2025","og_description":"A Lei LOM 2025 transforma a mobilidade sustent\u00e1vel em Fran\u00e7a, impondo obriga\u00e7\u00f5es sobre as esta\u00e7\u00f5es de carregamento para empresas e coletividades.","og_url":"https:\/\/v2charge.com\/pt-pt\/as-alterac-es-da-lei-lom-para-os-pontos-de-carregamento-em-2025\/","og_site_name":"V2C","article_publisher":"https:\/\/www.facebook.com\/V2C.Charge","article_published_time":"2025-01-07T08:03:00+00:00","article_modified_time":"2025-03-31T13:13:08+00:00","og_image":[{"width":960,"height":560,"url":"https:\/\/v2charge.com\/wp-content\/uploads\/2025\/03\/loi-lom-borne-recharge.jpg","type":"image\/jpeg"}],"author":"V2C","twitter_card":"summary_large_image","twitter_creator":"@V2C_Charge","twitter_site":"@V2C_Charge","twitter_misc":{"Escrito por":"V2C","Tempo estimado de leitura":"6 minutos"},"schema":{"@context":"https:\/\/schema.org","@graph":[{"@type":"Article","@id":"https:\/\/v2charge.com\/pt-pt\/as-alterac-es-da-lei-lom-para-os-pontos-de-carregamento-em-2025\/#article","isPartOf":{"@id":"https:\/\/v2charge.com\/pt-pt\/as-alterac-es-da-lei-lom-para-os-pontos-de-carregamento-em-2025\/"},"author":{"name":"V2C","@id":"https:\/\/v2charge.com\/pt-pt\/#\/schema\/person\/d6f210a94a856acdddec347b2127fd0f"},"headline":"As altera\u00e7\u00f5es da Lei LOM para os pontos de carregamento em 2025","datePublished":"2025-01-07T08:03:00+00:00","dateModified":"2025-03-31T13:13:08+00:00","mainEntityOfPage":{"@id":"https:\/\/v2charge.com\/pt-pt\/as-alterac-es-da-lei-lom-para-os-pontos-de-carregamento-em-2025\/"},"wordCount":1302,"publisher":{"@id":"https:\/\/v2charge.com\/pt-pt\/#organization"},"image":{"@id":"https:\/\/v2charge.com\/pt-pt\/as-alterac-es-da-lei-lom-para-os-pontos-de-carregamento-em-2025\/#primaryimage"},"thumbnailUrl":"https:\/\/v2charge.com\/wp-content\/uploads\/2025\/03\/loi-lom-borne-recharge.jpg","inLanguage":"pt-PT"},{"@type":"WebPage","@id":"https:\/\/v2charge.com\/pt-pt\/as-alterac-es-da-lei-lom-para-os-pontos-de-carregamento-em-2025\/","url":"https:\/\/v2charge.com\/pt-pt\/as-alterac-es-da-lei-lom-para-os-pontos-de-carregamento-em-2025\/","name":"A Lei LOM: As Mudan\u00e7as em 2025","isPartOf":{"@id":"https:\/\/v2charge.com\/pt-pt\/#website"},"primaryImageOfPage":{"@id":"https:\/\/v2charge.com\/pt-pt\/as-alterac-es-da-lei-lom-para-os-pontos-de-carregamento-em-2025\/#primaryimage"},"image":{"@id":"https:\/\/v2charge.com\/pt-pt\/as-alterac-es-da-lei-lom-para-os-pontos-de-carregamento-em-2025\/#primaryimage"},"thumbnailUrl":"https:\/\/v2charge.com\/wp-content\/uploads\/2025\/03\/loi-lom-borne-recharge.jpg","datePublished":"2025-01-07T08:03:00+00:00","dateModified":"2025-03-31T13:13:08+00:00","description":"A Lei LOM 2025 transforma a mobilidade sustent\u00e1vel em Fran\u00e7a, impondo obriga\u00e7\u00f5es sobre as esta\u00e7\u00f5es de carregamento para empresas e coletividades.","breadcrumb":{"@id":"https:\/\/v2charge.com\/pt-pt\/as-alterac-es-da-lei-lom-para-os-pontos-de-carregamento-em-2025\/#breadcrumb"},"inLanguage":"pt-PT","potentialAction":[{"@type":"ReadAction","target":["https:\/\/v2charge.com\/pt-pt\/as-alterac-es-da-lei-lom-para-os-pontos-de-carregamento-em-2025\/"]}]},{"@type":"ImageObject","inLanguage":"pt-PT","@id":"https:\/\/v2charge.com\/pt-pt\/as-alterac-es-da-lei-lom-para-os-pontos-de-carregamento-em-2025\/#primaryimage","url":"https:\/\/v2charge.com\/wp-content\/uploads\/2025\/03\/loi-lom-borne-recharge.jpg","contentUrl":"https:\/\/v2charge.com\/wp-content\/uploads\/2025\/03\/loi-lom-borne-recharge.jpg","width":960,"height":560},{"@type":"BreadcrumbList","@id":"https:\/\/v2charge.com\/pt-pt\/as-alterac-es-da-lei-lom-para-os-pontos-de-carregamento-em-2025\/#breadcrumb","itemListElement":[{"@type":"ListItem","position":1,"name":"V2C","item":"https:\/\/v2charge.com\/pt-pt\/"},{"@type":"ListItem","position":2,"name":"As altera\u00e7\u00f5es da Lei LOM para os pontos de carregamento em 2025"}]},{"@type":"WebSite","@id":"https:\/\/v2charge.com\/pt-pt\/#website","url":"https:\/\/v2charge.com\/pt-pt\/","name":"V2C","description":"#CargandoElMa\u00f1ana","publisher":{"@id":"https:\/\/v2charge.com\/pt-pt\/#organization"},"potentialAction":[{"@type":"SearchAction","target":{"@type":"EntryPoint","urlTemplate":"https:\/\/v2charge.com\/pt-pt\/?s={search_term_string}"},"query-input":{"@type":"PropertyValueSpecification","valueRequired":true,"valueName":"search_term_string"}}],"inLanguage":"pt-PT"},{"@type":"Organization","@id":"https:\/\/v2charge.com\/pt-pt\/#organization","name":"V2C","url":"https:\/\/v2charge.com\/pt-pt\/","logo":{"@type":"ImageObject","inLanguage":"pt-PT","@id":"https:\/\/v2charge.com\/pt-pt\/#\/schema\/logo\/image\/","url":"https:\/\/v2charge.com\/wp-content\/uploads\/2024\/11\/cropped-v2c-charge-logo-menu.png","contentUrl":"https:\/\/v2charge.com\/wp-content\/uploads\/2024\/11\/cropped-v2c-charge-logo-menu.png","width":984,"height":431,"caption":"V2C"},"image":{"@id":"https:\/\/v2charge.com\/pt-pt\/#\/schema\/logo\/image\/"},"sameAs":["https:\/\/www.facebook.com\/V2C.Charge","https:\/\/x.com\/V2C_Charge","https:\/\/www.instagram.com\/v2c.charge\/","https:\/\/www.youtube.com\/@V2C","https:\/\/www.linkedin.com\/company\/v2c-chargers\/"]},{"@type":"Person","@id":"https:\/\/v2charge.com\/pt-pt\/#\/schema\/person\/d6f210a94a856acdddec347b2127fd0f","name":"V2C","image":{"@type":"ImageObject","inLanguage":"pt-PT","@id":"https:\/\/v2charge.com\/pt-pt\/#\/schema\/person\/image\/","url":"https:\/\/secure.gravatar.com\/avatar\/a91128c4c0d2f4d63bd586301fdec6cc9aa49c885839b25d1c62700f529f267c?s=96&d=mm&r=g","contentUrl":"https:\/\/secure.gravatar.com\/avatar\/a91128c4c0d2f4d63bd586301fdec6cc9aa49c885839b25d1c62700f529f267c?s=96&d=mm&r=g","caption":"V2C"}}]}},"uagb_featured_image_src":{"full":["https:\/\/v2charge.com\/wp-content\/uploads\/2025\/03\/loi-lom-borne-recharge.jpg",960,560,false],"thumbnail":["https:\/\/v2charge.com\/wp-content\/uploads\/2025\/03\/loi-lom-borne-recharge-150x150.jpg",150,150,true],"medium":["https:\/\/v2charge.com\/wp-content\/uploads\/2025\/03\/loi-lom-borne-recharge-300x175.jpg",300,175,true],"medium_large":["https:\/\/v2charge.com\/wp-content\/uploads\/2025\/03\/loi-lom-borne-recharge-768x448.jpg",768,448,true],"large":["https:\/\/v2charge.com\/wp-content\/uploads\/2025\/03\/loi-lom-borne-recharge.jpg",960,560,false],"gs-tiny":["https:\/\/v2charge.com\/wp-content\/uploads\/2025\/03\/loi-lom-borne-recharge-50x29.jpg",50,29,true],"xl":["https:\/\/v2charge.com\/wp-content\/uploads\/2025\/03\/loi-lom-borne-recharge.jpg",960,560,false],"xxl":["https:\/\/v2charge.com\/wp-content\/uploads\/2025\/03\/loi-lom-borne-recharge.jpg",960,560,false],"xxxl":["https:\/\/v2charge.com\/wp-content\/uploads\/2025\/03\/loi-lom-borne-recharge.jpg",960,560,false],"xxxxl":["https:\/\/v2charge.com\/wp-content\/uploads\/2025\/03\/loi-lom-borne-recharge.jpg",960,560,false],"xxxxxl":["https:\/\/v2charge.com\/wp-content\/uploads\/2025\/03\/loi-lom-borne-recharge.jpg",960,560,false],"1536x1536":["https:\/\/v2charge.com\/wp-content\/uploads\/2025\/03\/loi-lom-borne-recharge.jpg",960,560,false],"2048x2048":["https:\/\/v2charge.com\/wp-content\/uploads\/2025\/03\/loi-lom-borne-recharge.jpg",960,560,false]},"uagb_author_info":{"display_name":"V2C","author_link":"https:\/\/v2charge.com\/pt-pt\/author\/marketing\/"},"uagb_comment_info":0,"uagb_excerpt":"A Lei de Orienta\u00e7\u00e3o das Mobilidades (LOM), adotada em 2019, visa transformar a paisagem dos transportes em Fran\u00e7a, promovendo alternativas ecol\u00f3gicas aos ve\u00edculos poluentes e desenvolvendo infraestruturas adequadas. Em 2025, muitas medidas decorrentes desta lei entrar\u00e3o em vigor, modificando profundamente as obriga\u00e7\u00f5es das empresas, das autarquias e dos particulares, nomeadamente no que diz respeito \u00e0s&hellip;","_links":{"self":[{"href":"https:\/\/v2charge.com\/pt-pt\/wp-json\/wp\/v2\/posts\/306869","targetHints":{"allow":["GET"]}}],"collection":[{"href":"https:\/\/v2charge.com\/pt-pt\/wp-json\/wp\/v2\/posts"}],"about":[{"href":"https:\/\/v2charge.com\/pt-pt\/wp-json\/wp\/v2\/types\/post"}],"author":[{"embeddable":true,"href":"https:\/\/v2charge.com\/pt-pt\/wp-json\/wp\/v2\/users\/400"}],"replies":[{"embeddable":true,"href":"https:\/\/v2charge.com\/pt-pt\/wp-json\/wp\/v2\/comments?post=306869"}],"version-history":[{"count":0,"href":"https:\/\/v2charge.com\/pt-pt\/wp-json\/wp\/v2\/posts\/306869\/revisions"}],"wp:featuredmedia":[{"embeddable":true,"href":"https:\/\/v2charge.com\/pt-pt\/wp-json\/wp\/v2\/media\/212193"}],"wp:attachment":[{"href":"https:\/\/v2charge.com\/pt-pt\/wp-json\/wp\/v2\/media?parent=306869"}],"wp:term":[{"taxonomy":"category","embeddable":true,"href":"https:\/\/v2charge.com\/pt-pt\/wp-json\/wp\/v2\/categories?post=306869"},{"taxonomy":"post_tag","embeddable":true,"href":"https:\/\/v2charge.com\/pt-pt\/wp-json\/wp\/v2\/tags?post=306869"}],"curies":[{"name":"wp","href":"https:\/\/api.w.org\/{rel}","templated":true}]}}