{"id":7041,"date":"2018-01-22T14:22:12","date_gmt":"2018-01-22T14:22:12","guid":{"rendered":"https:\/\/www.wallboxok.com\/?p=6553"},"modified":"2023-05-31T08:29:56","modified_gmt":"2023-05-31T08:29:56","slug":"pontos-de-recarga-para-empresas","status":"publish","type":"post","link":"https:\/\/v2charge.com\/pt-pt\/pontos-de-recarga-para-empresas\/","title":{"rendered":"Pontos de recarga para empresas"},"content":{"rendered":"<p>Os pontos de recarga de neg\u00f3cios s\u00e3o projetados para recarregar ve\u00edculos comerciais, frotas de ve\u00edculos e ve\u00edculos para funcion\u00e1rios regularmente. Ocasionalmente, os pontos de recarga s\u00e3o freq\u00fcentemente usados por fornecedores, visitantes ou clientes.<\/p>\n<p>Antes de instalar os pontos de recarga em um pr\u00e9dio comercial ou industrial, \u00e9 aconselh\u00e1vel realizar um estudo para a implementa\u00e7\u00e3o dos pontos. Esta an\u00e1lise \u00e9 realizada para calcular os custos de incorpora\u00e7\u00e3o de infra-estrutura de mobilidade el\u00e9trica.<\/p>\n<p>A instala\u00e7\u00e3o de pontos de recarga deve ser realizada por um instalador autorizado, no entanto, se a instala\u00e7\u00e3o tiver uma pot\u00eancia superior a 50 kW (ou 10 kW fora), \u00e9 necess\u00e1rio um projeto assinado por um t\u00e9cnico competente.<\/p>\n<p>O pre\u00e7o dos pontos de carga depende da velocidade de carregamento, das caracter\u00edsticas dos acess\u00f3rios, cabos, etc. Tamb\u00e9m \u00e9 necess\u00e1rio levar em considera\u00e7\u00e3o se o trabalho \u00e9 necess\u00e1rio. As empresas contam para a instala\u00e7\u00e3o dos pontos de recarga com o aux\u00edlio do Plano de Infraestrutura MOVALT, com este aux\u00edlio podem cobrir at\u00e9 60% do investimento.<\/p>\n<p><strong>As empresas s\u00e3o obrigadas a instalar pontos de recarga para ve\u00edculos el\u00e9tricos?<\/strong><\/p>\n<p>Em 30 de junho de 2015, o Real Decreto 1053\/2014 entrou em vigor, aprovando uma nova Instru\u00e7\u00e3o T\u00e9cnica Complementar (ITC) BT 52 &#8220;Instala\u00e7\u00f5es com fins especiais. Infra-estrutura para recarga de ve\u00edculos el\u00e9tricos \u00bb, do Regulamento eletrot\u00e9cnico para baixa tens\u00e3o e outras instru\u00e7\u00f5es t\u00e9cnicas complementares do mesmo s\u00e3o modificadas.<\/p>\n<p>Este Real Decreto foi publicado no BOE em 31 de dezembro de 2014. No que diz respeito aos equipamentos e materiais, est\u00e1 estabelecido na nova instru\u00e7\u00e3o t\u00e9cnica suplementar que as esta\u00e7\u00f5es de recarga com elementos de conex\u00e3o padronizados e tecnicamente seguros devem ser usadas. Al\u00e9m disso, atrav\u00e9s da primeira disposi\u00e7\u00e3o adicional do Real Decreto, prescri\u00e7\u00f5es m\u00ednimas da estrutura s\u00e3o prescritas para a recarga do &#8220;ve\u00edculo el\u00e9trico&#8221; em edif\u00edcios ou estacionamentos de novas constru\u00e7\u00f5es e estradas p\u00fablicas, sendo o seguinte:<\/p>\n<p><strong>Disposi\u00e7\u00f5es m\u00ednimas estabelecidas no Real Decreto 1053\/2014<\/strong>, obrigat\u00f3rio em novos edif\u00edcios ou estacionamentos.<\/p>\n<p>Um edif\u00edcio ou estacionamento \u00e9 considerado uma nova constru\u00e7\u00e3o quando o projeto de constru\u00e7\u00e3o \u00e9 apresentado \u00e0 Administra\u00e7\u00e3o P\u00fablica competente para processamento ap\u00f3s a data de entrada em vigor, ou seja, pedido de licen\u00e7a ap\u00f3s 30 de junho de 2015.<\/p>\n<ol start=\"3\">\n<li>Pr\u00e9-instala\u00e7\u00e3o: em parques de estacionamento ou estacionamentos coletivos em edif\u00edcios de propriedades horizontais, uma unidade principal deve ser realizada por zonas comunit\u00e1rias (por meio de tubos, canais, bandejas, etc.), de modo que seja poss\u00edvel realizar deriva\u00e7\u00f5es at\u00e9 e inclusive esta\u00e7\u00f5es de recarregamento localizadas nos espa\u00e7os de estacionamento, conforme descrito na se\u00e7\u00e3o 3.2 do (CTI) BT-52.<\/li>\n<li>Uma esta\u00e7\u00e3o de carregamento para cada 40 lugares: em parques de estacionamento ou estacionamentos para frotas privadas, cooperativas ou de neg\u00f3cios, ou de escrit\u00f3rios, para seus pr\u00f3prios funcion\u00e1rios ou associados, ou dep\u00f3sitos de ve\u00edculos municipais. Em lotes de estacionamento ou estacionamento p\u00fablico permanente.<\/li>\n<\/ol>\n<p>NOTA: O objeto e \u00e2mbito de aplica\u00e7\u00e3o do ITC BT 52, tamb\u00e9m incorpora os estacionamentos de casas unifamiliares ou de uma \u00fanica propriedade, fornecendo as provis\u00f5es e especifica\u00e7\u00f5es t\u00e9cnicas para instala\u00e7\u00f5es de recarga de ve\u00edculos el\u00e9tricos nesses casos.<\/p>\n<p>No entanto, esta instala\u00e7\u00e3o n\u00e3o \u00e9 obrigat\u00f3ria em parques de estacionamento unifamiliares ou de propriedade \u00fanica porque o decreto real n\u00e3o os inclui, se n\u00e3o for entendido, que o ITC BT 52 fornece os dados t\u00e9cnicos correspondentes para projetos que incorporar o mesmo.<\/p>\n<p>&nbsp;<\/p>\n<p>&nbsp;<\/p>\n","protected":false},"excerpt":{"rendered":"<p>Os pontos de recarga de neg\u00f3cios s\u00e3o projetados para recarregar ve\u00edculos comerciais, frotas de ve\u00edculos e ve\u00edculos para funcion\u00e1rios regularmente. Ocasionalmente, os pontos de recarga s\u00e3o freq\u00fcentemente usados por fornecedores, visitantes ou clientes. Antes de instalar os pontos de recarga em um pr\u00e9dio comercial ou industrial, \u00e9 aconselh\u00e1vel realizar um estudo para a implementa\u00e7\u00e3o dos &#8230; <a title=\"Pontos de recarga para empresas\" class=\"read-more\" href=\"https:\/\/v2charge.com\/pt-pt\/pontos-de-recarga-para-empresas\/\" aria-label=\"Leia mais sobre Pontos de recarga para empresas\">Ler mais<\/a><\/p>\n","protected":false},"author":1,"featured_media":99390,"comment_status":"open","ping_status":"closed","sticky":false,"template":"","format":"standard","meta":{"_eb_attr":"","content-type":"","_uag_custom_page_level_css":"","footnotes":""},"categories":[1],"tags":[],"class_list":["post-7041","post","type-post","status-publish","format-standard","has-post-thumbnail","hentry","category-e-mobility"],"yoast_head":"<!-- This site is optimized with the Yoast SEO plugin v25.3.1 - https:\/\/yoast.com\/wordpress\/plugins\/seo\/ -->\n<title>Pontos de carregamento para empresas. Carros el\u00e9ctricos | V2C<\/title>\n<meta name=\"description\" content=\"Os pontos de carregamento para empresas s\u00e3o concebidos para o carregamento regular de ve\u00edculos comerciais, frotas de ve\u00edculos e ve\u00edculos de funcion\u00e1rios.\" \/>\n<meta name=\"robots\" content=\"index, follow, max-snippet:-1, max-image-preview:large, max-video-preview:-1\" \/>\n<link rel=\"canonical\" href=\"https:\/\/v2charge.com\/pt-pt\/pontos-de-recarga-para-empresas\/\" \/>\n<meta property=\"og:locale\" content=\"pt_PT\" \/>\n<meta property=\"og:type\" content=\"article\" \/>\n<meta property=\"og:title\" content=\"Pontos de carregamento para empresas. Carros el\u00e9ctricos | V2C\" \/>\n<meta property=\"og:description\" content=\"Os pontos de carregamento para empresas s\u00e3o concebidos para o carregamento regular de ve\u00edculos comerciais, frotas de ve\u00edculos e ve\u00edculos de funcion\u00e1rios.\" \/>\n<meta property=\"og:url\" content=\"https:\/\/v2charge.com\/pt-pt\/pontos-de-recarga-para-empresas\/\" \/>\n<meta property=\"og:site_name\" content=\"V2C\" \/>\n<meta property=\"article:publisher\" content=\"https:\/\/www.facebook.com\/V2C.Charge\" \/>\n<meta property=\"article:published_time\" content=\"2018-01-22T14:22:12+00:00\" \/>\n<meta property=\"article:modified_time\" content=\"2023-05-31T08:29:56+00:00\" \/>\n<meta property=\"og:image\" content=\"https:\/\/v2charge.com\/wp-content\/uploads\/2017\/02\/charging-points-companies.jpg\" \/>\n\t<meta property=\"og:image:width\" content=\"720\" \/>\n\t<meta property=\"og:image:height\" content=\"388\" \/>\n\t<meta property=\"og:image:type\" content=\"image\/jpeg\" \/>\n<meta name=\"author\" content=\"V2C\" \/>\n<meta name=\"twitter:card\" content=\"summary_large_image\" \/>\n<meta name=\"twitter:creator\" content=\"@V2C_Charge\" \/>\n<meta name=\"twitter:site\" content=\"@V2C_Charge\" \/>\n<meta name=\"twitter:label1\" content=\"Escrito por\" \/>\n\t<meta name=\"twitter:data1\" content=\"V2C\" \/>\n\t<meta name=\"twitter:label2\" content=\"Tempo estimado de leitura\" \/>\n\t<meta name=\"twitter:data2\" content=\"3 minutos\" \/>\n<script type=\"application\/ld+json\" class=\"yoast-schema-graph\">{\"@context\":\"https:\/\/schema.org\",\"@graph\":[{\"@type\":\"Article\",\"@id\":\"https:\/\/v2charge.com\/pt-pt\/pontos-de-recarga-para-empresas\/#article\",\"isPartOf\":{\"@id\":\"https:\/\/v2charge.com\/pt-pt\/pontos-de-recarga-para-empresas\/\"},\"author\":{\"name\":\"V2C\",\"@id\":\"https:\/\/v2charge.com\/pt-pt\/#\/schema\/person\/f29e67a85380accce2b8b9139c993f42\"},\"headline\":\"Pontos de recarga para empresas\",\"datePublished\":\"2018-01-22T14:22:12+00:00\",\"dateModified\":\"2023-05-31T08:29:56+00:00\",\"mainEntityOfPage\":{\"@id\":\"https:\/\/v2charge.com\/pt-pt\/pontos-de-recarga-para-empresas\/\"},\"wordCount\":616,\"commentCount\":0,\"publisher\":{\"@id\":\"https:\/\/v2charge.com\/pt-pt\/#organization\"},\"image\":{\"@id\":\"https:\/\/v2charge.com\/pt-pt\/pontos-de-recarga-para-empresas\/#primaryimage\"},\"thumbnailUrl\":\"https:\/\/v2charge.com\/wp-content\/uploads\/2017\/02\/charging-points-companies.jpg\",\"articleSection\":[\"e-Mobility\"],\"inLanguage\":\"pt-PT\",\"potentialAction\":[{\"@type\":\"CommentAction\",\"name\":\"Comment\",\"target\":[\"https:\/\/v2charge.com\/pt-pt\/pontos-de-recarga-para-empresas\/#respond\"]}]},{\"@type\":\"WebPage\",\"@id\":\"https:\/\/v2charge.com\/pt-pt\/pontos-de-recarga-para-empresas\/\",\"url\":\"https:\/\/v2charge.com\/pt-pt\/pontos-de-recarga-para-empresas\/\",\"name\":\"Pontos de carregamento para empresas. Carros el\u00e9ctricos | V2C\",\"isPartOf\":{\"@id\":\"https:\/\/v2charge.com\/pt-pt\/#website\"},\"primaryImageOfPage\":{\"@id\":\"https:\/\/v2charge.com\/pt-pt\/pontos-de-recarga-para-empresas\/#primaryimage\"},\"image\":{\"@id\":\"https:\/\/v2charge.com\/pt-pt\/pontos-de-recarga-para-empresas\/#primaryimage\"},\"thumbnailUrl\":\"https:\/\/v2charge.com\/wp-content\/uploads\/2017\/02\/charging-points-companies.jpg\",\"datePublished\":\"2018-01-22T14:22:12+00:00\",\"dateModified\":\"2023-05-31T08:29:56+00:00\",\"description\":\"Os pontos de carregamento para empresas s\u00e3o concebidos para o carregamento regular de ve\u00edculos comerciais, frotas de ve\u00edculos e ve\u00edculos de funcion\u00e1rios.\",\"breadcrumb\":{\"@id\":\"https:\/\/v2charge.com\/pt-pt\/pontos-de-recarga-para-empresas\/#breadcrumb\"},\"inLanguage\":\"pt-PT\",\"potentialAction\":[{\"@type\":\"ReadAction\",\"target\":[\"https:\/\/v2charge.com\/pt-pt\/pontos-de-recarga-para-empresas\/\"]}]},{\"@type\":\"ImageObject\",\"inLanguage\":\"pt-PT\",\"@id\":\"https:\/\/v2charge.com\/pt-pt\/pontos-de-recarga-para-empresas\/#primaryimage\",\"url\":\"https:\/\/v2charge.com\/wp-content\/uploads\/2017\/02\/charging-points-companies.jpg\",\"contentUrl\":\"https:\/\/v2charge.com\/wp-content\/uploads\/2017\/02\/charging-points-companies.jpg\",\"width\":720,\"height\":388,\"caption\":\"charging points for companies\"},{\"@type\":\"BreadcrumbList\",\"@id\":\"https:\/\/v2charge.com\/pt-pt\/pontos-de-recarga-para-empresas\/#breadcrumb\",\"itemListElement\":[{\"@type\":\"ListItem\",\"position\":1,\"name\":\"V2C\",\"item\":\"https:\/\/v2charge.com\/pt-pt\/\"},{\"@type\":\"ListItem\",\"position\":2,\"name\":\"e-Mobility\",\"item\":\"https:\/\/v2charge.com\/pt-pt\/e-mobility\/\"},{\"@type\":\"ListItem\",\"position\":3,\"name\":\"Pontos de recarga para empresas\"}]},{\"@type\":\"WebSite\",\"@id\":\"https:\/\/v2charge.com\/pt-pt\/#website\",\"url\":\"https:\/\/v2charge.com\/pt-pt\/\",\"name\":\"V2C\",\"description\":\"#CargandoElMa\u00f1ana\",\"publisher\":{\"@id\":\"https:\/\/v2charge.com\/pt-pt\/#organization\"},\"potentialAction\":[{\"@type\":\"SearchAction\",\"target\":{\"@type\":\"EntryPoint\",\"urlTemplate\":\"https:\/\/v2charge.com\/pt-pt\/?s={search_term_string}\"},\"query-input\":{\"@type\":\"PropertyValueSpecification\",\"valueRequired\":true,\"valueName\":\"search_term_string\"}}],\"inLanguage\":\"pt-PT\"},{\"@type\":\"Organization\",\"@id\":\"https:\/\/v2charge.com\/pt-pt\/#organization\",\"name\":\"V2C\",\"url\":\"https:\/\/v2charge.com\/pt-pt\/\",\"logo\":{\"@type\":\"ImageObject\",\"inLanguage\":\"pt-PT\",\"@id\":\"https:\/\/v2charge.com\/pt-pt\/#\/schema\/logo\/image\/\",\"url\":\"https:\/\/v2charge.com\/wp-content\/uploads\/2024\/11\/cropped-v2c-charge-logo-menu.png\",\"contentUrl\":\"https:\/\/v2charge.com\/wp-content\/uploads\/2024\/11\/cropped-v2c-charge-logo-menu.png\",\"width\":984,\"height\":431,\"caption\":\"V2C\"},\"image\":{\"@id\":\"https:\/\/v2charge.com\/pt-pt\/#\/schema\/logo\/image\/\"},\"sameAs\":[\"https:\/\/www.facebook.com\/V2C.Charge\",\"https:\/\/x.com\/V2C_Charge\",\"https:\/\/www.instagram.com\/v2c.charge\/\",\"https:\/\/www.youtube.com\/@V2C\",\"https:\/\/www.linkedin.com\/company\/v2c-chargers\/\"]},{\"@type\":\"Person\",\"@id\":\"https:\/\/v2charge.com\/pt-pt\/#\/schema\/person\/f29e67a85380accce2b8b9139c993f42\",\"name\":\"V2C\",\"image\":{\"@type\":\"ImageObject\",\"inLanguage\":\"pt-PT\",\"@id\":\"https:\/\/v2charge.com\/pt-pt\/#\/schema\/person\/image\/\",\"url\":\"https:\/\/secure.gravatar.com\/avatar\/6b569efe71f377f865d3c6d7d046c620e6ecf71400555f6ac3a8d31ade20562b?s=96&d=mm&r=g\",\"contentUrl\":\"https:\/\/secure.gravatar.com\/avatar\/6b569efe71f377f865d3c6d7d046c620e6ecf71400555f6ac3a8d31ade20562b?s=96&d=mm&r=g\",\"caption\":\"V2C\"}}]}<\/script>\n<!-- \/ Yoast SEO plugin. -->","yoast_head_json":{"title":"Pontos de carregamento para empresas. Carros el\u00e9ctricos | V2C","description":"Os pontos de carregamento para empresas s\u00e3o concebidos para o carregamento regular de ve\u00edculos comerciais, frotas de ve\u00edculos e ve\u00edculos de funcion\u00e1rios.","robots":{"index":"index","follow":"follow","max-snippet":"max-snippet:-1","max-image-preview":"max-image-preview:large","max-video-preview":"max-video-preview:-1"},"canonical":"https:\/\/v2charge.com\/pt-pt\/pontos-de-recarga-para-empresas\/","og_locale":"pt_PT","og_type":"article","og_title":"Pontos de carregamento para empresas. Carros el\u00e9ctricos | V2C","og_description":"Os pontos de carregamento para empresas s\u00e3o concebidos para o carregamento regular de ve\u00edculos comerciais, frotas de ve\u00edculos e ve\u00edculos de funcion\u00e1rios.","og_url":"https:\/\/v2charge.com\/pt-pt\/pontos-de-recarga-para-empresas\/","og_site_name":"V2C","article_publisher":"https:\/\/www.facebook.com\/V2C.Charge","article_published_time":"2018-01-22T14:22:12+00:00","article_modified_time":"2023-05-31T08:29:56+00:00","og_image":[{"width":720,"height":388,"url":"https:\/\/v2charge.com\/wp-content\/uploads\/2017\/02\/charging-points-companies.jpg","type":"image\/jpeg"}],"author":"V2C","twitter_card":"summary_large_image","twitter_creator":"@V2C_Charge","twitter_site":"@V2C_Charge","twitter_misc":{"Escrito por":"V2C","Tempo estimado de leitura":"3 minutos"},"schema":{"@context":"https:\/\/schema.org","@graph":[{"@type":"Article","@id":"https:\/\/v2charge.com\/pt-pt\/pontos-de-recarga-para-empresas\/#article","isPartOf":{"@id":"https:\/\/v2charge.com\/pt-pt\/pontos-de-recarga-para-empresas\/"},"author":{"name":"V2C","@id":"https:\/\/v2charge.com\/pt-pt\/#\/schema\/person\/f29e67a85380accce2b8b9139c993f42"},"headline":"Pontos de recarga para empresas","datePublished":"2018-01-22T14:22:12+00:00","dateModified":"2023-05-31T08:29:56+00:00","mainEntityOfPage":{"@id":"https:\/\/v2charge.com\/pt-pt\/pontos-de-recarga-para-empresas\/"},"wordCount":616,"commentCount":0,"publisher":{"@id":"https:\/\/v2charge.com\/pt-pt\/#organization"},"image":{"@id":"https:\/\/v2charge.com\/pt-pt\/pontos-de-recarga-para-empresas\/#primaryimage"},"thumbnailUrl":"https:\/\/v2charge.com\/wp-content\/uploads\/2017\/02\/charging-points-companies.jpg","articleSection":["e-Mobility"],"inLanguage":"pt-PT","potentialAction":[{"@type":"CommentAction","name":"Comment","target":["https:\/\/v2charge.com\/pt-pt\/pontos-de-recarga-para-empresas\/#respond"]}]},{"@type":"WebPage","@id":"https:\/\/v2charge.com\/pt-pt\/pontos-de-recarga-para-empresas\/","url":"https:\/\/v2charge.com\/pt-pt\/pontos-de-recarga-para-empresas\/","name":"Pontos de carregamento para empresas. Carros el\u00e9ctricos | V2C","isPartOf":{"@id":"https:\/\/v2charge.com\/pt-pt\/#website"},"primaryImageOfPage":{"@id":"https:\/\/v2charge.com\/pt-pt\/pontos-de-recarga-para-empresas\/#primaryimage"},"image":{"@id":"https:\/\/v2charge.com\/pt-pt\/pontos-de-recarga-para-empresas\/#primaryimage"},"thumbnailUrl":"https:\/\/v2charge.com\/wp-content\/uploads\/2017\/02\/charging-points-companies.jpg","datePublished":"2018-01-22T14:22:12+00:00","dateModified":"2023-05-31T08:29:56+00:00","description":"Os pontos de carregamento para empresas s\u00e3o concebidos para o carregamento regular de ve\u00edculos comerciais, frotas de ve\u00edculos e ve\u00edculos de funcion\u00e1rios.","breadcrumb":{"@id":"https:\/\/v2charge.com\/pt-pt\/pontos-de-recarga-para-empresas\/#breadcrumb"},"inLanguage":"pt-PT","potentialAction":[{"@type":"ReadAction","target":["https:\/\/v2charge.com\/pt-pt\/pontos-de-recarga-para-empresas\/"]}]},{"@type":"ImageObject","inLanguage":"pt-PT","@id":"https:\/\/v2charge.com\/pt-pt\/pontos-de-recarga-para-empresas\/#primaryimage","url":"https:\/\/v2charge.com\/wp-content\/uploads\/2017\/02\/charging-points-companies.jpg","contentUrl":"https:\/\/v2charge.com\/wp-content\/uploads\/2017\/02\/charging-points-companies.jpg","width":720,"height":388,"caption":"charging points for companies"},{"@type":"BreadcrumbList","@id":"https:\/\/v2charge.com\/pt-pt\/pontos-de-recarga-para-empresas\/#breadcrumb","itemListElement":[{"@type":"ListItem","position":1,"name":"V2C","item":"https:\/\/v2charge.com\/pt-pt\/"},{"@type":"ListItem","position":2,"name":"e-Mobility","item":"https:\/\/v2charge.com\/pt-pt\/e-mobility\/"},{"@type":"ListItem","position":3,"name":"Pontos de recarga para empresas"}]},{"@type":"WebSite","@id":"https:\/\/v2charge.com\/pt-pt\/#website","url":"https:\/\/v2charge.com\/pt-pt\/","name":"V2C","description":"#CargandoElMa\u00f1ana","publisher":{"@id":"https:\/\/v2charge.com\/pt-pt\/#organization"},"potentialAction":[{"@type":"SearchAction","target":{"@type":"EntryPoint","urlTemplate":"https:\/\/v2charge.com\/pt-pt\/?s={search_term_string}"},"query-input":{"@type":"PropertyValueSpecification","valueRequired":true,"valueName":"search_term_string"}}],"inLanguage":"pt-PT"},{"@type":"Organization","@id":"https:\/\/v2charge.com\/pt-pt\/#organization","name":"V2C","url":"https:\/\/v2charge.com\/pt-pt\/","logo":{"@type":"ImageObject","inLanguage":"pt-PT","@id":"https:\/\/v2charge.com\/pt-pt\/#\/schema\/logo\/image\/","url":"https:\/\/v2charge.com\/wp-content\/uploads\/2024\/11\/cropped-v2c-charge-logo-menu.png","contentUrl":"https:\/\/v2charge.com\/wp-content\/uploads\/2024\/11\/cropped-v2c-charge-logo-menu.png","width":984,"height":431,"caption":"V2C"},"image":{"@id":"https:\/\/v2charge.com\/pt-pt\/#\/schema\/logo\/image\/"},"sameAs":["https:\/\/www.facebook.com\/V2C.Charge","https:\/\/x.com\/V2C_Charge","https:\/\/www.instagram.com\/v2c.charge\/","https:\/\/www.youtube.com\/@V2C","https:\/\/www.linkedin.com\/company\/v2c-chargers\/"]},{"@type":"Person","@id":"https:\/\/v2charge.com\/pt-pt\/#\/schema\/person\/f29e67a85380accce2b8b9139c993f42","name":"V2C","image":{"@type":"ImageObject","inLanguage":"pt-PT","@id":"https:\/\/v2charge.com\/pt-pt\/#\/schema\/person\/image\/","url":"https:\/\/secure.gravatar.com\/avatar\/6b569efe71f377f865d3c6d7d046c620e6ecf71400555f6ac3a8d31ade20562b?s=96&d=mm&r=g","contentUrl":"https:\/\/secure.gravatar.com\/avatar\/6b569efe71f377f865d3c6d7d046c620e6ecf71400555f6ac3a8d31ade20562b?s=96&d=mm&r=g","caption":"V2C"}}]}},"uagb_featured_image_src":{"full":["https:\/\/v2charge.com\/wp-content\/uploads\/2017\/02\/charging-points-companies.jpg",720,388,false],"thumbnail":["https:\/\/v2charge.com\/wp-content\/uploads\/2017\/02\/charging-points-companies-150x150.jpg",150,150,true],"medium":["https:\/\/v2charge.com\/wp-content\/uploads\/2017\/02\/charging-points-companies-300x162.jpg",300,162,true],"medium_large":["https:\/\/v2charge.com\/wp-content\/uploads\/2017\/02\/charging-points-companies.jpg",720,388,false],"large":["https:\/\/v2charge.com\/wp-content\/uploads\/2017\/02\/charging-points-companies.jpg",720,388,false],"gs-tiny":["https:\/\/v2charge.com\/wp-content\/uploads\/2017\/02\/charging-points-companies.jpg",50,27,false],"xl":["https:\/\/v2charge.com\/wp-content\/uploads\/2017\/02\/charging-points-companies.jpg",720,388,false],"xxl":["https:\/\/v2charge.com\/wp-content\/uploads\/2017\/02\/charging-points-companies.jpg",720,388,false],"xxxl":["https:\/\/v2charge.com\/wp-content\/uploads\/2017\/02\/charging-points-companies.jpg",720,388,false],"xxxxl":["https:\/\/v2charge.com\/wp-content\/uploads\/2017\/02\/charging-points-companies.jpg",720,388,false],"xxxxxl":["https:\/\/v2charge.com\/wp-content\/uploads\/2017\/02\/charging-points-companies.jpg",720,388,false],"1536x1536":["https:\/\/v2charge.com\/wp-content\/uploads\/2017\/02\/charging-points-companies.jpg",720,388,false],"2048x2048":["https:\/\/v2charge.com\/wp-content\/uploads\/2017\/02\/charging-points-companies.jpg",720,388,false]},"uagb_author_info":{"display_name":"V2C","author_link":"https:\/\/v2charge.com\/pt-pt\/author\/root_k4eu7ki8\/"},"uagb_comment_info":0,"uagb_excerpt":"Os pontos de recarga de neg\u00f3cios s\u00e3o projetados para recarregar ve\u00edculos comerciais, frotas de ve\u00edculos e ve\u00edculos para funcion\u00e1rios regularmente. Ocasionalmente, os pontos de recarga s\u00e3o freq\u00fcentemente usados por fornecedores, visitantes ou clientes. Antes de instalar os pontos de recarga em um pr\u00e9dio comercial ou industrial, \u00e9 aconselh\u00e1vel realizar um estudo para a implementa\u00e7\u00e3o dos&hellip;","_links":{"self":[{"href":"https:\/\/v2charge.com\/pt-pt\/wp-json\/wp\/v2\/posts\/7041","targetHints":{"allow":["GET"]}}],"collection":[{"href":"https:\/\/v2charge.com\/pt-pt\/wp-json\/wp\/v2\/posts"}],"about":[{"href":"https:\/\/v2charge.com\/pt-pt\/wp-json\/wp\/v2\/types\/post"}],"author":[{"embeddable":true,"href":"https:\/\/v2charge.com\/pt-pt\/wp-json\/wp\/v2\/users\/1"}],"replies":[{"embeddable":true,"href":"https:\/\/v2charge.com\/pt-pt\/wp-json\/wp\/v2\/comments?post=7041"}],"version-history":[{"count":0,"href":"https:\/\/v2charge.com\/pt-pt\/wp-json\/wp\/v2\/posts\/7041\/revisions"}],"wp:featuredmedia":[{"embeddable":true,"href":"https:\/\/v2charge.com\/pt-pt\/wp-json\/wp\/v2\/media\/99390"}],"wp:attachment":[{"href":"https:\/\/v2charge.com\/pt-pt\/wp-json\/wp\/v2\/media?parent=7041"}],"wp:term":[{"taxonomy":"category","embeddable":true,"href":"https:\/\/v2charge.com\/pt-pt\/wp-json\/wp\/v2\/categories?post=7041"},{"taxonomy":"post_tag","embeddable":true,"href":"https:\/\/v2charge.com\/pt-pt\/wp-json\/wp\/v2\/tags?post=7041"}],"curies":[{"name":"wp","href":"https:\/\/api.w.org\/{rel}","templated":true}]}}