{"id":313172,"date":"2025-02-03T17:29:02","date_gmt":"2025-02-03T15:29:02","guid":{"rendered":""},"modified":"2025-03-03T11:37:36","modified_gmt":"2025-03-03T09:37:36","slug":"ford-puma-gen-e-elektri-ni-cena-avtonomija-in-tehnologija","status":"publish","type":"post","link":"https:\/\/v2charge.com\/sl\/ford-puma-gen-e-elektri-ni-cena-avtonomija-in-tehnologija\/","title":{"rendered":"Ford Puma\u00ae Gen-E elektri\u010dni: cena, avtonomija in tehnologija novega SUV-a Ford"},"content":{"rendered":"<p>Elektromobilnost se \u0161e naprej razvija, Ford pa naredi korak naprej z novim <strong>Ford Puma\u00ae Gen-E elektri\u010dnim<\/strong>, svojo najbolj kompaktno in u\u010dinkovito izbiro v segmentu SUV. Z aerodinami\u010dnim oblikovanjem, vrhunsko tehnologijo in dosegom do <strong>523 km v mestu<\/strong>, se ta model postavlja kot idealna izbira za urbano vo\u017enjo in vsakodnevno uporabo. <span style=\"font-weight: 400;\"><a href=\"https:\/\/v2charge.com\/sl\/ford-izbere-pole-pro-za-ogla-evanje-svojega-novega-ford\/\"><strong>Ford je izbral na\u0161 polnilnik Pole Pro<\/strong> kot podobo svoje kampanje za lansiranje<\/a> tega novega modela Ford Puma elektri\u010dnega, ki bo na trgu leta 2025.<\/span><\/p>\n<p>Njegova konkuren\u010dna cena ga naredi dostopno alternativo na trgu elektri\u010dnih vozil. Ampak, kaj ga resni\u010dno dela posebnega? V tem \u010dlanku raziskujemo vse njegove zna\u010dilnosti, od motorja do tehnolo\u0161ke opreme. Nadaljujte z branjem in odkrijte, zakaj je Ford Puma\u00ae Gen-E SUV elektri\u010dni, ki bo naredil razliko leta 2025.<\/p>\n<h2><span style=\"font-weight: 400;\">Ford Puma Gen-E: SUV elektri\u010dni, ki redefinira urbano vo\u017enjo<\/span><\/h2>\n<p><span style=\"font-weight: 400;\"><strong>Nov Ford Puma Gen-E je odgovor Forda na nara\u0161\u010dajo\u010de povpra\u0161evanje po kompaktnih elektri\u010dnih SUV-jih<\/strong>. Z modernim oblikovanjem, vrhunsko tehnologijo in dosegom, ki ga dela idealnega za mesto, se to vozilo postavlja kot ena najbolj\u0161ih alternativ na trgu.<\/span><\/p>\n<h3><span style=\"font-weight: 400;\">Elektri\u010dni SUV z zgodovino<\/span><\/h3>\n<p><span style=\"font-weight: 400;\">Ford Puma je ikoni\u010dno ime znotraj blagovne znamke. Njegov prvi nastop je bil leta 1997 kot kompaktni kupe, vendar je izginil leta 2001. <strong>V letu 2019 je Ford o\u017eivil ime v obliki utilitarnega SUV-ja<\/strong>, kar je doseglo velik uspeh v Evropi. Zdaj, z Ford Puma Gen-E Elektri\u010dnim, blagovna znamka naredi naslednji korak proti popolni elektrifikaciji.<\/span><\/p>\n<p><span style=\"font-weight: 400;\">Da bi kar najbolje izkoristili ta inovativni SUV, je klju\u010dnega pomena imeti <strong>u\u010dinkovito polnilno infrastrukturo<\/strong>. Zato je Ford izbral Pole Pro od V2C, idealen elektri\u010dni polnilnik za u\u010dinkovito in varno polnjenje Puma Gen-E.<\/span><\/p>\n<p><img decoding=\"async\" class=\"alignnone size-full wp-image-204160\" src=\"https:\/\/v2charge.com\/wp-content\/uploads\/2025\/01\/ford-puma-gen-e-pole-pro-charger-side-price.jpg\" alt=\"Ford izbere Pole Pro za napoved svojega novega Ford Puma\u00ae Gen-E elektri\u010dnega\" width=\"960\" height=\"560\" srcset=\"https:\/\/v2charge.com\/wp-content\/uploads\/2025\/01\/ford-puma-gen-e-pole-pro-charger-side-price.jpg 960w, https:\/\/v2charge.com\/wp-content\/uploads\/2025\/01\/ford-puma-gen-e-pole-pro-charger-side-price-300x175.jpg 300w, https:\/\/v2charge.com\/wp-content\/uploads\/2025\/01\/ford-puma-gen-e-pole-pro-charger-side-price-768x448.jpg 768w, https:\/\/v2charge.com\/wp-content\/uploads\/2025\/01\/ford-puma-gen-e-pole-pro-charger-side-price-50x29.jpg 50w\" sizes=\"(max-width: 960px) 100vw, 960px\" \/><\/p>\n<h3><span style=\"font-weight: 400;\">Aerodinami\u010dna zasnova in ekskluzivni detajli<\/span><\/h3>\n<p><span style=\"font-weight: 400;\">Ford <strong>je ohranil bistvo Pume<\/strong> v tej elektri\u010dni razli\u010dici, vendar z klju\u010dnimi prilagoditvami za izbolj\u0161anje zmogljivosti in u\u010dinkovitosti:<\/span><\/p>\n<ul>\n<li style=\"font-weight: 400;\" aria-level=\"1\"><span style=\"font-weight: 400;\"><strong>Zaprt sprednji del:<\/strong> Oblikovanje brez re\u0161etke, ki optimizira aerodinamiko in zmanj\u0161uje zra\u010dni upor.<\/span><\/li>\n<li style=\"font-weight: 400;\" aria-level=\"1\"><span style=\"font-weight: 400;\"><strong>Specifi\u010dna plati\u0161\u010da do 19 palcev:<\/strong> Oblikovana za maksimiranje u\u010dinkovitosti in zmogljivosti na cesti.<\/span><\/li>\n<li style=\"font-weight: 400;\" aria-level=\"1\"><span style=\"font-weight: 400;\"><strong>Ekskluzivni LED \u017earometi:<\/strong> Napredna osvetlitev za bolj\u0161o vidljivost in manj\u0161o porabo energije.<\/span><\/li>\n<li style=\"font-weight: 400;\" aria-level=\"1\"><span style=\"font-weight: 400;\"><strong>Posebne barve:<\/strong> Elektri\u010dna rumena, ki ga lo\u010duje od razli\u010dic z notranjim zgorevanjem.<\/span><\/li>\n<\/ul>\n<p><span style=\"font-weight: 400;\">Ta zasnova ni le privla\u010dna, temve\u010d tudi izbolj\u0161uje doseg in porabo energije, optimizira vsak prevo\u017een kilometer.<\/span><\/p>\n<p><img decoding=\"async\" class=\"size-full wp-image-204136\" src=\"https:\/\/v2charge.com\/wp-content\/uploads\/2025\/01\/ford-puma-gen-e-pole-pro-charger-colors-price.jpg\" alt=\"Ford izbere Pole Pro za napoved svojega novega Ford Puma\u00ae Gen-E elektri\u010dnega\" width=\"960\" height=\"560\" srcset=\"https:\/\/v2charge.com\/wp-content\/uploads\/2025\/01\/ford-puma-gen-e-pole-pro-charger-colors-price.jpg 960w, https:\/\/v2charge.com\/wp-content\/uploads\/2025\/01\/ford-puma-gen-e-pole-pro-charger-colors-price-300x175.jpg 300w, https:\/\/v2charge.com\/wp-content\/uploads\/2025\/01\/ford-puma-gen-e-pole-pro-charger-colors-price-768x448.jpg 768w, https:\/\/v2charge.com\/wp-content\/uploads\/2025\/01\/ford-puma-gen-e-pole-pro-charger-colors-price-50x29.jpg 50w\" sizes=\"(max-width: 960px) 100vw, 960px\" \/><\/p>\n<p><span style=\"color: revert; font-family: Montserrat, sans-serif; font-size: 24px; font-style: inherit;\">Doseg Ford Puma Gen-E: do 523 km v mestu<br \/>\n<\/span><span style=\"font-weight: 400;\">Ena izmed najbolj izstopajo\u010dih lastnosti Ford Puma Gen-E Elektri\u010dnega je njegov <strong>impozanten doseg<\/strong>.<\/span><\/p>\n<ul>\n<li style=\"font-weight: 400;\" aria-level=\"1\"><span style=\"font-weight: 400;\">Doseg v kombiniranem WLTP ciklu: Do <strong>376 km<\/strong> z enim polnjenjem.<\/span><\/li>\n<li style=\"font-weight: 400;\" aria-level=\"1\"><span style=\"font-weight: 400;\">Doseg v urbanem ciklu: Do<strong> 523 km<\/strong>, idealno za vsakodnevno vo\u017enjo po mestu.<\/span><\/li>\n<li style=\"font-weight: 400;\" aria-level=\"1\"><span style=\"font-weight: 400;\">U\u010dinkovita poraba: <strong>Le 13,1 kWh\/100 km<\/strong>, ena najni\u017ejih \u0161tevilk v segmentu.<\/span><\/li>\n<\/ul>\n<p><span style=\"font-weight: 400;\">Zahvaljujo\u010d tem \u0161tevilkam, Ford Puma Gen-E postane idealna izbira za voznike, ki i\u0161\u010dejo elektri\u010dno vozilo z velikim dosegom, ne da bi \u017ertvovali energetsko u\u010dinkovitost.<\/span><\/p>\n<p><img decoding=\"async\" class=\"alignnone size-full wp-image-204171\" src=\"https:\/\/v2charge.com\/wp-content\/uploads\/2025\/01\/ford-puma-gen-e-pole-pro-charger-interior-price.jpg\" alt=\"Ford izbere Pole Pro za napoved svojega novega Ford Puma\u00ae Gen-E elektri\u010dnega\" width=\"960\" height=\"560\" srcset=\"https:\/\/v2charge.com\/wp-content\/uploads\/2025\/01\/ford-puma-gen-e-pole-pro-charger-interior-price.jpg 960w, https:\/\/v2charge.com\/wp-content\/uploads\/2025\/01\/ford-puma-gen-e-pole-pro-charger-interior-price-300x175.jpg 300w, https:\/\/v2charge.com\/wp-content\/uploads\/2025\/01\/ford-puma-gen-e-pole-pro-charger-interior-price-768x448.jpg 768w, https:\/\/v2charge.com\/wp-content\/uploads\/2025\/01\/ford-puma-gen-e-pole-pro-charger-interior-price-50x29.jpg 50w\" sizes=\"(max-width: 960px) 100vw, 960px\" \/><\/p>\n<h2><span style=\"font-weight: 400;\">Cena Ford Puma Gen-E: Koliko stane elektri\u010dni SUV Ford?<\/span><\/h2>\n<p><span style=\"font-weight: 400;\">Ford Puma Gen-E prihaja na trg s konkuren\u010dno cenovno strategijo, ki ga postavlja med najbolj dostopne mo\u017enosti v ponudbi elektri\u010dnih vozil Ford. Z inovativnim oblikovanjem in napredno tehnologijo, ta elektri\u010dni SUV <strong>prizadeva si demokratizirati trajnostno mobilnost brez kompromisov glede zmogljivosti ali dosega<\/strong>.<\/span><\/p>\n<h3><span style=\"font-weight: 400;\">Cena Ford Puma Gen-E (razli\u010dica 2025)<\/span><\/h3>\n<ul>\n<li><span style=\"font-weight: 400;\">Osnovna cena: <strong>Od 30.584 \u20ac do 37.183 \u20ac<\/strong>, odvisno od razli\u010dice in opreme.<\/span><\/li>\n<li><span style=\"font-weight: 400;\">Financiranje: Od <strong>189 \u20ac\/mesec<\/strong> z vnaprej\u0161njim pla\u010dilom 10.395 \u20ac in kon\u010dno obro\u010dno pla\u010dilo 17.093 \u20ac.<\/span><\/li>\n<li><span style=\"font-weight: 400;\">Datum lansiranja: Uradna predstavitev konec leta 2024, s <strong>prvimi dostavami aprila 2025<\/strong>.<\/span><\/li>\n<\/ul>\n<p><span style=\"font-weight: 400;\">Ford je zasnoval Puma Gen-E, da bo njihov najbolj dostopen elektri\u010dni model, ki se postavlja pod Mustang Mach-E, Explorer in Capri. Ponudba vklju\u010duje dve razli\u010dici: Gen-E in Gen-E Premium, ki se razlikujeta po ravni opreme in zaklju\u010dkih.<\/span><\/p>\n<p><img decoding=\"async\" class=\"alignnone size-full wp-image-204149\" src=\"https:\/\/v2charge.com\/wp-content\/uploads\/2025\/01\/ford-puma-gen-e-pole-pro-charger-price.jpg\" alt=\"Ford izbere Pole Pro za napoved svojega novega Ford Puma\u00ae Gen-E elektri\u010dnega\" width=\"960\" height=\"560\" srcset=\"https:\/\/v2charge.com\/wp-content\/uploads\/2025\/01\/ford-puma-gen-e-pole-pro-charger-price.jpg 960w, https:\/\/v2charge.com\/wp-content\/uploads\/2025\/01\/ford-puma-gen-e-pole-pro-charger-price-300x175.jpg 300w, https:\/\/v2charge.com\/wp-content\/uploads\/2025\/01\/ford-puma-gen-e-pole-pro-charger-price-768x448.jpg 768w, https:\/\/v2charge.com\/wp-content\/uploads\/2025\/01\/ford-puma-gen-e-pole-pro-charger-price-50x29.jpg 50w\" sizes=\"(max-width: 960px) 100vw, 960px\" \/><\/p>\n<h2><span style=\"font-weight: 400;\">Hitro in u\u010dinkovito polnjenje va\u0161ega Ford Puma elektri\u010dnega s Pole Pro<\/span><\/h2>\n<p><span style=\"font-weight: 400;\">Za zagotovitev optimalne izku\u0161nje polnjenja, <strong>je Ford izbral <a href=\"https:\/\/v2charge.com\/sl\/pole-sl\/\">Pole Pro od V2C<\/a>,<\/strong> elektri\u010dni polnilnik zasnovan za urbane okolice in skupno polnjenje. Ta polnilni sistem ponuja neprimerljive prednosti za lastnike Ford Puma Gen-E, kot so u\u010dinkovito upravljanje energije in popolna zdru\u017eljivost z javnimi in zasebnimi omre\u017eji.<\/span><\/p>\n<h3><span style=\"font-weight: 400;\">Kako namestiti polnilnik za Ford Puma Gen-E<\/span><\/h3>\n<p><span style=\"font-weight: 400;\">\u010ce razmi\u0161ljate o namestitvi elektri\u010dnega polnilnika v va\u0161em domu ali podjetju, je pomembno izbrati ustrezno opremo in profesionalnega monterja. V <\/span><span style=\"font-weight: 400;\">V2C <strong>imamo mre\u017eo <a href=\"https:\/\/v2charge.com\/sl\/najdi-svojega-in-talaterja\/\">certificiranih monterjev elektri\u010dnih polnilnikov<\/a><\/strong>, ki zagotavljajo u\u010dinkovito in varno namestitev, da lahko kar najbolje izkoristite svoj Ford Puma Gen-E Elektri\u010dni. <\/span><span style=\"font-weight: 400;\">Najdite monterja v na\u0161i mre\u017ei in za\u010dnite polniti svoj Puma Gen-E z najve\u010djo u\u010dinkovitostjo.<\/span><\/p>\n<h2><span style=\"font-weight: 400;\">Ford Puma Gen-E in Pole Pro, popolna kombinacija<\/span><\/h2>\n<p><span style=\"font-weight: 400;\">Ford Puma Gen-E<strong> predstavlja prihodnost urbane mobilnosti s svojim aerodinami\u010dnim oblikovanjem, dosegom do 523 km in napredno tehnologijo<\/strong>. Da bi kar najbolje izkoristili njegovo zmogljivost, je klju\u010dno imeti u\u010dinkovit polnilni sistem, kot je Pole Pro, in priporo\u010damo na\u0161 elektri\u010dni polnilnik, ki je popoln za dom <strong><a href=\"https:\/\/v2charge.com\/sl\/trydan-sl\/\">Trydan<\/a><\/strong>.<\/span><\/p>\n","protected":false},"excerpt":{"rendered":"<p>Elektromobilnost se \u0161e naprej razvija, Ford pa naredi korak naprej z novim Ford Puma\u00ae Gen-E elektri\u010dnim, svojo najbolj kompaktno in u\u010dinkovito izbiro v segmentu SUV. Z aerodinami\u010dnim oblikovanjem, vrhunsko tehnologijo in dosegom do 523 km v mestu, se ta model postavlja kot idealna izbira za urbano vo\u017enjo in vsakodnevno uporabo. Ford je izbral na\u0161 polnilnik &#8230; <a title=\"Ford Puma\u00ae Gen-E elektri\u010dni: cena, avtonomija in tehnologija novega SUV-a Ford\" class=\"read-more\" href=\"https:\/\/v2charge.com\/sl\/ford-puma-gen-e-elektri-ni-cena-avtonomija-in-tehnologija\/\" aria-label=\"Read more about Ford Puma\u00ae Gen-E elektri\u010dni: cena, avtonomija in tehnologija novega SUV-a Ford\">Read more<\/a><\/p>\n","protected":false},"author":400,"featured_media":204140,"comment_status":"closed","ping_status":"closed","sticky":false,"template":"","format":"standard","meta":{"_eb_attr":"","content-type":"","_uag_custom_page_level_css":"","footnotes":""},"categories":[],"tags":[],"class_list":["post-313172","post","type-post","status-publish","format-standard","has-post-thumbnail","hentry"],"yoast_head":"<!-- This site is optimized with the Yoast SEO plugin v25.3.1 - https:\/\/yoast.com\/wordpress\/plugins\/seo\/ -->\n<title>Ford Puma\u00ae Gen-E elektri\u010dni | Cena Ford Puma Elektri\u010dni Ford<\/title>\n<meta name=\"description\" content=\"Odkrijte Ford Puma\u00ae Gen-E elektri\u010dni, kompaktni SUV z do 523 km dosega. Cena Ford Puma\u00ae Gen-E elektri\u010dnega se za\u010dne pri 30.584 \u20ac.\" \/>\n<meta name=\"robots\" content=\"index, follow, max-snippet:-1, max-image-preview:large, max-video-preview:-1\" \/>\n<link rel=\"canonical\" href=\"https:\/\/v2charge.com\/sl\/ford-puma-gen-e-elektri-ni-cena-avtonomija-in-tehnologija\/\" \/>\n<meta property=\"og:locale\" content=\"sl_SI\" \/>\n<meta property=\"og:type\" content=\"article\" \/>\n<meta property=\"og:title\" content=\"Ford Puma\u00ae Gen-E elektri\u010dni | Cena Ford Puma Elektri\u010dni Ford\" \/>\n<meta property=\"og:description\" content=\"Odkrijte Ford Puma\u00ae Gen-E elektri\u010dni, kompaktni SUV z do 523 km dosega. Cena Ford Puma\u00ae Gen-E elektri\u010dnega se za\u010dne pri 30.584 \u20ac.\" \/>\n<meta property=\"og:url\" content=\"https:\/\/v2charge.com\/sl\/ford-puma-gen-e-elektri-ni-cena-avtonomija-in-tehnologija\/\" \/>\n<meta property=\"og:site_name\" content=\"V2C\" \/>\n<meta property=\"article:publisher\" content=\"https:\/\/www.facebook.com\/V2C.Charge\" \/>\n<meta property=\"article:published_time\" content=\"2025-02-03T15:29:02+00:00\" \/>\n<meta property=\"article:modified_time\" content=\"2025-03-03T09:37:36+00:00\" \/>\n<meta property=\"og:image\" content=\"https:\/\/v2charge.com\/wp-content\/uploads\/2025\/01\/ford-puma-gen-e-pole-pro-charger-colors-price.jpg\" \/>\n\t<meta property=\"og:image:width\" content=\"960\" \/>\n\t<meta property=\"og:image:height\" content=\"560\" \/>\n\t<meta property=\"og:image:type\" content=\"image\/jpeg\" \/>\n<meta name=\"author\" content=\"V2C\" \/>\n<meta name=\"twitter:card\" content=\"summary_large_image\" \/>\n<meta name=\"twitter:creator\" content=\"@V2C_Charge\" \/>\n<meta name=\"twitter:site\" content=\"@V2C_Charge\" \/>\n<meta name=\"twitter:label1\" content=\"Written by\" \/>\n\t<meta name=\"twitter:data1\" content=\"V2C\" \/>\n\t<meta name=\"twitter:label2\" content=\"Est. reading time\" \/>\n\t<meta name=\"twitter:data2\" content=\"6 minut\" \/>\n<script type=\"application\/ld+json\" class=\"yoast-schema-graph\">{\"@context\":\"https:\/\/schema.org\",\"@graph\":[{\"@type\":\"Article\",\"@id\":\"https:\/\/v2charge.com\/sl\/ford-puma-gen-e-elektri-ni-cena-avtonomija-in-tehnologija\/#article\",\"isPartOf\":{\"@id\":\"https:\/\/v2charge.com\/sl\/ford-puma-gen-e-elektri-ni-cena-avtonomija-in-tehnologija\/\"},\"author\":{\"name\":\"V2C\",\"@id\":\"https:\/\/v2charge.com\/sl\/#\/schema\/person\/d6f210a94a856acdddec347b2127fd0f\"},\"headline\":\"Ford Puma\u00ae Gen-E elektri\u010dni: cena, avtonomija in tehnologija novega SUV-a Ford\",\"datePublished\":\"2025-02-03T15:29:02+00:00\",\"dateModified\":\"2025-03-03T09:37:36+00:00\",\"mainEntityOfPage\":{\"@id\":\"https:\/\/v2charge.com\/sl\/ford-puma-gen-e-elektri-ni-cena-avtonomija-in-tehnologija\/\"},\"wordCount\":824,\"publisher\":{\"@id\":\"https:\/\/v2charge.com\/sl\/#organization\"},\"image\":{\"@id\":\"https:\/\/v2charge.com\/sl\/ford-puma-gen-e-elektri-ni-cena-avtonomija-in-tehnologija\/#primaryimage\"},\"thumbnailUrl\":\"https:\/\/v2charge.com\/wp-content\/uploads\/2025\/01\/ford-puma-gen-e-pole-pro-charger-colors-price.jpg\",\"inLanguage\":\"sl-SI\"},{\"@type\":\"WebPage\",\"@id\":\"https:\/\/v2charge.com\/sl\/ford-puma-gen-e-elektri-ni-cena-avtonomija-in-tehnologija\/\",\"url\":\"https:\/\/v2charge.com\/sl\/ford-puma-gen-e-elektri-ni-cena-avtonomija-in-tehnologija\/\",\"name\":\"Ford Puma\u00ae Gen-E elektri\u010dni | Cena Ford Puma Elektri\u010dni Ford\",\"isPartOf\":{\"@id\":\"https:\/\/v2charge.com\/sl\/#website\"},\"primaryImageOfPage\":{\"@id\":\"https:\/\/v2charge.com\/sl\/ford-puma-gen-e-elektri-ni-cena-avtonomija-in-tehnologija\/#primaryimage\"},\"image\":{\"@id\":\"https:\/\/v2charge.com\/sl\/ford-puma-gen-e-elektri-ni-cena-avtonomija-in-tehnologija\/#primaryimage\"},\"thumbnailUrl\":\"https:\/\/v2charge.com\/wp-content\/uploads\/2025\/01\/ford-puma-gen-e-pole-pro-charger-colors-price.jpg\",\"datePublished\":\"2025-02-03T15:29:02+00:00\",\"dateModified\":\"2025-03-03T09:37:36+00:00\",\"description\":\"Odkrijte Ford Puma\u00ae Gen-E elektri\u010dni, kompaktni SUV z do 523 km dosega. Cena Ford Puma\u00ae Gen-E elektri\u010dnega se za\u010dne pri 30.584 \u20ac.\",\"breadcrumb\":{\"@id\":\"https:\/\/v2charge.com\/sl\/ford-puma-gen-e-elektri-ni-cena-avtonomija-in-tehnologija\/#breadcrumb\"},\"inLanguage\":\"sl-SI\",\"potentialAction\":[{\"@type\":\"ReadAction\",\"target\":[\"https:\/\/v2charge.com\/sl\/ford-puma-gen-e-elektri-ni-cena-avtonomija-in-tehnologija\/\"]}]},{\"@type\":\"ImageObject\",\"inLanguage\":\"sl-SI\",\"@id\":\"https:\/\/v2charge.com\/sl\/ford-puma-gen-e-elektri-ni-cena-avtonomija-in-tehnologija\/#primaryimage\",\"url\":\"https:\/\/v2charge.com\/wp-content\/uploads\/2025\/01\/ford-puma-gen-e-pole-pro-charger-colors-price.jpg\",\"contentUrl\":\"https:\/\/v2charge.com\/wp-content\/uploads\/2025\/01\/ford-puma-gen-e-pole-pro-charger-colors-price.jpg\",\"width\":960,\"height\":560,\"caption\":\"Ford elige Pole Pro para anunciar su nuevo Ford Puma\u00ae Gen-E el\u00e9ctrico\"},{\"@type\":\"BreadcrumbList\",\"@id\":\"https:\/\/v2charge.com\/sl\/ford-puma-gen-e-elektri-ni-cena-avtonomija-in-tehnologija\/#breadcrumb\",\"itemListElement\":[{\"@type\":\"ListItem\",\"position\":1,\"name\":\"V2C\",\"item\":\"https:\/\/v2charge.com\/sl\/\"},{\"@type\":\"ListItem\",\"position\":2,\"name\":\"Noticias V2C\",\"item\":\"https:\/\/v2charge.com\/es\/noticias-v2c\/\"},{\"@type\":\"ListItem\",\"position\":3,\"name\":\"Ford Puma\u00ae Gen-E elektri\u010dni: cena, avtonomija in tehnologija novega SUV-a Ford\"}]},{\"@type\":\"WebSite\",\"@id\":\"https:\/\/v2charge.com\/sl\/#website\",\"url\":\"https:\/\/v2charge.com\/sl\/\",\"name\":\"V2C\",\"description\":\"#CargandoElMa\u00f1ana\",\"publisher\":{\"@id\":\"https:\/\/v2charge.com\/sl\/#organization\"},\"potentialAction\":[{\"@type\":\"SearchAction\",\"target\":{\"@type\":\"EntryPoint\",\"urlTemplate\":\"https:\/\/v2charge.com\/sl\/?s={search_term_string}\"},\"query-input\":{\"@type\":\"PropertyValueSpecification\",\"valueRequired\":true,\"valueName\":\"search_term_string\"}}],\"inLanguage\":\"sl-SI\"},{\"@type\":\"Organization\",\"@id\":\"https:\/\/v2charge.com\/sl\/#organization\",\"name\":\"V2C\",\"url\":\"https:\/\/v2charge.com\/sl\/\",\"logo\":{\"@type\":\"ImageObject\",\"inLanguage\":\"sl-SI\",\"@id\":\"https:\/\/v2charge.com\/sl\/#\/schema\/logo\/image\/\",\"url\":\"https:\/\/v2charge.com\/wp-content\/uploads\/2024\/11\/cropped-v2c-charge-logo-menu.png\",\"contentUrl\":\"https:\/\/v2charge.com\/wp-content\/uploads\/2024\/11\/cropped-v2c-charge-logo-menu.png\",\"width\":984,\"height\":431,\"caption\":\"V2C\"},\"image\":{\"@id\":\"https:\/\/v2charge.com\/sl\/#\/schema\/logo\/image\/\"},\"sameAs\":[\"https:\/\/www.facebook.com\/V2C.Charge\",\"https:\/\/x.com\/V2C_Charge\",\"https:\/\/www.instagram.com\/v2c.charge\/\",\"https:\/\/www.youtube.com\/@V2C\",\"https:\/\/www.linkedin.com\/company\/v2c-chargers\/\"]},{\"@type\":\"Person\",\"@id\":\"https:\/\/v2charge.com\/sl\/#\/schema\/person\/d6f210a94a856acdddec347b2127fd0f\",\"name\":\"V2C\",\"image\":{\"@type\":\"ImageObject\",\"inLanguage\":\"sl-SI\",\"@id\":\"https:\/\/v2charge.com\/sl\/#\/schema\/person\/image\/\",\"url\":\"https:\/\/secure.gravatar.com\/avatar\/a91128c4c0d2f4d63bd586301fdec6cc9aa49c885839b25d1c62700f529f267c?s=96&d=mm&r=g\",\"contentUrl\":\"https:\/\/secure.gravatar.com\/avatar\/a91128c4c0d2f4d63bd586301fdec6cc9aa49c885839b25d1c62700f529f267c?s=96&d=mm&r=g\",\"caption\":\"V2C\"}}]}<\/script>\n<!-- \/ Yoast SEO plugin. -->","yoast_head_json":{"title":"Ford Puma\u00ae Gen-E elektri\u010dni | Cena Ford Puma Elektri\u010dni Ford","description":"Odkrijte Ford Puma\u00ae Gen-E elektri\u010dni, kompaktni SUV z do 523 km dosega. Cena Ford Puma\u00ae Gen-E elektri\u010dnega se za\u010dne pri 30.584 \u20ac.","robots":{"index":"index","follow":"follow","max-snippet":"max-snippet:-1","max-image-preview":"max-image-preview:large","max-video-preview":"max-video-preview:-1"},"canonical":"https:\/\/v2charge.com\/sl\/ford-puma-gen-e-elektri-ni-cena-avtonomija-in-tehnologija\/","og_locale":"sl_SI","og_type":"article","og_title":"Ford Puma\u00ae Gen-E elektri\u010dni | Cena Ford Puma Elektri\u010dni Ford","og_description":"Odkrijte Ford Puma\u00ae Gen-E elektri\u010dni, kompaktni SUV z do 523 km dosega. Cena Ford Puma\u00ae Gen-E elektri\u010dnega se za\u010dne pri 30.584 \u20ac.","og_url":"https:\/\/v2charge.com\/sl\/ford-puma-gen-e-elektri-ni-cena-avtonomija-in-tehnologija\/","og_site_name":"V2C","article_publisher":"https:\/\/www.facebook.com\/V2C.Charge","article_published_time":"2025-02-03T15:29:02+00:00","article_modified_time":"2025-03-03T09:37:36+00:00","og_image":[{"width":960,"height":560,"url":"https:\/\/v2charge.com\/wp-content\/uploads\/2025\/01\/ford-puma-gen-e-pole-pro-charger-colors-price.jpg","type":"image\/jpeg"}],"author":"V2C","twitter_card":"summary_large_image","twitter_creator":"@V2C_Charge","twitter_site":"@V2C_Charge","twitter_misc":{"Written by":"V2C","Est. reading time":"6 minut"},"schema":{"@context":"https:\/\/schema.org","@graph":[{"@type":"Article","@id":"https:\/\/v2charge.com\/sl\/ford-puma-gen-e-elektri-ni-cena-avtonomija-in-tehnologija\/#article","isPartOf":{"@id":"https:\/\/v2charge.com\/sl\/ford-puma-gen-e-elektri-ni-cena-avtonomija-in-tehnologija\/"},"author":{"name":"V2C","@id":"https:\/\/v2charge.com\/sl\/#\/schema\/person\/d6f210a94a856acdddec347b2127fd0f"},"headline":"Ford Puma\u00ae Gen-E elektri\u010dni: cena, avtonomija in tehnologija novega SUV-a Ford","datePublished":"2025-02-03T15:29:02+00:00","dateModified":"2025-03-03T09:37:36+00:00","mainEntityOfPage":{"@id":"https:\/\/v2charge.com\/sl\/ford-puma-gen-e-elektri-ni-cena-avtonomija-in-tehnologija\/"},"wordCount":824,"publisher":{"@id":"https:\/\/v2charge.com\/sl\/#organization"},"image":{"@id":"https:\/\/v2charge.com\/sl\/ford-puma-gen-e-elektri-ni-cena-avtonomija-in-tehnologija\/#primaryimage"},"thumbnailUrl":"https:\/\/v2charge.com\/wp-content\/uploads\/2025\/01\/ford-puma-gen-e-pole-pro-charger-colors-price.jpg","inLanguage":"sl-SI"},{"@type":"WebPage","@id":"https:\/\/v2charge.com\/sl\/ford-puma-gen-e-elektri-ni-cena-avtonomija-in-tehnologija\/","url":"https:\/\/v2charge.com\/sl\/ford-puma-gen-e-elektri-ni-cena-avtonomija-in-tehnologija\/","name":"Ford Puma\u00ae Gen-E elektri\u010dni | Cena Ford Puma Elektri\u010dni Ford","isPartOf":{"@id":"https:\/\/v2charge.com\/sl\/#website"},"primaryImageOfPage":{"@id":"https:\/\/v2charge.com\/sl\/ford-puma-gen-e-elektri-ni-cena-avtonomija-in-tehnologija\/#primaryimage"},"image":{"@id":"https:\/\/v2charge.com\/sl\/ford-puma-gen-e-elektri-ni-cena-avtonomija-in-tehnologija\/#primaryimage"},"thumbnailUrl":"https:\/\/v2charge.com\/wp-content\/uploads\/2025\/01\/ford-puma-gen-e-pole-pro-charger-colors-price.jpg","datePublished":"2025-02-03T15:29:02+00:00","dateModified":"2025-03-03T09:37:36+00:00","description":"Odkrijte Ford Puma\u00ae Gen-E elektri\u010dni, kompaktni SUV z do 523 km dosega. Cena Ford Puma\u00ae Gen-E elektri\u010dnega se za\u010dne pri 30.584 \u20ac.","breadcrumb":{"@id":"https:\/\/v2charge.com\/sl\/ford-puma-gen-e-elektri-ni-cena-avtonomija-in-tehnologija\/#breadcrumb"},"inLanguage":"sl-SI","potentialAction":[{"@type":"ReadAction","target":["https:\/\/v2charge.com\/sl\/ford-puma-gen-e-elektri-ni-cena-avtonomija-in-tehnologija\/"]}]},{"@type":"ImageObject","inLanguage":"sl-SI","@id":"https:\/\/v2charge.com\/sl\/ford-puma-gen-e-elektri-ni-cena-avtonomija-in-tehnologija\/#primaryimage","url":"https:\/\/v2charge.com\/wp-content\/uploads\/2025\/01\/ford-puma-gen-e-pole-pro-charger-colors-price.jpg","contentUrl":"https:\/\/v2charge.com\/wp-content\/uploads\/2025\/01\/ford-puma-gen-e-pole-pro-charger-colors-price.jpg","width":960,"height":560,"caption":"Ford elige Pole Pro para anunciar su nuevo Ford Puma\u00ae Gen-E el\u00e9ctrico"},{"@type":"BreadcrumbList","@id":"https:\/\/v2charge.com\/sl\/ford-puma-gen-e-elektri-ni-cena-avtonomija-in-tehnologija\/#breadcrumb","itemListElement":[{"@type":"ListItem","position":1,"name":"V2C","item":"https:\/\/v2charge.com\/sl\/"},{"@type":"ListItem","position":2,"name":"Noticias V2C","item":"https:\/\/v2charge.com\/es\/noticias-v2c\/"},{"@type":"ListItem","position":3,"name":"Ford Puma\u00ae Gen-E elektri\u010dni: cena, avtonomija in tehnologija novega SUV-a Ford"}]},{"@type":"WebSite","@id":"https:\/\/v2charge.com\/sl\/#website","url":"https:\/\/v2charge.com\/sl\/","name":"V2C","description":"#CargandoElMa\u00f1ana","publisher":{"@id":"https:\/\/v2charge.com\/sl\/#organization"},"potentialAction":[{"@type":"SearchAction","target":{"@type":"EntryPoint","urlTemplate":"https:\/\/v2charge.com\/sl\/?s={search_term_string}"},"query-input":{"@type":"PropertyValueSpecification","valueRequired":true,"valueName":"search_term_string"}}],"inLanguage":"sl-SI"},{"@type":"Organization","@id":"https:\/\/v2charge.com\/sl\/#organization","name":"V2C","url":"https:\/\/v2charge.com\/sl\/","logo":{"@type":"ImageObject","inLanguage":"sl-SI","@id":"https:\/\/v2charge.com\/sl\/#\/schema\/logo\/image\/","url":"https:\/\/v2charge.com\/wp-content\/uploads\/2024\/11\/cropped-v2c-charge-logo-menu.png","contentUrl":"https:\/\/v2charge.com\/wp-content\/uploads\/2024\/11\/cropped-v2c-charge-logo-menu.png","width":984,"height":431,"caption":"V2C"},"image":{"@id":"https:\/\/v2charge.com\/sl\/#\/schema\/logo\/image\/"},"sameAs":["https:\/\/www.facebook.com\/V2C.Charge","https:\/\/x.com\/V2C_Charge","https:\/\/www.instagram.com\/v2c.charge\/","https:\/\/www.youtube.com\/@V2C","https:\/\/www.linkedin.com\/company\/v2c-chargers\/"]},{"@type":"Person","@id":"https:\/\/v2charge.com\/sl\/#\/schema\/person\/d6f210a94a856acdddec347b2127fd0f","name":"V2C","image":{"@type":"ImageObject","inLanguage":"sl-SI","@id":"https:\/\/v2charge.com\/sl\/#\/schema\/person\/image\/","url":"https:\/\/secure.gravatar.com\/avatar\/a91128c4c0d2f4d63bd586301fdec6cc9aa49c885839b25d1c62700f529f267c?s=96&d=mm&r=g","contentUrl":"https:\/\/secure.gravatar.com\/avatar\/a91128c4c0d2f4d63bd586301fdec6cc9aa49c885839b25d1c62700f529f267c?s=96&d=mm&r=g","caption":"V2C"}}]}},"uagb_featured_image_src":{"full":["https:\/\/v2charge.com\/wp-content\/uploads\/2025\/01\/ford-puma-gen-e-pole-pro-charger-colors-price.jpg",960,560,false],"thumbnail":["https:\/\/v2charge.com\/wp-content\/uploads\/2025\/01\/ford-puma-gen-e-pole-pro-charger-colors-price-150x150.jpg",150,150,true],"medium":["https:\/\/v2charge.com\/wp-content\/uploads\/2025\/01\/ford-puma-gen-e-pole-pro-charger-colors-price-300x175.jpg",300,175,true],"medium_large":["https:\/\/v2charge.com\/wp-content\/uploads\/2025\/01\/ford-puma-gen-e-pole-pro-charger-colors-price-768x448.jpg",768,448,true],"large":["https:\/\/v2charge.com\/wp-content\/uploads\/2025\/01\/ford-puma-gen-e-pole-pro-charger-colors-price.jpg",960,560,false],"gs-tiny":["https:\/\/v2charge.com\/wp-content\/uploads\/2025\/01\/ford-puma-gen-e-pole-pro-charger-colors-price-50x29.jpg",50,29,true],"xl":["https:\/\/v2charge.com\/wp-content\/uploads\/2025\/01\/ford-puma-gen-e-pole-pro-charger-colors-price.jpg",960,560,false],"xxl":["https:\/\/v2charge.com\/wp-content\/uploads\/2025\/01\/ford-puma-gen-e-pole-pro-charger-colors-price.jpg",960,560,false],"xxxl":["https:\/\/v2charge.com\/wp-content\/uploads\/2025\/01\/ford-puma-gen-e-pole-pro-charger-colors-price.jpg",960,560,false],"xxxxl":["https:\/\/v2charge.com\/wp-content\/uploads\/2025\/01\/ford-puma-gen-e-pole-pro-charger-colors-price.jpg",960,560,false],"xxxxxl":["https:\/\/v2charge.com\/wp-content\/uploads\/2025\/01\/ford-puma-gen-e-pole-pro-charger-colors-price.jpg",960,560,false],"1536x1536":["https:\/\/v2charge.com\/wp-content\/uploads\/2025\/01\/ford-puma-gen-e-pole-pro-charger-colors-price.jpg",960,560,false],"2048x2048":["https:\/\/v2charge.com\/wp-content\/uploads\/2025\/01\/ford-puma-gen-e-pole-pro-charger-colors-price.jpg",960,560,false]},"uagb_author_info":{"display_name":"V2C","author_link":"https:\/\/v2charge.com\/sl\/author\/marketing\/"},"uagb_comment_info":0,"uagb_excerpt":"Elektromobilnost se \u0161e naprej razvija, Ford pa naredi korak naprej z novim Ford Puma\u00ae Gen-E elektri\u010dnim, svojo najbolj kompaktno in u\u010dinkovito izbiro v segmentu SUV. Z aerodinami\u010dnim oblikovanjem, vrhunsko tehnologijo in dosegom do 523 km v mestu, se ta model postavlja kot idealna izbira za urbano vo\u017enjo in vsakodnevno uporabo. Ford je izbral na\u0161 polnilnik&hellip;","_links":{"self":[{"href":"https:\/\/v2charge.com\/sl\/wp-json\/wp\/v2\/posts\/313172","targetHints":{"allow":["GET"]}}],"collection":[{"href":"https:\/\/v2charge.com\/sl\/wp-json\/wp\/v2\/posts"}],"about":[{"href":"https:\/\/v2charge.com\/sl\/wp-json\/wp\/v2\/types\/post"}],"author":[{"embeddable":true,"href":"https:\/\/v2charge.com\/sl\/wp-json\/wp\/v2\/users\/400"}],"replies":[{"embeddable":true,"href":"https:\/\/v2charge.com\/sl\/wp-json\/wp\/v2\/comments?post=313172"}],"version-history":[{"count":0,"href":"https:\/\/v2charge.com\/sl\/wp-json\/wp\/v2\/posts\/313172\/revisions"}],"wp:featuredmedia":[{"embeddable":true,"href":"https:\/\/v2charge.com\/sl\/wp-json\/wp\/v2\/media\/204140"}],"wp:attachment":[{"href":"https:\/\/v2charge.com\/sl\/wp-json\/wp\/v2\/media?parent=313172"}],"wp:term":[{"taxonomy":"category","embeddable":true,"href":"https:\/\/v2charge.com\/sl\/wp-json\/wp\/v2\/categories?post=313172"},{"taxonomy":"post_tag","embeddable":true,"href":"https:\/\/v2charge.com\/sl\/wp-json\/wp\/v2\/tags?post=313172"}],"curies":[{"name":"wp","href":"https:\/\/api.w.org\/{rel}","templated":true}]}}