{"id":313193,"date":"2025-05-27T15:27:08","date_gmt":"2025-05-27T13:27:08","guid":{"rendered":""},"modified":"2025-05-27T15:27:09","modified_gmt":"2025-05-27T13:27:09","slug":"v2c-sije-na-ecar-show-2025-elektri-na-prihodnost-o-ivi-v","status":"publish","type":"post","link":"https:\/\/v2charge.com\/sl\/v2c-sije-na-ecar-show-2025-elektri-na-prihodnost-o-ivi-v\/","title":{"rendered":"V2C sije na ECAR SHOW 2025: elektri\u010dna prihodnost o\u017eivi v Lizboni"},"content":{"rendered":"<p data-start=\"333\" data-end=\"853\">Od 7. do 9. maja 2025 je V2C z velikim uspehom sodeloval na ECAR SHOW 2025, <strong>najve\u010djem portugalskem odru, posve\u010denem elektri\u010dni mobilnosti, ki je potekal na presti\u017enem Mednarodnem sejmu v Lizboni (FIL)<\/strong>. V treh dneh je portugalska prestolnica postala sredi\u0161\u010de trajnostne inovacije, kjer so se zbrali proizvajalci, tehnolo\u0161ka podjetja in na tiso\u010de obiskovalcev, ki so \u017eeleli odkriti, kako bo izgledal prevoz prihodnosti.<\/p>\n<h2 data-start=\"954\" data-end=\"1015\">Razstavni prostor, ki odra\u017ea na\u0161e zaveze k inovacijam<\/h2>\n<p data-start=\"1114\" data-end=\"1480\">Na<strong> razstavnem prostoru 122<\/strong> smo sprejeli na stotine strokovnjakov, specializiranih medijev in posameznikov c<strong>ommitted to the energy transition<\/strong>. Predstavili smo na\u0161o celotno paleto polnilnikov za domove, podjetja in javne prostore, zasnovane in izdelane v celoti v \u0160paniji.<\/p>\n<p data-start=\"1482\" data-end=\"1646\">Od na\u0161ih najbolj kompaktnih do najbolj robustnih re\u0161itev smo pokazali, kako V2C prispeva k elektrifikaciji Evrope s sodobno in dostopno tehnologijo.<\/p>\n<h3 data-start=\"1566\" data-end=\"1608\">Denka, glavni protagonist dogodka<\/h3>\n<p data-start=\"1653\" data-end=\"2128\">Brez dvoma je bila ena glavnih to\u010dk pozornosti <a href=\"https:\/\/v2charge.com\/sl\/denka-sl\/\"><strong>Denka<\/strong><\/a>, na\u0161 novi ultrakompaktni hitri polnilnik. Njegov eleganten dizajn, majhna velikost in impresivna kapaciteta polnjenja so ga postavili v sredi\u0161\u010de pozornosti. Denka predstavlja kvalitativni skok v na\u010dinu zasnove hitrega polnjenja: zasnovan za urbane prostore, kjer je prostor omejen, a potreba po energetski u\u010dinkovitosti nara\u0161\u010da.<\/p>\n<p data-start=\"1610\" data-end=\"1866\"><img decoding=\"async\" class=\"alignnone size-full wp-image-225369\" src=\"https:\/\/v2charge.com\/wp-content\/uploads\/2025\/05\/ecar-show-2025-v2c.jpg\" alt=\"\" width=\"960\" height=\"560\" srcset=\"https:\/\/v2charge.com\/wp-content\/uploads\/2025\/05\/ecar-show-2025-v2c.jpg 960w, https:\/\/v2charge.com\/wp-content\/uploads\/2025\/05\/ecar-show-2025-v2c-300x175.jpg 300w, https:\/\/v2charge.com\/wp-content\/uploads\/2025\/05\/ecar-show-2025-v2c-768x448.jpg 768w, https:\/\/v2charge.com\/wp-content\/uploads\/2025\/05\/ecar-show-2025-v2c-50x29.jpg 50w\" sizes=\"(max-width: 960px) 100vw, 960px\" \/><\/p>\n<h2 data-start=\"2190\" data-end=\"2238\">Lizbona se predaja mobilnosti prihodnosti<\/h2>\n<p data-start=\"2135\" data-end=\"2501\">Tisti, ki so obiskali<strong> ECAR SHOW 2025, so imeli prilo\u017enost iz prve roke preizkusiti najnovej\u0161e modele elektri\u010dnih avtomobilov<\/strong>, koles najnovej\u0161e generacije in re\u0161itve alternativnega prevoza. Konference, predavanja in okrogle mize so ponudile celovit vpogled v sedanjost in prihodnost trajnostne mobilnosti.<\/p>\n<h2 data-start=\"3455\" data-end=\"3534\">V2C in energetska preobrazba: pot, ki jo \u0161e naprej gradimo skupaj s tabo<\/h2>\n<p data-start=\"2508\" data-end=\"2814\">Dogodki, kot je ECAR SHOW 2025, nas navdihujejo, da \u0161e naprej presegamo meje mogo\u010dega. Ker elektri\u010dna revolucija <strong>ni le tehnologija, temve\u010d gre za ljudi, mesta in sanje, polne \u010diste energije<\/strong>.<\/p>\n<p data-start=\"2816\" data-end=\"3004\">Nadaljevali bomo z delom, da bomo prisotni tam, kjer se inovacije sre\u010dujejo s trajnostjo. Se vidimo na naslednji destinaciji! Odkrijte vse na\u0161e prihajajo\u010de dogodke v Skupnosti V2C.<\/p>\n","protected":false},"excerpt":{"rendered":"<p>Od 7. do 9. maja 2025 je V2C z velikim uspehom sodeloval na ECAR SHOW 2025, najve\u010djem portugalskem odru, posve\u010denem elektri\u010dni mobilnosti, ki je potekal na presti\u017enem Mednarodnem sejmu v Lizboni (FIL). V treh dneh je portugalska prestolnica postala sredi\u0161\u010de trajnostne inovacije, kjer so se zbrali proizvajalci, tehnolo\u0161ka podjetja in na tiso\u010de obiskovalcev, ki so &#8230; <a title=\"V2C sije na ECAR SHOW 2025: elektri\u010dna prihodnost o\u017eivi v Lizboni\" class=\"read-more\" href=\"https:\/\/v2charge.com\/sl\/v2c-sije-na-ecar-show-2025-elektri-na-prihodnost-o-ivi-v\/\" aria-label=\"Read more about V2C sije na ECAR SHOW 2025: elektri\u010dna prihodnost o\u017eivi v Lizboni\">Read more<\/a><\/p>\n","protected":false},"author":400,"featured_media":225350,"comment_status":"closed","ping_status":"closed","sticky":false,"template":"","format":"standard","meta":{"_eb_attr":"","content-type":"","_uag_custom_page_level_css":"","footnotes":""},"categories":[],"tags":[],"class_list":["post-313193","post","type-post","status-publish","format-standard","has-post-thumbnail","hentry"],"yoast_head":"<!-- This site is optimized with the Yoast SEO plugin v25.3.1 - https:\/\/yoast.com\/wordpress\/plugins\/seo\/ -->\n<title>A V2C triumfira na ECAR SHOW 2025, sejem elektri\u010dne mobilnosti v Lizboni<\/title>\n<meta name=\"description\" content=\"V2C slavi na ECAR SHOW 2025, sejmu elektri\u010dne mobilnosti v Lizboni, kjer predstavlja svoje najbolj inovativne re\u0161itve za polnjenje.\" \/>\n<meta name=\"robots\" content=\"index, follow, max-snippet:-1, max-image-preview:large, max-video-preview:-1\" \/>\n<link rel=\"canonical\" href=\"https:\/\/v2charge.com\/sl\/v2c-sije-na-ecar-show-2025-elektri-na-prihodnost-o-ivi-v\/\" \/>\n<meta property=\"og:locale\" content=\"sl_SI\" \/>\n<meta property=\"og:type\" content=\"article\" \/>\n<meta property=\"og:title\" content=\"A V2C triumfira na ECAR SHOW 2025, sejem elektri\u010dne mobilnosti v Lizboni\" \/>\n<meta property=\"og:description\" content=\"V2C slavi na ECAR SHOW 2025, sejmu elektri\u010dne mobilnosti v Lizboni, kjer predstavlja svoje najbolj inovativne re\u0161itve za polnjenje.\" \/>\n<meta property=\"og:url\" content=\"https:\/\/v2charge.com\/sl\/v2c-sije-na-ecar-show-2025-elektri-na-prihodnost-o-ivi-v\/\" \/>\n<meta property=\"og:site_name\" content=\"V2C\" \/>\n<meta property=\"article:publisher\" content=\"https:\/\/www.facebook.com\/V2C.Charge\" \/>\n<meta property=\"article:published_time\" content=\"2025-05-27T13:27:08+00:00\" \/>\n<meta property=\"article:modified_time\" content=\"2025-05-27T13:27:09+00:00\" \/>\n<meta property=\"og:image\" content=\"https:\/\/v2charge.com\/wp-content\/uploads\/2025\/05\/ecar-show-2025.jpg\" \/>\n\t<meta property=\"og:image:width\" content=\"960\" \/>\n\t<meta property=\"og:image:height\" content=\"560\" \/>\n\t<meta property=\"og:image:type\" content=\"image\/jpeg\" \/>\n<meta name=\"author\" content=\"V2C\" \/>\n<meta name=\"twitter:card\" content=\"summary_large_image\" \/>\n<meta name=\"twitter:creator\" content=\"@V2C_Charge\" \/>\n<meta name=\"twitter:site\" content=\"@V2C_Charge\" \/>\n<meta name=\"twitter:label1\" content=\"Written by\" \/>\n\t<meta name=\"twitter:data1\" content=\"V2C\" \/>\n\t<meta name=\"twitter:label2\" content=\"Est. reading time\" \/>\n\t<meta name=\"twitter:data2\" content=\"2 minuti\" \/>\n<script type=\"application\/ld+json\" class=\"yoast-schema-graph\">{\"@context\":\"https:\/\/schema.org\",\"@graph\":[{\"@type\":\"Article\",\"@id\":\"https:\/\/v2charge.com\/sl\/v2c-sije-na-ecar-show-2025-elektri-na-prihodnost-o-ivi-v\/#article\",\"isPartOf\":{\"@id\":\"https:\/\/v2charge.com\/sl\/v2c-sije-na-ecar-show-2025-elektri-na-prihodnost-o-ivi-v\/\"},\"author\":{\"name\":\"V2C\",\"@id\":\"https:\/\/v2charge.com\/sl\/#\/schema\/person\/d6f210a94a856acdddec347b2127fd0f\"},\"headline\":\"V2C sije na ECAR SHOW 2025: elektri\u010dna prihodnost o\u017eivi v Lizboni\",\"datePublished\":\"2025-05-27T13:27:08+00:00\",\"dateModified\":\"2025-05-27T13:27:09+00:00\",\"mainEntityOfPage\":{\"@id\":\"https:\/\/v2charge.com\/sl\/v2c-sije-na-ecar-show-2025-elektri-na-prihodnost-o-ivi-v\/\"},\"wordCount\":336,\"publisher\":{\"@id\":\"https:\/\/v2charge.com\/sl\/#organization\"},\"image\":{\"@id\":\"https:\/\/v2charge.com\/sl\/v2c-sije-na-ecar-show-2025-elektri-na-prihodnost-o-ivi-v\/#primaryimage\"},\"thumbnailUrl\":\"https:\/\/v2charge.com\/wp-content\/uploads\/2025\/05\/ecar-show-2025.jpg\",\"inLanguage\":\"sl-SI\"},{\"@type\":\"WebPage\",\"@id\":\"https:\/\/v2charge.com\/sl\/v2c-sije-na-ecar-show-2025-elektri-na-prihodnost-o-ivi-v\/\",\"url\":\"https:\/\/v2charge.com\/sl\/v2c-sije-na-ecar-show-2025-elektri-na-prihodnost-o-ivi-v\/\",\"name\":\"A V2C triumfira na ECAR SHOW 2025, sejem elektri\u010dne mobilnosti v Lizboni\",\"isPartOf\":{\"@id\":\"https:\/\/v2charge.com\/sl\/#website\"},\"primaryImageOfPage\":{\"@id\":\"https:\/\/v2charge.com\/sl\/v2c-sije-na-ecar-show-2025-elektri-na-prihodnost-o-ivi-v\/#primaryimage\"},\"image\":{\"@id\":\"https:\/\/v2charge.com\/sl\/v2c-sije-na-ecar-show-2025-elektri-na-prihodnost-o-ivi-v\/#primaryimage\"},\"thumbnailUrl\":\"https:\/\/v2charge.com\/wp-content\/uploads\/2025\/05\/ecar-show-2025.jpg\",\"datePublished\":\"2025-05-27T13:27:08+00:00\",\"dateModified\":\"2025-05-27T13:27:09+00:00\",\"description\":\"V2C slavi na ECAR SHOW 2025, sejmu elektri\u010dne mobilnosti v Lizboni, kjer predstavlja svoje najbolj inovativne re\u0161itve za polnjenje.\",\"breadcrumb\":{\"@id\":\"https:\/\/v2charge.com\/sl\/v2c-sije-na-ecar-show-2025-elektri-na-prihodnost-o-ivi-v\/#breadcrumb\"},\"inLanguage\":\"sl-SI\",\"potentialAction\":[{\"@type\":\"ReadAction\",\"target\":[\"https:\/\/v2charge.com\/sl\/v2c-sije-na-ecar-show-2025-elektri-na-prihodnost-o-ivi-v\/\"]}]},{\"@type\":\"ImageObject\",\"inLanguage\":\"sl-SI\",\"@id\":\"https:\/\/v2charge.com\/sl\/v2c-sije-na-ecar-show-2025-elektri-na-prihodnost-o-ivi-v\/#primaryimage\",\"url\":\"https:\/\/v2charge.com\/wp-content\/uploads\/2025\/05\/ecar-show-2025.jpg\",\"contentUrl\":\"https:\/\/v2charge.com\/wp-content\/uploads\/2025\/05\/ecar-show-2025.jpg\",\"width\":960,\"height\":560},{\"@type\":\"BreadcrumbList\",\"@id\":\"https:\/\/v2charge.com\/sl\/v2c-sije-na-ecar-show-2025-elektri-na-prihodnost-o-ivi-v\/#breadcrumb\",\"itemListElement\":[{\"@type\":\"ListItem\",\"position\":1,\"name\":\"V2C\",\"item\":\"https:\/\/v2charge.com\/sl\/\"},{\"@type\":\"ListItem\",\"position\":2,\"name\":\"Sin categor\u00eda\",\"item\":\"https:\/\/v2charge.com\/sl\/sin-categoria\/\"},{\"@type\":\"ListItem\",\"position\":3,\"name\":\"V2C sije na ECAR SHOW 2025: elektri\u010dna prihodnost o\u017eivi v Lizboni\"}]},{\"@type\":\"WebSite\",\"@id\":\"https:\/\/v2charge.com\/sl\/#website\",\"url\":\"https:\/\/v2charge.com\/sl\/\",\"name\":\"V2C\",\"description\":\"#CargandoElMa\u00f1ana\",\"publisher\":{\"@id\":\"https:\/\/v2charge.com\/sl\/#organization\"},\"potentialAction\":[{\"@type\":\"SearchAction\",\"target\":{\"@type\":\"EntryPoint\",\"urlTemplate\":\"https:\/\/v2charge.com\/sl\/?s={search_term_string}\"},\"query-input\":{\"@type\":\"PropertyValueSpecification\",\"valueRequired\":true,\"valueName\":\"search_term_string\"}}],\"inLanguage\":\"sl-SI\"},{\"@type\":\"Organization\",\"@id\":\"https:\/\/v2charge.com\/sl\/#organization\",\"name\":\"V2C\",\"url\":\"https:\/\/v2charge.com\/sl\/\",\"logo\":{\"@type\":\"ImageObject\",\"inLanguage\":\"sl-SI\",\"@id\":\"https:\/\/v2charge.com\/sl\/#\/schema\/logo\/image\/\",\"url\":\"https:\/\/v2charge.com\/wp-content\/uploads\/2024\/11\/cropped-v2c-charge-logo-menu.png\",\"contentUrl\":\"https:\/\/v2charge.com\/wp-content\/uploads\/2024\/11\/cropped-v2c-charge-logo-menu.png\",\"width\":984,\"height\":431,\"caption\":\"V2C\"},\"image\":{\"@id\":\"https:\/\/v2charge.com\/sl\/#\/schema\/logo\/image\/\"},\"sameAs\":[\"https:\/\/www.facebook.com\/V2C.Charge\",\"https:\/\/x.com\/V2C_Charge\",\"https:\/\/www.instagram.com\/v2c.charge\/\",\"https:\/\/www.youtube.com\/@V2C\",\"https:\/\/www.linkedin.com\/company\/v2c-chargers\/\"]},{\"@type\":\"Person\",\"@id\":\"https:\/\/v2charge.com\/sl\/#\/schema\/person\/d6f210a94a856acdddec347b2127fd0f\",\"name\":\"V2C\",\"image\":{\"@type\":\"ImageObject\",\"inLanguage\":\"sl-SI\",\"@id\":\"https:\/\/v2charge.com\/sl\/#\/schema\/person\/image\/\",\"url\":\"https:\/\/secure.gravatar.com\/avatar\/a91128c4c0d2f4d63bd586301fdec6cc9aa49c885839b25d1c62700f529f267c?s=96&d=mm&r=g\",\"contentUrl\":\"https:\/\/secure.gravatar.com\/avatar\/a91128c4c0d2f4d63bd586301fdec6cc9aa49c885839b25d1c62700f529f267c?s=96&d=mm&r=g\",\"caption\":\"V2C\"}}]}<\/script>\n<!-- \/ Yoast SEO plugin. -->","yoast_head_json":{"title":"A V2C triumfira na ECAR SHOW 2025, sejem elektri\u010dne mobilnosti v Lizboni","description":"V2C slavi na ECAR SHOW 2025, sejmu elektri\u010dne mobilnosti v Lizboni, kjer predstavlja svoje najbolj inovativne re\u0161itve za polnjenje.","robots":{"index":"index","follow":"follow","max-snippet":"max-snippet:-1","max-image-preview":"max-image-preview:large","max-video-preview":"max-video-preview:-1"},"canonical":"https:\/\/v2charge.com\/sl\/v2c-sije-na-ecar-show-2025-elektri-na-prihodnost-o-ivi-v\/","og_locale":"sl_SI","og_type":"article","og_title":"A V2C triumfira na ECAR SHOW 2025, sejem elektri\u010dne mobilnosti v Lizboni","og_description":"V2C slavi na ECAR SHOW 2025, sejmu elektri\u010dne mobilnosti v Lizboni, kjer predstavlja svoje najbolj inovativne re\u0161itve za polnjenje.","og_url":"https:\/\/v2charge.com\/sl\/v2c-sije-na-ecar-show-2025-elektri-na-prihodnost-o-ivi-v\/","og_site_name":"V2C","article_publisher":"https:\/\/www.facebook.com\/V2C.Charge","article_published_time":"2025-05-27T13:27:08+00:00","article_modified_time":"2025-05-27T13:27:09+00:00","og_image":[{"width":960,"height":560,"url":"https:\/\/v2charge.com\/wp-content\/uploads\/2025\/05\/ecar-show-2025.jpg","type":"image\/jpeg"}],"author":"V2C","twitter_card":"summary_large_image","twitter_creator":"@V2C_Charge","twitter_site":"@V2C_Charge","twitter_misc":{"Written by":"V2C","Est. reading time":"2 minuti"},"schema":{"@context":"https:\/\/schema.org","@graph":[{"@type":"Article","@id":"https:\/\/v2charge.com\/sl\/v2c-sije-na-ecar-show-2025-elektri-na-prihodnost-o-ivi-v\/#article","isPartOf":{"@id":"https:\/\/v2charge.com\/sl\/v2c-sije-na-ecar-show-2025-elektri-na-prihodnost-o-ivi-v\/"},"author":{"name":"V2C","@id":"https:\/\/v2charge.com\/sl\/#\/schema\/person\/d6f210a94a856acdddec347b2127fd0f"},"headline":"V2C sije na ECAR SHOW 2025: elektri\u010dna prihodnost o\u017eivi v Lizboni","datePublished":"2025-05-27T13:27:08+00:00","dateModified":"2025-05-27T13:27:09+00:00","mainEntityOfPage":{"@id":"https:\/\/v2charge.com\/sl\/v2c-sije-na-ecar-show-2025-elektri-na-prihodnost-o-ivi-v\/"},"wordCount":336,"publisher":{"@id":"https:\/\/v2charge.com\/sl\/#organization"},"image":{"@id":"https:\/\/v2charge.com\/sl\/v2c-sije-na-ecar-show-2025-elektri-na-prihodnost-o-ivi-v\/#primaryimage"},"thumbnailUrl":"https:\/\/v2charge.com\/wp-content\/uploads\/2025\/05\/ecar-show-2025.jpg","inLanguage":"sl-SI"},{"@type":"WebPage","@id":"https:\/\/v2charge.com\/sl\/v2c-sije-na-ecar-show-2025-elektri-na-prihodnost-o-ivi-v\/","url":"https:\/\/v2charge.com\/sl\/v2c-sije-na-ecar-show-2025-elektri-na-prihodnost-o-ivi-v\/","name":"A V2C triumfira na ECAR SHOW 2025, sejem elektri\u010dne mobilnosti v Lizboni","isPartOf":{"@id":"https:\/\/v2charge.com\/sl\/#website"},"primaryImageOfPage":{"@id":"https:\/\/v2charge.com\/sl\/v2c-sije-na-ecar-show-2025-elektri-na-prihodnost-o-ivi-v\/#primaryimage"},"image":{"@id":"https:\/\/v2charge.com\/sl\/v2c-sije-na-ecar-show-2025-elektri-na-prihodnost-o-ivi-v\/#primaryimage"},"thumbnailUrl":"https:\/\/v2charge.com\/wp-content\/uploads\/2025\/05\/ecar-show-2025.jpg","datePublished":"2025-05-27T13:27:08+00:00","dateModified":"2025-05-27T13:27:09+00:00","description":"V2C slavi na ECAR SHOW 2025, sejmu elektri\u010dne mobilnosti v Lizboni, kjer predstavlja svoje najbolj inovativne re\u0161itve za polnjenje.","breadcrumb":{"@id":"https:\/\/v2charge.com\/sl\/v2c-sije-na-ecar-show-2025-elektri-na-prihodnost-o-ivi-v\/#breadcrumb"},"inLanguage":"sl-SI","potentialAction":[{"@type":"ReadAction","target":["https:\/\/v2charge.com\/sl\/v2c-sije-na-ecar-show-2025-elektri-na-prihodnost-o-ivi-v\/"]}]},{"@type":"ImageObject","inLanguage":"sl-SI","@id":"https:\/\/v2charge.com\/sl\/v2c-sije-na-ecar-show-2025-elektri-na-prihodnost-o-ivi-v\/#primaryimage","url":"https:\/\/v2charge.com\/wp-content\/uploads\/2025\/05\/ecar-show-2025.jpg","contentUrl":"https:\/\/v2charge.com\/wp-content\/uploads\/2025\/05\/ecar-show-2025.jpg","width":960,"height":560},{"@type":"BreadcrumbList","@id":"https:\/\/v2charge.com\/sl\/v2c-sije-na-ecar-show-2025-elektri-na-prihodnost-o-ivi-v\/#breadcrumb","itemListElement":[{"@type":"ListItem","position":1,"name":"V2C","item":"https:\/\/v2charge.com\/sl\/"},{"@type":"ListItem","position":2,"name":"Sin categor\u00eda","item":"https:\/\/v2charge.com\/sl\/sin-categoria\/"},{"@type":"ListItem","position":3,"name":"V2C sije na ECAR SHOW 2025: elektri\u010dna prihodnost o\u017eivi v Lizboni"}]},{"@type":"WebSite","@id":"https:\/\/v2charge.com\/sl\/#website","url":"https:\/\/v2charge.com\/sl\/","name":"V2C","description":"#CargandoElMa\u00f1ana","publisher":{"@id":"https:\/\/v2charge.com\/sl\/#organization"},"potentialAction":[{"@type":"SearchAction","target":{"@type":"EntryPoint","urlTemplate":"https:\/\/v2charge.com\/sl\/?s={search_term_string}"},"query-input":{"@type":"PropertyValueSpecification","valueRequired":true,"valueName":"search_term_string"}}],"inLanguage":"sl-SI"},{"@type":"Organization","@id":"https:\/\/v2charge.com\/sl\/#organization","name":"V2C","url":"https:\/\/v2charge.com\/sl\/","logo":{"@type":"ImageObject","inLanguage":"sl-SI","@id":"https:\/\/v2charge.com\/sl\/#\/schema\/logo\/image\/","url":"https:\/\/v2charge.com\/wp-content\/uploads\/2024\/11\/cropped-v2c-charge-logo-menu.png","contentUrl":"https:\/\/v2charge.com\/wp-content\/uploads\/2024\/11\/cropped-v2c-charge-logo-menu.png","width":984,"height":431,"caption":"V2C"},"image":{"@id":"https:\/\/v2charge.com\/sl\/#\/schema\/logo\/image\/"},"sameAs":["https:\/\/www.facebook.com\/V2C.Charge","https:\/\/x.com\/V2C_Charge","https:\/\/www.instagram.com\/v2c.charge\/","https:\/\/www.youtube.com\/@V2C","https:\/\/www.linkedin.com\/company\/v2c-chargers\/"]},{"@type":"Person","@id":"https:\/\/v2charge.com\/sl\/#\/schema\/person\/d6f210a94a856acdddec347b2127fd0f","name":"V2C","image":{"@type":"ImageObject","inLanguage":"sl-SI","@id":"https:\/\/v2charge.com\/sl\/#\/schema\/person\/image\/","url":"https:\/\/secure.gravatar.com\/avatar\/a91128c4c0d2f4d63bd586301fdec6cc9aa49c885839b25d1c62700f529f267c?s=96&d=mm&r=g","contentUrl":"https:\/\/secure.gravatar.com\/avatar\/a91128c4c0d2f4d63bd586301fdec6cc9aa49c885839b25d1c62700f529f267c?s=96&d=mm&r=g","caption":"V2C"}}]}},"uagb_featured_image_src":{"full":["https:\/\/v2charge.com\/wp-content\/uploads\/2025\/05\/ecar-show-2025.jpg",960,560,false],"thumbnail":["https:\/\/v2charge.com\/wp-content\/uploads\/2025\/05\/ecar-show-2025-150x150.jpg",150,150,true],"medium":["https:\/\/v2charge.com\/wp-content\/uploads\/2025\/05\/ecar-show-2025-300x175.jpg",300,175,true],"medium_large":["https:\/\/v2charge.com\/wp-content\/uploads\/2025\/05\/ecar-show-2025-768x448.jpg",768,448,true],"large":["https:\/\/v2charge.com\/wp-content\/uploads\/2025\/05\/ecar-show-2025.jpg",960,560,false],"gs-tiny":["https:\/\/v2charge.com\/wp-content\/uploads\/2025\/05\/ecar-show-2025-50x29.jpg",50,29,true],"xl":["https:\/\/v2charge.com\/wp-content\/uploads\/2025\/05\/ecar-show-2025.jpg",960,560,false],"xxl":["https:\/\/v2charge.com\/wp-content\/uploads\/2025\/05\/ecar-show-2025.jpg",960,560,false],"xxxl":["https:\/\/v2charge.com\/wp-content\/uploads\/2025\/05\/ecar-show-2025.jpg",960,560,false],"xxxxl":["https:\/\/v2charge.com\/wp-content\/uploads\/2025\/05\/ecar-show-2025.jpg",960,560,false],"xxxxxl":["https:\/\/v2charge.com\/wp-content\/uploads\/2025\/05\/ecar-show-2025.jpg",960,560,false],"1536x1536":["https:\/\/v2charge.com\/wp-content\/uploads\/2025\/05\/ecar-show-2025.jpg",960,560,false],"2048x2048":["https:\/\/v2charge.com\/wp-content\/uploads\/2025\/05\/ecar-show-2025.jpg",960,560,false]},"uagb_author_info":{"display_name":"V2C","author_link":"https:\/\/v2charge.com\/sl\/author\/marketing\/"},"uagb_comment_info":0,"uagb_excerpt":"Od 7. do 9. maja 2025 je V2C z velikim uspehom sodeloval na ECAR SHOW 2025, najve\u010djem portugalskem odru, posve\u010denem elektri\u010dni mobilnosti, ki je potekal na presti\u017enem Mednarodnem sejmu v Lizboni (FIL). V treh dneh je portugalska prestolnica postala sredi\u0161\u010de trajnostne inovacije, kjer so se zbrali proizvajalci, tehnolo\u0161ka podjetja in na tiso\u010de obiskovalcev, ki so&hellip;","_links":{"self":[{"href":"https:\/\/v2charge.com\/sl\/wp-json\/wp\/v2\/posts\/313193","targetHints":{"allow":["GET"]}}],"collection":[{"href":"https:\/\/v2charge.com\/sl\/wp-json\/wp\/v2\/posts"}],"about":[{"href":"https:\/\/v2charge.com\/sl\/wp-json\/wp\/v2\/types\/post"}],"author":[{"embeddable":true,"href":"https:\/\/v2charge.com\/sl\/wp-json\/wp\/v2\/users\/400"}],"replies":[{"embeddable":true,"href":"https:\/\/v2charge.com\/sl\/wp-json\/wp\/v2\/comments?post=313193"}],"version-history":[{"count":0,"href":"https:\/\/v2charge.com\/sl\/wp-json\/wp\/v2\/posts\/313193\/revisions"}],"wp:featuredmedia":[{"embeddable":true,"href":"https:\/\/v2charge.com\/sl\/wp-json\/wp\/v2\/media\/225350"}],"wp:attachment":[{"href":"https:\/\/v2charge.com\/sl\/wp-json\/wp\/v2\/media?parent=313193"}],"wp:term":[{"taxonomy":"category","embeddable":true,"href":"https:\/\/v2charge.com\/sl\/wp-json\/wp\/v2\/categories?post=313193"},{"taxonomy":"post_tag","embeddable":true,"href":"https:\/\/v2charge.com\/sl\/wp-json\/wp\/v2\/tags?post=313193"}],"curies":[{"name":"wp","href":"https:\/\/api.w.org\/{rel}","templated":true}]}}