{"id":313205,"date":"2025-07-03T13:27:46","date_gmt":"2025-07-03T11:27:46","guid":{"rendered":""},"modified":"2025-07-03T13:37:24","modified_gmt":"2025-07-03T11:37:24","slug":"v2c-uradno-odpira-svoj-novi-proizvodni-center-s-povr-ino-3","status":"publish","type":"post","link":"https:\/\/v2charge.com\/sl\/v2c-uradno-odpira-svoj-novi-proizvodni-center-s-povr-ino-3\/","title":{"rendered":"V2C uradno odpira svoj novi proizvodni center s povr\u0161ino 3.000 m\u00b2"},"content":{"rendered":"<p>27. junija smo <strong>proslavili uradno otvoritev na\u0161ega novega proizvodnega centra za polnilce elektri\u010dnih vozil<\/strong> v industrijski coni Xirivella v Valencii. Dogodka so se udele\u017eili <strong>Rebeca Torr\u00f3, dr\u017eavna sekretarka za industrijo<\/strong>, in <strong>Paqui Bartual, \u017eupanja Xirivelle<\/strong>, poleg tega pa tudi ugledni strokovnjaki s podro\u010dja elektri\u010dne mobilnosti in specializirani komunikatorji.<\/p>\n\n<p>Nova proizvodna obrat bo omogo\u010dila <strong>pove\u010danje na\u0161e proizvodne zmogljivosti<\/strong>, izbolj\u0161anje industrijskih procesov in krepitev osredoto\u010denosti na inovacije, trajnost in <strong>lokalno zaposlovanje v Valencii<\/strong>.<\/p>\n\n<h2 class=\"wp-block-heading\">Dejavnost, ki jo podpirajo institucionalni voditelji in predstavniki sektorja<\/h2>\n\n<p>Dogodek je zbral klju\u010dne osebnosti iz institucionalnega in profesionalnega podro\u010dja. <strong>Rebeca Torr\u00f3<\/strong> je izpostavila pomen podjetij, kot je V2C, pri <strong>tehnolo\u0161ki reindustrializaciji \u0160panije<\/strong>, medtem ko je \u017eupanja <strong>Paqui Bartual<\/strong> pohvalila vlogo podjetja kot <strong>\u201cprimer lokalnega talenta z globalnim vodstvom\u201d<\/strong>.<\/p>\n\n\n<div class=\"wp-block-uagb-image uagb-block-2d938a44 wp-block-uagb-image--layout-default wp-block-uagb-image--effect-static wp-block-uagb-image--align-none\"><figure class=\"wp-block-uagb-image__figure\"><img decoding=\"async\" srcset=\"https:\/\/v2charge.com\/wp-content\/uploads\/2025\/07\/inauguracion-oficial-centro-produccion-rebeca-torro.jpg ,https:\/\/v2charge.com\/wp-content\/uploads\/2025\/07\/inauguracion-oficial-centro-produccion-rebeca-torro.jpg 780w, https:\/\/v2charge.com\/wp-content\/uploads\/2025\/07\/inauguracion-oficial-centro-produccion-rebeca-torro.jpg 360w\" sizes=\"auto, (max-width: 480px) 150px\" src=\"https:\/\/v2charge.com\/wp-content\/uploads\/2025\/07\/inauguracion-oficial-centro-produccion-rebeca-torro.jpg\" alt=\"Inauguraci\u00f3n Centro Producci\u00f3n de cargadores de coche el\u00e9ctrico de V2C con Rebeca Torr\u00f3 en Valencia\" class=\"uag-image-235829\" width=\"960\" height=\"560\" title=\"inauguracion-oficial-centro-produccion-rebeca-torro\" loading=\"lazy\" role=\"img\"\/><\/figure><\/div>\n\n\n<p>Ob njih so sodelovali tudi razpravljavci in referenti elektri\u010dnega ekosistema, kot so <strong>Lars Hoffmann<\/strong> (Todos El\u00e9ctricos), <strong>Manuel Amate<\/strong> (Domo Electra), <strong>Fernando &#8216;MacVoltio&#8217;<\/strong>, <strong>Juan Castro<\/strong> (Electricidad Castro Instalaciones)<strong> <\/strong>in&nbsp;<strong>\u00c1lvaro Sauras<\/strong> (Autof\u00e1cil in AUVE), med mnogimi drugimi priznanimi strokovnjaki v panogi.<\/p>\n\n<p>Otvoritvena slovesnost je omogo\u010dila udele\u017eencem, ki jih je vodil tehni\u010dni tim V2C, da so si ogledali razli\u010dna proizvodna podro\u010dja in <strong>se pobli\u017ee seznanili s procesom izdelave in oblikovanja polnilnikov podjetja<\/strong>. Dogodek se je zaklju\u010dil s prostorom za mre\u017eno povezovanje med strokovnjaki iz panoge in ekipo V2C.<\/p>\n\n<h2 class=\"wp-block-heading\">Industrijska rast in konsolidacija ekipe<\/h2>\n\n<p>Od svojih za\u010detkov je V2C pre\u0161la iz majhne podjetni\u0161ke ekipe v podjetje z mednarodno perspektivo. Nova tovarna simbolizira to preobrazbo: <strong>ve\u010d kot 3.000 kvadratnih metrov<\/strong> namenjenih razvoju, monta\u017ei in preverjanju opreme, za optimizirano proizvodnjo in logistiko.<\/p>\n\n\n<div class=\"wp-block-uagb-image uagb-block-a6fd9995 wp-block-uagb-image--layout-default wp-block-uagb-image--effect-static wp-block-uagb-image--align-none\"><figure class=\"wp-block-uagb-image__figure\"><img decoding=\"async\" srcset=\"https:\/\/v2charge.com\/wp-content\/uploads\/2025\/07\/inauguracion-oficial-centro-produccion.jpg ,https:\/\/v2charge.com\/wp-content\/uploads\/2025\/07\/inauguracion-oficial-centro-produccion.jpg 780w, https:\/\/v2charge.com\/wp-content\/uploads\/2025\/07\/inauguracion-oficial-centro-produccion.jpg 360w\" sizes=\"auto, (max-width: 480px) 150px\" src=\"https:\/\/v2charge.com\/wp-content\/uploads\/2025\/07\/inauguracion-oficial-centro-produccion.jpg\" alt=\"\" class=\"uag-image-235840\" width=\"960\" height=\"560\" title=\"inauguracion-oficial-centro-produccion\" loading=\"lazy\" role=\"img\"\/><\/figure><\/div>\n\n\n<p>\u010clove\u0161ka ekipa V2C je v zadnjih letih prav tako nara\u0161\u010dala. Podjetje \u0161e naprej vklju\u010duje specializirane talente, kar krepi svojo zavezanost k usposobljenemu zaposlovanju in tehni\u010dnemu izobra\u017eevanju.<\/p>\n\n<h2 class=\"wp-block-heading\">Nacionalna tehnologija za \u010distej\u0161o mobilnost<\/h2>\n\n<p><strong>Na\u0161i polnilci za elektri\u010dna vozila so zasnovani in izdelani v \u0160paniji<\/strong>, z vertikalnim proizvodnim modelom, ki nam omogo\u010da nadzor nad celotnim procesom. Nova tovarna v Xirivelli obsega vse od zasnove izdelka do kon\u010dne monta\u017ee, <strong>kar zagotavlja u\u010dinkovitost in kakovost vsakega aparata<\/strong>.<\/p>\n\n\n<div class=\"wp-block-uagb-image uagb-block-6029101a wp-block-uagb-image--layout-default wp-block-uagb-image--effect-static wp-block-uagb-image--align-none\"><figure class=\"wp-block-uagb-image__figure\"><img decoding=\"async\" srcset=\"https:\/\/v2charge.com\/wp-content\/uploads\/2025\/07\/inauguracion-oficial-centro-produccion-xirivella.jpg ,https:\/\/v2charge.com\/wp-content\/uploads\/2025\/07\/inauguracion-oficial-centro-produccion-xirivella.jpg 780w, https:\/\/v2charge.com\/wp-content\/uploads\/2025\/07\/inauguracion-oficial-centro-produccion-xirivella.jpg 360w\" sizes=\"auto, (max-width: 480px) 150px\" src=\"https:\/\/v2charge.com\/wp-content\/uploads\/2025\/07\/inauguracion-oficial-centro-produccion-xirivella.jpg\" alt=\"\" class=\"uag-image-235855\" width=\"960\" height=\"560\" title=\"inauguracion-oficial-centro-produccion-xirivella\" loading=\"lazy\" role=\"img\"\/><\/figure><\/div>\n\n\n<p>Na\u0161a re\u0161itev za polnjenje se osredoto\u010da na pametno upravljanje z energijo in popolno zdru\u017eljivost z vsemi vrstami fotovoltai\u010dnih sistemov.<\/p>\n\n<h2 class=\"wp-block-heading\">Obrat v slu\u017ebi energetske prihodnosti<\/h2>\n\n<p><strong>With this new production center, we position ourselves as a key player in the energy transition in Valencia<\/strong>. The new factory is designed to optimize production processes to the maximum and operates under principles of environmental sustainability, in line with the values that have defined the company since its origins.<\/p>\n\n<p>Otvoritev nove proizvodne tovarne v Xirivelli pomeni prelomnico za V2C. Ta nov proizvodni prostor predstavlja na\u0161o vizijo prihodnosti: <strong>trajnostna, povezana mobilnost, izdelana tukaj, v Valencii.<\/strong><\/p>","protected":false},"excerpt":{"rendered":"<p>27. junija smo proslavili uradno otvoritev na\u0161ega novega proizvodnega centra za polnilce elektri\u010dnih vozil v industrijski coni Xirivella v Valencii. Dogodka so se udele\u017eili Rebeca Torr\u00f3, dr\u017eavna sekretarka za industrijo, in Paqui Bartual, \u017eupanja Xirivelle, poleg tega pa tudi ugledni strokovnjaki s podro\u010dja elektri\u010dne mobilnosti in specializirani komunikatorji. Nova proizvodna obrat bo omogo\u010dila pove\u010danje na\u0161e &#8230; <a title=\"V2C uradno odpira svoj novi proizvodni center s povr\u0161ino 3.000 m\u00b2\" class=\"read-more\" href=\"https:\/\/v2charge.com\/sl\/v2c-uradno-odpira-svoj-novi-proizvodni-center-s-povr-ino-3\/\" aria-label=\"Read more about V2C uradno odpira svoj novi proizvodni center s povr\u0161ino 3.000 m\u00b2\">Read more<\/a><\/p>\n","protected":false},"author":400,"featured_media":235822,"comment_status":"closed","ping_status":"closed","sticky":false,"template":"","format":"standard","meta":{"_eb_attr":"","content-type":"","_uag_custom_page_level_css":"","footnotes":""},"categories":[],"tags":[],"class_list":["post-313205","post","type-post","status-publish","format-standard","has-post-thumbnail","hentry"],"yoast_head":"<!-- This site is optimized with the Yoast SEO plugin v25.3.1 - https:\/\/yoast.com\/wordpress\/plugins\/seo\/ -->\n<title>V2C Odpira svoj Novi Center za Proizvodnjo Elektri\u010dnih Polnilnikov<\/title>\n<meta name=\"description\" content=\"V2C odpira svoje nove prostore v Xirivelli, Valencia, z Rebeco Torr\u00f3, dr\u017eavno sekretarko za industrijo, in Paqui Bartual, \u017eupanjo Xirivelle.\" \/>\n<meta name=\"robots\" content=\"index, follow, max-snippet:-1, max-image-preview:large, max-video-preview:-1\" \/>\n<link rel=\"canonical\" href=\"https:\/\/v2charge.com\/sl\/v2c-uradno-odpira-svoj-novi-proizvodni-center-s-povr-ino-3\/\" \/>\n<meta property=\"og:locale\" content=\"sl_SI\" \/>\n<meta property=\"og:type\" content=\"article\" \/>\n<meta property=\"og:title\" content=\"V2C Odpira svoj Novi Center za Proizvodnjo Elektri\u010dnih Polnilnikov\" \/>\n<meta property=\"og:description\" content=\"V2C odpira svoje nove prostore v Xirivelli, Valencia, z Rebeco Torr\u00f3, dr\u017eavno sekretarko za industrijo, in Paqui Bartual, \u017eupanjo Xirivelle.\" \/>\n<meta property=\"og:url\" content=\"https:\/\/v2charge.com\/sl\/v2c-uradno-odpira-svoj-novi-proizvodni-center-s-povr-ino-3\/\" \/>\n<meta property=\"og:site_name\" content=\"V2C\" \/>\n<meta property=\"article:publisher\" content=\"https:\/\/www.facebook.com\/V2C.Charge\" \/>\n<meta property=\"article:published_time\" content=\"2025-07-03T11:27:46+00:00\" \/>\n<meta property=\"article:modified_time\" content=\"2025-07-03T11:37:24+00:00\" \/>\n<meta property=\"og:image\" content=\"https:\/\/v2charge.com\/wp-content\/uploads\/2025\/07\/inauguracion-oficial-centro-produccion-cargadores-coche-electrico-valencia.jpg\" \/>\n\t<meta property=\"og:image:width\" content=\"960\" \/>\n\t<meta property=\"og:image:height\" content=\"560\" \/>\n\t<meta property=\"og:image:type\" content=\"image\/jpeg\" \/>\n<meta name=\"author\" content=\"V2C\" \/>\n<meta name=\"twitter:card\" content=\"summary_large_image\" \/>\n<meta name=\"twitter:creator\" content=\"@V2C_Charge\" \/>\n<meta name=\"twitter:site\" content=\"@V2C_Charge\" \/>\n<meta name=\"twitter:label1\" content=\"Written by\" \/>\n\t<meta name=\"twitter:data1\" content=\"V2C\" \/>\n\t<meta name=\"twitter:label2\" content=\"Est. reading time\" \/>\n\t<meta name=\"twitter:data2\" content=\"4 minute\" \/>\n<script type=\"application\/ld+json\" class=\"yoast-schema-graph\">{\"@context\":\"https:\/\/schema.org\",\"@graph\":[{\"@type\":\"Article\",\"@id\":\"https:\/\/v2charge.com\/sl\/v2c-uradno-odpira-svoj-novi-proizvodni-center-s-povr-ino-3\/#article\",\"isPartOf\":{\"@id\":\"https:\/\/v2charge.com\/sl\/v2c-uradno-odpira-svoj-novi-proizvodni-center-s-povr-ino-3\/\"},\"author\":{\"name\":\"V2C\",\"@id\":\"https:\/\/v2charge.com\/sl\/#\/schema\/person\/d6f210a94a856acdddec347b2127fd0f\"},\"headline\":\"V2C uradno odpira svoj novi proizvodni center s povr\u0161ino 3.000 m\u00b2\",\"datePublished\":\"2025-07-03T11:27:46+00:00\",\"dateModified\":\"2025-07-03T11:37:24+00:00\",\"mainEntityOfPage\":{\"@id\":\"https:\/\/v2charge.com\/sl\/v2c-uradno-odpira-svoj-novi-proizvodni-center-s-povr-ino-3\/\"},\"wordCount\":482,\"publisher\":{\"@id\":\"https:\/\/v2charge.com\/sl\/#organization\"},\"image\":{\"@id\":\"https:\/\/v2charge.com\/sl\/v2c-uradno-odpira-svoj-novi-proizvodni-center-s-povr-ino-3\/#primaryimage\"},\"thumbnailUrl\":\"https:\/\/v2charge.com\/wp-content\/uploads\/2025\/07\/inauguracion-oficial-centro-produccion-cargadores-coche-electrico-valencia.jpg\",\"inLanguage\":\"sl-SI\"},{\"@type\":\"WebPage\",\"@id\":\"https:\/\/v2charge.com\/sl\/v2c-uradno-odpira-svoj-novi-proizvodni-center-s-povr-ino-3\/\",\"url\":\"https:\/\/v2charge.com\/sl\/v2c-uradno-odpira-svoj-novi-proizvodni-center-s-povr-ino-3\/\",\"name\":\"V2C Odpira svoj Novi Center za Proizvodnjo Elektri\u010dnih Polnilnikov\",\"isPartOf\":{\"@id\":\"https:\/\/v2charge.com\/sl\/#website\"},\"primaryImageOfPage\":{\"@id\":\"https:\/\/v2charge.com\/sl\/v2c-uradno-odpira-svoj-novi-proizvodni-center-s-povr-ino-3\/#primaryimage\"},\"image\":{\"@id\":\"https:\/\/v2charge.com\/sl\/v2c-uradno-odpira-svoj-novi-proizvodni-center-s-povr-ino-3\/#primaryimage\"},\"thumbnailUrl\":\"https:\/\/v2charge.com\/wp-content\/uploads\/2025\/07\/inauguracion-oficial-centro-produccion-cargadores-coche-electrico-valencia.jpg\",\"datePublished\":\"2025-07-03T11:27:46+00:00\",\"dateModified\":\"2025-07-03T11:37:24+00:00\",\"description\":\"V2C odpira svoje nove prostore v Xirivelli, Valencia, z Rebeco Torr\u00f3, dr\u017eavno sekretarko za industrijo, in Paqui Bartual, \u017eupanjo Xirivelle.\",\"breadcrumb\":{\"@id\":\"https:\/\/v2charge.com\/sl\/v2c-uradno-odpira-svoj-novi-proizvodni-center-s-povr-ino-3\/#breadcrumb\"},\"inLanguage\":\"sl-SI\",\"potentialAction\":[{\"@type\":\"ReadAction\",\"target\":[\"https:\/\/v2charge.com\/sl\/v2c-uradno-odpira-svoj-novi-proizvodni-center-s-povr-ino-3\/\"]}]},{\"@type\":\"ImageObject\",\"inLanguage\":\"sl-SI\",\"@id\":\"https:\/\/v2charge.com\/sl\/v2c-uradno-odpira-svoj-novi-proizvodni-center-s-povr-ino-3\/#primaryimage\",\"url\":\"https:\/\/v2charge.com\/wp-content\/uploads\/2025\/07\/inauguracion-oficial-centro-produccion-cargadores-coche-electrico-valencia.jpg\",\"contentUrl\":\"https:\/\/v2charge.com\/wp-content\/uploads\/2025\/07\/inauguracion-oficial-centro-produccion-cargadores-coche-electrico-valencia.jpg\",\"width\":960,\"height\":560,\"caption\":\"V2C inaugura oficialmente su nuevo centro de producci\u00f3n de cargadores de coche el\u00e9ctrico de 3.000 metros cuadrados\"},{\"@type\":\"BreadcrumbList\",\"@id\":\"https:\/\/v2charge.com\/sl\/v2c-uradno-odpira-svoj-novi-proizvodni-center-s-povr-ino-3\/#breadcrumb\",\"itemListElement\":[{\"@type\":\"ListItem\",\"position\":1,\"name\":\"V2C\",\"item\":\"https:\/\/v2charge.com\/sl\/\"},{\"@type\":\"ListItem\",\"position\":2,\"name\":\"Noticias V2C\",\"item\":\"https:\/\/v2charge.com\/es\/noticias-v2c\/\"},{\"@type\":\"ListItem\",\"position\":3,\"name\":\"V2C uradno odpira svoj novi proizvodni center s povr\u0161ino 3.000 m\u00b2\"}]},{\"@type\":\"WebSite\",\"@id\":\"https:\/\/v2charge.com\/sl\/#website\",\"url\":\"https:\/\/v2charge.com\/sl\/\",\"name\":\"V2C\",\"description\":\"#CargandoElMa\u00f1ana\",\"publisher\":{\"@id\":\"https:\/\/v2charge.com\/sl\/#organization\"},\"potentialAction\":[{\"@type\":\"SearchAction\",\"target\":{\"@type\":\"EntryPoint\",\"urlTemplate\":\"https:\/\/v2charge.com\/sl\/?s={search_term_string}\"},\"query-input\":{\"@type\":\"PropertyValueSpecification\",\"valueRequired\":true,\"valueName\":\"search_term_string\"}}],\"inLanguage\":\"sl-SI\"},{\"@type\":\"Organization\",\"@id\":\"https:\/\/v2charge.com\/sl\/#organization\",\"name\":\"V2C\",\"url\":\"https:\/\/v2charge.com\/sl\/\",\"logo\":{\"@type\":\"ImageObject\",\"inLanguage\":\"sl-SI\",\"@id\":\"https:\/\/v2charge.com\/sl\/#\/schema\/logo\/image\/\",\"url\":\"https:\/\/v2charge.com\/wp-content\/uploads\/2024\/11\/cropped-v2c-charge-logo-menu.png\",\"contentUrl\":\"https:\/\/v2charge.com\/wp-content\/uploads\/2024\/11\/cropped-v2c-charge-logo-menu.png\",\"width\":984,\"height\":431,\"caption\":\"V2C\"},\"image\":{\"@id\":\"https:\/\/v2charge.com\/sl\/#\/schema\/logo\/image\/\"},\"sameAs\":[\"https:\/\/www.facebook.com\/V2C.Charge\",\"https:\/\/x.com\/V2C_Charge\",\"https:\/\/www.instagram.com\/v2c.charge\/\",\"https:\/\/www.youtube.com\/@V2C\",\"https:\/\/www.linkedin.com\/company\/v2c-chargers\/\"]},{\"@type\":\"Person\",\"@id\":\"https:\/\/v2charge.com\/sl\/#\/schema\/person\/d6f210a94a856acdddec347b2127fd0f\",\"name\":\"V2C\",\"image\":{\"@type\":\"ImageObject\",\"inLanguage\":\"sl-SI\",\"@id\":\"https:\/\/v2charge.com\/sl\/#\/schema\/person\/image\/\",\"url\":\"https:\/\/secure.gravatar.com\/avatar\/a91128c4c0d2f4d63bd586301fdec6cc9aa49c885839b25d1c62700f529f267c?s=96&d=mm&r=g\",\"contentUrl\":\"https:\/\/secure.gravatar.com\/avatar\/a91128c4c0d2f4d63bd586301fdec6cc9aa49c885839b25d1c62700f529f267c?s=96&d=mm&r=g\",\"caption\":\"V2C\"}}]}<\/script>\n<!-- \/ Yoast SEO plugin. -->","yoast_head_json":{"title":"V2C Odpira svoj Novi Center za Proizvodnjo Elektri\u010dnih Polnilnikov","description":"V2C odpira svoje nove prostore v Xirivelli, Valencia, z Rebeco Torr\u00f3, dr\u017eavno sekretarko za industrijo, in Paqui Bartual, \u017eupanjo Xirivelle.","robots":{"index":"index","follow":"follow","max-snippet":"max-snippet:-1","max-image-preview":"max-image-preview:large","max-video-preview":"max-video-preview:-1"},"canonical":"https:\/\/v2charge.com\/sl\/v2c-uradno-odpira-svoj-novi-proizvodni-center-s-povr-ino-3\/","og_locale":"sl_SI","og_type":"article","og_title":"V2C Odpira svoj Novi Center za Proizvodnjo Elektri\u010dnih Polnilnikov","og_description":"V2C odpira svoje nove prostore v Xirivelli, Valencia, z Rebeco Torr\u00f3, dr\u017eavno sekretarko za industrijo, in Paqui Bartual, \u017eupanjo Xirivelle.","og_url":"https:\/\/v2charge.com\/sl\/v2c-uradno-odpira-svoj-novi-proizvodni-center-s-povr-ino-3\/","og_site_name":"V2C","article_publisher":"https:\/\/www.facebook.com\/V2C.Charge","article_published_time":"2025-07-03T11:27:46+00:00","article_modified_time":"2025-07-03T11:37:24+00:00","og_image":[{"width":960,"height":560,"url":"https:\/\/v2charge.com\/wp-content\/uploads\/2025\/07\/inauguracion-oficial-centro-produccion-cargadores-coche-electrico-valencia.jpg","type":"image\/jpeg"}],"author":"V2C","twitter_card":"summary_large_image","twitter_creator":"@V2C_Charge","twitter_site":"@V2C_Charge","twitter_misc":{"Written by":"V2C","Est. reading time":"4 minute"},"schema":{"@context":"https:\/\/schema.org","@graph":[{"@type":"Article","@id":"https:\/\/v2charge.com\/sl\/v2c-uradno-odpira-svoj-novi-proizvodni-center-s-povr-ino-3\/#article","isPartOf":{"@id":"https:\/\/v2charge.com\/sl\/v2c-uradno-odpira-svoj-novi-proizvodni-center-s-povr-ino-3\/"},"author":{"name":"V2C","@id":"https:\/\/v2charge.com\/sl\/#\/schema\/person\/d6f210a94a856acdddec347b2127fd0f"},"headline":"V2C uradno odpira svoj novi proizvodni center s povr\u0161ino 3.000 m\u00b2","datePublished":"2025-07-03T11:27:46+00:00","dateModified":"2025-07-03T11:37:24+00:00","mainEntityOfPage":{"@id":"https:\/\/v2charge.com\/sl\/v2c-uradno-odpira-svoj-novi-proizvodni-center-s-povr-ino-3\/"},"wordCount":482,"publisher":{"@id":"https:\/\/v2charge.com\/sl\/#organization"},"image":{"@id":"https:\/\/v2charge.com\/sl\/v2c-uradno-odpira-svoj-novi-proizvodni-center-s-povr-ino-3\/#primaryimage"},"thumbnailUrl":"https:\/\/v2charge.com\/wp-content\/uploads\/2025\/07\/inauguracion-oficial-centro-produccion-cargadores-coche-electrico-valencia.jpg","inLanguage":"sl-SI"},{"@type":"WebPage","@id":"https:\/\/v2charge.com\/sl\/v2c-uradno-odpira-svoj-novi-proizvodni-center-s-povr-ino-3\/","url":"https:\/\/v2charge.com\/sl\/v2c-uradno-odpira-svoj-novi-proizvodni-center-s-povr-ino-3\/","name":"V2C Odpira svoj Novi Center za Proizvodnjo Elektri\u010dnih Polnilnikov","isPartOf":{"@id":"https:\/\/v2charge.com\/sl\/#website"},"primaryImageOfPage":{"@id":"https:\/\/v2charge.com\/sl\/v2c-uradno-odpira-svoj-novi-proizvodni-center-s-povr-ino-3\/#primaryimage"},"image":{"@id":"https:\/\/v2charge.com\/sl\/v2c-uradno-odpira-svoj-novi-proizvodni-center-s-povr-ino-3\/#primaryimage"},"thumbnailUrl":"https:\/\/v2charge.com\/wp-content\/uploads\/2025\/07\/inauguracion-oficial-centro-produccion-cargadores-coche-electrico-valencia.jpg","datePublished":"2025-07-03T11:27:46+00:00","dateModified":"2025-07-03T11:37:24+00:00","description":"V2C odpira svoje nove prostore v Xirivelli, Valencia, z Rebeco Torr\u00f3, dr\u017eavno sekretarko za industrijo, in Paqui Bartual, \u017eupanjo Xirivelle.","breadcrumb":{"@id":"https:\/\/v2charge.com\/sl\/v2c-uradno-odpira-svoj-novi-proizvodni-center-s-povr-ino-3\/#breadcrumb"},"inLanguage":"sl-SI","potentialAction":[{"@type":"ReadAction","target":["https:\/\/v2charge.com\/sl\/v2c-uradno-odpira-svoj-novi-proizvodni-center-s-povr-ino-3\/"]}]},{"@type":"ImageObject","inLanguage":"sl-SI","@id":"https:\/\/v2charge.com\/sl\/v2c-uradno-odpira-svoj-novi-proizvodni-center-s-povr-ino-3\/#primaryimage","url":"https:\/\/v2charge.com\/wp-content\/uploads\/2025\/07\/inauguracion-oficial-centro-produccion-cargadores-coche-electrico-valencia.jpg","contentUrl":"https:\/\/v2charge.com\/wp-content\/uploads\/2025\/07\/inauguracion-oficial-centro-produccion-cargadores-coche-electrico-valencia.jpg","width":960,"height":560,"caption":"V2C inaugura oficialmente su nuevo centro de producci\u00f3n de cargadores de coche el\u00e9ctrico de 3.000 metros cuadrados"},{"@type":"BreadcrumbList","@id":"https:\/\/v2charge.com\/sl\/v2c-uradno-odpira-svoj-novi-proizvodni-center-s-povr-ino-3\/#breadcrumb","itemListElement":[{"@type":"ListItem","position":1,"name":"V2C","item":"https:\/\/v2charge.com\/sl\/"},{"@type":"ListItem","position":2,"name":"Noticias V2C","item":"https:\/\/v2charge.com\/es\/noticias-v2c\/"},{"@type":"ListItem","position":3,"name":"V2C uradno odpira svoj novi proizvodni center s povr\u0161ino 3.000 m\u00b2"}]},{"@type":"WebSite","@id":"https:\/\/v2charge.com\/sl\/#website","url":"https:\/\/v2charge.com\/sl\/","name":"V2C","description":"#CargandoElMa\u00f1ana","publisher":{"@id":"https:\/\/v2charge.com\/sl\/#organization"},"potentialAction":[{"@type":"SearchAction","target":{"@type":"EntryPoint","urlTemplate":"https:\/\/v2charge.com\/sl\/?s={search_term_string}"},"query-input":{"@type":"PropertyValueSpecification","valueRequired":true,"valueName":"search_term_string"}}],"inLanguage":"sl-SI"},{"@type":"Organization","@id":"https:\/\/v2charge.com\/sl\/#organization","name":"V2C","url":"https:\/\/v2charge.com\/sl\/","logo":{"@type":"ImageObject","inLanguage":"sl-SI","@id":"https:\/\/v2charge.com\/sl\/#\/schema\/logo\/image\/","url":"https:\/\/v2charge.com\/wp-content\/uploads\/2024\/11\/cropped-v2c-charge-logo-menu.png","contentUrl":"https:\/\/v2charge.com\/wp-content\/uploads\/2024\/11\/cropped-v2c-charge-logo-menu.png","width":984,"height":431,"caption":"V2C"},"image":{"@id":"https:\/\/v2charge.com\/sl\/#\/schema\/logo\/image\/"},"sameAs":["https:\/\/www.facebook.com\/V2C.Charge","https:\/\/x.com\/V2C_Charge","https:\/\/www.instagram.com\/v2c.charge\/","https:\/\/www.youtube.com\/@V2C","https:\/\/www.linkedin.com\/company\/v2c-chargers\/"]},{"@type":"Person","@id":"https:\/\/v2charge.com\/sl\/#\/schema\/person\/d6f210a94a856acdddec347b2127fd0f","name":"V2C","image":{"@type":"ImageObject","inLanguage":"sl-SI","@id":"https:\/\/v2charge.com\/sl\/#\/schema\/person\/image\/","url":"https:\/\/secure.gravatar.com\/avatar\/a91128c4c0d2f4d63bd586301fdec6cc9aa49c885839b25d1c62700f529f267c?s=96&d=mm&r=g","contentUrl":"https:\/\/secure.gravatar.com\/avatar\/a91128c4c0d2f4d63bd586301fdec6cc9aa49c885839b25d1c62700f529f267c?s=96&d=mm&r=g","caption":"V2C"}}]}},"uagb_featured_image_src":{"full":["https:\/\/v2charge.com\/wp-content\/uploads\/2025\/07\/inauguracion-oficial-centro-produccion-cargadores-coche-electrico-valencia.jpg",960,560,false],"thumbnail":["https:\/\/v2charge.com\/wp-content\/uploads\/2025\/07\/inauguracion-oficial-centro-produccion-cargadores-coche-electrico-valencia-150x150.jpg",150,150,true],"medium":["https:\/\/v2charge.com\/wp-content\/uploads\/2025\/07\/inauguracion-oficial-centro-produccion-cargadores-coche-electrico-valencia-300x175.jpg",300,175,true],"medium_large":["https:\/\/v2charge.com\/wp-content\/uploads\/2025\/07\/inauguracion-oficial-centro-produccion-cargadores-coche-electrico-valencia-768x448.jpg",768,448,true],"large":["https:\/\/v2charge.com\/wp-content\/uploads\/2025\/07\/inauguracion-oficial-centro-produccion-cargadores-coche-electrico-valencia.jpg",960,560,false],"gs-tiny":["https:\/\/v2charge.com\/wp-content\/uploads\/2025\/07\/inauguracion-oficial-centro-produccion-cargadores-coche-electrico-valencia-50x29.jpg",50,29,true],"xl":["https:\/\/v2charge.com\/wp-content\/uploads\/2025\/07\/inauguracion-oficial-centro-produccion-cargadores-coche-electrico-valencia.jpg",960,560,false],"xxl":["https:\/\/v2charge.com\/wp-content\/uploads\/2025\/07\/inauguracion-oficial-centro-produccion-cargadores-coche-electrico-valencia.jpg",960,560,false],"xxxl":["https:\/\/v2charge.com\/wp-content\/uploads\/2025\/07\/inauguracion-oficial-centro-produccion-cargadores-coche-electrico-valencia.jpg",960,560,false],"xxxxl":["https:\/\/v2charge.com\/wp-content\/uploads\/2025\/07\/inauguracion-oficial-centro-produccion-cargadores-coche-electrico-valencia.jpg",960,560,false],"xxxxxl":["https:\/\/v2charge.com\/wp-content\/uploads\/2025\/07\/inauguracion-oficial-centro-produccion-cargadores-coche-electrico-valencia.jpg",960,560,false],"1536x1536":["https:\/\/v2charge.com\/wp-content\/uploads\/2025\/07\/inauguracion-oficial-centro-produccion-cargadores-coche-electrico-valencia.jpg",960,560,false],"2048x2048":["https:\/\/v2charge.com\/wp-content\/uploads\/2025\/07\/inauguracion-oficial-centro-produccion-cargadores-coche-electrico-valencia.jpg",960,560,false]},"uagb_author_info":{"display_name":"V2C","author_link":"https:\/\/v2charge.com\/sl\/author\/marketing\/"},"uagb_comment_info":0,"uagb_excerpt":"27. junija smo proslavili uradno otvoritev na\u0161ega novega proizvodnega centra za polnilce elektri\u010dnih vozil v industrijski coni Xirivella v Valencii. Dogodka so se udele\u017eili Rebeca Torr\u00f3, dr\u017eavna sekretarka za industrijo, in Paqui Bartual, \u017eupanja Xirivelle, poleg tega pa tudi ugledni strokovnjaki s podro\u010dja elektri\u010dne mobilnosti in specializirani komunikatorji. Nova proizvodna obrat bo omogo\u010dila pove\u010danje na\u0161e&hellip;","_links":{"self":[{"href":"https:\/\/v2charge.com\/sl\/wp-json\/wp\/v2\/posts\/313205","targetHints":{"allow":["GET"]}}],"collection":[{"href":"https:\/\/v2charge.com\/sl\/wp-json\/wp\/v2\/posts"}],"about":[{"href":"https:\/\/v2charge.com\/sl\/wp-json\/wp\/v2\/types\/post"}],"author":[{"embeddable":true,"href":"https:\/\/v2charge.com\/sl\/wp-json\/wp\/v2\/users\/400"}],"replies":[{"embeddable":true,"href":"https:\/\/v2charge.com\/sl\/wp-json\/wp\/v2\/comments?post=313205"}],"version-history":[{"count":0,"href":"https:\/\/v2charge.com\/sl\/wp-json\/wp\/v2\/posts\/313205\/revisions"}],"wp:featuredmedia":[{"embeddable":true,"href":"https:\/\/v2charge.com\/sl\/wp-json\/wp\/v2\/media\/235822"}],"wp:attachment":[{"href":"https:\/\/v2charge.com\/sl\/wp-json\/wp\/v2\/media?parent=313205"}],"wp:term":[{"taxonomy":"category","embeddable":true,"href":"https:\/\/v2charge.com\/sl\/wp-json\/wp\/v2\/categories?post=313205"},{"taxonomy":"post_tag","embeddable":true,"href":"https:\/\/v2charge.com\/sl\/wp-json\/wp\/v2\/tags?post=313205"}],"curies":[{"name":"wp","href":"https:\/\/api.w.org\/{rel}","templated":true}]}}