{"id":313239,"date":"2025-12-26T09:30:00","date_gmt":"2025-12-26T07:30:00","guid":{"rendered":""},"modified":"2025-12-23T15:40:40","modified_gmt":"2025-12-23T13:40:40","slug":"denza-z9-gt-nov-luksuzni-elektri-ni-avto-byd-in-mercedes","status":"publish","type":"post","link":"https:\/\/v2charge.com\/sl\/denza-z9-gt-nov-luksuzni-elektri-ni-avto-byd-in-mercedes\/","title":{"rendered":"Denza Z9 GT: Nov luksuzni elektri\u010dni avto BYD in Mercedes"},"content":{"rendered":"<p class=\"my-2 [&amp;+p]:mt-4 [&amp;_strong:has(+br)]:inline-block [&amp;_strong:has(+br)]:pb-2\">Evropa se pripravlja na sprejem nove generacije elektri\u010dnih avtomobilov, novi <strong>Denza Z9 GT<\/strong> pa se pojavlja kot eden najbolj pri\u010dakovanih modelov leta, v sodelovanju s priznano blagovno znamko BYD. Po napovedih sektorja <strong>se bo premium segment elektri\u010dnih avtomobilov med letoma 2025 in 2027 pove\u010dal za 35 %<\/strong>, ta model pa prihaja pripravljen voditi to prehodno obdobje k visoko zmogljivi elektrifikaciji.<\/p>\n<p class=\"my-2 [&amp;+p]:mt-4 [&amp;_strong:has(+br)]:inline-block [&amp;_strong:has(+br)]:pb-2\">V V2C to evolucijo spremljamo zelo natan\u010dno, saj vsak nov izdelek, kot je <strong>Denza Z9 GT<\/strong>, spodbuja potrebo po <strong>inteligentni in u\u010dinkoviti infrastrukturi za polnjenje<\/strong>, kot so na\u0161i <a href=\"https:\/\/v2charge.com\/sl\/\"><strong>polnilci za elektri\u010dne avtomobile<\/strong><\/a>, ki so v celoti izdelani v \u0160paniji.<\/p>\n<h2 class=\"mb-2 mt-4 font-display font-semimedium text-base first:mt-0\">Zgodovina nove blagovne znamke elektrificiranih avtomobilov Denza: Od zavezni\u0161tva BYD in Mercedesa do evropske osvojitve<\/h2>\n<p class=\"my-2 [&amp;+p]:mt-4 [&amp;_strong:has(+br)]:inline-block [&amp;_strong:has(+br)]:pb-2\"><strong>Denza je bila ustanovljena leta 2010 kot <em>joint venture<\/em> 50% med BYD in Daimlerjem (Mercedes-Benz)<\/strong>, z ambicioznim ciljem ustvariti premium elektri\u010dna vozila za Kitajsko. Leta 2021 je BYD prevzel popoln nadzor, potem ko je Daimler zmanj\u0161al svoj dele\u017e na 10 % in ga v celoti prodal leta 2024, kar je spodbudilo radikalno prenovo, ki jo danes postavlja kot neposrednega konkurenta nem\u0161kim blagovnim znamkam.<span class=\"inline-flex\" data-state=\"closed\">\u200b<\/span><\/p>\n<p class=\"my-2 [&amp;+p]:mt-4 [&amp;_strong:has(+br)]:inline-block [&amp;_strong:has(+br)]:pb-2\">Ta evolucija ozna\u010duje fascinanten preobrat: od diskretnega projekta s prvim Denza EV leta 2014, elektri\u010dnim limuzinom z 300 km dosega, do globalne ofenzive z uspehi, kot je monovolumen D9 leta 2022, ki zdru\u017euje luksuz hibridnega polnilnega in evropskega oblikovanja. Ime Denza zajema njene stebre, Raznolikost, Eleganco, Novost, Zenit in Aspiracijo, kar odra\u017ea identiteto, ki zdru\u017euje tehnologijo BYD z premium standardi.<span class=\"inline-flex\" data-state=\"closed\">\u200b<\/span><\/p>\n<p class=\"my-2 [&amp;+p]:mt-4 [&amp;_strong:has(+br)]:inline-block [&amp;_strong:has(+br)]:pb-2\"><strong>Klju\u010dni mejniki Denza:<\/strong><\/p>\n<ul>\n<li class=\"my-2 [&amp;+p]:mt-4 [&amp;_strong:has(+br)]:inline-block [&amp;_strong:has(+br)]:pb-2\"><strong>2010<\/strong>: Ustanovitev kot zavezni\u0161tvo BYD-Daimler za luksuzno elektri\u010dno mobilnost.<\/li>\n<li class=\"my-2 [&amp;+p]:mt-4 [&amp;_strong:has(+br)]:inline-block [&amp;_strong:has(+br)]:pb-2\"><strong>2014<\/strong>: Lansiranje Denza EV, prvega 100% elektri\u010dnega modela.<\/li>\n<li class=\"my-2 [&amp;+p]:mt-4 [&amp;_strong:has(+br)]:inline-block [&amp;_strong:has(+br)]:pb-2\"><strong>2021<\/strong>: BYD prevzema popoln nadzor in redefinira premium strategijo.<\/li>\n<li class=\"my-2 [&amp;+p]:mt-4 [&amp;_strong:has(+br)]:inline-block [&amp;_strong:has(+br)]:pb-2\"><strong>2022<\/strong>: Uspeh D9, vodilni PHEV in BEV monovolumen na Kitajskem.<\/li>\n<li class=\"my-2 [&amp;+p]:mt-4 [&amp;_strong:has(+br)]:inline-block [&amp;_strong:has(+br)]:pb-2\"><strong>2024<\/strong>: Predstavitev Z9 GT v Pekingu; napovedana \u0161iritev v Evropo.<\/li>\n<li class=\"my-2 [&amp;+p]:mt-4 [&amp;_strong:has(+br)]:inline-block [&amp;_strong:has(+br)]:pb-2\"><strong>2025<\/strong>: Uradna premiera v Milanu in pri\u010dakovana prihodnost v \u0160paniji leta 2026.<\/li>\n<\/ul>\n<p><span class=\"inline-flex\" data-state=\"closed\"><img decoding=\"async\" class=\"alignnone size-full wp-image-292429\" src=\"https:\/\/v2charge.com\/wp-content\/uploads\/2025\/12\/denza-z9-gt-price-electric-car-luxury-byd-mercedes-release.jpg\" alt=\"Denza Z9 GT Novi luksuzni elektri\u010dni avtomobil BYD in Mercedes\" width=\"960\" height=\"560\" srcset=\"https:\/\/v2charge.com\/wp-content\/uploads\/2025\/12\/denza-z9-gt-price-electric-car-luxury-byd-mercedes-release.jpg 960w, https:\/\/v2charge.com\/wp-content\/uploads\/2025\/12\/denza-z9-gt-price-electric-car-luxury-byd-mercedes-release-300x175.jpg 300w, https:\/\/v2charge.com\/wp-content\/uploads\/2025\/12\/denza-z9-gt-price-electric-car-luxury-byd-mercedes-release-768x448.jpg 768w, https:\/\/v2charge.com\/wp-content\/uploads\/2025\/12\/denza-z9-gt-price-electric-car-luxury-byd-mercedes-release-50x29.jpg 50w\" sizes=\"(max-width: 960px) 100vw, 960px\" \/>\u200b<\/span><\/p>\n<h2 class=\"mb-2 mt-4 font-display font-semimedium text-base first:mt-0\">Kak\u0161na je cena Denza Z9 GT v \u0160paniji?<\/h2>\n<p class=\"my-2 [&amp;+p]:mt-4 [&amp;_strong:has(+br)]:inline-block [&amp;_strong:has(+br)]:pb-2\">Cena <strong>Denza Z9 GT v \u0160paniji<\/strong> se giblje v vi\u0161jem razredu premium elektri\u010dnih vozil, s predvidenim razponom med 75.000 in 90.000 evri, odvisno od razli\u010dice, opreme in mehanske konfiguracije. Govorimo o \u0161tevilki, ki postavlja <strong>Denza Z9 GT<\/strong> v razred velikih reprezentativnih limuzin, vendar s tehnolo\u0161ko in zmogljivostno ponudbo, ki se neposredno soo\u010da z najnaprednej\u0161imi elektri\u010dnimi \u0161portniki trenutka.<span class=\"inline-flex\" data-state=\"closed\">\u200b<\/span><\/p>\n<p class=\"my-2 [&amp;+p]:mt-4 [&amp;_strong:has(+br)]:inline-block [&amp;_strong:has(+br)]:pb-2\">Za tiste, ki na\u010drtujejo nakup, ta cenovni razpon Denza Z9 GT spodbuja razmi\u0161ljanje o polnjenju kot delu celotne nalo\u017ebe v elektri\u010dno mobilnost. V V2C trdimo, da avtomobil te ravni zahteva ustrezno infrastrukturo za polnjenje, z dobrim <strong>polnilcem za elektri\u010dne avtomobile<\/strong> za doma\u010do ali poslovno uporabo in <strong>namestitvijo polnilca za elektri\u010dne avtomobile<\/strong>, prilagojeno njegovim baterijam visoke kapacitete.<\/p>\n<ul>\n<li class=\"my-2 [&amp;+p]:mt-4 [&amp;_strong:has(+br)]:inline-block [&amp;_strong:has(+br)]:pb-2\">Predviden cenovni razpon Denza Z9 GT: <strong>75.000-90.000 \u20ac<\/strong> glede na razli\u010dico.<span class=\"inline-flex\" data-state=\"closed\">\u200b<\/span><\/li>\n<li class=\"my-2 [&amp;+p]:mt-4 [&amp;_strong:has(+br)]:inline-block [&amp;_strong:has(+br)]:pb-2\">Jasno pozicioniranje v segmentu F premium elektri\u010dnih vozil.<\/li>\n<\/ul>\n<p><\/p>\n<figure class=\"wp-block-image\"><a href=\"https:\/\/v2charge.com\/sl\/najdi-svojega-in-talaterja\/\"><img decoding=\"async\" width=\"960\" height=\"960\" class=\"wp-image-243962\" src=\"https:\/\/v2charge.com\/wp-content\/uploads\/2025\/08\/buscas-instalador-cargador-coche-electrico.jpg\" alt=\"Encuentra tu instalador de cargador de coche el\u00e9ctrico\" srcset=\"https:\/\/v2charge.com\/wp-content\/uploads\/2025\/08\/buscas-instalador-cargador-coche-electrico.jpg 960w, https:\/\/v2charge.com\/wp-content\/uploads\/2025\/08\/buscas-instalador-cargador-coche-electrico-300x300.jpg 300w, https:\/\/v2charge.com\/wp-content\/uploads\/2025\/08\/buscas-instalador-cargador-coche-electrico-150x150.jpg 150w, https:\/\/v2charge.com\/wp-content\/uploads\/2025\/08\/buscas-instalador-cargador-coche-electrico-768x768.jpg 768w, https:\/\/v2charge.com\/wp-content\/uploads\/2025\/08\/buscas-instalador-cargador-coche-electrico-50x50.jpg 50w\" sizes=\"(max-width: 960px) 100vw, 960px\" \/><\/a><\/figure>\n<p><\/p>\n<h2 class=\"mb-2 mt-4 font-display font-semimedium text-base first:mt-0\">Zna\u010dilnosti Denza Z9 GT: brutalna mo\u010d, dolga avtonomija in premium pristop<\/h2>\n<p class=\"my-2 [&amp;+p]:mt-4 [&amp;_strong:has(+br)]:inline-block [&amp;_strong:has(+br)]:pb-2\">Denza Z9 GT ne impresionira le s svojo ceno; njegova tehni\u010dna specifikacija ga resni\u010dno postavlja v sredi\u0161\u010de nove elektri\u010dne premium generacije. S <strong>dol\u017eino blizu 5,18 metra<\/strong>, <strong>karoserijo shooting brake<\/strong> in <strong>100% elektri\u010dnimi in PHEV mo\u017enostmi<\/strong>, ta model zdru\u017euje prostor, luksuz in zmogljivosti, ki se dotikajo pretiranosti: do <strong>965 KM<\/strong> mo\u010di in pospe\u0161ek, ki je zna\u010dilen za super\u0161portnike, vendar v visokokakovostnem dru\u017einskem avtomobilu.<span class=\"inline-flex\" data-state=\"closed\">\u200b<\/span><\/p>\n<p class=\"my-2 [&amp;+p]:mt-4 [&amp;_strong:has(+br)]:inline-block [&amp;_strong:has(+br)]:pb-2\">V razli\u010dici s \u010distim elektri\u010dnim pogonom baterija dosega <strong>100 kWh<\/strong> in obljublja uradne avtonomije, ki lahko presegajo <strong>600 km<\/strong> na svojem doma\u010dem trgu, kar ga naredi za popolnega kandidata za dolge razdalje, pod pogojem, da je na voljo dobro na\u010drtovana infrastruktura za polnjenje.<span class=\"inline-flex\" data-state=\"closed\">\u200b<\/span><\/p>\n<ul>\n<li class=\"my-2 [&amp;+p]:mt-4 [&amp;_strong:has(+br)]:inline-block [&amp;_strong:has(+br)]:pb-2\"><strong>Karoserija shooting brake skoraj 5,2 metra<\/strong>, s poudarkom na luksuznem grand touringu.<span class=\"inline-flex\" aria-label=\"Denza Z9GT 2025: vse cene, ponudbe in razli\u010dice - Motor.eswww.motor.es \u203a denza\" data-state=\"closed\">\u200b<\/span><\/li>\n<li class=\"my-2 [&amp;+p]:mt-4 [&amp;_strong:has(+br)]:inline-block [&amp;_strong:has(+br)]:pb-2\"><strong>BEV (100% elektri\u010dne)<\/strong> in <strong>PHEV<\/strong> razli\u010dice z visokimi zmogljivostmi, obe z vsemi kolesi pogonom.<span class=\"inline-flex\" data-state=\"closed\">\u200b<\/span><\/li>\n<li class=\"my-2 [&amp;+p]:mt-4 [&amp;_strong:has(+br)]:inline-block [&amp;_strong:has(+br)]:pb-2\"><strong>Mo\u010d do 965 KM<\/strong> in baterija okoli <strong>100 kWh<\/strong> v elektri\u010dni razli\u010dici.<span class=\"inline-flex\" aria-label=\"Zgodovina Denza: luksuzna blagovna znamka BYD prehaja iz izvora z Mercedesom v konkurenta\" data-state=\"closed\">\u200b<\/span><\/li>\n<li class=\"my-2 [&amp;+p]:mt-4 [&amp;_strong:has(+br)]:inline-block [&amp;_strong:has(+br)]:pb-2\"><strong>Dolge avtonomije<\/strong>, ki zahtevajo mo\u010dne in dobro dimenzionirane polnilne to\u010dke.<\/li>\n<\/ul>\n<p><span class=\"inline-flex\" data-state=\"closed\"><img decoding=\"async\" class=\"alignnone size-full wp-image-292440\" src=\"https:\/\/v2charge.com\/wp-content\/uploads\/2025\/12\/denza-z9-gt-price-electric-car-interior-luxury-byd-mercedes.jpg\" alt=\"Denza Z9 GT Novi luksuzni elektri\u010dni avto BYD in Mercedes\" width=\"960\" height=\"560\" srcset=\"https:\/\/v2charge.com\/wp-content\/uploads\/2025\/12\/denza-z9-gt-price-electric-car-interior-luxury-byd-mercedes.jpg 960w, https:\/\/v2charge.com\/wp-content\/uploads\/2025\/12\/denza-z9-gt-price-electric-car-interior-luxury-byd-mercedes-300x175.jpg 300w, https:\/\/v2charge.com\/wp-content\/uploads\/2025\/12\/denza-z9-gt-price-electric-car-interior-luxury-byd-mercedes-768x448.jpg 768w, https:\/\/v2charge.com\/wp-content\/uploads\/2025\/12\/denza-z9-gt-price-electric-car-interior-luxury-byd-mercedes-50x29.jpg 50w\" sizes=\"(max-width: 960px) 100vw, 960px\" \/>\u200b<\/span><\/p>\n<p class=\"my-2 [&amp;+p]:mt-4 [&amp;_strong:has(+br)]:inline-block [&amp;_strong:has(+br)]:pb-2\">Kot strokovnjaki za infrastrukturo v V2C oblikujemo vsak <strong>polnilec za elektri\u010dne avtomobile<\/strong>, da izkoristimo te baterije velike kapacitete, z dinami\u010dnim nadzorom mo\u010di, napredno povezljivostjo in <strong>namestitvijo polnilca za elektri\u010dne avtomobile<\/strong>, ki jo izvede na\u0161a profesionalna mre\u017ea, pripravljena za stranke, ki si \u017eelijo Denza Z9 GT in ne \u017eelijo odstopiti od premium izku\u0161nje polnjenja v svojem vsakdanjem \u017eivljenju.<\/p>\n<h2 class=\"mb-2 mt-4 font-display font-semimedium text-base first:mt-0\">Kaj izstopa v oblikovanju in tehnologiji Denza Z9 GT?<\/h2>\n<p class=\"my-2 [&amp;+p]:mt-4 [&amp;_strong:has(+br)]:inline-block [&amp;_strong:has(+br)]:pb-2\">Nov<strong>Denza Z9 GT<\/strong> zdru\u017euje linije<strong> \u0161portnega shooting brake-a<\/strong>, notranji luksuz in dvojno mehaniko, elektri\u010dno in priklju\u010dno hibridno, ki predstavlja prelomnico v ponudbi BYD.<\/p>\n<p class=\"my-2 [&amp;+p]:mt-4 [&amp;_strong:has(+br)]:inline-block [&amp;_strong:has(+br)]:pb-2\">Na zunaj je opazna nizka in aerodinami\u010dna silhueta, s proporcijami, ki uravnavajo eleganco in zmogljivost. Oblikovanje, ki ga je podpisal<strong> Wolfgang Egger<\/strong>, ohranja stilisti\u010dno doslednost, usklajeno z vizijo nove premium mobilnosti. Znotraj je pozornost usmerjena v udobje in povezljivost, s petimi prostornimi sede\u017ei, prtlja\u017enikom s prostornino 488 litrov in materiali visoke kakovosti.<\/p>\n<p class=\"my-2 [&amp;+p]:mt-4 [&amp;_strong:has(+br)]:inline-block [&amp;_strong:has(+br)]:pb-2\"><strong>Klju\u010dni vidiki:<\/strong><\/p>\n<ul>\n<li class=\"my-2 [&amp;+p]:mt-4 [&amp;_strong:has(+br)]:inline-block [&amp;_strong:has(+br)]:pb-2\">Oblikovanje Shooting Brake z vsemi kolesi pogonom.<\/li>\n<li class=\"my-2 [&amp;+p]:mt-4 [&amp;_strong:has(+br)]:inline-block [&amp;_strong:has(+br)]:pb-2\">Platforma E3 z visoko togostjo in nizkim te\u017ei\u0161\u010dem.<\/li>\n<li class=\"my-2 [&amp;+p]:mt-4 [&amp;_strong:has(+br)]:inline-block [&amp;_strong:has(+br)]:pb-2\">Tehnolo\u0161ka notranjost, ki vklju\u010duje panoramske zaslone in asistirano vo\u017enjo.<\/li>\n<li class=\"my-2 [&amp;+p]:mt-4 [&amp;_strong:has(+br)]:inline-block [&amp;_strong:has(+br)]:pb-2\">Mo\u017enosti BEV in PHEV za razli\u010dne uporabni\u0161ke profile.<\/li>\n<\/ul>\n<p class=\"my-2 [&amp;+p]:mt-4 [&amp;_strong:has(+br)]:inline-block [&amp;_strong:has(+br)]:pb-2\">Navdu\u0161enci nad elektrifikacijo bodo v tem modelu na\u0161li idealnega spremljevalca za dolge poti in izku\u0161njo tihe in mo\u010dne vo\u017enje. In, kot vedno v V2C, se spomnimo, da energetska u\u010dinkovitost ne kon\u010da z vozilom: postopek polnjenja je prav tako pomemben. Zato oblikujemo<strong> pametne polnilce za elektri\u010dne avtomobile<\/strong>, ki komunicirajo z omre\u017ejem, \u0161\u010ditijo doma\u010de napajanje in zmanj\u0161ujejo porabo na minimum z na\u0161im sistemom<strong><a href=\"https:\/\/v2charge.com\/sl\/ecocharging-sl\/\">EcoCharging<\/a><\/strong>.<\/p>\n<p><img decoding=\"async\" class=\"alignnone size-full wp-image-292451\" src=\"https:\/\/v2charge.com\/wp-content\/uploads\/2025\/12\/denza-z9-gt-price-electric-car-luxury-byd-mercedes-back.jpg\" alt=\"Denza Z9 GT Novi luksuzni elektri\u010dni avto BYD in Mercedes\" width=\"960\" height=\"560\" srcset=\"https:\/\/v2charge.com\/wp-content\/uploads\/2025\/12\/denza-z9-gt-price-electric-car-luxury-byd-mercedes-back.jpg 960w, https:\/\/v2charge.com\/wp-content\/uploads\/2025\/12\/denza-z9-gt-price-electric-car-luxury-byd-mercedes-back-300x175.jpg 300w, https:\/\/v2charge.com\/wp-content\/uploads\/2025\/12\/denza-z9-gt-price-electric-car-luxury-byd-mercedes-back-768x448.jpg 768w, https:\/\/v2charge.com\/wp-content\/uploads\/2025\/12\/denza-z9-gt-price-electric-car-luxury-byd-mercedes-back-50x29.jpg 50w\" sizes=\"(max-width: 960px) 100vw, 960px\" \/><\/p>\n<h2 class=\"mb-2 mt-4 font-display font-semimedium text-base first:mt-0\">Zakaj Denza Z9 GT predstavlja prihodnost elektri\u010dnega luksuza?<\/h2>\n<p class=\"my-2 [&amp;+p]:mt-4 [&amp;_strong:has(+br)]:inline-block [&amp;_strong:has(+br)]:pb-2\"><strong>BYD Denza Z9 GT<\/strong> ni le korak naprej v elektri\u010dni in\u017eeniring, temve\u010d tudi odraz, kako se trg razvija. Njegova superiorna avtonomija, hitra polnitev do <strong>1.000 kW<\/strong> in \u0161portne zmogljivosti ga postavljajo med vodilne v pametni mobilnosti.<\/p>\n<p class=\"my-2 [&amp;+p]:mt-4 [&amp;_strong:has(+br)]:inline-block [&amp;_strong:has(+br)]:pb-2\">V V2C opa\u017eamo, da ta trend, vozila z ve\u010djo kapaciteto polnjenja in baterijami z visoko energijsko gostoto, revolucionira doma\u010do elektri\u010dno infrastrukturo. Na\u0161i<strong> sistemi za<\/strong> <strong>polnjenje<\/strong> vklju\u010dujejo upravljanje z energijo, popolno povezljivost in univerzalno zdru\u017eljivost z modeli, kot je Denza Z9 GT, kar omogo\u010da popolno optimizacijo v stanovanjskih in poslovnih okoljih.<\/p>\n<p class=\"my-2 [&amp;+p]:mt-4 [&amp;_strong:has(+br)]:inline-block [&amp;_strong:has(+br)]:pb-2\"><strong>Izpostavljene prednosti premium elektrifikacije:<\/strong><\/p>\n<ul>\n<li class=\"my-2 [&amp;+p]:mt-4 [&amp;_strong:has(+br)]:inline-block [&amp;_strong:has(+br)]:pb-2\">Ni\u010d lokalnih emisij in dav\u010dne olaj\u0161ave (Okoljski znak 0).<\/li>\n<li class=\"my-2 [&amp;+p]:mt-4 [&amp;_strong:has(+br)]:inline-block [&amp;_strong:has(+br)]:pb-2\">Manj\u0161i operativni stro\u0161ki v primerjavi z motorji z notranjim zgorevanjem.<\/li>\n<li class=\"my-2 [&amp;+p]:mt-4 [&amp;_strong:has(+br)]:inline-block [&amp;_strong:has(+br)]:pb-2\">Dostop do<strong> subvencij za namestitev polnilca za elektri\u010dne avtomobile<\/strong>.<\/li>\n<li class=\"my-2 [&amp;+p]:mt-4 [&amp;_strong:has(+br)]:inline-block [&amp;_strong:has(+br)]:pb-2\">Zdru\u017eljivost s programi<strong> subvencij za nakup elektri\u010dnega motocikla<\/strong> in<strong> subvencij za nakup hibridnega avtomobila<\/strong>, ki jih upravlja nacionalno.<\/li>\n<\/ul>\n<h2 class=\"mb-2 mt-4 font-display font-semimedium text-base first:mt-0\">Mobilnost visoke ravni se tudi polni s \u0161pansko tehnologijo<\/h2>\n<p class=\"my-2 [&amp;+p]:mt-4 [&amp;_strong:has(+br)]:inline-block [&amp;_strong:has(+br)]:pb-2\">Prihod<strong>Denza Z9 GT<\/strong> potrjuje, da bo prihodnost elektri\u010dne mobilnosti tako ekskluzivna kot u\u010dinkovita. V V2C to vemo, ker spremljamo posameznike in podjetja pri tej tehnolo\u0161ki spremembi s lokalno izdelanimi re\u0161itvami za polnjenje.<\/p>\n<p class=\"my-2 [&amp;+p]:mt-4 [&amp;_strong:has(+br)]:inline-block [&amp;_strong:has(+br)]:pb-2\">Na\u0161 nasvet: danes najdite svoj <a href=\"https:\/\/v2charge.com\/sl\/najdi-svojega-in-talaterja\/\"><strong>namestitelj polnilne to\u010dke<\/strong><\/a> v na\u0161i mre\u017ei namestiteljev V2C in se pripravite na u\u017eivanje v elektri\u010dnem delovanju z vso mo\u010djo in varnostjo, ki si jo zaslu\u017ei va\u0161 nov avto.<\/p>\n<figure class=\"wp-block-image\"><a href=\"https:\/\/v2charge.com\/sl\/store\/es\/producto\/trydan\/\"><img decoding=\"async\" width=\"818\" height=\"818\" src=\"https:\/\/v2charge.com\/wp-content\/uploads\/2025\/08\/cargador-coche-electrico-mas-inteligente-descubre-trydan.jpg\" alt=\"\" class=\"wp-image-244163\" srcset=\"https:\/\/v2charge.com\/wp-content\/uploads\/2025\/08\/cargador-coche-electrico-mas-inteligente-descubre-trydan.jpg 818w, https:\/\/v2charge.com\/wp-content\/uploads\/2025\/08\/cargador-coche-electrico-mas-inteligente-descubre-trydan-300x300.jpg 300w, https:\/\/v2charge.com\/wp-content\/uploads\/2025\/08\/cargador-coche-electrico-mas-inteligente-descubre-trydan-150x150.jpg 150w, https:\/\/v2charge.com\/wp-content\/uploads\/2025\/08\/cargador-coche-electrico-mas-inteligente-descubre-trydan-768x768.jpg 768w, https:\/\/v2charge.com\/wp-content\/uploads\/2025\/08\/cargador-coche-electrico-mas-inteligente-descubre-trydan-50x50.jpg 50w\" sizes=\"(max-width: 818px) 100vw, 818px\" \/><\/a><\/figure>\n","protected":false},"excerpt":{"rendered":"<p>Evropa se pripravlja na sprejem nove generacije elektri\u010dnih avtomobilov, novi Denza Z9 GT pa se pojavlja kot eden najbolj pri\u010dakovanih modelov leta, v sodelovanju s priznano blagovno znamko BYD. Po napovedih sektorja se bo premium segment elektri\u010dnih avtomobilov med letoma 2025 in 2027 pove\u010dal za 35 %, ta model pa prihaja pripravljen voditi to prehodno &#8230; <a title=\"Denza Z9 GT: Nov luksuzni elektri\u010dni avto BYD in Mercedes\" class=\"read-more\" href=\"https:\/\/v2charge.com\/sl\/denza-z9-gt-nov-luksuzni-elektri-ni-avto-byd-in-mercedes\/\" aria-label=\"Read more about Denza Z9 GT: Nov luksuzni elektri\u010dni avto BYD in Mercedes\">Read more<\/a><\/p>\n","protected":false},"author":400,"featured_media":292418,"comment_status":"closed","ping_status":"closed","sticky":false,"template":"","format":"standard","meta":{"_eb_attr":"","content-type":"","_uag_custom_page_level_css":"","footnotes":""},"categories":[],"tags":[],"class_list":["post-313239","post","type-post","status-publish","format-standard","has-post-thumbnail","hentry"],"yoast_head":"<!-- This site is optimized with the Yoast SEO plugin v25.3.1 - https:\/\/yoast.com\/wordpress\/plugins\/seo\/ -->\n<title>Denza Z9 GT: Nov luksuzni elektri\u010dni avto BYD in Mercedes<\/title>\n<meta name=\"description\" content=\"Denza Z9 GT vstopa na trg leta 2026 s cenami od 75.000\u20ac, 965 KM in 600 km dosega. Odkrijte nov luksuzni elektri\u010dni avto BYD.\" \/>\n<meta name=\"robots\" content=\"index, follow, max-snippet:-1, max-image-preview:large, max-video-preview:-1\" \/>\n<link rel=\"canonical\" href=\"https:\/\/v2charge.com\/sl\/denza-z9-gt-nov-luksuzni-elektri-ni-avto-byd-in-mercedes\/\" \/>\n<meta property=\"og:locale\" content=\"sl_SI\" \/>\n<meta property=\"og:type\" content=\"article\" \/>\n<meta property=\"og:title\" content=\"Denza Z9 GT: Nov luksuzni elektri\u010dni avto BYD in Mercedes\" \/>\n<meta property=\"og:description\" content=\"Denza Z9 GT vstopa na trg leta 2026 s cenami od 75.000\u20ac, 965 KM in 600 km dosega. Odkrijte nov luksuzni elektri\u010dni avto BYD.\" \/>\n<meta property=\"og:url\" content=\"https:\/\/v2charge.com\/sl\/denza-z9-gt-nov-luksuzni-elektri-ni-avto-byd-in-mercedes\/\" \/>\n<meta property=\"og:site_name\" content=\"V2C\" \/>\n<meta property=\"article:publisher\" content=\"https:\/\/www.facebook.com\/V2C.Charge\" \/>\n<meta property=\"article:published_time\" content=\"2025-12-26T07:30:00+00:00\" \/>\n<meta property=\"og:image\" content=\"https:\/\/v2charge.com\/wp-content\/uploads\/2025\/12\/denza-z9-gt-price-electric-car-luxury-byd-mercedes.jpg\" \/>\n\t<meta property=\"og:image:width\" content=\"960\" \/>\n\t<meta property=\"og:image:height\" content=\"560\" \/>\n\t<meta property=\"og:image:type\" content=\"image\/jpeg\" \/>\n<meta name=\"author\" content=\"V2C\" \/>\n<meta name=\"twitter:card\" content=\"summary_large_image\" \/>\n<meta name=\"twitter:creator\" content=\"@V2C_Charge\" \/>\n<meta name=\"twitter:site\" content=\"@V2C_Charge\" \/>\n<meta name=\"twitter:label1\" content=\"Written by\" \/>\n\t<meta name=\"twitter:data1\" content=\"V2C\" \/>\n\t<meta name=\"twitter:label2\" content=\"Est. reading time\" \/>\n\t<meta name=\"twitter:data2\" content=\"7 minut\" \/>\n<script type=\"application\/ld+json\" class=\"yoast-schema-graph\">{\"@context\":\"https:\/\/schema.org\",\"@graph\":[{\"@type\":\"Article\",\"@id\":\"https:\/\/v2charge.com\/sl\/denza-z9-gt-nov-luksuzni-elektri-ni-avto-byd-in-mercedes\/#article\",\"isPartOf\":{\"@id\":\"https:\/\/v2charge.com\/sl\/denza-z9-gt-nov-luksuzni-elektri-ni-avto-byd-in-mercedes\/\"},\"author\":{\"name\":\"V2C\",\"@id\":\"https:\/\/v2charge.com\/sl\/#\/schema\/person\/d6f210a94a856acdddec347b2127fd0f\"},\"headline\":\"Denza Z9 GT: Nov luksuzni elektri\u010dni avto BYD in Mercedes\",\"datePublished\":\"2025-12-26T07:30:00+00:00\",\"mainEntityOfPage\":{\"@id\":\"https:\/\/v2charge.com\/sl\/denza-z9-gt-nov-luksuzni-elektri-ni-avto-byd-in-mercedes\/\"},\"wordCount\":1166,\"publisher\":{\"@id\":\"https:\/\/v2charge.com\/sl\/#organization\"},\"image\":{\"@id\":\"https:\/\/v2charge.com\/sl\/denza-z9-gt-nov-luksuzni-elektri-ni-avto-byd-in-mercedes\/#primaryimage\"},\"thumbnailUrl\":\"https:\/\/v2charge.com\/wp-content\/uploads\/2025\/12\/denza-z9-gt-price-electric-car-luxury-byd-mercedes.jpg\",\"inLanguage\":\"sl-SI\"},{\"@type\":\"WebPage\",\"@id\":\"https:\/\/v2charge.com\/sl\/denza-z9-gt-nov-luksuzni-elektri-ni-avto-byd-in-mercedes\/\",\"url\":\"https:\/\/v2charge.com\/sl\/denza-z9-gt-nov-luksuzni-elektri-ni-avto-byd-in-mercedes\/\",\"name\":\"Denza Z9 GT: Nov luksuzni elektri\u010dni avto BYD in Mercedes\",\"isPartOf\":{\"@id\":\"https:\/\/v2charge.com\/sl\/#website\"},\"primaryImageOfPage\":{\"@id\":\"https:\/\/v2charge.com\/sl\/denza-z9-gt-nov-luksuzni-elektri-ni-avto-byd-in-mercedes\/#primaryimage\"},\"image\":{\"@id\":\"https:\/\/v2charge.com\/sl\/denza-z9-gt-nov-luksuzni-elektri-ni-avto-byd-in-mercedes\/#primaryimage\"},\"thumbnailUrl\":\"https:\/\/v2charge.com\/wp-content\/uploads\/2025\/12\/denza-z9-gt-price-electric-car-luxury-byd-mercedes.jpg\",\"datePublished\":\"2025-12-26T07:30:00+00:00\",\"description\":\"Denza Z9 GT vstopa na trg leta 2026 s cenami od 75.000\u20ac, 965 KM in 600 km dosega. Odkrijte nov luksuzni elektri\u010dni avto BYD.\",\"breadcrumb\":{\"@id\":\"https:\/\/v2charge.com\/sl\/denza-z9-gt-nov-luksuzni-elektri-ni-avto-byd-in-mercedes\/#breadcrumb\"},\"inLanguage\":\"sl-SI\",\"potentialAction\":[{\"@type\":\"ReadAction\",\"target\":[\"https:\/\/v2charge.com\/sl\/denza-z9-gt-nov-luksuzni-elektri-ni-avto-byd-in-mercedes\/\"]}]},{\"@type\":\"ImageObject\",\"inLanguage\":\"sl-SI\",\"@id\":\"https:\/\/v2charge.com\/sl\/denza-z9-gt-nov-luksuzni-elektri-ni-avto-byd-in-mercedes\/#primaryimage\",\"url\":\"https:\/\/v2charge.com\/wp-content\/uploads\/2025\/12\/denza-z9-gt-price-electric-car-luxury-byd-mercedes.jpg\",\"contentUrl\":\"https:\/\/v2charge.com\/wp-content\/uploads\/2025\/12\/denza-z9-gt-price-electric-car-luxury-byd-mercedes.jpg\",\"width\":960,\"height\":560,\"caption\":\"Denza Z9 GT El Nuevo coche el\u00e9ctrico de lujo de BYD y Mercedes\"},{\"@type\":\"BreadcrumbList\",\"@id\":\"https:\/\/v2charge.com\/sl\/denza-z9-gt-nov-luksuzni-elektri-ni-avto-byd-in-mercedes\/#breadcrumb\",\"itemListElement\":[{\"@type\":\"ListItem\",\"position\":1,\"name\":\"V2C\",\"item\":\"https:\/\/v2charge.com\/sl\/\"},{\"@type\":\"ListItem\",\"position\":2,\"name\":\"Coches el\u00e9ctricos\",\"item\":\"https:\/\/v2charge.com\/es\/coches-electricos\/\"},{\"@type\":\"ListItem\",\"position\":3,\"name\":\"Denza Z9 GT: Nov luksuzni elektri\u010dni avto BYD in Mercedes\"}]},{\"@type\":\"WebSite\",\"@id\":\"https:\/\/v2charge.com\/sl\/#website\",\"url\":\"https:\/\/v2charge.com\/sl\/\",\"name\":\"V2C\",\"description\":\"#CargandoElMa\u00f1ana\",\"publisher\":{\"@id\":\"https:\/\/v2charge.com\/sl\/#organization\"},\"potentialAction\":[{\"@type\":\"SearchAction\",\"target\":{\"@type\":\"EntryPoint\",\"urlTemplate\":\"https:\/\/v2charge.com\/sl\/?s={search_term_string}\"},\"query-input\":{\"@type\":\"PropertyValueSpecification\",\"valueRequired\":true,\"valueName\":\"search_term_string\"}}],\"inLanguage\":\"sl-SI\"},{\"@type\":\"Organization\",\"@id\":\"https:\/\/v2charge.com\/sl\/#organization\",\"name\":\"V2C\",\"url\":\"https:\/\/v2charge.com\/sl\/\",\"logo\":{\"@type\":\"ImageObject\",\"inLanguage\":\"sl-SI\",\"@id\":\"https:\/\/v2charge.com\/sl\/#\/schema\/logo\/image\/\",\"url\":\"https:\/\/v2charge.com\/wp-content\/uploads\/2024\/11\/cropped-v2c-charge-logo-menu.png\",\"contentUrl\":\"https:\/\/v2charge.com\/wp-content\/uploads\/2024\/11\/cropped-v2c-charge-logo-menu.png\",\"width\":984,\"height\":431,\"caption\":\"V2C\"},\"image\":{\"@id\":\"https:\/\/v2charge.com\/sl\/#\/schema\/logo\/image\/\"},\"sameAs\":[\"https:\/\/www.facebook.com\/V2C.Charge\",\"https:\/\/x.com\/V2C_Charge\",\"https:\/\/www.instagram.com\/v2c.charge\/\",\"https:\/\/www.youtube.com\/@V2C\",\"https:\/\/www.linkedin.com\/company\/v2c-chargers\/\"]},{\"@type\":\"Person\",\"@id\":\"https:\/\/v2charge.com\/sl\/#\/schema\/person\/d6f210a94a856acdddec347b2127fd0f\",\"name\":\"V2C\",\"image\":{\"@type\":\"ImageObject\",\"inLanguage\":\"sl-SI\",\"@id\":\"https:\/\/v2charge.com\/sl\/#\/schema\/person\/image\/\",\"url\":\"https:\/\/secure.gravatar.com\/avatar\/a91128c4c0d2f4d63bd586301fdec6cc9aa49c885839b25d1c62700f529f267c?s=96&d=mm&r=g\",\"contentUrl\":\"https:\/\/secure.gravatar.com\/avatar\/a91128c4c0d2f4d63bd586301fdec6cc9aa49c885839b25d1c62700f529f267c?s=96&d=mm&r=g\",\"caption\":\"V2C\"}}]}<\/script>\n<!-- \/ Yoast SEO plugin. -->","yoast_head_json":{"title":"Denza Z9 GT: Nov luksuzni elektri\u010dni avto BYD in Mercedes","description":"Denza Z9 GT vstopa na trg leta 2026 s cenami od 75.000\u20ac, 965 KM in 600 km dosega. Odkrijte nov luksuzni elektri\u010dni avto BYD.","robots":{"index":"index","follow":"follow","max-snippet":"max-snippet:-1","max-image-preview":"max-image-preview:large","max-video-preview":"max-video-preview:-1"},"canonical":"https:\/\/v2charge.com\/sl\/denza-z9-gt-nov-luksuzni-elektri-ni-avto-byd-in-mercedes\/","og_locale":"sl_SI","og_type":"article","og_title":"Denza Z9 GT: Nov luksuzni elektri\u010dni avto BYD in Mercedes","og_description":"Denza Z9 GT vstopa na trg leta 2026 s cenami od 75.000\u20ac, 965 KM in 600 km dosega. Odkrijte nov luksuzni elektri\u010dni avto BYD.","og_url":"https:\/\/v2charge.com\/sl\/denza-z9-gt-nov-luksuzni-elektri-ni-avto-byd-in-mercedes\/","og_site_name":"V2C","article_publisher":"https:\/\/www.facebook.com\/V2C.Charge","article_published_time":"2025-12-26T07:30:00+00:00","og_image":[{"width":960,"height":560,"url":"https:\/\/v2charge.com\/wp-content\/uploads\/2025\/12\/denza-z9-gt-price-electric-car-luxury-byd-mercedes.jpg","type":"image\/jpeg"}],"author":"V2C","twitter_card":"summary_large_image","twitter_creator":"@V2C_Charge","twitter_site":"@V2C_Charge","twitter_misc":{"Written by":"V2C","Est. reading time":"7 minut"},"schema":{"@context":"https:\/\/schema.org","@graph":[{"@type":"Article","@id":"https:\/\/v2charge.com\/sl\/denza-z9-gt-nov-luksuzni-elektri-ni-avto-byd-in-mercedes\/#article","isPartOf":{"@id":"https:\/\/v2charge.com\/sl\/denza-z9-gt-nov-luksuzni-elektri-ni-avto-byd-in-mercedes\/"},"author":{"name":"V2C","@id":"https:\/\/v2charge.com\/sl\/#\/schema\/person\/d6f210a94a856acdddec347b2127fd0f"},"headline":"Denza Z9 GT: Nov luksuzni elektri\u010dni avto BYD in Mercedes","datePublished":"2025-12-26T07:30:00+00:00","mainEntityOfPage":{"@id":"https:\/\/v2charge.com\/sl\/denza-z9-gt-nov-luksuzni-elektri-ni-avto-byd-in-mercedes\/"},"wordCount":1166,"publisher":{"@id":"https:\/\/v2charge.com\/sl\/#organization"},"image":{"@id":"https:\/\/v2charge.com\/sl\/denza-z9-gt-nov-luksuzni-elektri-ni-avto-byd-in-mercedes\/#primaryimage"},"thumbnailUrl":"https:\/\/v2charge.com\/wp-content\/uploads\/2025\/12\/denza-z9-gt-price-electric-car-luxury-byd-mercedes.jpg","inLanguage":"sl-SI"},{"@type":"WebPage","@id":"https:\/\/v2charge.com\/sl\/denza-z9-gt-nov-luksuzni-elektri-ni-avto-byd-in-mercedes\/","url":"https:\/\/v2charge.com\/sl\/denza-z9-gt-nov-luksuzni-elektri-ni-avto-byd-in-mercedes\/","name":"Denza Z9 GT: Nov luksuzni elektri\u010dni avto BYD in Mercedes","isPartOf":{"@id":"https:\/\/v2charge.com\/sl\/#website"},"primaryImageOfPage":{"@id":"https:\/\/v2charge.com\/sl\/denza-z9-gt-nov-luksuzni-elektri-ni-avto-byd-in-mercedes\/#primaryimage"},"image":{"@id":"https:\/\/v2charge.com\/sl\/denza-z9-gt-nov-luksuzni-elektri-ni-avto-byd-in-mercedes\/#primaryimage"},"thumbnailUrl":"https:\/\/v2charge.com\/wp-content\/uploads\/2025\/12\/denza-z9-gt-price-electric-car-luxury-byd-mercedes.jpg","datePublished":"2025-12-26T07:30:00+00:00","description":"Denza Z9 GT vstopa na trg leta 2026 s cenami od 75.000\u20ac, 965 KM in 600 km dosega. Odkrijte nov luksuzni elektri\u010dni avto BYD.","breadcrumb":{"@id":"https:\/\/v2charge.com\/sl\/denza-z9-gt-nov-luksuzni-elektri-ni-avto-byd-in-mercedes\/#breadcrumb"},"inLanguage":"sl-SI","potentialAction":[{"@type":"ReadAction","target":["https:\/\/v2charge.com\/sl\/denza-z9-gt-nov-luksuzni-elektri-ni-avto-byd-in-mercedes\/"]}]},{"@type":"ImageObject","inLanguage":"sl-SI","@id":"https:\/\/v2charge.com\/sl\/denza-z9-gt-nov-luksuzni-elektri-ni-avto-byd-in-mercedes\/#primaryimage","url":"https:\/\/v2charge.com\/wp-content\/uploads\/2025\/12\/denza-z9-gt-price-electric-car-luxury-byd-mercedes.jpg","contentUrl":"https:\/\/v2charge.com\/wp-content\/uploads\/2025\/12\/denza-z9-gt-price-electric-car-luxury-byd-mercedes.jpg","width":960,"height":560,"caption":"Denza Z9 GT El Nuevo coche el\u00e9ctrico de lujo de BYD y Mercedes"},{"@type":"BreadcrumbList","@id":"https:\/\/v2charge.com\/sl\/denza-z9-gt-nov-luksuzni-elektri-ni-avto-byd-in-mercedes\/#breadcrumb","itemListElement":[{"@type":"ListItem","position":1,"name":"V2C","item":"https:\/\/v2charge.com\/sl\/"},{"@type":"ListItem","position":2,"name":"Coches el\u00e9ctricos","item":"https:\/\/v2charge.com\/es\/coches-electricos\/"},{"@type":"ListItem","position":3,"name":"Denza Z9 GT: Nov luksuzni elektri\u010dni avto BYD in Mercedes"}]},{"@type":"WebSite","@id":"https:\/\/v2charge.com\/sl\/#website","url":"https:\/\/v2charge.com\/sl\/","name":"V2C","description":"#CargandoElMa\u00f1ana","publisher":{"@id":"https:\/\/v2charge.com\/sl\/#organization"},"potentialAction":[{"@type":"SearchAction","target":{"@type":"EntryPoint","urlTemplate":"https:\/\/v2charge.com\/sl\/?s={search_term_string}"},"query-input":{"@type":"PropertyValueSpecification","valueRequired":true,"valueName":"search_term_string"}}],"inLanguage":"sl-SI"},{"@type":"Organization","@id":"https:\/\/v2charge.com\/sl\/#organization","name":"V2C","url":"https:\/\/v2charge.com\/sl\/","logo":{"@type":"ImageObject","inLanguage":"sl-SI","@id":"https:\/\/v2charge.com\/sl\/#\/schema\/logo\/image\/","url":"https:\/\/v2charge.com\/wp-content\/uploads\/2024\/11\/cropped-v2c-charge-logo-menu.png","contentUrl":"https:\/\/v2charge.com\/wp-content\/uploads\/2024\/11\/cropped-v2c-charge-logo-menu.png","width":984,"height":431,"caption":"V2C"},"image":{"@id":"https:\/\/v2charge.com\/sl\/#\/schema\/logo\/image\/"},"sameAs":["https:\/\/www.facebook.com\/V2C.Charge","https:\/\/x.com\/V2C_Charge","https:\/\/www.instagram.com\/v2c.charge\/","https:\/\/www.youtube.com\/@V2C","https:\/\/www.linkedin.com\/company\/v2c-chargers\/"]},{"@type":"Person","@id":"https:\/\/v2charge.com\/sl\/#\/schema\/person\/d6f210a94a856acdddec347b2127fd0f","name":"V2C","image":{"@type":"ImageObject","inLanguage":"sl-SI","@id":"https:\/\/v2charge.com\/sl\/#\/schema\/person\/image\/","url":"https:\/\/secure.gravatar.com\/avatar\/a91128c4c0d2f4d63bd586301fdec6cc9aa49c885839b25d1c62700f529f267c?s=96&d=mm&r=g","contentUrl":"https:\/\/secure.gravatar.com\/avatar\/a91128c4c0d2f4d63bd586301fdec6cc9aa49c885839b25d1c62700f529f267c?s=96&d=mm&r=g","caption":"V2C"}}]}},"uagb_featured_image_src":{"full":["https:\/\/v2charge.com\/wp-content\/uploads\/2025\/12\/denza-z9-gt-price-electric-car-luxury-byd-mercedes.jpg",960,560,false],"thumbnail":["https:\/\/v2charge.com\/wp-content\/uploads\/2025\/12\/denza-z9-gt-price-electric-car-luxury-byd-mercedes-150x150.jpg",150,150,true],"medium":["https:\/\/v2charge.com\/wp-content\/uploads\/2025\/12\/denza-z9-gt-price-electric-car-luxury-byd-mercedes-300x175.jpg",300,175,true],"medium_large":["https:\/\/v2charge.com\/wp-content\/uploads\/2025\/12\/denza-z9-gt-price-electric-car-luxury-byd-mercedes-768x448.jpg",768,448,true],"large":["https:\/\/v2charge.com\/wp-content\/uploads\/2025\/12\/denza-z9-gt-price-electric-car-luxury-byd-mercedes.jpg",960,560,false],"gs-tiny":["https:\/\/v2charge.com\/wp-content\/uploads\/2025\/12\/denza-z9-gt-price-electric-car-luxury-byd-mercedes-50x29.jpg",50,29,true],"xl":["https:\/\/v2charge.com\/wp-content\/uploads\/2025\/12\/denza-z9-gt-price-electric-car-luxury-byd-mercedes.jpg",960,560,false],"xxl":["https:\/\/v2charge.com\/wp-content\/uploads\/2025\/12\/denza-z9-gt-price-electric-car-luxury-byd-mercedes.jpg",960,560,false],"xxxl":["https:\/\/v2charge.com\/wp-content\/uploads\/2025\/12\/denza-z9-gt-price-electric-car-luxury-byd-mercedes.jpg",960,560,false],"xxxxl":["https:\/\/v2charge.com\/wp-content\/uploads\/2025\/12\/denza-z9-gt-price-electric-car-luxury-byd-mercedes.jpg",960,560,false],"xxxxxl":["https:\/\/v2charge.com\/wp-content\/uploads\/2025\/12\/denza-z9-gt-price-electric-car-luxury-byd-mercedes.jpg",960,560,false],"1536x1536":["https:\/\/v2charge.com\/wp-content\/uploads\/2025\/12\/denza-z9-gt-price-electric-car-luxury-byd-mercedes.jpg",960,560,false],"2048x2048":["https:\/\/v2charge.com\/wp-content\/uploads\/2025\/12\/denza-z9-gt-price-electric-car-luxury-byd-mercedes.jpg",960,560,false]},"uagb_author_info":{"display_name":"V2C","author_link":"https:\/\/v2charge.com\/sl\/author\/marketing\/"},"uagb_comment_info":0,"uagb_excerpt":"Evropa se pripravlja na sprejem nove generacije elektri\u010dnih avtomobilov, novi Denza Z9 GT pa se pojavlja kot eden najbolj pri\u010dakovanih modelov leta, v sodelovanju s priznano blagovno znamko BYD. Po napovedih sektorja se bo premium segment elektri\u010dnih avtomobilov med letoma 2025 in 2027 pove\u010dal za 35 %, ta model pa prihaja pripravljen voditi to prehodno&hellip;","_links":{"self":[{"href":"https:\/\/v2charge.com\/sl\/wp-json\/wp\/v2\/posts\/313239","targetHints":{"allow":["GET"]}}],"collection":[{"href":"https:\/\/v2charge.com\/sl\/wp-json\/wp\/v2\/posts"}],"about":[{"href":"https:\/\/v2charge.com\/sl\/wp-json\/wp\/v2\/types\/post"}],"author":[{"embeddable":true,"href":"https:\/\/v2charge.com\/sl\/wp-json\/wp\/v2\/users\/400"}],"replies":[{"embeddable":true,"href":"https:\/\/v2charge.com\/sl\/wp-json\/wp\/v2\/comments?post=313239"}],"version-history":[{"count":0,"href":"https:\/\/v2charge.com\/sl\/wp-json\/wp\/v2\/posts\/313239\/revisions"}],"wp:featuredmedia":[{"embeddable":true,"href":"https:\/\/v2charge.com\/sl\/wp-json\/wp\/v2\/media\/292418"}],"wp:attachment":[{"href":"https:\/\/v2charge.com\/sl\/wp-json\/wp\/v2\/media?parent=313239"}],"wp:term":[{"taxonomy":"category","embeddable":true,"href":"https:\/\/v2charge.com\/sl\/wp-json\/wp\/v2\/categories?post=313239"},{"taxonomy":"post_tag","embeddable":true,"href":"https:\/\/v2charge.com\/sl\/wp-json\/wp\/v2\/tags?post=313239"}],"curies":[{"name":"wp","href":"https:\/\/api.w.org\/{rel}","templated":true}]}}